{"id":9725,"date":"2016-02-19T11:40:38","date_gmt":"2016-02-19T10:40:38","guid":{"rendered":"http:\/\/www.daniperezfotografia.es\/wordpress\/?p=9725"},"modified":"2020-05-18T20:24:50","modified_gmt":"2020-05-18T19:24:50","slug":"sesion-fotos-pareja-campo-las-naciones","status":"publish","type":"post","link":"https:\/\/www.daniperezfotografia.es\/wordpress\/parejas\/sesion-fotos-pareja-campo-las-naciones","title":{"rendered":"Preboda en Campo de las Naciones"},"content":{"rendered":"<p><img loading=\"lazy\" decoding=\"async\" class=\"aligncenter size-full wp-image-9756\" src=\"http:\/\/www.daniperezfotografia.es\/wordpress\/wp-content\/uploads\/2015\/11\/11-9725-post\/fotos-de-pareja-en-el-campo-de-las-naciones-00011.jpg\" alt=\"fotos de pareja en el campo de las naciones\" width=\"900\" height=\"599\" srcset=\"https:\/\/www.daniperezfotografia.es\/wordpress\/wp-content\/uploads\/2015\/11\/11-9725-post\/fotos-de-pareja-en-el-campo-de-las-naciones-00011.jpg 900w, https:\/\/www.daniperezfotografia.es\/wordpress\/wp-content\/uploads\/2015\/11\/11-9725-post\/fotos-de-pareja-en-el-campo-de-las-naciones-00011-750x499.jpg 750w\" sizes=\"auto, (max-width: 900px) 100vw, 900px\" \/><img loading=\"lazy\" decoding=\"async\" class=\"aligncenter size-full wp-image-9757\" src=\"http:\/\/www.daniperezfotografia.es\/wordpress\/wp-content\/uploads\/2015\/11\/11-9725-post\/fotos-de-pareja-en-el-campo-de-las-naciones-00021.jpg\" alt=\"fotos de pareja en el campo de las naciones\" width=\"900\" height=\"599\" srcset=\"https:\/\/www.daniperezfotografia.es\/wordpress\/wp-content\/uploads\/2015\/11\/11-9725-post\/fotos-de-pareja-en-el-campo-de-las-naciones-00021.jpg 900w, https:\/\/www.daniperezfotografia.es\/wordpress\/wp-content\/uploads\/2015\/11\/11-9725-post\/fotos-de-pareja-en-el-campo-de-las-naciones-00021-750x499.jpg 750w\" sizes=\"auto, (max-width: 900px) 100vw, 900px\" \/><img loading=\"lazy\" decoding=\"async\" class=\"aligncenter size-full wp-image-9758\" src=\"http:\/\/www.daniperezfotografia.es\/wordpress\/wp-content\/uploads\/2015\/11\/11-9725-post\/fotos-de-pareja-en-el-campo-de-las-naciones-00031.jpg\" alt=\"fotos de pareja en el campo de las naciones\" width=\"900\" height=\"599\" srcset=\"https:\/\/www.daniperezfotografia.es\/wordpress\/wp-content\/uploads\/2015\/11\/11-9725-post\/fotos-de-pareja-en-el-campo-de-las-naciones-00031.jpg 900w, https:\/\/www.daniperezfotografia.es\/wordpress\/wp-content\/uploads\/2015\/11\/11-9725-post\/fotos-de-pareja-en-el-campo-de-las-naciones-00031-750x499.jpg 750w\" sizes=\"auto, (max-width: 900px) 100vw, 900px\" \/><img loading=\"lazy\" decoding=\"async\" class=\"aligncenter size-full wp-image-9759\" src=\"http:\/\/www.daniperezfotografia.es\/wordpress\/wp-content\/uploads\/2015\/11\/11-9725-post\/fotos-de-pareja-en-el-campo-de-las-naciones-00041.jpg\" alt=\"fotos de pareja en el campo de las naciones\" width=\"900\" height=\"599\" srcset=\"https:\/\/www.daniperezfotografia.es\/wordpress\/wp-content\/uploads\/2015\/11\/11-9725-post\/fotos-de-pareja-en-el-campo-de-las-naciones-00041.jpg 900w, https:\/\/www.daniperezfotografia.es\/wordpress\/wp-content\/uploads\/2015\/11\/11-9725-post\/fotos-de-pareja-en-el-campo-de-las-naciones-00041-750x499.jpg 750w\" sizes=\"auto, (max-width: 900px) 100vw, 900px\" \/><img loading=\"lazy\" decoding=\"async\" class=\"aligncenter size-full wp-image-9762\" src=\"http:\/\/www.daniperezfotografia.es\/wordpress\/wp-content\/uploads\/2015\/11\/11-9725-post\/fotos-de-pareja-en-el-campo-de-las-naciones-00121.jpg\" alt=\"fotos de pareja en el campo de las naciones\" width=\"900\" height=\"599\" srcset=\"https:\/\/www.daniperezfotografia.es\/wordpress\/wp-content\/uploads\/2015\/11\/11-9725-post\/fotos-de-pareja-en-el-campo-de-las-naciones-00121.jpg 900w, https:\/\/www.daniperezfotografia.es\/wordpress\/wp-content\/uploads\/2015\/11\/11-9725-post\/fotos-de-pareja-en-el-campo-de-las-naciones-00121-750x499.jpg 750w\" sizes=\"auto, (max-width: 900px) 100vw, 900px\" \/><img loading=\"lazy\" decoding=\"async\" class=\"aligncenter size-full wp-image-9763\" src=\"http:\/\/www.daniperezfotografia.es\/wordpress\/wp-content\/uploads\/2015\/11\/11-9725-post\/fotos-de-pareja-en-el-campo-de-las-naciones-00141.jpg\" alt=\"fotos de pareja en el campo de las naciones\" width=\"900\" height=\"599\" srcset=\"https:\/\/www.daniperezfotografia.es\/wordpress\/wp-content\/uploads\/2015\/11\/11-9725-post\/fotos-de-pareja-en-el-campo-de-las-naciones-00141.jpg 900w, https:\/\/www.daniperezfotografia.es\/wordpress\/wp-content\/uploads\/2015\/11\/11-9725-post\/fotos-de-pareja-en-el-campo-de-las-naciones-00141-750x499.jpg 750w\" sizes=\"auto, (max-width: 900px) 100vw, 900px\" \/><img loading=\"lazy\" decoding=\"async\" class=\"aligncenter size-full wp-image-9764\" src=\"http:\/\/www.daniperezfotografia.es\/wordpress\/wp-content\/uploads\/2015\/11\/11-9725-post\/fotos-de-pareja-en-el-campo-de-las-naciones-00151.jpg\" alt=\"fotos de pareja en el campo de las naciones\" width=\"900\" height=\"599\" srcset=\"https:\/\/www.daniperezfotografia.es\/wordpress\/wp-content\/uploads\/2015\/11\/11-9725-post\/fotos-de-pareja-en-el-campo-de-las-naciones-00151.jpg 900w, https:\/\/www.daniperezfotografia.es\/wordpress\/wp-content\/uploads\/2015\/11\/11-9725-post\/fotos-de-pareja-en-el-campo-de-las-naciones-00151-750x499.jpg 750w\" sizes=\"auto, (max-width: 900px) 100vw, 900px\" \/><img loading=\"lazy\" decoding=\"async\" class=\"aligncenter size-full wp-image-9765\" src=\"http:\/\/www.daniperezfotografia.es\/wordpress\/wp-content\/uploads\/2015\/11\/11-9725-post\/fotos-de-pareja-en-el-campo-de-las-naciones-00171.jpg\" alt=\"fotos de pareja en el campo de las naciones\" width=\"900\" height=\"599\" srcset=\"https:\/\/www.daniperezfotografia.es\/wordpress\/wp-content\/uploads\/2015\/11\/11-9725-post\/fotos-de-pareja-en-el-campo-de-las-naciones-00171.jpg 900w, https:\/\/www.daniperezfotografia.es\/wordpress\/wp-content\/uploads\/2015\/11\/11-9725-post\/fotos-de-pareja-en-el-campo-de-las-naciones-00171-750x499.jpg 750w\" sizes=\"auto, (max-width: 900px) 100vw, 900px\" \/><img loading=\"lazy\" decoding=\"async\" class=\"aligncenter size-full wp-image-9766\" src=\"http:\/\/www.daniperezfotografia.es\/wordpress\/wp-content\/uploads\/2015\/11\/11-9725-post\/fotos-de-pareja-en-el-campo-de-las-naciones-00211.jpg\" alt=\"fotos de pareja en el campo de las naciones\" width=\"900\" height=\"599\" srcset=\"https:\/\/www.daniperezfotografia.es\/wordpress\/wp-content\/uploads\/2015\/11\/11-9725-post\/fotos-de-pareja-en-el-campo-de-las-naciones-00211.jpg 900w, https:\/\/www.daniperezfotografia.es\/wordpress\/wp-content\/uploads\/2015\/11\/11-9725-post\/fotos-de-pareja-en-el-campo-de-las-naciones-00211-750x499.jpg 750w\" sizes=\"auto, (max-width: 900px) 100vw, 900px\" \/><img loading=\"lazy\" decoding=\"async\" class=\"aligncenter size-full wp-image-9767\" src=\"http:\/\/www.daniperezfotografia.es\/wordpress\/wp-content\/uploads\/2015\/11\/11-9725-post\/fotos-de-pareja-en-el-campo-de-las-naciones-00221.jpg\" alt=\"fotos de pareja en el campo de las naciones\" width=\"900\" height=\"599\" srcset=\"https:\/\/www.daniperezfotografia.es\/wordpress\/wp-content\/uploads\/2015\/11\/11-9725-post\/fotos-de-pareja-en-el-campo-de-las-naciones-00221.jpg 900w, https:\/\/www.daniperezfotografia.es\/wordpress\/wp-content\/uploads\/2015\/11\/11-9725-post\/fotos-de-pareja-en-el-campo-de-las-naciones-00221-750x499.jpg 750w, https:\/\/www.daniperezfotografia.es\/wordpress\/wp-content\/uploads\/2015\/11\/11-9725-post\/fotos-de-pareja-en-el-campo-de-las-naciones-00221-273x182.jpg 273w, https:\/\/www.daniperezfotografia.es\/wordpress\/wp-content\/uploads\/2015\/11\/11-9725-post\/fotos-de-pareja-en-el-campo-de-las-naciones-00221-546x364.jpg 546w, https:\/\/www.daniperezfotografia.es\/wordpress\/wp-content\/uploads\/2015\/11\/11-9725-post\/fotos-de-pareja-en-el-campo-de-las-naciones-00221-736x490.jpg 736w, https:\/\/www.daniperezfotografia.es\/wordpress\/wp-content\/uploads\/2015\/11\/11-9725-post\/fotos-de-pareja-en-el-campo-de-las-naciones-00221-312x208.jpg 312w, https:\/\/www.daniperezfotografia.es\/wordpress\/wp-content\/uploads\/2015\/11\/11-9725-post\/fotos-de-pareja-en-el-campo-de-las-naciones-00221-624x416.jpg 624w, https:\/\/www.daniperezfotografia.es\/wordpress\/wp-content\/uploads\/2015\/11\/11-9725-post\/fotos-de-pareja-en-el-campo-de-las-naciones-00221-225x150.jpg 225w, https:\/\/www.daniperezfotografia.es\/wordpress\/wp-content\/uploads\/2015\/11\/11-9725-post\/fotos-de-pareja-en-el-campo-de-las-naciones-00221-450x300.jpg 450w, https:\/\/www.daniperezfotografia.es\/wordpress\/wp-content\/uploads\/2015\/11\/11-9725-post\/fotos-de-pareja-en-el-campo-de-las-naciones-00221-300x200.jpg 300w, https:\/\/www.daniperezfotografia.es\/wordpress\/wp-content\/uploads\/2015\/11\/11-9725-post\/fotos-de-pareja-en-el-campo-de-las-naciones-00221-600x400.jpg 600w\" sizes=\"auto, (max-width: 900px) 100vw, 900px\" \/><img loading=\"lazy\" decoding=\"async\" class=\"aligncenter size-full wp-image-9768\" src=\"http:\/\/www.daniperezfotografia.es\/wordpress\/wp-content\/uploads\/2015\/11\/11-9725-post\/fotos-de-pareja-en-el-campo-de-las-naciones-00271.jpg\" alt=\"fotos de pareja en el campo de las naciones\" width=\"900\" height=\"599\" srcset=\"https:\/\/www.daniperezfotografia.es\/wordpress\/wp-content\/uploads\/2015\/11\/11-9725-post\/fotos-de-pareja-en-el-campo-de-las-naciones-00271.jpg 900w, https:\/\/www.daniperezfotografia.es\/wordpress\/wp-content\/uploads\/2015\/11\/11-9725-post\/fotos-de-pareja-en-el-campo-de-las-naciones-00271-750x499.jpg 750w, https:\/\/www.daniperezfotografia.es\/wordpress\/wp-content\/uploads\/2015\/11\/11-9725-post\/fotos-de-pareja-en-el-campo-de-las-naciones-00271-273x182.jpg 273w, https:\/\/www.daniperezfotografia.es\/wordpress\/wp-content\/uploads\/2015\/11\/11-9725-post\/fotos-de-pareja-en-el-campo-de-las-naciones-00271-546x364.jpg 546w, https:\/\/www.daniperezfotografia.es\/wordpress\/wp-content\/uploads\/2015\/11\/11-9725-post\/fotos-de-pareja-en-el-campo-de-las-naciones-00271-736x490.jpg 736w, https:\/\/www.daniperezfotografia.es\/wordpress\/wp-content\/uploads\/2015\/11\/11-9725-post\/fotos-de-pareja-en-el-campo-de-las-naciones-00271-860x573.jpg 860w\" sizes=\"auto, (max-width: 900px) 100vw, 900px\" \/><img loading=\"lazy\" decoding=\"async\" class=\"aligncenter size-full wp-image-9769\" src=\"http:\/\/www.daniperezfotografia.es\/wordpress\/wp-content\/uploads\/2015\/11\/11-9725-post\/fotos-de-pareja-en-el-campo-de-las-naciones-00281.jpg\" alt=\"fotos de pareja en el campo de las naciones\" width=\"900\" height=\"599\" srcset=\"https:\/\/www.daniperezfotografia.es\/wordpress\/wp-content\/uploads\/2015\/11\/11-9725-post\/fotos-de-pareja-en-el-campo-de-las-naciones-00281.jpg 900w, https:\/\/www.daniperezfotografia.es\/wordpress\/wp-content\/uploads\/2015\/11\/11-9725-post\/fotos-de-pareja-en-el-campo-de-las-naciones-00281-750x499.jpg 750w\" sizes=\"auto, (max-width: 900px) 100vw, 900px\" \/><img loading=\"lazy\" decoding=\"async\" class=\"aligncenter size-full wp-image-9772\" src=\"http:\/\/www.daniperezfotografia.es\/wordpress\/wp-content\/uploads\/2015\/11\/11-9725-post\/fotos-de-pareja-en-el-campo-de-las-naciones-00381.jpg\" alt=\"fotos de pareja en el campo de las naciones\" width=\"900\" height=\"599\" srcset=\"https:\/\/www.daniperezfotografia.es\/wordpress\/wp-content\/uploads\/2015\/11\/11-9725-post\/fotos-de-pareja-en-el-campo-de-las-naciones-00381.jpg 900w, https:\/\/www.daniperezfotografia.es\/wordpress\/wp-content\/uploads\/2015\/11\/11-9725-post\/fotos-de-pareja-en-el-campo-de-las-naciones-00381-750x499.jpg 750w\" sizes=\"auto, (max-width: 900px) 100vw, 900px\" \/><img loading=\"lazy\" decoding=\"async\" class=\"aligncenter size-full wp-image-9777\" src=\"http:\/\/www.daniperezfotografia.es\/wordpress\/wp-content\/uploads\/2015\/11\/11-9725-post\/fotos-de-pareja-en-el-campo-de-las-naciones-00461.jpg\" alt=\"fotos de pareja en el campo de las naciones\" width=\"900\" height=\"599\" srcset=\"https:\/\/www.daniperezfotografia.es\/wordpress\/wp-content\/uploads\/2015\/11\/11-9725-post\/fotos-de-pareja-en-el-campo-de-las-naciones-00461.jpg 900w, https:\/\/www.daniperezfotografia.es\/wordpress\/wp-content\/uploads\/2015\/11\/11-9725-post\/fotos-de-pareja-en-el-campo-de-las-naciones-00461-750x499.jpg 750w\" sizes=\"auto, (max-width: 900px) 100vw, 900px\" \/><img loading=\"lazy\" decoding=\"async\" class=\"aligncenter size-full wp-image-9778\" src=\"http:\/\/www.daniperezfotografia.es\/wordpress\/wp-content\/uploads\/2015\/11\/11-9725-post\/fotos-de-pareja-en-el-campo-de-las-naciones-00471.jpg\" alt=\"fotos de pareja en el campo de las naciones\" width=\"900\" height=\"599\" srcset=\"https:\/\/www.daniperezfotografia.es\/wordpress\/wp-content\/uploads\/2015\/11\/11-9725-post\/fotos-de-pareja-en-el-campo-de-las-naciones-00471.jpg 900w, https:\/\/www.daniperezfotografia.es\/wordpress\/wp-content\/uploads\/2015\/11\/11-9725-post\/fotos-de-pareja-en-el-campo-de-las-naciones-00471-750x499.jpg 750w\" sizes=\"auto, (max-width: 900px) 100vw, 900px\" \/><img loading=\"lazy\" decoding=\"async\" class=\"aligncenter size-full wp-image-9780\" src=\"http:\/\/www.daniperezfotografia.es\/wordpress\/wp-content\/uploads\/2015\/11\/11-9725-post\/fotos-de-pareja-en-el-campo-de-las-naciones-00571.jpg\" alt=\"fotos de pareja en el campo de las naciones\" width=\"900\" height=\"599\" srcset=\"https:\/\/www.daniperezfotografia.es\/wordpress\/wp-content\/uploads\/2015\/11\/11-9725-post\/fotos-de-pareja-en-el-campo-de-las-naciones-00571.jpg 900w, https:\/\/www.daniperezfotografia.es\/wordpress\/wp-content\/uploads\/2015\/11\/11-9725-post\/fotos-de-pareja-en-el-campo-de-las-naciones-00571-750x499.jpg 750w\" sizes=\"auto, (max-width: 900px) 100vw, 900px\" \/><img loading=\"lazy\" decoding=\"async\" class=\"aligncenter size-full wp-image-9781\" src=\"http:\/\/www.daniperezfotografia.es\/wordpress\/wp-content\/uploads\/2015\/11\/11-9725-post\/fotos-de-pareja-en-el-campo-de-las-naciones-00611.jpg\" alt=\"fotos de pareja en el campo de las naciones\" width=\"900\" height=\"599\" srcset=\"https:\/\/www.daniperezfotografia.es\/wordpress\/wp-content\/uploads\/2015\/11\/11-9725-post\/fotos-de-pareja-en-el-campo-de-las-naciones-00611.jpg 900w, https:\/\/www.daniperezfotografia.es\/wordpress\/wp-content\/uploads\/2015\/11\/11-9725-post\/fotos-de-pareja-en-el-campo-de-las-naciones-00611-750x499.jpg 750w\" sizes=\"auto, (max-width: 900px) 100vw, 900px\" \/><img loading=\"lazy\" decoding=\"async\" class=\"aligncenter size-full wp-image-9786\" src=\"http:\/\/www.daniperezfotografia.es\/wordpress\/wp-content\/uploads\/2015\/11\/11-9725-post\/fotos-de-pareja-en-el-campo-de-las-naciones-00542.jpg\" alt=\"fotos de pareja en el campo de las naciones\" width=\"900\" height=\"599\" srcset=\"https:\/\/www.daniperezfotografia.es\/wordpress\/wp-content\/uploads\/2015\/11\/11-9725-post\/fotos-de-pareja-en-el-campo-de-las-naciones-00542.jpg 900w, https:\/\/www.daniperezfotografia.es\/wordpress\/wp-content\/uploads\/2015\/11\/11-9725-post\/fotos-de-pareja-en-el-campo-de-las-naciones-00542-750x499.jpg 750w\" sizes=\"auto, (max-width: 900px) 100vw, 900px\" \/><img loading=\"lazy\" decoding=\"async\" class=\"aligncenter size-full wp-image-9782\" src=\"http:\/\/www.daniperezfotografia.es\/wordpress\/wp-content\/uploads\/2015\/11\/11-9725-post\/fotos-de-pareja-en-el-campo-de-las-naciones-00621.jpg\" alt=\"fotos de pareja en el campo de las naciones\" width=\"900\" height=\"599\" srcset=\"https:\/\/www.daniperezfotografia.es\/wordpress\/wp-content\/uploads\/2015\/11\/11-9725-post\/fotos-de-pareja-en-el-campo-de-las-naciones-00621.jpg 900w, https:\/\/www.daniperezfotografia.es\/wordpress\/wp-content\/uploads\/2015\/11\/11-9725-post\/fotos-de-pareja-en-el-campo-de-las-naciones-00621-750x499.jpg 750w\" sizes=\"auto, (max-width: 900px) 100vw, 900px\" \/><img loading=\"lazy\" decoding=\"async\" class=\"aligncenter size-full wp-image-9783\" src=\"http:\/\/www.daniperezfotografia.es\/wordpress\/wp-content\/uploads\/2015\/11\/11-9725-post\/fotos-de-pareja-en-el-campo-de-las-naciones-00631.jpg\" alt=\"fotos de pareja en el campo de las naciones\" width=\"900\" height=\"599\" srcset=\"https:\/\/www.daniperezfotografia.es\/wordpress\/wp-content\/uploads\/2015\/11\/11-9725-post\/fotos-de-pareja-en-el-campo-de-las-naciones-00631.jpg 900w, https:\/\/www.daniperezfotografia.es\/wordpress\/wp-content\/uploads\/2015\/11\/11-9725-post\/fotos-de-pareja-en-el-campo-de-las-naciones-00631-750x499.jpg 750w\" sizes=\"auto, (max-width: 900px) 100vw, 900px\" \/><img loading=\"lazy\" decoding=\"async\" class=\"aligncenter size-full wp-image-9784\" src=\"http:\/\/www.daniperezfotografia.es\/wordpress\/wp-content\/uploads\/2015\/11\/11-9725-post\/fotos-de-pareja-en-el-campo-de-las-naciones-00651.jpg\" alt=\"fotos de pareja en el campo de las naciones\" width=\"900\" height=\"599\" srcset=\"https:\/\/www.daniperezfotografia.es\/wordpress\/wp-content\/uploads\/2015\/11\/11-9725-post\/fotos-de-pareja-en-el-campo-de-las-naciones-00651.jpg 900w, https:\/\/www.daniperezfotografia.es\/wordpress\/wp-content\/uploads\/2015\/11\/11-9725-post\/fotos-de-pareja-en-el-campo-de-las-naciones-00651-750x499.jpg 750w\" sizes=\"auto, (max-width: 900px) 100vw, 900px\" \/><\/p>\n<p style=\"text-align: center;\">\u00b7<\/p>\n<p style=\"text-align: center;\"><em>Muchas gracias Dani por la tarde que nos has hecho pasar, nos lo hemos pasado guay, hemos estado super a gusto, un abrazo fuerte<br \/>\n<\/em><strong>Raul<\/strong><\/p>\n<p style=\"text-align: center;\">\u00b7<\/p>\n<p style=\"text-align: center;\"><em>Sois unos artistas\u00a1\u00a1 No podemos parar de verlas una y otra vez<br \/>\n<\/em><strong>Patricia<\/strong><\/p>\n<p style=\"text-align: center;\">\u00b7<\/p>\n<p style=\"text-align: center;\"><em>Buenos d\u00edas chicos, que sep\u00e1is que el video est\u00e1 encantando a todo el mundo que lo est\u00e1 viendo,<\/em><br \/>\n<em>tendr\u00edais que verles las caras. Es para grabarlos, algunos hasta lloran de emoci\u00f3n<\/em><br \/>\n<strong>Raul<\/strong><\/p>\n<p style=\"text-align: center;\">\u00b7<\/p>\n<p style=\"text-align: center;\"><em>Nos ha costado decidirnos, pero esta es nuestra favorita<\/em><br \/>\n<strong>Patricia + Raul<\/strong><\/p>\n<p style=\"text-align: center;\">\u00b7<\/p>\n<p style=\"text-align: center;\"><img loading=\"lazy\" decoding=\"async\" class=\"aligncenter size-full wp-image-9768\" src=\"http:\/\/www.daniperezfotografia.es\/wordpress\/wp-content\/uploads\/2015\/11\/11-9725-post\/fotos-de-pareja-en-el-campo-de-las-naciones-00271.jpg\" alt=\"fotos de pareja en el campo de las naciones\" width=\"900\" height=\"599\" srcset=\"https:\/\/www.daniperezfotografia.es\/wordpress\/wp-content\/uploads\/2015\/11\/11-9725-post\/fotos-de-pareja-en-el-campo-de-las-naciones-00271.jpg 900w, https:\/\/www.daniperezfotografia.es\/wordpress\/wp-content\/uploads\/2015\/11\/11-9725-post\/fotos-de-pareja-en-el-campo-de-las-naciones-00271-750x499.jpg 750w, https:\/\/www.daniperezfotografia.es\/wordpress\/wp-content\/uploads\/2015\/11\/11-9725-post\/fotos-de-pareja-en-el-campo-de-las-naciones-00271-273x182.jpg 273w, https:\/\/www.daniperezfotografia.es\/wordpress\/wp-content\/uploads\/2015\/11\/11-9725-post\/fotos-de-pareja-en-el-campo-de-las-naciones-00271-546x364.jpg 546w, https:\/\/www.daniperezfotografia.es\/wordpress\/wp-content\/uploads\/2015\/11\/11-9725-post\/fotos-de-pareja-en-el-campo-de-las-naciones-00271-736x490.jpg 736w, https:\/\/www.daniperezfotografia.es\/wordpress\/wp-content\/uploads\/2015\/11\/11-9725-post\/fotos-de-pareja-en-el-campo-de-las-naciones-00271-860x573.jpg 860w\" sizes=\"auto, (max-width: 900px) 100vw, 900px\" \/><\/p>\n<p style=\"text-align: center;\">Trabajo realizado como fotografo de\u00a0<strong>Will Marsala Fotografia<\/strong><\/p>\n","protected":false},"excerpt":{"rendered":"<p>\u00b7 Muchas gracias Dani por la tarde que nos has hecho pasar, nos lo hemos pasado guay, hemos estado super a gusto, un abrazo fuerte Raul \u00b7 Sois unos artistas\u00a1\u00a1 No podemos parar de verlas una y otra vez Patricia \u00b7 Buenos d\u00edas chicos, que sep\u00e1is que el video est\u00e1 encantando a todo el mundo [&hellip;]<\/p>\n","protected":false},"author":1,"featured_media":11289,"comment_status":"open","ping_status":"open","sticky":false,"template":"","format":"standard","meta":{"footnotes":""},"categories":[929],"tags":[262,747,844],"class_list":["post-9725","post","type-post","status-publish","format-standard","has-post-thumbnail","hentry","category-parejas","tag-campo-de-las-naciones","tag-sesion-de-pareja","tag-sesion-de-preboda"],"blocksy_meta":{"styles_descriptor":{"styles":{"desktop":"","tablet":"","mobile":""},"google_fonts":[],"version":6}},"yoast_head":"<!-- This site is optimized with the Yoast SEO plugin v27.4 - https:\/\/yoast.com\/product\/yoast-seo-wordpress\/ -->\n<title>Sesi\u00f3n de fotos de pareja en el Campo de las Naciones<\/title>\n<meta name=\"description\" content=\"Sesi\u00f3n de fotos de pareja en el Campo de las Naciones. Sesion de preboda en Madrid con Patricia y Raul.A divertirse \u00a1\" \/>\n<meta name=\"robots\" content=\"index, follow, max-snippet:-1, max-image-preview:large, max-video-preview:-1\" \/>\n<link rel=\"canonical\" href=\"http:\/\/www.daniperezfotografia.es\/wordpress\/parejas\/sesion-fotos-pareja-campo-las-naciones\" \/>\n<meta property=\"og:locale\" content=\"es_ES\" \/>\n<meta property=\"og:type\" content=\"article\" \/>\n<meta property=\"og:title\" content=\"Sesi\u00f3n de fotos de pareja en el Campo de las Naciones\" \/>\n<meta property=\"og:description\" content=\"Sesi\u00f3n de fotos de pareja en el Campo de las Naciones. Sesion de preboda en Madrid con Patricia y Raul.A divertirse \u00a1\" \/>\n<meta property=\"og:url\" content=\"http:\/\/www.daniperezfotografia.es\/wordpress\/parejas\/sesion-fotos-pareja-campo-las-naciones\" \/>\n<meta property=\"og:site_name\" content=\"Dani Perez Fotografia | Fotografo Profesional en Madrid\" \/>\n<meta property=\"article:publisher\" content=\"https:\/\/www.facebook.com\/daniperezfotografia\" \/>\n<meta property=\"article:author\" content=\"https:\/\/www.facebook.com\/daniperezfotografia\" \/>\n<meta property=\"article:published_time\" content=\"2016-02-19T10:40:38+00:00\" \/>\n<meta property=\"article:modified_time\" content=\"2020-05-18T19:24:50+00:00\" \/>\n<meta property=\"og:image\" content=\"http:\/\/www.daniperezfotografia.es\/wordpress\/wp-content\/uploads\/2016\/02\/sesion-pareja-patricia-raul-1100x732.jpg\" \/>\n\t<meta property=\"og:image:width\" content=\"1100\" \/>\n\t<meta property=\"og:image:height\" content=\"732\" \/>\n\t<meta property=\"og:image:type\" content=\"image\/jpeg\" \/>\n<meta name=\"author\" content=\"Dani\" \/>\n<meta name=\"twitter:card\" content=\"summary_large_image\" \/>\n<meta name=\"twitter:creator\" content=\"@daniperezfoto\" \/>\n<meta name=\"twitter:site\" content=\"@daniperezfoto\" \/>\n<meta name=\"twitter:label1\" content=\"Escrito por\" \/>\n\t<meta name=\"twitter:data1\" content=\"Dani\" \/>\n<script type=\"application\/ld+json\" class=\"yoast-schema-graph\">{\"@context\":\"https:\\\/\\\/schema.org\",\"@graph\":[{\"@type\":\"Article\",\"@id\":\"http:\\\/\\\/www.daniperezfotografia.es\\\/wordpress\\\/parejas\\\/sesion-fotos-pareja-campo-las-naciones#article\",\"isPartOf\":{\"@id\":\"http:\\\/\\\/www.daniperezfotografia.es\\\/wordpress\\\/parejas\\\/sesion-fotos-pareja-campo-las-naciones\"},\"author\":{\"name\":\"Dani\",\"@id\":\"https:\\\/\\\/www.daniperezfotografia.es\\\/wordpress\\\/#\\\/schema\\\/person\\\/e182c086037e8185dcc7e99e2c589a63\"},\"headline\":\"Preboda en Campo de las Naciones\",\"datePublished\":\"2016-02-19T10:40:38+00:00\",\"dateModified\":\"2020-05-18T19:24:50+00:00\",\"mainEntityOfPage\":{\"@id\":\"http:\\\/\\\/www.daniperezfotografia.es\\\/wordpress\\\/parejas\\\/sesion-fotos-pareja-campo-las-naciones\"},\"wordCount\":99,\"commentCount\":0,\"publisher\":{\"@id\":\"https:\\\/\\\/www.daniperezfotografia.es\\\/wordpress\\\/#organization\"},\"image\":{\"@id\":\"http:\\\/\\\/www.daniperezfotografia.es\\\/wordpress\\\/parejas\\\/sesion-fotos-pareja-campo-las-naciones#primaryimage\"},\"thumbnailUrl\":\"https:\\\/\\\/www.daniperezfotografia.es\\\/wordpress\\\/wp-content\\\/uploads\\\/2016\\\/02\\\/sesion-pareja-patricia-raul-1100x732.jpg\",\"keywords\":[\"campo de las naciones\",\"sesion de pareja\",\"Sesion de preboda\"],\"articleSection\":[\"Sesiones de fotos de Parejas en Madrid\"],\"inLanguage\":\"es\",\"potentialAction\":[{\"@type\":\"CommentAction\",\"name\":\"Comment\",\"target\":[\"http:\\\/\\\/www.daniperezfotografia.es\\\/wordpress\\\/parejas\\\/sesion-fotos-pareja-campo-las-naciones#respond\"]}]},{\"@type\":\"WebPage\",\"@id\":\"http:\\\/\\\/www.daniperezfotografia.es\\\/wordpress\\\/parejas\\\/sesion-fotos-pareja-campo-las-naciones\",\"url\":\"http:\\\/\\\/www.daniperezfotografia.es\\\/wordpress\\\/parejas\\\/sesion-fotos-pareja-campo-las-naciones\",\"name\":\"Sesi\u00f3n de fotos de pareja en el Campo de las Naciones\",\"isPartOf\":{\"@id\":\"https:\\\/\\\/www.daniperezfotografia.es\\\/wordpress\\\/#website\"},\"primaryImageOfPage\":{\"@id\":\"http:\\\/\\\/www.daniperezfotografia.es\\\/wordpress\\\/parejas\\\/sesion-fotos-pareja-campo-las-naciones#primaryimage\"},\"image\":{\"@id\":\"http:\\\/\\\/www.daniperezfotografia.es\\\/wordpress\\\/parejas\\\/sesion-fotos-pareja-campo-las-naciones#primaryimage\"},\"thumbnailUrl\":\"https:\\\/\\\/www.daniperezfotografia.es\\\/wordpress\\\/wp-content\\\/uploads\\\/2016\\\/02\\\/sesion-pareja-patricia-raul-1100x732.jpg\",\"datePublished\":\"2016-02-19T10:40:38+00:00\",\"dateModified\":\"2020-05-18T19:24:50+00:00\",\"description\":\"Sesi\u00f3n de fotos de pareja en el Campo de las Naciones. Sesion de preboda en Madrid con Patricia y Raul.A divertirse \u00a1\",\"breadcrumb\":{\"@id\":\"http:\\\/\\\/www.daniperezfotografia.es\\\/wordpress\\\/parejas\\\/sesion-fotos-pareja-campo-las-naciones#breadcrumb\"},\"inLanguage\":\"es\",\"potentialAction\":[{\"@type\":\"ReadAction\",\"target\":[\"http:\\\/\\\/www.daniperezfotografia.es\\\/wordpress\\\/parejas\\\/sesion-fotos-pareja-campo-las-naciones\"]}]},{\"@type\":\"ImageObject\",\"inLanguage\":\"es\",\"@id\":\"http:\\\/\\\/www.daniperezfotografia.es\\\/wordpress\\\/parejas\\\/sesion-fotos-pareja-campo-las-naciones#primaryimage\",\"url\":\"https:\\\/\\\/www.daniperezfotografia.es\\\/wordpress\\\/wp-content\\\/uploads\\\/2016\\\/02\\\/sesion-pareja-patricia-raul-1100x732.jpg\",\"contentUrl\":\"https:\\\/\\\/www.daniperezfotografia.es\\\/wordpress\\\/wp-content\\\/uploads\\\/2016\\\/02\\\/sesion-pareja-patricia-raul-1100x732.jpg\",\"width\":1100,\"height\":732,\"caption\":\"sesion de preboda en el parque campo de las naciones\"},{\"@type\":\"BreadcrumbList\",\"@id\":\"http:\\\/\\\/www.daniperezfotografia.es\\\/wordpress\\\/parejas\\\/sesion-fotos-pareja-campo-las-naciones#breadcrumb\",\"itemListElement\":[{\"@type\":\"ListItem\",\"position\":1,\"name\":\"Portada\",\"item\":\"https:\\\/\\\/www.daniperezfotografia.es\\\/wordpress\\\/\"},{\"@type\":\"ListItem\",\"position\":2,\"name\":\"Preboda en Campo de las Naciones\"}]},{\"@type\":\"WebSite\",\"@id\":\"https:\\\/\\\/www.daniperezfotografia.es\\\/wordpress\\\/#website\",\"url\":\"https:\\\/\\\/www.daniperezfotografia.es\\\/wordpress\\\/\",\"name\":\"Dani Perez Fotografia | Fotografo Profesional en Madrid\",\"description\":\"Reportajes de bodas, bautizos, comuniones y sesiones de familia para particulares. Eventos, conferencias y retrato corporativo para empresas. Video de conferencias\",\"publisher\":{\"@id\":\"https:\\\/\\\/www.daniperezfotografia.es\\\/wordpress\\\/#organization\"},\"potentialAction\":[{\"@type\":\"SearchAction\",\"target\":{\"@type\":\"EntryPoint\",\"urlTemplate\":\"https:\\\/\\\/www.daniperezfotografia.es\\\/wordpress\\\/?s={search_term_string}\"},\"query-input\":{\"@type\":\"PropertyValueSpecification\",\"valueRequired\":true,\"valueName\":\"search_term_string\"}}],\"inLanguage\":\"es\"},{\"@type\":\"Organization\",\"@id\":\"https:\\\/\\\/www.daniperezfotografia.es\\\/wordpress\\\/#organization\",\"name\":\"Dani Perez Fotografia y Video\",\"url\":\"https:\\\/\\\/www.daniperezfotografia.es\\\/wordpress\\\/\",\"logo\":{\"@type\":\"ImageObject\",\"inLanguage\":\"es\",\"@id\":\"https:\\\/\\\/www.daniperezfotografia.es\\\/wordpress\\\/#\\\/schema\\\/logo\\\/image\\\/\",\"url\":\"\",\"contentUrl\":\"\",\"caption\":\"Dani Perez Fotografia y Video\"},\"image\":{\"@id\":\"https:\\\/\\\/www.daniperezfotografia.es\\\/wordpress\\\/#\\\/schema\\\/logo\\\/image\\\/\"},\"sameAs\":[\"https:\\\/\\\/www.facebook.com\\\/daniperezfotografia\",\"https:\\\/\\\/x.com\\\/daniperezfoto\",\"https:\\\/\\\/instagram.com\\\/daniperezfotografia\\\/\",\"https:\\\/\\\/www.linkedin.com\\\/pub\\\/dani-perez-fotografo\\\/b2\\\/3b0\\\/594\"]},{\"@type\":\"Person\",\"@id\":\"https:\\\/\\\/www.daniperezfotografia.es\\\/wordpress\\\/#\\\/schema\\\/person\\\/e182c086037e8185dcc7e99e2c589a63\",\"name\":\"Dani\",\"sameAs\":[\"http:\\\/\\\/www.daniperezfotografia.es\",\"https:\\\/\\\/www.facebook.com\\\/daniperezfotografia\",\"https:\\\/\\\/x.com\\\/daniperezfoto\"]}]}<\/script>\n<!-- \/ Yoast SEO plugin. -->","yoast_head_json":{"title":"Sesi\u00f3n de fotos de pareja en el Campo de las Naciones","description":"Sesi\u00f3n de fotos de pareja en el Campo de las Naciones. Sesion de preboda en Madrid con Patricia y Raul.A divertirse \u00a1","robots":{"index":"index","follow":"follow","max-snippet":"max-snippet:-1","max-image-preview":"max-image-preview:large","max-video-preview":"max-video-preview:-1"},"canonical":"http:\/\/www.daniperezfotografia.es\/wordpress\/parejas\/sesion-fotos-pareja-campo-las-naciones","og_locale":"es_ES","og_type":"article","og_title":"Sesi\u00f3n de fotos de pareja en el Campo de las Naciones","og_description":"Sesi\u00f3n de fotos de pareja en el Campo de las Naciones. Sesion de preboda en Madrid con Patricia y Raul.A divertirse \u00a1","og_url":"http:\/\/www.daniperezfotografia.es\/wordpress\/parejas\/sesion-fotos-pareja-campo-las-naciones","og_site_name":"Dani Perez Fotografia | Fotografo Profesional en Madrid","article_publisher":"https:\/\/www.facebook.com\/daniperezfotografia","article_author":"https:\/\/www.facebook.com\/daniperezfotografia","article_published_time":"2016-02-19T10:40:38+00:00","article_modified_time":"2020-05-18T19:24:50+00:00","og_image":[{"width":1100,"height":732,"url":"http:\/\/www.daniperezfotografia.es\/wordpress\/wp-content\/uploads\/2016\/02\/sesion-pareja-patricia-raul-1100x732.jpg","type":"image\/jpeg"}],"author":"Dani","twitter_card":"summary_large_image","twitter_creator":"@daniperezfoto","twitter_site":"@daniperezfoto","twitter_misc":{"Escrito por":"Dani"},"schema":{"@context":"https:\/\/schema.org","@graph":[{"@type":"Article","@id":"http:\/\/www.daniperezfotografia.es\/wordpress\/parejas\/sesion-fotos-pareja-campo-las-naciones#article","isPartOf":{"@id":"http:\/\/www.daniperezfotografia.es\/wordpress\/parejas\/sesion-fotos-pareja-campo-las-naciones"},"author":{"name":"Dani","@id":"https:\/\/www.daniperezfotografia.es\/wordpress\/#\/schema\/person\/e182c086037e8185dcc7e99e2c589a63"},"headline":"Preboda en Campo de las Naciones","datePublished":"2016-02-19T10:40:38+00:00","dateModified":"2020-05-18T19:24:50+00:00","mainEntityOfPage":{"@id":"http:\/\/www.daniperezfotografia.es\/wordpress\/parejas\/sesion-fotos-pareja-campo-las-naciones"},"wordCount":99,"commentCount":0,"publisher":{"@id":"https:\/\/www.daniperezfotografia.es\/wordpress\/#organization"},"image":{"@id":"http:\/\/www.daniperezfotografia.es\/wordpress\/parejas\/sesion-fotos-pareja-campo-las-naciones#primaryimage"},"thumbnailUrl":"https:\/\/www.daniperezfotografia.es\/wordpress\/wp-content\/uploads\/2016\/02\/sesion-pareja-patricia-raul-1100x732.jpg","keywords":["campo de las naciones","sesion de pareja","Sesion de preboda"],"articleSection":["Sesiones de fotos de Parejas en Madrid"],"inLanguage":"es","potentialAction":[{"@type":"CommentAction","name":"Comment","target":["http:\/\/www.daniperezfotografia.es\/wordpress\/parejas\/sesion-fotos-pareja-campo-las-naciones#respond"]}]},{"@type":"WebPage","@id":"http:\/\/www.daniperezfotografia.es\/wordpress\/parejas\/sesion-fotos-pareja-campo-las-naciones","url":"http:\/\/www.daniperezfotografia.es\/wordpress\/parejas\/sesion-fotos-pareja-campo-las-naciones","name":"Sesi\u00f3n de fotos de pareja en el Campo de las Naciones","isPartOf":{"@id":"https:\/\/www.daniperezfotografia.es\/wordpress\/#website"},"primaryImageOfPage":{"@id":"http:\/\/www.daniperezfotografia.es\/wordpress\/parejas\/sesion-fotos-pareja-campo-las-naciones#primaryimage"},"image":{"@id":"http:\/\/www.daniperezfotografia.es\/wordpress\/parejas\/sesion-fotos-pareja-campo-las-naciones#primaryimage"},"thumbnailUrl":"https:\/\/www.daniperezfotografia.es\/wordpress\/wp-content\/uploads\/2016\/02\/sesion-pareja-patricia-raul-1100x732.jpg","datePublished":"2016-02-19T10:40:38+00:00","dateModified":"2020-05-18T19:24:50+00:00","description":"Sesi\u00f3n de fotos de pareja en el Campo de las Naciones. Sesion de preboda en Madrid con Patricia y Raul.A divertirse \u00a1","breadcrumb":{"@id":"http:\/\/www.daniperezfotografia.es\/wordpress\/parejas\/sesion-fotos-pareja-campo-las-naciones#breadcrumb"},"inLanguage":"es","potentialAction":[{"@type":"ReadAction","target":["http:\/\/www.daniperezfotografia.es\/wordpress\/parejas\/sesion-fotos-pareja-campo-las-naciones"]}]},{"@type":"ImageObject","inLanguage":"es","@id":"http:\/\/www.daniperezfotografia.es\/wordpress\/parejas\/sesion-fotos-pareja-campo-las-naciones#primaryimage","url":"https:\/\/www.daniperezfotografia.es\/wordpress\/wp-content\/uploads\/2016\/02\/sesion-pareja-patricia-raul-1100x732.jpg","contentUrl":"https:\/\/www.daniperezfotografia.es\/wordpress\/wp-content\/uploads\/2016\/02\/sesion-pareja-patricia-raul-1100x732.jpg","width":1100,"height":732,"caption":"sesion de preboda en el parque campo de las naciones"},{"@type":"BreadcrumbList","@id":"http:\/\/www.daniperezfotografia.es\/wordpress\/parejas\/sesion-fotos-pareja-campo-las-naciones#breadcrumb","itemListElement":[{"@type":"ListItem","position":1,"name":"Portada","item":"https:\/\/www.daniperezfotografia.es\/wordpress\/"},{"@type":"ListItem","position":2,"name":"Preboda en Campo de las Naciones"}]},{"@type":"WebSite","@id":"https:\/\/www.daniperezfotografia.es\/wordpress\/#website","url":"https:\/\/www.daniperezfotografia.es\/wordpress\/","name":"Dani Perez Fotografia | Fotografo Profesional en Madrid","description":"Reportajes de bodas, bautizos, comuniones y sesiones de familia para particulares. Eventos, conferencias y retrato corporativo para empresas. Video de conferencias","publisher":{"@id":"https:\/\/www.daniperezfotografia.es\/wordpress\/#organization"},"potentialAction":[{"@type":"SearchAction","target":{"@type":"EntryPoint","urlTemplate":"https:\/\/www.daniperezfotografia.es\/wordpress\/?s={search_term_string}"},"query-input":{"@type":"PropertyValueSpecification","valueRequired":true,"valueName":"search_term_string"}}],"inLanguage":"es"},{"@type":"Organization","@id":"https:\/\/www.daniperezfotografia.es\/wordpress\/#organization","name":"Dani Perez Fotografia y Video","url":"https:\/\/www.daniperezfotografia.es\/wordpress\/","logo":{"@type":"ImageObject","inLanguage":"es","@id":"https:\/\/www.daniperezfotografia.es\/wordpress\/#\/schema\/logo\/image\/","url":"","contentUrl":"","caption":"Dani Perez Fotografia y Video"},"image":{"@id":"https:\/\/www.daniperezfotografia.es\/wordpress\/#\/schema\/logo\/image\/"},"sameAs":["https:\/\/www.facebook.com\/daniperezfotografia","https:\/\/x.com\/daniperezfoto","https:\/\/instagram.com\/daniperezfotografia\/","https:\/\/www.linkedin.com\/pub\/dani-perez-fotografo\/b2\/3b0\/594"]},{"@type":"Person","@id":"https:\/\/www.daniperezfotografia.es\/wordpress\/#\/schema\/person\/e182c086037e8185dcc7e99e2c589a63","name":"Dani","sameAs":["http:\/\/www.daniperezfotografia.es","https:\/\/www.facebook.com\/daniperezfotografia","https:\/\/x.com\/daniperezfoto"]}]}},"_links":{"self":[{"href":"https:\/\/www.daniperezfotografia.es\/wordpress\/wp-json\/wp\/v2\/posts\/9725","targetHints":{"allow":["GET"]}}],"collection":[{"href":"https:\/\/www.daniperezfotografia.es\/wordpress\/wp-json\/wp\/v2\/posts"}],"about":[{"href":"https:\/\/www.daniperezfotografia.es\/wordpress\/wp-json\/wp\/v2\/types\/post"}],"author":[{"embeddable":true,"href":"https:\/\/www.daniperezfotografia.es\/wordpress\/wp-json\/wp\/v2\/users\/1"}],"replies":[{"embeddable":true,"href":"https:\/\/www.daniperezfotografia.es\/wordpress\/wp-json\/wp\/v2\/comments?post=9725"}],"version-history":[{"count":3,"href":"https:\/\/www.daniperezfotografia.es\/wordpress\/wp-json\/wp\/v2\/posts\/9725\/revisions"}],"predecessor-version":[{"id":13505,"href":"https:\/\/www.daniperezfotografia.es\/wordpress\/wp-json\/wp\/v2\/posts\/9725\/revisions\/13505"}],"wp:featuredmedia":[{"embeddable":true,"href":"https:\/\/www.daniperezfotografia.es\/wordpress\/wp-json\/wp\/v2\/media\/11289"}],"wp:attachment":[{"href":"https:\/\/www.daniperezfotografia.es\/wordpress\/wp-json\/wp\/v2\/media?parent=9725"}],"wp:term":[{"taxonomy":"category","embeddable":true,"href":"https:\/\/www.daniperezfotografia.es\/wordpress\/wp-json\/wp\/v2\/categories?post=9725"},{"taxonomy":"post_tag","embeddable":true,"href":"https:\/\/www.daniperezfotografia.es\/wordpress\/wp-json\/wp\/v2\/tags?post=9725"}],"curies":[{"name":"wp","href":"https:\/\/api.w.org\/{rel}","templated":true}]}}