{"id":9686,"date":"2015-10-13T21:30:33","date_gmt":"2015-10-13T20:30:33","guid":{"rendered":"http:\/\/www.daniperezfotografia.es\/wordpress\/?p=9686"},"modified":"2020-05-18T20:25:23","modified_gmt":"2020-05-18T19:25:23","slug":"sesion-de-fotos-de-pareja-en-madrid","status":"publish","type":"post","link":"https:\/\/www.daniperezfotografia.es\/wordpress\/parejas\/sesion-de-fotos-de-pareja-en-madrid","title":{"rendered":"Pareja en Campo de las Naciones"},"content":{"rendered":"<p>Gloria es fotografa y amiga, una gran <a href=\"http:\/\/www.gloriacale.com\/\" target=\"_blank\" rel=\"noopener noreferrer\">fotografa de bodas y familias<\/a>. Este a\u00f1o, quer\u00eda sorprender a su chico por su aniversario, con una sesi\u00f3n de <strong>fotos\u00a0de pareja<\/strong>. El trabajo, los ni\u00f1os, el ajetreo del d\u00eda a d\u00eda, muchas veces nos deja sin tiempo para disfrutar de nuestras parejas. Por eso, reservaron una tarde para ellos dos solos, para pasear, para re\u00edr, para desconectar del ajetreo diario y regalarse un recuerdo especial. Para mi ha sido todo un honor que Gloria quisiera tener un recuerdo con su chico desde mi punto de vista, buscando luz interesante, aprovechar la arquitectura, las lineas, la geometr\u00eda, conseguir esas momentos divertidos y \u00a0naturales, ese fue mi objetivo durante la tarde, que disfrutasen de una tarde para ellos solos en el <a href=\"http:\/\/www.madrid.es\/portales\/munimadrid\/es\/Inicio\/Ayuntamiento\/Barajas\/Parque-Juan-Carlos-I?vgnextfmt=default&amp;vgnextoid=8d9a78a0dea9e210VgnVCM1000000b205a0aRCRD&amp;vgnextchannel=4952ca5d5fb96010VgnVCM100000dc0ca8c0RCRD\" target=\"_blank\" rel=\"noopener noreferrer\">parque Juan Carlos I de Madrid<\/a>.\u00a0Sin m\u00e1s os dejo con algunas de las fotos de la sesi\u00f3n.<\/p>\n<p><img loading=\"lazy\" decoding=\"async\" class=\"aligncenter size-full wp-image-9688\" src=\"http:\/\/www.daniperezfotografia.es\/wordpress\/wp-content\/uploads\/2015\/10\/13-9686-post\/sesion-de-fotos-de-pareja-en-madrid-0001.jpg\" alt=\"sesion de fotos de pareja en madrid\" width=\"900\" height=\"599\" srcset=\"https:\/\/www.daniperezfotografia.es\/wordpress\/wp-content\/uploads\/2015\/10\/13-9686-post\/sesion-de-fotos-de-pareja-en-madrid-0001.jpg 900w, https:\/\/www.daniperezfotografia.es\/wordpress\/wp-content\/uploads\/2015\/10\/13-9686-post\/sesion-de-fotos-de-pareja-en-madrid-0001-750x499.jpg 750w\" sizes=\"auto, (max-width: 900px) 100vw, 900px\" \/><img loading=\"lazy\" decoding=\"async\" class=\"aligncenter size-full wp-image-9689\" src=\"http:\/\/www.daniperezfotografia.es\/wordpress\/wp-content\/uploads\/2015\/10\/13-9686-post\/sesion-de-fotos-de-pareja-en-madrid-0002.jpg\" alt=\"sesion de fotos de pareja en madrid\" width=\"900\" height=\"599\" srcset=\"https:\/\/www.daniperezfotografia.es\/wordpress\/wp-content\/uploads\/2015\/10\/13-9686-post\/sesion-de-fotos-de-pareja-en-madrid-0002.jpg 900w, https:\/\/www.daniperezfotografia.es\/wordpress\/wp-content\/uploads\/2015\/10\/13-9686-post\/sesion-de-fotos-de-pareja-en-madrid-0002-750x499.jpg 750w\" sizes=\"auto, (max-width: 900px) 100vw, 900px\" \/><img loading=\"lazy\" decoding=\"async\" class=\"aligncenter size-full wp-image-9690\" src=\"http:\/\/www.daniperezfotografia.es\/wordpress\/wp-content\/uploads\/2015\/10\/13-9686-post\/sesion-de-fotos-de-pareja-en-madrid-0003.jpg\" alt=\"sesion de fotos de pareja en madrid\" width=\"900\" height=\"599\" srcset=\"https:\/\/www.daniperezfotografia.es\/wordpress\/wp-content\/uploads\/2015\/10\/13-9686-post\/sesion-de-fotos-de-pareja-en-madrid-0003.jpg 900w, https:\/\/www.daniperezfotografia.es\/wordpress\/wp-content\/uploads\/2015\/10\/13-9686-post\/sesion-de-fotos-de-pareja-en-madrid-0003-750x499.jpg 750w\" sizes=\"auto, (max-width: 900px) 100vw, 900px\" \/><img loading=\"lazy\" decoding=\"async\" class=\"aligncenter size-full wp-image-9691\" src=\"http:\/\/www.daniperezfotografia.es\/wordpress\/wp-content\/uploads\/2015\/10\/13-9686-post\/sesion-de-fotos-de-pareja-en-madrid-0004.jpg\" alt=\"sesion de fotos de pareja en madrid\" width=\"900\" height=\"599\" srcset=\"https:\/\/www.daniperezfotografia.es\/wordpress\/wp-content\/uploads\/2015\/10\/13-9686-post\/sesion-de-fotos-de-pareja-en-madrid-0004.jpg 900w, https:\/\/www.daniperezfotografia.es\/wordpress\/wp-content\/uploads\/2015\/10\/13-9686-post\/sesion-de-fotos-de-pareja-en-madrid-0004-750x499.jpg 750w\" sizes=\"auto, (max-width: 900px) 100vw, 900px\" \/><img loading=\"lazy\" decoding=\"async\" class=\"aligncenter size-full wp-image-9692\" src=\"http:\/\/www.daniperezfotografia.es\/wordpress\/wp-content\/uploads\/2015\/10\/13-9686-post\/sesion-de-fotos-de-pareja-en-madrid-0005.jpg\" alt=\"sesion de fotos de pareja en madrid\" width=\"900\" height=\"599\" srcset=\"https:\/\/www.daniperezfotografia.es\/wordpress\/wp-content\/uploads\/2015\/10\/13-9686-post\/sesion-de-fotos-de-pareja-en-madrid-0005.jpg 900w, https:\/\/www.daniperezfotografia.es\/wordpress\/wp-content\/uploads\/2015\/10\/13-9686-post\/sesion-de-fotos-de-pareja-en-madrid-0005-750x499.jpg 750w\" sizes=\"auto, (max-width: 900px) 100vw, 900px\" \/><img loading=\"lazy\" decoding=\"async\" class=\"aligncenter size-full wp-image-9693\" src=\"http:\/\/www.daniperezfotografia.es\/wordpress\/wp-content\/uploads\/2015\/10\/13-9686-post\/sesion-de-fotos-de-pareja-en-madrid-0006.jpg\" alt=\"sesion de fotos de pareja en madrid\" width=\"900\" height=\"599\" srcset=\"https:\/\/www.daniperezfotografia.es\/wordpress\/wp-content\/uploads\/2015\/10\/13-9686-post\/sesion-de-fotos-de-pareja-en-madrid-0006.jpg 900w, https:\/\/www.daniperezfotografia.es\/wordpress\/wp-content\/uploads\/2015\/10\/13-9686-post\/sesion-de-fotos-de-pareja-en-madrid-0006-750x499.jpg 750w\" sizes=\"auto, (max-width: 900px) 100vw, 900px\" \/><img loading=\"lazy\" decoding=\"async\" class=\"aligncenter size-full wp-image-9694\" src=\"http:\/\/www.daniperezfotografia.es\/wordpress\/wp-content\/uploads\/2015\/10\/13-9686-post\/sesion-de-fotos-de-pareja-en-madrid-0007.jpg\" alt=\"sesion de fotos de pareja en madrid\" width=\"900\" height=\"599\" srcset=\"https:\/\/www.daniperezfotografia.es\/wordpress\/wp-content\/uploads\/2015\/10\/13-9686-post\/sesion-de-fotos-de-pareja-en-madrid-0007.jpg 900w, https:\/\/www.daniperezfotografia.es\/wordpress\/wp-content\/uploads\/2015\/10\/13-9686-post\/sesion-de-fotos-de-pareja-en-madrid-0007-750x499.jpg 750w, https:\/\/www.daniperezfotografia.es\/wordpress\/wp-content\/uploads\/2015\/10\/13-9686-post\/sesion-de-fotos-de-pareja-en-madrid-0007-273x182.jpg 273w, https:\/\/www.daniperezfotografia.es\/wordpress\/wp-content\/uploads\/2015\/10\/13-9686-post\/sesion-de-fotos-de-pareja-en-madrid-0007-546x364.jpg 546w, https:\/\/www.daniperezfotografia.es\/wordpress\/wp-content\/uploads\/2015\/10\/13-9686-post\/sesion-de-fotos-de-pareja-en-madrid-0007-736x490.jpg 736w, https:\/\/www.daniperezfotografia.es\/wordpress\/wp-content\/uploads\/2015\/10\/13-9686-post\/sesion-de-fotos-de-pareja-en-madrid-0007-286x190.jpg 286w, https:\/\/www.daniperezfotografia.es\/wordpress\/wp-content\/uploads\/2015\/10\/13-9686-post\/sesion-de-fotos-de-pareja-en-madrid-0007-572x380.jpg 572w, https:\/\/www.daniperezfotografia.es\/wordpress\/wp-content\/uploads\/2015\/10\/13-9686-post\/sesion-de-fotos-de-pareja-en-madrid-0007-860x573.jpg 860w, https:\/\/www.daniperezfotografia.es\/wordpress\/wp-content\/uploads\/2015\/10\/13-9686-post\/sesion-de-fotos-de-pareja-en-madrid-0007-312x208.jpg 312w, https:\/\/www.daniperezfotografia.es\/wordpress\/wp-content\/uploads\/2015\/10\/13-9686-post\/sesion-de-fotos-de-pareja-en-madrid-0007-624x416.jpg 624w, https:\/\/www.daniperezfotografia.es\/wordpress\/wp-content\/uploads\/2015\/10\/13-9686-post\/sesion-de-fotos-de-pareja-en-madrid-0007-225x150.jpg 225w, https:\/\/www.daniperezfotografia.es\/wordpress\/wp-content\/uploads\/2015\/10\/13-9686-post\/sesion-de-fotos-de-pareja-en-madrid-0007-450x300.jpg 450w, https:\/\/www.daniperezfotografia.es\/wordpress\/wp-content\/uploads\/2015\/10\/13-9686-post\/sesion-de-fotos-de-pareja-en-madrid-0007-300x200.jpg 300w, https:\/\/www.daniperezfotografia.es\/wordpress\/wp-content\/uploads\/2015\/10\/13-9686-post\/sesion-de-fotos-de-pareja-en-madrid-0007-600x400.jpg 600w\" sizes=\"auto, (max-width: 900px) 100vw, 900px\" \/><img loading=\"lazy\" decoding=\"async\" class=\"aligncenter size-full wp-image-9695\" src=\"http:\/\/www.daniperezfotografia.es\/wordpress\/wp-content\/uploads\/2015\/10\/13-9686-post\/sesion-de-fotos-de-pareja-en-madrid-0008.jpg\" alt=\"sesion de fotos de pareja en madrid\" width=\"900\" height=\"599\" srcset=\"https:\/\/www.daniperezfotografia.es\/wordpress\/wp-content\/uploads\/2015\/10\/13-9686-post\/sesion-de-fotos-de-pareja-en-madrid-0008.jpg 900w, https:\/\/www.daniperezfotografia.es\/wordpress\/wp-content\/uploads\/2015\/10\/13-9686-post\/sesion-de-fotos-de-pareja-en-madrid-0008-750x499.jpg 750w\" sizes=\"auto, (max-width: 900px) 100vw, 900px\" \/><img loading=\"lazy\" decoding=\"async\" class=\"aligncenter size-full wp-image-9696\" src=\"http:\/\/www.daniperezfotografia.es\/wordpress\/wp-content\/uploads\/2015\/10\/13-9686-post\/sesion-de-fotos-de-pareja-en-madrid-0009.jpg\" alt=\"sesion de fotos de pareja en madrid\" width=\"900\" height=\"599\" srcset=\"https:\/\/www.daniperezfotografia.es\/wordpress\/wp-content\/uploads\/2015\/10\/13-9686-post\/sesion-de-fotos-de-pareja-en-madrid-0009.jpg 900w, https:\/\/www.daniperezfotografia.es\/wordpress\/wp-content\/uploads\/2015\/10\/13-9686-post\/sesion-de-fotos-de-pareja-en-madrid-0009-750x499.jpg 750w\" sizes=\"auto, (max-width: 900px) 100vw, 900px\" \/><img loading=\"lazy\" decoding=\"async\" class=\"aligncenter size-full wp-image-9697\" src=\"http:\/\/www.daniperezfotografia.es\/wordpress\/wp-content\/uploads\/2015\/10\/13-9686-post\/sesion-de-fotos-de-pareja-en-madrid-0010.jpg\" alt=\"sesion de fotos de pareja en madrid\" width=\"900\" height=\"599\" srcset=\"https:\/\/www.daniperezfotografia.es\/wordpress\/wp-content\/uploads\/2015\/10\/13-9686-post\/sesion-de-fotos-de-pareja-en-madrid-0010.jpg 900w, https:\/\/www.daniperezfotografia.es\/wordpress\/wp-content\/uploads\/2015\/10\/13-9686-post\/sesion-de-fotos-de-pareja-en-madrid-0010-750x499.jpg 750w\" sizes=\"auto, (max-width: 900px) 100vw, 900px\" \/><img loading=\"lazy\" decoding=\"async\" class=\"aligncenter size-full wp-image-9698\" src=\"http:\/\/www.daniperezfotografia.es\/wordpress\/wp-content\/uploads\/2015\/10\/13-9686-post\/sesion-de-fotos-de-pareja-en-madrid-0011.jpg\" alt=\"sesion de fotos de pareja en madrid\" width=\"900\" height=\"396\" srcset=\"https:\/\/www.daniperezfotografia.es\/wordpress\/wp-content\/uploads\/2015\/10\/13-9686-post\/sesion-de-fotos-de-pareja-en-madrid-0011.jpg 900w, https:\/\/www.daniperezfotografia.es\/wordpress\/wp-content\/uploads\/2015\/10\/13-9686-post\/sesion-de-fotos-de-pareja-en-madrid-0011-750x330.jpg 750w\" sizes=\"auto, (max-width: 900px) 100vw, 900px\" \/><img loading=\"lazy\" decoding=\"async\" class=\"aligncenter size-full wp-image-9699\" src=\"http:\/\/www.daniperezfotografia.es\/wordpress\/wp-content\/uploads\/2015\/10\/13-9686-post\/sesion-de-fotos-de-pareja-en-madrid-0012.jpg\" alt=\"sesion de fotos de pareja en madrid\" width=\"900\" height=\"599\" srcset=\"https:\/\/www.daniperezfotografia.es\/wordpress\/wp-content\/uploads\/2015\/10\/13-9686-post\/sesion-de-fotos-de-pareja-en-madrid-0012.jpg 900w, https:\/\/www.daniperezfotografia.es\/wordpress\/wp-content\/uploads\/2015\/10\/13-9686-post\/sesion-de-fotos-de-pareja-en-madrid-0012-750x499.jpg 750w\" sizes=\"auto, (max-width: 900px) 100vw, 900px\" \/><img loading=\"lazy\" decoding=\"async\" class=\"aligncenter size-full wp-image-9700\" src=\"http:\/\/www.daniperezfotografia.es\/wordpress\/wp-content\/uploads\/2015\/10\/13-9686-post\/sesion-de-fotos-de-pareja-en-madrid-0013.jpg\" alt=\"sesion de fotos de pareja en madrid\" width=\"900\" height=\"599\" srcset=\"https:\/\/www.daniperezfotografia.es\/wordpress\/wp-content\/uploads\/2015\/10\/13-9686-post\/sesion-de-fotos-de-pareja-en-madrid-0013.jpg 900w, https:\/\/www.daniperezfotografia.es\/wordpress\/wp-content\/uploads\/2015\/10\/13-9686-post\/sesion-de-fotos-de-pareja-en-madrid-0013-750x499.jpg 750w\" sizes=\"auto, (max-width: 900px) 100vw, 900px\" \/><img loading=\"lazy\" decoding=\"async\" class=\"aligncenter size-full wp-image-9701\" src=\"http:\/\/www.daniperezfotografia.es\/wordpress\/wp-content\/uploads\/2015\/10\/13-9686-post\/sesion-de-fotos-de-pareja-en-madrid-0014.jpg\" alt=\"sesion de fotos de pareja en madrid\" width=\"900\" height=\"599\" srcset=\"https:\/\/www.daniperezfotografia.es\/wordpress\/wp-content\/uploads\/2015\/10\/13-9686-post\/sesion-de-fotos-de-pareja-en-madrid-0014.jpg 900w, https:\/\/www.daniperezfotografia.es\/wordpress\/wp-content\/uploads\/2015\/10\/13-9686-post\/sesion-de-fotos-de-pareja-en-madrid-0014-750x499.jpg 750w\" sizes=\"auto, (max-width: 900px) 100vw, 900px\" \/><img loading=\"lazy\" decoding=\"async\" class=\"aligncenter size-full wp-image-9702\" src=\"http:\/\/www.daniperezfotografia.es\/wordpress\/wp-content\/uploads\/2015\/10\/13-9686-post\/sesion-de-fotos-de-pareja-en-madrid-0015.jpg\" alt=\"sesion de fotos de pareja en madrid\" width=\"900\" height=\"599\" srcset=\"https:\/\/www.daniperezfotografia.es\/wordpress\/wp-content\/uploads\/2015\/10\/13-9686-post\/sesion-de-fotos-de-pareja-en-madrid-0015.jpg 900w, https:\/\/www.daniperezfotografia.es\/wordpress\/wp-content\/uploads\/2015\/10\/13-9686-post\/sesion-de-fotos-de-pareja-en-madrid-0015-750x499.jpg 750w\" sizes=\"auto, (max-width: 900px) 100vw, 900px\" \/><img loading=\"lazy\" decoding=\"async\" class=\"aligncenter size-full wp-image-9703\" src=\"http:\/\/www.daniperezfotografia.es\/wordpress\/wp-content\/uploads\/2015\/10\/13-9686-post\/sesion-de-fotos-de-pareja-en-madrid-0016.jpg\" alt=\"sesion de fotos de pareja en madrid\" width=\"900\" height=\"599\" srcset=\"https:\/\/www.daniperezfotografia.es\/wordpress\/wp-content\/uploads\/2015\/10\/13-9686-post\/sesion-de-fotos-de-pareja-en-madrid-0016.jpg 900w, https:\/\/www.daniperezfotografia.es\/wordpress\/wp-content\/uploads\/2015\/10\/13-9686-post\/sesion-de-fotos-de-pareja-en-madrid-0016-750x499.jpg 750w\" sizes=\"auto, (max-width: 900px) 100vw, 900px\" \/><img loading=\"lazy\" decoding=\"async\" class=\"aligncenter size-full wp-image-9704\" src=\"http:\/\/www.daniperezfotografia.es\/wordpress\/wp-content\/uploads\/2015\/10\/13-9686-post\/sesion-de-fotos-de-pareja-en-madrid-0017.jpg\" alt=\"sesion de fotos de pareja en madrid\" width=\"900\" height=\"599\" srcset=\"https:\/\/www.daniperezfotografia.es\/wordpress\/wp-content\/uploads\/2015\/10\/13-9686-post\/sesion-de-fotos-de-pareja-en-madrid-0017.jpg 900w, https:\/\/www.daniperezfotografia.es\/wordpress\/wp-content\/uploads\/2015\/10\/13-9686-post\/sesion-de-fotos-de-pareja-en-madrid-0017-750x499.jpg 750w\" sizes=\"auto, (max-width: 900px) 100vw, 900px\" \/><img loading=\"lazy\" decoding=\"async\" class=\"aligncenter size-full wp-image-9705\" src=\"http:\/\/www.daniperezfotografia.es\/wordpress\/wp-content\/uploads\/2015\/10\/13-9686-post\/sesion-de-fotos-de-pareja-en-madrid-0018.jpg\" alt=\"sesion de fotos de pareja en madrid\" width=\"900\" height=\"599\" srcset=\"https:\/\/www.daniperezfotografia.es\/wordpress\/wp-content\/uploads\/2015\/10\/13-9686-post\/sesion-de-fotos-de-pareja-en-madrid-0018.jpg 900w, https:\/\/www.daniperezfotografia.es\/wordpress\/wp-content\/uploads\/2015\/10\/13-9686-post\/sesion-de-fotos-de-pareja-en-madrid-0018-750x499.jpg 750w\" sizes=\"auto, (max-width: 900px) 100vw, 900px\" \/><img loading=\"lazy\" decoding=\"async\" class=\"aligncenter size-full wp-image-9706\" src=\"http:\/\/www.daniperezfotografia.es\/wordpress\/wp-content\/uploads\/2015\/10\/13-9686-post\/sesion-de-fotos-de-pareja-en-madrid-0019.jpg\" alt=\"sesion de fotos de pareja en madrid\" width=\"900\" height=\"599\" srcset=\"https:\/\/www.daniperezfotografia.es\/wordpress\/wp-content\/uploads\/2015\/10\/13-9686-post\/sesion-de-fotos-de-pareja-en-madrid-0019.jpg 900w, https:\/\/www.daniperezfotografia.es\/wordpress\/wp-content\/uploads\/2015\/10\/13-9686-post\/sesion-de-fotos-de-pareja-en-madrid-0019-750x499.jpg 750w\" sizes=\"auto, (max-width: 900px) 100vw, 900px\" \/><img loading=\"lazy\" decoding=\"async\" class=\"aligncenter size-full wp-image-9707\" src=\"http:\/\/www.daniperezfotografia.es\/wordpress\/wp-content\/uploads\/2015\/10\/13-9686-post\/sesion-de-fotos-de-pareja-en-madrid-0020.jpg\" alt=\"sesion-de-fotos-de-pareja-en-madrid-0020\" width=\"900\" height=\"599\" srcset=\"https:\/\/www.daniperezfotografia.es\/wordpress\/wp-content\/uploads\/2015\/10\/13-9686-post\/sesion-de-fotos-de-pareja-en-madrid-0020.jpg 900w, https:\/\/www.daniperezfotografia.es\/wordpress\/wp-content\/uploads\/2015\/10\/13-9686-post\/sesion-de-fotos-de-pareja-en-madrid-0020-750x499.jpg 750w\" sizes=\"auto, (max-width: 900px) 100vw, 900px\" \/><img loading=\"lazy\" decoding=\"async\" class=\"aligncenter size-full wp-image-9708\" src=\"http:\/\/www.daniperezfotografia.es\/wordpress\/wp-content\/uploads\/2015\/10\/13-9686-post\/sesion-de-fotos-de-pareja-en-madrid-0021.jpg\" alt=\"sesion de fotos de pareja en madrid\" width=\"900\" height=\"599\" srcset=\"https:\/\/www.daniperezfotografia.es\/wordpress\/wp-content\/uploads\/2015\/10\/13-9686-post\/sesion-de-fotos-de-pareja-en-madrid-0021.jpg 900w, https:\/\/www.daniperezfotografia.es\/wordpress\/wp-content\/uploads\/2015\/10\/13-9686-post\/sesion-de-fotos-de-pareja-en-madrid-0021-750x499.jpg 750w\" sizes=\"auto, (max-width: 900px) 100vw, 900px\" \/><\/p>\n","protected":false},"excerpt":{"rendered":"<p>Gloria es fotografa y amiga, una gran fotografa de bodas y familias. Este a\u00f1o, quer\u00eda sorprender a su chico por su aniversario, con una sesi\u00f3n de fotos\u00a0de pareja. El trabajo, los ni\u00f1os, el ajetreo del d\u00eda a d\u00eda, muchas veces nos deja sin tiempo para disfrutar de nuestras parejas. Por eso, reservaron una tarde para [&hellip;]<\/p>\n","protected":false},"author":1,"featured_media":11286,"comment_status":"open","ping_status":"open","sticky":false,"template":"","format":"standard","meta":{"footnotes":""},"categories":[929],"tags":[262,747],"class_list":["post-9686","post","type-post","status-publish","format-standard","has-post-thumbnail","hentry","category-parejas","tag-campo-de-las-naciones","tag-sesion-de-pareja"],"blocksy_meta":{"styles_descriptor":{"styles":{"desktop":"","tablet":"","mobile":""},"google_fonts":[],"version":6}},"yoast_head":"<!-- This site is optimized with the Yoast SEO plugin v27.4 - https:\/\/yoast.com\/product\/yoast-seo-wordpress\/ -->\n<title>Pareja en Campo de las Naciones<\/title>\n<meta name=\"description\" content=\"Sesion de fotos de pareja en el Campo de las Naciones de Madrid. Una tarde para volver a disfrutar con tu pareja y desconectar de la monotonia.\" \/>\n<meta name=\"robots\" content=\"index, follow, max-snippet:-1, max-image-preview:large, max-video-preview:-1\" \/>\n<link rel=\"canonical\" href=\"http:\/\/www.daniperezfotografia.es\/wordpress\/parejas\/sesion-de-fotos-de-pareja-en-madrid\" \/>\n<meta property=\"og:locale\" content=\"es_ES\" \/>\n<meta property=\"og:type\" content=\"article\" \/>\n<meta property=\"og:title\" content=\"Pareja en Campo de las Naciones\" \/>\n<meta property=\"og:description\" content=\"Sesion de fotos de pareja en el Campo de las Naciones de Madrid. Una tarde para volver a disfrutar con tu pareja y desconectar de la monotonia.\" \/>\n<meta property=\"og:url\" content=\"http:\/\/www.daniperezfotografia.es\/wordpress\/parejas\/sesion-de-fotos-de-pareja-en-madrid\" \/>\n<meta property=\"og:site_name\" content=\"Dani Perez Fotografia | Fotografo Profesional en Madrid\" \/>\n<meta property=\"article:publisher\" content=\"https:\/\/www.facebook.com\/daniperezfotografia\" \/>\n<meta property=\"article:author\" content=\"https:\/\/www.facebook.com\/daniperezfotografia\" \/>\n<meta property=\"article:published_time\" content=\"2015-10-13T20:30:33+00:00\" \/>\n<meta property=\"article:modified_time\" content=\"2020-05-18T19:25:23+00:00\" \/>\n<meta property=\"og:image\" content=\"http:\/\/www.daniperezfotografia.es\/wordpress\/wp-content\/uploads\/2015\/10\/gloria-sergio-sesion-pareja-campo-las-naciones-1100.jpg\" \/>\n\t<meta property=\"og:image:width\" content=\"1100\" \/>\n\t<meta property=\"og:image:height\" content=\"732\" \/>\n\t<meta property=\"og:image:type\" content=\"image\/jpeg\" \/>\n<meta name=\"author\" content=\"Dani\" \/>\n<meta name=\"twitter:card\" content=\"summary_large_image\" \/>\n<meta name=\"twitter:creator\" content=\"@daniperezfoto\" \/>\n<meta name=\"twitter:site\" content=\"@daniperezfoto\" \/>\n<meta name=\"twitter:label1\" content=\"Escrito por\" \/>\n\t<meta name=\"twitter:data1\" content=\"Dani\" \/>\n\t<meta name=\"twitter:label2\" content=\"Tiempo de lectura\" \/>\n\t<meta name=\"twitter:data2\" content=\"1 minuto\" \/>\n<script type=\"application\/ld+json\" class=\"yoast-schema-graph\">{\"@context\":\"https:\\\/\\\/schema.org\",\"@graph\":[{\"@type\":\"Article\",\"@id\":\"http:\\\/\\\/www.daniperezfotografia.es\\\/wordpress\\\/parejas\\\/sesion-de-fotos-de-pareja-en-madrid#article\",\"isPartOf\":{\"@id\":\"http:\\\/\\\/www.daniperezfotografia.es\\\/wordpress\\\/parejas\\\/sesion-de-fotos-de-pareja-en-madrid\"},\"author\":{\"name\":\"Dani\",\"@id\":\"https:\\\/\\\/www.daniperezfotografia.es\\\/wordpress\\\/#\\\/schema\\\/person\\\/e182c086037e8185dcc7e99e2c589a63\"},\"headline\":\"Pareja en Campo de las Naciones\",\"datePublished\":\"2015-10-13T20:30:33+00:00\",\"dateModified\":\"2020-05-18T19:25:23+00:00\",\"mainEntityOfPage\":{\"@id\":\"http:\\\/\\\/www.daniperezfotografia.es\\\/wordpress\\\/parejas\\\/sesion-de-fotos-de-pareja-en-madrid\"},\"wordCount\":161,\"commentCount\":0,\"publisher\":{\"@id\":\"https:\\\/\\\/www.daniperezfotografia.es\\\/wordpress\\\/#organization\"},\"image\":{\"@id\":\"http:\\\/\\\/www.daniperezfotografia.es\\\/wordpress\\\/parejas\\\/sesion-de-fotos-de-pareja-en-madrid#primaryimage\"},\"thumbnailUrl\":\"https:\\\/\\\/www.daniperezfotografia.es\\\/wordpress\\\/wp-content\\\/uploads\\\/2015\\\/10\\\/gloria-sergio-sesion-pareja-campo-las-naciones-1100.jpg\",\"keywords\":[\"campo de las naciones\",\"sesion de pareja\"],\"articleSection\":[\"Sesiones de fotos de Parejas en Madrid\"],\"inLanguage\":\"es\",\"potentialAction\":[{\"@type\":\"CommentAction\",\"name\":\"Comment\",\"target\":[\"http:\\\/\\\/www.daniperezfotografia.es\\\/wordpress\\\/parejas\\\/sesion-de-fotos-de-pareja-en-madrid#respond\"]}]},{\"@type\":\"WebPage\",\"@id\":\"http:\\\/\\\/www.daniperezfotografia.es\\\/wordpress\\\/parejas\\\/sesion-de-fotos-de-pareja-en-madrid\",\"url\":\"http:\\\/\\\/www.daniperezfotografia.es\\\/wordpress\\\/parejas\\\/sesion-de-fotos-de-pareja-en-madrid\",\"name\":\"Pareja en Campo de las Naciones\",\"isPartOf\":{\"@id\":\"https:\\\/\\\/www.daniperezfotografia.es\\\/wordpress\\\/#website\"},\"primaryImageOfPage\":{\"@id\":\"http:\\\/\\\/www.daniperezfotografia.es\\\/wordpress\\\/parejas\\\/sesion-de-fotos-de-pareja-en-madrid#primaryimage\"},\"image\":{\"@id\":\"http:\\\/\\\/www.daniperezfotografia.es\\\/wordpress\\\/parejas\\\/sesion-de-fotos-de-pareja-en-madrid#primaryimage\"},\"thumbnailUrl\":\"https:\\\/\\\/www.daniperezfotografia.es\\\/wordpress\\\/wp-content\\\/uploads\\\/2015\\\/10\\\/gloria-sergio-sesion-pareja-campo-las-naciones-1100.jpg\",\"datePublished\":\"2015-10-13T20:30:33+00:00\",\"dateModified\":\"2020-05-18T19:25:23+00:00\",\"description\":\"Sesion de fotos de pareja en el Campo de las Naciones de Madrid. Una tarde para volver a disfrutar con tu pareja y desconectar de la monotonia.\",\"breadcrumb\":{\"@id\":\"http:\\\/\\\/www.daniperezfotografia.es\\\/wordpress\\\/parejas\\\/sesion-de-fotos-de-pareja-en-madrid#breadcrumb\"},\"inLanguage\":\"es\",\"potentialAction\":[{\"@type\":\"ReadAction\",\"target\":[\"http:\\\/\\\/www.daniperezfotografia.es\\\/wordpress\\\/parejas\\\/sesion-de-fotos-de-pareja-en-madrid\"]}]},{\"@type\":\"ImageObject\",\"inLanguage\":\"es\",\"@id\":\"http:\\\/\\\/www.daniperezfotografia.es\\\/wordpress\\\/parejas\\\/sesion-de-fotos-de-pareja-en-madrid#primaryimage\",\"url\":\"https:\\\/\\\/www.daniperezfotografia.es\\\/wordpress\\\/wp-content\\\/uploads\\\/2015\\\/10\\\/gloria-sergio-sesion-pareja-campo-las-naciones-1100.jpg\",\"contentUrl\":\"https:\\\/\\\/www.daniperezfotografia.es\\\/wordpress\\\/wp-content\\\/uploads\\\/2015\\\/10\\\/gloria-sergio-sesion-pareja-campo-las-naciones-1100.jpg\",\"width\":1100,\"height\":732,\"caption\":\"sesion de fotos de pareja en campo de las naciones\"},{\"@type\":\"BreadcrumbList\",\"@id\":\"http:\\\/\\\/www.daniperezfotografia.es\\\/wordpress\\\/parejas\\\/sesion-de-fotos-de-pareja-en-madrid#breadcrumb\",\"itemListElement\":[{\"@type\":\"ListItem\",\"position\":1,\"name\":\"Portada\",\"item\":\"https:\\\/\\\/www.daniperezfotografia.es\\\/wordpress\\\/\"},{\"@type\":\"ListItem\",\"position\":2,\"name\":\"Pareja en Campo de las Naciones\"}]},{\"@type\":\"WebSite\",\"@id\":\"https:\\\/\\\/www.daniperezfotografia.es\\\/wordpress\\\/#website\",\"url\":\"https:\\\/\\\/www.daniperezfotografia.es\\\/wordpress\\\/\",\"name\":\"Dani Perez Fotografia | Fotografo Profesional en Madrid\",\"description\":\"Reportajes de bodas, bautizos, comuniones y sesiones de familia para particulares. Eventos, conferencias y retrato corporativo para empresas. Video de conferencias\",\"publisher\":{\"@id\":\"https:\\\/\\\/www.daniperezfotografia.es\\\/wordpress\\\/#organization\"},\"potentialAction\":[{\"@type\":\"SearchAction\",\"target\":{\"@type\":\"EntryPoint\",\"urlTemplate\":\"https:\\\/\\\/www.daniperezfotografia.es\\\/wordpress\\\/?s={search_term_string}\"},\"query-input\":{\"@type\":\"PropertyValueSpecification\",\"valueRequired\":true,\"valueName\":\"search_term_string\"}}],\"inLanguage\":\"es\"},{\"@type\":\"Organization\",\"@id\":\"https:\\\/\\\/www.daniperezfotografia.es\\\/wordpress\\\/#organization\",\"name\":\"Dani Perez Fotografia y Video\",\"url\":\"https:\\\/\\\/www.daniperezfotografia.es\\\/wordpress\\\/\",\"logo\":{\"@type\":\"ImageObject\",\"inLanguage\":\"es\",\"@id\":\"https:\\\/\\\/www.daniperezfotografia.es\\\/wordpress\\\/#\\\/schema\\\/logo\\\/image\\\/\",\"url\":\"\",\"contentUrl\":\"\",\"caption\":\"Dani Perez Fotografia y Video\"},\"image\":{\"@id\":\"https:\\\/\\\/www.daniperezfotografia.es\\\/wordpress\\\/#\\\/schema\\\/logo\\\/image\\\/\"},\"sameAs\":[\"https:\\\/\\\/www.facebook.com\\\/daniperezfotografia\",\"https:\\\/\\\/x.com\\\/daniperezfoto\",\"https:\\\/\\\/instagram.com\\\/daniperezfotografia\\\/\",\"https:\\\/\\\/www.linkedin.com\\\/pub\\\/dani-perez-fotografo\\\/b2\\\/3b0\\\/594\"]},{\"@type\":\"Person\",\"@id\":\"https:\\\/\\\/www.daniperezfotografia.es\\\/wordpress\\\/#\\\/schema\\\/person\\\/e182c086037e8185dcc7e99e2c589a63\",\"name\":\"Dani\",\"sameAs\":[\"http:\\\/\\\/www.daniperezfotografia.es\",\"https:\\\/\\\/www.facebook.com\\\/daniperezfotografia\",\"https:\\\/\\\/x.com\\\/daniperezfoto\"]}]}<\/script>\n<!-- \/ Yoast SEO plugin. -->","yoast_head_json":{"title":"Pareja en Campo de las Naciones","description":"Sesion de fotos de pareja en el Campo de las Naciones de Madrid. Una tarde para volver a disfrutar con tu pareja y desconectar de la monotonia.","robots":{"index":"index","follow":"follow","max-snippet":"max-snippet:-1","max-image-preview":"max-image-preview:large","max-video-preview":"max-video-preview:-1"},"canonical":"http:\/\/www.daniperezfotografia.es\/wordpress\/parejas\/sesion-de-fotos-de-pareja-en-madrid","og_locale":"es_ES","og_type":"article","og_title":"Pareja en Campo de las Naciones","og_description":"Sesion de fotos de pareja en el Campo de las Naciones de Madrid. Una tarde para volver a disfrutar con tu pareja y desconectar de la monotonia.","og_url":"http:\/\/www.daniperezfotografia.es\/wordpress\/parejas\/sesion-de-fotos-de-pareja-en-madrid","og_site_name":"Dani Perez Fotografia | Fotografo Profesional en Madrid","article_publisher":"https:\/\/www.facebook.com\/daniperezfotografia","article_author":"https:\/\/www.facebook.com\/daniperezfotografia","article_published_time":"2015-10-13T20:30:33+00:00","article_modified_time":"2020-05-18T19:25:23+00:00","og_image":[{"width":1100,"height":732,"url":"http:\/\/www.daniperezfotografia.es\/wordpress\/wp-content\/uploads\/2015\/10\/gloria-sergio-sesion-pareja-campo-las-naciones-1100.jpg","type":"image\/jpeg"}],"author":"Dani","twitter_card":"summary_large_image","twitter_creator":"@daniperezfoto","twitter_site":"@daniperezfoto","twitter_misc":{"Escrito por":"Dani","Tiempo de lectura":"1 minuto"},"schema":{"@context":"https:\/\/schema.org","@graph":[{"@type":"Article","@id":"http:\/\/www.daniperezfotografia.es\/wordpress\/parejas\/sesion-de-fotos-de-pareja-en-madrid#article","isPartOf":{"@id":"http:\/\/www.daniperezfotografia.es\/wordpress\/parejas\/sesion-de-fotos-de-pareja-en-madrid"},"author":{"name":"Dani","@id":"https:\/\/www.daniperezfotografia.es\/wordpress\/#\/schema\/person\/e182c086037e8185dcc7e99e2c589a63"},"headline":"Pareja en Campo de las Naciones","datePublished":"2015-10-13T20:30:33+00:00","dateModified":"2020-05-18T19:25:23+00:00","mainEntityOfPage":{"@id":"http:\/\/www.daniperezfotografia.es\/wordpress\/parejas\/sesion-de-fotos-de-pareja-en-madrid"},"wordCount":161,"commentCount":0,"publisher":{"@id":"https:\/\/www.daniperezfotografia.es\/wordpress\/#organization"},"image":{"@id":"http:\/\/www.daniperezfotografia.es\/wordpress\/parejas\/sesion-de-fotos-de-pareja-en-madrid#primaryimage"},"thumbnailUrl":"https:\/\/www.daniperezfotografia.es\/wordpress\/wp-content\/uploads\/2015\/10\/gloria-sergio-sesion-pareja-campo-las-naciones-1100.jpg","keywords":["campo de las naciones","sesion de pareja"],"articleSection":["Sesiones de fotos de Parejas en Madrid"],"inLanguage":"es","potentialAction":[{"@type":"CommentAction","name":"Comment","target":["http:\/\/www.daniperezfotografia.es\/wordpress\/parejas\/sesion-de-fotos-de-pareja-en-madrid#respond"]}]},{"@type":"WebPage","@id":"http:\/\/www.daniperezfotografia.es\/wordpress\/parejas\/sesion-de-fotos-de-pareja-en-madrid","url":"http:\/\/www.daniperezfotografia.es\/wordpress\/parejas\/sesion-de-fotos-de-pareja-en-madrid","name":"Pareja en Campo de las Naciones","isPartOf":{"@id":"https:\/\/www.daniperezfotografia.es\/wordpress\/#website"},"primaryImageOfPage":{"@id":"http:\/\/www.daniperezfotografia.es\/wordpress\/parejas\/sesion-de-fotos-de-pareja-en-madrid#primaryimage"},"image":{"@id":"http:\/\/www.daniperezfotografia.es\/wordpress\/parejas\/sesion-de-fotos-de-pareja-en-madrid#primaryimage"},"thumbnailUrl":"https:\/\/www.daniperezfotografia.es\/wordpress\/wp-content\/uploads\/2015\/10\/gloria-sergio-sesion-pareja-campo-las-naciones-1100.jpg","datePublished":"2015-10-13T20:30:33+00:00","dateModified":"2020-05-18T19:25:23+00:00","description":"Sesion de fotos de pareja en el Campo de las Naciones de Madrid. Una tarde para volver a disfrutar con tu pareja y desconectar de la monotonia.","breadcrumb":{"@id":"http:\/\/www.daniperezfotografia.es\/wordpress\/parejas\/sesion-de-fotos-de-pareja-en-madrid#breadcrumb"},"inLanguage":"es","potentialAction":[{"@type":"ReadAction","target":["http:\/\/www.daniperezfotografia.es\/wordpress\/parejas\/sesion-de-fotos-de-pareja-en-madrid"]}]},{"@type":"ImageObject","inLanguage":"es","@id":"http:\/\/www.daniperezfotografia.es\/wordpress\/parejas\/sesion-de-fotos-de-pareja-en-madrid#primaryimage","url":"https:\/\/www.daniperezfotografia.es\/wordpress\/wp-content\/uploads\/2015\/10\/gloria-sergio-sesion-pareja-campo-las-naciones-1100.jpg","contentUrl":"https:\/\/www.daniperezfotografia.es\/wordpress\/wp-content\/uploads\/2015\/10\/gloria-sergio-sesion-pareja-campo-las-naciones-1100.jpg","width":1100,"height":732,"caption":"sesion de fotos de pareja en campo de las naciones"},{"@type":"BreadcrumbList","@id":"http:\/\/www.daniperezfotografia.es\/wordpress\/parejas\/sesion-de-fotos-de-pareja-en-madrid#breadcrumb","itemListElement":[{"@type":"ListItem","position":1,"name":"Portada","item":"https:\/\/www.daniperezfotografia.es\/wordpress\/"},{"@type":"ListItem","position":2,"name":"Pareja en Campo de las Naciones"}]},{"@type":"WebSite","@id":"https:\/\/www.daniperezfotografia.es\/wordpress\/#website","url":"https:\/\/www.daniperezfotografia.es\/wordpress\/","name":"Dani Perez Fotografia | Fotografo Profesional en Madrid","description":"Reportajes de bodas, bautizos, comuniones y sesiones de familia para particulares. Eventos, conferencias y retrato corporativo para empresas. Video de conferencias","publisher":{"@id":"https:\/\/www.daniperezfotografia.es\/wordpress\/#organization"},"potentialAction":[{"@type":"SearchAction","target":{"@type":"EntryPoint","urlTemplate":"https:\/\/www.daniperezfotografia.es\/wordpress\/?s={search_term_string}"},"query-input":{"@type":"PropertyValueSpecification","valueRequired":true,"valueName":"search_term_string"}}],"inLanguage":"es"},{"@type":"Organization","@id":"https:\/\/www.daniperezfotografia.es\/wordpress\/#organization","name":"Dani Perez Fotografia y Video","url":"https:\/\/www.daniperezfotografia.es\/wordpress\/","logo":{"@type":"ImageObject","inLanguage":"es","@id":"https:\/\/www.daniperezfotografia.es\/wordpress\/#\/schema\/logo\/image\/","url":"","contentUrl":"","caption":"Dani Perez Fotografia y Video"},"image":{"@id":"https:\/\/www.daniperezfotografia.es\/wordpress\/#\/schema\/logo\/image\/"},"sameAs":["https:\/\/www.facebook.com\/daniperezfotografia","https:\/\/x.com\/daniperezfoto","https:\/\/instagram.com\/daniperezfotografia\/","https:\/\/www.linkedin.com\/pub\/dani-perez-fotografo\/b2\/3b0\/594"]},{"@type":"Person","@id":"https:\/\/www.daniperezfotografia.es\/wordpress\/#\/schema\/person\/e182c086037e8185dcc7e99e2c589a63","name":"Dani","sameAs":["http:\/\/www.daniperezfotografia.es","https:\/\/www.facebook.com\/daniperezfotografia","https:\/\/x.com\/daniperezfoto"]}]}},"_links":{"self":[{"href":"https:\/\/www.daniperezfotografia.es\/wordpress\/wp-json\/wp\/v2\/posts\/9686","targetHints":{"allow":["GET"]}}],"collection":[{"href":"https:\/\/www.daniperezfotografia.es\/wordpress\/wp-json\/wp\/v2\/posts"}],"about":[{"href":"https:\/\/www.daniperezfotografia.es\/wordpress\/wp-json\/wp\/v2\/types\/post"}],"author":[{"embeddable":true,"href":"https:\/\/www.daniperezfotografia.es\/wordpress\/wp-json\/wp\/v2\/users\/1"}],"replies":[{"embeddable":true,"href":"https:\/\/www.daniperezfotografia.es\/wordpress\/wp-json\/wp\/v2\/comments?post=9686"}],"version-history":[{"count":3,"href":"https:\/\/www.daniperezfotografia.es\/wordpress\/wp-json\/wp\/v2\/posts\/9686\/revisions"}],"predecessor-version":[{"id":13506,"href":"https:\/\/www.daniperezfotografia.es\/wordpress\/wp-json\/wp\/v2\/posts\/9686\/revisions\/13506"}],"wp:featuredmedia":[{"embeddable":true,"href":"https:\/\/www.daniperezfotografia.es\/wordpress\/wp-json\/wp\/v2\/media\/11286"}],"wp:attachment":[{"href":"https:\/\/www.daniperezfotografia.es\/wordpress\/wp-json\/wp\/v2\/media?parent=9686"}],"wp:term":[{"taxonomy":"category","embeddable":true,"href":"https:\/\/www.daniperezfotografia.es\/wordpress\/wp-json\/wp\/v2\/categories?post=9686"},{"taxonomy":"post_tag","embeddable":true,"href":"https:\/\/www.daniperezfotografia.es\/wordpress\/wp-json\/wp\/v2\/tags?post=9686"}],"curies":[{"name":"wp","href":"https:\/\/api.w.org\/{rel}","templated":true}]}}