{"id":8829,"date":"2015-04-15T12:58:10","date_gmt":"2015-04-15T11:58:10","guid":{"rendered":"http:\/\/www.daniperezfotografia.es\/wordpress\/?p=8829"},"modified":"2017-02-23T12:34:42","modified_gmt":"2017-02-23T11:34:42","slug":"fotos-de-bautizo-en-mirasierra","status":"publish","type":"post","link":"https:\/\/www.daniperezfotografia.es\/wordpress\/fotos-de-bautizo\/fotos-de-bautizo-en-mirasierra","title":{"rendered":"Fotos de bautizo en Mirasierra"},"content":{"rendered":"<p style=\"text-align: left;\"><strong>Fotos de bautizo<\/strong> en Mirasierra. Celebraci\u00f3n del bautizo en la <strong>Parroquia de Nuestra Se\u00f1ora de las Nieves<\/strong><\/p>\n<p style=\"text-align: left;\">Como <strong>fotografo de bautizos<\/strong> en Madrid, siempre recomiendo a mis clientes, comenzar el reportaje en su casa, aproximadamente 1h antes de la ceremonia, para poder tomar im\u00e1genes de los preparativos de la familia y prestar especial atenci\u00f3n a los mas peque\u00f1os, que siempre nos regalan <strong>momentos naturales<\/strong> y espont\u00e1neos. Mar\u00eda nuestra peque\u00f1a protagonista, tiene dos hermanitos guap\u00edsimos y muy divertidos con los que hice buenas migas y disfrutamos de lo lindo jugando con papa en el sill\u00f3n del sal\u00f3n. Para mi estos <strong>momentos naturales en familia<\/strong> me permiten tomar im\u00e1genes que ser\u00e1n recuerdos invaluables\u00a0para toda la vida.<\/p>\n<p style=\"text-align: left;\">La ceremonia tuvo lugar en la <strong>Parroquia de Nuestra Se\u00f1ora de las Nieves.<\/strong> Durante la celebraci\u00f3n de bautizo, al no poder intervenir, hay que estar muy atento para captar no solo los momentos mas representativos del bautismo, sino captar vuestra relaci\u00f3n con familiares, amigos y de nuevo, estar muy atento a los mas peque\u00f1os, que no entienden de protocolos ni formalidades y tratan de divertirse en cualquier lugar, incluso en la iglesia durante la celebraci\u00f3n, d\u00e1ndonos la posibilidad de <strong>capturar momentos divertidos<\/strong> y naturales<\/p>\n<p style=\"text-align: left;\">Tras la ceremonia, no pueden faltar las <strong>fotos de familia<\/strong>, para que vuestro reportaje de <strong>fotos de bautizo<\/strong> sea completo y dispongais de un bonito recuerdo de todas aquellas personas que os acompa\u00f1aron en la celebraci\u00f3n el bautizo de vuestro peque.<\/p>\n<p style=\"text-align: center;\"><img loading=\"lazy\" decoding=\"async\" class=\"aligncenter size-full wp-image-8830\" src=\"http:\/\/www.daniperezfotografia.es\/wordpress\/wp-content\/uploads\/2015\/04\/15-8829-post\/fotos-de-bautizo-en-mirasierra-fotografo-bautizos-madrid-0018.jpg\" alt=\"fotografo de bautizos en madrid\" width=\"900\" height=\"599\" srcset=\"https:\/\/www.daniperezfotografia.es\/wordpress\/wp-content\/uploads\/2015\/04\/15-8829-post\/fotos-de-bautizo-en-mirasierra-fotografo-bautizos-madrid-0018.jpg 900w, https:\/\/www.daniperezfotografia.es\/wordpress\/wp-content\/uploads\/2015\/04\/15-8829-post\/fotos-de-bautizo-en-mirasierra-fotografo-bautizos-madrid-0018-750x499.jpg 750w\" sizes=\"auto, (max-width: 900px) 100vw, 900px\" \/><img loading=\"lazy\" decoding=\"async\" class=\"aligncenter size-full wp-image-8831\" src=\"http:\/\/www.daniperezfotografia.es\/wordpress\/wp-content\/uploads\/2015\/04\/15-8829-post\/fotos-de-bautizo-en-mirasierra-fotografo-bautizos-madrid-0020.jpg\" alt=\"fotografo de bautizos en madrid\" width=\"900\" height=\"599\" srcset=\"https:\/\/www.daniperezfotografia.es\/wordpress\/wp-content\/uploads\/2015\/04\/15-8829-post\/fotos-de-bautizo-en-mirasierra-fotografo-bautizos-madrid-0020.jpg 900w, https:\/\/www.daniperezfotografia.es\/wordpress\/wp-content\/uploads\/2015\/04\/15-8829-post\/fotos-de-bautizo-en-mirasierra-fotografo-bautizos-madrid-0020-750x499.jpg 750w\" sizes=\"auto, (max-width: 900px) 100vw, 900px\" \/><img loading=\"lazy\" decoding=\"async\" class=\"aligncenter size-full wp-image-8832\" src=\"http:\/\/www.daniperezfotografia.es\/wordpress\/wp-content\/uploads\/2015\/04\/15-8829-post\/fotos-de-bautizo-en-mirasierra-fotografo-bautizos-madrid-0021.jpg\" alt=\"fotografo de bautizos en madrid\" width=\"900\" height=\"599\" srcset=\"https:\/\/www.daniperezfotografia.es\/wordpress\/wp-content\/uploads\/2015\/04\/15-8829-post\/fotos-de-bautizo-en-mirasierra-fotografo-bautizos-madrid-0021.jpg 900w, https:\/\/www.daniperezfotografia.es\/wordpress\/wp-content\/uploads\/2015\/04\/15-8829-post\/fotos-de-bautizo-en-mirasierra-fotografo-bautizos-madrid-0021-750x499.jpg 750w, https:\/\/www.daniperezfotografia.es\/wordpress\/wp-content\/uploads\/2015\/04\/15-8829-post\/fotos-de-bautizo-en-mirasierra-fotografo-bautizos-madrid-0021-273x182.jpg 273w, https:\/\/www.daniperezfotografia.es\/wordpress\/wp-content\/uploads\/2015\/04\/15-8829-post\/fotos-de-bautizo-en-mirasierra-fotografo-bautizos-madrid-0021-546x364.jpg 546w, https:\/\/www.daniperezfotografia.es\/wordpress\/wp-content\/uploads\/2015\/04\/15-8829-post\/fotos-de-bautizo-en-mirasierra-fotografo-bautizos-madrid-0021-598x398.jpg 598w, https:\/\/www.daniperezfotografia.es\/wordpress\/wp-content\/uploads\/2015\/04\/15-8829-post\/fotos-de-bautizo-en-mirasierra-fotografo-bautizos-madrid-0021-200x133.jpg 200w, https:\/\/www.daniperezfotografia.es\/wordpress\/wp-content\/uploads\/2015\/04\/15-8829-post\/fotos-de-bautizo-en-mirasierra-fotografo-bautizos-madrid-0021-400x266.jpg 400w, https:\/\/www.daniperezfotografia.es\/wordpress\/wp-content\/uploads\/2015\/04\/15-8829-post\/fotos-de-bautizo-en-mirasierra-fotografo-bautizos-madrid-0021-736x490.jpg 736w, https:\/\/www.daniperezfotografia.es\/wordpress\/wp-content\/uploads\/2015\/04\/15-8829-post\/fotos-de-bautizo-en-mirasierra-fotografo-bautizos-madrid-0021-286x190.jpg 286w, https:\/\/www.daniperezfotografia.es\/wordpress\/wp-content\/uploads\/2015\/04\/15-8829-post\/fotos-de-bautizo-en-mirasierra-fotografo-bautizos-madrid-0021-572x380.jpg 572w\" sizes=\"auto, (max-width: 900px) 100vw, 900px\" \/><img loading=\"lazy\" decoding=\"async\" class=\"aligncenter size-full wp-image-8833\" src=\"http:\/\/www.daniperezfotografia.es\/wordpress\/wp-content\/uploads\/2015\/04\/15-8829-post\/fotos-de-bautizo-en-mirasierra-fotografo-bautizos-madrid-0003.jpg\" alt=\"fotografo de bautizos en madrid\" width=\"900\" height=\"599\" srcset=\"https:\/\/www.daniperezfotografia.es\/wordpress\/wp-content\/uploads\/2015\/04\/15-8829-post\/fotos-de-bautizo-en-mirasierra-fotografo-bautizos-madrid-0003.jpg 900w, https:\/\/www.daniperezfotografia.es\/wordpress\/wp-content\/uploads\/2015\/04\/15-8829-post\/fotos-de-bautizo-en-mirasierra-fotografo-bautizos-madrid-0003-750x499.jpg 750w\" sizes=\"auto, (max-width: 900px) 100vw, 900px\" \/><img loading=\"lazy\" decoding=\"async\" class=\"aligncenter size-full wp-image-8834\" src=\"http:\/\/www.daniperezfotografia.es\/wordpress\/wp-content\/uploads\/2015\/04\/15-8829-post\/fotos-de-bautizo-en-mirasierra-fotografo-bautizos-madrid-0010.jpg\" alt=\"fotografo de bautizos en madrid\" width=\"900\" height=\"599\" srcset=\"https:\/\/www.daniperezfotografia.es\/wordpress\/wp-content\/uploads\/2015\/04\/15-8829-post\/fotos-de-bautizo-en-mirasierra-fotografo-bautizos-madrid-0010.jpg 900w, https:\/\/www.daniperezfotografia.es\/wordpress\/wp-content\/uploads\/2015\/04\/15-8829-post\/fotos-de-bautizo-en-mirasierra-fotografo-bautizos-madrid-0010-750x499.jpg 750w\" sizes=\"auto, (max-width: 900px) 100vw, 900px\" \/><img loading=\"lazy\" decoding=\"async\" class=\"aligncenter size-full wp-image-8835\" src=\"http:\/\/www.daniperezfotografia.es\/wordpress\/wp-content\/uploads\/2015\/04\/15-8829-post\/fotos-de-bautizo-en-mirasierra-fotografo-bautizos-madrid-0007.jpg\" alt=\"fotografo de bautizos en madrid\" width=\"900\" height=\"599\" srcset=\"https:\/\/www.daniperezfotografia.es\/wordpress\/wp-content\/uploads\/2015\/04\/15-8829-post\/fotos-de-bautizo-en-mirasierra-fotografo-bautizos-madrid-0007.jpg 900w, https:\/\/www.daniperezfotografia.es\/wordpress\/wp-content\/uploads\/2015\/04\/15-8829-post\/fotos-de-bautizo-en-mirasierra-fotografo-bautizos-madrid-0007-750x499.jpg 750w\" sizes=\"auto, (max-width: 900px) 100vw, 900px\" \/><img loading=\"lazy\" decoding=\"async\" class=\"aligncenter size-full wp-image-8836\" src=\"http:\/\/www.daniperezfotografia.es\/wordpress\/wp-content\/uploads\/2015\/04\/15-8829-post\/fotos-de-bautizo-en-mirasierra-fotografo-bautizos-madrid-0031.jpg\" alt=\"fotografo de bautizos en madrid\" width=\"900\" height=\"599\" srcset=\"https:\/\/www.daniperezfotografia.es\/wordpress\/wp-content\/uploads\/2015\/04\/15-8829-post\/fotos-de-bautizo-en-mirasierra-fotografo-bautizos-madrid-0031.jpg 900w, https:\/\/www.daniperezfotografia.es\/wordpress\/wp-content\/uploads\/2015\/04\/15-8829-post\/fotos-de-bautizo-en-mirasierra-fotografo-bautizos-madrid-0031-750x499.jpg 750w\" sizes=\"auto, (max-width: 900px) 100vw, 900px\" \/><img loading=\"lazy\" decoding=\"async\" class=\"aligncenter size-full wp-image-8837\" src=\"http:\/\/www.daniperezfotografia.es\/wordpress\/wp-content\/uploads\/2015\/04\/15-8829-post\/fotos-de-bautizo-en-mirasierra-fotografo-bautizos-madrid-0030.jpg\" alt=\"fotografo de bautizos en madrid\" width=\"900\" height=\"599\" srcset=\"https:\/\/www.daniperezfotografia.es\/wordpress\/wp-content\/uploads\/2015\/04\/15-8829-post\/fotos-de-bautizo-en-mirasierra-fotografo-bautizos-madrid-0030.jpg 900w, https:\/\/www.daniperezfotografia.es\/wordpress\/wp-content\/uploads\/2015\/04\/15-8829-post\/fotos-de-bautizo-en-mirasierra-fotografo-bautizos-madrid-0030-750x499.jpg 750w\" sizes=\"auto, (max-width: 900px) 100vw, 900px\" \/><img loading=\"lazy\" decoding=\"async\" class=\"aligncenter size-full wp-image-8838\" src=\"http:\/\/www.daniperezfotografia.es\/wordpress\/wp-content\/uploads\/2015\/04\/15-8829-post\/fotos-de-bautizo-en-mirasierra-fotografo-bautizos-madrid-0033.jpg\" alt=\"fotografo de bautizos en madrid\" width=\"900\" height=\"900\" srcset=\"https:\/\/www.daniperezfotografia.es\/wordpress\/wp-content\/uploads\/2015\/04\/15-8829-post\/fotos-de-bautizo-en-mirasierra-fotografo-bautizos-madrid-0033.jpg 900w, https:\/\/www.daniperezfotografia.es\/wordpress\/wp-content\/uploads\/2015\/04\/15-8829-post\/fotos-de-bautizo-en-mirasierra-fotografo-bautizos-madrid-0033-150x150.jpg 150w, https:\/\/www.daniperezfotografia.es\/wordpress\/wp-content\/uploads\/2015\/04\/15-8829-post\/fotos-de-bautizo-en-mirasierra-fotografo-bautizos-madrid-0033-750x750.jpg 750w\" sizes=\"auto, (max-width: 900px) 100vw, 900px\" \/><img loading=\"lazy\" decoding=\"async\" class=\"aligncenter size-full wp-image-8839\" src=\"http:\/\/www.daniperezfotografia.es\/wordpress\/wp-content\/uploads\/2015\/04\/15-8829-post\/fotos-de-bautizo-en-mirasierra-fotografo-bautizos-madrid-0051.jpg\" alt=\"fotos de bautizo en madrid\" width=\"900\" height=\"599\" srcset=\"https:\/\/www.daniperezfotografia.es\/wordpress\/wp-content\/uploads\/2015\/04\/15-8829-post\/fotos-de-bautizo-en-mirasierra-fotografo-bautizos-madrid-0051.jpg 900w, https:\/\/www.daniperezfotografia.es\/wordpress\/wp-content\/uploads\/2015\/04\/15-8829-post\/fotos-de-bautizo-en-mirasierra-fotografo-bautizos-madrid-0051-750x499.jpg 750w\" sizes=\"auto, (max-width: 900px) 100vw, 900px\" \/><img loading=\"lazy\" decoding=\"async\" class=\"aligncenter size-full wp-image-8842\" src=\"http:\/\/www.daniperezfotografia.es\/wordpress\/wp-content\/uploads\/2015\/04\/15-8829-post\/fotos-de-bautizo-en-mirasierra-fotografo-bautizos-madrid-0062.jpg\" alt=\"fotos de bautizo en madrid\" width=\"900\" height=\"599\" srcset=\"https:\/\/www.daniperezfotografia.es\/wordpress\/wp-content\/uploads\/2015\/04\/15-8829-post\/fotos-de-bautizo-en-mirasierra-fotografo-bautizos-madrid-0062.jpg 900w, https:\/\/www.daniperezfotografia.es\/wordpress\/wp-content\/uploads\/2015\/04\/15-8829-post\/fotos-de-bautizo-en-mirasierra-fotografo-bautizos-madrid-0062-750x499.jpg 750w, https:\/\/www.daniperezfotografia.es\/wordpress\/wp-content\/uploads\/2015\/04\/15-8829-post\/fotos-de-bautizo-en-mirasierra-fotografo-bautizos-madrid-0062-273x182.jpg 273w, https:\/\/www.daniperezfotografia.es\/wordpress\/wp-content\/uploads\/2015\/04\/15-8829-post\/fotos-de-bautizo-en-mirasierra-fotografo-bautizos-madrid-0062-546x364.jpg 546w, https:\/\/www.daniperezfotografia.es\/wordpress\/wp-content\/uploads\/2015\/04\/15-8829-post\/fotos-de-bautizo-en-mirasierra-fotografo-bautizos-madrid-0062-598x398.jpg 598w, https:\/\/www.daniperezfotografia.es\/wordpress\/wp-content\/uploads\/2015\/04\/15-8829-post\/fotos-de-bautizo-en-mirasierra-fotografo-bautizos-madrid-0062-200x133.jpg 200w, https:\/\/www.daniperezfotografia.es\/wordpress\/wp-content\/uploads\/2015\/04\/15-8829-post\/fotos-de-bautizo-en-mirasierra-fotografo-bautizos-madrid-0062-400x266.jpg 400w, https:\/\/www.daniperezfotografia.es\/wordpress\/wp-content\/uploads\/2015\/04\/15-8829-post\/fotos-de-bautizo-en-mirasierra-fotografo-bautizos-madrid-0062-736x490.jpg 736w, https:\/\/www.daniperezfotografia.es\/wordpress\/wp-content\/uploads\/2015\/04\/15-8829-post\/fotos-de-bautizo-en-mirasierra-fotografo-bautizos-madrid-0062-286x190.jpg 286w, https:\/\/www.daniperezfotografia.es\/wordpress\/wp-content\/uploads\/2015\/04\/15-8829-post\/fotos-de-bautizo-en-mirasierra-fotografo-bautizos-madrid-0062-572x380.jpg 572w\" sizes=\"auto, (max-width: 900px) 100vw, 900px\" \/><img loading=\"lazy\" decoding=\"async\" class=\"aligncenter size-full wp-image-8840\" src=\"http:\/\/www.daniperezfotografia.es\/wordpress\/wp-content\/uploads\/2015\/04\/15-8829-post\/fotos-de-bautizo-en-mirasierra-fotografo-bautizos-madrid-0053.jpg\" alt=\"fotos de bautizo en madrid\" width=\"900\" height=\"599\" srcset=\"https:\/\/www.daniperezfotografia.es\/wordpress\/wp-content\/uploads\/2015\/04\/15-8829-post\/fotos-de-bautizo-en-mirasierra-fotografo-bautizos-madrid-0053.jpg 900w, https:\/\/www.daniperezfotografia.es\/wordpress\/wp-content\/uploads\/2015\/04\/15-8829-post\/fotos-de-bautizo-en-mirasierra-fotografo-bautizos-madrid-0053-750x499.jpg 750w\" sizes=\"auto, (max-width: 900px) 100vw, 900px\" \/><img loading=\"lazy\" decoding=\"async\" class=\"aligncenter size-full wp-image-8841\" src=\"http:\/\/www.daniperezfotografia.es\/wordpress\/wp-content\/uploads\/2015\/04\/15-8829-post\/fotos-de-bautizo-en-mirasierra-fotografo-bautizos-madrid-0058.jpg\" alt=\"fotos de bautizo en madrid\" width=\"900\" height=\"599\" srcset=\"https:\/\/www.daniperezfotografia.es\/wordpress\/wp-content\/uploads\/2015\/04\/15-8829-post\/fotos-de-bautizo-en-mirasierra-fotografo-bautizos-madrid-0058.jpg 900w, https:\/\/www.daniperezfotografia.es\/wordpress\/wp-content\/uploads\/2015\/04\/15-8829-post\/fotos-de-bautizo-en-mirasierra-fotografo-bautizos-madrid-0058-750x499.jpg 750w\" sizes=\"auto, (max-width: 900px) 100vw, 900px\" \/><img loading=\"lazy\" decoding=\"async\" class=\"aligncenter size-full wp-image-8843\" src=\"http:\/\/www.daniperezfotografia.es\/wordpress\/wp-content\/uploads\/2015\/04\/15-8829-post\/fotos-de-bautizo-en-mirasierra-fotografo-bautizos-madrid-0069.jpg\" alt=\"fotos de bautizo en madrid\" width=\"900\" height=\"599\" srcset=\"https:\/\/www.daniperezfotografia.es\/wordpress\/wp-content\/uploads\/2015\/04\/15-8829-post\/fotos-de-bautizo-en-mirasierra-fotografo-bautizos-madrid-0069.jpg 900w, https:\/\/www.daniperezfotografia.es\/wordpress\/wp-content\/uploads\/2015\/04\/15-8829-post\/fotos-de-bautizo-en-mirasierra-fotografo-bautizos-madrid-0069-750x499.jpg 750w\" sizes=\"auto, (max-width: 900px) 100vw, 900px\" \/><img loading=\"lazy\" decoding=\"async\" class=\"aligncenter size-full wp-image-8844\" src=\"http:\/\/www.daniperezfotografia.es\/wordpress\/wp-content\/uploads\/2015\/04\/15-8829-post\/fotos-de-bautizo-en-mirasierra-fotografo-bautizos-madrid-0072.jpg\" alt=\"fotos de bautizo en madrid\" width=\"900\" height=\"599\" srcset=\"https:\/\/www.daniperezfotografia.es\/wordpress\/wp-content\/uploads\/2015\/04\/15-8829-post\/fotos-de-bautizo-en-mirasierra-fotografo-bautizos-madrid-0072.jpg 900w, https:\/\/www.daniperezfotografia.es\/wordpress\/wp-content\/uploads\/2015\/04\/15-8829-post\/fotos-de-bautizo-en-mirasierra-fotografo-bautizos-madrid-0072-750x499.jpg 750w\" sizes=\"auto, (max-width: 900px) 100vw, 900px\" \/><img loading=\"lazy\" decoding=\"async\" class=\"aligncenter size-full wp-image-8848\" src=\"http:\/\/www.daniperezfotografia.es\/wordpress\/wp-content\/uploads\/2015\/04\/15-8829-post\/fotos-de-bautizo-en-mirasierra-fotografo-bautizos-madrid-0074.jpg\" alt=\"fotos de bautizo en madrid\" width=\"900\" height=\"599\" srcset=\"https:\/\/www.daniperezfotografia.es\/wordpress\/wp-content\/uploads\/2015\/04\/15-8829-post\/fotos-de-bautizo-en-mirasierra-fotografo-bautizos-madrid-0074.jpg 900w, https:\/\/www.daniperezfotografia.es\/wordpress\/wp-content\/uploads\/2015\/04\/15-8829-post\/fotos-de-bautizo-en-mirasierra-fotografo-bautizos-madrid-0074-750x499.jpg 750w\" sizes=\"auto, (max-width: 900px) 100vw, 900px\" \/><img loading=\"lazy\" decoding=\"async\" class=\"aligncenter size-full wp-image-8849\" src=\"http:\/\/www.daniperezfotografia.es\/wordpress\/wp-content\/uploads\/2015\/04\/15-8829-post\/fotos-de-bautizo-en-mirasierra-fotografo-bautizos-madrid-0075.jpg\" alt=\"fotos de bautizo en madrid\" width=\"900\" height=\"599\" srcset=\"https:\/\/www.daniperezfotografia.es\/wordpress\/wp-content\/uploads\/2015\/04\/15-8829-post\/fotos-de-bautizo-en-mirasierra-fotografo-bautizos-madrid-0075.jpg 900w, https:\/\/www.daniperezfotografia.es\/wordpress\/wp-content\/uploads\/2015\/04\/15-8829-post\/fotos-de-bautizo-en-mirasierra-fotografo-bautizos-madrid-0075-750x499.jpg 750w\" sizes=\"auto, (max-width: 900px) 100vw, 900px\" \/><img loading=\"lazy\" decoding=\"async\" class=\"aligncenter size-full wp-image-8845\" src=\"http:\/\/www.daniperezfotografia.es\/wordpress\/wp-content\/uploads\/2015\/04\/15-8829-post\/fotos-de-bautizo-en-mirasierra-fotografo-bautizos-madrid-0076.jpg\" alt=\"fotos de bautizo en madrid\" width=\"900\" height=\"599\" srcset=\"https:\/\/www.daniperezfotografia.es\/wordpress\/wp-content\/uploads\/2015\/04\/15-8829-post\/fotos-de-bautizo-en-mirasierra-fotografo-bautizos-madrid-0076.jpg 900w, https:\/\/www.daniperezfotografia.es\/wordpress\/wp-content\/uploads\/2015\/04\/15-8829-post\/fotos-de-bautizo-en-mirasierra-fotografo-bautizos-madrid-0076-750x499.jpg 750w\" sizes=\"auto, (max-width: 900px) 100vw, 900px\" \/><img loading=\"lazy\" decoding=\"async\" class=\"aligncenter size-full wp-image-8846\" src=\"http:\/\/www.daniperezfotografia.es\/wordpress\/wp-content\/uploads\/2015\/04\/15-8829-post\/fotos-de-bautizo-en-mirasierra-fotografo-bautizos-madrid-0080.jpg\" alt=\"fotos de bautizo en madrid\" width=\"900\" height=\"599\" srcset=\"https:\/\/www.daniperezfotografia.es\/wordpress\/wp-content\/uploads\/2015\/04\/15-8829-post\/fotos-de-bautizo-en-mirasierra-fotografo-bautizos-madrid-0080.jpg 900w, https:\/\/www.daniperezfotografia.es\/wordpress\/wp-content\/uploads\/2015\/04\/15-8829-post\/fotos-de-bautizo-en-mirasierra-fotografo-bautizos-madrid-0080-750x499.jpg 750w\" sizes=\"auto, (max-width: 900px) 100vw, 900px\" \/><img loading=\"lazy\" decoding=\"async\" class=\"aligncenter size-full wp-image-8850\" src=\"http:\/\/www.daniperezfotografia.es\/wordpress\/wp-content\/uploads\/2015\/04\/15-8829-post\/fotos-de-bautizo-en-mirasierra-fotografo-bautizos-madrid-0093.jpg\" alt=\"fotos de bautizo en madrid\" width=\"900\" height=\"599\" srcset=\"https:\/\/www.daniperezfotografia.es\/wordpress\/wp-content\/uploads\/2015\/04\/15-8829-post\/fotos-de-bautizo-en-mirasierra-fotografo-bautizos-madrid-0093.jpg 900w, https:\/\/www.daniperezfotografia.es\/wordpress\/wp-content\/uploads\/2015\/04\/15-8829-post\/fotos-de-bautizo-en-mirasierra-fotografo-bautizos-madrid-0093-750x499.jpg 750w\" sizes=\"auto, (max-width: 900px) 100vw, 900px\" \/><img loading=\"lazy\" decoding=\"async\" class=\"aligncenter size-full wp-image-8851\" src=\"http:\/\/www.daniperezfotografia.es\/wordpress\/wp-content\/uploads\/2015\/04\/15-8829-post\/fotos-de-bautizo-en-mirasierra-fotografo-bautizos-madrid-0095.jpg\" alt=\"fotos de bautizo en madrid\" width=\"900\" height=\"599\" srcset=\"https:\/\/www.daniperezfotografia.es\/wordpress\/wp-content\/uploads\/2015\/04\/15-8829-post\/fotos-de-bautizo-en-mirasierra-fotografo-bautizos-madrid-0095.jpg 900w, https:\/\/www.daniperezfotografia.es\/wordpress\/wp-content\/uploads\/2015\/04\/15-8829-post\/fotos-de-bautizo-en-mirasierra-fotografo-bautizos-madrid-0095-750x499.jpg 750w\" sizes=\"auto, (max-width: 900px) 100vw, 900px\" \/><img loading=\"lazy\" decoding=\"async\" class=\"aligncenter size-full wp-image-8852\" src=\"http:\/\/www.daniperezfotografia.es\/wordpress\/wp-content\/uploads\/2015\/04\/15-8829-post\/fotos-de-bautizo-en-mirasierra-fotografo-bautizos-madrid-0096.jpg\" alt=\"fotos de bautizo en madrid\" width=\"900\" height=\"599\" srcset=\"https:\/\/www.daniperezfotografia.es\/wordpress\/wp-content\/uploads\/2015\/04\/15-8829-post\/fotos-de-bautizo-en-mirasierra-fotografo-bautizos-madrid-0096.jpg 900w, https:\/\/www.daniperezfotografia.es\/wordpress\/wp-content\/uploads\/2015\/04\/15-8829-post\/fotos-de-bautizo-en-mirasierra-fotografo-bautizos-madrid-0096-750x499.jpg 750w\" sizes=\"auto, (max-width: 900px) 100vw, 900px\" \/><img loading=\"lazy\" decoding=\"async\" class=\"aligncenter size-full wp-image-8853\" src=\"http:\/\/www.daniperezfotografia.es\/wordpress\/wp-content\/uploads\/2015\/04\/15-8829-post\/fotos-de-bautizo-en-mirasierra-fotografo-bautizos-madrid-0105-2.jpg\" alt=\"fotografo de bautizos en madrid\" width=\"900\" height=\"1053\" srcset=\"https:\/\/www.daniperezfotografia.es\/wordpress\/wp-content\/uploads\/2015\/04\/15-8829-post\/fotos-de-bautizo-en-mirasierra-fotografo-bautizos-madrid-0105-2.jpg 900w, https:\/\/www.daniperezfotografia.es\/wordpress\/wp-content\/uploads\/2015\/04\/15-8829-post\/fotos-de-bautizo-en-mirasierra-fotografo-bautizos-madrid-0105-2-641x750.jpg 641w, https:\/\/www.daniperezfotografia.es\/wordpress\/wp-content\/uploads\/2015\/04\/15-8829-post\/fotos-de-bautizo-en-mirasierra-fotografo-bautizos-madrid-0105-2-875x1024.jpg 875w\" sizes=\"auto, (max-width: 900px) 100vw, 900px\" \/><\/p>\n<p style=\"text-align: center;\">Trabajo impreso en papel natural de algod\u00f3n<\/p>\n<p style=\"text-align: center;\"><img loading=\"lazy\" decoding=\"async\" class=\"aligncenter size-full wp-image-9008\" src=\"http:\/\/www.daniperezfotografia.es\/wordpress\/wp-content\/uploads\/2015\/04\/30-8829-post\/fotos-impresas-papel-fine-art-algodon-natural-0010.jpg\" alt=\"foto impresa en papel natural de algodon fineart\" width=\"900\" height=\"600\" srcset=\"https:\/\/www.daniperezfotografia.es\/wordpress\/wp-content\/uploads\/2015\/04\/30-8829-post\/fotos-impresas-papel-fine-art-algodon-natural-0010.jpg 900w, https:\/\/www.daniperezfotografia.es\/wordpress\/wp-content\/uploads\/2015\/04\/30-8829-post\/fotos-impresas-papel-fine-art-algodon-natural-0010-750x500.jpg 750w\" sizes=\"auto, (max-width: 900px) 100vw, 900px\" \/><img loading=\"lazy\" decoding=\"async\" class=\"aligncenter size-full wp-image-9009\" src=\"http:\/\/www.daniperezfotografia.es\/wordpress\/wp-content\/uploads\/2015\/04\/30-8829-post\/fotos-impresas-papel-fine-art-algodon-natural-0019.jpg\" alt=\"foto impresa en papel natural de algodon fineart\" width=\"900\" height=\"600\" srcset=\"https:\/\/www.daniperezfotografia.es\/wordpress\/wp-content\/uploads\/2015\/04\/30-8829-post\/fotos-impresas-papel-fine-art-algodon-natural-0019.jpg 900w, https:\/\/www.daniperezfotografia.es\/wordpress\/wp-content\/uploads\/2015\/04\/30-8829-post\/fotos-impresas-papel-fine-art-algodon-natural-0019-750x500.jpg 750w\" sizes=\"auto, (max-width: 900px) 100vw, 900px\" \/><img loading=\"lazy\" decoding=\"async\" class=\"aligncenter size-full wp-image-9011\" src=\"http:\/\/www.daniperezfotografia.es\/wordpress\/wp-content\/uploads\/2015\/04\/30-8829-post\/fotos-impresas-papel-fine-art-algodon-natural-0022.jpg\" alt=\"foto impresa en papel natural de algodon fineart\" width=\"900\" height=\"900\" srcset=\"https:\/\/www.daniperezfotografia.es\/wordpress\/wp-content\/uploads\/2015\/04\/30-8829-post\/fotos-impresas-papel-fine-art-algodon-natural-0022.jpg 900w, https:\/\/www.daniperezfotografia.es\/wordpress\/wp-content\/uploads\/2015\/04\/30-8829-post\/fotos-impresas-papel-fine-art-algodon-natural-0022-150x150.jpg 150w, https:\/\/www.daniperezfotografia.es\/wordpress\/wp-content\/uploads\/2015\/04\/30-8829-post\/fotos-impresas-papel-fine-art-algodon-natural-0022-750x750.jpg 750w\" sizes=\"auto, (max-width: 900px) 100vw, 900px\" \/><\/p>\n","protected":false},"excerpt":{"rendered":"<p>Reportaje de fotos de bautizo en Mirasierra. Ceremonia realizada en la Iglesia de Nuestra Se\u00f1ora de las Nieves de Madrid. Fotografo de Bautizos en Madrid<\/p>\n","protected":false},"author":1,"featured_media":11194,"comment_status":"open","ping_status":"open","sticky":false,"template":"","format":"standard","meta":{"footnotes":""},"categories":[668],"tags":[631,834],"class_list":["post-8829","post","type-post","status-publish","format-standard","has-post-thumbnail","hentry","category-fotos-de-bautizo","tag-bautizo","tag-nuestra-senora-de-las-nieves"],"blocksy_meta":{"styles_descriptor":{"styles":{"desktop":"","tablet":"","mobile":""},"google_fonts":[],"version":6}},"yoast_head":"<!-- This site is optimized with the Yoast SEO plugin v27.4 - https:\/\/yoast.com\/product\/yoast-seo-wordpress\/ -->\n<title>Fotos de bautizo en Mirasierra<\/title>\n<meta name=\"description\" content=\"Reportaje de fotos de bautizo en Mirasierra. Ceremonia realizada en la Iglesia de Nuestra Se\u00f1ora de las Nieves de Madrid. Fotografo de Bautizos en Madrid\" \/>\n<meta name=\"robots\" content=\"index, follow, max-snippet:-1, max-image-preview:large, max-video-preview:-1\" \/>\n<link rel=\"canonical\" href=\"http:\/\/www.daniperezfotografia.es\/wordpress\/fotos-de-bautizo\/fotos-de-bautizo-en-mirasierra\" \/>\n<meta property=\"og:locale\" content=\"es_ES\" \/>\n<meta property=\"og:type\" content=\"article\" \/>\n<meta property=\"og:title\" content=\"Fotos de bautizo en Mirasierra\" \/>\n<meta property=\"og:description\" content=\"Reportaje de fotos de bautizo en Mirasierra. Ceremonia realizada en la Iglesia de Nuestra Se\u00f1ora de las Nieves de Madrid. Fotografo de Bautizos en Madrid\" \/>\n<meta property=\"og:url\" content=\"http:\/\/www.daniperezfotografia.es\/wordpress\/fotos-de-bautizo\/fotos-de-bautizo-en-mirasierra\" \/>\n<meta property=\"og:site_name\" content=\"Dani Perez Fotografia | Fotografo Profesional en Madrid\" \/>\n<meta property=\"article:publisher\" content=\"https:\/\/www.facebook.com\/daniperezfotografia\" \/>\n<meta property=\"article:author\" content=\"https:\/\/www.facebook.com\/daniperezfotografia\" \/>\n<meta property=\"article:published_time\" content=\"2015-04-15T11:58:10+00:00\" \/>\n<meta property=\"article:modified_time\" content=\"2017-02-23T11:34:42+00:00\" \/>\n<meta property=\"og:image\" content=\"http:\/\/www.daniperezfotografia.es\/wordpress\/wp-content\/uploads\/2015\/04\/maria-bautizo-nuestra-sra-de-las-nieves-mirasierra-1100.jpg\" \/>\n\t<meta property=\"og:image:width\" content=\"1100\" \/>\n\t<meta property=\"og:image:height\" content=\"732\" \/>\n\t<meta property=\"og:image:type\" content=\"image\/jpeg\" \/>\n<meta name=\"author\" content=\"Dani\" \/>\n<meta name=\"twitter:card\" content=\"summary_large_image\" \/>\n<meta name=\"twitter:creator\" content=\"@daniperezfoto\" \/>\n<meta name=\"twitter:site\" content=\"@daniperezfoto\" \/>\n<meta name=\"twitter:label1\" content=\"Escrito por\" \/>\n\t<meta name=\"twitter:data1\" content=\"Dani\" \/>\n\t<meta name=\"twitter:label2\" content=\"Tiempo de lectura\" \/>\n\t<meta name=\"twitter:data2\" content=\"1 minuto\" \/>\n<script type=\"application\/ld+json\" class=\"yoast-schema-graph\">{\"@context\":\"https:\\\/\\\/schema.org\",\"@graph\":[{\"@type\":\"Article\",\"@id\":\"http:\\\/\\\/www.daniperezfotografia.es\\\/wordpress\\\/fotos-de-bautizo\\\/fotos-de-bautizo-en-mirasierra#article\",\"isPartOf\":{\"@id\":\"http:\\\/\\\/www.daniperezfotografia.es\\\/wordpress\\\/fotos-de-bautizo\\\/fotos-de-bautizo-en-mirasierra\"},\"author\":{\"name\":\"Dani\",\"@id\":\"https:\\\/\\\/www.daniperezfotografia.es\\\/wordpress\\\/#\\\/schema\\\/person\\\/e182c086037e8185dcc7e99e2c589a63\"},\"headline\":\"Fotos de bautizo en Mirasierra\",\"datePublished\":\"2015-04-15T11:58:10+00:00\",\"dateModified\":\"2017-02-23T11:34:42+00:00\",\"mainEntityOfPage\":{\"@id\":\"http:\\\/\\\/www.daniperezfotografia.es\\\/wordpress\\\/fotos-de-bautizo\\\/fotos-de-bautizo-en-mirasierra\"},\"wordCount\":274,\"commentCount\":0,\"publisher\":{\"@id\":\"https:\\\/\\\/www.daniperezfotografia.es\\\/wordpress\\\/#organization\"},\"image\":{\"@id\":\"http:\\\/\\\/www.daniperezfotografia.es\\\/wordpress\\\/fotos-de-bautizo\\\/fotos-de-bautizo-en-mirasierra#primaryimage\"},\"thumbnailUrl\":\"https:\\\/\\\/www.daniperezfotografia.es\\\/wordpress\\\/wp-content\\\/uploads\\\/2015\\\/04\\\/maria-bautizo-nuestra-sra-de-las-nieves-mirasierra-1100.jpg\",\"keywords\":[\"bautizo\",\"Nuestra Se\u00f1ora de las Nieves\"],\"articleSection\":[\"Reportajes de Fotos de Bautizo en Madrid\"],\"inLanguage\":\"es\",\"potentialAction\":[{\"@type\":\"CommentAction\",\"name\":\"Comment\",\"target\":[\"http:\\\/\\\/www.daniperezfotografia.es\\\/wordpress\\\/fotos-de-bautizo\\\/fotos-de-bautizo-en-mirasierra#respond\"]}]},{\"@type\":\"WebPage\",\"@id\":\"http:\\\/\\\/www.daniperezfotografia.es\\\/wordpress\\\/fotos-de-bautizo\\\/fotos-de-bautizo-en-mirasierra\",\"url\":\"http:\\\/\\\/www.daniperezfotografia.es\\\/wordpress\\\/fotos-de-bautizo\\\/fotos-de-bautizo-en-mirasierra\",\"name\":\"Fotos de bautizo en Mirasierra\",\"isPartOf\":{\"@id\":\"https:\\\/\\\/www.daniperezfotografia.es\\\/wordpress\\\/#website\"},\"primaryImageOfPage\":{\"@id\":\"http:\\\/\\\/www.daniperezfotografia.es\\\/wordpress\\\/fotos-de-bautizo\\\/fotos-de-bautizo-en-mirasierra#primaryimage\"},\"image\":{\"@id\":\"http:\\\/\\\/www.daniperezfotografia.es\\\/wordpress\\\/fotos-de-bautizo\\\/fotos-de-bautizo-en-mirasierra#primaryimage\"},\"thumbnailUrl\":\"https:\\\/\\\/www.daniperezfotografia.es\\\/wordpress\\\/wp-content\\\/uploads\\\/2015\\\/04\\\/maria-bautizo-nuestra-sra-de-las-nieves-mirasierra-1100.jpg\",\"datePublished\":\"2015-04-15T11:58:10+00:00\",\"dateModified\":\"2017-02-23T11:34:42+00:00\",\"description\":\"Reportaje de fotos de bautizo en Mirasierra. Ceremonia realizada en la Iglesia de Nuestra Se\u00f1ora de las Nieves de Madrid. Fotografo de Bautizos en Madrid\",\"breadcrumb\":{\"@id\":\"http:\\\/\\\/www.daniperezfotografia.es\\\/wordpress\\\/fotos-de-bautizo\\\/fotos-de-bautizo-en-mirasierra#breadcrumb\"},\"inLanguage\":\"es\",\"potentialAction\":[{\"@type\":\"ReadAction\",\"target\":[\"http:\\\/\\\/www.daniperezfotografia.es\\\/wordpress\\\/fotos-de-bautizo\\\/fotos-de-bautizo-en-mirasierra\"]}]},{\"@type\":\"ImageObject\",\"inLanguage\":\"es\",\"@id\":\"http:\\\/\\\/www.daniperezfotografia.es\\\/wordpress\\\/fotos-de-bautizo\\\/fotos-de-bautizo-en-mirasierra#primaryimage\",\"url\":\"https:\\\/\\\/www.daniperezfotografia.es\\\/wordpress\\\/wp-content\\\/uploads\\\/2015\\\/04\\\/maria-bautizo-nuestra-sra-de-las-nieves-mirasierra-1100.jpg\",\"contentUrl\":\"https:\\\/\\\/www.daniperezfotografia.es\\\/wordpress\\\/wp-content\\\/uploads\\\/2015\\\/04\\\/maria-bautizo-nuestra-sra-de-las-nieves-mirasierra-1100.jpg\",\"width\":1100,\"height\":732,\"caption\":\"bautizo en nuestra sra de las nieves de mirasierra\"},{\"@type\":\"BreadcrumbList\",\"@id\":\"http:\\\/\\\/www.daniperezfotografia.es\\\/wordpress\\\/fotos-de-bautizo\\\/fotos-de-bautizo-en-mirasierra#breadcrumb\",\"itemListElement\":[{\"@type\":\"ListItem\",\"position\":1,\"name\":\"Portada\",\"item\":\"https:\\\/\\\/www.daniperezfotografia.es\\\/wordpress\\\/\"},{\"@type\":\"ListItem\",\"position\":2,\"name\":\"Fotos de bautizo en Mirasierra\"}]},{\"@type\":\"WebSite\",\"@id\":\"https:\\\/\\\/www.daniperezfotografia.es\\\/wordpress\\\/#website\",\"url\":\"https:\\\/\\\/www.daniperezfotografia.es\\\/wordpress\\\/\",\"name\":\"Dani Perez Fotografia | Fotografo Profesional en Madrid\",\"description\":\"Reportajes de bodas, bautizos, comuniones y sesiones de familia para particulares. Eventos, conferencias y retrato corporativo para empresas. Video de conferencias\",\"publisher\":{\"@id\":\"https:\\\/\\\/www.daniperezfotografia.es\\\/wordpress\\\/#organization\"},\"potentialAction\":[{\"@type\":\"SearchAction\",\"target\":{\"@type\":\"EntryPoint\",\"urlTemplate\":\"https:\\\/\\\/www.daniperezfotografia.es\\\/wordpress\\\/?s={search_term_string}\"},\"query-input\":{\"@type\":\"PropertyValueSpecification\",\"valueRequired\":true,\"valueName\":\"search_term_string\"}}],\"inLanguage\":\"es\"},{\"@type\":\"Organization\",\"@id\":\"https:\\\/\\\/www.daniperezfotografia.es\\\/wordpress\\\/#organization\",\"name\":\"Dani Perez Fotografia y Video\",\"url\":\"https:\\\/\\\/www.daniperezfotografia.es\\\/wordpress\\\/\",\"logo\":{\"@type\":\"ImageObject\",\"inLanguage\":\"es\",\"@id\":\"https:\\\/\\\/www.daniperezfotografia.es\\\/wordpress\\\/#\\\/schema\\\/logo\\\/image\\\/\",\"url\":\"\",\"contentUrl\":\"\",\"caption\":\"Dani Perez Fotografia y Video\"},\"image\":{\"@id\":\"https:\\\/\\\/www.daniperezfotografia.es\\\/wordpress\\\/#\\\/schema\\\/logo\\\/image\\\/\"},\"sameAs\":[\"https:\\\/\\\/www.facebook.com\\\/daniperezfotografia\",\"https:\\\/\\\/x.com\\\/daniperezfoto\",\"https:\\\/\\\/instagram.com\\\/daniperezfotografia\\\/\",\"https:\\\/\\\/www.linkedin.com\\\/pub\\\/dani-perez-fotografo\\\/b2\\\/3b0\\\/594\"]},{\"@type\":\"Person\",\"@id\":\"https:\\\/\\\/www.daniperezfotografia.es\\\/wordpress\\\/#\\\/schema\\\/person\\\/e182c086037e8185dcc7e99e2c589a63\",\"name\":\"Dani\",\"sameAs\":[\"http:\\\/\\\/www.daniperezfotografia.es\",\"https:\\\/\\\/www.facebook.com\\\/daniperezfotografia\",\"https:\\\/\\\/x.com\\\/daniperezfoto\"]}]}<\/script>\n<!-- \/ Yoast SEO plugin. -->","yoast_head_json":{"title":"Fotos de bautizo en Mirasierra","description":"Reportaje de fotos de bautizo en Mirasierra. Ceremonia realizada en la Iglesia de Nuestra Se\u00f1ora de las Nieves de Madrid. Fotografo de Bautizos en Madrid","robots":{"index":"index","follow":"follow","max-snippet":"max-snippet:-1","max-image-preview":"max-image-preview:large","max-video-preview":"max-video-preview:-1"},"canonical":"http:\/\/www.daniperezfotografia.es\/wordpress\/fotos-de-bautizo\/fotos-de-bautizo-en-mirasierra","og_locale":"es_ES","og_type":"article","og_title":"Fotos de bautizo en Mirasierra","og_description":"Reportaje de fotos de bautizo en Mirasierra. Ceremonia realizada en la Iglesia de Nuestra Se\u00f1ora de las Nieves de Madrid. Fotografo de Bautizos en Madrid","og_url":"http:\/\/www.daniperezfotografia.es\/wordpress\/fotos-de-bautizo\/fotos-de-bautizo-en-mirasierra","og_site_name":"Dani Perez Fotografia | Fotografo Profesional en Madrid","article_publisher":"https:\/\/www.facebook.com\/daniperezfotografia","article_author":"https:\/\/www.facebook.com\/daniperezfotografia","article_published_time":"2015-04-15T11:58:10+00:00","article_modified_time":"2017-02-23T11:34:42+00:00","og_image":[{"width":1100,"height":732,"url":"http:\/\/www.daniperezfotografia.es\/wordpress\/wp-content\/uploads\/2015\/04\/maria-bautizo-nuestra-sra-de-las-nieves-mirasierra-1100.jpg","type":"image\/jpeg"}],"author":"Dani","twitter_card":"summary_large_image","twitter_creator":"@daniperezfoto","twitter_site":"@daniperezfoto","twitter_misc":{"Escrito por":"Dani","Tiempo de lectura":"1 minuto"},"schema":{"@context":"https:\/\/schema.org","@graph":[{"@type":"Article","@id":"http:\/\/www.daniperezfotografia.es\/wordpress\/fotos-de-bautizo\/fotos-de-bautizo-en-mirasierra#article","isPartOf":{"@id":"http:\/\/www.daniperezfotografia.es\/wordpress\/fotos-de-bautizo\/fotos-de-bautizo-en-mirasierra"},"author":{"name":"Dani","@id":"https:\/\/www.daniperezfotografia.es\/wordpress\/#\/schema\/person\/e182c086037e8185dcc7e99e2c589a63"},"headline":"Fotos de bautizo en Mirasierra","datePublished":"2015-04-15T11:58:10+00:00","dateModified":"2017-02-23T11:34:42+00:00","mainEntityOfPage":{"@id":"http:\/\/www.daniperezfotografia.es\/wordpress\/fotos-de-bautizo\/fotos-de-bautizo-en-mirasierra"},"wordCount":274,"commentCount":0,"publisher":{"@id":"https:\/\/www.daniperezfotografia.es\/wordpress\/#organization"},"image":{"@id":"http:\/\/www.daniperezfotografia.es\/wordpress\/fotos-de-bautizo\/fotos-de-bautizo-en-mirasierra#primaryimage"},"thumbnailUrl":"https:\/\/www.daniperezfotografia.es\/wordpress\/wp-content\/uploads\/2015\/04\/maria-bautizo-nuestra-sra-de-las-nieves-mirasierra-1100.jpg","keywords":["bautizo","Nuestra Se\u00f1ora de las Nieves"],"articleSection":["Reportajes de Fotos de Bautizo en Madrid"],"inLanguage":"es","potentialAction":[{"@type":"CommentAction","name":"Comment","target":["http:\/\/www.daniperezfotografia.es\/wordpress\/fotos-de-bautizo\/fotos-de-bautizo-en-mirasierra#respond"]}]},{"@type":"WebPage","@id":"http:\/\/www.daniperezfotografia.es\/wordpress\/fotos-de-bautizo\/fotos-de-bautizo-en-mirasierra","url":"http:\/\/www.daniperezfotografia.es\/wordpress\/fotos-de-bautizo\/fotos-de-bautizo-en-mirasierra","name":"Fotos de bautizo en Mirasierra","isPartOf":{"@id":"https:\/\/www.daniperezfotografia.es\/wordpress\/#website"},"primaryImageOfPage":{"@id":"http:\/\/www.daniperezfotografia.es\/wordpress\/fotos-de-bautizo\/fotos-de-bautizo-en-mirasierra#primaryimage"},"image":{"@id":"http:\/\/www.daniperezfotografia.es\/wordpress\/fotos-de-bautizo\/fotos-de-bautizo-en-mirasierra#primaryimage"},"thumbnailUrl":"https:\/\/www.daniperezfotografia.es\/wordpress\/wp-content\/uploads\/2015\/04\/maria-bautizo-nuestra-sra-de-las-nieves-mirasierra-1100.jpg","datePublished":"2015-04-15T11:58:10+00:00","dateModified":"2017-02-23T11:34:42+00:00","description":"Reportaje de fotos de bautizo en Mirasierra. Ceremonia realizada en la Iglesia de Nuestra Se\u00f1ora de las Nieves de Madrid. Fotografo de Bautizos en Madrid","breadcrumb":{"@id":"http:\/\/www.daniperezfotografia.es\/wordpress\/fotos-de-bautizo\/fotos-de-bautizo-en-mirasierra#breadcrumb"},"inLanguage":"es","potentialAction":[{"@type":"ReadAction","target":["http:\/\/www.daniperezfotografia.es\/wordpress\/fotos-de-bautizo\/fotos-de-bautizo-en-mirasierra"]}]},{"@type":"ImageObject","inLanguage":"es","@id":"http:\/\/www.daniperezfotografia.es\/wordpress\/fotos-de-bautizo\/fotos-de-bautizo-en-mirasierra#primaryimage","url":"https:\/\/www.daniperezfotografia.es\/wordpress\/wp-content\/uploads\/2015\/04\/maria-bautizo-nuestra-sra-de-las-nieves-mirasierra-1100.jpg","contentUrl":"https:\/\/www.daniperezfotografia.es\/wordpress\/wp-content\/uploads\/2015\/04\/maria-bautizo-nuestra-sra-de-las-nieves-mirasierra-1100.jpg","width":1100,"height":732,"caption":"bautizo en nuestra sra de las nieves de mirasierra"},{"@type":"BreadcrumbList","@id":"http:\/\/www.daniperezfotografia.es\/wordpress\/fotos-de-bautizo\/fotos-de-bautizo-en-mirasierra#breadcrumb","itemListElement":[{"@type":"ListItem","position":1,"name":"Portada","item":"https:\/\/www.daniperezfotografia.es\/wordpress\/"},{"@type":"ListItem","position":2,"name":"Fotos de bautizo en Mirasierra"}]},{"@type":"WebSite","@id":"https:\/\/www.daniperezfotografia.es\/wordpress\/#website","url":"https:\/\/www.daniperezfotografia.es\/wordpress\/","name":"Dani Perez Fotografia | Fotografo Profesional en Madrid","description":"Reportajes de bodas, bautizos, comuniones y sesiones de familia para particulares. Eventos, conferencias y retrato corporativo para empresas. Video de conferencias","publisher":{"@id":"https:\/\/www.daniperezfotografia.es\/wordpress\/#organization"},"potentialAction":[{"@type":"SearchAction","target":{"@type":"EntryPoint","urlTemplate":"https:\/\/www.daniperezfotografia.es\/wordpress\/?s={search_term_string}"},"query-input":{"@type":"PropertyValueSpecification","valueRequired":true,"valueName":"search_term_string"}}],"inLanguage":"es"},{"@type":"Organization","@id":"https:\/\/www.daniperezfotografia.es\/wordpress\/#organization","name":"Dani Perez Fotografia y Video","url":"https:\/\/www.daniperezfotografia.es\/wordpress\/","logo":{"@type":"ImageObject","inLanguage":"es","@id":"https:\/\/www.daniperezfotografia.es\/wordpress\/#\/schema\/logo\/image\/","url":"","contentUrl":"","caption":"Dani Perez Fotografia y Video"},"image":{"@id":"https:\/\/www.daniperezfotografia.es\/wordpress\/#\/schema\/logo\/image\/"},"sameAs":["https:\/\/www.facebook.com\/daniperezfotografia","https:\/\/x.com\/daniperezfoto","https:\/\/instagram.com\/daniperezfotografia\/","https:\/\/www.linkedin.com\/pub\/dani-perez-fotografo\/b2\/3b0\/594"]},{"@type":"Person","@id":"https:\/\/www.daniperezfotografia.es\/wordpress\/#\/schema\/person\/e182c086037e8185dcc7e99e2c589a63","name":"Dani","sameAs":["http:\/\/www.daniperezfotografia.es","https:\/\/www.facebook.com\/daniperezfotografia","https:\/\/x.com\/daniperezfoto"]}]}},"_links":{"self":[{"href":"https:\/\/www.daniperezfotografia.es\/wordpress\/wp-json\/wp\/v2\/posts\/8829","targetHints":{"allow":["GET"]}}],"collection":[{"href":"https:\/\/www.daniperezfotografia.es\/wordpress\/wp-json\/wp\/v2\/posts"}],"about":[{"href":"https:\/\/www.daniperezfotografia.es\/wordpress\/wp-json\/wp\/v2\/types\/post"}],"author":[{"embeddable":true,"href":"https:\/\/www.daniperezfotografia.es\/wordpress\/wp-json\/wp\/v2\/users\/1"}],"replies":[{"embeddable":true,"href":"https:\/\/www.daniperezfotografia.es\/wordpress\/wp-json\/wp\/v2\/comments?post=8829"}],"version-history":[{"count":3,"href":"https:\/\/www.daniperezfotografia.es\/wordpress\/wp-json\/wp\/v2\/posts\/8829\/revisions"}],"predecessor-version":[{"id":11196,"href":"https:\/\/www.daniperezfotografia.es\/wordpress\/wp-json\/wp\/v2\/posts\/8829\/revisions\/11196"}],"wp:featuredmedia":[{"embeddable":true,"href":"https:\/\/www.daniperezfotografia.es\/wordpress\/wp-json\/wp\/v2\/media\/11194"}],"wp:attachment":[{"href":"https:\/\/www.daniperezfotografia.es\/wordpress\/wp-json\/wp\/v2\/media?parent=8829"}],"wp:term":[{"taxonomy":"category","embeddable":true,"href":"https:\/\/www.daniperezfotografia.es\/wordpress\/wp-json\/wp\/v2\/categories?post=8829"},{"taxonomy":"post_tag","embeddable":true,"href":"https:\/\/www.daniperezfotografia.es\/wordpress\/wp-json\/wp\/v2\/tags?post=8829"}],"curies":[{"name":"wp","href":"https:\/\/api.w.org\/{rel}","templated":true}]}}