{"id":8452,"date":"2015-03-09T18:18:09","date_gmt":"2015-03-09T17:18:09","guid":{"rendered":"http:\/\/www.daniperezfotografia.es\/wordpress\/?p=8452"},"modified":"2020-05-18T14:50:46","modified_gmt":"2020-05-18T13:50:46","slug":"sesion-de-fotos-de-embarazo-fotos-de-pareja-en-el-campo","status":"publish","type":"post","link":"https:\/\/www.daniperezfotografia.es\/wordpress\/familias-infantil\/sesion-de-fotos-de-embarazo-fotos-de-pareja-en-el-campo","title":{"rendered":"Sesion de fotos de embarazada"},"content":{"rendered":"<div class=\"wpb-content-wrapper\">[vc_row row_type=\u00bbrow\u00bb use_row_as_full_screen_section=\u00bbno\u00bb type=\u00bbfull_width\u00bb text_align=\u00bbleft\u00bb css_animation=\u00bb\u00bb][vc_column][vc_column_text]Sesi\u00f3n de <strong>fotos de embarazo<\/strong> en el campo, con Elsa y Victor. Hoy esperamos a las ultimas horas de luz del d\u00eda, al atardecer, para fotografiar a una encantadora pareja que est\u00e1n a punto de ser papas. Es su primer hijo as\u00ed que las ganas de que llegue el momento de ver la carita a su peque\u00f1o no pueden ser mayores y eso se nota en sus sonrisas.<\/p>\n<p>Una persona muy especial para ellos, decidi\u00f3 hacerles un regalo original, una sesi\u00f3n de <strong>fotos de embarazada<\/strong>, para que tuvieran un precioso recuerdo de sus ultimas <strong>semanas de embarazo<\/strong>. Contactaron con Gloria Cale, una excelente fotografa infantil, que me invito a acompa\u00f1arla a la sesi\u00f3n y poder tomar junto a ella algunas fotos de la pareja. Para mi esta era la primera vez que participada en una sesi\u00f3n de <strong>fotos de embarazo<\/strong> y la experiencia no pudo ser mas gratificante, ya que estas tomando los que ser\u00e1n los primeros <strong>recuerdos de familia<\/strong>.<\/p>\n<p>Una tarde de fotos en el campo, con una encantadora pareja, las bonitas curvas de una <strong>mujer embarazada<\/strong>, en un entorno con <strong>luz natural al atardecer<\/strong>, son los ingredientes perfectos para que cuando el peque\u00f1o Asier, cumpla unos a\u00f1itos mas, pueda ver la felicidad de sus padres ante su llegada.[\/vc_column_text][vc_empty_space][vc_column_text]<img loading=\"lazy\" decoding=\"async\" class=\"aligncenter size-full wp-image-8459\" src=\"http:\/\/www.daniperezfotografia.es\/wordpress\/wp-content\/uploads\/2015\/03\/09-8452-post\/fotos-de-embarazo-fotos-de-pareja-en-el-campo-0010.jpg\" alt=\"fotos de embarazo al atardecer en el campo\" width=\"900\" height=\"599\" srcset=\"https:\/\/www.daniperezfotografia.es\/wordpress\/wp-content\/uploads\/2015\/03\/09-8452-post\/fotos-de-embarazo-fotos-de-pareja-en-el-campo-0010.jpg 900w, https:\/\/www.daniperezfotografia.es\/wordpress\/wp-content\/uploads\/2015\/03\/09-8452-post\/fotos-de-embarazo-fotos-de-pareja-en-el-campo-0010-750x499.jpg 750w, https:\/\/www.daniperezfotografia.es\/wordpress\/wp-content\/uploads\/2015\/03\/09-8452-post\/fotos-de-embarazo-fotos-de-pareja-en-el-campo-0010-273x182.jpg 273w, https:\/\/www.daniperezfotografia.es\/wordpress\/wp-content\/uploads\/2015\/03\/09-8452-post\/fotos-de-embarazo-fotos-de-pareja-en-el-campo-0010-546x364.jpg 546w, https:\/\/www.daniperezfotografia.es\/wordpress\/wp-content\/uploads\/2015\/03\/09-8452-post\/fotos-de-embarazo-fotos-de-pareja-en-el-campo-0010-598x398.jpg 598w, https:\/\/www.daniperezfotografia.es\/wordpress\/wp-content\/uploads\/2015\/03\/09-8452-post\/fotos-de-embarazo-fotos-de-pareja-en-el-campo-0010-200x133.jpg 200w, https:\/\/www.daniperezfotografia.es\/wordpress\/wp-content\/uploads\/2015\/03\/09-8452-post\/fotos-de-embarazo-fotos-de-pareja-en-el-campo-0010-400x266.jpg 400w, https:\/\/www.daniperezfotografia.es\/wordpress\/wp-content\/uploads\/2015\/03\/09-8452-post\/fotos-de-embarazo-fotos-de-pareja-en-el-campo-0010-860x573.jpg 860w, https:\/\/www.daniperezfotografia.es\/wordpress\/wp-content\/uploads\/2015\/03\/09-8452-post\/fotos-de-embarazo-fotos-de-pareja-en-el-campo-0010-736x490.jpg 736w, https:\/\/www.daniperezfotografia.es\/wordpress\/wp-content\/uploads\/2015\/03\/09-8452-post\/fotos-de-embarazo-fotos-de-pareja-en-el-campo-0010-286x190.jpg 286w, https:\/\/www.daniperezfotografia.es\/wordpress\/wp-content\/uploads\/2015\/03\/09-8452-post\/fotos-de-embarazo-fotos-de-pareja-en-el-campo-0010-572x380.jpg 572w\" sizes=\"auto, (max-width: 900px) 100vw, 900px\" \/><img loading=\"lazy\" decoding=\"async\" class=\"aligncenter size-full wp-image-8456\" src=\"http:\/\/www.daniperezfotografia.es\/wordpress\/wp-content\/uploads\/2015\/03\/09-8452-post\/fotos-de-embarazo-fotos-de-pareja-en-el-campo-0006.jpg\" alt=\"fotos de embarazo al atardecer en el campo\" width=\"900\" height=\"599\" srcset=\"https:\/\/www.daniperezfotografia.es\/wordpress\/wp-content\/uploads\/2015\/03\/09-8452-post\/fotos-de-embarazo-fotos-de-pareja-en-el-campo-0006.jpg 900w, https:\/\/www.daniperezfotografia.es\/wordpress\/wp-content\/uploads\/2015\/03\/09-8452-post\/fotos-de-embarazo-fotos-de-pareja-en-el-campo-0006-750x499.jpg 750w\" sizes=\"auto, (max-width: 900px) 100vw, 900px\" \/><img loading=\"lazy\" decoding=\"async\" class=\"aligncenter size-full wp-image-8457\" src=\"http:\/\/www.daniperezfotografia.es\/wordpress\/wp-content\/uploads\/2015\/03\/09-8452-post\/fotos-de-embarazo-fotos-de-pareja-en-el-campo-0007.jpg\" alt=\"fotos de embarazo al atardecer en el campo\" width=\"900\" height=\"600\" srcset=\"https:\/\/www.daniperezfotografia.es\/wordpress\/wp-content\/uploads\/2015\/03\/09-8452-post\/fotos-de-embarazo-fotos-de-pareja-en-el-campo-0007.jpg 900w, https:\/\/www.daniperezfotografia.es\/wordpress\/wp-content\/uploads\/2015\/03\/09-8452-post\/fotos-de-embarazo-fotos-de-pareja-en-el-campo-0007-750x500.jpg 750w\" sizes=\"auto, (max-width: 900px) 100vw, 900px\" \/><img loading=\"lazy\" decoding=\"async\" class=\"aligncenter size-full wp-image-8458\" src=\"http:\/\/www.daniperezfotografia.es\/wordpress\/wp-content\/uploads\/2015\/03\/09-8452-post\/fotos-de-embarazo-fotos-de-pareja-en-el-campo-0008.jpg\" alt=\"fotos de embarazo al atardecer en el campo\" width=\"900\" height=\"599\" srcset=\"https:\/\/www.daniperezfotografia.es\/wordpress\/wp-content\/uploads\/2015\/03\/09-8452-post\/fotos-de-embarazo-fotos-de-pareja-en-el-campo-0008.jpg 900w, https:\/\/www.daniperezfotografia.es\/wordpress\/wp-content\/uploads\/2015\/03\/09-8452-post\/fotos-de-embarazo-fotos-de-pareja-en-el-campo-0008-750x499.jpg 750w\" sizes=\"auto, (max-width: 900px) 100vw, 900px\" \/><img loading=\"lazy\" decoding=\"async\" class=\"aligncenter size-full wp-image-8460\" src=\"http:\/\/www.daniperezfotografia.es\/wordpress\/wp-content\/uploads\/2015\/03\/09-8452-post\/fotos-de-embarazo-fotos-de-pareja-en-el-campo-0009.jpg\" alt=\"fotos de embarazo al atardecer en el campo\" width=\"900\" height=\"599\" srcset=\"https:\/\/www.daniperezfotografia.es\/wordpress\/wp-content\/uploads\/2015\/03\/09-8452-post\/fotos-de-embarazo-fotos-de-pareja-en-el-campo-0009.jpg 900w, https:\/\/www.daniperezfotografia.es\/wordpress\/wp-content\/uploads\/2015\/03\/09-8452-post\/fotos-de-embarazo-fotos-de-pareja-en-el-campo-0009-750x499.jpg 750w\" sizes=\"auto, (max-width: 900px) 100vw, 900px\" \/><img loading=\"lazy\" decoding=\"async\" class=\"aligncenter size-full wp-image-8461\" src=\"http:\/\/www.daniperezfotografia.es\/wordpress\/wp-content\/uploads\/2015\/03\/09-8452-post\/fotos-de-embarazo-fotos-de-pareja-en-el-campo-0013.jpg\" alt=\"fotos de embarazo al atardecer en el campo\" width=\"900\" height=\"599\" srcset=\"https:\/\/www.daniperezfotografia.es\/wordpress\/wp-content\/uploads\/2015\/03\/09-8452-post\/fotos-de-embarazo-fotos-de-pareja-en-el-campo-0013.jpg 900w, https:\/\/www.daniperezfotografia.es\/wordpress\/wp-content\/uploads\/2015\/03\/09-8452-post\/fotos-de-embarazo-fotos-de-pareja-en-el-campo-0013-750x499.jpg 750w\" sizes=\"auto, (max-width: 900px) 100vw, 900px\" \/><img loading=\"lazy\" decoding=\"async\" class=\"aligncenter size-full wp-image-8465\" src=\"http:\/\/www.daniperezfotografia.es\/wordpress\/wp-content\/uploads\/2015\/03\/09-8452-post\/fotos-de-embarazo-fotos-de-pareja-en-el-campo-0020.jpg\" alt=\"fotos de embarazo al atardecer en el campo\" width=\"900\" height=\"599\" srcset=\"https:\/\/www.daniperezfotografia.es\/wordpress\/wp-content\/uploads\/2015\/03\/09-8452-post\/fotos-de-embarazo-fotos-de-pareja-en-el-campo-0020.jpg 900w, https:\/\/www.daniperezfotografia.es\/wordpress\/wp-content\/uploads\/2015\/03\/09-8452-post\/fotos-de-embarazo-fotos-de-pareja-en-el-campo-0020-750x499.jpg 750w\" sizes=\"auto, (max-width: 900px) 100vw, 900px\" \/><img loading=\"lazy\" decoding=\"async\" class=\"aligncenter size-full wp-image-8464\" src=\"http:\/\/www.daniperezfotografia.es\/wordpress\/wp-content\/uploads\/2015\/03\/09-8452-post\/fotos-de-embarazo-fotos-de-pareja-en-el-campo-0017.jpg\" alt=\"fotos de embarazo al atardecer en el campo\" width=\"900\" height=\"599\" srcset=\"https:\/\/www.daniperezfotografia.es\/wordpress\/wp-content\/uploads\/2015\/03\/09-8452-post\/fotos-de-embarazo-fotos-de-pareja-en-el-campo-0017.jpg 900w, https:\/\/www.daniperezfotografia.es\/wordpress\/wp-content\/uploads\/2015\/03\/09-8452-post\/fotos-de-embarazo-fotos-de-pareja-en-el-campo-0017-750x499.jpg 750w\" sizes=\"auto, (max-width: 900px) 100vw, 900px\" \/><img loading=\"lazy\" decoding=\"async\" class=\"aligncenter size-full wp-image-8466\" src=\"http:\/\/www.daniperezfotografia.es\/wordpress\/wp-content\/uploads\/2015\/03\/09-8452-post\/fotos-de-embarazo-fotos-de-pareja-en-el-campo-0023.jpg\" alt=\"fotos de embarazo al atardecer en el campo\" width=\"900\" height=\"599\" srcset=\"https:\/\/www.daniperezfotografia.es\/wordpress\/wp-content\/uploads\/2015\/03\/09-8452-post\/fotos-de-embarazo-fotos-de-pareja-en-el-campo-0023.jpg 900w, https:\/\/www.daniperezfotografia.es\/wordpress\/wp-content\/uploads\/2015\/03\/09-8452-post\/fotos-de-embarazo-fotos-de-pareja-en-el-campo-0023-750x499.jpg 750w\" sizes=\"auto, (max-width: 900px) 100vw, 900px\" \/>[\/vc_column_text][\/vc_column][\/vc_row][vc_row row_type=\u00bbrow\u00bb use_row_as_full_screen_section=\u00bbno\u00bb type=\u00bbfull_width\u00bb text_align=\u00bbleft\u00bb padding_top=\u00bb50&#8243; css_animation=\u00bb\u00bb][vc_column][vc_column_text]\n<p style=\"text-align: center;\">Copias impresas en P<strong>apel FineArt Calidad Museo<\/strong> con caja de madera de roble<\/p>\n[\/vc_column_text][vc_empty_space][vc_column_text]<img loading=\"lazy\" decoding=\"async\" class=\"aligncenter size-full wp-image-9021\" src=\"http:\/\/www.daniperezfotografia.es\/wordpress\/wp-content\/uploads\/2015\/03\/30-8452-post\/fotos-impresas-papel-fine-art-algodon-natural-0041.jpg\" alt=\"foto impresa en papel natural de algodon fineart\" width=\"900\" height=\"600\" srcset=\"https:\/\/www.daniperezfotografia.es\/wordpress\/wp-content\/uploads\/2015\/03\/30-8452-post\/fotos-impresas-papel-fine-art-algodon-natural-0041.jpg 900w, https:\/\/www.daniperezfotografia.es\/wordpress\/wp-content\/uploads\/2015\/03\/30-8452-post\/fotos-impresas-papel-fine-art-algodon-natural-0041-750x500.jpg 750w\" sizes=\"auto, (max-width: 900px) 100vw, 900px\" \/><img loading=\"lazy\" decoding=\"async\" class=\"aligncenter size-full wp-image-9023\" src=\"http:\/\/www.daniperezfotografia.es\/wordpress\/wp-content\/uploads\/2015\/03\/30-8452-post\/fotos-impresas-papel-fine-art-algodon-natural-0043.jpg\" alt=\"foto impresa en papel natural de algodon fineart\" width=\"900\" height=\"600\" srcset=\"https:\/\/www.daniperezfotografia.es\/wordpress\/wp-content\/uploads\/2015\/03\/30-8452-post\/fotos-impresas-papel-fine-art-algodon-natural-0043.jpg 900w, https:\/\/www.daniperezfotografia.es\/wordpress\/wp-content\/uploads\/2015\/03\/30-8452-post\/fotos-impresas-papel-fine-art-algodon-natural-0043-750x500.jpg 750w\" sizes=\"auto, (max-width: 900px) 100vw, 900px\" \/>[\/vc_column_text][\/vc_column][\/vc_row]\n<\/div>","protected":false},"excerpt":{"rendered":"<p>Fotos de embarazo en el campo, una sesi\u00f3n de fotos de pareja al atardecer para disfrutar de sus ultimas semanas de embarazo antes de ser papas<\/p>\n","protected":false},"author":1,"featured_media":11336,"comment_status":"open","ping_status":"open","sticky":false,"template":"","format":"standard","meta":{"footnotes":""},"categories":[943],"tags":[946,806],"class_list":["post-8452","post","type-post","status-publish","format-standard","has-post-thumbnail","hentry","category-familias-infantil","tag-sesion-de-embarazo","tag-sesion-de-familia"],"blocksy_meta":{"styles_descriptor":{"styles":{"desktop":"","tablet":"","mobile":""},"google_fonts":[],"version":6}},"yoast_head":"<!-- This site is optimized with the Yoast SEO plugin v27.4 - https:\/\/yoast.com\/product\/yoast-seo-wordpress\/ -->\n<title>Sesion de fotos de embarazo. Fotos de pareja en el campo<\/title>\n<meta name=\"description\" content=\"Fotos de embarazo en el campo, una sesi\u00f3n de fotos de pareja al atardecer para disfrutar de sus ultimas semanas de embarazo antes de ser papas\" \/>\n<meta name=\"robots\" content=\"index, follow, max-snippet:-1, max-image-preview:large, max-video-preview:-1\" \/>\n<link rel=\"canonical\" href=\"https:\/\/www.daniperezfotografia.es\/wordpress\/familias-infantil\/sesion-de-fotos-de-embarazo-fotos-de-pareja-en-el-campo\" \/>\n<meta property=\"og:locale\" content=\"es_ES\" \/>\n<meta property=\"og:type\" content=\"article\" \/>\n<meta property=\"og:title\" content=\"Sesion de fotos de embarazo. Fotos de pareja en el campo\" \/>\n<meta property=\"og:description\" content=\"Fotos de embarazo en el campo, una sesi\u00f3n de fotos de pareja al atardecer para disfrutar de sus ultimas semanas de embarazo antes de ser papas\" \/>\n<meta property=\"og:url\" content=\"https:\/\/www.daniperezfotografia.es\/wordpress\/familias-infantil\/sesion-de-fotos-de-embarazo-fotos-de-pareja-en-el-campo\" \/>\n<meta property=\"og:site_name\" content=\"Dani Perez Fotografia | Fotografo Profesional en Madrid\" \/>\n<meta property=\"article:publisher\" content=\"https:\/\/www.facebook.com\/daniperezfotografia\" \/>\n<meta property=\"article:author\" content=\"https:\/\/www.facebook.com\/daniperezfotografia\" \/>\n<meta property=\"article:published_time\" content=\"2015-03-09T17:18:09+00:00\" \/>\n<meta property=\"article:modified_time\" content=\"2020-05-18T13:50:46+00:00\" \/>\n<meta property=\"og:image\" content=\"https:\/\/www.daniperezfotografia.es\/wordpress\/wp-content\/uploads\/2015\/03\/elsa-victor-sesion-embarazo-laguna-de-las-madres-1100.jpg\" \/>\n\t<meta property=\"og:image:width\" content=\"1100\" \/>\n\t<meta property=\"og:image:height\" content=\"732\" \/>\n\t<meta property=\"og:image:type\" content=\"image\/jpeg\" \/>\n<meta name=\"author\" content=\"Dani\" \/>\n<meta name=\"twitter:card\" content=\"summary_large_image\" \/>\n<meta name=\"twitter:creator\" content=\"@daniperezfoto\" \/>\n<meta name=\"twitter:site\" content=\"@daniperezfoto\" \/>\n<meta name=\"twitter:label1\" content=\"Escrito por\" \/>\n\t<meta name=\"twitter:data1\" content=\"Dani\" \/>\n\t<meta name=\"twitter:label2\" content=\"Tiempo de lectura\" \/>\n\t<meta name=\"twitter:data2\" content=\"2 minutos\" \/>\n<script type=\"application\/ld+json\" class=\"yoast-schema-graph\">{\"@context\":\"https:\\\/\\\/schema.org\",\"@graph\":[{\"@type\":\"Article\",\"@id\":\"https:\\\/\\\/www.daniperezfotografia.es\\\/wordpress\\\/familias-infantil\\\/sesion-de-fotos-de-embarazo-fotos-de-pareja-en-el-campo#article\",\"isPartOf\":{\"@id\":\"https:\\\/\\\/www.daniperezfotografia.es\\\/wordpress\\\/familias-infantil\\\/sesion-de-fotos-de-embarazo-fotos-de-pareja-en-el-campo\"},\"author\":{\"name\":\"Dani\",\"@id\":\"https:\\\/\\\/www.daniperezfotografia.es\\\/wordpress\\\/#\\\/schema\\\/person\\\/e182c086037e8185dcc7e99e2c589a63\"},\"headline\":\"Sesion de fotos de embarazada\",\"datePublished\":\"2015-03-09T17:18:09+00:00\",\"dateModified\":\"2020-05-18T13:50:46+00:00\",\"mainEntityOfPage\":{\"@id\":\"https:\\\/\\\/www.daniperezfotografia.es\\\/wordpress\\\/familias-infantil\\\/sesion-de-fotos-de-embarazo-fotos-de-pareja-en-el-campo\"},\"wordCount\":323,\"commentCount\":0,\"publisher\":{\"@id\":\"https:\\\/\\\/www.daniperezfotografia.es\\\/wordpress\\\/#organization\"},\"image\":{\"@id\":\"https:\\\/\\\/www.daniperezfotografia.es\\\/wordpress\\\/familias-infantil\\\/sesion-de-fotos-de-embarazo-fotos-de-pareja-en-el-campo#primaryimage\"},\"thumbnailUrl\":\"https:\\\/\\\/www.daniperezfotografia.es\\\/wordpress\\\/wp-content\\\/uploads\\\/2015\\\/03\\\/elsa-victor-sesion-embarazo-laguna-de-las-madres-1100.jpg\",\"keywords\":[\"Sesi\u00f3n de embarazo\",\"sesion de familia\"],\"articleSection\":[\"Reportajes de fotos de Familias en Madrid\"],\"inLanguage\":\"es\",\"potentialAction\":[{\"@type\":\"CommentAction\",\"name\":\"Comment\",\"target\":[\"https:\\\/\\\/www.daniperezfotografia.es\\\/wordpress\\\/familias-infantil\\\/sesion-de-fotos-de-embarazo-fotos-de-pareja-en-el-campo#respond\"]}]},{\"@type\":\"WebPage\",\"@id\":\"https:\\\/\\\/www.daniperezfotografia.es\\\/wordpress\\\/familias-infantil\\\/sesion-de-fotos-de-embarazo-fotos-de-pareja-en-el-campo\",\"url\":\"https:\\\/\\\/www.daniperezfotografia.es\\\/wordpress\\\/familias-infantil\\\/sesion-de-fotos-de-embarazo-fotos-de-pareja-en-el-campo\",\"name\":\"Sesion de fotos de embarazo. Fotos de pareja en el campo\",\"isPartOf\":{\"@id\":\"https:\\\/\\\/www.daniperezfotografia.es\\\/wordpress\\\/#website\"},\"primaryImageOfPage\":{\"@id\":\"https:\\\/\\\/www.daniperezfotografia.es\\\/wordpress\\\/familias-infantil\\\/sesion-de-fotos-de-embarazo-fotos-de-pareja-en-el-campo#primaryimage\"},\"image\":{\"@id\":\"https:\\\/\\\/www.daniperezfotografia.es\\\/wordpress\\\/familias-infantil\\\/sesion-de-fotos-de-embarazo-fotos-de-pareja-en-el-campo#primaryimage\"},\"thumbnailUrl\":\"https:\\\/\\\/www.daniperezfotografia.es\\\/wordpress\\\/wp-content\\\/uploads\\\/2015\\\/03\\\/elsa-victor-sesion-embarazo-laguna-de-las-madres-1100.jpg\",\"datePublished\":\"2015-03-09T17:18:09+00:00\",\"dateModified\":\"2020-05-18T13:50:46+00:00\",\"description\":\"Fotos de embarazo en el campo, una sesi\u00f3n de fotos de pareja al atardecer para disfrutar de sus ultimas semanas de embarazo antes de ser papas\",\"breadcrumb\":{\"@id\":\"https:\\\/\\\/www.daniperezfotografia.es\\\/wordpress\\\/familias-infantil\\\/sesion-de-fotos-de-embarazo-fotos-de-pareja-en-el-campo#breadcrumb\"},\"inLanguage\":\"es\",\"potentialAction\":[{\"@type\":\"ReadAction\",\"target\":[\"https:\\\/\\\/www.daniperezfotografia.es\\\/wordpress\\\/familias-infantil\\\/sesion-de-fotos-de-embarazo-fotos-de-pareja-en-el-campo\"]}]},{\"@type\":\"ImageObject\",\"inLanguage\":\"es\",\"@id\":\"https:\\\/\\\/www.daniperezfotografia.es\\\/wordpress\\\/familias-infantil\\\/sesion-de-fotos-de-embarazo-fotos-de-pareja-en-el-campo#primaryimage\",\"url\":\"https:\\\/\\\/www.daniperezfotografia.es\\\/wordpress\\\/wp-content\\\/uploads\\\/2015\\\/03\\\/elsa-victor-sesion-embarazo-laguna-de-las-madres-1100.jpg\",\"contentUrl\":\"https:\\\/\\\/www.daniperezfotografia.es\\\/wordpress\\\/wp-content\\\/uploads\\\/2015\\\/03\\\/elsa-victor-sesion-embarazo-laguna-de-las-madres-1100.jpg\",\"width\":1100,\"height\":732,\"caption\":\"sesion de embarazada en la laguna de las madres\"},{\"@type\":\"BreadcrumbList\",\"@id\":\"https:\\\/\\\/www.daniperezfotografia.es\\\/wordpress\\\/familias-infantil\\\/sesion-de-fotos-de-embarazo-fotos-de-pareja-en-el-campo#breadcrumb\",\"itemListElement\":[{\"@type\":\"ListItem\",\"position\":1,\"name\":\"Portada\",\"item\":\"https:\\\/\\\/www.daniperezfotografia.es\\\/wordpress\\\/\"},{\"@type\":\"ListItem\",\"position\":2,\"name\":\"Sesion de fotos de embarazada\"}]},{\"@type\":\"WebSite\",\"@id\":\"https:\\\/\\\/www.daniperezfotografia.es\\\/wordpress\\\/#website\",\"url\":\"https:\\\/\\\/www.daniperezfotografia.es\\\/wordpress\\\/\",\"name\":\"Dani Perez Fotografia | Fotografo Profesional en Madrid\",\"description\":\"Reportajes de bodas, bautizos, comuniones y sesiones de familia para particulares. Eventos, conferencias y retrato corporativo para empresas. Video de conferencias\",\"publisher\":{\"@id\":\"https:\\\/\\\/www.daniperezfotografia.es\\\/wordpress\\\/#organization\"},\"potentialAction\":[{\"@type\":\"SearchAction\",\"target\":{\"@type\":\"EntryPoint\",\"urlTemplate\":\"https:\\\/\\\/www.daniperezfotografia.es\\\/wordpress\\\/?s={search_term_string}\"},\"query-input\":{\"@type\":\"PropertyValueSpecification\",\"valueRequired\":true,\"valueName\":\"search_term_string\"}}],\"inLanguage\":\"es\"},{\"@type\":\"Organization\",\"@id\":\"https:\\\/\\\/www.daniperezfotografia.es\\\/wordpress\\\/#organization\",\"name\":\"Dani Perez Fotografia y Video\",\"url\":\"https:\\\/\\\/www.daniperezfotografia.es\\\/wordpress\\\/\",\"logo\":{\"@type\":\"ImageObject\",\"inLanguage\":\"es\",\"@id\":\"https:\\\/\\\/www.daniperezfotografia.es\\\/wordpress\\\/#\\\/schema\\\/logo\\\/image\\\/\",\"url\":\"\",\"contentUrl\":\"\",\"caption\":\"Dani Perez Fotografia y Video\"},\"image\":{\"@id\":\"https:\\\/\\\/www.daniperezfotografia.es\\\/wordpress\\\/#\\\/schema\\\/logo\\\/image\\\/\"},\"sameAs\":[\"https:\\\/\\\/www.facebook.com\\\/daniperezfotografia\",\"https:\\\/\\\/x.com\\\/daniperezfoto\",\"https:\\\/\\\/instagram.com\\\/daniperezfotografia\\\/\",\"https:\\\/\\\/www.linkedin.com\\\/pub\\\/dani-perez-fotografo\\\/b2\\\/3b0\\\/594\"]},{\"@type\":\"Person\",\"@id\":\"https:\\\/\\\/www.daniperezfotografia.es\\\/wordpress\\\/#\\\/schema\\\/person\\\/e182c086037e8185dcc7e99e2c589a63\",\"name\":\"Dani\",\"sameAs\":[\"http:\\\/\\\/www.daniperezfotografia.es\",\"https:\\\/\\\/www.facebook.com\\\/daniperezfotografia\",\"https:\\\/\\\/x.com\\\/daniperezfoto\"]}]}<\/script>\n<!-- \/ Yoast SEO plugin. -->","yoast_head_json":{"title":"Sesion de fotos de embarazo. Fotos de pareja en el campo","description":"Fotos de embarazo en el campo, una sesi\u00f3n de fotos de pareja al atardecer para disfrutar de sus ultimas semanas de embarazo antes de ser papas","robots":{"index":"index","follow":"follow","max-snippet":"max-snippet:-1","max-image-preview":"max-image-preview:large","max-video-preview":"max-video-preview:-1"},"canonical":"https:\/\/www.daniperezfotografia.es\/wordpress\/familias-infantil\/sesion-de-fotos-de-embarazo-fotos-de-pareja-en-el-campo","og_locale":"es_ES","og_type":"article","og_title":"Sesion de fotos de embarazo. Fotos de pareja en el campo","og_description":"Fotos de embarazo en el campo, una sesi\u00f3n de fotos de pareja al atardecer para disfrutar de sus ultimas semanas de embarazo antes de ser papas","og_url":"https:\/\/www.daniperezfotografia.es\/wordpress\/familias-infantil\/sesion-de-fotos-de-embarazo-fotos-de-pareja-en-el-campo","og_site_name":"Dani Perez Fotografia | Fotografo Profesional en Madrid","article_publisher":"https:\/\/www.facebook.com\/daniperezfotografia","article_author":"https:\/\/www.facebook.com\/daniperezfotografia","article_published_time":"2015-03-09T17:18:09+00:00","article_modified_time":"2020-05-18T13:50:46+00:00","og_image":[{"width":1100,"height":732,"url":"https:\/\/www.daniperezfotografia.es\/wordpress\/wp-content\/uploads\/2015\/03\/elsa-victor-sesion-embarazo-laguna-de-las-madres-1100.jpg","type":"image\/jpeg"}],"author":"Dani","twitter_card":"summary_large_image","twitter_creator":"@daniperezfoto","twitter_site":"@daniperezfoto","twitter_misc":{"Escrito por":"Dani","Tiempo de lectura":"2 minutos"},"schema":{"@context":"https:\/\/schema.org","@graph":[{"@type":"Article","@id":"https:\/\/www.daniperezfotografia.es\/wordpress\/familias-infantil\/sesion-de-fotos-de-embarazo-fotos-de-pareja-en-el-campo#article","isPartOf":{"@id":"https:\/\/www.daniperezfotografia.es\/wordpress\/familias-infantil\/sesion-de-fotos-de-embarazo-fotos-de-pareja-en-el-campo"},"author":{"name":"Dani","@id":"https:\/\/www.daniperezfotografia.es\/wordpress\/#\/schema\/person\/e182c086037e8185dcc7e99e2c589a63"},"headline":"Sesion de fotos de embarazada","datePublished":"2015-03-09T17:18:09+00:00","dateModified":"2020-05-18T13:50:46+00:00","mainEntityOfPage":{"@id":"https:\/\/www.daniperezfotografia.es\/wordpress\/familias-infantil\/sesion-de-fotos-de-embarazo-fotos-de-pareja-en-el-campo"},"wordCount":323,"commentCount":0,"publisher":{"@id":"https:\/\/www.daniperezfotografia.es\/wordpress\/#organization"},"image":{"@id":"https:\/\/www.daniperezfotografia.es\/wordpress\/familias-infantil\/sesion-de-fotos-de-embarazo-fotos-de-pareja-en-el-campo#primaryimage"},"thumbnailUrl":"https:\/\/www.daniperezfotografia.es\/wordpress\/wp-content\/uploads\/2015\/03\/elsa-victor-sesion-embarazo-laguna-de-las-madres-1100.jpg","keywords":["Sesi\u00f3n de embarazo","sesion de familia"],"articleSection":["Reportajes de fotos de Familias en Madrid"],"inLanguage":"es","potentialAction":[{"@type":"CommentAction","name":"Comment","target":["https:\/\/www.daniperezfotografia.es\/wordpress\/familias-infantil\/sesion-de-fotos-de-embarazo-fotos-de-pareja-en-el-campo#respond"]}]},{"@type":"WebPage","@id":"https:\/\/www.daniperezfotografia.es\/wordpress\/familias-infantil\/sesion-de-fotos-de-embarazo-fotos-de-pareja-en-el-campo","url":"https:\/\/www.daniperezfotografia.es\/wordpress\/familias-infantil\/sesion-de-fotos-de-embarazo-fotos-de-pareja-en-el-campo","name":"Sesion de fotos de embarazo. Fotos de pareja en el campo","isPartOf":{"@id":"https:\/\/www.daniperezfotografia.es\/wordpress\/#website"},"primaryImageOfPage":{"@id":"https:\/\/www.daniperezfotografia.es\/wordpress\/familias-infantil\/sesion-de-fotos-de-embarazo-fotos-de-pareja-en-el-campo#primaryimage"},"image":{"@id":"https:\/\/www.daniperezfotografia.es\/wordpress\/familias-infantil\/sesion-de-fotos-de-embarazo-fotos-de-pareja-en-el-campo#primaryimage"},"thumbnailUrl":"https:\/\/www.daniperezfotografia.es\/wordpress\/wp-content\/uploads\/2015\/03\/elsa-victor-sesion-embarazo-laguna-de-las-madres-1100.jpg","datePublished":"2015-03-09T17:18:09+00:00","dateModified":"2020-05-18T13:50:46+00:00","description":"Fotos de embarazo en el campo, una sesi\u00f3n de fotos de pareja al atardecer para disfrutar de sus ultimas semanas de embarazo antes de ser papas","breadcrumb":{"@id":"https:\/\/www.daniperezfotografia.es\/wordpress\/familias-infantil\/sesion-de-fotos-de-embarazo-fotos-de-pareja-en-el-campo#breadcrumb"},"inLanguage":"es","potentialAction":[{"@type":"ReadAction","target":["https:\/\/www.daniperezfotografia.es\/wordpress\/familias-infantil\/sesion-de-fotos-de-embarazo-fotos-de-pareja-en-el-campo"]}]},{"@type":"ImageObject","inLanguage":"es","@id":"https:\/\/www.daniperezfotografia.es\/wordpress\/familias-infantil\/sesion-de-fotos-de-embarazo-fotos-de-pareja-en-el-campo#primaryimage","url":"https:\/\/www.daniperezfotografia.es\/wordpress\/wp-content\/uploads\/2015\/03\/elsa-victor-sesion-embarazo-laguna-de-las-madres-1100.jpg","contentUrl":"https:\/\/www.daniperezfotografia.es\/wordpress\/wp-content\/uploads\/2015\/03\/elsa-victor-sesion-embarazo-laguna-de-las-madres-1100.jpg","width":1100,"height":732,"caption":"sesion de embarazada en la laguna de las madres"},{"@type":"BreadcrumbList","@id":"https:\/\/www.daniperezfotografia.es\/wordpress\/familias-infantil\/sesion-de-fotos-de-embarazo-fotos-de-pareja-en-el-campo#breadcrumb","itemListElement":[{"@type":"ListItem","position":1,"name":"Portada","item":"https:\/\/www.daniperezfotografia.es\/wordpress\/"},{"@type":"ListItem","position":2,"name":"Sesion de fotos de embarazada"}]},{"@type":"WebSite","@id":"https:\/\/www.daniperezfotografia.es\/wordpress\/#website","url":"https:\/\/www.daniperezfotografia.es\/wordpress\/","name":"Dani Perez Fotografia | Fotografo Profesional en Madrid","description":"Reportajes de bodas, bautizos, comuniones y sesiones de familia para particulares. Eventos, conferencias y retrato corporativo para empresas. Video de conferencias","publisher":{"@id":"https:\/\/www.daniperezfotografia.es\/wordpress\/#organization"},"potentialAction":[{"@type":"SearchAction","target":{"@type":"EntryPoint","urlTemplate":"https:\/\/www.daniperezfotografia.es\/wordpress\/?s={search_term_string}"},"query-input":{"@type":"PropertyValueSpecification","valueRequired":true,"valueName":"search_term_string"}}],"inLanguage":"es"},{"@type":"Organization","@id":"https:\/\/www.daniperezfotografia.es\/wordpress\/#organization","name":"Dani Perez Fotografia y Video","url":"https:\/\/www.daniperezfotografia.es\/wordpress\/","logo":{"@type":"ImageObject","inLanguage":"es","@id":"https:\/\/www.daniperezfotografia.es\/wordpress\/#\/schema\/logo\/image\/","url":"","contentUrl":"","caption":"Dani Perez Fotografia y Video"},"image":{"@id":"https:\/\/www.daniperezfotografia.es\/wordpress\/#\/schema\/logo\/image\/"},"sameAs":["https:\/\/www.facebook.com\/daniperezfotografia","https:\/\/x.com\/daniperezfoto","https:\/\/instagram.com\/daniperezfotografia\/","https:\/\/www.linkedin.com\/pub\/dani-perez-fotografo\/b2\/3b0\/594"]},{"@type":"Person","@id":"https:\/\/www.daniperezfotografia.es\/wordpress\/#\/schema\/person\/e182c086037e8185dcc7e99e2c589a63","name":"Dani","sameAs":["http:\/\/www.daniperezfotografia.es","https:\/\/www.facebook.com\/daniperezfotografia","https:\/\/x.com\/daniperezfoto"]}]}},"_links":{"self":[{"href":"https:\/\/www.daniperezfotografia.es\/wordpress\/wp-json\/wp\/v2\/posts\/8452","targetHints":{"allow":["GET"]}}],"collection":[{"href":"https:\/\/www.daniperezfotografia.es\/wordpress\/wp-json\/wp\/v2\/posts"}],"about":[{"href":"https:\/\/www.daniperezfotografia.es\/wordpress\/wp-json\/wp\/v2\/types\/post"}],"author":[{"embeddable":true,"href":"https:\/\/www.daniperezfotografia.es\/wordpress\/wp-json\/wp\/v2\/users\/1"}],"replies":[{"embeddable":true,"href":"https:\/\/www.daniperezfotografia.es\/wordpress\/wp-json\/wp\/v2\/comments?post=8452"}],"version-history":[{"count":4,"href":"https:\/\/www.daniperezfotografia.es\/wordpress\/wp-json\/wp\/v2\/posts\/8452\/revisions"}],"predecessor-version":[{"id":13417,"href":"https:\/\/www.daniperezfotografia.es\/wordpress\/wp-json\/wp\/v2\/posts\/8452\/revisions\/13417"}],"wp:featuredmedia":[{"embeddable":true,"href":"https:\/\/www.daniperezfotografia.es\/wordpress\/wp-json\/wp\/v2\/media\/11336"}],"wp:attachment":[{"href":"https:\/\/www.daniperezfotografia.es\/wordpress\/wp-json\/wp\/v2\/media?parent=8452"}],"wp:term":[{"taxonomy":"category","embeddable":true,"href":"https:\/\/www.daniperezfotografia.es\/wordpress\/wp-json\/wp\/v2\/categories?post=8452"},{"taxonomy":"post_tag","embeddable":true,"href":"https:\/\/www.daniperezfotografia.es\/wordpress\/wp-json\/wp\/v2\/tags?post=8452"}],"curies":[{"name":"wp","href":"https:\/\/api.w.org\/{rel}","templated":true}]}}