{"id":8236,"date":"2015-02-04T11:30:35","date_gmt":"2015-02-04T10:30:35","guid":{"rendered":"http:\/\/www.daniperezfotografia.es\/wordpress\/?p=8236"},"modified":"2017-02-28T14:07:00","modified_gmt":"2017-02-28T13:07:00","slug":"fotos-de-parejas-sesion-de-preboda-en-navacerrada","status":"publish","type":"post","link":"https:\/\/www.daniperezfotografia.es\/wordpress\/parejas\/fotos-de-parejas-sesion-de-preboda-en-navacerrada","title":{"rendered":"Sesi\u00f3n de preboda en Navacerrada"},"content":{"rendered":"<p style=\"text-align: center;\">\n<p style=\"text-align: center;\"><strong>Fotos de parejas<\/strong>. Sesi\u00f3n de preboda de Patricia y Jes\u00fas en Navacerrada<\/p>\n<p style=\"text-align: center;\">Hab\u00edamos quedado por la tarde, para hacer la sesi\u00f3n de <strong>fotos de pareja<\/strong> en el <a title=\"Parque del Campo de las Naciones\" href=\"http:\/\/es.wikipedia.org\/wiki\/Estaci%C3%B3n_de_Campo_de_las_Naciones\" target=\"_blank\">Campo de las Naciones<\/a>, pero Patri, tenia ilusi\u00f3n por hacer las fotos rodeada de nieve, as\u00ed que improvisamos y pusimos rumbo a Navacerrada. Una tarde de niebla, ventisca y un fr\u00edo del demonio, que no nos impidi\u00f3 pasar una tarde genial haciendo las <strong>fotos de preboda<\/strong>. Cuando hay ganas de divertirse y de disfrutar, no hay inclemencias que valgan y lo pasamos\u00a0como ni\u00f1os chicos en el <a title=\"Puerto de Navacerrada\" href=\"http:\/\/www.puertonavacerrada.com\/\" target=\"_blank\">Puerto de Navacerrada<\/a>.<\/p>\n<p style=\"text-align: center;\"><img loading=\"lazy\" decoding=\"async\" class=\"aligncenter size-full wp-image-8239\" src=\"http:\/\/www.daniperezfotografia.es\/wordpress\/wp-content\/uploads\/2015\/02\/22-8236-post\/fotos-de-parejas-fotos-de-pareja-fotos-preboda-navacerrada-005.jpg\" alt=\"pareja abrazada para entrar en calor en navacerrada\" width=\"900\" height=\"599\" srcset=\"https:\/\/www.daniperezfotografia.es\/wordpress\/wp-content\/uploads\/2015\/02\/22-8236-post\/fotos-de-parejas-fotos-de-pareja-fotos-preboda-navacerrada-005.jpg 900w, https:\/\/www.daniperezfotografia.es\/wordpress\/wp-content\/uploads\/2015\/02\/22-8236-post\/fotos-de-parejas-fotos-de-pareja-fotos-preboda-navacerrada-005-750x499.jpg 750w\" sizes=\"auto, (max-width: 900px) 100vw, 900px\" \/><img loading=\"lazy\" decoding=\"async\" class=\"aligncenter size-full wp-image-8240\" src=\"http:\/\/www.daniperezfotografia.es\/wordpress\/wp-content\/uploads\/2015\/02\/22-8236-post\/fotos-de-parejas-fotos-de-pareja-fotos-preboda-navacerrada-013.jpg\" alt=\"foto de pareja feliz riendose en la nieve en la estacion de ski de navacerrada\" width=\"900\" height=\"599\" srcset=\"https:\/\/www.daniperezfotografia.es\/wordpress\/wp-content\/uploads\/2015\/02\/22-8236-post\/fotos-de-parejas-fotos-de-pareja-fotos-preboda-navacerrada-013.jpg 900w, https:\/\/www.daniperezfotografia.es\/wordpress\/wp-content\/uploads\/2015\/02\/22-8236-post\/fotos-de-parejas-fotos-de-pareja-fotos-preboda-navacerrada-013-750x499.jpg 750w\" sizes=\"auto, (max-width: 900px) 100vw, 900px\" \/><img loading=\"lazy\" decoding=\"async\" class=\"aligncenter size-full wp-image-8241\" src=\"http:\/\/www.daniperezfotografia.es\/wordpress\/wp-content\/uploads\/2015\/02\/22-8236-post\/fotos-de-parejas-fotos-de-pareja-fotos-preboda-navacerrada-010.jpg\" alt=\"foto de pareja abrazadados sonriendo mientras se abrazan y se hacen mimos\" width=\"900\" height=\"599\" srcset=\"https:\/\/www.daniperezfotografia.es\/wordpress\/wp-content\/uploads\/2015\/02\/22-8236-post\/fotos-de-parejas-fotos-de-pareja-fotos-preboda-navacerrada-010.jpg 900w, https:\/\/www.daniperezfotografia.es\/wordpress\/wp-content\/uploads\/2015\/02\/22-8236-post\/fotos-de-parejas-fotos-de-pareja-fotos-preboda-navacerrada-010-750x499.jpg 750w\" sizes=\"auto, (max-width: 900px) 100vw, 900px\" \/><img loading=\"lazy\" decoding=\"async\" class=\"aligncenter size-full wp-image-8242\" src=\"http:\/\/www.daniperezfotografia.es\/wordpress\/wp-content\/uploads\/2015\/02\/22-8236-post\/fotos-de-parejas-fotos-de-pareja-fotos-preboda-navacerrada-014.jpg\" alt=\"foto de pareja en la estacion de navacerrada mirando el paisaje desde un mirador\" width=\"900\" height=\"599\" srcset=\"https:\/\/www.daniperezfotografia.es\/wordpress\/wp-content\/uploads\/2015\/02\/22-8236-post\/fotos-de-parejas-fotos-de-pareja-fotos-preboda-navacerrada-014.jpg 900w, https:\/\/www.daniperezfotografia.es\/wordpress\/wp-content\/uploads\/2015\/02\/22-8236-post\/fotos-de-parejas-fotos-de-pareja-fotos-preboda-navacerrada-014-750x499.jpg 750w\" sizes=\"auto, (max-width: 900px) 100vw, 900px\" \/><img loading=\"lazy\" decoding=\"async\" class=\"aligncenter size-full wp-image-8243\" src=\"http:\/\/www.daniperezfotografia.es\/wordpress\/wp-content\/uploads\/2015\/02\/22-8236-post\/fotos-de-parejas-fotos-de-pareja-fotos-preboda-navacerrada-017.jpg\" alt=\"foto de pareja haciendose caricias en la cara visto a traves de una verja de madera en la estaci\u00f3n de navacerrada\" width=\"900\" height=\"599\" srcset=\"https:\/\/www.daniperezfotografia.es\/wordpress\/wp-content\/uploads\/2015\/02\/22-8236-post\/fotos-de-parejas-fotos-de-pareja-fotos-preboda-navacerrada-017.jpg 900w, https:\/\/www.daniperezfotografia.es\/wordpress\/wp-content\/uploads\/2015\/02\/22-8236-post\/fotos-de-parejas-fotos-de-pareja-fotos-preboda-navacerrada-017-750x499.jpg 750w\" sizes=\"auto, (max-width: 900px) 100vw, 900px\" \/><img loading=\"lazy\" decoding=\"async\" class=\"aligncenter size-full wp-image-8244\" src=\"http:\/\/www.daniperezfotografia.es\/wordpress\/wp-content\/uploads\/2015\/02\/22-8236-post\/fotos-de-parejas-fotos-de-pareja-fotos-preboda-navacerrada-015.jpg\" alt=\"foto de pareja en navacerrada usando las lineas del tejado para crear una composicion geometrica\" width=\"900\" height=\"599\" srcset=\"https:\/\/www.daniperezfotografia.es\/wordpress\/wp-content\/uploads\/2015\/02\/22-8236-post\/fotos-de-parejas-fotos-de-pareja-fotos-preboda-navacerrada-015.jpg 900w, https:\/\/www.daniperezfotografia.es\/wordpress\/wp-content\/uploads\/2015\/02\/22-8236-post\/fotos-de-parejas-fotos-de-pareja-fotos-preboda-navacerrada-015-750x499.jpg 750w\" sizes=\"auto, (max-width: 900px) 100vw, 900px\" \/><img loading=\"lazy\" decoding=\"async\" class=\"aligncenter size-full wp-image-9045\" src=\"http:\/\/www.daniperezfotografia.es\/wordpress\/wp-content\/uploads\/2015\/02\/03-8236-post\/fotos-de-parejas-fotos-de-pareja-fotos-preboda-navacerrada-022.jpg\" alt=\"fotos de pareja en navacerrada\" width=\"900\" height=\"599\" srcset=\"https:\/\/www.daniperezfotografia.es\/wordpress\/wp-content\/uploads\/2015\/02\/03-8236-post\/fotos-de-parejas-fotos-de-pareja-fotos-preboda-navacerrada-022.jpg 900w, https:\/\/www.daniperezfotografia.es\/wordpress\/wp-content\/uploads\/2015\/02\/03-8236-post\/fotos-de-parejas-fotos-de-pareja-fotos-preboda-navacerrada-022-750x499.jpg 750w\" sizes=\"auto, (max-width: 900px) 100vw, 900px\" \/><img loading=\"lazy\" decoding=\"async\" class=\"aligncenter size-full wp-image-9046\" src=\"http:\/\/www.daniperezfotografia.es\/wordpress\/wp-content\/uploads\/2015\/02\/03-8236-post\/fotos-de-parejas-fotos-de-pareja-fotos-preboda-navacerrada-019.jpg\" alt=\"fotos de pareja en navacerrada\" width=\"900\" height=\"599\" srcset=\"https:\/\/www.daniperezfotografia.es\/wordpress\/wp-content\/uploads\/2015\/02\/03-8236-post\/fotos-de-parejas-fotos-de-pareja-fotos-preboda-navacerrada-019.jpg 900w, https:\/\/www.daniperezfotografia.es\/wordpress\/wp-content\/uploads\/2015\/02\/03-8236-post\/fotos-de-parejas-fotos-de-pareja-fotos-preboda-navacerrada-019-750x499.jpg 750w\" sizes=\"auto, (max-width: 900px) 100vw, 900px\" \/><img loading=\"lazy\" decoding=\"async\" class=\"aligncenter size-full wp-image-9047\" src=\"http:\/\/www.daniperezfotografia.es\/wordpress\/wp-content\/uploads\/2015\/05\/03-8236-post\/fotos-de-parejas-fotos-de-pareja-fotos-preboda-navacerrada-023.jpg\" alt=\"fotos de pareja en navacerrada\" width=\"900\" height=\"599\" srcset=\"https:\/\/www.daniperezfotografia.es\/wordpress\/wp-content\/uploads\/2015\/05\/03-8236-post\/fotos-de-parejas-fotos-de-pareja-fotos-preboda-navacerrada-023.jpg 900w, https:\/\/www.daniperezfotografia.es\/wordpress\/wp-content\/uploads\/2015\/05\/03-8236-post\/fotos-de-parejas-fotos-de-pareja-fotos-preboda-navacerrada-023-750x499.jpg 750w\" sizes=\"auto, (max-width: 900px) 100vw, 900px\" \/><img loading=\"lazy\" decoding=\"async\" class=\"aligncenter size-full wp-image-9048\" src=\"http:\/\/www.daniperezfotografia.es\/wordpress\/wp-content\/uploads\/2015\/05\/03-8236-post\/fotos-de-parejas-fotos-de-pareja-fotos-preboda-navacerrada-029.jpg\" alt=\"sesion de fotos de preboda en navacerrada\" width=\"900\" height=\"599\" srcset=\"https:\/\/www.daniperezfotografia.es\/wordpress\/wp-content\/uploads\/2015\/05\/03-8236-post\/fotos-de-parejas-fotos-de-pareja-fotos-preboda-navacerrada-029.jpg 900w, https:\/\/www.daniperezfotografia.es\/wordpress\/wp-content\/uploads\/2015\/05\/03-8236-post\/fotos-de-parejas-fotos-de-pareja-fotos-preboda-navacerrada-029-750x499.jpg 750w\" sizes=\"auto, (max-width: 900px) 100vw, 900px\" \/><img loading=\"lazy\" decoding=\"async\" class=\"aligncenter size-full wp-image-9049\" src=\"http:\/\/www.daniperezfotografia.es\/wordpress\/wp-content\/uploads\/2015\/05\/03-8236-post\/fotos-de-parejas-fotos-de-pareja-fotos-preboda-navacerrada-033.jpg\" alt=\"sesion de fotos de preboda en navacerrada\" width=\"900\" height=\"599\" srcset=\"https:\/\/www.daniperezfotografia.es\/wordpress\/wp-content\/uploads\/2015\/05\/03-8236-post\/fotos-de-parejas-fotos-de-pareja-fotos-preboda-navacerrada-033.jpg 900w, https:\/\/www.daniperezfotografia.es\/wordpress\/wp-content\/uploads\/2015\/05\/03-8236-post\/fotos-de-parejas-fotos-de-pareja-fotos-preboda-navacerrada-033-750x499.jpg 750w\" sizes=\"auto, (max-width: 900px) 100vw, 900px\" \/><img loading=\"lazy\" decoding=\"async\" class=\"aligncenter size-full wp-image-9050\" src=\"http:\/\/www.daniperezfotografia.es\/wordpress\/wp-content\/uploads\/2015\/05\/03-8236-post\/fotos-de-parejas-fotos-de-pareja-fotos-preboda-navacerrada-038.jpg\" alt=\"sesion de fotos de preboda en navacerrada\" width=\"900\" height=\"599\" srcset=\"https:\/\/www.daniperezfotografia.es\/wordpress\/wp-content\/uploads\/2015\/05\/03-8236-post\/fotos-de-parejas-fotos-de-pareja-fotos-preboda-navacerrada-038.jpg 900w, https:\/\/www.daniperezfotografia.es\/wordpress\/wp-content\/uploads\/2015\/05\/03-8236-post\/fotos-de-parejas-fotos-de-pareja-fotos-preboda-navacerrada-038-750x499.jpg 750w\" sizes=\"auto, (max-width: 900px) 100vw, 900px\" \/><img loading=\"lazy\" decoding=\"async\" class=\"aligncenter size-full wp-image-9051\" src=\"http:\/\/www.daniperezfotografia.es\/wordpress\/wp-content\/uploads\/2015\/05\/03-8236-post\/fotos-de-parejas-fotos-de-pareja-fotos-preboda-navacerrada-039.jpg\" alt=\"sesion de fotos de preboda en navacerrada\" width=\"900\" height=\"599\" srcset=\"https:\/\/www.daniperezfotografia.es\/wordpress\/wp-content\/uploads\/2015\/05\/03-8236-post\/fotos-de-parejas-fotos-de-pareja-fotos-preboda-navacerrada-039.jpg 900w, https:\/\/www.daniperezfotografia.es\/wordpress\/wp-content\/uploads\/2015\/05\/03-8236-post\/fotos-de-parejas-fotos-de-pareja-fotos-preboda-navacerrada-039-750x499.jpg 750w\" sizes=\"auto, (max-width: 900px) 100vw, 900px\" \/><img loading=\"lazy\" decoding=\"async\" class=\"aligncenter size-full wp-image-9052\" src=\"http:\/\/www.daniperezfotografia.es\/wordpress\/wp-content\/uploads\/2015\/05\/03-8236-post\/fotos-de-parejas-fotos-de-pareja-fotos-preboda-navacerrada-040.jpg\" alt=\"sesion de fotos de preboda en navacerrada\" width=\"900\" height=\"599\" srcset=\"https:\/\/www.daniperezfotografia.es\/wordpress\/wp-content\/uploads\/2015\/05\/03-8236-post\/fotos-de-parejas-fotos-de-pareja-fotos-preboda-navacerrada-040.jpg 900w, https:\/\/www.daniperezfotografia.es\/wordpress\/wp-content\/uploads\/2015\/05\/03-8236-post\/fotos-de-parejas-fotos-de-pareja-fotos-preboda-navacerrada-040-750x499.jpg 750w\" sizes=\"auto, (max-width: 900px) 100vw, 900px\" \/><img loading=\"lazy\" decoding=\"async\" class=\"aligncenter size-full wp-image-9053\" src=\"http:\/\/www.daniperezfotografia.es\/wordpress\/wp-content\/uploads\/2015\/05\/03-8236-post\/fotos-de-parejas-fotos-de-pareja-fotos-preboda-navacerrada-055.jpg\" alt=\"sesion de fotos de preboda en navacerrada\" width=\"900\" height=\"599\" srcset=\"https:\/\/www.daniperezfotografia.es\/wordpress\/wp-content\/uploads\/2015\/05\/03-8236-post\/fotos-de-parejas-fotos-de-pareja-fotos-preboda-navacerrada-055.jpg 900w, https:\/\/www.daniperezfotografia.es\/wordpress\/wp-content\/uploads\/2015\/05\/03-8236-post\/fotos-de-parejas-fotos-de-pareja-fotos-preboda-navacerrada-055-750x499.jpg 750w\" sizes=\"auto, (max-width: 900px) 100vw, 900px\" \/><img loading=\"lazy\" decoding=\"async\" class=\"aligncenter size-full wp-image-9054\" src=\"http:\/\/www.daniperezfotografia.es\/wordpress\/wp-content\/uploads\/2015\/05\/03-8236-post\/fotos-de-parejas-fotos-de-pareja-fotos-preboda-navacerrada-057.jpg\" alt=\"sesion de fotos de preboda en navacerrada\" width=\"900\" height=\"599\" srcset=\"https:\/\/www.daniperezfotografia.es\/wordpress\/wp-content\/uploads\/2015\/05\/03-8236-post\/fotos-de-parejas-fotos-de-pareja-fotos-preboda-navacerrada-057.jpg 900w, https:\/\/www.daniperezfotografia.es\/wordpress\/wp-content\/uploads\/2015\/05\/03-8236-post\/fotos-de-parejas-fotos-de-pareja-fotos-preboda-navacerrada-057-750x499.jpg 750w\" sizes=\"auto, (max-width: 900px) 100vw, 900px\" \/><img loading=\"lazy\" decoding=\"async\" class=\"aligncenter size-full wp-image-9055\" src=\"http:\/\/www.daniperezfotografia.es\/wordpress\/wp-content\/uploads\/2015\/05\/03-8236-post\/fotos-de-parejas-fotos-de-pareja-fotos-preboda-navacerrada-059.jpg\" alt=\"sesion de fotos de preboda en navacerrada\" width=\"900\" height=\"599\" srcset=\"https:\/\/www.daniperezfotografia.es\/wordpress\/wp-content\/uploads\/2015\/05\/03-8236-post\/fotos-de-parejas-fotos-de-pareja-fotos-preboda-navacerrada-059.jpg 900w, https:\/\/www.daniperezfotografia.es\/wordpress\/wp-content\/uploads\/2015\/05\/03-8236-post\/fotos-de-parejas-fotos-de-pareja-fotos-preboda-navacerrada-059-750x499.jpg 750w\" sizes=\"auto, (max-width: 900px) 100vw, 900px\" \/><\/p>\n","protected":false},"excerpt":{"rendered":"<p>Sesion de fotos de pareja para la sesi\u00f3n de preboda en la nieve, fotografias realizadas en Navacerrada<\/p>\n","protected":false},"author":1,"featured_media":11272,"comment_status":"open","ping_status":"open","sticky":false,"template":"","format":"standard","meta":{"footnotes":""},"categories":[929],"tags":[845,747,844],"class_list":["post-8236","post","type-post","status-publish","format-standard","has-post-thumbnail","hentry","category-parejas","tag-puerto-de-navacerrada","tag-sesion-de-pareja","tag-sesion-de-preboda"],"blocksy_meta":{"styles_descriptor":{"styles":{"desktop":"","tablet":"","mobile":""},"google_fonts":[],"version":6}},"yoast_head":"<!-- This site is optimized with the Yoast SEO plugin v27.4 - https:\/\/yoast.com\/product\/yoast-seo-wordpress\/ -->\n<title>Fotos de parejas. Sesion de preboda en Navacerrada<\/title>\n<meta name=\"description\" content=\"Fotos de parejas. Sesion de preboda en Navacerrada\" \/>\n<meta name=\"robots\" content=\"index, follow, max-snippet:-1, max-image-preview:large, max-video-preview:-1\" \/>\n<link rel=\"canonical\" href=\"http:\/\/www.daniperezfotografia.es\/wordpress\/parejas\/fotos-de-parejas-sesion-de-preboda-en-navacerrada\" \/>\n<meta property=\"og:locale\" content=\"es_ES\" \/>\n<meta property=\"og:type\" content=\"article\" \/>\n<meta property=\"og:title\" content=\"Fotos de parejas. Sesion de preboda en Navacerrada\" \/>\n<meta property=\"og:description\" content=\"Fotos de parejas. Sesion de preboda en Navacerrada\" \/>\n<meta property=\"og:url\" content=\"http:\/\/www.daniperezfotografia.es\/wordpress\/parejas\/fotos-de-parejas-sesion-de-preboda-en-navacerrada\" \/>\n<meta property=\"og:site_name\" content=\"Dani Perez Fotografia | Fotografo Profesional en Madrid\" \/>\n<meta property=\"article:publisher\" content=\"https:\/\/www.facebook.com\/daniperezfotografia\" \/>\n<meta property=\"article:author\" content=\"https:\/\/www.facebook.com\/daniperezfotografia\" \/>\n<meta property=\"article:published_time\" content=\"2015-02-04T10:30:35+00:00\" \/>\n<meta property=\"article:modified_time\" content=\"2017-02-28T13:07:00+00:00\" \/>\n<meta property=\"og:image\" content=\"http:\/\/www.daniperezfotografia.es\/wordpress\/wp-content\/uploads\/2015\/02\/patricia-jesus-preboda-navacerrada-1100.jpg\" \/>\n\t<meta property=\"og:image:width\" content=\"1100\" \/>\n\t<meta property=\"og:image:height\" content=\"732\" \/>\n\t<meta property=\"og:image:type\" content=\"image\/jpeg\" \/>\n<meta name=\"author\" content=\"Dani\" \/>\n<meta name=\"twitter:card\" content=\"summary_large_image\" \/>\n<meta name=\"twitter:creator\" content=\"@daniperezfoto\" \/>\n<meta name=\"twitter:site\" content=\"@daniperezfoto\" \/>\n<meta name=\"twitter:label1\" content=\"Escrito por\" \/>\n\t<meta name=\"twitter:data1\" content=\"Dani\" \/>\n\t<meta name=\"twitter:label2\" content=\"Tiempo de lectura\" \/>\n\t<meta name=\"twitter:data2\" content=\"1 minuto\" \/>\n<script type=\"application\/ld+json\" class=\"yoast-schema-graph\">{\"@context\":\"https:\\\/\\\/schema.org\",\"@graph\":[{\"@type\":\"Article\",\"@id\":\"http:\\\/\\\/www.daniperezfotografia.es\\\/wordpress\\\/parejas\\\/fotos-de-parejas-sesion-de-preboda-en-navacerrada#article\",\"isPartOf\":{\"@id\":\"http:\\\/\\\/www.daniperezfotografia.es\\\/wordpress\\\/parejas\\\/fotos-de-parejas-sesion-de-preboda-en-navacerrada\"},\"author\":{\"name\":\"Dani\",\"@id\":\"https:\\\/\\\/www.daniperezfotografia.es\\\/wordpress\\\/#\\\/schema\\\/person\\\/e182c086037e8185dcc7e99e2c589a63\"},\"headline\":\"Sesi\u00f3n de preboda en Navacerrada\",\"datePublished\":\"2015-02-04T10:30:35+00:00\",\"dateModified\":\"2017-02-28T13:07:00+00:00\",\"mainEntityOfPage\":{\"@id\":\"http:\\\/\\\/www.daniperezfotografia.es\\\/wordpress\\\/parejas\\\/fotos-de-parejas-sesion-de-preboda-en-navacerrada\"},\"wordCount\":110,\"commentCount\":0,\"publisher\":{\"@id\":\"https:\\\/\\\/www.daniperezfotografia.es\\\/wordpress\\\/#organization\"},\"image\":{\"@id\":\"http:\\\/\\\/www.daniperezfotografia.es\\\/wordpress\\\/parejas\\\/fotos-de-parejas-sesion-de-preboda-en-navacerrada#primaryimage\"},\"thumbnailUrl\":\"https:\\\/\\\/www.daniperezfotografia.es\\\/wordpress\\\/wp-content\\\/uploads\\\/2015\\\/02\\\/patricia-jesus-preboda-navacerrada-1100.jpg\",\"keywords\":[\"Puerto de Navacerrada\",\"sesion de pareja\",\"Sesion de preboda\"],\"articleSection\":[\"Sesiones de fotos de Parejas en Madrid\"],\"inLanguage\":\"es\",\"potentialAction\":[{\"@type\":\"CommentAction\",\"name\":\"Comment\",\"target\":[\"http:\\\/\\\/www.daniperezfotografia.es\\\/wordpress\\\/parejas\\\/fotos-de-parejas-sesion-de-preboda-en-navacerrada#respond\"]}]},{\"@type\":\"WebPage\",\"@id\":\"http:\\\/\\\/www.daniperezfotografia.es\\\/wordpress\\\/parejas\\\/fotos-de-parejas-sesion-de-preboda-en-navacerrada\",\"url\":\"http:\\\/\\\/www.daniperezfotografia.es\\\/wordpress\\\/parejas\\\/fotos-de-parejas-sesion-de-preboda-en-navacerrada\",\"name\":\"Fotos de parejas. Sesion de preboda en Navacerrada\",\"isPartOf\":{\"@id\":\"https:\\\/\\\/www.daniperezfotografia.es\\\/wordpress\\\/#website\"},\"primaryImageOfPage\":{\"@id\":\"http:\\\/\\\/www.daniperezfotografia.es\\\/wordpress\\\/parejas\\\/fotos-de-parejas-sesion-de-preboda-en-navacerrada#primaryimage\"},\"image\":{\"@id\":\"http:\\\/\\\/www.daniperezfotografia.es\\\/wordpress\\\/parejas\\\/fotos-de-parejas-sesion-de-preboda-en-navacerrada#primaryimage\"},\"thumbnailUrl\":\"https:\\\/\\\/www.daniperezfotografia.es\\\/wordpress\\\/wp-content\\\/uploads\\\/2015\\\/02\\\/patricia-jesus-preboda-navacerrada-1100.jpg\",\"datePublished\":\"2015-02-04T10:30:35+00:00\",\"dateModified\":\"2017-02-28T13:07:00+00:00\",\"description\":\"Fotos de parejas. Sesion de preboda en Navacerrada\",\"breadcrumb\":{\"@id\":\"http:\\\/\\\/www.daniperezfotografia.es\\\/wordpress\\\/parejas\\\/fotos-de-parejas-sesion-de-preboda-en-navacerrada#breadcrumb\"},\"inLanguage\":\"es\",\"potentialAction\":[{\"@type\":\"ReadAction\",\"target\":[\"http:\\\/\\\/www.daniperezfotografia.es\\\/wordpress\\\/parejas\\\/fotos-de-parejas-sesion-de-preboda-en-navacerrada\"]}]},{\"@type\":\"ImageObject\",\"inLanguage\":\"es\",\"@id\":\"http:\\\/\\\/www.daniperezfotografia.es\\\/wordpress\\\/parejas\\\/fotos-de-parejas-sesion-de-preboda-en-navacerrada#primaryimage\",\"url\":\"https:\\\/\\\/www.daniperezfotografia.es\\\/wordpress\\\/wp-content\\\/uploads\\\/2015\\\/02\\\/patricia-jesus-preboda-navacerrada-1100.jpg\",\"contentUrl\":\"https:\\\/\\\/www.daniperezfotografia.es\\\/wordpress\\\/wp-content\\\/uploads\\\/2015\\\/02\\\/patricia-jesus-preboda-navacerrada-1100.jpg\",\"width\":1100,\"height\":732,\"caption\":\"sesion de preboda en navacerrada\"},{\"@type\":\"BreadcrumbList\",\"@id\":\"http:\\\/\\\/www.daniperezfotografia.es\\\/wordpress\\\/parejas\\\/fotos-de-parejas-sesion-de-preboda-en-navacerrada#breadcrumb\",\"itemListElement\":[{\"@type\":\"ListItem\",\"position\":1,\"name\":\"Portada\",\"item\":\"https:\\\/\\\/www.daniperezfotografia.es\\\/wordpress\\\/\"},{\"@type\":\"ListItem\",\"position\":2,\"name\":\"Sesi\u00f3n de preboda en Navacerrada\"}]},{\"@type\":\"WebSite\",\"@id\":\"https:\\\/\\\/www.daniperezfotografia.es\\\/wordpress\\\/#website\",\"url\":\"https:\\\/\\\/www.daniperezfotografia.es\\\/wordpress\\\/\",\"name\":\"Dani Perez Fotografia | Fotografo Profesional en Madrid\",\"description\":\"Reportajes de bodas, bautizos, comuniones y sesiones de familia para particulares. Eventos, conferencias y retrato corporativo para empresas. Video de conferencias\",\"publisher\":{\"@id\":\"https:\\\/\\\/www.daniperezfotografia.es\\\/wordpress\\\/#organization\"},\"potentialAction\":[{\"@type\":\"SearchAction\",\"target\":{\"@type\":\"EntryPoint\",\"urlTemplate\":\"https:\\\/\\\/www.daniperezfotografia.es\\\/wordpress\\\/?s={search_term_string}\"},\"query-input\":{\"@type\":\"PropertyValueSpecification\",\"valueRequired\":true,\"valueName\":\"search_term_string\"}}],\"inLanguage\":\"es\"},{\"@type\":\"Organization\",\"@id\":\"https:\\\/\\\/www.daniperezfotografia.es\\\/wordpress\\\/#organization\",\"name\":\"Dani Perez Fotografia y Video\",\"url\":\"https:\\\/\\\/www.daniperezfotografia.es\\\/wordpress\\\/\",\"logo\":{\"@type\":\"ImageObject\",\"inLanguage\":\"es\",\"@id\":\"https:\\\/\\\/www.daniperezfotografia.es\\\/wordpress\\\/#\\\/schema\\\/logo\\\/image\\\/\",\"url\":\"\",\"contentUrl\":\"\",\"caption\":\"Dani Perez Fotografia y Video\"},\"image\":{\"@id\":\"https:\\\/\\\/www.daniperezfotografia.es\\\/wordpress\\\/#\\\/schema\\\/logo\\\/image\\\/\"},\"sameAs\":[\"https:\\\/\\\/www.facebook.com\\\/daniperezfotografia\",\"https:\\\/\\\/x.com\\\/daniperezfoto\",\"https:\\\/\\\/instagram.com\\\/daniperezfotografia\\\/\",\"https:\\\/\\\/www.linkedin.com\\\/pub\\\/dani-perez-fotografo\\\/b2\\\/3b0\\\/594\"]},{\"@type\":\"Person\",\"@id\":\"https:\\\/\\\/www.daniperezfotografia.es\\\/wordpress\\\/#\\\/schema\\\/person\\\/e182c086037e8185dcc7e99e2c589a63\",\"name\":\"Dani\",\"sameAs\":[\"http:\\\/\\\/www.daniperezfotografia.es\",\"https:\\\/\\\/www.facebook.com\\\/daniperezfotografia\",\"https:\\\/\\\/x.com\\\/daniperezfoto\"]}]}<\/script>\n<!-- \/ Yoast SEO plugin. -->","yoast_head_json":{"title":"Fotos de parejas. Sesion de preboda en Navacerrada","description":"Fotos de parejas. Sesion de preboda en Navacerrada","robots":{"index":"index","follow":"follow","max-snippet":"max-snippet:-1","max-image-preview":"max-image-preview:large","max-video-preview":"max-video-preview:-1"},"canonical":"http:\/\/www.daniperezfotografia.es\/wordpress\/parejas\/fotos-de-parejas-sesion-de-preboda-en-navacerrada","og_locale":"es_ES","og_type":"article","og_title":"Fotos de parejas. Sesion de preboda en Navacerrada","og_description":"Fotos de parejas. Sesion de preboda en Navacerrada","og_url":"http:\/\/www.daniperezfotografia.es\/wordpress\/parejas\/fotos-de-parejas-sesion-de-preboda-en-navacerrada","og_site_name":"Dani Perez Fotografia | Fotografo Profesional en Madrid","article_publisher":"https:\/\/www.facebook.com\/daniperezfotografia","article_author":"https:\/\/www.facebook.com\/daniperezfotografia","article_published_time":"2015-02-04T10:30:35+00:00","article_modified_time":"2017-02-28T13:07:00+00:00","og_image":[{"width":1100,"height":732,"url":"http:\/\/www.daniperezfotografia.es\/wordpress\/wp-content\/uploads\/2015\/02\/patricia-jesus-preboda-navacerrada-1100.jpg","type":"image\/jpeg"}],"author":"Dani","twitter_card":"summary_large_image","twitter_creator":"@daniperezfoto","twitter_site":"@daniperezfoto","twitter_misc":{"Escrito por":"Dani","Tiempo de lectura":"1 minuto"},"schema":{"@context":"https:\/\/schema.org","@graph":[{"@type":"Article","@id":"http:\/\/www.daniperezfotografia.es\/wordpress\/parejas\/fotos-de-parejas-sesion-de-preboda-en-navacerrada#article","isPartOf":{"@id":"http:\/\/www.daniperezfotografia.es\/wordpress\/parejas\/fotos-de-parejas-sesion-de-preboda-en-navacerrada"},"author":{"name":"Dani","@id":"https:\/\/www.daniperezfotografia.es\/wordpress\/#\/schema\/person\/e182c086037e8185dcc7e99e2c589a63"},"headline":"Sesi\u00f3n de preboda en Navacerrada","datePublished":"2015-02-04T10:30:35+00:00","dateModified":"2017-02-28T13:07:00+00:00","mainEntityOfPage":{"@id":"http:\/\/www.daniperezfotografia.es\/wordpress\/parejas\/fotos-de-parejas-sesion-de-preboda-en-navacerrada"},"wordCount":110,"commentCount":0,"publisher":{"@id":"https:\/\/www.daniperezfotografia.es\/wordpress\/#organization"},"image":{"@id":"http:\/\/www.daniperezfotografia.es\/wordpress\/parejas\/fotos-de-parejas-sesion-de-preboda-en-navacerrada#primaryimage"},"thumbnailUrl":"https:\/\/www.daniperezfotografia.es\/wordpress\/wp-content\/uploads\/2015\/02\/patricia-jesus-preboda-navacerrada-1100.jpg","keywords":["Puerto de Navacerrada","sesion de pareja","Sesion de preboda"],"articleSection":["Sesiones de fotos de Parejas en Madrid"],"inLanguage":"es","potentialAction":[{"@type":"CommentAction","name":"Comment","target":["http:\/\/www.daniperezfotografia.es\/wordpress\/parejas\/fotos-de-parejas-sesion-de-preboda-en-navacerrada#respond"]}]},{"@type":"WebPage","@id":"http:\/\/www.daniperezfotografia.es\/wordpress\/parejas\/fotos-de-parejas-sesion-de-preboda-en-navacerrada","url":"http:\/\/www.daniperezfotografia.es\/wordpress\/parejas\/fotos-de-parejas-sesion-de-preboda-en-navacerrada","name":"Fotos de parejas. Sesion de preboda en Navacerrada","isPartOf":{"@id":"https:\/\/www.daniperezfotografia.es\/wordpress\/#website"},"primaryImageOfPage":{"@id":"http:\/\/www.daniperezfotografia.es\/wordpress\/parejas\/fotos-de-parejas-sesion-de-preboda-en-navacerrada#primaryimage"},"image":{"@id":"http:\/\/www.daniperezfotografia.es\/wordpress\/parejas\/fotos-de-parejas-sesion-de-preboda-en-navacerrada#primaryimage"},"thumbnailUrl":"https:\/\/www.daniperezfotografia.es\/wordpress\/wp-content\/uploads\/2015\/02\/patricia-jesus-preboda-navacerrada-1100.jpg","datePublished":"2015-02-04T10:30:35+00:00","dateModified":"2017-02-28T13:07:00+00:00","description":"Fotos de parejas. Sesion de preboda en Navacerrada","breadcrumb":{"@id":"http:\/\/www.daniperezfotografia.es\/wordpress\/parejas\/fotos-de-parejas-sesion-de-preboda-en-navacerrada#breadcrumb"},"inLanguage":"es","potentialAction":[{"@type":"ReadAction","target":["http:\/\/www.daniperezfotografia.es\/wordpress\/parejas\/fotos-de-parejas-sesion-de-preboda-en-navacerrada"]}]},{"@type":"ImageObject","inLanguage":"es","@id":"http:\/\/www.daniperezfotografia.es\/wordpress\/parejas\/fotos-de-parejas-sesion-de-preboda-en-navacerrada#primaryimage","url":"https:\/\/www.daniperezfotografia.es\/wordpress\/wp-content\/uploads\/2015\/02\/patricia-jesus-preboda-navacerrada-1100.jpg","contentUrl":"https:\/\/www.daniperezfotografia.es\/wordpress\/wp-content\/uploads\/2015\/02\/patricia-jesus-preboda-navacerrada-1100.jpg","width":1100,"height":732,"caption":"sesion de preboda en navacerrada"},{"@type":"BreadcrumbList","@id":"http:\/\/www.daniperezfotografia.es\/wordpress\/parejas\/fotos-de-parejas-sesion-de-preboda-en-navacerrada#breadcrumb","itemListElement":[{"@type":"ListItem","position":1,"name":"Portada","item":"https:\/\/www.daniperezfotografia.es\/wordpress\/"},{"@type":"ListItem","position":2,"name":"Sesi\u00f3n de preboda en Navacerrada"}]},{"@type":"WebSite","@id":"https:\/\/www.daniperezfotografia.es\/wordpress\/#website","url":"https:\/\/www.daniperezfotografia.es\/wordpress\/","name":"Dani Perez Fotografia | Fotografo Profesional en Madrid","description":"Reportajes de bodas, bautizos, comuniones y sesiones de familia para particulares. Eventos, conferencias y retrato corporativo para empresas. Video de conferencias","publisher":{"@id":"https:\/\/www.daniperezfotografia.es\/wordpress\/#organization"},"potentialAction":[{"@type":"SearchAction","target":{"@type":"EntryPoint","urlTemplate":"https:\/\/www.daniperezfotografia.es\/wordpress\/?s={search_term_string}"},"query-input":{"@type":"PropertyValueSpecification","valueRequired":true,"valueName":"search_term_string"}}],"inLanguage":"es"},{"@type":"Organization","@id":"https:\/\/www.daniperezfotografia.es\/wordpress\/#organization","name":"Dani Perez Fotografia y Video","url":"https:\/\/www.daniperezfotografia.es\/wordpress\/","logo":{"@type":"ImageObject","inLanguage":"es","@id":"https:\/\/www.daniperezfotografia.es\/wordpress\/#\/schema\/logo\/image\/","url":"","contentUrl":"","caption":"Dani Perez Fotografia y Video"},"image":{"@id":"https:\/\/www.daniperezfotografia.es\/wordpress\/#\/schema\/logo\/image\/"},"sameAs":["https:\/\/www.facebook.com\/daniperezfotografia","https:\/\/x.com\/daniperezfoto","https:\/\/instagram.com\/daniperezfotografia\/","https:\/\/www.linkedin.com\/pub\/dani-perez-fotografo\/b2\/3b0\/594"]},{"@type":"Person","@id":"https:\/\/www.daniperezfotografia.es\/wordpress\/#\/schema\/person\/e182c086037e8185dcc7e99e2c589a63","name":"Dani","sameAs":["http:\/\/www.daniperezfotografia.es","https:\/\/www.facebook.com\/daniperezfotografia","https:\/\/x.com\/daniperezfoto"]}]}},"_links":{"self":[{"href":"https:\/\/www.daniperezfotografia.es\/wordpress\/wp-json\/wp\/v2\/posts\/8236","targetHints":{"allow":["GET"]}}],"collection":[{"href":"https:\/\/www.daniperezfotografia.es\/wordpress\/wp-json\/wp\/v2\/posts"}],"about":[{"href":"https:\/\/www.daniperezfotografia.es\/wordpress\/wp-json\/wp\/v2\/types\/post"}],"author":[{"embeddable":true,"href":"https:\/\/www.daniperezfotografia.es\/wordpress\/wp-json\/wp\/v2\/users\/1"}],"replies":[{"embeddable":true,"href":"https:\/\/www.daniperezfotografia.es\/wordpress\/wp-json\/wp\/v2\/comments?post=8236"}],"version-history":[{"count":3,"href":"https:\/\/www.daniperezfotografia.es\/wordpress\/wp-json\/wp\/v2\/posts\/8236\/revisions"}],"predecessor-version":[{"id":11625,"href":"https:\/\/www.daniperezfotografia.es\/wordpress\/wp-json\/wp\/v2\/posts\/8236\/revisions\/11625"}],"wp:featuredmedia":[{"embeddable":true,"href":"https:\/\/www.daniperezfotografia.es\/wordpress\/wp-json\/wp\/v2\/media\/11272"}],"wp:attachment":[{"href":"https:\/\/www.daniperezfotografia.es\/wordpress\/wp-json\/wp\/v2\/media?parent=8236"}],"wp:term":[{"taxonomy":"category","embeddable":true,"href":"https:\/\/www.daniperezfotografia.es\/wordpress\/wp-json\/wp\/v2\/categories?post=8236"},{"taxonomy":"post_tag","embeddable":true,"href":"https:\/\/www.daniperezfotografia.es\/wordpress\/wp-json\/wp\/v2\/tags?post=8236"}],"curies":[{"name":"wp","href":"https:\/\/api.w.org\/{rel}","templated":true}]}}