{"id":7609,"date":"2015-02-24T17:28:28","date_gmt":"2015-02-24T16:28:28","guid":{"rendered":"http:\/\/www.daniperezfotografia.es\/wordpress\/?p=7609"},"modified":"2020-05-18T14:48:34","modified_gmt":"2020-05-18T13:48:34","slug":"fotografo-de-bautizos-en-madrid-hugo","status":"publish","type":"post","link":"https:\/\/www.daniperezfotografia.es\/wordpress\/fotos-de-bautizo\/fotografo-de-bautizos-en-madrid-hugo","title":{"rendered":"Bautizo en Vallecas"},"content":{"rendered":"<p style=\"text-align: center;\"><img loading=\"lazy\" decoding=\"async\" class=\"aligncenter wp-image-7610 size-full\" src=\"http:\/\/www.daniperezfotografia.es\/wordpress\/wp-content\/uploads\/2014\/10\/fotografo-bautizo-vallecas-madrid-02.jpg\" alt=\"fotos de bautizo, la abuela viste al peque\u00f1o que nos mira\" width=\"900\" height=\"599\" srcset=\"https:\/\/www.daniperezfotografia.es\/wordpress\/wp-content\/uploads\/2014\/10\/fotografo-bautizo-vallecas-madrid-02.jpg 900w, https:\/\/www.daniperezfotografia.es\/wordpress\/wp-content\/uploads\/2014\/10\/fotografo-bautizo-vallecas-madrid-02-750x499.jpg 750w, https:\/\/www.daniperezfotografia.es\/wordpress\/wp-content\/uploads\/2014\/10\/fotografo-bautizo-vallecas-madrid-02-300x200.jpg 300w, https:\/\/www.daniperezfotografia.es\/wordpress\/wp-content\/uploads\/2014\/10\/fotografo-bautizo-vallecas-madrid-02-600x400.jpg 600w, https:\/\/www.daniperezfotografia.es\/wordpress\/wp-content\/uploads\/2014\/10\/fotografo-bautizo-vallecas-madrid-02-273x182.jpg 273w, https:\/\/www.daniperezfotografia.es\/wordpress\/wp-content\/uploads\/2014\/10\/fotografo-bautizo-vallecas-madrid-02-546x364.jpg 546w\" sizes=\"auto, (max-width: 900px) 100vw, 900px\" \/><\/p>\n<p>Las <strong>fotos de bautizo<\/strong> comienzan en vuestra propia casa, con una peque\u00f1a <strong>sesi\u00f3n de fotos de familia<\/strong>, para que teng\u00e1is un bonito recuerdo de los momentos de los preparativos de vuestro hijo. Intento captar <strong>momentos naturales<\/strong> y expresiones espont\u00e1neas de los padres mientras visten al peque y de los familiares y amigos que os acompa\u00f1an. A la par se realizan fotos de familia m\u00e1s preparadas, buscando la mejor luz de vuestra casa, una simple ventana para hacer <strong>fotos con luz natural<\/strong> y un fondo lo mas despejado posible, hacen de vuestra casa un autentico estudio de fotograf\u00eda. Podemos aprovechar antes de salir hacia la iglesia, para hacer alguna <strong>divertidas fotos de familia<\/strong>,\u00a0deb\u00e9is confiar en mi para elegir el lugar ideal donde hacer estas fotos, el resto es muy f\u00e1cil, tan solo ten\u00e9is que disfrutar de estar todos juntos celebrando un d\u00eda en familia.<\/p>\n<p>Despu\u00e9s en la iglesia o el lugar elegido por vosotros para a <strong>ceremonia del bautismo<\/strong>, se trabaja un estilo de <strong>fotograf\u00eda documental<\/strong>, sin intervenir en lo que sucede, captando los momentos tradicionales del bautizo y estando atento a todo lo que sucede entre vosotros vuestro familiares y amigos, un gesto, una mirada, los juegos de los mas peque\u00f1os, siempre dan lugar a bonitas im\u00e1genes que querr\u00e9is tener como recuerdo del d\u00eda del bautizo.<\/p>\n<p>Finalizada la ceremonia y para que pod\u00e1is tener un recuerdo de todos vuestros invitados,\u00a0podemos hacer mas <strong>fotos de grupos<\/strong> peque\u00f1os o fotos de la familia unida;\u00a0de nuevo os invito a que confi\u00e9is en mi criterio profesional para elegir el mejor lugar para ello, lo cual siempre viene determinado por encontrar la mejor luz natural disponible.<\/p>\n<p>Las <strong>fotos de bautizo<\/strong> de Hugo\u00a0se realizaron en la\u00a0<a title=\"Residencia Infantil Isabel de Castilla\" href=\"https:\/\/plus.google.com\/111958579755231711971\/about?gl=es&amp;hl=es\" target=\"_blank\" rel=\"noopener noreferrer\"><strong>Residencia Infantil \u00abIsabel de Castilla\u00bb<\/strong><\/a> en el casco viejo de <a title=\"Villa de Vallecas, Madrid\" href=\"http:\/\/es.wikipedia.org\/wiki\/Villa_de_Vallecas\" target=\"_blank\" rel=\"noopener noreferrer\">Villa de Vallecas<\/a>.<\/p>\n<p style=\"text-align: center;\"><img loading=\"lazy\" decoding=\"async\" class=\"aligncenter wp-image-7611 size-full\" src=\"http:\/\/www.daniperezfotografia.es\/wordpress\/wp-content\/uploads\/2014\/10\/fotografo-bautizo-vallecas-madrid-03.jpg\" alt=\"fotos de bautizo, el abuelo juega con el ni\u00f1o y el ni\u00f1o coge al abuelo por el pelo\" width=\"900\" height=\"599\" srcset=\"https:\/\/www.daniperezfotografia.es\/wordpress\/wp-content\/uploads\/2014\/10\/fotografo-bautizo-vallecas-madrid-03.jpg 900w, https:\/\/www.daniperezfotografia.es\/wordpress\/wp-content\/uploads\/2014\/10\/fotografo-bautizo-vallecas-madrid-03-750x499.jpg 750w\" sizes=\"auto, (max-width: 900px) 100vw, 900px\" \/><img loading=\"lazy\" decoding=\"async\" class=\"aligncenter wp-image-7613 size-full\" src=\"http:\/\/www.daniperezfotografia.es\/wordpress\/wp-content\/uploads\/2014\/10\/fotografo-bautizo-vallecas-madrid-06.jpg\" alt=\"fotos de bautizo, el abuelo sentado en el sillon con su nieto en brazos, el ni\u00f1o sonrie a su tia\" width=\"900\" height=\"600\" srcset=\"https:\/\/www.daniperezfotografia.es\/wordpress\/wp-content\/uploads\/2014\/10\/fotografo-bautizo-vallecas-madrid-06.jpg 900w, https:\/\/www.daniperezfotografia.es\/wordpress\/wp-content\/uploads\/2014\/10\/fotografo-bautizo-vallecas-madrid-06-750x500.jpg 750w\" sizes=\"auto, (max-width: 900px) 100vw, 900px\" \/><img loading=\"lazy\" decoding=\"async\" class=\"aligncenter wp-image-7615 size-full\" src=\"http:\/\/www.daniperezfotografia.es\/wordpress\/wp-content\/uploads\/2014\/10\/fotografo-bautizo-vallecas-madrid-10.jpg\" alt=\"fotos de bautizo, bautizo en madrd, la mama del bebe lo coge en alto mientras el ni\u00f1o y la mama sonrien\" width=\"900\" height=\"599\" srcset=\"https:\/\/www.daniperezfotografia.es\/wordpress\/wp-content\/uploads\/2014\/10\/fotografo-bautizo-vallecas-madrid-10.jpg 900w, https:\/\/www.daniperezfotografia.es\/wordpress\/wp-content\/uploads\/2014\/10\/fotografo-bautizo-vallecas-madrid-10-750x499.jpg 750w, https:\/\/www.daniperezfotografia.es\/wordpress\/wp-content\/uploads\/2014\/10\/fotografo-bautizo-vallecas-madrid-10-273x182.jpg 273w, https:\/\/www.daniperezfotografia.es\/wordpress\/wp-content\/uploads\/2014\/10\/fotografo-bautizo-vallecas-madrid-10-546x364.jpg 546w, https:\/\/www.daniperezfotografia.es\/wordpress\/wp-content\/uploads\/2014\/10\/fotografo-bautizo-vallecas-madrid-10-200x133.jpg 200w, https:\/\/www.daniperezfotografia.es\/wordpress\/wp-content\/uploads\/2014\/10\/fotografo-bautizo-vallecas-madrid-10-400x266.jpg 400w, https:\/\/www.daniperezfotografia.es\/wordpress\/wp-content\/uploads\/2014\/10\/fotografo-bautizo-vallecas-madrid-10-598x398.jpg 598w, https:\/\/www.daniperezfotografia.es\/wordpress\/wp-content\/uploads\/2014\/10\/fotografo-bautizo-vallecas-madrid-10-736x490.jpg 736w, https:\/\/www.daniperezfotografia.es\/wordpress\/wp-content\/uploads\/2014\/10\/fotografo-bautizo-vallecas-madrid-10-286x190.jpg 286w, https:\/\/www.daniperezfotografia.es\/wordpress\/wp-content\/uploads\/2014\/10\/fotografo-bautizo-vallecas-madrid-10-572x380.jpg 572w\" sizes=\"auto, (max-width: 900px) 100vw, 900px\" \/><img loading=\"lazy\" decoding=\"async\" class=\"aligncenter wp-image-7616 size-full\" src=\"http:\/\/www.daniperezfotografia.es\/wordpress\/wp-content\/uploads\/2014\/10\/fotografo-bautizo-vallecas-madrid-12.jpg\" alt=\"fotos de bautizo, bautizo en madrd, la mama abraza cari\u00f1osamente a su hijo, que sonrie\" width=\"900\" height=\"599\" srcset=\"https:\/\/www.daniperezfotografia.es\/wordpress\/wp-content\/uploads\/2014\/10\/fotografo-bautizo-vallecas-madrid-12.jpg 900w, https:\/\/www.daniperezfotografia.es\/wordpress\/wp-content\/uploads\/2014\/10\/fotografo-bautizo-vallecas-madrid-12-750x499.jpg 750w\" sizes=\"auto, (max-width: 900px) 100vw, 900px\" \/><img loading=\"lazy\" decoding=\"async\" class=\"aligncenter wp-image-7621 size-full\" src=\"http:\/\/www.daniperezfotografia.es\/wordpress\/wp-content\/uploads\/2014\/10\/fotografo-bautizo-vallecas-madrid-07.jpg\" alt=\"fotos de bautizo, bautizo en madrd, los tios del bebe lo tienen en brazos y el bebe sonrie con la mano en la boca\" width=\"900\" height=\"600\" srcset=\"https:\/\/www.daniperezfotografia.es\/wordpress\/wp-content\/uploads\/2014\/10\/fotografo-bautizo-vallecas-madrid-07.jpg 900w, https:\/\/www.daniperezfotografia.es\/wordpress\/wp-content\/uploads\/2014\/10\/fotografo-bautizo-vallecas-madrid-07-750x500.jpg 750w\" sizes=\"auto, (max-width: 900px) 100vw, 900px\" \/><img loading=\"lazy\" decoding=\"async\" class=\"aligncenter wp-image-7622 size-full\" src=\"http:\/\/www.daniperezfotografia.es\/wordpress\/wp-content\/uploads\/2014\/10\/fotografo-bautizo-vallecas-madrid-21.jpg\" alt=\"fotos de bautizo, bautizo en madrd, fotografo de bautizo, fotos de familia, mama el bebe y la abuela, mama el bebe y el abuelo\" width=\"900\" height=\"676\" srcset=\"https:\/\/www.daniperezfotografia.es\/wordpress\/wp-content\/uploads\/2014\/10\/fotografo-bautizo-vallecas-madrid-21.jpg 900w, https:\/\/www.daniperezfotografia.es\/wordpress\/wp-content\/uploads\/2014\/10\/fotografo-bautizo-vallecas-madrid-21-750x563.jpg 750w\" sizes=\"auto, (max-width: 900px) 100vw, 900px\" \/><img loading=\"lazy\" decoding=\"async\" class=\"aligncenter wp-image-7624 size-full\" src=\"http:\/\/www.daniperezfotografia.es\/wordpress\/wp-content\/uploads\/2014\/10\/fotografo-bautizo-vallecas-madrid-27.jpg\" alt=\"fotos de bautizo, bautizo en madrd, fotografo de bautizo, foto de familia en el exterior de la iglesia antes del bautizo\" width=\"900\" height=\"599\" srcset=\"https:\/\/www.daniperezfotografia.es\/wordpress\/wp-content\/uploads\/2014\/10\/fotografo-bautizo-vallecas-madrid-27.jpg 900w, https:\/\/www.daniperezfotografia.es\/wordpress\/wp-content\/uploads\/2014\/10\/fotografo-bautizo-vallecas-madrid-27-750x499.jpg 750w\" sizes=\"auto, (max-width: 900px) 100vw, 900px\" \/><img loading=\"lazy\" decoding=\"async\" class=\"aligncenter wp-image-7625 size-full\" src=\"http:\/\/www.daniperezfotografia.es\/wordpress\/wp-content\/uploads\/2014\/10\/fotografo-bautizo-vallecas-madrid-28.jpg\" alt=\"fotos de bautizo, bautizo en madrd, fotografo de bautizo, los familiares y amigos entrar en la iglesia, la puerta esta rodeada de plantas\" width=\"900\" height=\"599\" srcset=\"https:\/\/www.daniperezfotografia.es\/wordpress\/wp-content\/uploads\/2014\/10\/fotografo-bautizo-vallecas-madrid-28.jpg 900w, https:\/\/www.daniperezfotografia.es\/wordpress\/wp-content\/uploads\/2014\/10\/fotografo-bautizo-vallecas-madrid-28-750x499.jpg 750w\" sizes=\"auto, (max-width: 900px) 100vw, 900px\" \/><img loading=\"lazy\" decoding=\"async\" class=\"aligncenter wp-image-7626 size-full\" src=\"http:\/\/www.daniperezfotografia.es\/wordpress\/wp-content\/uploads\/2014\/10\/fotografo-bautizo-vallecas-madrid-32.jpg\" alt=\"fotos de bautizo, bautizo en madrd, fotografo de bautizo, escena familiar en la iglesia, mama sujeta al bebe, la abuela mira a la mama, el abuelo juega con una nieta\" width=\"900\" height=\"600\" srcset=\"https:\/\/www.daniperezfotografia.es\/wordpress\/wp-content\/uploads\/2014\/10\/fotografo-bautizo-vallecas-madrid-32.jpg 900w, https:\/\/www.daniperezfotografia.es\/wordpress\/wp-content\/uploads\/2014\/10\/fotografo-bautizo-vallecas-madrid-32-750x500.jpg 750w\" sizes=\"auto, (max-width: 900px) 100vw, 900px\" \/><img loading=\"lazy\" decoding=\"async\" class=\"aligncenter wp-image-7630 size-full\" src=\"http:\/\/www.daniperezfotografia.es\/wordpress\/wp-content\/uploads\/2014\/10\/fotografo-bautizo-vallecas-madrid-36.jpg\" alt=\"fotos de bautizo, bautizo en madrd, fotografo de bautizo, mama sonr\u00ede a su bebe que acaba de ser bautizado, sus primas ayudan al p\u00e1rroco sujetando la biblia\" width=\"900\" height=\"600\" srcset=\"https:\/\/www.daniperezfotografia.es\/wordpress\/wp-content\/uploads\/2014\/10\/fotografo-bautizo-vallecas-madrid-36.jpg 900w, https:\/\/www.daniperezfotografia.es\/wordpress\/wp-content\/uploads\/2014\/10\/fotografo-bautizo-vallecas-madrid-36-750x500.jpg 750w\" sizes=\"auto, (max-width: 900px) 100vw, 900px\" \/><img loading=\"lazy\" decoding=\"async\" class=\"aligncenter wp-image-7632 size-full\" src=\"http:\/\/www.daniperezfotografia.es\/wordpress\/wp-content\/uploads\/2014\/10\/fotografo-bautizo-vallecas-madrid-39.jpg\" alt=\"fotos de bautizo, bautizo en madrd, fotografo de bautizo, foto de familia, mama con su bebe en brazos que mira al abuelo, la abuela junto a su hija y el hermano al lado del abuelo\" width=\"900\" height=\"600\" srcset=\"https:\/\/www.daniperezfotografia.es\/wordpress\/wp-content\/uploads\/2014\/10\/fotografo-bautizo-vallecas-madrid-39.jpg 900w, https:\/\/www.daniperezfotografia.es\/wordpress\/wp-content\/uploads\/2014\/10\/fotografo-bautizo-vallecas-madrid-39-750x500.jpg 750w\" sizes=\"auto, (max-width: 900px) 100vw, 900px\" \/><img loading=\"lazy\" decoding=\"async\" class=\"aligncenter wp-image-7633 size-full\" src=\"http:\/\/www.daniperezfotografia.es\/wordpress\/wp-content\/uploads\/2014\/10\/fotografo-bautizo-vallecas-madrid-40.jpg\" alt=\"fotos de bautizo, bautizo en madrd, fotografo de bautizo, foto de la familia al completo sonr\u00eden y se miran unos a otros\" width=\"900\" height=\"600\" srcset=\"https:\/\/www.daniperezfotografia.es\/wordpress\/wp-content\/uploads\/2014\/10\/fotografo-bautizo-vallecas-madrid-40.jpg 900w, https:\/\/www.daniperezfotografia.es\/wordpress\/wp-content\/uploads\/2014\/10\/fotografo-bautizo-vallecas-madrid-40-750x500.jpg 750w, https:\/\/www.daniperezfotografia.es\/wordpress\/wp-content\/uploads\/2014\/10\/fotografo-bautizo-vallecas-madrid-40-300x200.jpg 300w, https:\/\/www.daniperezfotografia.es\/wordpress\/wp-content\/uploads\/2014\/10\/fotografo-bautizo-vallecas-madrid-40-600x400.jpg 600w\" sizes=\"auto, (max-width: 900px) 100vw, 900px\" \/><\/p>\n","protected":false},"excerpt":{"rendered":"<p>Fotos de bautizo en la Residencia Infantil \u00abIsabel de Castilla\u00bb. Sesi\u00f3n de fotos de familia<\/p>\n","protected":false},"author":1,"featured_media":7616,"comment_status":"open","ping_status":"open","sticky":false,"template":"","format":"standard","meta":{"footnotes":""},"categories":[668],"tags":[631,768,769],"class_list":["post-7609","post","type-post","status-publish","format-standard","has-post-thumbnail","hentry","category-fotos-de-bautizo","tag-bautizo","tag-residencia-infantil-isabel-de-castilla","tag-villa-de-vallecas"],"blocksy_meta":{"styles_descriptor":{"styles":{"desktop":"","tablet":"","mobile":""},"google_fonts":[],"version":6}},"yoast_head":"<!-- This site is optimized with the Yoast SEO plugin v27.4 - https:\/\/yoast.com\/product\/yoast-seo-wordpress\/ -->\n<title>Fotos de bautizo en Madrid en la Residencia Isabel de Castilla<\/title>\n<meta name=\"description\" content=\"Sesi\u00f3n de fotos de familia previa, durante los preparativos de Hugo en su casa. Fotos de bautizo en la Residencia Infantil &quot;Isabel de Castillo&quot;\" \/>\n<meta name=\"robots\" content=\"index, follow, max-snippet:-1, max-image-preview:large, max-video-preview:-1\" \/>\n<link rel=\"canonical\" href=\"http:\/\/www.daniperezfotografia.es\/wordpress\/fotos-de-bautizo\/fotografo-de-bautizos-en-madrid-hugo\" \/>\n<meta property=\"og:locale\" content=\"es_ES\" \/>\n<meta property=\"og:type\" content=\"article\" \/>\n<meta property=\"og:title\" content=\"Fotos de bautizo en Madrid en la Residencia Isabel de Castilla\" \/>\n<meta property=\"og:description\" content=\"Sesi\u00f3n de fotos de familia previa, durante los preparativos de Hugo en su casa. Fotos de bautizo en la Residencia Infantil &quot;Isabel de Castillo&quot;\" \/>\n<meta property=\"og:url\" content=\"http:\/\/www.daniperezfotografia.es\/wordpress\/fotos-de-bautizo\/fotografo-de-bautizos-en-madrid-hugo\" \/>\n<meta property=\"og:site_name\" content=\"Dani Perez Fotografia | Fotografo Profesional en Madrid\" \/>\n<meta property=\"article:publisher\" content=\"https:\/\/www.facebook.com\/daniperezfotografia\" \/>\n<meta property=\"article:author\" content=\"https:\/\/www.facebook.com\/daniperezfotografia\" \/>\n<meta property=\"article:published_time\" content=\"2015-02-24T16:28:28+00:00\" \/>\n<meta property=\"article:modified_time\" content=\"2020-05-18T13:48:34+00:00\" \/>\n<meta property=\"og:image\" content=\"http:\/\/www.daniperezfotografia.es\/wordpress\/wp-content\/uploads\/2014\/10\/fotografo-bautizo-vallecas-madrid-12.jpg\" \/>\n\t<meta property=\"og:image:width\" content=\"900\" \/>\n\t<meta property=\"og:image:height\" content=\"599\" \/>\n\t<meta property=\"og:image:type\" content=\"image\/jpeg\" \/>\n<meta name=\"author\" content=\"Dani\" \/>\n<meta name=\"twitter:card\" content=\"summary_large_image\" \/>\n<meta name=\"twitter:creator\" content=\"@daniperezfoto\" \/>\n<meta name=\"twitter:site\" content=\"@daniperezfoto\" \/>\n<meta name=\"twitter:label1\" content=\"Escrito por\" \/>\n\t<meta name=\"twitter:data1\" content=\"Dani\" \/>\n\t<meta name=\"twitter:label2\" content=\"Tiempo de lectura\" \/>\n\t<meta name=\"twitter:data2\" content=\"2 minutos\" \/>\n<script type=\"application\/ld+json\" class=\"yoast-schema-graph\">{\"@context\":\"https:\\\/\\\/schema.org\",\"@graph\":[{\"@type\":\"Article\",\"@id\":\"http:\\\/\\\/www.daniperezfotografia.es\\\/wordpress\\\/fotos-de-bautizo\\\/fotografo-de-bautizos-en-madrid-hugo#article\",\"isPartOf\":{\"@id\":\"http:\\\/\\\/www.daniperezfotografia.es\\\/wordpress\\\/fotos-de-bautizo\\\/fotografo-de-bautizos-en-madrid-hugo\"},\"author\":{\"name\":\"Dani\",\"@id\":\"https:\\\/\\\/www.daniperezfotografia.es\\\/wordpress\\\/#\\\/schema\\\/person\\\/e182c086037e8185dcc7e99e2c589a63\"},\"headline\":\"Bautizo en Vallecas\",\"datePublished\":\"2015-02-24T16:28:28+00:00\",\"dateModified\":\"2020-05-18T13:48:34+00:00\",\"mainEntityOfPage\":{\"@id\":\"http:\\\/\\\/www.daniperezfotografia.es\\\/wordpress\\\/fotos-de-bautizo\\\/fotografo-de-bautizos-en-madrid-hugo\"},\"wordCount\":320,\"commentCount\":0,\"publisher\":{\"@id\":\"https:\\\/\\\/www.daniperezfotografia.es\\\/wordpress\\\/#organization\"},\"image\":{\"@id\":\"http:\\\/\\\/www.daniperezfotografia.es\\\/wordpress\\\/fotos-de-bautizo\\\/fotografo-de-bautizos-en-madrid-hugo#primaryimage\"},\"thumbnailUrl\":\"https:\\\/\\\/www.daniperezfotografia.es\\\/wordpress\\\/wp-content\\\/uploads\\\/2014\\\/10\\\/fotografo-bautizo-vallecas-madrid-12.jpg\",\"keywords\":[\"bautizo\",\"Residencia Infantil Isabel de Castilla\",\"Villa de Vallecas\"],\"articleSection\":[\"Reportajes de Fotos de Bautizo en Madrid\"],\"inLanguage\":\"es\",\"potentialAction\":[{\"@type\":\"CommentAction\",\"name\":\"Comment\",\"target\":[\"http:\\\/\\\/www.daniperezfotografia.es\\\/wordpress\\\/fotos-de-bautizo\\\/fotografo-de-bautizos-en-madrid-hugo#respond\"]}]},{\"@type\":\"WebPage\",\"@id\":\"http:\\\/\\\/www.daniperezfotografia.es\\\/wordpress\\\/fotos-de-bautizo\\\/fotografo-de-bautizos-en-madrid-hugo\",\"url\":\"http:\\\/\\\/www.daniperezfotografia.es\\\/wordpress\\\/fotos-de-bautizo\\\/fotografo-de-bautizos-en-madrid-hugo\",\"name\":\"Fotos de bautizo en Madrid en la Residencia Isabel de Castilla\",\"isPartOf\":{\"@id\":\"https:\\\/\\\/www.daniperezfotografia.es\\\/wordpress\\\/#website\"},\"primaryImageOfPage\":{\"@id\":\"http:\\\/\\\/www.daniperezfotografia.es\\\/wordpress\\\/fotos-de-bautizo\\\/fotografo-de-bautizos-en-madrid-hugo#primaryimage\"},\"image\":{\"@id\":\"http:\\\/\\\/www.daniperezfotografia.es\\\/wordpress\\\/fotos-de-bautizo\\\/fotografo-de-bautizos-en-madrid-hugo#primaryimage\"},\"thumbnailUrl\":\"https:\\\/\\\/www.daniperezfotografia.es\\\/wordpress\\\/wp-content\\\/uploads\\\/2014\\\/10\\\/fotografo-bautizo-vallecas-madrid-12.jpg\",\"datePublished\":\"2015-02-24T16:28:28+00:00\",\"dateModified\":\"2020-05-18T13:48:34+00:00\",\"description\":\"Sesi\u00f3n de fotos de familia previa, durante los preparativos de Hugo en su casa. Fotos de bautizo en la Residencia Infantil \\\"Isabel de Castillo\\\"\",\"breadcrumb\":{\"@id\":\"http:\\\/\\\/www.daniperezfotografia.es\\\/wordpress\\\/fotos-de-bautizo\\\/fotografo-de-bautizos-en-madrid-hugo#breadcrumb\"},\"inLanguage\":\"es\",\"potentialAction\":[{\"@type\":\"ReadAction\",\"target\":[\"http:\\\/\\\/www.daniperezfotografia.es\\\/wordpress\\\/fotos-de-bautizo\\\/fotografo-de-bautizos-en-madrid-hugo\"]}]},{\"@type\":\"ImageObject\",\"inLanguage\":\"es\",\"@id\":\"http:\\\/\\\/www.daniperezfotografia.es\\\/wordpress\\\/fotos-de-bautizo\\\/fotografo-de-bautizos-en-madrid-hugo#primaryimage\",\"url\":\"https:\\\/\\\/www.daniperezfotografia.es\\\/wordpress\\\/wp-content\\\/uploads\\\/2014\\\/10\\\/fotografo-bautizo-vallecas-madrid-12.jpg\",\"contentUrl\":\"https:\\\/\\\/www.daniperezfotografia.es\\\/wordpress\\\/wp-content\\\/uploads\\\/2014\\\/10\\\/fotografo-bautizo-vallecas-madrid-12.jpg\",\"width\":900,\"height\":599,\"caption\":\"fotografo-bautizo-madrid-villa-de-vallecas\"},{\"@type\":\"BreadcrumbList\",\"@id\":\"http:\\\/\\\/www.daniperezfotografia.es\\\/wordpress\\\/fotos-de-bautizo\\\/fotografo-de-bautizos-en-madrid-hugo#breadcrumb\",\"itemListElement\":[{\"@type\":\"ListItem\",\"position\":1,\"name\":\"Portada\",\"item\":\"https:\\\/\\\/www.daniperezfotografia.es\\\/wordpress\\\/\"},{\"@type\":\"ListItem\",\"position\":2,\"name\":\"Bautizo en Vallecas\"}]},{\"@type\":\"WebSite\",\"@id\":\"https:\\\/\\\/www.daniperezfotografia.es\\\/wordpress\\\/#website\",\"url\":\"https:\\\/\\\/www.daniperezfotografia.es\\\/wordpress\\\/\",\"name\":\"Dani Perez Fotografia | Fotografo Profesional en Madrid\",\"description\":\"Reportajes de bodas, bautizos, comuniones y sesiones de familia para particulares. Eventos, conferencias y retrato corporativo para empresas. Video de conferencias\",\"publisher\":{\"@id\":\"https:\\\/\\\/www.daniperezfotografia.es\\\/wordpress\\\/#organization\"},\"potentialAction\":[{\"@type\":\"SearchAction\",\"target\":{\"@type\":\"EntryPoint\",\"urlTemplate\":\"https:\\\/\\\/www.daniperezfotografia.es\\\/wordpress\\\/?s={search_term_string}\"},\"query-input\":{\"@type\":\"PropertyValueSpecification\",\"valueRequired\":true,\"valueName\":\"search_term_string\"}}],\"inLanguage\":\"es\"},{\"@type\":\"Organization\",\"@id\":\"https:\\\/\\\/www.daniperezfotografia.es\\\/wordpress\\\/#organization\",\"name\":\"Dani Perez Fotografia y Video\",\"url\":\"https:\\\/\\\/www.daniperezfotografia.es\\\/wordpress\\\/\",\"logo\":{\"@type\":\"ImageObject\",\"inLanguage\":\"es\",\"@id\":\"https:\\\/\\\/www.daniperezfotografia.es\\\/wordpress\\\/#\\\/schema\\\/logo\\\/image\\\/\",\"url\":\"\",\"contentUrl\":\"\",\"caption\":\"Dani Perez Fotografia y Video\"},\"image\":{\"@id\":\"https:\\\/\\\/www.daniperezfotografia.es\\\/wordpress\\\/#\\\/schema\\\/logo\\\/image\\\/\"},\"sameAs\":[\"https:\\\/\\\/www.facebook.com\\\/daniperezfotografia\",\"https:\\\/\\\/x.com\\\/daniperezfoto\",\"https:\\\/\\\/instagram.com\\\/daniperezfotografia\\\/\",\"https:\\\/\\\/www.linkedin.com\\\/pub\\\/dani-perez-fotografo\\\/b2\\\/3b0\\\/594\"]},{\"@type\":\"Person\",\"@id\":\"https:\\\/\\\/www.daniperezfotografia.es\\\/wordpress\\\/#\\\/schema\\\/person\\\/e182c086037e8185dcc7e99e2c589a63\",\"name\":\"Dani\",\"sameAs\":[\"http:\\\/\\\/www.daniperezfotografia.es\",\"https:\\\/\\\/www.facebook.com\\\/daniperezfotografia\",\"https:\\\/\\\/x.com\\\/daniperezfoto\"]}]}<\/script>\n<!-- \/ Yoast SEO plugin. -->","yoast_head_json":{"title":"Fotos de bautizo en Madrid en la Residencia Isabel de Castilla","description":"Sesi\u00f3n de fotos de familia previa, durante los preparativos de Hugo en su casa. Fotos de bautizo en la Residencia Infantil \"Isabel de Castillo\"","robots":{"index":"index","follow":"follow","max-snippet":"max-snippet:-1","max-image-preview":"max-image-preview:large","max-video-preview":"max-video-preview:-1"},"canonical":"http:\/\/www.daniperezfotografia.es\/wordpress\/fotos-de-bautizo\/fotografo-de-bautizos-en-madrid-hugo","og_locale":"es_ES","og_type":"article","og_title":"Fotos de bautizo en Madrid en la Residencia Isabel de Castilla","og_description":"Sesi\u00f3n de fotos de familia previa, durante los preparativos de Hugo en su casa. Fotos de bautizo en la Residencia Infantil \"Isabel de Castillo\"","og_url":"http:\/\/www.daniperezfotografia.es\/wordpress\/fotos-de-bautizo\/fotografo-de-bautizos-en-madrid-hugo","og_site_name":"Dani Perez Fotografia | Fotografo Profesional en Madrid","article_publisher":"https:\/\/www.facebook.com\/daniperezfotografia","article_author":"https:\/\/www.facebook.com\/daniperezfotografia","article_published_time":"2015-02-24T16:28:28+00:00","article_modified_time":"2020-05-18T13:48:34+00:00","og_image":[{"width":900,"height":599,"url":"http:\/\/www.daniperezfotografia.es\/wordpress\/wp-content\/uploads\/2014\/10\/fotografo-bautizo-vallecas-madrid-12.jpg","type":"image\/jpeg"}],"author":"Dani","twitter_card":"summary_large_image","twitter_creator":"@daniperezfoto","twitter_site":"@daniperezfoto","twitter_misc":{"Escrito por":"Dani","Tiempo de lectura":"2 minutos"},"schema":{"@context":"https:\/\/schema.org","@graph":[{"@type":"Article","@id":"http:\/\/www.daniperezfotografia.es\/wordpress\/fotos-de-bautizo\/fotografo-de-bautizos-en-madrid-hugo#article","isPartOf":{"@id":"http:\/\/www.daniperezfotografia.es\/wordpress\/fotos-de-bautizo\/fotografo-de-bautizos-en-madrid-hugo"},"author":{"name":"Dani","@id":"https:\/\/www.daniperezfotografia.es\/wordpress\/#\/schema\/person\/e182c086037e8185dcc7e99e2c589a63"},"headline":"Bautizo en Vallecas","datePublished":"2015-02-24T16:28:28+00:00","dateModified":"2020-05-18T13:48:34+00:00","mainEntityOfPage":{"@id":"http:\/\/www.daniperezfotografia.es\/wordpress\/fotos-de-bautizo\/fotografo-de-bautizos-en-madrid-hugo"},"wordCount":320,"commentCount":0,"publisher":{"@id":"https:\/\/www.daniperezfotografia.es\/wordpress\/#organization"},"image":{"@id":"http:\/\/www.daniperezfotografia.es\/wordpress\/fotos-de-bautizo\/fotografo-de-bautizos-en-madrid-hugo#primaryimage"},"thumbnailUrl":"https:\/\/www.daniperezfotografia.es\/wordpress\/wp-content\/uploads\/2014\/10\/fotografo-bautizo-vallecas-madrid-12.jpg","keywords":["bautizo","Residencia Infantil Isabel de Castilla","Villa de Vallecas"],"articleSection":["Reportajes de Fotos de Bautizo en Madrid"],"inLanguage":"es","potentialAction":[{"@type":"CommentAction","name":"Comment","target":["http:\/\/www.daniperezfotografia.es\/wordpress\/fotos-de-bautizo\/fotografo-de-bautizos-en-madrid-hugo#respond"]}]},{"@type":"WebPage","@id":"http:\/\/www.daniperezfotografia.es\/wordpress\/fotos-de-bautizo\/fotografo-de-bautizos-en-madrid-hugo","url":"http:\/\/www.daniperezfotografia.es\/wordpress\/fotos-de-bautizo\/fotografo-de-bautizos-en-madrid-hugo","name":"Fotos de bautizo en Madrid en la Residencia Isabel de Castilla","isPartOf":{"@id":"https:\/\/www.daniperezfotografia.es\/wordpress\/#website"},"primaryImageOfPage":{"@id":"http:\/\/www.daniperezfotografia.es\/wordpress\/fotos-de-bautizo\/fotografo-de-bautizos-en-madrid-hugo#primaryimage"},"image":{"@id":"http:\/\/www.daniperezfotografia.es\/wordpress\/fotos-de-bautizo\/fotografo-de-bautizos-en-madrid-hugo#primaryimage"},"thumbnailUrl":"https:\/\/www.daniperezfotografia.es\/wordpress\/wp-content\/uploads\/2014\/10\/fotografo-bautizo-vallecas-madrid-12.jpg","datePublished":"2015-02-24T16:28:28+00:00","dateModified":"2020-05-18T13:48:34+00:00","description":"Sesi\u00f3n de fotos de familia previa, durante los preparativos de Hugo en su casa. Fotos de bautizo en la Residencia Infantil \"Isabel de Castillo\"","breadcrumb":{"@id":"http:\/\/www.daniperezfotografia.es\/wordpress\/fotos-de-bautizo\/fotografo-de-bautizos-en-madrid-hugo#breadcrumb"},"inLanguage":"es","potentialAction":[{"@type":"ReadAction","target":["http:\/\/www.daniperezfotografia.es\/wordpress\/fotos-de-bautizo\/fotografo-de-bautizos-en-madrid-hugo"]}]},{"@type":"ImageObject","inLanguage":"es","@id":"http:\/\/www.daniperezfotografia.es\/wordpress\/fotos-de-bautizo\/fotografo-de-bautizos-en-madrid-hugo#primaryimage","url":"https:\/\/www.daniperezfotografia.es\/wordpress\/wp-content\/uploads\/2014\/10\/fotografo-bautizo-vallecas-madrid-12.jpg","contentUrl":"https:\/\/www.daniperezfotografia.es\/wordpress\/wp-content\/uploads\/2014\/10\/fotografo-bautizo-vallecas-madrid-12.jpg","width":900,"height":599,"caption":"fotografo-bautizo-madrid-villa-de-vallecas"},{"@type":"BreadcrumbList","@id":"http:\/\/www.daniperezfotografia.es\/wordpress\/fotos-de-bautizo\/fotografo-de-bautizos-en-madrid-hugo#breadcrumb","itemListElement":[{"@type":"ListItem","position":1,"name":"Portada","item":"https:\/\/www.daniperezfotografia.es\/wordpress\/"},{"@type":"ListItem","position":2,"name":"Bautizo en Vallecas"}]},{"@type":"WebSite","@id":"https:\/\/www.daniperezfotografia.es\/wordpress\/#website","url":"https:\/\/www.daniperezfotografia.es\/wordpress\/","name":"Dani Perez Fotografia | Fotografo Profesional en Madrid","description":"Reportajes de bodas, bautizos, comuniones y sesiones de familia para particulares. Eventos, conferencias y retrato corporativo para empresas. Video de conferencias","publisher":{"@id":"https:\/\/www.daniperezfotografia.es\/wordpress\/#organization"},"potentialAction":[{"@type":"SearchAction","target":{"@type":"EntryPoint","urlTemplate":"https:\/\/www.daniperezfotografia.es\/wordpress\/?s={search_term_string}"},"query-input":{"@type":"PropertyValueSpecification","valueRequired":true,"valueName":"search_term_string"}}],"inLanguage":"es"},{"@type":"Organization","@id":"https:\/\/www.daniperezfotografia.es\/wordpress\/#organization","name":"Dani Perez Fotografia y Video","url":"https:\/\/www.daniperezfotografia.es\/wordpress\/","logo":{"@type":"ImageObject","inLanguage":"es","@id":"https:\/\/www.daniperezfotografia.es\/wordpress\/#\/schema\/logo\/image\/","url":"","contentUrl":"","caption":"Dani Perez Fotografia y Video"},"image":{"@id":"https:\/\/www.daniperezfotografia.es\/wordpress\/#\/schema\/logo\/image\/"},"sameAs":["https:\/\/www.facebook.com\/daniperezfotografia","https:\/\/x.com\/daniperezfoto","https:\/\/instagram.com\/daniperezfotografia\/","https:\/\/www.linkedin.com\/pub\/dani-perez-fotografo\/b2\/3b0\/594"]},{"@type":"Person","@id":"https:\/\/www.daniperezfotografia.es\/wordpress\/#\/schema\/person\/e182c086037e8185dcc7e99e2c589a63","name":"Dani","sameAs":["http:\/\/www.daniperezfotografia.es","https:\/\/www.facebook.com\/daniperezfotografia","https:\/\/x.com\/daniperezfoto"]}]}},"_links":{"self":[{"href":"https:\/\/www.daniperezfotografia.es\/wordpress\/wp-json\/wp\/v2\/posts\/7609","targetHints":{"allow":["GET"]}}],"collection":[{"href":"https:\/\/www.daniperezfotografia.es\/wordpress\/wp-json\/wp\/v2\/posts"}],"about":[{"href":"https:\/\/www.daniperezfotografia.es\/wordpress\/wp-json\/wp\/v2\/types\/post"}],"author":[{"embeddable":true,"href":"https:\/\/www.daniperezfotografia.es\/wordpress\/wp-json\/wp\/v2\/users\/1"}],"replies":[{"embeddable":true,"href":"https:\/\/www.daniperezfotografia.es\/wordpress\/wp-json\/wp\/v2\/comments?post=7609"}],"version-history":[{"count":3,"href":"https:\/\/www.daniperezfotografia.es\/wordpress\/wp-json\/wp\/v2\/posts\/7609\/revisions"}],"predecessor-version":[{"id":13413,"href":"https:\/\/www.daniperezfotografia.es\/wordpress\/wp-json\/wp\/v2\/posts\/7609\/revisions\/13413"}],"wp:featuredmedia":[{"embeddable":true,"href":"https:\/\/www.daniperezfotografia.es\/wordpress\/wp-json\/wp\/v2\/media\/7616"}],"wp:attachment":[{"href":"https:\/\/www.daniperezfotografia.es\/wordpress\/wp-json\/wp\/v2\/media?parent=7609"}],"wp:term":[{"taxonomy":"category","embeddable":true,"href":"https:\/\/www.daniperezfotografia.es\/wordpress\/wp-json\/wp\/v2\/categories?post=7609"},{"taxonomy":"post_tag","embeddable":true,"href":"https:\/\/www.daniperezfotografia.es\/wordpress\/wp-json\/wp\/v2\/tags?post=7609"}],"curies":[{"name":"wp","href":"https:\/\/api.w.org\/{rel}","templated":true}]}}