{"id":7573,"date":"2014-10-30T12:37:28","date_gmt":"2014-10-30T11:37:28","guid":{"rendered":"http:\/\/www.daniperezfotografia.es\/wordpress\/?p=7573"},"modified":"2020-05-18T14:49:14","modified_gmt":"2020-05-18T13:49:14","slug":"fotos-bautizo-en-la-residencia-isabel-de-castilla-vallecas","status":"publish","type":"post","link":"https:\/\/www.daniperezfotografia.es\/wordpress\/fotos-de-bautizo\/fotos-bautizo-en-la-residencia-isabel-de-castilla-vallecas","title":{"rendered":"Bautizo en la Residencia Isabel de Castilla"},"content":{"rendered":"<p style=\"text-align: center;\"><img loading=\"lazy\" decoding=\"async\" class=\"aligncenter wp-image-7574 size-full\" src=\"http:\/\/www.daniperezfotografia.es\/wordpress\/wp-content\/uploads\/2014\/10\/fotografo-bautizo-madrid-006.jpg\" alt=\"fotos de bautizo, sesion de fotos de familia, ,bautizo en madrid\" width=\"900\" height=\"599\" srcset=\"https:\/\/www.daniperezfotografia.es\/wordpress\/wp-content\/uploads\/2014\/10\/fotografo-bautizo-madrid-006.jpg 900w, https:\/\/www.daniperezfotografia.es\/wordpress\/wp-content\/uploads\/2014\/10\/fotografo-bautizo-madrid-006-750x499.jpg 750w, https:\/\/www.daniperezfotografia.es\/wordpress\/wp-content\/uploads\/2014\/10\/fotografo-bautizo-madrid-006-300x200.jpg 300w, https:\/\/www.daniperezfotografia.es\/wordpress\/wp-content\/uploads\/2014\/10\/fotografo-bautizo-madrid-006-600x400.jpg 600w, https:\/\/www.daniperezfotografia.es\/wordpress\/wp-content\/uploads\/2014\/10\/fotografo-bautizo-madrid-006-273x182.jpg 273w, https:\/\/www.daniperezfotografia.es\/wordpress\/wp-content\/uploads\/2014\/10\/fotografo-bautizo-madrid-006-546x364.jpg 546w, https:\/\/www.daniperezfotografia.es\/wordpress\/wp-content\/uploads\/2014\/10\/fotografo-bautizo-madrid-006-860x573.jpg 860w, https:\/\/www.daniperezfotografia.es\/wordpress\/wp-content\/uploads\/2014\/10\/fotografo-bautizo-madrid-006-598x398.jpg 598w\" sizes=\"auto, (max-width: 900px) 100vw, 900px\" \/><\/p>\n<p>Nuestra peque\u00f1a Carla, se <strong>bautizo en la <a href=\"https:\/\/www.comunidad.madrid\/centros\/residencia-infantil-isabel-castilla\" target=\"_blank\" rel=\"noopener noreferrer\">Residencia Infantil Isabel de Castilla<\/a><\/strong> en Vallecas. Comenzamos el d\u00eda, con la <strong>sesi\u00f3n de fotos de preparativos<\/strong>. Nos acompa\u00f1\u00f3 gran parte de la familia; tios, abuelos, inlcuso bisabuelos disfrutaron de precioso momento en casa con la peque\u00f1a. Con todos ellos aprovechamos para hacer unas<strong> bonitas y divertidas fotos de familia<\/strong> antes de salir camino a la residencia isabel de Castilla, donde se celebrar\u00eda el bautizo.<\/p>\n<p style=\"text-align: center;\"><img loading=\"lazy\" decoding=\"async\" class=\"aligncenter wp-image-7575 size-full\" title=\"fotos de los detalles de un bautizo\" src=\"http:\/\/www.daniperezfotografia.es\/wordpress\/wp-content\/uploads\/2014\/10\/fotografo-bautizo-madrid-004.jpg\" alt=\"fotos de los detalles de un bautizo\" width=\"900\" height=\"451\" srcset=\"https:\/\/www.daniperezfotografia.es\/wordpress\/wp-content\/uploads\/2014\/10\/fotografo-bautizo-madrid-004.jpg 900w, https:\/\/www.daniperezfotografia.es\/wordpress\/wp-content\/uploads\/2014\/10\/fotografo-bautizo-madrid-004-750x375.jpg 750w\" sizes=\"auto, (max-width: 900px) 100vw, 900px\" \/><img loading=\"lazy\" decoding=\"async\" class=\"aligncenter wp-image-7576 size-full\" src=\"http:\/\/www.daniperezfotografia.es\/wordpress\/wp-content\/uploads\/2014\/10\/fotografo-bautizo-madrid-001.jpg\" alt=\"fotos de bautizo, sesion de fotos de familia, ,bautizo en madrid, fotografo de bautizo\" width=\"900\" height=\"299\" srcset=\"https:\/\/www.daniperezfotografia.es\/wordpress\/wp-content\/uploads\/2014\/10\/fotografo-bautizo-madrid-001.jpg 900w, https:\/\/www.daniperezfotografia.es\/wordpress\/wp-content\/uploads\/2014\/10\/fotografo-bautizo-madrid-001-750x249.jpg 750w\" sizes=\"auto, (max-width: 900px) 100vw, 900px\" \/><img loading=\"lazy\" decoding=\"async\" class=\"aligncenter wp-image-7577 size-full\" src=\"http:\/\/www.daniperezfotografia.es\/wordpress\/wp-content\/uploads\/2014\/10\/fotografo-bautizo-madrid-002.jpg\" alt=\"fotos de bautizo, sesion de fotos de familia, ,bautizo en madrid, fotografo de bautizo\" width=\"900\" height=\"600\" srcset=\"https:\/\/www.daniperezfotografia.es\/wordpress\/wp-content\/uploads\/2014\/10\/fotografo-bautizo-madrid-002.jpg 900w, https:\/\/www.daniperezfotografia.es\/wordpress\/wp-content\/uploads\/2014\/10\/fotografo-bautizo-madrid-002-750x500.jpg 750w\" sizes=\"auto, (max-width: 900px) 100vw, 900px\" \/><img loading=\"lazy\" decoding=\"async\" class=\"aligncenter wp-image-7578 size-full\" title=\"foto de un vestido de bautizo\" src=\"http:\/\/www.daniperezfotografia.es\/wordpress\/wp-content\/uploads\/2014\/10\/fotografo-bautizo-madrid-008.jpg\" alt=\"foto de un vestido de bautizo\" width=\"900\" height=\"599\" srcset=\"https:\/\/www.daniperezfotografia.es\/wordpress\/wp-content\/uploads\/2014\/10\/fotografo-bautizo-madrid-008.jpg 900w, https:\/\/www.daniperezfotografia.es\/wordpress\/wp-content\/uploads\/2014\/10\/fotografo-bautizo-madrid-008-750x499.jpg 750w, https:\/\/www.daniperezfotografia.es\/wordpress\/wp-content\/uploads\/2014\/10\/fotografo-bautizo-madrid-008-273x182.jpg 273w, https:\/\/www.daniperezfotografia.es\/wordpress\/wp-content\/uploads\/2014\/10\/fotografo-bautizo-madrid-008-546x364.jpg 546w, https:\/\/www.daniperezfotografia.es\/wordpress\/wp-content\/uploads\/2014\/10\/fotografo-bautizo-madrid-008-598x398.jpg 598w, https:\/\/www.daniperezfotografia.es\/wordpress\/wp-content\/uploads\/2014\/10\/fotografo-bautizo-madrid-008-200x133.jpg 200w, https:\/\/www.daniperezfotografia.es\/wordpress\/wp-content\/uploads\/2014\/10\/fotografo-bautizo-madrid-008-400x266.jpg 400w, https:\/\/www.daniperezfotografia.es\/wordpress\/wp-content\/uploads\/2014\/10\/fotografo-bautizo-madrid-008-736x490.jpg 736w, https:\/\/www.daniperezfotografia.es\/wordpress\/wp-content\/uploads\/2014\/10\/fotografo-bautizo-madrid-008-286x190.jpg 286w, https:\/\/www.daniperezfotografia.es\/wordpress\/wp-content\/uploads\/2014\/10\/fotografo-bautizo-madrid-008-572x380.jpg 572w\" sizes=\"auto, (max-width: 900px) 100vw, 900px\" \/><img loading=\"lazy\" decoding=\"async\" class=\"aligncenter wp-image-7579 size-full\" src=\"http:\/\/www.daniperezfotografia.es\/wordpress\/wp-content\/uploads\/2014\/10\/fotografo-bautizo-madrid-009.jpg\" alt=\"fotos de bautizo, sesion de fotos de familia, ,bautizo en madrid, fotografo de bautizo\" width=\"900\" height=\"599\" srcset=\"https:\/\/www.daniperezfotografia.es\/wordpress\/wp-content\/uploads\/2014\/10\/fotografo-bautizo-madrid-009.jpg 900w, https:\/\/www.daniperezfotografia.es\/wordpress\/wp-content\/uploads\/2014\/10\/fotografo-bautizo-madrid-009-750x499.jpg 750w\" sizes=\"auto, (max-width: 900px) 100vw, 900px\" \/><img loading=\"lazy\" decoding=\"async\" class=\"aligncenter wp-image-7580 size-full\" title=\"foto de los preparativos de un bautizo en casa\" src=\"http:\/\/www.daniperezfotografia.es\/wordpress\/wp-content\/uploads\/2014\/10\/fotografo-bautizo-madrid-010.jpg\" alt=\"foto de los preparativos de un bautizo en casa\" width=\"900\" height=\"599\" srcset=\"https:\/\/www.daniperezfotografia.es\/wordpress\/wp-content\/uploads\/2014\/10\/fotografo-bautizo-madrid-010.jpg 900w, https:\/\/www.daniperezfotografia.es\/wordpress\/wp-content\/uploads\/2014\/10\/fotografo-bautizo-madrid-010-750x499.jpg 750w\" sizes=\"auto, (max-width: 900px) 100vw, 900px\" \/><img loading=\"lazy\" decoding=\"async\" class=\"aligncenter wp-image-7581 size-full\" title=\"foto de los preparativos de un bautizo en casa\" src=\"http:\/\/www.daniperezfotografia.es\/wordpress\/wp-content\/uploads\/2014\/10\/fotografo-bautizo-madrid-011.jpg\" alt=\"foto de los preparativos de un bautizo en casa\" width=\"900\" height=\"900\" srcset=\"https:\/\/www.daniperezfotografia.es\/wordpress\/wp-content\/uploads\/2014\/10\/fotografo-bautizo-madrid-011.jpg 900w, https:\/\/www.daniperezfotografia.es\/wordpress\/wp-content\/uploads\/2014\/10\/fotografo-bautizo-madrid-011-150x150.jpg 150w, https:\/\/www.daniperezfotografia.es\/wordpress\/wp-content\/uploads\/2014\/10\/fotografo-bautizo-madrid-011-750x750.jpg 750w\" sizes=\"auto, (max-width: 900px) 100vw, 900px\" \/><img loading=\"lazy\" decoding=\"async\" class=\"aligncenter wp-image-7582 size-full\" title=\"foto de bebe en los preparativos del bautizo en casa\" src=\"http:\/\/www.daniperezfotografia.es\/wordpress\/wp-content\/uploads\/2014\/10\/fotografo-bautizo-madrid-012.jpg\" alt=\"foto de bebe en los preparativos del bautizo en casa\" width=\"900\" height=\"599\" srcset=\"https:\/\/www.daniperezfotografia.es\/wordpress\/wp-content\/uploads\/2014\/10\/fotografo-bautizo-madrid-012.jpg 900w, https:\/\/www.daniperezfotografia.es\/wordpress\/wp-content\/uploads\/2014\/10\/fotografo-bautizo-madrid-012-750x499.jpg 750w\" sizes=\"auto, (max-width: 900px) 100vw, 900px\" \/><img loading=\"lazy\" decoding=\"async\" class=\"aligncenter wp-image-7583 size-full\" title=\"foto de bebe en los preparativos del bautizo en casa\" src=\"http:\/\/www.daniperezfotografia.es\/wordpress\/wp-content\/uploads\/2014\/10\/fotografo-bautizo-madrid-013.jpg\" alt=\"foto de bebe en los preparativos del bautizo en casa\" width=\"900\" height=\"599\" srcset=\"https:\/\/www.daniperezfotografia.es\/wordpress\/wp-content\/uploads\/2014\/10\/fotografo-bautizo-madrid-013.jpg 900w, https:\/\/www.daniperezfotografia.es\/wordpress\/wp-content\/uploads\/2014\/10\/fotografo-bautizo-madrid-013-750x499.jpg 750w, https:\/\/www.daniperezfotografia.es\/wordpress\/wp-content\/uploads\/2014\/10\/fotografo-bautizo-madrid-013-273x182.jpg 273w, https:\/\/www.daniperezfotografia.es\/wordpress\/wp-content\/uploads\/2014\/10\/fotografo-bautizo-madrid-013-546x364.jpg 546w, https:\/\/www.daniperezfotografia.es\/wordpress\/wp-content\/uploads\/2014\/10\/fotografo-bautizo-madrid-013-200x133.jpg 200w, https:\/\/www.daniperezfotografia.es\/wordpress\/wp-content\/uploads\/2014\/10\/fotografo-bautizo-madrid-013-400x266.jpg 400w, https:\/\/www.daniperezfotografia.es\/wordpress\/wp-content\/uploads\/2014\/10\/fotografo-bautizo-madrid-013-598x398.jpg 598w, https:\/\/www.daniperezfotografia.es\/wordpress\/wp-content\/uploads\/2014\/10\/fotografo-bautizo-madrid-013-736x490.jpg 736w, https:\/\/www.daniperezfotografia.es\/wordpress\/wp-content\/uploads\/2014\/10\/fotografo-bautizo-madrid-013-286x190.jpg 286w, https:\/\/www.daniperezfotografia.es\/wordpress\/wp-content\/uploads\/2014\/10\/fotografo-bautizo-madrid-013-572x380.jpg 572w\" sizes=\"auto, (max-width: 900px) 100vw, 900px\" \/><img loading=\"lazy\" decoding=\"async\" class=\"aligncenter wp-image-7584 size-full\" title=\"foto de familia en los preparativos del bautizo en casa\" src=\"http:\/\/www.daniperezfotografia.es\/wordpress\/wp-content\/uploads\/2014\/10\/fotografo-bautizo-madrid-014.jpg\" alt=\"foto de familia en los preparativos del bautizo en casa\" width=\"900\" height=\"599\" srcset=\"https:\/\/www.daniperezfotografia.es\/wordpress\/wp-content\/uploads\/2014\/10\/fotografo-bautizo-madrid-014.jpg 900w, https:\/\/www.daniperezfotografia.es\/wordpress\/wp-content\/uploads\/2014\/10\/fotografo-bautizo-madrid-014-750x499.jpg 750w\" sizes=\"auto, (max-width: 900px) 100vw, 900px\" \/><img loading=\"lazy\" decoding=\"async\" class=\"aligncenter wp-image-7586 size-full\" title=\"foto de los abuelos en un bautizo\" src=\"http:\/\/www.daniperezfotografia.es\/wordpress\/wp-content\/uploads\/2014\/10\/fotografo-bautizo-madrid-015.jpg\" alt=\"foto de los abuelos en un bautizo\" width=\"900\" height=\"600\" srcset=\"https:\/\/www.daniperezfotografia.es\/wordpress\/wp-content\/uploads\/2014\/10\/fotografo-bautizo-madrid-015.jpg 900w, https:\/\/www.daniperezfotografia.es\/wordpress\/wp-content\/uploads\/2014\/10\/fotografo-bautizo-madrid-015-750x500.jpg 750w\" sizes=\"auto, (max-width: 900px) 100vw, 900px\" \/><img loading=\"lazy\" decoding=\"async\" class=\"aligncenter wp-image-7587 size-full\" src=\"http:\/\/www.daniperezfotografia.es\/wordpress\/wp-content\/uploads\/2014\/10\/fotografo-bautizo-madrid-016.jpg\" alt=\"fotos de bautizo, sesion de fotos de familia, ,bautizo en madrid, fotografo de bautizo\" width=\"900\" height=\"599\" srcset=\"https:\/\/www.daniperezfotografia.es\/wordpress\/wp-content\/uploads\/2014\/10\/fotografo-bautizo-madrid-016.jpg 900w, https:\/\/www.daniperezfotografia.es\/wordpress\/wp-content\/uploads\/2014\/10\/fotografo-bautizo-madrid-016-750x499.jpg 750w\" sizes=\"auto, (max-width: 900px) 100vw, 900px\" \/><img loading=\"lazy\" decoding=\"async\" class=\"aligncenter wp-image-7588 size-full\" title=\"foto de familia durante los preparativos del bautizo\" src=\"http:\/\/www.daniperezfotografia.es\/wordpress\/wp-content\/uploads\/2014\/10\/fotografo-bautizo-madrid-017.jpg\" alt=\"foto de familia durante los preparativos del bautizo\" width=\"900\" height=\"599\" srcset=\"https:\/\/www.daniperezfotografia.es\/wordpress\/wp-content\/uploads\/2014\/10\/fotografo-bautizo-madrid-017.jpg 900w, https:\/\/www.daniperezfotografia.es\/wordpress\/wp-content\/uploads\/2014\/10\/fotografo-bautizo-madrid-017-750x499.jpg 750w\" sizes=\"auto, (max-width: 900px) 100vw, 900px\" \/><img loading=\"lazy\" decoding=\"async\" class=\"aligncenter wp-image-7589 size-full\" title=\"foto de una mama de bautizo\" src=\"http:\/\/www.daniperezfotografia.es\/wordpress\/wp-content\/uploads\/2014\/10\/fotografo-bautizo-madrid-018.jpg\" alt=\"foto de una mama de bautizo\" width=\"900\" height=\"676\" srcset=\"https:\/\/www.daniperezfotografia.es\/wordpress\/wp-content\/uploads\/2014\/10\/fotografo-bautizo-madrid-018.jpg 900w, https:\/\/www.daniperezfotografia.es\/wordpress\/wp-content\/uploads\/2014\/10\/fotografo-bautizo-madrid-018-750x563.jpg 750w\" sizes=\"auto, (max-width: 900px) 100vw, 900px\" \/><img loading=\"lazy\" decoding=\"async\" class=\"aligncenter wp-image-7590 size-full\" title=\"foto de familia durante un bautizo en vallecas\" src=\"http:\/\/www.daniperezfotografia.es\/wordpress\/wp-content\/uploads\/2014\/10\/fotografo-bautizo-madrid-019.jpg\" alt=\"foto de familia durante un bautizo en vallecas\" width=\"900\" height=\"599\" srcset=\"https:\/\/www.daniperezfotografia.es\/wordpress\/wp-content\/uploads\/2014\/10\/fotografo-bautizo-madrid-019.jpg 900w, https:\/\/www.daniperezfotografia.es\/wordpress\/wp-content\/uploads\/2014\/10\/fotografo-bautizo-madrid-019-750x499.jpg 750w\" sizes=\"auto, (max-width: 900px) 100vw, 900px\" \/><img loading=\"lazy\" decoding=\"async\" class=\"aligncenter wp-image-7591 size-full\" title=\"foto de familia durante un bautizo\" src=\"http:\/\/www.daniperezfotografia.es\/wordpress\/wp-content\/uploads\/2014\/10\/fotografo-bautizo-madrid-020.jpg\" alt=\"foto de familia durante un bautizo\" width=\"900\" height=\"599\" srcset=\"https:\/\/www.daniperezfotografia.es\/wordpress\/wp-content\/uploads\/2014\/10\/fotografo-bautizo-madrid-020.jpg 900w, https:\/\/www.daniperezfotografia.es\/wordpress\/wp-content\/uploads\/2014\/10\/fotografo-bautizo-madrid-020-750x499.jpg 750w, https:\/\/www.daniperezfotografia.es\/wordpress\/wp-content\/uploads\/2014\/10\/fotografo-bautizo-madrid-020-273x182.jpg 273w, https:\/\/www.daniperezfotografia.es\/wordpress\/wp-content\/uploads\/2014\/10\/fotografo-bautizo-madrid-020-546x364.jpg 546w, https:\/\/www.daniperezfotografia.es\/wordpress\/wp-content\/uploads\/2014\/10\/fotografo-bautizo-madrid-020-598x398.jpg 598w, https:\/\/www.daniperezfotografia.es\/wordpress\/wp-content\/uploads\/2014\/10\/fotografo-bautizo-madrid-020-200x133.jpg 200w, https:\/\/www.daniperezfotografia.es\/wordpress\/wp-content\/uploads\/2014\/10\/fotografo-bautizo-madrid-020-400x266.jpg 400w, https:\/\/www.daniperezfotografia.es\/wordpress\/wp-content\/uploads\/2014\/10\/fotografo-bautizo-madrid-020-736x490.jpg 736w, https:\/\/www.daniperezfotografia.es\/wordpress\/wp-content\/uploads\/2014\/10\/fotografo-bautizo-madrid-020-286x190.jpg 286w, https:\/\/www.daniperezfotografia.es\/wordpress\/wp-content\/uploads\/2014\/10\/fotografo-bautizo-madrid-020-572x380.jpg 572w\" sizes=\"auto, (max-width: 900px) 100vw, 900px\" \/><img loading=\"lazy\" decoding=\"async\" class=\"aligncenter wp-image-7592 size-full\" title=\"foto de familia durante un bautizo\" src=\"http:\/\/www.daniperezfotografia.es\/wordpress\/wp-content\/uploads\/2014\/10\/fotografo-bautizo-madrid-023.jpg\" alt=\"foto de familia durante un bautizo\" width=\"900\" height=\"599\" srcset=\"https:\/\/www.daniperezfotografia.es\/wordpress\/wp-content\/uploads\/2014\/10\/fotografo-bautizo-madrid-023.jpg 900w, https:\/\/www.daniperezfotografia.es\/wordpress\/wp-content\/uploads\/2014\/10\/fotografo-bautizo-madrid-023-750x499.jpg 750w\" sizes=\"auto, (max-width: 900px) 100vw, 900px\" \/><img loading=\"lazy\" decoding=\"async\" class=\"aligncenter wp-image-7593 size-full\" title=\"foto de la sesion de preparativos de un bautizo\" src=\"http:\/\/www.daniperezfotografia.es\/wordpress\/wp-content\/uploads\/2014\/10\/fotografo-bautizo-madrid-022.jpg\" alt=\"foto de la sesion de preparativos de un bautizo\" width=\"900\" height=\"599\" srcset=\"https:\/\/www.daniperezfotografia.es\/wordpress\/wp-content\/uploads\/2014\/10\/fotografo-bautizo-madrid-022.jpg 900w, https:\/\/www.daniperezfotografia.es\/wordpress\/wp-content\/uploads\/2014\/10\/fotografo-bautizo-madrid-022-750x499.jpg 750w\" sizes=\"auto, (max-width: 900px) 100vw, 900px\" \/><img loading=\"lazy\" decoding=\"async\" class=\"aligncenter wp-image-7594 size-full\" title=\"foto de la sesion de preparativos de un bautizo\" src=\"http:\/\/www.daniperezfotografia.es\/wordpress\/wp-content\/uploads\/2014\/10\/fotografo-bautizo-madrid-021.jpg\" alt=\"foto de la sesion de preparativos de un bautizo\" width=\"900\" height=\"599\" srcset=\"https:\/\/www.daniperezfotografia.es\/wordpress\/wp-content\/uploads\/2014\/10\/fotografo-bautizo-madrid-021.jpg 900w, https:\/\/www.daniperezfotografia.es\/wordpress\/wp-content\/uploads\/2014\/10\/fotografo-bautizo-madrid-021-750x499.jpg 750w\" sizes=\"auto, (max-width: 900px) 100vw, 900px\" \/><img loading=\"lazy\" decoding=\"async\" class=\"aligncenter wp-image-7595 size-full\" src=\"http:\/\/www.daniperezfotografia.es\/wordpress\/wp-content\/uploads\/2014\/10\/fotografo-bautizo-madrid-024.jpg\" alt=\"fotos de bautizo, sesion de fotos de familia, ,bautizo en madrid, fotografo de bautizo\" width=\"900\" height=\"599\" srcset=\"https:\/\/www.daniperezfotografia.es\/wordpress\/wp-content\/uploads\/2014\/10\/fotografo-bautizo-madrid-024.jpg 900w, https:\/\/www.daniperezfotografia.es\/wordpress\/wp-content\/uploads\/2014\/10\/fotografo-bautizo-madrid-024-750x499.jpg 750w\" sizes=\"auto, (max-width: 900px) 100vw, 900px\" \/><img loading=\"lazy\" decoding=\"async\" class=\"aligncenter wp-image-7596 size-full\" src=\"http:\/\/www.daniperezfotografia.es\/wordpress\/wp-content\/uploads\/2014\/10\/fotografo-bautizo-madrid-025.jpg\" alt=\"fotos de bautizo, sesion de fotos de familia, ,bautizo en madrid, fotografo de bautizo\" width=\"900\" height=\"599\" srcset=\"https:\/\/www.daniperezfotografia.es\/wordpress\/wp-content\/uploads\/2014\/10\/fotografo-bautizo-madrid-025.jpg 900w, https:\/\/www.daniperezfotografia.es\/wordpress\/wp-content\/uploads\/2014\/10\/fotografo-bautizo-madrid-025-750x499.jpg 750w\" sizes=\"auto, (max-width: 900px) 100vw, 900px\" \/><img loading=\"lazy\" decoding=\"async\" class=\"aligncenter wp-image-7597 size-full\" src=\"http:\/\/www.daniperezfotografia.es\/wordpress\/wp-content\/uploads\/2014\/10\/fotografo-bautizo-madrid-026.jpg\" alt=\"fotos de bautizo, sesion de fotos de familia, ,bautizo en madrid, fotografo de bautizo\" width=\"900\" height=\"599\" srcset=\"https:\/\/www.daniperezfotografia.es\/wordpress\/wp-content\/uploads\/2014\/10\/fotografo-bautizo-madrid-026.jpg 900w, https:\/\/www.daniperezfotografia.es\/wordpress\/wp-content\/uploads\/2014\/10\/fotografo-bautizo-madrid-026-750x499.jpg 750w, https:\/\/www.daniperezfotografia.es\/wordpress\/wp-content\/uploads\/2014\/10\/fotografo-bautizo-madrid-026-273x182.jpg 273w, https:\/\/www.daniperezfotografia.es\/wordpress\/wp-content\/uploads\/2014\/10\/fotografo-bautizo-madrid-026-546x364.jpg 546w\" sizes=\"auto, (max-width: 900px) 100vw, 900px\" \/><img loading=\"lazy\" decoding=\"async\" class=\"aligncenter wp-image-7598 size-full\" title=\"foto de bautizo en la residencia isabel de castilla de vallecas\" src=\"http:\/\/www.daniperezfotografia.es\/wordpress\/wp-content\/uploads\/2014\/10\/fotografo-bautizo-madrid-027.jpg\" alt=\"foto de bautizo en la residencia isabel de castilla de vallecas\" width=\"900\" height=\"599\" srcset=\"https:\/\/www.daniperezfotografia.es\/wordpress\/wp-content\/uploads\/2014\/10\/fotografo-bautizo-madrid-027.jpg 900w, https:\/\/www.daniperezfotografia.es\/wordpress\/wp-content\/uploads\/2014\/10\/fotografo-bautizo-madrid-027-750x499.jpg 750w\" sizes=\"auto, (max-width: 900px) 100vw, 900px\" \/><img loading=\"lazy\" decoding=\"async\" class=\"aligncenter wp-image-7599 size-full\" title=\"foto de bautizo en la residencia isabel de castilla de vallecas\" src=\"http:\/\/www.daniperezfotografia.es\/wordpress\/wp-content\/uploads\/2014\/10\/fotografo-bautizo-madrid-028.jpg\" alt=\"foto de bautizo en la residencia isabel de castilla de vallecas\" width=\"900\" height=\"600\" srcset=\"https:\/\/www.daniperezfotografia.es\/wordpress\/wp-content\/uploads\/2014\/10\/fotografo-bautizo-madrid-028.jpg 900w, https:\/\/www.daniperezfotografia.es\/wordpress\/wp-content\/uploads\/2014\/10\/fotografo-bautizo-madrid-028-750x500.jpg 750w\" sizes=\"auto, (max-width: 900px) 100vw, 900px\" \/><img loading=\"lazy\" decoding=\"async\" class=\"aligncenter wp-image-7600 size-full\" src=\"http:\/\/www.daniperezfotografia.es\/wordpress\/wp-content\/uploads\/2014\/10\/fotografo-bautizo-madrid-029.jpg\" alt=\"fotos de bautizo, sesion de fotos de familia, ,bautizo en madrid, fotografo de bautizo\" width=\"900\" height=\"599\" srcset=\"https:\/\/www.daniperezfotografia.es\/wordpress\/wp-content\/uploads\/2014\/10\/fotografo-bautizo-madrid-029.jpg 900w, https:\/\/www.daniperezfotografia.es\/wordpress\/wp-content\/uploads\/2014\/10\/fotografo-bautizo-madrid-029-750x499.jpg 750w\" sizes=\"auto, (max-width: 900px) 100vw, 900px\" \/><img loading=\"lazy\" decoding=\"async\" class=\"aligncenter wp-image-7601 size-full\" src=\"http:\/\/www.daniperezfotografia.es\/wordpress\/wp-content\/uploads\/2014\/10\/fotografo-bautizo-madrid-030.jpg\" alt=\"fotos de bautizo, sesion de fotos de familia, ,bautizo en madrid, fotografo de bautizo\" width=\"900\" height=\"599\" srcset=\"https:\/\/www.daniperezfotografia.es\/wordpress\/wp-content\/uploads\/2014\/10\/fotografo-bautizo-madrid-030.jpg 900w, https:\/\/www.daniperezfotografia.es\/wordpress\/wp-content\/uploads\/2014\/10\/fotografo-bautizo-madrid-030-750x499.jpg 750w\" sizes=\"auto, (max-width: 900px) 100vw, 900px\" \/><img loading=\"lazy\" decoding=\"async\" class=\"aligncenter wp-image-7602 size-full\" title=\"foto de bautizo en la residencia isabel de castilla de vallecas\" src=\"http:\/\/www.daniperezfotografia.es\/wordpress\/wp-content\/uploads\/2014\/10\/fotografo-bautizo-madrid-031.jpg\" alt=\"foto de bautizo en la residencia isabel de castilla de vallecas\" width=\"900\" height=\"600\" srcset=\"https:\/\/www.daniperezfotografia.es\/wordpress\/wp-content\/uploads\/2014\/10\/fotografo-bautizo-madrid-031.jpg 900w, https:\/\/www.daniperezfotografia.es\/wordpress\/wp-content\/uploads\/2014\/10\/fotografo-bautizo-madrid-031-750x500.jpg 750w\" sizes=\"auto, (max-width: 900px) 100vw, 900px\" \/><img loading=\"lazy\" decoding=\"async\" class=\"aligncenter wp-image-7603 size-full\" title=\"foto de bautizo en la residencia isabel de castilla de vallecas\" src=\"http:\/\/www.daniperezfotografia.es\/wordpress\/wp-content\/uploads\/2014\/10\/fotografo-bautizo-madrid-032.jpg\" alt=\"foto de bautizo en la residencia isabel de castilla de vallecas\" width=\"900\" height=\"676\" srcset=\"https:\/\/www.daniperezfotografia.es\/wordpress\/wp-content\/uploads\/2014\/10\/fotografo-bautizo-madrid-032.jpg 900w, https:\/\/www.daniperezfotografia.es\/wordpress\/wp-content\/uploads\/2014\/10\/fotografo-bautizo-madrid-032-750x563.jpg 750w\" sizes=\"auto, (max-width: 900px) 100vw, 900px\" \/><img loading=\"lazy\" decoding=\"async\" class=\"aligncenter wp-image-7604 size-full\" title=\"foto de bautizo en la residencia isabel de castilla de vallecas\" src=\"http:\/\/www.daniperezfotografia.es\/wordpress\/wp-content\/uploads\/2014\/10\/fotografo-bautizo-madrid-033.jpg\" alt=\"foto de bautizo en la residencia isabel de castilla de vallecas\" width=\"900\" height=\"599\" srcset=\"https:\/\/www.daniperezfotografia.es\/wordpress\/wp-content\/uploads\/2014\/10\/fotografo-bautizo-madrid-033.jpg 900w, https:\/\/www.daniperezfotografia.es\/wordpress\/wp-content\/uploads\/2014\/10\/fotografo-bautizo-madrid-033-750x499.jpg 750w\" sizes=\"auto, (max-width: 900px) 100vw, 900px\" \/><img loading=\"lazy\" decoding=\"async\" class=\"aligncenter wp-image-7605 size-full\" title=\"foto de bautizo en la residencia isabel de castilla de vallecas\" src=\"http:\/\/www.daniperezfotografia.es\/wordpress\/wp-content\/uploads\/2014\/10\/fotografo-bautizo-madrid-034.jpg\" alt=\"foto de bautizo en la residencia isabel de castilla de vallecas\" width=\"900\" height=\"1353\" srcset=\"https:\/\/www.daniperezfotografia.es\/wordpress\/wp-content\/uploads\/2014\/10\/fotografo-bautizo-madrid-034.jpg 900w, https:\/\/www.daniperezfotografia.es\/wordpress\/wp-content\/uploads\/2014\/10\/fotografo-bautizo-madrid-034-498x750.jpg 498w, https:\/\/www.daniperezfotografia.es\/wordpress\/wp-content\/uploads\/2014\/10\/fotografo-bautizo-madrid-034-681x1024.jpg 681w\" sizes=\"auto, (max-width: 900px) 100vw, 900px\" \/><\/p>\n<p style=\"text-align: center;\">Siempre recomiendo a mis clientes que impriman sus fotograf\u00edas favoritas<\/p>\n<p style=\"text-align: center;\">No dej\u00e9is que vuestras im\u00e1genes queden abandonadas en una carpeta del ordenador<\/p>\n<p style=\"text-align: center;\">La mejor forma de compartir y conservar vuestros recuerdos, es en papel<\/p>\n<p style=\"text-align: center;\"><img loading=\"lazy\" decoding=\"async\" class=\"aligncenter size-full wp-image-9016\" src=\"http:\/\/www.daniperezfotografia.es\/wordpress\/wp-content\/uploads\/2014\/10\/30-7573-post\/fotos-impresas-papel-fine-art-algodon-natural-0038.jpg\" alt=\"foto impresa en papel natural de algodon fineart\" width=\"900\" height=\"600\" srcset=\"https:\/\/www.daniperezfotografia.es\/wordpress\/wp-content\/uploads\/2014\/10\/30-7573-post\/fotos-impresas-papel-fine-art-algodon-natural-0038.jpg 900w, https:\/\/www.daniperezfotografia.es\/wordpress\/wp-content\/uploads\/2014\/10\/30-7573-post\/fotos-impresas-papel-fine-art-algodon-natural-0038-750x500.jpg 750w\" sizes=\"auto, (max-width: 900px) 100vw, 900px\" \/><img loading=\"lazy\" decoding=\"async\" class=\"aligncenter size-full wp-image-9018\" src=\"http:\/\/www.daniperezfotografia.es\/wordpress\/wp-content\/uploads\/2014\/10\/30-7573-post\/fotos-impresas-papel-fine-art-algodon-natural-0036.jpg\" alt=\"foto impresa en papel natural de algodon fineart\" width=\"900\" height=\"600\" srcset=\"https:\/\/www.daniperezfotografia.es\/wordpress\/wp-content\/uploads\/2014\/10\/30-7573-post\/fotos-impresas-papel-fine-art-algodon-natural-0036.jpg 900w, https:\/\/www.daniperezfotografia.es\/wordpress\/wp-content\/uploads\/2014\/10\/30-7573-post\/fotos-impresas-papel-fine-art-algodon-natural-0036-750x500.jpg 750w\" sizes=\"auto, (max-width: 900px) 100vw, 900px\" \/><img loading=\"lazy\" decoding=\"async\" class=\"aligncenter size-full wp-image-9019\" src=\"http:\/\/www.daniperezfotografia.es\/wordpress\/wp-content\/uploads\/2014\/10\/30-7573-post\/fotos-impresas-papel-fine-art-algodon-natural-0035.jpg\" alt=\"foto impresa en papel natural de algodon fineart\" width=\"900\" height=\"900\" srcset=\"https:\/\/www.daniperezfotografia.es\/wordpress\/wp-content\/uploads\/2014\/10\/30-7573-post\/fotos-impresas-papel-fine-art-algodon-natural-0035.jpg 900w, https:\/\/www.daniperezfotografia.es\/wordpress\/wp-content\/uploads\/2014\/10\/30-7573-post\/fotos-impresas-papel-fine-art-algodon-natural-0035-150x150.jpg 150w, https:\/\/www.daniperezfotografia.es\/wordpress\/wp-content\/uploads\/2014\/10\/30-7573-post\/fotos-impresas-papel-fine-art-algodon-natural-0035-750x750.jpg 750w\" sizes=\"auto, (max-width: 900px) 100vw, 900px\" \/><\/p>\n<p style=\"text-align: center;\">\n","protected":false},"excerpt":{"rendered":"<p>Fotos de bautizo en Madrid. Fot\u00f3grafo de bautizo en la Residencia Infantil \u00abIsabel de Castilla\u00bb en Villa de Vallecas<\/p>\n","protected":false},"author":1,"featured_media":11188,"comment_status":"open","ping_status":"open","sticky":false,"template":"","format":"standard","meta":{"footnotes":""},"categories":[668],"tags":[631,768,769],"class_list":["post-7573","post","type-post","status-publish","format-standard","has-post-thumbnail","hentry","category-fotos-de-bautizo","tag-bautizo","tag-residencia-infantil-isabel-de-castilla","tag-villa-de-vallecas"],"blocksy_meta":{"styles_descriptor":{"styles":{"desktop":"","tablet":"","mobile":""},"google_fonts":[],"version":6}},"yoast_head":"<!-- This site is optimized with the Yoast SEO plugin v27.4 - https:\/\/yoast.com\/product\/yoast-seo-wordpress\/ -->\n<title>Bautizo en la Residencia Infantil Isabel de Castilla en Vallecas<\/title>\n<meta name=\"description\" content=\"Carla se bautizo en la Residencia Infantil Isabel de Castilla en Vallecas. El reportaje de bautizo inlcuyo los preparativos en casa y la ceremonia.\" \/>\n<meta name=\"robots\" content=\"index, follow, max-snippet:-1, max-image-preview:large, max-video-preview:-1\" \/>\n<link rel=\"canonical\" href=\"http:\/\/www.daniperezfotografia.es\/wordpress\/fotos-de-bautizo\/fotos-bautizo-en-la-residencia-isabel-de-castilla-vallecas\" \/>\n<meta property=\"og:locale\" content=\"es_ES\" \/>\n<meta property=\"og:type\" content=\"article\" \/>\n<meta property=\"og:title\" content=\"Bautizo en la Residencia Infantil Isabel de Castilla en Vallecas\" \/>\n<meta property=\"og:description\" content=\"Carla se bautizo en la Residencia Infantil Isabel de Castilla en Vallecas. El reportaje de bautizo inlcuyo los preparativos en casa y la ceremonia.\" \/>\n<meta property=\"og:url\" content=\"http:\/\/www.daniperezfotografia.es\/wordpress\/fotos-de-bautizo\/fotos-bautizo-en-la-residencia-isabel-de-castilla-vallecas\" \/>\n<meta property=\"og:site_name\" content=\"Dani Perez Fotografia | Fotografo Profesional en Madrid\" \/>\n<meta property=\"article:publisher\" content=\"https:\/\/www.facebook.com\/daniperezfotografia\" \/>\n<meta property=\"article:author\" content=\"https:\/\/www.facebook.com\/daniperezfotografia\" \/>\n<meta property=\"article:published_time\" content=\"2014-10-30T11:37:28+00:00\" \/>\n<meta property=\"article:modified_time\" content=\"2020-05-18T13:49:14+00:00\" \/>\n<meta property=\"og:image\" content=\"http:\/\/www.daniperezfotografia.es\/wordpress\/wp-content\/uploads\/2014\/10\/carla-bautizo-residencia-infantil-isabel-de-castilla-1100.jpg\" \/>\n\t<meta property=\"og:image:width\" content=\"1100\" \/>\n\t<meta property=\"og:image:height\" content=\"732\" \/>\n\t<meta property=\"og:image:type\" content=\"image\/jpeg\" \/>\n<meta name=\"author\" content=\"Dani\" \/>\n<meta name=\"twitter:card\" content=\"summary_large_image\" \/>\n<meta name=\"twitter:creator\" content=\"@daniperezfoto\" \/>\n<meta name=\"twitter:site\" content=\"@daniperezfoto\" \/>\n<meta name=\"twitter:label1\" content=\"Escrito por\" \/>\n\t<meta name=\"twitter:data1\" content=\"Dani\" \/>\n\t<meta name=\"twitter:label2\" content=\"Tiempo de lectura\" \/>\n\t<meta name=\"twitter:data2\" content=\"1 minuto\" \/>\n<script type=\"application\/ld+json\" class=\"yoast-schema-graph\">{\"@context\":\"https:\\\/\\\/schema.org\",\"@graph\":[{\"@type\":\"Article\",\"@id\":\"http:\\\/\\\/www.daniperezfotografia.es\\\/wordpress\\\/fotos-de-bautizo\\\/fotos-bautizo-en-la-residencia-isabel-de-castilla-vallecas#article\",\"isPartOf\":{\"@id\":\"http:\\\/\\\/www.daniperezfotografia.es\\\/wordpress\\\/fotos-de-bautizo\\\/fotos-bautizo-en-la-residencia-isabel-de-castilla-vallecas\"},\"author\":{\"name\":\"Dani\",\"@id\":\"https:\\\/\\\/www.daniperezfotografia.es\\\/wordpress\\\/#\\\/schema\\\/person\\\/e182c086037e8185dcc7e99e2c589a63\"},\"headline\":\"Bautizo en la Residencia Isabel de Castilla\",\"datePublished\":\"2014-10-30T11:37:28+00:00\",\"dateModified\":\"2020-05-18T13:49:14+00:00\",\"mainEntityOfPage\":{\"@id\":\"http:\\\/\\\/www.daniperezfotografia.es\\\/wordpress\\\/fotos-de-bautizo\\\/fotos-bautizo-en-la-residencia-isabel-de-castilla-vallecas\"},\"wordCount\":121,\"commentCount\":0,\"publisher\":{\"@id\":\"https:\\\/\\\/www.daniperezfotografia.es\\\/wordpress\\\/#organization\"},\"image\":{\"@id\":\"http:\\\/\\\/www.daniperezfotografia.es\\\/wordpress\\\/fotos-de-bautizo\\\/fotos-bautizo-en-la-residencia-isabel-de-castilla-vallecas#primaryimage\"},\"thumbnailUrl\":\"https:\\\/\\\/www.daniperezfotografia.es\\\/wordpress\\\/wp-content\\\/uploads\\\/2014\\\/10\\\/carla-bautizo-residencia-infantil-isabel-de-castilla-1100.jpg\",\"keywords\":[\"bautizo\",\"Residencia Infantil Isabel de Castilla\",\"Villa de Vallecas\"],\"articleSection\":[\"Reportajes de Fotos de Bautizo en Madrid\"],\"inLanguage\":\"es\",\"potentialAction\":[{\"@type\":\"CommentAction\",\"name\":\"Comment\",\"target\":[\"http:\\\/\\\/www.daniperezfotografia.es\\\/wordpress\\\/fotos-de-bautizo\\\/fotos-bautizo-en-la-residencia-isabel-de-castilla-vallecas#respond\"]}]},{\"@type\":\"WebPage\",\"@id\":\"http:\\\/\\\/www.daniperezfotografia.es\\\/wordpress\\\/fotos-de-bautizo\\\/fotos-bautizo-en-la-residencia-isabel-de-castilla-vallecas\",\"url\":\"http:\\\/\\\/www.daniperezfotografia.es\\\/wordpress\\\/fotos-de-bautizo\\\/fotos-bautizo-en-la-residencia-isabel-de-castilla-vallecas\",\"name\":\"Bautizo en la Residencia Infantil Isabel de Castilla en Vallecas\",\"isPartOf\":{\"@id\":\"https:\\\/\\\/www.daniperezfotografia.es\\\/wordpress\\\/#website\"},\"primaryImageOfPage\":{\"@id\":\"http:\\\/\\\/www.daniperezfotografia.es\\\/wordpress\\\/fotos-de-bautizo\\\/fotos-bautizo-en-la-residencia-isabel-de-castilla-vallecas#primaryimage\"},\"image\":{\"@id\":\"http:\\\/\\\/www.daniperezfotografia.es\\\/wordpress\\\/fotos-de-bautizo\\\/fotos-bautizo-en-la-residencia-isabel-de-castilla-vallecas#primaryimage\"},\"thumbnailUrl\":\"https:\\\/\\\/www.daniperezfotografia.es\\\/wordpress\\\/wp-content\\\/uploads\\\/2014\\\/10\\\/carla-bautizo-residencia-infantil-isabel-de-castilla-1100.jpg\",\"datePublished\":\"2014-10-30T11:37:28+00:00\",\"dateModified\":\"2020-05-18T13:49:14+00:00\",\"description\":\"Carla se bautizo en la Residencia Infantil Isabel de Castilla en Vallecas. El reportaje de bautizo inlcuyo los preparativos en casa y la ceremonia.\",\"breadcrumb\":{\"@id\":\"http:\\\/\\\/www.daniperezfotografia.es\\\/wordpress\\\/fotos-de-bautizo\\\/fotos-bautizo-en-la-residencia-isabel-de-castilla-vallecas#breadcrumb\"},\"inLanguage\":\"es\",\"potentialAction\":[{\"@type\":\"ReadAction\",\"target\":[\"http:\\\/\\\/www.daniperezfotografia.es\\\/wordpress\\\/fotos-de-bautizo\\\/fotos-bautizo-en-la-residencia-isabel-de-castilla-vallecas\"]}]},{\"@type\":\"ImageObject\",\"inLanguage\":\"es\",\"@id\":\"http:\\\/\\\/www.daniperezfotografia.es\\\/wordpress\\\/fotos-de-bautizo\\\/fotos-bautizo-en-la-residencia-isabel-de-castilla-vallecas#primaryimage\",\"url\":\"https:\\\/\\\/www.daniperezfotografia.es\\\/wordpress\\\/wp-content\\\/uploads\\\/2014\\\/10\\\/carla-bautizo-residencia-infantil-isabel-de-castilla-1100.jpg\",\"contentUrl\":\"https:\\\/\\\/www.daniperezfotografia.es\\\/wordpress\\\/wp-content\\\/uploads\\\/2014\\\/10\\\/carla-bautizo-residencia-infantil-isabel-de-castilla-1100.jpg\",\"width\":1100,\"height\":732,\"caption\":\"bautizo residencia infantil isabel de castilla\"},{\"@type\":\"BreadcrumbList\",\"@id\":\"http:\\\/\\\/www.daniperezfotografia.es\\\/wordpress\\\/fotos-de-bautizo\\\/fotos-bautizo-en-la-residencia-isabel-de-castilla-vallecas#breadcrumb\",\"itemListElement\":[{\"@type\":\"ListItem\",\"position\":1,\"name\":\"Portada\",\"item\":\"https:\\\/\\\/www.daniperezfotografia.es\\\/wordpress\\\/\"},{\"@type\":\"ListItem\",\"position\":2,\"name\":\"Bautizo en la Residencia Isabel de Castilla\"}]},{\"@type\":\"WebSite\",\"@id\":\"https:\\\/\\\/www.daniperezfotografia.es\\\/wordpress\\\/#website\",\"url\":\"https:\\\/\\\/www.daniperezfotografia.es\\\/wordpress\\\/\",\"name\":\"Dani Perez Fotografia | Fotografo Profesional en Madrid\",\"description\":\"Reportajes de bodas, bautizos, comuniones y sesiones de familia para particulares. Eventos, conferencias y retrato corporativo para empresas. Video de conferencias\",\"publisher\":{\"@id\":\"https:\\\/\\\/www.daniperezfotografia.es\\\/wordpress\\\/#organization\"},\"potentialAction\":[{\"@type\":\"SearchAction\",\"target\":{\"@type\":\"EntryPoint\",\"urlTemplate\":\"https:\\\/\\\/www.daniperezfotografia.es\\\/wordpress\\\/?s={search_term_string}\"},\"query-input\":{\"@type\":\"PropertyValueSpecification\",\"valueRequired\":true,\"valueName\":\"search_term_string\"}}],\"inLanguage\":\"es\"},{\"@type\":\"Organization\",\"@id\":\"https:\\\/\\\/www.daniperezfotografia.es\\\/wordpress\\\/#organization\",\"name\":\"Dani Perez Fotografia y Video\",\"url\":\"https:\\\/\\\/www.daniperezfotografia.es\\\/wordpress\\\/\",\"logo\":{\"@type\":\"ImageObject\",\"inLanguage\":\"es\",\"@id\":\"https:\\\/\\\/www.daniperezfotografia.es\\\/wordpress\\\/#\\\/schema\\\/logo\\\/image\\\/\",\"url\":\"\",\"contentUrl\":\"\",\"caption\":\"Dani Perez Fotografia y Video\"},\"image\":{\"@id\":\"https:\\\/\\\/www.daniperezfotografia.es\\\/wordpress\\\/#\\\/schema\\\/logo\\\/image\\\/\"},\"sameAs\":[\"https:\\\/\\\/www.facebook.com\\\/daniperezfotografia\",\"https:\\\/\\\/x.com\\\/daniperezfoto\",\"https:\\\/\\\/instagram.com\\\/daniperezfotografia\\\/\",\"https:\\\/\\\/www.linkedin.com\\\/pub\\\/dani-perez-fotografo\\\/b2\\\/3b0\\\/594\"]},{\"@type\":\"Person\",\"@id\":\"https:\\\/\\\/www.daniperezfotografia.es\\\/wordpress\\\/#\\\/schema\\\/person\\\/e182c086037e8185dcc7e99e2c589a63\",\"name\":\"Dani\",\"sameAs\":[\"http:\\\/\\\/www.daniperezfotografia.es\",\"https:\\\/\\\/www.facebook.com\\\/daniperezfotografia\",\"https:\\\/\\\/x.com\\\/daniperezfoto\"]}]}<\/script>\n<!-- \/ Yoast SEO plugin. -->","yoast_head_json":{"title":"Bautizo en la Residencia Infantil Isabel de Castilla en Vallecas","description":"Carla se bautizo en la Residencia Infantil Isabel de Castilla en Vallecas. El reportaje de bautizo inlcuyo los preparativos en casa y la ceremonia.","robots":{"index":"index","follow":"follow","max-snippet":"max-snippet:-1","max-image-preview":"max-image-preview:large","max-video-preview":"max-video-preview:-1"},"canonical":"http:\/\/www.daniperezfotografia.es\/wordpress\/fotos-de-bautizo\/fotos-bautizo-en-la-residencia-isabel-de-castilla-vallecas","og_locale":"es_ES","og_type":"article","og_title":"Bautizo en la Residencia Infantil Isabel de Castilla en Vallecas","og_description":"Carla se bautizo en la Residencia Infantil Isabel de Castilla en Vallecas. El reportaje de bautizo inlcuyo los preparativos en casa y la ceremonia.","og_url":"http:\/\/www.daniperezfotografia.es\/wordpress\/fotos-de-bautizo\/fotos-bautizo-en-la-residencia-isabel-de-castilla-vallecas","og_site_name":"Dani Perez Fotografia | Fotografo Profesional en Madrid","article_publisher":"https:\/\/www.facebook.com\/daniperezfotografia","article_author":"https:\/\/www.facebook.com\/daniperezfotografia","article_published_time":"2014-10-30T11:37:28+00:00","article_modified_time":"2020-05-18T13:49:14+00:00","og_image":[{"width":1100,"height":732,"url":"http:\/\/www.daniperezfotografia.es\/wordpress\/wp-content\/uploads\/2014\/10\/carla-bautizo-residencia-infantil-isabel-de-castilla-1100.jpg","type":"image\/jpeg"}],"author":"Dani","twitter_card":"summary_large_image","twitter_creator":"@daniperezfoto","twitter_site":"@daniperezfoto","twitter_misc":{"Escrito por":"Dani","Tiempo de lectura":"1 minuto"},"schema":{"@context":"https:\/\/schema.org","@graph":[{"@type":"Article","@id":"http:\/\/www.daniperezfotografia.es\/wordpress\/fotos-de-bautizo\/fotos-bautizo-en-la-residencia-isabel-de-castilla-vallecas#article","isPartOf":{"@id":"http:\/\/www.daniperezfotografia.es\/wordpress\/fotos-de-bautizo\/fotos-bautizo-en-la-residencia-isabel-de-castilla-vallecas"},"author":{"name":"Dani","@id":"https:\/\/www.daniperezfotografia.es\/wordpress\/#\/schema\/person\/e182c086037e8185dcc7e99e2c589a63"},"headline":"Bautizo en la Residencia Isabel de Castilla","datePublished":"2014-10-30T11:37:28+00:00","dateModified":"2020-05-18T13:49:14+00:00","mainEntityOfPage":{"@id":"http:\/\/www.daniperezfotografia.es\/wordpress\/fotos-de-bautizo\/fotos-bautizo-en-la-residencia-isabel-de-castilla-vallecas"},"wordCount":121,"commentCount":0,"publisher":{"@id":"https:\/\/www.daniperezfotografia.es\/wordpress\/#organization"},"image":{"@id":"http:\/\/www.daniperezfotografia.es\/wordpress\/fotos-de-bautizo\/fotos-bautizo-en-la-residencia-isabel-de-castilla-vallecas#primaryimage"},"thumbnailUrl":"https:\/\/www.daniperezfotografia.es\/wordpress\/wp-content\/uploads\/2014\/10\/carla-bautizo-residencia-infantil-isabel-de-castilla-1100.jpg","keywords":["bautizo","Residencia Infantil Isabel de Castilla","Villa de Vallecas"],"articleSection":["Reportajes de Fotos de Bautizo en Madrid"],"inLanguage":"es","potentialAction":[{"@type":"CommentAction","name":"Comment","target":["http:\/\/www.daniperezfotografia.es\/wordpress\/fotos-de-bautizo\/fotos-bautizo-en-la-residencia-isabel-de-castilla-vallecas#respond"]}]},{"@type":"WebPage","@id":"http:\/\/www.daniperezfotografia.es\/wordpress\/fotos-de-bautizo\/fotos-bautizo-en-la-residencia-isabel-de-castilla-vallecas","url":"http:\/\/www.daniperezfotografia.es\/wordpress\/fotos-de-bautizo\/fotos-bautizo-en-la-residencia-isabel-de-castilla-vallecas","name":"Bautizo en la Residencia Infantil Isabel de Castilla en Vallecas","isPartOf":{"@id":"https:\/\/www.daniperezfotografia.es\/wordpress\/#website"},"primaryImageOfPage":{"@id":"http:\/\/www.daniperezfotografia.es\/wordpress\/fotos-de-bautizo\/fotos-bautizo-en-la-residencia-isabel-de-castilla-vallecas#primaryimage"},"image":{"@id":"http:\/\/www.daniperezfotografia.es\/wordpress\/fotos-de-bautizo\/fotos-bautizo-en-la-residencia-isabel-de-castilla-vallecas#primaryimage"},"thumbnailUrl":"https:\/\/www.daniperezfotografia.es\/wordpress\/wp-content\/uploads\/2014\/10\/carla-bautizo-residencia-infantil-isabel-de-castilla-1100.jpg","datePublished":"2014-10-30T11:37:28+00:00","dateModified":"2020-05-18T13:49:14+00:00","description":"Carla se bautizo en la Residencia Infantil Isabel de Castilla en Vallecas. El reportaje de bautizo inlcuyo los preparativos en casa y la ceremonia.","breadcrumb":{"@id":"http:\/\/www.daniperezfotografia.es\/wordpress\/fotos-de-bautizo\/fotos-bautizo-en-la-residencia-isabel-de-castilla-vallecas#breadcrumb"},"inLanguage":"es","potentialAction":[{"@type":"ReadAction","target":["http:\/\/www.daniperezfotografia.es\/wordpress\/fotos-de-bautizo\/fotos-bautizo-en-la-residencia-isabel-de-castilla-vallecas"]}]},{"@type":"ImageObject","inLanguage":"es","@id":"http:\/\/www.daniperezfotografia.es\/wordpress\/fotos-de-bautizo\/fotos-bautizo-en-la-residencia-isabel-de-castilla-vallecas#primaryimage","url":"https:\/\/www.daniperezfotografia.es\/wordpress\/wp-content\/uploads\/2014\/10\/carla-bautizo-residencia-infantil-isabel-de-castilla-1100.jpg","contentUrl":"https:\/\/www.daniperezfotografia.es\/wordpress\/wp-content\/uploads\/2014\/10\/carla-bautizo-residencia-infantil-isabel-de-castilla-1100.jpg","width":1100,"height":732,"caption":"bautizo residencia infantil isabel de castilla"},{"@type":"BreadcrumbList","@id":"http:\/\/www.daniperezfotografia.es\/wordpress\/fotos-de-bautizo\/fotos-bautizo-en-la-residencia-isabel-de-castilla-vallecas#breadcrumb","itemListElement":[{"@type":"ListItem","position":1,"name":"Portada","item":"https:\/\/www.daniperezfotografia.es\/wordpress\/"},{"@type":"ListItem","position":2,"name":"Bautizo en la Residencia Isabel de Castilla"}]},{"@type":"WebSite","@id":"https:\/\/www.daniperezfotografia.es\/wordpress\/#website","url":"https:\/\/www.daniperezfotografia.es\/wordpress\/","name":"Dani Perez Fotografia | Fotografo Profesional en Madrid","description":"Reportajes de bodas, bautizos, comuniones y sesiones de familia para particulares. Eventos, conferencias y retrato corporativo para empresas. Video de conferencias","publisher":{"@id":"https:\/\/www.daniperezfotografia.es\/wordpress\/#organization"},"potentialAction":[{"@type":"SearchAction","target":{"@type":"EntryPoint","urlTemplate":"https:\/\/www.daniperezfotografia.es\/wordpress\/?s={search_term_string}"},"query-input":{"@type":"PropertyValueSpecification","valueRequired":true,"valueName":"search_term_string"}}],"inLanguage":"es"},{"@type":"Organization","@id":"https:\/\/www.daniperezfotografia.es\/wordpress\/#organization","name":"Dani Perez Fotografia y Video","url":"https:\/\/www.daniperezfotografia.es\/wordpress\/","logo":{"@type":"ImageObject","inLanguage":"es","@id":"https:\/\/www.daniperezfotografia.es\/wordpress\/#\/schema\/logo\/image\/","url":"","contentUrl":"","caption":"Dani Perez Fotografia y Video"},"image":{"@id":"https:\/\/www.daniperezfotografia.es\/wordpress\/#\/schema\/logo\/image\/"},"sameAs":["https:\/\/www.facebook.com\/daniperezfotografia","https:\/\/x.com\/daniperezfoto","https:\/\/instagram.com\/daniperezfotografia\/","https:\/\/www.linkedin.com\/pub\/dani-perez-fotografo\/b2\/3b0\/594"]},{"@type":"Person","@id":"https:\/\/www.daniperezfotografia.es\/wordpress\/#\/schema\/person\/e182c086037e8185dcc7e99e2c589a63","name":"Dani","sameAs":["http:\/\/www.daniperezfotografia.es","https:\/\/www.facebook.com\/daniperezfotografia","https:\/\/x.com\/daniperezfoto"]}]}},"_links":{"self":[{"href":"https:\/\/www.daniperezfotografia.es\/wordpress\/wp-json\/wp\/v2\/posts\/7573","targetHints":{"allow":["GET"]}}],"collection":[{"href":"https:\/\/www.daniperezfotografia.es\/wordpress\/wp-json\/wp\/v2\/posts"}],"about":[{"href":"https:\/\/www.daniperezfotografia.es\/wordpress\/wp-json\/wp\/v2\/types\/post"}],"author":[{"embeddable":true,"href":"https:\/\/www.daniperezfotografia.es\/wordpress\/wp-json\/wp\/v2\/users\/1"}],"replies":[{"embeddable":true,"href":"https:\/\/www.daniperezfotografia.es\/wordpress\/wp-json\/wp\/v2\/comments?post=7573"}],"version-history":[{"count":4,"href":"https:\/\/www.daniperezfotografia.es\/wordpress\/wp-json\/wp\/v2\/posts\/7573\/revisions"}],"predecessor-version":[{"id":13415,"href":"https:\/\/www.daniperezfotografia.es\/wordpress\/wp-json\/wp\/v2\/posts\/7573\/revisions\/13415"}],"wp:featuredmedia":[{"embeddable":true,"href":"https:\/\/www.daniperezfotografia.es\/wordpress\/wp-json\/wp\/v2\/media\/11188"}],"wp:attachment":[{"href":"https:\/\/www.daniperezfotografia.es\/wordpress\/wp-json\/wp\/v2\/media?parent=7573"}],"wp:term":[{"taxonomy":"category","embeddable":true,"href":"https:\/\/www.daniperezfotografia.es\/wordpress\/wp-json\/wp\/v2\/categories?post=7573"},{"taxonomy":"post_tag","embeddable":true,"href":"https:\/\/www.daniperezfotografia.es\/wordpress\/wp-json\/wp\/v2\/tags?post=7573"}],"curies":[{"name":"wp","href":"https:\/\/api.w.org\/{rel}","templated":true}]}}