{"id":7190,"date":"2014-05-27T07:58:32","date_gmt":"2014-05-27T06:58:32","guid":{"rendered":"http:\/\/www.daniperezfotografia.es\/wordpress\/?p=7190"},"modified":"2023-04-24T19:54:04","modified_gmt":"2023-04-24T18:54:04","slug":"sesion-de-pareja-en-la-latina-madrid-sabrinapaco","status":"publish","type":"post","link":"https:\/\/www.daniperezfotografia.es\/wordpress\/parejas\/sesion-de-pareja-en-la-latina-madrid-sabrinapaco","title":{"rendered":"Preboda en el barrio de La Latina"},"content":{"rendered":"<p>Que hay mejor que pasear una tarde por Madrid, haciendo fotos por placer?\u00a0Encontrarte a un amigo que esta a punto de comenzar una sesi\u00f3n de preboda y que te invite a acompa\u00f1arlos.<\/p>\n<p>As\u00ed es como me cruce con <a title=\"Roberto Amor\u00f3s\" href=\"http:\/\/www.robertoamoros.com\" target=\"_blank\" rel=\"noopener noreferrer\">Roberto Amor\u00f3s<\/a> y conoc\u00ed a Sabrina y Paco. Nuestros chicos se lo pasaron en grande y disfrutaron de la sesi\u00f3n de preboda paseando por las calles de \u00a0La Latina, pasamos cerca de La Catedral de la Almudena, Plaza de Espa\u00f1a y Gran\u00a0V\u00eda, buscamos luz interesante, bonitos encuadres, pero sobre todo nos reimos muchisimos y lo pasamos de miedo.<\/p>\n<p>Era la primera vez que Roberto y yo compartiamos una sesi\u00f3n de preboda, y trabajamos tan bien como equipo que me ofreci\u00f3 ser su segundo fot\u00f3grafo en la boda de Sabrina y Paco. Estoy deseando que llegue el d\u00eda de su boda y pasar juntos un d\u00eda maravilloso.<\/p>\n<p><img loading=\"lazy\" decoding=\"async\" class=\"aligncenter size-full wp-image-7191\" src=\"http:\/\/www.daniperezfotografia.es\/wordpress\/wp-content\/uploads\/2014\/05\/fotos-preboda-sesion-pareja-la-latina-madrid-01.jpg\" alt=\"fotos-preboda-sesion-pareja-la-latina-madrid\" width=\"900\" height=\"600\" srcset=\"https:\/\/www.daniperezfotografia.es\/wordpress\/wp-content\/uploads\/2014\/05\/fotos-preboda-sesion-pareja-la-latina-madrid-01.jpg 900w, https:\/\/www.daniperezfotografia.es\/wordpress\/wp-content\/uploads\/2014\/05\/fotos-preboda-sesion-pareja-la-latina-madrid-01-750x500.jpg 750w, https:\/\/www.daniperezfotografia.es\/wordpress\/wp-content\/uploads\/2014\/05\/fotos-preboda-sesion-pareja-la-latina-madrid-01-273x182.jpg 273w, https:\/\/www.daniperezfotografia.es\/wordpress\/wp-content\/uploads\/2014\/05\/fotos-preboda-sesion-pareja-la-latina-madrid-01-546x364.jpg 546w, https:\/\/www.daniperezfotografia.es\/wordpress\/wp-content\/uploads\/2014\/05\/fotos-preboda-sesion-pareja-la-latina-madrid-01-253x168.jpg 253w, https:\/\/www.daniperezfotografia.es\/wordpress\/wp-content\/uploads\/2014\/05\/fotos-preboda-sesion-pareja-la-latina-madrid-01-506x336.jpg 506w, https:\/\/www.daniperezfotografia.es\/wordpress\/wp-content\/uploads\/2014\/05\/fotos-preboda-sesion-pareja-la-latina-madrid-01-598x398.jpg 598w, https:\/\/www.daniperezfotografia.es\/wordpress\/wp-content\/uploads\/2014\/05\/fotos-preboda-sesion-pareja-la-latina-madrid-01-225x150.jpg 225w, https:\/\/www.daniperezfotografia.es\/wordpress\/wp-content\/uploads\/2014\/05\/fotos-preboda-sesion-pareja-la-latina-madrid-01-450x300.jpg 450w, https:\/\/www.daniperezfotografia.es\/wordpress\/wp-content\/uploads\/2014\/05\/fotos-preboda-sesion-pareja-la-latina-madrid-01-312x208.jpg 312w, https:\/\/www.daniperezfotografia.es\/wordpress\/wp-content\/uploads\/2014\/05\/fotos-preboda-sesion-pareja-la-latina-madrid-01-624x416.jpg 624w, https:\/\/www.daniperezfotografia.es\/wordpress\/wp-content\/uploads\/2014\/05\/fotos-preboda-sesion-pareja-la-latina-madrid-01-293x195.jpg 293w, https:\/\/www.daniperezfotografia.es\/wordpress\/wp-content\/uploads\/2014\/05\/fotos-preboda-sesion-pareja-la-latina-madrid-01-586x390.jpg 586w, https:\/\/www.daniperezfotografia.es\/wordpress\/wp-content\/uploads\/2014\/05\/fotos-preboda-sesion-pareja-la-latina-madrid-01-316x210.jpg 316w, https:\/\/www.daniperezfotografia.es\/wordpress\/wp-content\/uploads\/2014\/05\/fotos-preboda-sesion-pareja-la-latina-madrid-01-632x420.jpg 632w, https:\/\/www.daniperezfotografia.es\/wordpress\/wp-content\/uploads\/2014\/05\/fotos-preboda-sesion-pareja-la-latina-madrid-01-736x490.jpg 736w, https:\/\/www.daniperezfotografia.es\/wordpress\/wp-content\/uploads\/2014\/05\/fotos-preboda-sesion-pareja-la-latina-madrid-01-572x380.jpg 572w, https:\/\/www.daniperezfotografia.es\/wordpress\/wp-content\/uploads\/2014\/05\/fotos-preboda-sesion-pareja-la-latina-madrid-01-300x200.jpg 300w, https:\/\/www.daniperezfotografia.es\/wordpress\/wp-content\/uploads\/2014\/05\/fotos-preboda-sesion-pareja-la-latina-madrid-01-600x400.jpg 600w\" sizes=\"auto, (max-width: 900px) 100vw, 900px\" \/><img loading=\"lazy\" decoding=\"async\" class=\"aligncenter size-full wp-image-7192\" src=\"http:\/\/www.daniperezfotografia.es\/wordpress\/wp-content\/uploads\/2014\/05\/fotos-preboda-sesion-pareja-la-latina-madrid-02.jpg\" alt=\"fotos-preboda-sesion-pareja-la-latina-madrid\" width=\"900\" height=\"600\" srcset=\"https:\/\/www.daniperezfotografia.es\/wordpress\/wp-content\/uploads\/2014\/05\/fotos-preboda-sesion-pareja-la-latina-madrid-02.jpg 900w, https:\/\/www.daniperezfotografia.es\/wordpress\/wp-content\/uploads\/2014\/05\/fotos-preboda-sesion-pareja-la-latina-madrid-02-750x500.jpg 750w, https:\/\/www.daniperezfotografia.es\/wordpress\/wp-content\/uploads\/2014\/05\/fotos-preboda-sesion-pareja-la-latina-madrid-02-600x400.jpg 600w\" sizes=\"auto, (max-width: 900px) 100vw, 900px\" \/><img loading=\"lazy\" decoding=\"async\" class=\"aligncenter size-full wp-image-7193\" src=\"http:\/\/www.daniperezfotografia.es\/wordpress\/wp-content\/uploads\/2014\/05\/fotos-preboda-sesion-pareja-la-latina-madrid-03.jpg\" alt=\"fotos-preboda-sesion-pareja-la-latina-madrid\" width=\"900\" height=\"600\" srcset=\"https:\/\/www.daniperezfotografia.es\/wordpress\/wp-content\/uploads\/2014\/05\/fotos-preboda-sesion-pareja-la-latina-madrid-03.jpg 900w, https:\/\/www.daniperezfotografia.es\/wordpress\/wp-content\/uploads\/2014\/05\/fotos-preboda-sesion-pareja-la-latina-madrid-03-750x500.jpg 750w, https:\/\/www.daniperezfotografia.es\/wordpress\/wp-content\/uploads\/2014\/05\/fotos-preboda-sesion-pareja-la-latina-madrid-03-600x400.jpg 600w\" sizes=\"auto, (max-width: 900px) 100vw, 900px\" \/><img loading=\"lazy\" decoding=\"async\" class=\"aligncenter size-full wp-image-7194\" src=\"http:\/\/www.daniperezfotografia.es\/wordpress\/wp-content\/uploads\/2014\/05\/fotos-preboda-sesion-pareja-la-latina-madrid-04.jpg\" alt=\"fotos-preboda-sesion-pareja-la-latina-madrid\" width=\"900\" height=\"600\" srcset=\"https:\/\/www.daniperezfotografia.es\/wordpress\/wp-content\/uploads\/2014\/05\/fotos-preboda-sesion-pareja-la-latina-madrid-04.jpg 900w, https:\/\/www.daniperezfotografia.es\/wordpress\/wp-content\/uploads\/2014\/05\/fotos-preboda-sesion-pareja-la-latina-madrid-04-750x500.jpg 750w, https:\/\/www.daniperezfotografia.es\/wordpress\/wp-content\/uploads\/2014\/05\/fotos-preboda-sesion-pareja-la-latina-madrid-04-600x400.jpg 600w\" sizes=\"auto, (max-width: 900px) 100vw, 900px\" \/><img loading=\"lazy\" decoding=\"async\" class=\"aligncenter size-full wp-image-7195\" src=\"http:\/\/www.daniperezfotografia.es\/wordpress\/wp-content\/uploads\/2014\/05\/fotos-preboda-sesion-pareja-la-latina-madrid-05.jpg\" alt=\"fotos-preboda-sesion-pareja-la-latina-madrid\" width=\"900\" height=\"600\" srcset=\"https:\/\/www.daniperezfotografia.es\/wordpress\/wp-content\/uploads\/2014\/05\/fotos-preboda-sesion-pareja-la-latina-madrid-05.jpg 900w, https:\/\/www.daniperezfotografia.es\/wordpress\/wp-content\/uploads\/2014\/05\/fotos-preboda-sesion-pareja-la-latina-madrid-05-750x500.jpg 750w, https:\/\/www.daniperezfotografia.es\/wordpress\/wp-content\/uploads\/2014\/05\/fotos-preboda-sesion-pareja-la-latina-madrid-05-600x400.jpg 600w\" sizes=\"auto, (max-width: 900px) 100vw, 900px\" \/><img loading=\"lazy\" decoding=\"async\" class=\"aligncenter size-full wp-image-7196\" src=\"http:\/\/www.daniperezfotografia.es\/wordpress\/wp-content\/uploads\/2014\/05\/fotos-preboda-sesion-pareja-la-latina-madrid-07.jpg\" alt=\"fotos-preboda-sesion-pareja-la-latina-madrid\" width=\"900\" height=\"600\" srcset=\"https:\/\/www.daniperezfotografia.es\/wordpress\/wp-content\/uploads\/2014\/05\/fotos-preboda-sesion-pareja-la-latina-madrid-07.jpg 900w, https:\/\/www.daniperezfotografia.es\/wordpress\/wp-content\/uploads\/2014\/05\/fotos-preboda-sesion-pareja-la-latina-madrid-07-750x500.jpg 750w, https:\/\/www.daniperezfotografia.es\/wordpress\/wp-content\/uploads\/2014\/05\/fotos-preboda-sesion-pareja-la-latina-madrid-07-600x400.jpg 600w\" sizes=\"auto, (max-width: 900px) 100vw, 900px\" \/><img loading=\"lazy\" decoding=\"async\" class=\"aligncenter size-full wp-image-7198\" src=\"http:\/\/www.daniperezfotografia.es\/wordpress\/wp-content\/uploads\/2014\/05\/fotos-preboda-sesion-pareja-la-latina-madrid-06.jpg\" alt=\"fotos-preboda-sesion-pareja-la-latina-madrid\" width=\"900\" height=\"600\" srcset=\"https:\/\/www.daniperezfotografia.es\/wordpress\/wp-content\/uploads\/2014\/05\/fotos-preboda-sesion-pareja-la-latina-madrid-06.jpg 900w, https:\/\/www.daniperezfotografia.es\/wordpress\/wp-content\/uploads\/2014\/05\/fotos-preboda-sesion-pareja-la-latina-madrid-06-750x500.jpg 750w, https:\/\/www.daniperezfotografia.es\/wordpress\/wp-content\/uploads\/2014\/05\/fotos-preboda-sesion-pareja-la-latina-madrid-06-600x400.jpg 600w\" sizes=\"auto, (max-width: 900px) 100vw, 900px\" \/><img loading=\"lazy\" decoding=\"async\" class=\"aligncenter size-full wp-image-7199\" src=\"http:\/\/www.daniperezfotografia.es\/wordpress\/wp-content\/uploads\/2014\/05\/fotos-preboda-sesion-pareja-la-latina-madrid-09.jpg\" alt=\"fotos-preboda-sesion-pareja-la-latina-madrid\" width=\"900\" height=\"600\" srcset=\"https:\/\/www.daniperezfotografia.es\/wordpress\/wp-content\/uploads\/2014\/05\/fotos-preboda-sesion-pareja-la-latina-madrid-09.jpg 900w, https:\/\/www.daniperezfotografia.es\/wordpress\/wp-content\/uploads\/2014\/05\/fotos-preboda-sesion-pareja-la-latina-madrid-09-750x500.jpg 750w, https:\/\/www.daniperezfotografia.es\/wordpress\/wp-content\/uploads\/2014\/05\/fotos-preboda-sesion-pareja-la-latina-madrid-09-600x400.jpg 600w\" sizes=\"auto, (max-width: 900px) 100vw, 900px\" \/><img loading=\"lazy\" decoding=\"async\" class=\"aligncenter size-full wp-image-7201\" src=\"http:\/\/www.daniperezfotografia.es\/wordpress\/wp-content\/uploads\/2014\/05\/fotos-preboda-sesion-pareja-la-latina-madrid-12.jpg\" alt=\"fotos-preboda-sesion-pareja-la-latina-madrid\" width=\"900\" height=\"600\" srcset=\"https:\/\/www.daniperezfotografia.es\/wordpress\/wp-content\/uploads\/2014\/05\/fotos-preboda-sesion-pareja-la-latina-madrid-12.jpg 900w, https:\/\/www.daniperezfotografia.es\/wordpress\/wp-content\/uploads\/2014\/05\/fotos-preboda-sesion-pareja-la-latina-madrid-12-750x500.jpg 750w, https:\/\/www.daniperezfotografia.es\/wordpress\/wp-content\/uploads\/2014\/05\/fotos-preboda-sesion-pareja-la-latina-madrid-12-600x400.jpg 600w\" sizes=\"auto, (max-width: 900px) 100vw, 900px\" \/><img loading=\"lazy\" decoding=\"async\" class=\"aligncenter size-full wp-image-7203\" src=\"http:\/\/www.daniperezfotografia.es\/wordpress\/wp-content\/uploads\/2014\/05\/fotos-preboda-sesion-pareja-la-latina-madrid-13.jpg\" alt=\"fotos-preboda-sesion-pareja-la-latina-madrid\" width=\"900\" height=\"600\" srcset=\"https:\/\/www.daniperezfotografia.es\/wordpress\/wp-content\/uploads\/2014\/05\/fotos-preboda-sesion-pareja-la-latina-madrid-13.jpg 900w, https:\/\/www.daniperezfotografia.es\/wordpress\/wp-content\/uploads\/2014\/05\/fotos-preboda-sesion-pareja-la-latina-madrid-13-750x500.jpg 750w, https:\/\/www.daniperezfotografia.es\/wordpress\/wp-content\/uploads\/2014\/05\/fotos-preboda-sesion-pareja-la-latina-madrid-13-600x400.jpg 600w\" sizes=\"auto, (max-width: 900px) 100vw, 900px\" \/><\/p>\n<p style=\"text-align: center;\">Quieres\u00a0ver las imagenes de la boda de Sabrina y Paco, pincha\u00a0<a title=\"Boda de Sabrina + Paco en el Parador de Gredos\" href=\"http:\/\/www.daniperezfotografia.es\/wordpress\/bodas\/fotografo-de-boda-en-el-parador-de-gredos-avila-sabrina-paco\/\">aqui<\/a><\/p>\n","protected":false},"excerpt":{"rendered":"<p>Que hay mejor que pasear una tarde por Madrid, haciendo fotos por placer?\u00a0Encontrarte a un amigo que esta a punto de comenzar una sesi\u00f3n de preboda y que te invite a acompa\u00f1arlos. As\u00ed es como me cruce con Roberto Amor\u00f3s y conoc\u00ed a Sabrina y Paco. Nuestros chicos se lo pasaron en grande y disfrutaron [&hellip;]<\/p>\n","protected":false},"author":1,"featured_media":11265,"comment_status":"open","ping_status":"open","sticky":false,"template":"","format":"standard","meta":{"footnotes":""},"categories":[929],"tags":[969,747,844],"class_list":["post-7190","post","type-post","status-publish","format-standard","has-post-thumbnail","hentry","category-parejas","tag-madrid-centro","tag-sesion-de-pareja","tag-sesion-de-preboda"],"blocksy_meta":{"styles_descriptor":{"styles":{"desktop":"","tablet":"","mobile":""},"google_fonts":[],"version":6}},"yoast_head":"<!-- This site is optimized with the Yoast SEO plugin v27.4 - https:\/\/yoast.com\/product\/yoast-seo-wordpress\/ -->\n<title>Fotos pareja en el barrio de La Latina de Madrid<\/title>\n<meta name=\"description\" content=\"Sesion de fotos de pareja en Madrid. Preboda de Sabrina y Paco en Madrid\" \/>\n<meta name=\"robots\" content=\"index, follow, max-snippet:-1, max-image-preview:large, max-video-preview:-1\" \/>\n<link rel=\"canonical\" href=\"http:\/\/www.daniperezfotografia.es\/wordpress\/parejas\/sesion-de-pareja-en-la-latina-madrid-sabrinapaco\" \/>\n<meta property=\"og:locale\" content=\"es_ES\" \/>\n<meta property=\"og:type\" content=\"article\" \/>\n<meta property=\"og:title\" content=\"Fotos pareja en el barrio de La Latina de Madrid\" \/>\n<meta property=\"og:description\" content=\"Sesion de fotos de pareja en Madrid. Preboda de Sabrina y Paco en Madrid\" \/>\n<meta property=\"og:url\" content=\"http:\/\/www.daniperezfotografia.es\/wordpress\/parejas\/sesion-de-pareja-en-la-latina-madrid-sabrinapaco\" \/>\n<meta property=\"og:site_name\" content=\"Dani Perez Fotografia | Fotografo Profesional en Madrid\" \/>\n<meta property=\"article:publisher\" content=\"https:\/\/www.facebook.com\/daniperezfotografia\" \/>\n<meta property=\"article:author\" content=\"https:\/\/www.facebook.com\/daniperezfotografia\" \/>\n<meta property=\"article:published_time\" content=\"2014-05-27T06:58:32+00:00\" \/>\n<meta property=\"article:modified_time\" content=\"2023-04-24T18:54:04+00:00\" \/>\n<meta property=\"og:image\" content=\"http:\/\/www.daniperezfotografia.es\/wordpress\/wp-content\/uploads\/2014\/05\/sabrina-paco-preboda-urbana-centro-madrid-1100.jpg\" \/>\n\t<meta property=\"og:image:width\" content=\"1100\" \/>\n\t<meta property=\"og:image:height\" content=\"733\" \/>\n\t<meta property=\"og:image:type\" content=\"image\/jpeg\" \/>\n<meta name=\"author\" content=\"Dani\" \/>\n<meta name=\"twitter:card\" content=\"summary_large_image\" \/>\n<meta name=\"twitter:creator\" content=\"@daniperezfoto\" \/>\n<meta name=\"twitter:site\" content=\"@daniperezfoto\" \/>\n<meta name=\"twitter:label1\" content=\"Escrito por\" \/>\n\t<meta name=\"twitter:data1\" content=\"Dani\" \/>\n\t<meta name=\"twitter:label2\" content=\"Tiempo de lectura\" \/>\n\t<meta name=\"twitter:data2\" content=\"3 minutos\" \/>\n<script type=\"application\/ld+json\" class=\"yoast-schema-graph\">{\"@context\":\"https:\\\/\\\/schema.org\",\"@graph\":[{\"@type\":\"Article\",\"@id\":\"http:\\\/\\\/www.daniperezfotografia.es\\\/wordpress\\\/parejas\\\/sesion-de-pareja-en-la-latina-madrid-sabrinapaco#article\",\"isPartOf\":{\"@id\":\"http:\\\/\\\/www.daniperezfotografia.es\\\/wordpress\\\/parejas\\\/sesion-de-pareja-en-la-latina-madrid-sabrinapaco\"},\"author\":{\"name\":\"Dani\",\"@id\":\"https:\\\/\\\/www.daniperezfotografia.es\\\/wordpress\\\/#\\\/schema\\\/person\\\/e182c086037e8185dcc7e99e2c589a63\"},\"headline\":\"Preboda en el barrio de La Latina\",\"datePublished\":\"2014-05-27T06:58:32+00:00\",\"dateModified\":\"2023-04-24T18:54:04+00:00\",\"mainEntityOfPage\":{\"@id\":\"http:\\\/\\\/www.daniperezfotografia.es\\\/wordpress\\\/parejas\\\/sesion-de-pareja-en-la-latina-madrid-sabrinapaco\"},\"wordCount\":176,\"commentCount\":0,\"publisher\":{\"@id\":\"https:\\\/\\\/www.daniperezfotografia.es\\\/wordpress\\\/#organization\"},\"image\":{\"@id\":\"http:\\\/\\\/www.daniperezfotografia.es\\\/wordpress\\\/parejas\\\/sesion-de-pareja-en-la-latina-madrid-sabrinapaco#primaryimage\"},\"thumbnailUrl\":\"https:\\\/\\\/www.daniperezfotografia.es\\\/wordpress\\\/wp-content\\\/uploads\\\/2014\\\/05\\\/sabrina-paco-preboda-urbana-centro-madrid-1100.jpg\",\"keywords\":[\"madrid centro\",\"sesion de pareja\",\"Sesion de preboda\"],\"articleSection\":[\"Sesiones de fotos de Parejas en Madrid\"],\"inLanguage\":\"es\",\"potentialAction\":[{\"@type\":\"CommentAction\",\"name\":\"Comment\",\"target\":[\"http:\\\/\\\/www.daniperezfotografia.es\\\/wordpress\\\/parejas\\\/sesion-de-pareja-en-la-latina-madrid-sabrinapaco#respond\"]}]},{\"@type\":\"WebPage\",\"@id\":\"http:\\\/\\\/www.daniperezfotografia.es\\\/wordpress\\\/parejas\\\/sesion-de-pareja-en-la-latina-madrid-sabrinapaco\",\"url\":\"http:\\\/\\\/www.daniperezfotografia.es\\\/wordpress\\\/parejas\\\/sesion-de-pareja-en-la-latina-madrid-sabrinapaco\",\"name\":\"Fotos pareja en el barrio de La Latina de Madrid\",\"isPartOf\":{\"@id\":\"https:\\\/\\\/www.daniperezfotografia.es\\\/wordpress\\\/#website\"},\"primaryImageOfPage\":{\"@id\":\"http:\\\/\\\/www.daniperezfotografia.es\\\/wordpress\\\/parejas\\\/sesion-de-pareja-en-la-latina-madrid-sabrinapaco#primaryimage\"},\"image\":{\"@id\":\"http:\\\/\\\/www.daniperezfotografia.es\\\/wordpress\\\/parejas\\\/sesion-de-pareja-en-la-latina-madrid-sabrinapaco#primaryimage\"},\"thumbnailUrl\":\"https:\\\/\\\/www.daniperezfotografia.es\\\/wordpress\\\/wp-content\\\/uploads\\\/2014\\\/05\\\/sabrina-paco-preboda-urbana-centro-madrid-1100.jpg\",\"datePublished\":\"2014-05-27T06:58:32+00:00\",\"dateModified\":\"2023-04-24T18:54:04+00:00\",\"description\":\"Sesion de fotos de pareja en Madrid. Preboda de Sabrina y Paco en Madrid\",\"breadcrumb\":{\"@id\":\"http:\\\/\\\/www.daniperezfotografia.es\\\/wordpress\\\/parejas\\\/sesion-de-pareja-en-la-latina-madrid-sabrinapaco#breadcrumb\"},\"inLanguage\":\"es\",\"potentialAction\":[{\"@type\":\"ReadAction\",\"target\":[\"http:\\\/\\\/www.daniperezfotografia.es\\\/wordpress\\\/parejas\\\/sesion-de-pareja-en-la-latina-madrid-sabrinapaco\"]}]},{\"@type\":\"ImageObject\",\"inLanguage\":\"es\",\"@id\":\"http:\\\/\\\/www.daniperezfotografia.es\\\/wordpress\\\/parejas\\\/sesion-de-pareja-en-la-latina-madrid-sabrinapaco#primaryimage\",\"url\":\"https:\\\/\\\/www.daniperezfotografia.es\\\/wordpress\\\/wp-content\\\/uploads\\\/2014\\\/05\\\/sabrina-paco-preboda-urbana-centro-madrid-1100.jpg\",\"contentUrl\":\"https:\\\/\\\/www.daniperezfotografia.es\\\/wordpress\\\/wp-content\\\/uploads\\\/2014\\\/05\\\/sabrina-paco-preboda-urbana-centro-madrid-1100.jpg\",\"width\":1100,\"height\":733,\"caption\":\"sesion de preboda urbana en el centro de madrid\"},{\"@type\":\"BreadcrumbList\",\"@id\":\"http:\\\/\\\/www.daniperezfotografia.es\\\/wordpress\\\/parejas\\\/sesion-de-pareja-en-la-latina-madrid-sabrinapaco#breadcrumb\",\"itemListElement\":[{\"@type\":\"ListItem\",\"position\":1,\"name\":\"Portada\",\"item\":\"https:\\\/\\\/www.daniperezfotografia.es\\\/wordpress\\\/\"},{\"@type\":\"ListItem\",\"position\":2,\"name\":\"Preboda en el barrio de La Latina\"}]},{\"@type\":\"WebSite\",\"@id\":\"https:\\\/\\\/www.daniperezfotografia.es\\\/wordpress\\\/#website\",\"url\":\"https:\\\/\\\/www.daniperezfotografia.es\\\/wordpress\\\/\",\"name\":\"Dani Perez Fotografia | Fotografo Profesional en Madrid\",\"description\":\"Reportajes de bodas, bautizos, comuniones y sesiones de familia para particulares. Eventos, conferencias y retrato corporativo para empresas. Video de conferencias\",\"publisher\":{\"@id\":\"https:\\\/\\\/www.daniperezfotografia.es\\\/wordpress\\\/#organization\"},\"potentialAction\":[{\"@type\":\"SearchAction\",\"target\":{\"@type\":\"EntryPoint\",\"urlTemplate\":\"https:\\\/\\\/www.daniperezfotografia.es\\\/wordpress\\\/?s={search_term_string}\"},\"query-input\":{\"@type\":\"PropertyValueSpecification\",\"valueRequired\":true,\"valueName\":\"search_term_string\"}}],\"inLanguage\":\"es\"},{\"@type\":\"Organization\",\"@id\":\"https:\\\/\\\/www.daniperezfotografia.es\\\/wordpress\\\/#organization\",\"name\":\"Dani Perez Fotografia y Video\",\"url\":\"https:\\\/\\\/www.daniperezfotografia.es\\\/wordpress\\\/\",\"logo\":{\"@type\":\"ImageObject\",\"inLanguage\":\"es\",\"@id\":\"https:\\\/\\\/www.daniperezfotografia.es\\\/wordpress\\\/#\\\/schema\\\/logo\\\/image\\\/\",\"url\":\"\",\"contentUrl\":\"\",\"caption\":\"Dani Perez Fotografia y Video\"},\"image\":{\"@id\":\"https:\\\/\\\/www.daniperezfotografia.es\\\/wordpress\\\/#\\\/schema\\\/logo\\\/image\\\/\"},\"sameAs\":[\"https:\\\/\\\/www.facebook.com\\\/daniperezfotografia\",\"https:\\\/\\\/x.com\\\/daniperezfoto\",\"https:\\\/\\\/instagram.com\\\/daniperezfotografia\\\/\",\"https:\\\/\\\/www.linkedin.com\\\/pub\\\/dani-perez-fotografo\\\/b2\\\/3b0\\\/594\"]},{\"@type\":\"Person\",\"@id\":\"https:\\\/\\\/www.daniperezfotografia.es\\\/wordpress\\\/#\\\/schema\\\/person\\\/e182c086037e8185dcc7e99e2c589a63\",\"name\":\"Dani\",\"sameAs\":[\"http:\\\/\\\/www.daniperezfotografia.es\",\"https:\\\/\\\/www.facebook.com\\\/daniperezfotografia\",\"https:\\\/\\\/x.com\\\/daniperezfoto\"]}]}<\/script>\n<!-- \/ Yoast SEO plugin. -->","yoast_head_json":{"title":"Fotos pareja en el barrio de La Latina de Madrid","description":"Sesion de fotos de pareja en Madrid. Preboda de Sabrina y Paco en Madrid","robots":{"index":"index","follow":"follow","max-snippet":"max-snippet:-1","max-image-preview":"max-image-preview:large","max-video-preview":"max-video-preview:-1"},"canonical":"http:\/\/www.daniperezfotografia.es\/wordpress\/parejas\/sesion-de-pareja-en-la-latina-madrid-sabrinapaco","og_locale":"es_ES","og_type":"article","og_title":"Fotos pareja en el barrio de La Latina de Madrid","og_description":"Sesion de fotos de pareja en Madrid. Preboda de Sabrina y Paco en Madrid","og_url":"http:\/\/www.daniperezfotografia.es\/wordpress\/parejas\/sesion-de-pareja-en-la-latina-madrid-sabrinapaco","og_site_name":"Dani Perez Fotografia | Fotografo Profesional en Madrid","article_publisher":"https:\/\/www.facebook.com\/daniperezfotografia","article_author":"https:\/\/www.facebook.com\/daniperezfotografia","article_published_time":"2014-05-27T06:58:32+00:00","article_modified_time":"2023-04-24T18:54:04+00:00","og_image":[{"width":1100,"height":733,"url":"http:\/\/www.daniperezfotografia.es\/wordpress\/wp-content\/uploads\/2014\/05\/sabrina-paco-preboda-urbana-centro-madrid-1100.jpg","type":"image\/jpeg"}],"author":"Dani","twitter_card":"summary_large_image","twitter_creator":"@daniperezfoto","twitter_site":"@daniperezfoto","twitter_misc":{"Escrito por":"Dani","Tiempo de lectura":"3 minutos"},"schema":{"@context":"https:\/\/schema.org","@graph":[{"@type":"Article","@id":"http:\/\/www.daniperezfotografia.es\/wordpress\/parejas\/sesion-de-pareja-en-la-latina-madrid-sabrinapaco#article","isPartOf":{"@id":"http:\/\/www.daniperezfotografia.es\/wordpress\/parejas\/sesion-de-pareja-en-la-latina-madrid-sabrinapaco"},"author":{"name":"Dani","@id":"https:\/\/www.daniperezfotografia.es\/wordpress\/#\/schema\/person\/e182c086037e8185dcc7e99e2c589a63"},"headline":"Preboda en el barrio de La Latina","datePublished":"2014-05-27T06:58:32+00:00","dateModified":"2023-04-24T18:54:04+00:00","mainEntityOfPage":{"@id":"http:\/\/www.daniperezfotografia.es\/wordpress\/parejas\/sesion-de-pareja-en-la-latina-madrid-sabrinapaco"},"wordCount":176,"commentCount":0,"publisher":{"@id":"https:\/\/www.daniperezfotografia.es\/wordpress\/#organization"},"image":{"@id":"http:\/\/www.daniperezfotografia.es\/wordpress\/parejas\/sesion-de-pareja-en-la-latina-madrid-sabrinapaco#primaryimage"},"thumbnailUrl":"https:\/\/www.daniperezfotografia.es\/wordpress\/wp-content\/uploads\/2014\/05\/sabrina-paco-preboda-urbana-centro-madrid-1100.jpg","keywords":["madrid centro","sesion de pareja","Sesion de preboda"],"articleSection":["Sesiones de fotos de Parejas en Madrid"],"inLanguage":"es","potentialAction":[{"@type":"CommentAction","name":"Comment","target":["http:\/\/www.daniperezfotografia.es\/wordpress\/parejas\/sesion-de-pareja-en-la-latina-madrid-sabrinapaco#respond"]}]},{"@type":"WebPage","@id":"http:\/\/www.daniperezfotografia.es\/wordpress\/parejas\/sesion-de-pareja-en-la-latina-madrid-sabrinapaco","url":"http:\/\/www.daniperezfotografia.es\/wordpress\/parejas\/sesion-de-pareja-en-la-latina-madrid-sabrinapaco","name":"Fotos pareja en el barrio de La Latina de Madrid","isPartOf":{"@id":"https:\/\/www.daniperezfotografia.es\/wordpress\/#website"},"primaryImageOfPage":{"@id":"http:\/\/www.daniperezfotografia.es\/wordpress\/parejas\/sesion-de-pareja-en-la-latina-madrid-sabrinapaco#primaryimage"},"image":{"@id":"http:\/\/www.daniperezfotografia.es\/wordpress\/parejas\/sesion-de-pareja-en-la-latina-madrid-sabrinapaco#primaryimage"},"thumbnailUrl":"https:\/\/www.daniperezfotografia.es\/wordpress\/wp-content\/uploads\/2014\/05\/sabrina-paco-preboda-urbana-centro-madrid-1100.jpg","datePublished":"2014-05-27T06:58:32+00:00","dateModified":"2023-04-24T18:54:04+00:00","description":"Sesion de fotos de pareja en Madrid. Preboda de Sabrina y Paco en Madrid","breadcrumb":{"@id":"http:\/\/www.daniperezfotografia.es\/wordpress\/parejas\/sesion-de-pareja-en-la-latina-madrid-sabrinapaco#breadcrumb"},"inLanguage":"es","potentialAction":[{"@type":"ReadAction","target":["http:\/\/www.daniperezfotografia.es\/wordpress\/parejas\/sesion-de-pareja-en-la-latina-madrid-sabrinapaco"]}]},{"@type":"ImageObject","inLanguage":"es","@id":"http:\/\/www.daniperezfotografia.es\/wordpress\/parejas\/sesion-de-pareja-en-la-latina-madrid-sabrinapaco#primaryimage","url":"https:\/\/www.daniperezfotografia.es\/wordpress\/wp-content\/uploads\/2014\/05\/sabrina-paco-preboda-urbana-centro-madrid-1100.jpg","contentUrl":"https:\/\/www.daniperezfotografia.es\/wordpress\/wp-content\/uploads\/2014\/05\/sabrina-paco-preboda-urbana-centro-madrid-1100.jpg","width":1100,"height":733,"caption":"sesion de preboda urbana en el centro de madrid"},{"@type":"BreadcrumbList","@id":"http:\/\/www.daniperezfotografia.es\/wordpress\/parejas\/sesion-de-pareja-en-la-latina-madrid-sabrinapaco#breadcrumb","itemListElement":[{"@type":"ListItem","position":1,"name":"Portada","item":"https:\/\/www.daniperezfotografia.es\/wordpress\/"},{"@type":"ListItem","position":2,"name":"Preboda en el barrio de La Latina"}]},{"@type":"WebSite","@id":"https:\/\/www.daniperezfotografia.es\/wordpress\/#website","url":"https:\/\/www.daniperezfotografia.es\/wordpress\/","name":"Dani Perez Fotografia | Fotografo Profesional en Madrid","description":"Reportajes de bodas, bautizos, comuniones y sesiones de familia para particulares. Eventos, conferencias y retrato corporativo para empresas. Video de conferencias","publisher":{"@id":"https:\/\/www.daniperezfotografia.es\/wordpress\/#organization"},"potentialAction":[{"@type":"SearchAction","target":{"@type":"EntryPoint","urlTemplate":"https:\/\/www.daniperezfotografia.es\/wordpress\/?s={search_term_string}"},"query-input":{"@type":"PropertyValueSpecification","valueRequired":true,"valueName":"search_term_string"}}],"inLanguage":"es"},{"@type":"Organization","@id":"https:\/\/www.daniperezfotografia.es\/wordpress\/#organization","name":"Dani Perez Fotografia y Video","url":"https:\/\/www.daniperezfotografia.es\/wordpress\/","logo":{"@type":"ImageObject","inLanguage":"es","@id":"https:\/\/www.daniperezfotografia.es\/wordpress\/#\/schema\/logo\/image\/","url":"","contentUrl":"","caption":"Dani Perez Fotografia y Video"},"image":{"@id":"https:\/\/www.daniperezfotografia.es\/wordpress\/#\/schema\/logo\/image\/"},"sameAs":["https:\/\/www.facebook.com\/daniperezfotografia","https:\/\/x.com\/daniperezfoto","https:\/\/instagram.com\/daniperezfotografia\/","https:\/\/www.linkedin.com\/pub\/dani-perez-fotografo\/b2\/3b0\/594"]},{"@type":"Person","@id":"https:\/\/www.daniperezfotografia.es\/wordpress\/#\/schema\/person\/e182c086037e8185dcc7e99e2c589a63","name":"Dani","sameAs":["http:\/\/www.daniperezfotografia.es","https:\/\/www.facebook.com\/daniperezfotografia","https:\/\/x.com\/daniperezfoto"]}]}},"_links":{"self":[{"href":"https:\/\/www.daniperezfotografia.es\/wordpress\/wp-json\/wp\/v2\/posts\/7190","targetHints":{"allow":["GET"]}}],"collection":[{"href":"https:\/\/www.daniperezfotografia.es\/wordpress\/wp-json\/wp\/v2\/posts"}],"about":[{"href":"https:\/\/www.daniperezfotografia.es\/wordpress\/wp-json\/wp\/v2\/types\/post"}],"author":[{"embeddable":true,"href":"https:\/\/www.daniperezfotografia.es\/wordpress\/wp-json\/wp\/v2\/users\/1"}],"replies":[{"embeddable":true,"href":"https:\/\/www.daniperezfotografia.es\/wordpress\/wp-json\/wp\/v2\/comments?post=7190"}],"version-history":[{"count":3,"href":"https:\/\/www.daniperezfotografia.es\/wordpress\/wp-json\/wp\/v2\/posts\/7190\/revisions"}],"predecessor-version":[{"id":15011,"href":"https:\/\/www.daniperezfotografia.es\/wordpress\/wp-json\/wp\/v2\/posts\/7190\/revisions\/15011"}],"wp:featuredmedia":[{"embeddable":true,"href":"https:\/\/www.daniperezfotografia.es\/wordpress\/wp-json\/wp\/v2\/media\/11265"}],"wp:attachment":[{"href":"https:\/\/www.daniperezfotografia.es\/wordpress\/wp-json\/wp\/v2\/media?parent=7190"}],"wp:term":[{"taxonomy":"category","embeddable":true,"href":"https:\/\/www.daniperezfotografia.es\/wordpress\/wp-json\/wp\/v2\/categories?post=7190"},{"taxonomy":"post_tag","embeddable":true,"href":"https:\/\/www.daniperezfotografia.es\/wordpress\/wp-json\/wp\/v2\/tags?post=7190"}],"curies":[{"name":"wp","href":"https:\/\/api.w.org\/{rel}","templated":true}]}}