{"id":6663,"date":"2013-11-11T08:00:04","date_gmt":"2013-11-11T07:00:04","guid":{"rendered":"http:\/\/www.daniperezfotografia.es\/wordpress\/?p=6663"},"modified":"2020-05-18T14:43:23","modified_gmt":"2020-05-18T13:43:23","slug":"bautizo-de-marcos-en-la-parroquia-santisimo-redentor-de-madrid","status":"publish","type":"post","link":"https:\/\/www.daniperezfotografia.es\/wordpress\/fotos-de-bautizo\/bautizo-de-marcos-en-la-parroquia-santisimo-redentor-de-madrid","title":{"rendered":"Bautizo en la Parroquia Sant\u00edsimo Redentor"},"content":{"rendered":"<p><img loading=\"lazy\" decoding=\"async\" class=\"aligncenter wp-image-6879 size-full\" src=\"http:\/\/www.daniperezfotografia.es\/wordpress\/wp-content\/uploads\/2013\/10\/fotos-bautizo-parroquia-santisimo-redentor-madrid-daniperezfotografia-02.jpg\" alt=\"fotos de bautizo, fotografo de bautizos, fotos bautizo madrid, parroquia santisimo redentor\" width=\"900\" height=\"599\" srcset=\"https:\/\/www.daniperezfotografia.es\/wordpress\/wp-content\/uploads\/2013\/10\/fotos-bautizo-parroquia-santisimo-redentor-madrid-daniperezfotografia-02.jpg 900w, https:\/\/www.daniperezfotografia.es\/wordpress\/wp-content\/uploads\/2013\/10\/fotos-bautizo-parroquia-santisimo-redentor-madrid-daniperezfotografia-02-750x499.jpg 750w, https:\/\/www.daniperezfotografia.es\/wordpress\/wp-content\/uploads\/2013\/10\/fotos-bautizo-parroquia-santisimo-redentor-madrid-daniperezfotografia-02-280x186.jpg 280w, https:\/\/www.daniperezfotografia.es\/wordpress\/wp-content\/uploads\/2013\/10\/fotos-bautizo-parroquia-santisimo-redentor-madrid-daniperezfotografia-02-560x372.jpg 560w, https:\/\/www.daniperezfotografia.es\/wordpress\/wp-content\/uploads\/2013\/10\/fotos-bautizo-parroquia-santisimo-redentor-madrid-daniperezfotografia-02-286x190.jpg 286w, https:\/\/www.daniperezfotografia.es\/wordpress\/wp-content\/uploads\/2013\/10\/fotos-bautizo-parroquia-santisimo-redentor-madrid-daniperezfotografia-02-572x380.jpg 572w, https:\/\/www.daniperezfotografia.es\/wordpress\/wp-content\/uploads\/2013\/10\/fotos-bautizo-parroquia-santisimo-redentor-madrid-daniperezfotografia-02-273x182.jpg 273w, https:\/\/www.daniperezfotografia.es\/wordpress\/wp-content\/uploads\/2013\/10\/fotos-bautizo-parroquia-santisimo-redentor-madrid-daniperezfotografia-02-546x364.jpg 546w, https:\/\/www.daniperezfotografia.es\/wordpress\/wp-content\/uploads\/2013\/10\/fotos-bautizo-parroquia-santisimo-redentor-madrid-daniperezfotografia-02-598x398.jpg 598w\" sizes=\"auto, (max-width: 900px) 100vw, 900px\" \/><\/p>\n<p>Las <strong>fotos de bautizo<\/strong> comienzan en vuestra propia casa, con una peque\u00f1a <strong>sesi\u00f3n de fotos de familia<\/strong>, para que teng\u00e1is un bonito recuerdo de los momentos de los preparativos de vuestro hijo. Intento captar <strong>momentos naturales<\/strong> y expresiones espont\u00e1neas de los padres mientras visten al peque y de los familiares y amigos que os acompa\u00f1an. A la par se realizan fotos de familia m\u00e1s preparadas, buscando la mejor luz de vuestra casa, una simple ventana para hacer <strong>fotos con luz natural<\/strong> y un fondo lo mas despejado posible, hacen de vuestra casa un autentico estudio de fotograf\u00eda. Podemos aprovechar antes de salir hacia la iglesia, para hacer alguna <strong>divertidas fotos de familia<\/strong>,\u00a0deb\u00e9is confiar en mi para elegir el lugar ideal donde hacer estas fotos, el resto es muy f\u00e1cil, tan solo ten\u00e9is que disfrutar de estar todos juntos celebrando un d\u00eda en familia.<\/p>\n<p>Despu\u00e9s en la iglesia o el lugar elegido por vosotros para a <strong>ceremonia del bautismo<\/strong>, se trabaja un estilo de <strong>fotograf\u00eda documental<\/strong>, sin intervenir en lo que sucede, captando los momentos tradicionales del bautizo y estando atento a todo lo que sucede entre vosotros vuestro familiares y amigos, un gesto, una mirada, los juegos de los mas peque\u00f1os, siempre dan lugar a bonitas im\u00e1genes que querr\u00e9is tener como recuerdo del d\u00eda del bautizo.<\/p>\n<p>Finalizada la ceremonia y para que pod\u00e1is tener un recuerdo de todos vuestros invitados,\u00a0podemos hacer mas <strong>fotos de grupos<\/strong> peque\u00f1os o fotos de la familia unida;\u00a0de nuevo os invito a que confi\u00e9is en mi criterio profesional para elegir el mejor lugar para ello, lo cual siempre viene determinado por encontrar la mejor luz natural disponible.<\/p>\n<p>Las <strong>fotos de bautizo<\/strong> de Marcos\u00a0se realizaron en la\u00a0<strong>Parroquia del Sant\u00edsimo Redentor en Madrid<\/strong>, una bonita parroquia pr\u00f3xima a la Plaza de Castilla.<\/p>\n<p><img loading=\"lazy\" decoding=\"async\" class=\"aligncenter wp-image-6880 size-full\" src=\"http:\/\/www.daniperezfotografia.es\/wordpress\/wp-content\/uploads\/2013\/10\/fotos-bautizo-parroquia-santisimo-redentor-madrid-daniperezfotografia-01.jpg\" alt=\"fotos de bautizo, fotografo de bautizos, fotos bautizo madrid, parroquia santisimo redentor\" width=\"900\" height=\"599\" srcset=\"https:\/\/www.daniperezfotografia.es\/wordpress\/wp-content\/uploads\/2013\/10\/fotos-bautizo-parroquia-santisimo-redentor-madrid-daniperezfotografia-01.jpg 900w, https:\/\/www.daniperezfotografia.es\/wordpress\/wp-content\/uploads\/2013\/10\/fotos-bautizo-parroquia-santisimo-redentor-madrid-daniperezfotografia-01-750x499.jpg 750w\" sizes=\"auto, (max-width: 900px) 100vw, 900px\" \/><img loading=\"lazy\" decoding=\"async\" class=\"aligncenter wp-image-6881 size-full\" src=\"http:\/\/www.daniperezfotografia.es\/wordpress\/wp-content\/uploads\/2013\/10\/fotos-bautizo-parroquia-santisimo-redentor-madrid-daniperezfotografia-03.jpg\" alt=\"fotos de bautizo, fotografo de bautizos, fotos bautizo madrid, parroquia santisimo redentor\" width=\"900\" height=\"599\" srcset=\"https:\/\/www.daniperezfotografia.es\/wordpress\/wp-content\/uploads\/2013\/10\/fotos-bautizo-parroquia-santisimo-redentor-madrid-daniperezfotografia-03.jpg 900w, https:\/\/www.daniperezfotografia.es\/wordpress\/wp-content\/uploads\/2013\/10\/fotos-bautizo-parroquia-santisimo-redentor-madrid-daniperezfotografia-03-750x499.jpg 750w\" sizes=\"auto, (max-width: 900px) 100vw, 900px\" \/><img loading=\"lazy\" decoding=\"async\" class=\"aligncenter wp-image-6882 size-full\" src=\"http:\/\/www.daniperezfotografia.es\/wordpress\/wp-content\/uploads\/2013\/10\/fotos-bautizo-parroquia-santisimo-redentor-madrid-daniperezfotografia-04.jpg\" alt=\"fotos de bautizo, fotografo de bautizos, fotos bautizo madrid, parroquia santisimo redentor\" width=\"900\" height=\"599\" srcset=\"https:\/\/www.daniperezfotografia.es\/wordpress\/wp-content\/uploads\/2013\/10\/fotos-bautizo-parroquia-santisimo-redentor-madrid-daniperezfotografia-04.jpg 900w, https:\/\/www.daniperezfotografia.es\/wordpress\/wp-content\/uploads\/2013\/10\/fotos-bautizo-parroquia-santisimo-redentor-madrid-daniperezfotografia-04-750x499.jpg 750w\" sizes=\"auto, (max-width: 900px) 100vw, 900px\" \/><img loading=\"lazy\" decoding=\"async\" class=\"aligncenter wp-image-6883 size-full\" src=\"http:\/\/www.daniperezfotografia.es\/wordpress\/wp-content\/uploads\/2013\/10\/fotos-bautizo-parroquia-santisimo-redentor-madrid-daniperezfotografia-05.jpg\" alt=\"fotos de bautizo, fotografo de bautizos, fotos bautizo madrid, parroquia santisimo redentor\" width=\"900\" height=\"599\" srcset=\"https:\/\/www.daniperezfotografia.es\/wordpress\/wp-content\/uploads\/2013\/10\/fotos-bautizo-parroquia-santisimo-redentor-madrid-daniperezfotografia-05.jpg 900w, https:\/\/www.daniperezfotografia.es\/wordpress\/wp-content\/uploads\/2013\/10\/fotos-bautizo-parroquia-santisimo-redentor-madrid-daniperezfotografia-05-750x499.jpg 750w\" sizes=\"auto, (max-width: 900px) 100vw, 900px\" \/><img loading=\"lazy\" decoding=\"async\" class=\"aligncenter wp-image-6884 size-full\" src=\"http:\/\/www.daniperezfotografia.es\/wordpress\/wp-content\/uploads\/2013\/10\/fotos-bautizo-parroquia-santisimo-redentor-madrid-daniperezfotografia-06.jpg\" alt=\"fotos de bautizo, fotografo de bautizos, fotos bautizo madrid, parroquia santisimo redentor\" width=\"900\" height=\"599\" srcset=\"https:\/\/www.daniperezfotografia.es\/wordpress\/wp-content\/uploads\/2013\/10\/fotos-bautizo-parroquia-santisimo-redentor-madrid-daniperezfotografia-06.jpg 900w, https:\/\/www.daniperezfotografia.es\/wordpress\/wp-content\/uploads\/2013\/10\/fotos-bautizo-parroquia-santisimo-redentor-madrid-daniperezfotografia-06-750x499.jpg 750w, https:\/\/www.daniperezfotografia.es\/wordpress\/wp-content\/uploads\/2013\/10\/fotos-bautizo-parroquia-santisimo-redentor-madrid-daniperezfotografia-06-273x182.jpg 273w, https:\/\/www.daniperezfotografia.es\/wordpress\/wp-content\/uploads\/2013\/10\/fotos-bautizo-parroquia-santisimo-redentor-madrid-daniperezfotografia-06-546x364.jpg 546w, https:\/\/www.daniperezfotografia.es\/wordpress\/wp-content\/uploads\/2013\/10\/fotos-bautizo-parroquia-santisimo-redentor-madrid-daniperezfotografia-06-598x398.jpg 598w, https:\/\/www.daniperezfotografia.es\/wordpress\/wp-content\/uploads\/2013\/10\/fotos-bautizo-parroquia-santisimo-redentor-madrid-daniperezfotografia-06-200x133.jpg 200w, https:\/\/www.daniperezfotografia.es\/wordpress\/wp-content\/uploads\/2013\/10\/fotos-bautizo-parroquia-santisimo-redentor-madrid-daniperezfotografia-06-400x266.jpg 400w, https:\/\/www.daniperezfotografia.es\/wordpress\/wp-content\/uploads\/2013\/10\/fotos-bautizo-parroquia-santisimo-redentor-madrid-daniperezfotografia-06-736x490.jpg 736w, https:\/\/www.daniperezfotografia.es\/wordpress\/wp-content\/uploads\/2013\/10\/fotos-bautizo-parroquia-santisimo-redentor-madrid-daniperezfotografia-06-286x190.jpg 286w, https:\/\/www.daniperezfotografia.es\/wordpress\/wp-content\/uploads\/2013\/10\/fotos-bautizo-parroquia-santisimo-redentor-madrid-daniperezfotografia-06-572x380.jpg 572w\" sizes=\"auto, (max-width: 900px) 100vw, 900px\" \/><img loading=\"lazy\" decoding=\"async\" class=\"aligncenter wp-image-6885 size-full\" src=\"http:\/\/www.daniperezfotografia.es\/wordpress\/wp-content\/uploads\/2013\/10\/fotos-bautizo-parroquia-santisimo-redentor-madrid-daniperezfotografia-07.jpg\" alt=\"fotos de bautizo, fotografo de bautizos, fotos bautizo madrid, parroquia santisimo redentor\" width=\"900\" height=\"599\" srcset=\"https:\/\/www.daniperezfotografia.es\/wordpress\/wp-content\/uploads\/2013\/10\/fotos-bautizo-parroquia-santisimo-redentor-madrid-daniperezfotografia-07.jpg 900w, https:\/\/www.daniperezfotografia.es\/wordpress\/wp-content\/uploads\/2013\/10\/fotos-bautizo-parroquia-santisimo-redentor-madrid-daniperezfotografia-07-750x499.jpg 750w\" sizes=\"auto, (max-width: 900px) 100vw, 900px\" \/><img loading=\"lazy\" decoding=\"async\" class=\"aligncenter wp-image-6886 size-full\" src=\"http:\/\/www.daniperezfotografia.es\/wordpress\/wp-content\/uploads\/2013\/10\/fotos-bautizo-parroquia-santisimo-redentor-madrid-daniperezfotografia-08.jpg\" alt=\"fotos de bautizo, fotografo de bautizos, fotos bautizo madrid, parroquia santisimo redentor\" width=\"900\" height=\"599\" srcset=\"https:\/\/www.daniperezfotografia.es\/wordpress\/wp-content\/uploads\/2013\/10\/fotos-bautizo-parroquia-santisimo-redentor-madrid-daniperezfotografia-08.jpg 900w, https:\/\/www.daniperezfotografia.es\/wordpress\/wp-content\/uploads\/2013\/10\/fotos-bautizo-parroquia-santisimo-redentor-madrid-daniperezfotografia-08-750x499.jpg 750w\" sizes=\"auto, (max-width: 900px) 100vw, 900px\" \/><img loading=\"lazy\" decoding=\"async\" class=\"aligncenter wp-image-6887 size-full\" src=\"http:\/\/www.daniperezfotografia.es\/wordpress\/wp-content\/uploads\/2013\/10\/fotos-bautizo-parroquia-santisimo-redentor-madrid-daniperezfotografia-09.jpg\" alt=\"fotos de bautizo, fotografo de bautizos, fotos bautizo madrid, parroquia santisimo redentor\" width=\"900\" height=\"599\" srcset=\"https:\/\/www.daniperezfotografia.es\/wordpress\/wp-content\/uploads\/2013\/10\/fotos-bautizo-parroquia-santisimo-redentor-madrid-daniperezfotografia-09.jpg 900w, https:\/\/www.daniperezfotografia.es\/wordpress\/wp-content\/uploads\/2013\/10\/fotos-bautizo-parroquia-santisimo-redentor-madrid-daniperezfotografia-09-750x499.jpg 750w\" sizes=\"auto, (max-width: 900px) 100vw, 900px\" \/><img loading=\"lazy\" decoding=\"async\" class=\"aligncenter wp-image-6889 size-full\" src=\"http:\/\/www.daniperezfotografia.es\/wordpress\/wp-content\/uploads\/2013\/10\/fotos-bautizo-parroquia-santisimo-redentor-madrid-daniperezfotografia-10.jpg\" alt=\"fotos de bautizo, fotografo de bautizos, fotos bautizo madrid, parroquia santisimo redentor\" width=\"900\" height=\"599\" srcset=\"https:\/\/www.daniperezfotografia.es\/wordpress\/wp-content\/uploads\/2013\/10\/fotos-bautizo-parroquia-santisimo-redentor-madrid-daniperezfotografia-10.jpg 900w, https:\/\/www.daniperezfotografia.es\/wordpress\/wp-content\/uploads\/2013\/10\/fotos-bautizo-parroquia-santisimo-redentor-madrid-daniperezfotografia-10-750x499.jpg 750w\" sizes=\"auto, (max-width: 900px) 100vw, 900px\" \/><img loading=\"lazy\" decoding=\"async\" class=\"aligncenter wp-image-6890 size-full\" src=\"http:\/\/www.daniperezfotografia.es\/wordpress\/wp-content\/uploads\/2013\/10\/fotos-bautizo-parroquia-santisimo-redentor-madrid-daniperezfotografia-11.jpg\" alt=\"fotos de bautizo, fotografo de bautizos, fotos bautizo madrid, parroquia santisimo redentor\" width=\"900\" height=\"599\" srcset=\"https:\/\/www.daniperezfotografia.es\/wordpress\/wp-content\/uploads\/2013\/10\/fotos-bautizo-parroquia-santisimo-redentor-madrid-daniperezfotografia-11.jpg 900w, https:\/\/www.daniperezfotografia.es\/wordpress\/wp-content\/uploads\/2013\/10\/fotos-bautizo-parroquia-santisimo-redentor-madrid-daniperezfotografia-11-750x499.jpg 750w\" sizes=\"auto, (max-width: 900px) 100vw, 900px\" \/><img loading=\"lazy\" decoding=\"async\" class=\"aligncenter wp-image-6892 size-full\" src=\"http:\/\/www.daniperezfotografia.es\/wordpress\/wp-content\/uploads\/2013\/10\/fotos-bautizo-parroquia-santisimo-redentor-madrid-daniperezfotografia-13.jpg\" alt=\"fotos de bautizo, fotografo de bautizos, fotos bautizo madrid, parroquia santisimo redentor\" width=\"900\" height=\"599\" srcset=\"https:\/\/www.daniperezfotografia.es\/wordpress\/wp-content\/uploads\/2013\/10\/fotos-bautizo-parroquia-santisimo-redentor-madrid-daniperezfotografia-13.jpg 900w, https:\/\/www.daniperezfotografia.es\/wordpress\/wp-content\/uploads\/2013\/10\/fotos-bautizo-parroquia-santisimo-redentor-madrid-daniperezfotografia-13-750x499.jpg 750w\" sizes=\"auto, (max-width: 900px) 100vw, 900px\" \/><img loading=\"lazy\" decoding=\"async\" class=\"aligncenter wp-image-6891 size-full\" src=\"http:\/\/www.daniperezfotografia.es\/wordpress\/wp-content\/uploads\/2013\/10\/fotos-bautizo-parroquia-santisimo-redentor-madrid-daniperezfotografia-12.jpg\" alt=\"fotos de bautizo, fotografo de bautizos, fotos bautizo madrid, parroquia santisimo redentor\" width=\"900\" height=\"599\" srcset=\"https:\/\/www.daniperezfotografia.es\/wordpress\/wp-content\/uploads\/2013\/10\/fotos-bautizo-parroquia-santisimo-redentor-madrid-daniperezfotografia-12.jpg 900w, https:\/\/www.daniperezfotografia.es\/wordpress\/wp-content\/uploads\/2013\/10\/fotos-bautizo-parroquia-santisimo-redentor-madrid-daniperezfotografia-12-750x499.jpg 750w\" sizes=\"auto, (max-width: 900px) 100vw, 900px\" \/><img loading=\"lazy\" decoding=\"async\" class=\"aligncenter wp-image-6893 size-full\" src=\"http:\/\/www.daniperezfotografia.es\/wordpress\/wp-content\/uploads\/2013\/10\/fotos-bautizo-parroquia-santisimo-redentor-madrid-daniperezfotografia-14.jpg\" alt=\"fotos de bautizo, fotografo de bautizos, fotos bautizo madrid, parroquia santisimo redentor\" width=\"900\" height=\"599\" srcset=\"https:\/\/www.daniperezfotografia.es\/wordpress\/wp-content\/uploads\/2013\/10\/fotos-bautizo-parroquia-santisimo-redentor-madrid-daniperezfotografia-14.jpg 900w, https:\/\/www.daniperezfotografia.es\/wordpress\/wp-content\/uploads\/2013\/10\/fotos-bautizo-parroquia-santisimo-redentor-madrid-daniperezfotografia-14-750x499.jpg 750w\" sizes=\"auto, (max-width: 900px) 100vw, 900px\" \/><img loading=\"lazy\" decoding=\"async\" class=\"aligncenter wp-image-6894 size-full\" src=\"http:\/\/www.daniperezfotografia.es\/wordpress\/wp-content\/uploads\/2013\/10\/fotos-bautizo-parroquia-santisimo-redentor-madrid-daniperezfotografia-15.jpg\" alt=\"fotos de bautizo, fotografo de bautizos, fotos bautizo madrid, parroquia santisimo redentor\" width=\"900\" height=\"600\" srcset=\"https:\/\/www.daniperezfotografia.es\/wordpress\/wp-content\/uploads\/2013\/10\/fotos-bautizo-parroquia-santisimo-redentor-madrid-daniperezfotografia-15.jpg 900w, https:\/\/www.daniperezfotografia.es\/wordpress\/wp-content\/uploads\/2013\/10\/fotos-bautizo-parroquia-santisimo-redentor-madrid-daniperezfotografia-15-750x500.jpg 750w\" sizes=\"auto, (max-width: 900px) 100vw, 900px\" \/><img loading=\"lazy\" decoding=\"async\" class=\"aligncenter wp-image-6895 size-full\" src=\"http:\/\/www.daniperezfotografia.es\/wordpress\/wp-content\/uploads\/2013\/10\/fotos-bautizo-parroquia-santisimo-redentor-madrid-daniperezfotografia-17.jpg\" alt=\"fotos de bautizo, fotografo de bautizos, fotos bautizo madrid, parroquia santisimo redentor\" width=\"900\" height=\"600\" srcset=\"https:\/\/www.daniperezfotografia.es\/wordpress\/wp-content\/uploads\/2013\/10\/fotos-bautizo-parroquia-santisimo-redentor-madrid-daniperezfotografia-17.jpg 900w, https:\/\/www.daniperezfotografia.es\/wordpress\/wp-content\/uploads\/2013\/10\/fotos-bautizo-parroquia-santisimo-redentor-madrid-daniperezfotografia-17-750x500.jpg 750w\" sizes=\"auto, (max-width: 900px) 100vw, 900px\" \/><img loading=\"lazy\" decoding=\"async\" class=\"aligncenter wp-image-6896 size-full\" src=\"http:\/\/www.daniperezfotografia.es\/wordpress\/wp-content\/uploads\/2013\/10\/fotos-bautizo-parroquia-santisimo-redentor-madrid-daniperezfotografia-18.jpg\" alt=\"fotos de bautizo, fotografo de bautizos, fotos bautizo madrid, parroquia santisimo redentor, fotos de familia\" width=\"900\" height=\"599\" srcset=\"https:\/\/www.daniperezfotografia.es\/wordpress\/wp-content\/uploads\/2013\/10\/fotos-bautizo-parroquia-santisimo-redentor-madrid-daniperezfotografia-18.jpg 900w, https:\/\/www.daniperezfotografia.es\/wordpress\/wp-content\/uploads\/2013\/10\/fotos-bautizo-parroquia-santisimo-redentor-madrid-daniperezfotografia-18-750x499.jpg 750w\" sizes=\"auto, (max-width: 900px) 100vw, 900px\" \/><img loading=\"lazy\" decoding=\"async\" class=\"aligncenter wp-image-6897 size-full\" src=\"http:\/\/www.daniperezfotografia.es\/wordpress\/wp-content\/uploads\/2013\/10\/fotos-bautizo-parroquia-santisimo-redentor-madrid-daniperezfotografia-19.jpg\" alt=\"fotos de bautizo, fotografo de bautizos, fotos bautizo madrid, parroquia santisimo redentor, fotos de familia\" width=\"900\" height=\"599\" srcset=\"https:\/\/www.daniperezfotografia.es\/wordpress\/wp-content\/uploads\/2013\/10\/fotos-bautizo-parroquia-santisimo-redentor-madrid-daniperezfotografia-19.jpg 900w, https:\/\/www.daniperezfotografia.es\/wordpress\/wp-content\/uploads\/2013\/10\/fotos-bautizo-parroquia-santisimo-redentor-madrid-daniperezfotografia-19-750x499.jpg 750w\" sizes=\"auto, (max-width: 900px) 100vw, 900px\" \/><img loading=\"lazy\" decoding=\"async\" class=\"aligncenter wp-image-6898 size-full\" src=\"http:\/\/www.daniperezfotografia.es\/wordpress\/wp-content\/uploads\/2013\/10\/fotos-bautizo-parroquia-santisimo-redentor-madrid-daniperezfotografia-20.jpg\" alt=\"fotos de bautizo, fotografo de bautizos, fotos bautizo madrid, parroquia santisimo redentor, fotos de familia\" width=\"900\" height=\"599\" srcset=\"https:\/\/www.daniperezfotografia.es\/wordpress\/wp-content\/uploads\/2013\/10\/fotos-bautizo-parroquia-santisimo-redentor-madrid-daniperezfotografia-20.jpg 900w, https:\/\/www.daniperezfotografia.es\/wordpress\/wp-content\/uploads\/2013\/10\/fotos-bautizo-parroquia-santisimo-redentor-madrid-daniperezfotografia-20-750x499.jpg 750w\" sizes=\"auto, (max-width: 900px) 100vw, 900px\" \/><img loading=\"lazy\" decoding=\"async\" class=\"aligncenter wp-image-6899 size-full\" src=\"http:\/\/www.daniperezfotografia.es\/wordpress\/wp-content\/uploads\/2013\/10\/fotos-bautizo-parroquia-santisimo-redentor-madrid-daniperezfotografia-21.jpg\" alt=\"fotos de bautizo, fotografo de bautizos, fotos bautizo madrid, parroquia santisimo redentor, fotos de familia\" width=\"900\" height=\"599\" srcset=\"https:\/\/www.daniperezfotografia.es\/wordpress\/wp-content\/uploads\/2013\/10\/fotos-bautizo-parroquia-santisimo-redentor-madrid-daniperezfotografia-21.jpg 900w, https:\/\/www.daniperezfotografia.es\/wordpress\/wp-content\/uploads\/2013\/10\/fotos-bautizo-parroquia-santisimo-redentor-madrid-daniperezfotografia-21-750x499.jpg 750w\" sizes=\"auto, (max-width: 900px) 100vw, 900px\" \/><img loading=\"lazy\" decoding=\"async\" class=\"aligncenter wp-image-6901 size-full\" src=\"http:\/\/www.daniperezfotografia.es\/wordpress\/wp-content\/uploads\/2013\/10\/fotos-bautizo-parroquia-santisimo-redentor-madrid-daniperezfotografia-24.jpg\" alt=\"fotos de bautizo, fotografo de bautizos, fotos bautizo madrid, parroquia santisimo redentor, fotos de familia\" width=\"900\" height=\"600\" srcset=\"https:\/\/www.daniperezfotografia.es\/wordpress\/wp-content\/uploads\/2013\/10\/fotos-bautizo-parroquia-santisimo-redentor-madrid-daniperezfotografia-24.jpg 900w, https:\/\/www.daniperezfotografia.es\/wordpress\/wp-content\/uploads\/2013\/10\/fotos-bautizo-parroquia-santisimo-redentor-madrid-daniperezfotografia-24-750x500.jpg 750w\" sizes=\"auto, (max-width: 900px) 100vw, 900px\" \/><img loading=\"lazy\" decoding=\"async\" class=\"aligncenter wp-image-6902 size-full\" src=\"http:\/\/www.daniperezfotografia.es\/wordpress\/wp-content\/uploads\/2013\/10\/fotos-bautizo-parroquia-santisimo-redentor-madrid-daniperezfotografia-25.jpg\" alt=\"fotos de bautizo, fotografo de bautizos, fotos bautizo madrid, parroquia santisimo redentor, fotos de familia\" width=\"900\" height=\"478\" srcset=\"https:\/\/www.daniperezfotografia.es\/wordpress\/wp-content\/uploads\/2013\/10\/fotos-bautizo-parroquia-santisimo-redentor-madrid-daniperezfotografia-25.jpg 900w, https:\/\/www.daniperezfotografia.es\/wordpress\/wp-content\/uploads\/2013\/10\/fotos-bautizo-parroquia-santisimo-redentor-madrid-daniperezfotografia-25-750x398.jpg 750w\" sizes=\"auto, (max-width: 900px) 100vw, 900px\" \/><img loading=\"lazy\" decoding=\"async\" class=\"aligncenter wp-image-6903 size-full\" src=\"http:\/\/www.daniperezfotografia.es\/wordpress\/wp-content\/uploads\/2013\/10\/fotos-bautizo-parroquia-santisimo-redentor-madrid-daniperezfotografia-26.jpg\" alt=\"fotos de bautizo, fotografo de bautizos, fotos bautizo madrid, parroquia santisimo redentor\" width=\"900\" height=\"599\" srcset=\"https:\/\/www.daniperezfotografia.es\/wordpress\/wp-content\/uploads\/2013\/10\/fotos-bautizo-parroquia-santisimo-redentor-madrid-daniperezfotografia-26.jpg 900w, https:\/\/www.daniperezfotografia.es\/wordpress\/wp-content\/uploads\/2013\/10\/fotos-bautizo-parroquia-santisimo-redentor-madrid-daniperezfotografia-26-750x499.jpg 750w\" sizes=\"auto, (max-width: 900px) 100vw, 900px\" \/><img loading=\"lazy\" decoding=\"async\" class=\"aligncenter wp-image-6904 size-full\" src=\"http:\/\/www.daniperezfotografia.es\/wordpress\/wp-content\/uploads\/2013\/10\/fotos-bautizo-parroquia-santisimo-redentor-madrid-daniperezfotografia-27.jpg\" alt=\"fotos de bautizo, fotografo de bautizos, fotos bautizo madrid, parroquia santisimo redentor\" width=\"900\" height=\"599\" srcset=\"https:\/\/www.daniperezfotografia.es\/wordpress\/wp-content\/uploads\/2013\/10\/fotos-bautizo-parroquia-santisimo-redentor-madrid-daniperezfotografia-27.jpg 900w, https:\/\/www.daniperezfotografia.es\/wordpress\/wp-content\/uploads\/2013\/10\/fotos-bautizo-parroquia-santisimo-redentor-madrid-daniperezfotografia-27-750x499.jpg 750w\" sizes=\"auto, (max-width: 900px) 100vw, 900px\" \/><\/p>\n<p style=\"text-align: center;\">Trabajo impreso en papel natural de algod\u00f3n, mas conocido como FineArt<\/p>\n<p style=\"text-align: center;\"><img loading=\"lazy\" decoding=\"async\" class=\"aligncenter size-full wp-image-9008\" src=\"http:\/\/www.daniperezfotografia.es\/wordpress\/wp-content\/uploads\/2015\/04\/30-8829-post\/fotos-impresas-papel-fine-art-algodon-natural-0010.jpg\" alt=\"foto impresa en papel natural de algodon fineart\" width=\"900\" height=\"600\" srcset=\"https:\/\/www.daniperezfotografia.es\/wordpress\/wp-content\/uploads\/2015\/04\/30-8829-post\/fotos-impresas-papel-fine-art-algodon-natural-0010.jpg 900w, https:\/\/www.daniperezfotografia.es\/wordpress\/wp-content\/uploads\/2015\/04\/30-8829-post\/fotos-impresas-papel-fine-art-algodon-natural-0010-750x500.jpg 750w\" sizes=\"auto, (max-width: 900px) 100vw, 900px\" \/><img loading=\"lazy\" decoding=\"async\" class=\"aligncenter size-full wp-image-9013\" src=\"http:\/\/www.daniperezfotografia.es\/wordpress\/wp-content\/uploads\/2013\/11\/30-6663-post\/fotos-impresas-papel-fine-art-algodon-natural-0024.jpg\" alt=\"foto impresa en papel natural de algodon fineart\" width=\"900\" height=\"900\" srcset=\"https:\/\/www.daniperezfotografia.es\/wordpress\/wp-content\/uploads\/2013\/11\/30-6663-post\/fotos-impresas-papel-fine-art-algodon-natural-0024.jpg 900w, https:\/\/www.daniperezfotografia.es\/wordpress\/wp-content\/uploads\/2013\/11\/30-6663-post\/fotos-impresas-papel-fine-art-algodon-natural-0024-150x150.jpg 150w, https:\/\/www.daniperezfotografia.es\/wordpress\/wp-content\/uploads\/2013\/11\/30-6663-post\/fotos-impresas-papel-fine-art-algodon-natural-0024-750x750.jpg 750w\" sizes=\"auto, (max-width: 900px) 100vw, 900px\" \/><img loading=\"lazy\" decoding=\"async\" class=\"aligncenter size-full wp-image-9014\" src=\"http:\/\/www.daniperezfotografia.es\/wordpress\/wp-content\/uploads\/2013\/11\/30-6663-post\/fotos-impresas-papel-fine-art-algodon-natural-0027.jpg\" alt=\"foto impresa en papel natural de algodon fineart\" width=\"900\" height=\"900\" srcset=\"https:\/\/www.daniperezfotografia.es\/wordpress\/wp-content\/uploads\/2013\/11\/30-6663-post\/fotos-impresas-papel-fine-art-algodon-natural-0027.jpg 900w, https:\/\/www.daniperezfotografia.es\/wordpress\/wp-content\/uploads\/2013\/11\/30-6663-post\/fotos-impresas-papel-fine-art-algodon-natural-0027-150x150.jpg 150w, https:\/\/www.daniperezfotografia.es\/wordpress\/wp-content\/uploads\/2013\/11\/30-6663-post\/fotos-impresas-papel-fine-art-algodon-natural-0027-750x750.jpg 750w\" sizes=\"auto, (max-width: 900px) 100vw, 900px\" \/><\/p>\n","protected":false},"excerpt":{"rendered":"<p>Fotos de bautizo decorado con globos de colores en la Parroquia del Sant\u00edsimo Redentor<\/p>\n","protected":false},"author":1,"featured_media":11185,"comment_status":"closed","ping_status":"closed","sticky":false,"template":"","format":"standard","meta":{"footnotes":""},"categories":[668],"tags":[631,726],"class_list":["post-6663","post","type-post","status-publish","format-standard","has-post-thumbnail","hentry","category-fotos-de-bautizo","tag-bautizo","tag-parroquia-santisimo-redentor"],"blocksy_meta":{"styles_descriptor":{"styles":{"desktop":"","tablet":"","mobile":""},"google_fonts":[],"version":6}},"yoast_head":"<!-- This site is optimized with the Yoast SEO plugin v27.4 - https:\/\/yoast.com\/product\/yoast-seo-wordpress\/ -->\n<title>Fotos de bautizo en la Parroquia Sant\u00edsimo Redentor<\/title>\n<meta name=\"description\" content=\"Sesi\u00f3n de fotos de familia en casa, durante los preparativos y fotos de bautizo en la Parroquia Sant\u00edsimo Redentor de Madrid\" \/>\n<meta name=\"robots\" content=\"index, follow, max-snippet:-1, max-image-preview:large, max-video-preview:-1\" \/>\n<link rel=\"canonical\" href=\"http:\/\/www.daniperezfotografia.es\/wordpress\/fotos-de-bautizo\/bautizo-de-marcos-en-la-parroquia-santisimo-redentor-de-madrid\" \/>\n<meta property=\"og:locale\" content=\"es_ES\" \/>\n<meta property=\"og:type\" content=\"article\" \/>\n<meta property=\"og:title\" content=\"Fotos de bautizo en la Parroquia Sant\u00edsimo Redentor\" \/>\n<meta property=\"og:description\" content=\"Sesi\u00f3n de fotos de familia en casa, durante los preparativos y fotos de bautizo en la Parroquia Sant\u00edsimo Redentor de Madrid\" \/>\n<meta property=\"og:url\" content=\"http:\/\/www.daniperezfotografia.es\/wordpress\/fotos-de-bautizo\/bautizo-de-marcos-en-la-parroquia-santisimo-redentor-de-madrid\" \/>\n<meta property=\"og:site_name\" content=\"Dani Perez Fotografia | Fotografo Profesional en Madrid\" \/>\n<meta property=\"article:publisher\" content=\"https:\/\/www.facebook.com\/daniperezfotografia\" \/>\n<meta property=\"article:author\" content=\"https:\/\/www.facebook.com\/daniperezfotografia\" \/>\n<meta property=\"article:published_time\" content=\"2013-11-11T07:00:04+00:00\" \/>\n<meta property=\"article:modified_time\" content=\"2020-05-18T13:43:23+00:00\" \/>\n<meta property=\"og:image\" content=\"http:\/\/www.daniperezfotografia.es\/wordpress\/wp-content\/uploads\/2013\/11\/marcos-bautizo-parroquia-santisimo-redentor-1100.jpg\" \/>\n\t<meta property=\"og:image:width\" content=\"1100\" \/>\n\t<meta property=\"og:image:height\" content=\"732\" \/>\n\t<meta property=\"og:image:type\" content=\"image\/jpeg\" \/>\n<meta name=\"author\" content=\"Dani\" \/>\n<meta name=\"twitter:card\" content=\"summary_large_image\" \/>\n<meta name=\"twitter:creator\" content=\"@daniperezfoto\" \/>\n<meta name=\"twitter:site\" content=\"@daniperezfoto\" \/>\n<meta name=\"twitter:label1\" content=\"Escrito por\" \/>\n\t<meta name=\"twitter:data1\" content=\"Dani\" \/>\n\t<meta name=\"twitter:label2\" content=\"Tiempo de lectura\" \/>\n\t<meta name=\"twitter:data2\" content=\"2 minutos\" \/>\n<script type=\"application\/ld+json\" class=\"yoast-schema-graph\">{\"@context\":\"https:\\\/\\\/schema.org\",\"@graph\":[{\"@type\":\"Article\",\"@id\":\"http:\\\/\\\/www.daniperezfotografia.es\\\/wordpress\\\/fotos-de-bautizo\\\/bautizo-de-marcos-en-la-parroquia-santisimo-redentor-de-madrid#article\",\"isPartOf\":{\"@id\":\"http:\\\/\\\/www.daniperezfotografia.es\\\/wordpress\\\/fotos-de-bautizo\\\/bautizo-de-marcos-en-la-parroquia-santisimo-redentor-de-madrid\"},\"author\":{\"name\":\"Dani\",\"@id\":\"https:\\\/\\\/www.daniperezfotografia.es\\\/wordpress\\\/#\\\/schema\\\/person\\\/e182c086037e8185dcc7e99e2c589a63\"},\"headline\":\"Bautizo en la Parroquia Sant\u00edsimo Redentor\",\"datePublished\":\"2013-11-11T07:00:04+00:00\",\"dateModified\":\"2020-05-18T13:43:23+00:00\",\"mainEntityOfPage\":{\"@id\":\"http:\\\/\\\/www.daniperezfotografia.es\\\/wordpress\\\/fotos-de-bautizo\\\/bautizo-de-marcos-en-la-parroquia-santisimo-redentor-de-madrid\"},\"wordCount\":340,\"publisher\":{\"@id\":\"https:\\\/\\\/www.daniperezfotografia.es\\\/wordpress\\\/#organization\"},\"image\":{\"@id\":\"http:\\\/\\\/www.daniperezfotografia.es\\\/wordpress\\\/fotos-de-bautizo\\\/bautizo-de-marcos-en-la-parroquia-santisimo-redentor-de-madrid#primaryimage\"},\"thumbnailUrl\":\"https:\\\/\\\/www.daniperezfotografia.es\\\/wordpress\\\/wp-content\\\/uploads\\\/2013\\\/11\\\/marcos-bautizo-parroquia-santisimo-redentor-1100.jpg\",\"keywords\":[\"bautizo\",\"parroquia sant\u00edsimo redentor\"],\"articleSection\":[\"Reportajes de Fotos de Bautizo en Madrid\"],\"inLanguage\":\"es\"},{\"@type\":\"WebPage\",\"@id\":\"http:\\\/\\\/www.daniperezfotografia.es\\\/wordpress\\\/fotos-de-bautizo\\\/bautizo-de-marcos-en-la-parroquia-santisimo-redentor-de-madrid\",\"url\":\"http:\\\/\\\/www.daniperezfotografia.es\\\/wordpress\\\/fotos-de-bautizo\\\/bautizo-de-marcos-en-la-parroquia-santisimo-redentor-de-madrid\",\"name\":\"Fotos de bautizo en la Parroquia Sant\u00edsimo Redentor\",\"isPartOf\":{\"@id\":\"https:\\\/\\\/www.daniperezfotografia.es\\\/wordpress\\\/#website\"},\"primaryImageOfPage\":{\"@id\":\"http:\\\/\\\/www.daniperezfotografia.es\\\/wordpress\\\/fotos-de-bautizo\\\/bautizo-de-marcos-en-la-parroquia-santisimo-redentor-de-madrid#primaryimage\"},\"image\":{\"@id\":\"http:\\\/\\\/www.daniperezfotografia.es\\\/wordpress\\\/fotos-de-bautizo\\\/bautizo-de-marcos-en-la-parroquia-santisimo-redentor-de-madrid#primaryimage\"},\"thumbnailUrl\":\"https:\\\/\\\/www.daniperezfotografia.es\\\/wordpress\\\/wp-content\\\/uploads\\\/2013\\\/11\\\/marcos-bautizo-parroquia-santisimo-redentor-1100.jpg\",\"datePublished\":\"2013-11-11T07:00:04+00:00\",\"dateModified\":\"2020-05-18T13:43:23+00:00\",\"description\":\"Sesi\u00f3n de fotos de familia en casa, durante los preparativos y fotos de bautizo en la Parroquia Sant\u00edsimo Redentor de Madrid\",\"breadcrumb\":{\"@id\":\"http:\\\/\\\/www.daniperezfotografia.es\\\/wordpress\\\/fotos-de-bautizo\\\/bautizo-de-marcos-en-la-parroquia-santisimo-redentor-de-madrid#breadcrumb\"},\"inLanguage\":\"es\",\"potentialAction\":[{\"@type\":\"ReadAction\",\"target\":[\"http:\\\/\\\/www.daniperezfotografia.es\\\/wordpress\\\/fotos-de-bautizo\\\/bautizo-de-marcos-en-la-parroquia-santisimo-redentor-de-madrid\"]}]},{\"@type\":\"ImageObject\",\"inLanguage\":\"es\",\"@id\":\"http:\\\/\\\/www.daniperezfotografia.es\\\/wordpress\\\/fotos-de-bautizo\\\/bautizo-de-marcos-en-la-parroquia-santisimo-redentor-de-madrid#primaryimage\",\"url\":\"https:\\\/\\\/www.daniperezfotografia.es\\\/wordpress\\\/wp-content\\\/uploads\\\/2013\\\/11\\\/marcos-bautizo-parroquia-santisimo-redentor-1100.jpg\",\"contentUrl\":\"https:\\\/\\\/www.daniperezfotografia.es\\\/wordpress\\\/wp-content\\\/uploads\\\/2013\\\/11\\\/marcos-bautizo-parroquia-santisimo-redentor-1100.jpg\",\"width\":1100,\"height\":732,\"caption\":\"bautizo parroquia santisimo redentor\"},{\"@type\":\"BreadcrumbList\",\"@id\":\"http:\\\/\\\/www.daniperezfotografia.es\\\/wordpress\\\/fotos-de-bautizo\\\/bautizo-de-marcos-en-la-parroquia-santisimo-redentor-de-madrid#breadcrumb\",\"itemListElement\":[{\"@type\":\"ListItem\",\"position\":1,\"name\":\"Portada\",\"item\":\"https:\\\/\\\/www.daniperezfotografia.es\\\/wordpress\\\/\"},{\"@type\":\"ListItem\",\"position\":2,\"name\":\"Bautizo en la Parroquia Sant\u00edsimo Redentor\"}]},{\"@type\":\"WebSite\",\"@id\":\"https:\\\/\\\/www.daniperezfotografia.es\\\/wordpress\\\/#website\",\"url\":\"https:\\\/\\\/www.daniperezfotografia.es\\\/wordpress\\\/\",\"name\":\"Dani Perez Fotografia | Fotografo Profesional en Madrid\",\"description\":\"Reportajes de bodas, bautizos, comuniones y sesiones de familia para particulares. Eventos, conferencias y retrato corporativo para empresas. Video de conferencias\",\"publisher\":{\"@id\":\"https:\\\/\\\/www.daniperezfotografia.es\\\/wordpress\\\/#organization\"},\"potentialAction\":[{\"@type\":\"SearchAction\",\"target\":{\"@type\":\"EntryPoint\",\"urlTemplate\":\"https:\\\/\\\/www.daniperezfotografia.es\\\/wordpress\\\/?s={search_term_string}\"},\"query-input\":{\"@type\":\"PropertyValueSpecification\",\"valueRequired\":true,\"valueName\":\"search_term_string\"}}],\"inLanguage\":\"es\"},{\"@type\":\"Organization\",\"@id\":\"https:\\\/\\\/www.daniperezfotografia.es\\\/wordpress\\\/#organization\",\"name\":\"Dani Perez Fotografia y Video\",\"url\":\"https:\\\/\\\/www.daniperezfotografia.es\\\/wordpress\\\/\",\"logo\":{\"@type\":\"ImageObject\",\"inLanguage\":\"es\",\"@id\":\"https:\\\/\\\/www.daniperezfotografia.es\\\/wordpress\\\/#\\\/schema\\\/logo\\\/image\\\/\",\"url\":\"\",\"contentUrl\":\"\",\"caption\":\"Dani Perez Fotografia y Video\"},\"image\":{\"@id\":\"https:\\\/\\\/www.daniperezfotografia.es\\\/wordpress\\\/#\\\/schema\\\/logo\\\/image\\\/\"},\"sameAs\":[\"https:\\\/\\\/www.facebook.com\\\/daniperezfotografia\",\"https:\\\/\\\/x.com\\\/daniperezfoto\",\"https:\\\/\\\/instagram.com\\\/daniperezfotografia\\\/\",\"https:\\\/\\\/www.linkedin.com\\\/pub\\\/dani-perez-fotografo\\\/b2\\\/3b0\\\/594\"]},{\"@type\":\"Person\",\"@id\":\"https:\\\/\\\/www.daniperezfotografia.es\\\/wordpress\\\/#\\\/schema\\\/person\\\/e182c086037e8185dcc7e99e2c589a63\",\"name\":\"Dani\",\"sameAs\":[\"http:\\\/\\\/www.daniperezfotografia.es\",\"https:\\\/\\\/www.facebook.com\\\/daniperezfotografia\",\"https:\\\/\\\/x.com\\\/daniperezfoto\"]}]}<\/script>\n<!-- \/ Yoast SEO plugin. -->","yoast_head_json":{"title":"Fotos de bautizo en la Parroquia Sant\u00edsimo Redentor","description":"Sesi\u00f3n de fotos de familia en casa, durante los preparativos y fotos de bautizo en la Parroquia Sant\u00edsimo Redentor de Madrid","robots":{"index":"index","follow":"follow","max-snippet":"max-snippet:-1","max-image-preview":"max-image-preview:large","max-video-preview":"max-video-preview:-1"},"canonical":"http:\/\/www.daniperezfotografia.es\/wordpress\/fotos-de-bautizo\/bautizo-de-marcos-en-la-parroquia-santisimo-redentor-de-madrid","og_locale":"es_ES","og_type":"article","og_title":"Fotos de bautizo en la Parroquia Sant\u00edsimo Redentor","og_description":"Sesi\u00f3n de fotos de familia en casa, durante los preparativos y fotos de bautizo en la Parroquia Sant\u00edsimo Redentor de Madrid","og_url":"http:\/\/www.daniperezfotografia.es\/wordpress\/fotos-de-bautizo\/bautizo-de-marcos-en-la-parroquia-santisimo-redentor-de-madrid","og_site_name":"Dani Perez Fotografia | Fotografo Profesional en Madrid","article_publisher":"https:\/\/www.facebook.com\/daniperezfotografia","article_author":"https:\/\/www.facebook.com\/daniperezfotografia","article_published_time":"2013-11-11T07:00:04+00:00","article_modified_time":"2020-05-18T13:43:23+00:00","og_image":[{"width":1100,"height":732,"url":"http:\/\/www.daniperezfotografia.es\/wordpress\/wp-content\/uploads\/2013\/11\/marcos-bautizo-parroquia-santisimo-redentor-1100.jpg","type":"image\/jpeg"}],"author":"Dani","twitter_card":"summary_large_image","twitter_creator":"@daniperezfoto","twitter_site":"@daniperezfoto","twitter_misc":{"Escrito por":"Dani","Tiempo de lectura":"2 minutos"},"schema":{"@context":"https:\/\/schema.org","@graph":[{"@type":"Article","@id":"http:\/\/www.daniperezfotografia.es\/wordpress\/fotos-de-bautizo\/bautizo-de-marcos-en-la-parroquia-santisimo-redentor-de-madrid#article","isPartOf":{"@id":"http:\/\/www.daniperezfotografia.es\/wordpress\/fotos-de-bautizo\/bautizo-de-marcos-en-la-parroquia-santisimo-redentor-de-madrid"},"author":{"name":"Dani","@id":"https:\/\/www.daniperezfotografia.es\/wordpress\/#\/schema\/person\/e182c086037e8185dcc7e99e2c589a63"},"headline":"Bautizo en la Parroquia Sant\u00edsimo Redentor","datePublished":"2013-11-11T07:00:04+00:00","dateModified":"2020-05-18T13:43:23+00:00","mainEntityOfPage":{"@id":"http:\/\/www.daniperezfotografia.es\/wordpress\/fotos-de-bautizo\/bautizo-de-marcos-en-la-parroquia-santisimo-redentor-de-madrid"},"wordCount":340,"publisher":{"@id":"https:\/\/www.daniperezfotografia.es\/wordpress\/#organization"},"image":{"@id":"http:\/\/www.daniperezfotografia.es\/wordpress\/fotos-de-bautizo\/bautizo-de-marcos-en-la-parroquia-santisimo-redentor-de-madrid#primaryimage"},"thumbnailUrl":"https:\/\/www.daniperezfotografia.es\/wordpress\/wp-content\/uploads\/2013\/11\/marcos-bautizo-parroquia-santisimo-redentor-1100.jpg","keywords":["bautizo","parroquia sant\u00edsimo redentor"],"articleSection":["Reportajes de Fotos de Bautizo en Madrid"],"inLanguage":"es"},{"@type":"WebPage","@id":"http:\/\/www.daniperezfotografia.es\/wordpress\/fotos-de-bautizo\/bautizo-de-marcos-en-la-parroquia-santisimo-redentor-de-madrid","url":"http:\/\/www.daniperezfotografia.es\/wordpress\/fotos-de-bautizo\/bautizo-de-marcos-en-la-parroquia-santisimo-redentor-de-madrid","name":"Fotos de bautizo en la Parroquia Sant\u00edsimo Redentor","isPartOf":{"@id":"https:\/\/www.daniperezfotografia.es\/wordpress\/#website"},"primaryImageOfPage":{"@id":"http:\/\/www.daniperezfotografia.es\/wordpress\/fotos-de-bautizo\/bautizo-de-marcos-en-la-parroquia-santisimo-redentor-de-madrid#primaryimage"},"image":{"@id":"http:\/\/www.daniperezfotografia.es\/wordpress\/fotos-de-bautizo\/bautizo-de-marcos-en-la-parroquia-santisimo-redentor-de-madrid#primaryimage"},"thumbnailUrl":"https:\/\/www.daniperezfotografia.es\/wordpress\/wp-content\/uploads\/2013\/11\/marcos-bautizo-parroquia-santisimo-redentor-1100.jpg","datePublished":"2013-11-11T07:00:04+00:00","dateModified":"2020-05-18T13:43:23+00:00","description":"Sesi\u00f3n de fotos de familia en casa, durante los preparativos y fotos de bautizo en la Parroquia Sant\u00edsimo Redentor de Madrid","breadcrumb":{"@id":"http:\/\/www.daniperezfotografia.es\/wordpress\/fotos-de-bautizo\/bautizo-de-marcos-en-la-parroquia-santisimo-redentor-de-madrid#breadcrumb"},"inLanguage":"es","potentialAction":[{"@type":"ReadAction","target":["http:\/\/www.daniperezfotografia.es\/wordpress\/fotos-de-bautizo\/bautizo-de-marcos-en-la-parroquia-santisimo-redentor-de-madrid"]}]},{"@type":"ImageObject","inLanguage":"es","@id":"http:\/\/www.daniperezfotografia.es\/wordpress\/fotos-de-bautizo\/bautizo-de-marcos-en-la-parroquia-santisimo-redentor-de-madrid#primaryimage","url":"https:\/\/www.daniperezfotografia.es\/wordpress\/wp-content\/uploads\/2013\/11\/marcos-bautizo-parroquia-santisimo-redentor-1100.jpg","contentUrl":"https:\/\/www.daniperezfotografia.es\/wordpress\/wp-content\/uploads\/2013\/11\/marcos-bautizo-parroquia-santisimo-redentor-1100.jpg","width":1100,"height":732,"caption":"bautizo parroquia santisimo redentor"},{"@type":"BreadcrumbList","@id":"http:\/\/www.daniperezfotografia.es\/wordpress\/fotos-de-bautizo\/bautizo-de-marcos-en-la-parroquia-santisimo-redentor-de-madrid#breadcrumb","itemListElement":[{"@type":"ListItem","position":1,"name":"Portada","item":"https:\/\/www.daniperezfotografia.es\/wordpress\/"},{"@type":"ListItem","position":2,"name":"Bautizo en la Parroquia Sant\u00edsimo Redentor"}]},{"@type":"WebSite","@id":"https:\/\/www.daniperezfotografia.es\/wordpress\/#website","url":"https:\/\/www.daniperezfotografia.es\/wordpress\/","name":"Dani Perez Fotografia | Fotografo Profesional en Madrid","description":"Reportajes de bodas, bautizos, comuniones y sesiones de familia para particulares. Eventos, conferencias y retrato corporativo para empresas. Video de conferencias","publisher":{"@id":"https:\/\/www.daniperezfotografia.es\/wordpress\/#organization"},"potentialAction":[{"@type":"SearchAction","target":{"@type":"EntryPoint","urlTemplate":"https:\/\/www.daniperezfotografia.es\/wordpress\/?s={search_term_string}"},"query-input":{"@type":"PropertyValueSpecification","valueRequired":true,"valueName":"search_term_string"}}],"inLanguage":"es"},{"@type":"Organization","@id":"https:\/\/www.daniperezfotografia.es\/wordpress\/#organization","name":"Dani Perez Fotografia y Video","url":"https:\/\/www.daniperezfotografia.es\/wordpress\/","logo":{"@type":"ImageObject","inLanguage":"es","@id":"https:\/\/www.daniperezfotografia.es\/wordpress\/#\/schema\/logo\/image\/","url":"","contentUrl":"","caption":"Dani Perez Fotografia y Video"},"image":{"@id":"https:\/\/www.daniperezfotografia.es\/wordpress\/#\/schema\/logo\/image\/"},"sameAs":["https:\/\/www.facebook.com\/daniperezfotografia","https:\/\/x.com\/daniperezfoto","https:\/\/instagram.com\/daniperezfotografia\/","https:\/\/www.linkedin.com\/pub\/dani-perez-fotografo\/b2\/3b0\/594"]},{"@type":"Person","@id":"https:\/\/www.daniperezfotografia.es\/wordpress\/#\/schema\/person\/e182c086037e8185dcc7e99e2c589a63","name":"Dani","sameAs":["http:\/\/www.daniperezfotografia.es","https:\/\/www.facebook.com\/daniperezfotografia","https:\/\/x.com\/daniperezfoto"]}]}},"_links":{"self":[{"href":"https:\/\/www.daniperezfotografia.es\/wordpress\/wp-json\/wp\/v2\/posts\/6663","targetHints":{"allow":["GET"]}}],"collection":[{"href":"https:\/\/www.daniperezfotografia.es\/wordpress\/wp-json\/wp\/v2\/posts"}],"about":[{"href":"https:\/\/www.daniperezfotografia.es\/wordpress\/wp-json\/wp\/v2\/types\/post"}],"author":[{"embeddable":true,"href":"https:\/\/www.daniperezfotografia.es\/wordpress\/wp-json\/wp\/v2\/users\/1"}],"replies":[{"embeddable":true,"href":"https:\/\/www.daniperezfotografia.es\/wordpress\/wp-json\/wp\/v2\/comments?post=6663"}],"version-history":[{"count":3,"href":"https:\/\/www.daniperezfotografia.es\/wordpress\/wp-json\/wp\/v2\/posts\/6663\/revisions"}],"predecessor-version":[{"id":13408,"href":"https:\/\/www.daniperezfotografia.es\/wordpress\/wp-json\/wp\/v2\/posts\/6663\/revisions\/13408"}],"wp:featuredmedia":[{"embeddable":true,"href":"https:\/\/www.daniperezfotografia.es\/wordpress\/wp-json\/wp\/v2\/media\/11185"}],"wp:attachment":[{"href":"https:\/\/www.daniperezfotografia.es\/wordpress\/wp-json\/wp\/v2\/media?parent=6663"}],"wp:term":[{"taxonomy":"category","embeddable":true,"href":"https:\/\/www.daniperezfotografia.es\/wordpress\/wp-json\/wp\/v2\/categories?post=6663"},{"taxonomy":"post_tag","embeddable":true,"href":"https:\/\/www.daniperezfotografia.es\/wordpress\/wp-json\/wp\/v2\/tags?post=6663"}],"curies":[{"name":"wp","href":"https:\/\/api.w.org\/{rel}","templated":true}]}}