{"id":6640,"date":"2013-10-28T19:25:45","date_gmt":"2013-10-28T18:25:45","guid":{"rendered":"http:\/\/www.daniperezfotografia.es\/wordpress\/?p=6640"},"modified":"2020-05-18T14:52:22","modified_gmt":"2020-05-18T13:52:22","slug":"sesion-de-fotos-de-familia-en-el-parque-juan-carlos-i-de-madrid","status":"publish","type":"post","link":"https:\/\/www.daniperezfotografia.es\/wordpress\/familias-infantil\/sesion-de-fotos-de-familia-en-el-parque-juan-carlos-i-de-madrid","title":{"rendered":"Fotos de familia en el Parque Juan Carlos I"},"content":{"rendered":"<p style=\"text-align: left;\">Conozco a Tom\u00e1s y Elena, hace muchos a\u00f1os, y hacia tiempo que\u00a0quer\u00edamos\u00a0hacer una\u00a0<strong>sesi\u00f3n\u00a0de fotos con sus hijos<\/strong>, Juan y Daniel. Por fin este fin de semana organizamos todo. Elegimos el <strong>Parque Juan Carlos I<\/strong> de Madrid, tambi\u00e9n conocido como <strong>Campo de las Naciones<\/strong>. Un sitio ideal para los ni\u00f1os, con grandes esplanadas de cesped, donde dan rienda suelta a toda su energia y pueden ser ellos mismos, ni\u00f1os que se divierten, se pelean como buenos hermanos y se abrazan, se besa y rien con sus padres. De modo que pasamos una tarde estupenda, con una divertida\u00a0<strong>sesi\u00f3n\u00a0de fotos de familia<\/strong>, que espero les guste cuando sean mayores y echen la vista atras a cuando eran ni\u00f1os.<\/p>\n<p style=\"text-align: left;\">&#8211;<\/p>\n<p style=\"text-align: left;\"><em>I know Tomas and Elena for a long time. We want to make a family photo session with their kids, Juan and Daniel. This weekend, we organice all. We choose \u00abJuan Carlos I\u00bb park in Madrid, olso known as \u00abCampo de las Naciones\u00bb. It is a great place for kids, with a lot of green grass places, where kids can be their self, play, run, fight like good brothers, big hugs, a lot of kisses between their and with their parents. So it has been a really funny family photo session. I hope their kids enjoy this shoots we they grow up.<\/em><\/p>\n<p style=\"text-align: left;\"><img loading=\"lazy\" decoding=\"async\" class=\"aligncenter size-full wp-image-6909\" src=\"http:\/\/www.daniperezfotografia.es\/wordpress\/wp-content\/uploads\/2013\/10\/sesion-fotos-familia-parque-campo-de-las-naciones-madrid-daniperezfotografia.es-fotografo-01.jpg\" alt=\"sesion-fotos-familia-parque-campo-de-las-naciones-madrid-daniperezfotografia.es-fotografo-01\" width=\"900\" height=\"599\" srcset=\"https:\/\/www.daniperezfotografia.es\/wordpress\/wp-content\/uploads\/2013\/10\/sesion-fotos-familia-parque-campo-de-las-naciones-madrid-daniperezfotografia.es-fotografo-01.jpg 900w, https:\/\/www.daniperezfotografia.es\/wordpress\/wp-content\/uploads\/2013\/10\/sesion-fotos-familia-parque-campo-de-las-naciones-madrid-daniperezfotografia.es-fotografo-01-750x499.jpg 750w, https:\/\/www.daniperezfotografia.es\/wordpress\/wp-content\/uploads\/2013\/10\/sesion-fotos-familia-parque-campo-de-las-naciones-madrid-daniperezfotografia.es-fotografo-01-286x190.jpg 286w, https:\/\/www.daniperezfotografia.es\/wordpress\/wp-content\/uploads\/2013\/10\/sesion-fotos-familia-parque-campo-de-las-naciones-madrid-daniperezfotografia.es-fotografo-01-572x380.jpg 572w, https:\/\/www.daniperezfotografia.es\/wordpress\/wp-content\/uploads\/2013\/10\/sesion-fotos-familia-parque-campo-de-las-naciones-madrid-daniperezfotografia.es-fotografo-01-273x182.jpg 273w, https:\/\/www.daniperezfotografia.es\/wordpress\/wp-content\/uploads\/2013\/10\/sesion-fotos-familia-parque-campo-de-las-naciones-madrid-daniperezfotografia.es-fotografo-01-546x364.jpg 546w, https:\/\/www.daniperezfotografia.es\/wordpress\/wp-content\/uploads\/2013\/10\/sesion-fotos-familia-parque-campo-de-las-naciones-madrid-daniperezfotografia.es-fotografo-01-598x398.jpg 598w\" sizes=\"auto, (max-width: 900px) 100vw, 900px\" \/> <img loading=\"lazy\" decoding=\"async\" class=\"aligncenter size-full wp-image-6910\" src=\"http:\/\/www.daniperezfotografia.es\/wordpress\/wp-content\/uploads\/2013\/10\/sesion-fotos-familia-parque-campo-de-las-naciones-madrid-daniperezfotografia.es-fotografo-02.jpg\" alt=\"sesion-fotos-familia-parque-campo-de-las-naciones-madrid-daniperezfotografia.es-fotografo\" width=\"900\" height=\"599\" srcset=\"https:\/\/www.daniperezfotografia.es\/wordpress\/wp-content\/uploads\/2013\/10\/sesion-fotos-familia-parque-campo-de-las-naciones-madrid-daniperezfotografia.es-fotografo-02.jpg 900w, https:\/\/www.daniperezfotografia.es\/wordpress\/wp-content\/uploads\/2013\/10\/sesion-fotos-familia-parque-campo-de-las-naciones-madrid-daniperezfotografia.es-fotografo-02-750x499.jpg 750w\" sizes=\"auto, (max-width: 900px) 100vw, 900px\" \/> <img loading=\"lazy\" decoding=\"async\" class=\"aligncenter size-full wp-image-6911\" src=\"http:\/\/www.daniperezfotografia.es\/wordpress\/wp-content\/uploads\/2013\/10\/sesion-fotos-familia-parque-campo-de-las-naciones-madrid-daniperezfotografia.es-fotografo-03.jpg\" alt=\"sesion-fotos-familia-parque-campo-de-las-naciones-madrid-daniperezfotografia.es-fotografo\" width=\"900\" height=\"600\" srcset=\"https:\/\/www.daniperezfotografia.es\/wordpress\/wp-content\/uploads\/2013\/10\/sesion-fotos-familia-parque-campo-de-las-naciones-madrid-daniperezfotografia.es-fotografo-03.jpg 900w, https:\/\/www.daniperezfotografia.es\/wordpress\/wp-content\/uploads\/2013\/10\/sesion-fotos-familia-parque-campo-de-las-naciones-madrid-daniperezfotografia.es-fotografo-03-750x500.jpg 750w\" sizes=\"auto, (max-width: 900px) 100vw, 900px\" \/> <img loading=\"lazy\" decoding=\"async\" class=\"aligncenter size-full wp-image-6912\" src=\"http:\/\/www.daniperezfotografia.es\/wordpress\/wp-content\/uploads\/2013\/10\/sesion-fotos-familia-parque-campo-de-las-naciones-madrid-daniperezfotografia.es-fotografo-04.jpg\" alt=\"sesion-fotos-familia-parque-campo-de-las-naciones-madrid-daniperezfotografia.es-fotografo\" width=\"900\" height=\"599\" srcset=\"https:\/\/www.daniperezfotografia.es\/wordpress\/wp-content\/uploads\/2013\/10\/sesion-fotos-familia-parque-campo-de-las-naciones-madrid-daniperezfotografia.es-fotografo-04.jpg 900w, https:\/\/www.daniperezfotografia.es\/wordpress\/wp-content\/uploads\/2013\/10\/sesion-fotos-familia-parque-campo-de-las-naciones-madrid-daniperezfotografia.es-fotografo-04-750x499.jpg 750w\" sizes=\"auto, (max-width: 900px) 100vw, 900px\" \/> <img loading=\"lazy\" decoding=\"async\" class=\"aligncenter size-full wp-image-6913\" src=\"http:\/\/www.daniperezfotografia.es\/wordpress\/wp-content\/uploads\/2013\/10\/sesion-fotos-familia-parque-campo-de-las-naciones-madrid-daniperezfotografia.es-fotografo-05.jpg\" alt=\"sesion-fotos-familia-parque-campo-de-las-naciones-madrid-daniperezfotografia.es-fotografo-01\" width=\"900\" height=\"599\" srcset=\"https:\/\/www.daniperezfotografia.es\/wordpress\/wp-content\/uploads\/2013\/10\/sesion-fotos-familia-parque-campo-de-las-naciones-madrid-daniperezfotografia.es-fotografo-05.jpg 900w, https:\/\/www.daniperezfotografia.es\/wordpress\/wp-content\/uploads\/2013\/10\/sesion-fotos-familia-parque-campo-de-las-naciones-madrid-daniperezfotografia.es-fotografo-05-750x499.jpg 750w\" sizes=\"auto, (max-width: 900px) 100vw, 900px\" \/> <img loading=\"lazy\" decoding=\"async\" class=\"aligncenter size-full wp-image-6914\" src=\"http:\/\/www.daniperezfotografia.es\/wordpress\/wp-content\/uploads\/2013\/10\/sesion-fotos-familia-parque-campo-de-las-naciones-madrid-daniperezfotografia.es-fotografo-06.jpg\" alt=\"sesion-fotos-familia-parque-campo-de-las-naciones-madrid-daniperezfotografia.es-fotografo-01\" width=\"900\" height=\"599\" srcset=\"https:\/\/www.daniperezfotografia.es\/wordpress\/wp-content\/uploads\/2013\/10\/sesion-fotos-familia-parque-campo-de-las-naciones-madrid-daniperezfotografia.es-fotografo-06.jpg 900w, https:\/\/www.daniperezfotografia.es\/wordpress\/wp-content\/uploads\/2013\/10\/sesion-fotos-familia-parque-campo-de-las-naciones-madrid-daniperezfotografia.es-fotografo-06-750x499.jpg 750w\" sizes=\"auto, (max-width: 900px) 100vw, 900px\" \/> <img loading=\"lazy\" decoding=\"async\" class=\"aligncenter size-full wp-image-6915\" src=\"http:\/\/www.daniperezfotografia.es\/wordpress\/wp-content\/uploads\/2013\/10\/sesion-fotos-familia-parque-campo-de-las-naciones-madrid-daniperezfotografia.es-fotografo-07.jpg\" alt=\"sesion-fotos-familia-parque-campo-de-las-naciones-madrid-daniperezfotografia.es-fotografo-01\" width=\"900\" height=\"600\" srcset=\"https:\/\/www.daniperezfotografia.es\/wordpress\/wp-content\/uploads\/2013\/10\/sesion-fotos-familia-parque-campo-de-las-naciones-madrid-daniperezfotografia.es-fotografo-07.jpg 900w, https:\/\/www.daniperezfotografia.es\/wordpress\/wp-content\/uploads\/2013\/10\/sesion-fotos-familia-parque-campo-de-las-naciones-madrid-daniperezfotografia.es-fotografo-07-750x500.jpg 750w\" sizes=\"auto, (max-width: 900px) 100vw, 900px\" \/> <img loading=\"lazy\" decoding=\"async\" class=\"aligncenter size-full wp-image-6916\" src=\"http:\/\/www.daniperezfotografia.es\/wordpress\/wp-content\/uploads\/2013\/10\/sesion-fotos-familia-parque-campo-de-las-naciones-madrid-daniperezfotografia.es-fotografo-08.jpg\" alt=\"sesion-fotos-familia-parque-campo-de-las-naciones-madrid-daniperezfotografia.es-fotografo-01\" width=\"900\" height=\"599\" srcset=\"https:\/\/www.daniperezfotografia.es\/wordpress\/wp-content\/uploads\/2013\/10\/sesion-fotos-familia-parque-campo-de-las-naciones-madrid-daniperezfotografia.es-fotografo-08.jpg 900w, https:\/\/www.daniperezfotografia.es\/wordpress\/wp-content\/uploads\/2013\/10\/sesion-fotos-familia-parque-campo-de-las-naciones-madrid-daniperezfotografia.es-fotografo-08-750x499.jpg 750w\" sizes=\"auto, (max-width: 900px) 100vw, 900px\" \/> <img loading=\"lazy\" decoding=\"async\" class=\"aligncenter size-full wp-image-6917\" src=\"http:\/\/www.daniperezfotografia.es\/wordpress\/wp-content\/uploads\/2013\/10\/sesion-fotos-familia-parque-campo-de-las-naciones-madrid-daniperezfotografia.es-fotografo-09.jpg\" alt=\"sesion-fotos-familia-parque-campo-de-las-naciones-madrid-daniperezfotografia.es-fotografo-01\" width=\"900\" height=\"599\" srcset=\"https:\/\/www.daniperezfotografia.es\/wordpress\/wp-content\/uploads\/2013\/10\/sesion-fotos-familia-parque-campo-de-las-naciones-madrid-daniperezfotografia.es-fotografo-09.jpg 900w, https:\/\/www.daniperezfotografia.es\/wordpress\/wp-content\/uploads\/2013\/10\/sesion-fotos-familia-parque-campo-de-las-naciones-madrid-daniperezfotografia.es-fotografo-09-750x499.jpg 750w\" sizes=\"auto, (max-width: 900px) 100vw, 900px\" \/> <img loading=\"lazy\" decoding=\"async\" class=\"aligncenter size-full wp-image-6918\" src=\"http:\/\/www.daniperezfotografia.es\/wordpress\/wp-content\/uploads\/2013\/10\/sesion-fotos-familia-parque-campo-de-las-naciones-madrid-daniperezfotografia.es-fotografo-10.jpg\" alt=\"sesion-fotos-familia-parque-campo-de-las-naciones-madrid-daniperezfotografia.es-fotografo-01\" width=\"900\" height=\"599\" srcset=\"https:\/\/www.daniperezfotografia.es\/wordpress\/wp-content\/uploads\/2013\/10\/sesion-fotos-familia-parque-campo-de-las-naciones-madrid-daniperezfotografia.es-fotografo-10.jpg 900w, https:\/\/www.daniperezfotografia.es\/wordpress\/wp-content\/uploads\/2013\/10\/sesion-fotos-familia-parque-campo-de-las-naciones-madrid-daniperezfotografia.es-fotografo-10-750x499.jpg 750w\" sizes=\"auto, (max-width: 900px) 100vw, 900px\" \/> <img loading=\"lazy\" decoding=\"async\" class=\"aligncenter size-full wp-image-6919\" src=\"http:\/\/www.daniperezfotografia.es\/wordpress\/wp-content\/uploads\/2013\/10\/sesion-fotos-familia-parque-campo-de-las-naciones-madrid-daniperezfotografia.es-fotografo-11.jpg\" alt=\"sesion-fotos-familia-parque-campo-de-las-naciones-madrid-daniperezfotografia.es-fotografo-01\" width=\"900\" height=\"599\" srcset=\"https:\/\/www.daniperezfotografia.es\/wordpress\/wp-content\/uploads\/2013\/10\/sesion-fotos-familia-parque-campo-de-las-naciones-madrid-daniperezfotografia.es-fotografo-11.jpg 900w, https:\/\/www.daniperezfotografia.es\/wordpress\/wp-content\/uploads\/2013\/10\/sesion-fotos-familia-parque-campo-de-las-naciones-madrid-daniperezfotografia.es-fotografo-11-750x499.jpg 750w\" sizes=\"auto, (max-width: 900px) 100vw, 900px\" \/> <img loading=\"lazy\" decoding=\"async\" class=\"aligncenter size-full wp-image-6920\" src=\"http:\/\/www.daniperezfotografia.es\/wordpress\/wp-content\/uploads\/2013\/10\/sesion-fotos-familia-parque-campo-de-las-naciones-madrid-daniperezfotografia.es-fotografo-12.jpg\" alt=\"sesion-fotos-familia-parque-campo-de-las-naciones-madrid-daniperezfotografia.es-fotografo-01\" width=\"900\" height=\"599\" srcset=\"https:\/\/www.daniperezfotografia.es\/wordpress\/wp-content\/uploads\/2013\/10\/sesion-fotos-familia-parque-campo-de-las-naciones-madrid-daniperezfotografia.es-fotografo-12.jpg 900w, https:\/\/www.daniperezfotografia.es\/wordpress\/wp-content\/uploads\/2013\/10\/sesion-fotos-familia-parque-campo-de-las-naciones-madrid-daniperezfotografia.es-fotografo-12-750x499.jpg 750w\" sizes=\"auto, (max-width: 900px) 100vw, 900px\" \/> <img loading=\"lazy\" decoding=\"async\" class=\"aligncenter size-full wp-image-6921\" src=\"http:\/\/www.daniperezfotografia.es\/wordpress\/wp-content\/uploads\/2013\/10\/sesion-fotos-familia-parque-campo-de-las-naciones-madrid-daniperezfotografia.es-fotografo-13.jpg\" alt=\"sesion-fotos-familia-parque-campo-de-las-naciones-madrid-daniperezfotografia.es-fotografo-01\" width=\"900\" height=\"599\" srcset=\"https:\/\/www.daniperezfotografia.es\/wordpress\/wp-content\/uploads\/2013\/10\/sesion-fotos-familia-parque-campo-de-las-naciones-madrid-daniperezfotografia.es-fotografo-13.jpg 900w, https:\/\/www.daniperezfotografia.es\/wordpress\/wp-content\/uploads\/2013\/10\/sesion-fotos-familia-parque-campo-de-las-naciones-madrid-daniperezfotografia.es-fotografo-13-750x499.jpg 750w\" sizes=\"auto, (max-width: 900px) 100vw, 900px\" \/> <img loading=\"lazy\" decoding=\"async\" class=\"aligncenter size-full wp-image-6922\" src=\"http:\/\/www.daniperezfotografia.es\/wordpress\/wp-content\/uploads\/2013\/10\/sesion-fotos-familia-parque-campo-de-las-naciones-madrid-daniperezfotografia.es-fotografo-14.jpg\" alt=\"sesion-fotos-familia-parque-campo-de-las-naciones-madrid-daniperezfotografia.es-fotografo-01\" width=\"900\" height=\"599\" srcset=\"https:\/\/www.daniperezfotografia.es\/wordpress\/wp-content\/uploads\/2013\/10\/sesion-fotos-familia-parque-campo-de-las-naciones-madrid-daniperezfotografia.es-fotografo-14.jpg 900w, https:\/\/www.daniperezfotografia.es\/wordpress\/wp-content\/uploads\/2013\/10\/sesion-fotos-familia-parque-campo-de-las-naciones-madrid-daniperezfotografia.es-fotografo-14-750x499.jpg 750w\" sizes=\"auto, (max-width: 900px) 100vw, 900px\" \/> <img loading=\"lazy\" decoding=\"async\" class=\"aligncenter size-full wp-image-6923\" src=\"http:\/\/www.daniperezfotografia.es\/wordpress\/wp-content\/uploads\/2013\/10\/sesion-fotos-familia-parque-campo-de-las-naciones-madrid-daniperezfotografia.es-fotografo-15.jpg\" alt=\"sesion-fotos-familia-parque-campo-de-las-naciones-madrid-daniperezfotografia.es-fotografo-01\" width=\"900\" height=\"599\" srcset=\"https:\/\/www.daniperezfotografia.es\/wordpress\/wp-content\/uploads\/2013\/10\/sesion-fotos-familia-parque-campo-de-las-naciones-madrid-daniperezfotografia.es-fotografo-15.jpg 900w, https:\/\/www.daniperezfotografia.es\/wordpress\/wp-content\/uploads\/2013\/10\/sesion-fotos-familia-parque-campo-de-las-naciones-madrid-daniperezfotografia.es-fotografo-15-750x499.jpg 750w\" sizes=\"auto, (max-width: 900px) 100vw, 900px\" \/> <img loading=\"lazy\" decoding=\"async\" class=\"aligncenter size-full wp-image-6924\" src=\"http:\/\/www.daniperezfotografia.es\/wordpress\/wp-content\/uploads\/2013\/10\/sesion-fotos-familia-parque-campo-de-las-naciones-madrid-daniperezfotografia.es-fotografo-16.jpg\" alt=\"sesion-fotos-familia-parque-campo-de-las-naciones-madrid-daniperezfotografia.es-fotografo-01\" width=\"900\" height=\"600\" srcset=\"https:\/\/www.daniperezfotografia.es\/wordpress\/wp-content\/uploads\/2013\/10\/sesion-fotos-familia-parque-campo-de-las-naciones-madrid-daniperezfotografia.es-fotografo-16.jpg 900w, https:\/\/www.daniperezfotografia.es\/wordpress\/wp-content\/uploads\/2013\/10\/sesion-fotos-familia-parque-campo-de-las-naciones-madrid-daniperezfotografia.es-fotografo-16-750x500.jpg 750w, https:\/\/www.daniperezfotografia.es\/wordpress\/wp-content\/uploads\/2013\/10\/sesion-fotos-familia-parque-campo-de-las-naciones-madrid-daniperezfotografia.es-fotografo-16-273x182.jpg 273w, https:\/\/www.daniperezfotografia.es\/wordpress\/wp-content\/uploads\/2013\/10\/sesion-fotos-familia-parque-campo-de-las-naciones-madrid-daniperezfotografia.es-fotografo-16-546x364.jpg 546w, https:\/\/www.daniperezfotografia.es\/wordpress\/wp-content\/uploads\/2013\/10\/sesion-fotos-familia-parque-campo-de-las-naciones-madrid-daniperezfotografia.es-fotografo-16-253x168.jpg 253w, https:\/\/www.daniperezfotografia.es\/wordpress\/wp-content\/uploads\/2013\/10\/sesion-fotos-familia-parque-campo-de-las-naciones-madrid-daniperezfotografia.es-fotografo-16-506x336.jpg 506w, https:\/\/www.daniperezfotografia.es\/wordpress\/wp-content\/uploads\/2013\/10\/sesion-fotos-familia-parque-campo-de-las-naciones-madrid-daniperezfotografia.es-fotografo-16-312x208.jpg 312w, https:\/\/www.daniperezfotografia.es\/wordpress\/wp-content\/uploads\/2013\/10\/sesion-fotos-familia-parque-campo-de-las-naciones-madrid-daniperezfotografia.es-fotografo-16-624x416.jpg 624w, https:\/\/www.daniperezfotografia.es\/wordpress\/wp-content\/uploads\/2013\/10\/sesion-fotos-familia-parque-campo-de-las-naciones-madrid-daniperezfotografia.es-fotografo-16-213x142.jpg 213w, https:\/\/www.daniperezfotografia.es\/wordpress\/wp-content\/uploads\/2013\/10\/sesion-fotos-familia-parque-campo-de-las-naciones-madrid-daniperezfotografia.es-fotografo-16-426x284.jpg 426w, https:\/\/www.daniperezfotografia.es\/wordpress\/wp-content\/uploads\/2013\/10\/sesion-fotos-familia-parque-campo-de-las-naciones-madrid-daniperezfotografia.es-fotografo-16-598x398.jpg 598w, https:\/\/www.daniperezfotografia.es\/wordpress\/wp-content\/uploads\/2013\/10\/sesion-fotos-familia-parque-campo-de-las-naciones-madrid-daniperezfotografia.es-fotografo-16-736x490.jpg 736w, https:\/\/www.daniperezfotografia.es\/wordpress\/wp-content\/uploads\/2013\/10\/sesion-fotos-familia-parque-campo-de-las-naciones-madrid-daniperezfotografia.es-fotografo-16-286x190.jpg 286w, https:\/\/www.daniperezfotografia.es\/wordpress\/wp-content\/uploads\/2013\/10\/sesion-fotos-familia-parque-campo-de-las-naciones-madrid-daniperezfotografia.es-fotografo-16-572x380.jpg 572w\" sizes=\"auto, (max-width: 900px) 100vw, 900px\" \/> <img loading=\"lazy\" decoding=\"async\" class=\"aligncenter size-full wp-image-6925\" src=\"http:\/\/www.daniperezfotografia.es\/wordpress\/wp-content\/uploads\/2013\/10\/sesion-fotos-familia-parque-campo-de-las-naciones-madrid-daniperezfotografia.es-fotografo-17.jpg\" alt=\"sesion-fotos-familia-parque-campo-de-las-naciones-madrid-daniperezfotografia.es-fotografo-01\" width=\"900\" height=\"599\" srcset=\"https:\/\/www.daniperezfotografia.es\/wordpress\/wp-content\/uploads\/2013\/10\/sesion-fotos-familia-parque-campo-de-las-naciones-madrid-daniperezfotografia.es-fotografo-17.jpg 900w, https:\/\/www.daniperezfotografia.es\/wordpress\/wp-content\/uploads\/2013\/10\/sesion-fotos-familia-parque-campo-de-las-naciones-madrid-daniperezfotografia.es-fotografo-17-750x499.jpg 750w\" sizes=\"auto, (max-width: 900px) 100vw, 900px\" \/> <img loading=\"lazy\" decoding=\"async\" class=\"aligncenter size-full wp-image-6926\" src=\"http:\/\/www.daniperezfotografia.es\/wordpress\/wp-content\/uploads\/2013\/10\/sesion-fotos-familia-parque-campo-de-las-naciones-madrid-daniperezfotografia.es-fotografo-18.jpg\" alt=\"sesion-fotos-familia-parque-campo-de-las-naciones-madrid-daniperezfotografia.es-fotografo-01\" width=\"900\" height=\"599\" srcset=\"https:\/\/www.daniperezfotografia.es\/wordpress\/wp-content\/uploads\/2013\/10\/sesion-fotos-familia-parque-campo-de-las-naciones-madrid-daniperezfotografia.es-fotografo-18.jpg 900w, https:\/\/www.daniperezfotografia.es\/wordpress\/wp-content\/uploads\/2013\/10\/sesion-fotos-familia-parque-campo-de-las-naciones-madrid-daniperezfotografia.es-fotografo-18-750x499.jpg 750w\" sizes=\"auto, (max-width: 900px) 100vw, 900px\" \/> <img loading=\"lazy\" decoding=\"async\" class=\"aligncenter size-full wp-image-6927\" src=\"http:\/\/www.daniperezfotografia.es\/wordpress\/wp-content\/uploads\/2013\/10\/sesion-fotos-familia-parque-campo-de-las-naciones-madrid-daniperezfotografia.es-fotografo-19.jpg\" alt=\"sesion-fotos-familia-parque-campo-de-las-naciones-madrid-daniperezfotografia.es-fotografo-01\" width=\"900\" height=\"599\" srcset=\"https:\/\/www.daniperezfotografia.es\/wordpress\/wp-content\/uploads\/2013\/10\/sesion-fotos-familia-parque-campo-de-las-naciones-madrid-daniperezfotografia.es-fotografo-19.jpg 900w, https:\/\/www.daniperezfotografia.es\/wordpress\/wp-content\/uploads\/2013\/10\/sesion-fotos-familia-parque-campo-de-las-naciones-madrid-daniperezfotografia.es-fotografo-19-750x499.jpg 750w\" sizes=\"auto, (max-width: 900px) 100vw, 900px\" \/> <img loading=\"lazy\" decoding=\"async\" class=\"aligncenter size-full wp-image-6928\" src=\"http:\/\/www.daniperezfotografia.es\/wordpress\/wp-content\/uploads\/2013\/10\/sesion-fotos-familia-parque-campo-de-las-naciones-madrid-daniperezfotografia.es-fotografo-20.jpg\" alt=\"sesion-fotos-familia-parque-campo-de-las-naciones-madrid-daniperezfotografia.es-fotografo-01\" width=\"900\" height=\"599\" srcset=\"https:\/\/www.daniperezfotografia.es\/wordpress\/wp-content\/uploads\/2013\/10\/sesion-fotos-familia-parque-campo-de-las-naciones-madrid-daniperezfotografia.es-fotografo-20.jpg 900w, https:\/\/www.daniperezfotografia.es\/wordpress\/wp-content\/uploads\/2013\/10\/sesion-fotos-familia-parque-campo-de-las-naciones-madrid-daniperezfotografia.es-fotografo-20-750x499.jpg 750w\" sizes=\"auto, (max-width: 900px) 100vw, 900px\" \/> <img loading=\"lazy\" decoding=\"async\" class=\"aligncenter size-full wp-image-6929\" src=\"http:\/\/www.daniperezfotografia.es\/wordpress\/wp-content\/uploads\/2013\/10\/sesion-fotos-familia-parque-campo-de-las-naciones-madrid-daniperezfotografia.es-fotografo-21.jpg\" alt=\"sesion-fotos-familia-parque-campo-de-las-naciones-madrid-daniperezfotografia.es-fotografo-01\" width=\"900\" height=\"599\" srcset=\"https:\/\/www.daniperezfotografia.es\/wordpress\/wp-content\/uploads\/2013\/10\/sesion-fotos-familia-parque-campo-de-las-naciones-madrid-daniperezfotografia.es-fotografo-21.jpg 900w, https:\/\/www.daniperezfotografia.es\/wordpress\/wp-content\/uploads\/2013\/10\/sesion-fotos-familia-parque-campo-de-las-naciones-madrid-daniperezfotografia.es-fotografo-21-750x499.jpg 750w\" sizes=\"auto, (max-width: 900px) 100vw, 900px\" \/> <img loading=\"lazy\" decoding=\"async\" class=\"aligncenter size-full wp-image-6930\" src=\"http:\/\/www.daniperezfotografia.es\/wordpress\/wp-content\/uploads\/2013\/10\/sesion-fotos-familia-parque-campo-de-las-naciones-madrid-daniperezfotografia.es-fotografo-22.jpg\" alt=\"sesion-fotos-familia-parque-campo-de-las-naciones-madrid-daniperezfotografia.es-fotografo-01\" width=\"900\" height=\"600\" srcset=\"https:\/\/www.daniperezfotografia.es\/wordpress\/wp-content\/uploads\/2013\/10\/sesion-fotos-familia-parque-campo-de-las-naciones-madrid-daniperezfotografia.es-fotografo-22.jpg 900w, https:\/\/www.daniperezfotografia.es\/wordpress\/wp-content\/uploads\/2013\/10\/sesion-fotos-familia-parque-campo-de-las-naciones-madrid-daniperezfotografia.es-fotografo-22-750x500.jpg 750w\" sizes=\"auto, (max-width: 900px) 100vw, 900px\" \/> <img loading=\"lazy\" decoding=\"async\" class=\"aligncenter size-full wp-image-6931\" src=\"http:\/\/www.daniperezfotografia.es\/wordpress\/wp-content\/uploads\/2013\/10\/sesion-fotos-familia-parque-campo-de-las-naciones-madrid-daniperezfotografia.es-fotografo-23.jpg\" alt=\"sesion-fotos-familia-parque-campo-de-las-naciones-madrid-daniperezfotografia.es-fotografo-01\" width=\"900\" height=\"599\" srcset=\"https:\/\/www.daniperezfotografia.es\/wordpress\/wp-content\/uploads\/2013\/10\/sesion-fotos-familia-parque-campo-de-las-naciones-madrid-daniperezfotografia.es-fotografo-23.jpg 900w, https:\/\/www.daniperezfotografia.es\/wordpress\/wp-content\/uploads\/2013\/10\/sesion-fotos-familia-parque-campo-de-las-naciones-madrid-daniperezfotografia.es-fotografo-23-750x499.jpg 750w\" sizes=\"auto, (max-width: 900px) 100vw, 900px\" \/> <img loading=\"lazy\" decoding=\"async\" class=\"aligncenter size-full wp-image-6932\" src=\"http:\/\/www.daniperezfotografia.es\/wordpress\/wp-content\/uploads\/2013\/10\/sesion-fotos-familia-parque-campo-de-las-naciones-madrid-daniperezfotografia.es-fotografo-24.jpg\" alt=\"sesion-fotos-familia-parque-campo-de-las-naciones-madrid-daniperezfotografia.es-fotografo-01\" width=\"900\" height=\"599\" srcset=\"https:\/\/www.daniperezfotografia.es\/wordpress\/wp-content\/uploads\/2013\/10\/sesion-fotos-familia-parque-campo-de-las-naciones-madrid-daniperezfotografia.es-fotografo-24.jpg 900w, https:\/\/www.daniperezfotografia.es\/wordpress\/wp-content\/uploads\/2013\/10\/sesion-fotos-familia-parque-campo-de-las-naciones-madrid-daniperezfotografia.es-fotografo-24-750x499.jpg 750w\" sizes=\"auto, (max-width: 900px) 100vw, 900px\" \/><\/p>\n","protected":false},"excerpt":{"rendered":"<p>Conozco a Tom\u00e1s y Elena, hace muchos a\u00f1os, y hacia tiempo que\u00a0quer\u00edamos\u00a0hacer una\u00a0sesi\u00f3n\u00a0de fotos con sus hijos, Juan y Daniel. Por fin este fin de semana organizamos todo. Elegimos el Parque Juan Carlos I de Madrid, tambi\u00e9n conocido como Campo de las Naciones. Un sitio ideal para los ni\u00f1os, con grandes esplanadas de cesped, donde [&hellip;]<\/p>\n","protected":false},"author":1,"featured_media":11322,"comment_status":"closed","ping_status":"closed","sticky":false,"template":"","format":"standard","meta":{"footnotes":""},"categories":[943],"tags":[262,806],"class_list":["post-6640","post","type-post","status-publish","format-standard","has-post-thumbnail","hentry","category-familias-infantil","tag-campo-de-las-naciones","tag-sesion-de-familia"],"blocksy_meta":{"styles_descriptor":{"styles":{"desktop":"","tablet":"","mobile":""},"google_fonts":[],"version":6}},"yoast_head":"<!-- This site is optimized with the Yoast SEO plugin v27.4 - https:\/\/yoast.com\/product\/yoast-seo-wordpress\/ -->\n<title>Fotos de familia Campo de las Naciones<\/title>\n<meta name=\"description\" content=\"Conozco a Tom\u00e1s y Elena, hace muchos a\u00f1os, y hacia tiempo que quer\u00edamos hacer una sesi\u00f3n de fotos con sus hijos, Juan y Daniel. Por fin este fin de semana, organizamos todo, elegimos el Parque Juan Carlos I de Madrid, tambien conocido como Campo de las Naciones. Un sitio ideal para los ni\u00f1os, con grandes esplanadas de cesped, donde den rienda suelta a toda su energia y que sean ellos mismos, ni\u00f1os que se divierten se pelean como buenos hermanos y se abrazan, besa y rien con sus padres. De modo que pasamos una tarde estupenda, con una divertida sesi\u00f3n de fotos de familia, que espero les guste cuando sean mayores y echen la vista atras a su epoca de ni\u00f1os.\" \/>\n<meta name=\"robots\" content=\"index, follow, max-snippet:-1, max-image-preview:large, max-video-preview:-1\" \/>\n<link rel=\"canonical\" href=\"http:\/\/www.daniperezfotografia.es\/wordpress\/familias-infantil\/sesion-de-fotos-de-familia-en-el-parque-juan-carlos-i-de-madrid\" \/>\n<meta property=\"og:locale\" content=\"es_ES\" \/>\n<meta property=\"og:type\" content=\"article\" \/>\n<meta property=\"og:title\" content=\"Fotos de familia Campo de las Naciones\" \/>\n<meta property=\"og:description\" content=\"Conozco a Tom\u00e1s y Elena, hace muchos a\u00f1os, y hacia tiempo que quer\u00edamos hacer una sesi\u00f3n de fotos con sus hijos, Juan y Daniel. Por fin este fin de semana, organizamos todo, elegimos el Parque Juan Carlos I de Madrid, tambien conocido como Campo de las Naciones. Un sitio ideal para los ni\u00f1os, con grandes esplanadas de cesped, donde den rienda suelta a toda su energia y que sean ellos mismos, ni\u00f1os que se divierten se pelean como buenos hermanos y se abrazan, besa y rien con sus padres. De modo que pasamos una tarde estupenda, con una divertida sesi\u00f3n de fotos de familia, que espero les guste cuando sean mayores y echen la vista atras a su epoca de ni\u00f1os.\" \/>\n<meta property=\"og:url\" content=\"http:\/\/www.daniperezfotografia.es\/wordpress\/familias-infantil\/sesion-de-fotos-de-familia-en-el-parque-juan-carlos-i-de-madrid\" \/>\n<meta property=\"og:site_name\" content=\"Dani Perez Fotografia | Fotografo Profesional en Madrid\" \/>\n<meta property=\"article:publisher\" content=\"https:\/\/www.facebook.com\/daniperezfotografia\" \/>\n<meta property=\"article:author\" content=\"https:\/\/www.facebook.com\/daniperezfotografia\" \/>\n<meta property=\"article:published_time\" content=\"2013-10-28T18:25:45+00:00\" \/>\n<meta property=\"article:modified_time\" content=\"2020-05-18T13:52:22+00:00\" \/>\n<meta property=\"og:image\" content=\"http:\/\/www.daniperezfotografia.es\/wordpress\/wp-content\/uploads\/2013\/10\/elena-tomas-sesion-fotos-familia-campo-de-las-naciones-1100.jpg\" \/>\n\t<meta property=\"og:image:width\" content=\"1100\" \/>\n\t<meta property=\"og:image:height\" content=\"732\" \/>\n\t<meta property=\"og:image:type\" content=\"image\/jpeg\" \/>\n<meta name=\"author\" content=\"Dani\" \/>\n<meta name=\"twitter:card\" content=\"summary_large_image\" \/>\n<meta name=\"twitter:creator\" content=\"@daniperezfoto\" \/>\n<meta name=\"twitter:site\" content=\"@daniperezfoto\" \/>\n<meta name=\"twitter:label1\" content=\"Escrito por\" \/>\n\t<meta name=\"twitter:data1\" content=\"Dani\" \/>\n\t<meta name=\"twitter:label2\" content=\"Tiempo de lectura\" \/>\n\t<meta name=\"twitter:data2\" content=\"1 minuto\" \/>\n<script type=\"application\/ld+json\" class=\"yoast-schema-graph\">{\"@context\":\"https:\\\/\\\/schema.org\",\"@graph\":[{\"@type\":\"Article\",\"@id\":\"http:\\\/\\\/www.daniperezfotografia.es\\\/wordpress\\\/familias-infantil\\\/sesion-de-fotos-de-familia-en-el-parque-juan-carlos-i-de-madrid#article\",\"isPartOf\":{\"@id\":\"http:\\\/\\\/www.daniperezfotografia.es\\\/wordpress\\\/familias-infantil\\\/sesion-de-fotos-de-familia-en-el-parque-juan-carlos-i-de-madrid\"},\"author\":{\"name\":\"Dani\",\"@id\":\"https:\\\/\\\/www.daniperezfotografia.es\\\/wordpress\\\/#\\\/schema\\\/person\\\/e182c086037e8185dcc7e99e2c589a63\"},\"headline\":\"Fotos de familia en el Parque Juan Carlos I\",\"datePublished\":\"2013-10-28T18:25:45+00:00\",\"dateModified\":\"2020-05-18T13:52:22+00:00\",\"mainEntityOfPage\":{\"@id\":\"http:\\\/\\\/www.daniperezfotografia.es\\\/wordpress\\\/familias-infantil\\\/sesion-de-fotos-de-familia-en-el-parque-juan-carlos-i-de-madrid\"},\"wordCount\":242,\"publisher\":{\"@id\":\"https:\\\/\\\/www.daniperezfotografia.es\\\/wordpress\\\/#organization\"},\"image\":{\"@id\":\"http:\\\/\\\/www.daniperezfotografia.es\\\/wordpress\\\/familias-infantil\\\/sesion-de-fotos-de-familia-en-el-parque-juan-carlos-i-de-madrid#primaryimage\"},\"thumbnailUrl\":\"https:\\\/\\\/www.daniperezfotografia.es\\\/wordpress\\\/wp-content\\\/uploads\\\/2013\\\/10\\\/elena-tomas-sesion-fotos-familia-campo-de-las-naciones-1100.jpg\",\"keywords\":[\"campo de las naciones\",\"sesion de familia\"],\"articleSection\":[\"Reportajes de fotos de Familias en Madrid\"],\"inLanguage\":\"es\"},{\"@type\":\"WebPage\",\"@id\":\"http:\\\/\\\/www.daniperezfotografia.es\\\/wordpress\\\/familias-infantil\\\/sesion-de-fotos-de-familia-en-el-parque-juan-carlos-i-de-madrid\",\"url\":\"http:\\\/\\\/www.daniperezfotografia.es\\\/wordpress\\\/familias-infantil\\\/sesion-de-fotos-de-familia-en-el-parque-juan-carlos-i-de-madrid\",\"name\":\"Fotos de familia Campo de las Naciones\",\"isPartOf\":{\"@id\":\"https:\\\/\\\/www.daniperezfotografia.es\\\/wordpress\\\/#website\"},\"primaryImageOfPage\":{\"@id\":\"http:\\\/\\\/www.daniperezfotografia.es\\\/wordpress\\\/familias-infantil\\\/sesion-de-fotos-de-familia-en-el-parque-juan-carlos-i-de-madrid#primaryimage\"},\"image\":{\"@id\":\"http:\\\/\\\/www.daniperezfotografia.es\\\/wordpress\\\/familias-infantil\\\/sesion-de-fotos-de-familia-en-el-parque-juan-carlos-i-de-madrid#primaryimage\"},\"thumbnailUrl\":\"https:\\\/\\\/www.daniperezfotografia.es\\\/wordpress\\\/wp-content\\\/uploads\\\/2013\\\/10\\\/elena-tomas-sesion-fotos-familia-campo-de-las-naciones-1100.jpg\",\"datePublished\":\"2013-10-28T18:25:45+00:00\",\"dateModified\":\"2020-05-18T13:52:22+00:00\",\"description\":\"Conozco a Tom\u00e1s y Elena, hace muchos a\u00f1os, y hacia tiempo que quer\u00edamos hacer una sesi\u00f3n de fotos con sus hijos, Juan y Daniel. Por fin este fin de semana, organizamos todo, elegimos el Parque Juan Carlos I de Madrid, tambien conocido como Campo de las Naciones. Un sitio ideal para los ni\u00f1os, con grandes esplanadas de cesped, donde den rienda suelta a toda su energia y que sean ellos mismos, ni\u00f1os que se divierten se pelean como buenos hermanos y se abrazan, besa y rien con sus padres. De modo que pasamos una tarde estupenda, con una divertida sesi\u00f3n de fotos de familia, que espero les guste cuando sean mayores y echen la vista atras a su epoca de ni\u00f1os.\",\"breadcrumb\":{\"@id\":\"http:\\\/\\\/www.daniperezfotografia.es\\\/wordpress\\\/familias-infantil\\\/sesion-de-fotos-de-familia-en-el-parque-juan-carlos-i-de-madrid#breadcrumb\"},\"inLanguage\":\"es\",\"potentialAction\":[{\"@type\":\"ReadAction\",\"target\":[\"http:\\\/\\\/www.daniperezfotografia.es\\\/wordpress\\\/familias-infantil\\\/sesion-de-fotos-de-familia-en-el-parque-juan-carlos-i-de-madrid\"]}]},{\"@type\":\"ImageObject\",\"inLanguage\":\"es\",\"@id\":\"http:\\\/\\\/www.daniperezfotografia.es\\\/wordpress\\\/familias-infantil\\\/sesion-de-fotos-de-familia-en-el-parque-juan-carlos-i-de-madrid#primaryimage\",\"url\":\"https:\\\/\\\/www.daniperezfotografia.es\\\/wordpress\\\/wp-content\\\/uploads\\\/2013\\\/10\\\/elena-tomas-sesion-fotos-familia-campo-de-las-naciones-1100.jpg\",\"contentUrl\":\"https:\\\/\\\/www.daniperezfotografia.es\\\/wordpress\\\/wp-content\\\/uploads\\\/2013\\\/10\\\/elena-tomas-sesion-fotos-familia-campo-de-las-naciones-1100.jpg\",\"width\":1100,\"height\":732,\"caption\":\"sesion de fotos de familia en campo de las naciones\"},{\"@type\":\"BreadcrumbList\",\"@id\":\"http:\\\/\\\/www.daniperezfotografia.es\\\/wordpress\\\/familias-infantil\\\/sesion-de-fotos-de-familia-en-el-parque-juan-carlos-i-de-madrid#breadcrumb\",\"itemListElement\":[{\"@type\":\"ListItem\",\"position\":1,\"name\":\"Portada\",\"item\":\"https:\\\/\\\/www.daniperezfotografia.es\\\/wordpress\\\/\"},{\"@type\":\"ListItem\",\"position\":2,\"name\":\"Fotos de familia en el Parque Juan Carlos I\"}]},{\"@type\":\"WebSite\",\"@id\":\"https:\\\/\\\/www.daniperezfotografia.es\\\/wordpress\\\/#website\",\"url\":\"https:\\\/\\\/www.daniperezfotografia.es\\\/wordpress\\\/\",\"name\":\"Dani Perez Fotografia | Fotografo Profesional en Madrid\",\"description\":\"Reportajes de bodas, bautizos, comuniones y sesiones de familia para particulares. Eventos, conferencias y retrato corporativo para empresas. Video de conferencias\",\"publisher\":{\"@id\":\"https:\\\/\\\/www.daniperezfotografia.es\\\/wordpress\\\/#organization\"},\"potentialAction\":[{\"@type\":\"SearchAction\",\"target\":{\"@type\":\"EntryPoint\",\"urlTemplate\":\"https:\\\/\\\/www.daniperezfotografia.es\\\/wordpress\\\/?s={search_term_string}\"},\"query-input\":{\"@type\":\"PropertyValueSpecification\",\"valueRequired\":true,\"valueName\":\"search_term_string\"}}],\"inLanguage\":\"es\"},{\"@type\":\"Organization\",\"@id\":\"https:\\\/\\\/www.daniperezfotografia.es\\\/wordpress\\\/#organization\",\"name\":\"Dani Perez Fotografia y Video\",\"url\":\"https:\\\/\\\/www.daniperezfotografia.es\\\/wordpress\\\/\",\"logo\":{\"@type\":\"ImageObject\",\"inLanguage\":\"es\",\"@id\":\"https:\\\/\\\/www.daniperezfotografia.es\\\/wordpress\\\/#\\\/schema\\\/logo\\\/image\\\/\",\"url\":\"\",\"contentUrl\":\"\",\"caption\":\"Dani Perez Fotografia y Video\"},\"image\":{\"@id\":\"https:\\\/\\\/www.daniperezfotografia.es\\\/wordpress\\\/#\\\/schema\\\/logo\\\/image\\\/\"},\"sameAs\":[\"https:\\\/\\\/www.facebook.com\\\/daniperezfotografia\",\"https:\\\/\\\/x.com\\\/daniperezfoto\",\"https:\\\/\\\/instagram.com\\\/daniperezfotografia\\\/\",\"https:\\\/\\\/www.linkedin.com\\\/pub\\\/dani-perez-fotografo\\\/b2\\\/3b0\\\/594\"]},{\"@type\":\"Person\",\"@id\":\"https:\\\/\\\/www.daniperezfotografia.es\\\/wordpress\\\/#\\\/schema\\\/person\\\/e182c086037e8185dcc7e99e2c589a63\",\"name\":\"Dani\",\"sameAs\":[\"http:\\\/\\\/www.daniperezfotografia.es\",\"https:\\\/\\\/www.facebook.com\\\/daniperezfotografia\",\"https:\\\/\\\/x.com\\\/daniperezfoto\"]}]}<\/script>\n<!-- \/ Yoast SEO plugin. -->","yoast_head_json":{"title":"Fotos de familia Campo de las Naciones","description":"Conozco a Tom\u00e1s y Elena, hace muchos a\u00f1os, y hacia tiempo que quer\u00edamos hacer una sesi\u00f3n de fotos con sus hijos, Juan y Daniel. Por fin este fin de semana, organizamos todo, elegimos el Parque Juan Carlos I de Madrid, tambien conocido como Campo de las Naciones. Un sitio ideal para los ni\u00f1os, con grandes esplanadas de cesped, donde den rienda suelta a toda su energia y que sean ellos mismos, ni\u00f1os que se divierten se pelean como buenos hermanos y se abrazan, besa y rien con sus padres. De modo que pasamos una tarde estupenda, con una divertida sesi\u00f3n de fotos de familia, que espero les guste cuando sean mayores y echen la vista atras a su epoca de ni\u00f1os.","robots":{"index":"index","follow":"follow","max-snippet":"max-snippet:-1","max-image-preview":"max-image-preview:large","max-video-preview":"max-video-preview:-1"},"canonical":"http:\/\/www.daniperezfotografia.es\/wordpress\/familias-infantil\/sesion-de-fotos-de-familia-en-el-parque-juan-carlos-i-de-madrid","og_locale":"es_ES","og_type":"article","og_title":"Fotos de familia Campo de las Naciones","og_description":"Conozco a Tom\u00e1s y Elena, hace muchos a\u00f1os, y hacia tiempo que quer\u00edamos hacer una sesi\u00f3n de fotos con sus hijos, Juan y Daniel. Por fin este fin de semana, organizamos todo, elegimos el Parque Juan Carlos I de Madrid, tambien conocido como Campo de las Naciones. Un sitio ideal para los ni\u00f1os, con grandes esplanadas de cesped, donde den rienda suelta a toda su energia y que sean ellos mismos, ni\u00f1os que se divierten se pelean como buenos hermanos y se abrazan, besa y rien con sus padres. De modo que pasamos una tarde estupenda, con una divertida sesi\u00f3n de fotos de familia, que espero les guste cuando sean mayores y echen la vista atras a su epoca de ni\u00f1os.","og_url":"http:\/\/www.daniperezfotografia.es\/wordpress\/familias-infantil\/sesion-de-fotos-de-familia-en-el-parque-juan-carlos-i-de-madrid","og_site_name":"Dani Perez Fotografia | Fotografo Profesional en Madrid","article_publisher":"https:\/\/www.facebook.com\/daniperezfotografia","article_author":"https:\/\/www.facebook.com\/daniperezfotografia","article_published_time":"2013-10-28T18:25:45+00:00","article_modified_time":"2020-05-18T13:52:22+00:00","og_image":[{"width":1100,"height":732,"url":"http:\/\/www.daniperezfotografia.es\/wordpress\/wp-content\/uploads\/2013\/10\/elena-tomas-sesion-fotos-familia-campo-de-las-naciones-1100.jpg","type":"image\/jpeg"}],"author":"Dani","twitter_card":"summary_large_image","twitter_creator":"@daniperezfoto","twitter_site":"@daniperezfoto","twitter_misc":{"Escrito por":"Dani","Tiempo de lectura":"1 minuto"},"schema":{"@context":"https:\/\/schema.org","@graph":[{"@type":"Article","@id":"http:\/\/www.daniperezfotografia.es\/wordpress\/familias-infantil\/sesion-de-fotos-de-familia-en-el-parque-juan-carlos-i-de-madrid#article","isPartOf":{"@id":"http:\/\/www.daniperezfotografia.es\/wordpress\/familias-infantil\/sesion-de-fotos-de-familia-en-el-parque-juan-carlos-i-de-madrid"},"author":{"name":"Dani","@id":"https:\/\/www.daniperezfotografia.es\/wordpress\/#\/schema\/person\/e182c086037e8185dcc7e99e2c589a63"},"headline":"Fotos de familia en el Parque Juan Carlos I","datePublished":"2013-10-28T18:25:45+00:00","dateModified":"2020-05-18T13:52:22+00:00","mainEntityOfPage":{"@id":"http:\/\/www.daniperezfotografia.es\/wordpress\/familias-infantil\/sesion-de-fotos-de-familia-en-el-parque-juan-carlos-i-de-madrid"},"wordCount":242,"publisher":{"@id":"https:\/\/www.daniperezfotografia.es\/wordpress\/#organization"},"image":{"@id":"http:\/\/www.daniperezfotografia.es\/wordpress\/familias-infantil\/sesion-de-fotos-de-familia-en-el-parque-juan-carlos-i-de-madrid#primaryimage"},"thumbnailUrl":"https:\/\/www.daniperezfotografia.es\/wordpress\/wp-content\/uploads\/2013\/10\/elena-tomas-sesion-fotos-familia-campo-de-las-naciones-1100.jpg","keywords":["campo de las naciones","sesion de familia"],"articleSection":["Reportajes de fotos de Familias en Madrid"],"inLanguage":"es"},{"@type":"WebPage","@id":"http:\/\/www.daniperezfotografia.es\/wordpress\/familias-infantil\/sesion-de-fotos-de-familia-en-el-parque-juan-carlos-i-de-madrid","url":"http:\/\/www.daniperezfotografia.es\/wordpress\/familias-infantil\/sesion-de-fotos-de-familia-en-el-parque-juan-carlos-i-de-madrid","name":"Fotos de familia Campo de las Naciones","isPartOf":{"@id":"https:\/\/www.daniperezfotografia.es\/wordpress\/#website"},"primaryImageOfPage":{"@id":"http:\/\/www.daniperezfotografia.es\/wordpress\/familias-infantil\/sesion-de-fotos-de-familia-en-el-parque-juan-carlos-i-de-madrid#primaryimage"},"image":{"@id":"http:\/\/www.daniperezfotografia.es\/wordpress\/familias-infantil\/sesion-de-fotos-de-familia-en-el-parque-juan-carlos-i-de-madrid#primaryimage"},"thumbnailUrl":"https:\/\/www.daniperezfotografia.es\/wordpress\/wp-content\/uploads\/2013\/10\/elena-tomas-sesion-fotos-familia-campo-de-las-naciones-1100.jpg","datePublished":"2013-10-28T18:25:45+00:00","dateModified":"2020-05-18T13:52:22+00:00","description":"Conozco a Tom\u00e1s y Elena, hace muchos a\u00f1os, y hacia tiempo que quer\u00edamos hacer una sesi\u00f3n de fotos con sus hijos, Juan y Daniel. Por fin este fin de semana, organizamos todo, elegimos el Parque Juan Carlos I de Madrid, tambien conocido como Campo de las Naciones. Un sitio ideal para los ni\u00f1os, con grandes esplanadas de cesped, donde den rienda suelta a toda su energia y que sean ellos mismos, ni\u00f1os que se divierten se pelean como buenos hermanos y se abrazan, besa y rien con sus padres. De modo que pasamos una tarde estupenda, con una divertida sesi\u00f3n de fotos de familia, que espero les guste cuando sean mayores y echen la vista atras a su epoca de ni\u00f1os.","breadcrumb":{"@id":"http:\/\/www.daniperezfotografia.es\/wordpress\/familias-infantil\/sesion-de-fotos-de-familia-en-el-parque-juan-carlos-i-de-madrid#breadcrumb"},"inLanguage":"es","potentialAction":[{"@type":"ReadAction","target":["http:\/\/www.daniperezfotografia.es\/wordpress\/familias-infantil\/sesion-de-fotos-de-familia-en-el-parque-juan-carlos-i-de-madrid"]}]},{"@type":"ImageObject","inLanguage":"es","@id":"http:\/\/www.daniperezfotografia.es\/wordpress\/familias-infantil\/sesion-de-fotos-de-familia-en-el-parque-juan-carlos-i-de-madrid#primaryimage","url":"https:\/\/www.daniperezfotografia.es\/wordpress\/wp-content\/uploads\/2013\/10\/elena-tomas-sesion-fotos-familia-campo-de-las-naciones-1100.jpg","contentUrl":"https:\/\/www.daniperezfotografia.es\/wordpress\/wp-content\/uploads\/2013\/10\/elena-tomas-sesion-fotos-familia-campo-de-las-naciones-1100.jpg","width":1100,"height":732,"caption":"sesion de fotos de familia en campo de las naciones"},{"@type":"BreadcrumbList","@id":"http:\/\/www.daniperezfotografia.es\/wordpress\/familias-infantil\/sesion-de-fotos-de-familia-en-el-parque-juan-carlos-i-de-madrid#breadcrumb","itemListElement":[{"@type":"ListItem","position":1,"name":"Portada","item":"https:\/\/www.daniperezfotografia.es\/wordpress\/"},{"@type":"ListItem","position":2,"name":"Fotos de familia en el Parque Juan Carlos I"}]},{"@type":"WebSite","@id":"https:\/\/www.daniperezfotografia.es\/wordpress\/#website","url":"https:\/\/www.daniperezfotografia.es\/wordpress\/","name":"Dani Perez Fotografia | Fotografo Profesional en Madrid","description":"Reportajes de bodas, bautizos, comuniones y sesiones de familia para particulares. Eventos, conferencias y retrato corporativo para empresas. Video de conferencias","publisher":{"@id":"https:\/\/www.daniperezfotografia.es\/wordpress\/#organization"},"potentialAction":[{"@type":"SearchAction","target":{"@type":"EntryPoint","urlTemplate":"https:\/\/www.daniperezfotografia.es\/wordpress\/?s={search_term_string}"},"query-input":{"@type":"PropertyValueSpecification","valueRequired":true,"valueName":"search_term_string"}}],"inLanguage":"es"},{"@type":"Organization","@id":"https:\/\/www.daniperezfotografia.es\/wordpress\/#organization","name":"Dani Perez Fotografia y Video","url":"https:\/\/www.daniperezfotografia.es\/wordpress\/","logo":{"@type":"ImageObject","inLanguage":"es","@id":"https:\/\/www.daniperezfotografia.es\/wordpress\/#\/schema\/logo\/image\/","url":"","contentUrl":"","caption":"Dani Perez Fotografia y Video"},"image":{"@id":"https:\/\/www.daniperezfotografia.es\/wordpress\/#\/schema\/logo\/image\/"},"sameAs":["https:\/\/www.facebook.com\/daniperezfotografia","https:\/\/x.com\/daniperezfoto","https:\/\/instagram.com\/daniperezfotografia\/","https:\/\/www.linkedin.com\/pub\/dani-perez-fotografo\/b2\/3b0\/594"]},{"@type":"Person","@id":"https:\/\/www.daniperezfotografia.es\/wordpress\/#\/schema\/person\/e182c086037e8185dcc7e99e2c589a63","name":"Dani","sameAs":["http:\/\/www.daniperezfotografia.es","https:\/\/www.facebook.com\/daniperezfotografia","https:\/\/x.com\/daniperezfoto"]}]}},"_links":{"self":[{"href":"https:\/\/www.daniperezfotografia.es\/wordpress\/wp-json\/wp\/v2\/posts\/6640","targetHints":{"allow":["GET"]}}],"collection":[{"href":"https:\/\/www.daniperezfotografia.es\/wordpress\/wp-json\/wp\/v2\/posts"}],"about":[{"href":"https:\/\/www.daniperezfotografia.es\/wordpress\/wp-json\/wp\/v2\/types\/post"}],"author":[{"embeddable":true,"href":"https:\/\/www.daniperezfotografia.es\/wordpress\/wp-json\/wp\/v2\/users\/1"}],"replies":[{"embeddable":true,"href":"https:\/\/www.daniperezfotografia.es\/wordpress\/wp-json\/wp\/v2\/comments?post=6640"}],"version-history":[{"count":3,"href":"https:\/\/www.daniperezfotografia.es\/wordpress\/wp-json\/wp\/v2\/posts\/6640\/revisions"}],"predecessor-version":[{"id":13420,"href":"https:\/\/www.daniperezfotografia.es\/wordpress\/wp-json\/wp\/v2\/posts\/6640\/revisions\/13420"}],"wp:featuredmedia":[{"embeddable":true,"href":"https:\/\/www.daniperezfotografia.es\/wordpress\/wp-json\/wp\/v2\/media\/11322"}],"wp:attachment":[{"href":"https:\/\/www.daniperezfotografia.es\/wordpress\/wp-json\/wp\/v2\/media?parent=6640"}],"wp:term":[{"taxonomy":"category","embeddable":true,"href":"https:\/\/www.daniperezfotografia.es\/wordpress\/wp-json\/wp\/v2\/categories?post=6640"},{"taxonomy":"post_tag","embeddable":true,"href":"https:\/\/www.daniperezfotografia.es\/wordpress\/wp-json\/wp\/v2\/tags?post=6640"}],"curies":[{"name":"wp","href":"https:\/\/api.w.org\/{rel}","templated":true}]}}