{"id":5998,"date":"2013-06-24T09:34:38","date_gmt":"2013-06-24T08:34:38","guid":{"rendered":"http:\/\/www.daniperezfotografia.es\/wordpress\/?p=5998"},"modified":"2020-05-18T11:52:56","modified_gmt":"2020-05-18T10:52:56","slug":"alma-ivan-boda-en-la-quinta-del-jarama","status":"publish","type":"post","link":"https:\/\/www.daniperezfotografia.es\/wordpress\/bodas\/alma-ivan-boda-en-la-quinta-del-jarama","title":{"rendered":"Boda en la Quinta del Jarama"},"content":{"rendered":"<p>&nbsp;<\/p>\n<p>Alma e Iv\u00e1n se conocen desde ni\u00f1os, siempre han vivido cerca y por fin se ha dado el S\u00cd QUIERO, que sella el amor del uno por el otro. Una emotiva ceremonia civil en la finca <strong>Quinta del Jarama<\/strong> en San Sebasti\u00e1n de los Reyes, Madrid. Gracias a Virginia Gimeno por confiar en m\u00ed para ser su segundo fot\u00f3grafo y ayudarla a contar esta bonita historia de amor<\/p>\n<p><img loading=\"lazy\" decoding=\"async\" class=\"aligncenter size-full wp-image-6026\" src=\"http:\/\/www.daniperezfotografia.es\/wordpress\/wp-content\/uploads\/2013\/06\/fotos-boda-alma-ivan-quinta-del-jarama-11.jpg\" alt=\"foto de boda en la Quinta del Jarama de San Sebastian de los Reyes\" width=\"900\" height=\"599\" srcset=\"https:\/\/www.daniperezfotografia.es\/wordpress\/wp-content\/uploads\/2013\/06\/fotos-boda-alma-ivan-quinta-del-jarama-11.jpg 900w, https:\/\/www.daniperezfotografia.es\/wordpress\/wp-content\/uploads\/2013\/06\/fotos-boda-alma-ivan-quinta-del-jarama-11-750x499.jpg 750w\" sizes=\"auto, (max-width: 900px) 100vw, 900px\" \/><img loading=\"lazy\" decoding=\"async\" class=\"aligncenter size-full wp-image-6033\" src=\"http:\/\/www.daniperezfotografia.es\/wordpress\/wp-content\/uploads\/2013\/06\/fotos-boda-alma-ivan-quinta-del-jarama-18.jpg\" alt=\"foto de boda en la Quinta del Jarama de San Sebastian de los Reyes\" width=\"900\" height=\"600\" srcset=\"https:\/\/www.daniperezfotografia.es\/wordpress\/wp-content\/uploads\/2013\/06\/fotos-boda-alma-ivan-quinta-del-jarama-18.jpg 900w, https:\/\/www.daniperezfotografia.es\/wordpress\/wp-content\/uploads\/2013\/06\/fotos-boda-alma-ivan-quinta-del-jarama-18-750x500.jpg 750w\" sizes=\"auto, (max-width: 900px) 100vw, 900px\" \/><img loading=\"lazy\" decoding=\"async\" class=\"aligncenter size-full wp-image-6027\" src=\"http:\/\/www.daniperezfotografia.es\/wordpress\/wp-content\/uploads\/2013\/06\/fotos-boda-alma-ivan-quinta-del-jarama-12.jpg\" alt=\"foto de boda en la Quinta del Jarama de San Sebastian de los Reyes\" width=\"900\" height=\"600\" srcset=\"https:\/\/www.daniperezfotografia.es\/wordpress\/wp-content\/uploads\/2013\/06\/fotos-boda-alma-ivan-quinta-del-jarama-12.jpg 900w, https:\/\/www.daniperezfotografia.es\/wordpress\/wp-content\/uploads\/2013\/06\/fotos-boda-alma-ivan-quinta-del-jarama-12-750x500.jpg 750w\" sizes=\"auto, (max-width: 900px) 100vw, 900px\" \/><img loading=\"lazy\" decoding=\"async\" class=\"aligncenter size-full wp-image-6028\" src=\"http:\/\/www.daniperezfotografia.es\/wordpress\/wp-content\/uploads\/2013\/06\/fotos-boda-alma-ivan-quinta-del-jarama-13.jpg\" alt=\"foto de boda en la Quinta del Jarama de San Sebastian de los Reyes\" width=\"900\" height=\"600\" srcset=\"https:\/\/www.daniperezfotografia.es\/wordpress\/wp-content\/uploads\/2013\/06\/fotos-boda-alma-ivan-quinta-del-jarama-13.jpg 900w, https:\/\/www.daniperezfotografia.es\/wordpress\/wp-content\/uploads\/2013\/06\/fotos-boda-alma-ivan-quinta-del-jarama-13-750x500.jpg 750w\" sizes=\"auto, (max-width: 900px) 100vw, 900px\" \/><img loading=\"lazy\" decoding=\"async\" class=\"aligncenter size-full wp-image-6029\" src=\"http:\/\/www.daniperezfotografia.es\/wordpress\/wp-content\/uploads\/2013\/06\/fotos-boda-alma-ivan-quinta-del-jarama-091.jpg\" alt=\"foto de boda en la Quinta del Jarama de San Sebastian de los Reyes\" width=\"900\" height=\"600\" srcset=\"https:\/\/www.daniperezfotografia.es\/wordpress\/wp-content\/uploads\/2013\/06\/fotos-boda-alma-ivan-quinta-del-jarama-091.jpg 900w, https:\/\/www.daniperezfotografia.es\/wordpress\/wp-content\/uploads\/2013\/06\/fotos-boda-alma-ivan-quinta-del-jarama-091-750x500.jpg 750w\" sizes=\"auto, (max-width: 900px) 100vw, 900px\" \/><img loading=\"lazy\" decoding=\"async\" class=\"aligncenter size-full wp-image-6031\" src=\"http:\/\/www.daniperezfotografia.es\/wordpress\/wp-content\/uploads\/2013\/06\/fotos-boda-alma-ivan-quinta-del-jarama-101.jpg\" alt=\"foto de boda en la Quinta del Jarama de San Sebastian de los Reyes\" width=\"900\" height=\"600\" srcset=\"https:\/\/www.daniperezfotografia.es\/wordpress\/wp-content\/uploads\/2013\/06\/fotos-boda-alma-ivan-quinta-del-jarama-101.jpg 900w, https:\/\/www.daniperezfotografia.es\/wordpress\/wp-content\/uploads\/2013\/06\/fotos-boda-alma-ivan-quinta-del-jarama-101-750x500.jpg 750w\" sizes=\"auto, (max-width: 900px) 100vw, 900px\" \/><img loading=\"lazy\" decoding=\"async\" class=\"aligncenter size-full wp-image-6020\" src=\"http:\/\/www.daniperezfotografia.es\/wordpress\/wp-content\/uploads\/2013\/06\/fotos-boda-alma-ivan-quinta-del-jarama-14.jpg\" alt=\"foto de boda en la Quinta del Jarama de San Sebastian de los Reyes\" width=\"900\" height=\"365\" srcset=\"https:\/\/www.daniperezfotografia.es\/wordpress\/wp-content\/uploads\/2013\/06\/fotos-boda-alma-ivan-quinta-del-jarama-14.jpg 900w, https:\/\/www.daniperezfotografia.es\/wordpress\/wp-content\/uploads\/2013\/06\/fotos-boda-alma-ivan-quinta-del-jarama-14-750x304.jpg 750w\" sizes=\"auto, (max-width: 900px) 100vw, 900px\" \/><img loading=\"lazy\" decoding=\"async\" class=\"aligncenter size-full wp-image-6022\" src=\"http:\/\/www.daniperezfotografia.es\/wordpress\/wp-content\/uploads\/2013\/06\/fotos-boda-alma-ivan-quinta-del-jarama-16.jpg\" alt=\"foto de boda en la Quinta del Jarama de San Sebastian de los Reyes\" width=\"900\" height=\"600\" srcset=\"https:\/\/www.daniperezfotografia.es\/wordpress\/wp-content\/uploads\/2013\/06\/fotos-boda-alma-ivan-quinta-del-jarama-16.jpg 900w, https:\/\/www.daniperezfotografia.es\/wordpress\/wp-content\/uploads\/2013\/06\/fotos-boda-alma-ivan-quinta-del-jarama-16-750x500.jpg 750w\" sizes=\"auto, (max-width: 900px) 100vw, 900px\" \/><img loading=\"lazy\" decoding=\"async\" class=\"aligncenter size-full wp-image-6021\" src=\"http:\/\/www.daniperezfotografia.es\/wordpress\/wp-content\/uploads\/2013\/06\/fotos-boda-alma-ivan-quinta-del-jarama-15.jpg\" alt=\"foto de boda en la Quinta del Jarama de San Sebastian de los Reyes\" width=\"900\" height=\"300\" srcset=\"https:\/\/www.daniperezfotografia.es\/wordpress\/wp-content\/uploads\/2013\/06\/fotos-boda-alma-ivan-quinta-del-jarama-15.jpg 900w, https:\/\/www.daniperezfotografia.es\/wordpress\/wp-content\/uploads\/2013\/06\/fotos-boda-alma-ivan-quinta-del-jarama-15-750x250.jpg 750w\" sizes=\"auto, (max-width: 900px) 100vw, 900px\" \/><img loading=\"lazy\" decoding=\"async\" class=\"aligncenter size-full wp-image-6023\" src=\"http:\/\/www.daniperezfotografia.es\/wordpress\/wp-content\/uploads\/2013\/06\/fotos-boda-alma-ivan-quinta-del-jarama-17.jpg\" alt=\"foto de boda en la Quinta del Jarama de San Sebastian de los Reyes\" width=\"900\" height=\"300\" srcset=\"https:\/\/www.daniperezfotografia.es\/wordpress\/wp-content\/uploads\/2013\/06\/fotos-boda-alma-ivan-quinta-del-jarama-17.jpg 900w, https:\/\/www.daniperezfotografia.es\/wordpress\/wp-content\/uploads\/2013\/06\/fotos-boda-alma-ivan-quinta-del-jarama-17-750x250.jpg 750w\" sizes=\"auto, (max-width: 900px) 100vw, 900px\" \/><img loading=\"lazy\" decoding=\"async\" class=\"aligncenter size-full wp-image-6039\" src=\"http:\/\/www.daniperezfotografia.es\/wordpress\/wp-content\/uploads\/2013\/06\/fotos-boda-alma-ivan-quinta-del-jarama-19.jpg\" alt=\"foto de boda en la Quinta del Jarama de San Sebastian de los Reyes\" width=\"900\" height=\"599\" srcset=\"https:\/\/www.daniperezfotografia.es\/wordpress\/wp-content\/uploads\/2013\/06\/fotos-boda-alma-ivan-quinta-del-jarama-19.jpg 900w, https:\/\/www.daniperezfotografia.es\/wordpress\/wp-content\/uploads\/2013\/06\/fotos-boda-alma-ivan-quinta-del-jarama-19-750x499.jpg 750w\" sizes=\"auto, (max-width: 900px) 100vw, 900px\" \/><img loading=\"lazy\" decoding=\"async\" class=\"aligncenter size-full wp-image-6037\" src=\"http:\/\/www.daniperezfotografia.es\/wordpress\/wp-content\/uploads\/2013\/06\/fotos-boda-alma-ivan-quinta-del-jarama-20.jpg\" alt=\"foto de boda en la Quinta del Jarama de San Sebastian de los Reyes\" width=\"900\" height=\"600\" srcset=\"https:\/\/www.daniperezfotografia.es\/wordpress\/wp-content\/uploads\/2013\/06\/fotos-boda-alma-ivan-quinta-del-jarama-20.jpg 900w, https:\/\/www.daniperezfotografia.es\/wordpress\/wp-content\/uploads\/2013\/06\/fotos-boda-alma-ivan-quinta-del-jarama-20-750x500.jpg 750w\" sizes=\"auto, (max-width: 900px) 100vw, 900px\" \/><img loading=\"lazy\" decoding=\"async\" class=\"aligncenter size-full wp-image-6006\" src=\"http:\/\/www.daniperezfotografia.es\/wordpress\/wp-content\/uploads\/2013\/06\/fotos-boda-alma-ivan-quinta-del-jarama-03.jpg\" alt=\"foto de boda en la Quinta del Jarama de San Sebastian de los Reyes\" width=\"900\" height=\"676\" srcset=\"https:\/\/www.daniperezfotografia.es\/wordpress\/wp-content\/uploads\/2013\/06\/fotos-boda-alma-ivan-quinta-del-jarama-03.jpg 900w, https:\/\/www.daniperezfotografia.es\/wordpress\/wp-content\/uploads\/2013\/06\/fotos-boda-alma-ivan-quinta-del-jarama-03-750x563.jpg 750w\" sizes=\"auto, (max-width: 900px) 100vw, 900px\" \/><img loading=\"lazy\" decoding=\"async\" class=\"aligncenter size-full wp-image-6002\" src=\"http:\/\/www.daniperezfotografia.es\/wordpress\/wp-content\/uploads\/2013\/06\/fotos-boda-alma-ivan-quinta-del-jarama-02.jpg\" alt=\"foto de boda en la Quinta del Jarama de San Sebastian de los Reyes\" width=\"900\" height=\"600\" srcset=\"https:\/\/www.daniperezfotografia.es\/wordpress\/wp-content\/uploads\/2013\/06\/fotos-boda-alma-ivan-quinta-del-jarama-02.jpg 900w, https:\/\/www.daniperezfotografia.es\/wordpress\/wp-content\/uploads\/2013\/06\/fotos-boda-alma-ivan-quinta-del-jarama-02-750x500.jpg 750w\" sizes=\"auto, (max-width: 900px) 100vw, 900px\" \/><img loading=\"lazy\" decoding=\"async\" class=\"aligncenter size-full wp-image-6045\" src=\"http:\/\/www.daniperezfotografia.es\/wordpress\/wp-content\/uploads\/2013\/06\/fotos-boda-alma-ivan-quinta-del-jarama-22.jpg\" alt=\"foto de boda en la Quinta del Jarama de San Sebastian de los Reyes\" width=\"900\" height=\"600\" srcset=\"https:\/\/www.daniperezfotografia.es\/wordpress\/wp-content\/uploads\/2013\/06\/fotos-boda-alma-ivan-quinta-del-jarama-22.jpg 900w, https:\/\/www.daniperezfotografia.es\/wordpress\/wp-content\/uploads\/2013\/06\/fotos-boda-alma-ivan-quinta-del-jarama-22-750x500.jpg 750w\" sizes=\"auto, (max-width: 900px) 100vw, 900px\" \/><img loading=\"lazy\" decoding=\"async\" class=\"aligncenter size-full wp-image-6043\" src=\"http:\/\/www.daniperezfotografia.es\/wordpress\/wp-content\/uploads\/2013\/06\/alma_ivan_20130608_204614.jpg\" alt=\"foto de boda en la Quinta del Jarama de San Sebastian de los Reyes\" width=\"900\" height=\"600\" srcset=\"https:\/\/www.daniperezfotografia.es\/wordpress\/wp-content\/uploads\/2013\/06\/alma_ivan_20130608_204614.jpg 900w, https:\/\/www.daniperezfotografia.es\/wordpress\/wp-content\/uploads\/2013\/06\/alma_ivan_20130608_204614-750x500.jpg 750w\" sizes=\"auto, (max-width: 900px) 100vw, 900px\" \/><img loading=\"lazy\" decoding=\"async\" class=\"aligncenter size-full wp-image-6060\" src=\"http:\/\/www.daniperezfotografia.es\/wordpress\/wp-content\/uploads\/2013\/06\/fotos-boda-alma-ivan-quinta-del-jarama-28.jpg\" alt=\"foto de boda en la Quinta del Jarama de San Sebastian de los Reyes\" width=\"900\" height=\"450\" srcset=\"https:\/\/www.daniperezfotografia.es\/wordpress\/wp-content\/uploads\/2013\/06\/fotos-boda-alma-ivan-quinta-del-jarama-28.jpg 900w, https:\/\/www.daniperezfotografia.es\/wordpress\/wp-content\/uploads\/2013\/06\/fotos-boda-alma-ivan-quinta-del-jarama-28-750x375.jpg 750w\" sizes=\"auto, (max-width: 900px) 100vw, 900px\" \/><img loading=\"lazy\" decoding=\"async\" class=\"aligncenter size-full wp-image-6062\" src=\"http:\/\/www.daniperezfotografia.es\/wordpress\/wp-content\/uploads\/2013\/06\/fotos-boda-alma-ivan-quinta-del-jarama-29.jpg\" alt=\"foto de boda en la Quinta del Jarama de San Sebastian de los Reyes\" width=\"900\" height=\"450\" srcset=\"https:\/\/www.daniperezfotografia.es\/wordpress\/wp-content\/uploads\/2013\/06\/fotos-boda-alma-ivan-quinta-del-jarama-29.jpg 900w, https:\/\/www.daniperezfotografia.es\/wordpress\/wp-content\/uploads\/2013\/06\/fotos-boda-alma-ivan-quinta-del-jarama-29-750x375.jpg 750w\" sizes=\"auto, (max-width: 900px) 100vw, 900px\" \/><img loading=\"lazy\" decoding=\"async\" class=\"aligncenter size-full wp-image-6008\" src=\"http:\/\/www.daniperezfotografia.es\/wordpress\/wp-content\/uploads\/2013\/06\/fotos-boda-alma-ivan-quinta-del-jarama-04.jpg\" alt=\"foto de boda en la Quinta del Jarama de San Sebastian de los Reyes\" width=\"900\" height=\"600\" srcset=\"https:\/\/www.daniperezfotografia.es\/wordpress\/wp-content\/uploads\/2013\/06\/fotos-boda-alma-ivan-quinta-del-jarama-04.jpg 900w, https:\/\/www.daniperezfotografia.es\/wordpress\/wp-content\/uploads\/2013\/06\/fotos-boda-alma-ivan-quinta-del-jarama-04-750x500.jpg 750w\" sizes=\"auto, (max-width: 900px) 100vw, 900px\" \/><img loading=\"lazy\" decoding=\"async\" class=\"aligncenter size-full wp-image-6009\" src=\"http:\/\/www.daniperezfotografia.es\/wordpress\/wp-content\/uploads\/2013\/06\/fotos-boda-alma-ivan-quinta-del-jarama-05.jpg\" alt=\"foto de boda en la Quinta del Jarama de San Sebastian de los Reyes\" width=\"900\" height=\"600\" srcset=\"https:\/\/www.daniperezfotografia.es\/wordpress\/wp-content\/uploads\/2013\/06\/fotos-boda-alma-ivan-quinta-del-jarama-05.jpg 900w, https:\/\/www.daniperezfotografia.es\/wordpress\/wp-content\/uploads\/2013\/06\/fotos-boda-alma-ivan-quinta-del-jarama-05-750x500.jpg 750w\" sizes=\"auto, (max-width: 900px) 100vw, 900px\" \/><img loading=\"lazy\" decoding=\"async\" class=\"aligncenter size-full wp-image-6050\" src=\"http:\/\/www.daniperezfotografia.es\/wordpress\/wp-content\/uploads\/2013\/06\/fotos-boda-alma-ivan-quinta-del-jarama-24.jpg\" alt=\"foto de boda en la Quinta del Jarama de San Sebastian de los Reyes\" width=\"900\" height=\"600\" srcset=\"https:\/\/www.daniperezfotografia.es\/wordpress\/wp-content\/uploads\/2013\/06\/fotos-boda-alma-ivan-quinta-del-jarama-24.jpg 900w, https:\/\/www.daniperezfotografia.es\/wordpress\/wp-content\/uploads\/2013\/06\/fotos-boda-alma-ivan-quinta-del-jarama-24-750x500.jpg 750w\" sizes=\"auto, (max-width: 900px) 100vw, 900px\" \/><img loading=\"lazy\" decoding=\"async\" class=\"aligncenter size-full wp-image-6052\" src=\"http:\/\/www.daniperezfotografia.es\/wordpress\/wp-content\/uploads\/2013\/06\/fotos-boda-alma-ivan-quinta-del-jarama-25.jpg\" alt=\"foto de boda en la Quinta del Jarama de San Sebastian de los Reyes\" width=\"900\" height=\"600\" srcset=\"https:\/\/www.daniperezfotografia.es\/wordpress\/wp-content\/uploads\/2013\/06\/fotos-boda-alma-ivan-quinta-del-jarama-25.jpg 900w, https:\/\/www.daniperezfotografia.es\/wordpress\/wp-content\/uploads\/2013\/06\/fotos-boda-alma-ivan-quinta-del-jarama-25-750x500.jpg 750w\" sizes=\"auto, (max-width: 900px) 100vw, 900px\" \/><img loading=\"lazy\" decoding=\"async\" class=\"aligncenter size-full wp-image-6053\" src=\"http:\/\/www.daniperezfotografia.es\/wordpress\/wp-content\/uploads\/2013\/06\/fotos-boda-alma-ivan-quinta-del-jarama-26.jpg\" alt=\"foto de boda en la Quinta del Jarama de San Sebastian de los Reyes\" width=\"900\" height=\"600\" srcset=\"https:\/\/www.daniperezfotografia.es\/wordpress\/wp-content\/uploads\/2013\/06\/fotos-boda-alma-ivan-quinta-del-jarama-26.jpg 900w, https:\/\/www.daniperezfotografia.es\/wordpress\/wp-content\/uploads\/2013\/06\/fotos-boda-alma-ivan-quinta-del-jarama-26-750x500.jpg 750w\" sizes=\"auto, (max-width: 900px) 100vw, 900px\" \/><img loading=\"lazy\" decoding=\"async\" class=\"aligncenter size-full wp-image-6055\" src=\"http:\/\/www.daniperezfotografia.es\/wordpress\/wp-content\/uploads\/2013\/06\/fotos-boda-alma-ivan-quinta-del-jarama-27.jpg\" alt=\"foto de boda en la Quinta del Jarama de San Sebastian de los Reyes\" width=\"900\" height=\"600\" srcset=\"https:\/\/www.daniperezfotografia.es\/wordpress\/wp-content\/uploads\/2013\/06\/fotos-boda-alma-ivan-quinta-del-jarama-27.jpg 900w, https:\/\/www.daniperezfotografia.es\/wordpress\/wp-content\/uploads\/2013\/06\/fotos-boda-alma-ivan-quinta-del-jarama-27-750x500.jpg 750w\" sizes=\"auto, (max-width: 900px) 100vw, 900px\" \/><img loading=\"lazy\" decoding=\"async\" class=\"aligncenter size-full wp-image-6011\" src=\"http:\/\/www.daniperezfotografia.es\/wordpress\/wp-content\/uploads\/2013\/06\/fotos-boda-alma-ivan-quinta-del-jarama-06.jpg\" alt=\"foto de boda en la Quinta del Jarama de San Sebastian de los Reyes\" width=\"900\" height=\"600\" srcset=\"https:\/\/www.daniperezfotografia.es\/wordpress\/wp-content\/uploads\/2013\/06\/fotos-boda-alma-ivan-quinta-del-jarama-06.jpg 900w, https:\/\/www.daniperezfotografia.es\/wordpress\/wp-content\/uploads\/2013\/06\/fotos-boda-alma-ivan-quinta-del-jarama-06-750x500.jpg 750w\" sizes=\"auto, (max-width: 900px) 100vw, 900px\" \/><img loading=\"lazy\" decoding=\"async\" class=\"aligncenter size-full wp-image-6016\" src=\"http:\/\/www.daniperezfotografia.es\/wordpress\/wp-content\/uploads\/2013\/06\/fotos-boda-alma-ivan-quinta-del-jarama-07.jpg\" alt=\"foto de boda en la Quinta del Jarama de San Sebastian de los Reyes\" width=\"900\" height=\"514\" srcset=\"https:\/\/www.daniperezfotografia.es\/wordpress\/wp-content\/uploads\/2013\/06\/fotos-boda-alma-ivan-quinta-del-jarama-07.jpg 900w, https:\/\/www.daniperezfotografia.es\/wordpress\/wp-content\/uploads\/2013\/06\/fotos-boda-alma-ivan-quinta-del-jarama-07-750x428.jpg 750w\" sizes=\"auto, (max-width: 900px) 100vw, 900px\" \/><img loading=\"lazy\" decoding=\"async\" class=\"aligncenter size-full wp-image-6014\" src=\"http:\/\/www.daniperezfotografia.es\/wordpress\/wp-content\/uploads\/2013\/06\/fotos-boda-alma-ivan-quinta-del-jarama-08.jpg\" alt=\"foto de boda en la Quinta del Jarama de San Sebastian de los Reyes\" width=\"900\" height=\"354\" srcset=\"https:\/\/www.daniperezfotografia.es\/wordpress\/wp-content\/uploads\/2013\/06\/fotos-boda-alma-ivan-quinta-del-jarama-08.jpg 900w, https:\/\/www.daniperezfotografia.es\/wordpress\/wp-content\/uploads\/2013\/06\/fotos-boda-alma-ivan-quinta-del-jarama-08-750x295.jpg 750w\" sizes=\"auto, (max-width: 900px) 100vw, 900px\" \/><img loading=\"lazy\" decoding=\"async\" class=\"aligncenter size-full wp-image-5999\" src=\"http:\/\/www.daniperezfotografia.es\/wordpress\/wp-content\/uploads\/2013\/06\/fotos-boda-alma-ivan-quinta-del-jarama-01.jpg\" alt=\"fotos-boda-alma-ivan-quinta-del-jarama-01\" width=\"900\" height=\"600\" srcset=\"https:\/\/www.daniperezfotografia.es\/wordpress\/wp-content\/uploads\/2013\/06\/fotos-boda-alma-ivan-quinta-del-jarama-01.jpg 900w, https:\/\/www.daniperezfotografia.es\/wordpress\/wp-content\/uploads\/2013\/06\/fotos-boda-alma-ivan-quinta-del-jarama-01-750x500.jpg 750w, https:\/\/www.daniperezfotografia.es\/wordpress\/wp-content\/uploads\/2013\/06\/fotos-boda-alma-ivan-quinta-del-jarama-01-273x182.jpg 273w, https:\/\/www.daniperezfotografia.es\/wordpress\/wp-content\/uploads\/2013\/06\/fotos-boda-alma-ivan-quinta-del-jarama-01-546x364.jpg 546w, https:\/\/www.daniperezfotografia.es\/wordpress\/wp-content\/uploads\/2013\/06\/fotos-boda-alma-ivan-quinta-del-jarama-01-598x398.jpg 598w, https:\/\/www.daniperezfotografia.es\/wordpress\/wp-content\/uploads\/2013\/06\/fotos-boda-alma-ivan-quinta-del-jarama-01-420x280.jpg 420w, https:\/\/www.daniperezfotografia.es\/wordpress\/wp-content\/uploads\/2013\/06\/fotos-boda-alma-ivan-quinta-del-jarama-01-840x560.jpg 840w, https:\/\/www.daniperezfotografia.es\/wordpress\/wp-content\/uploads\/2013\/06\/fotos-boda-alma-ivan-quinta-del-jarama-01-253x168.jpg 253w, https:\/\/www.daniperezfotografia.es\/wordpress\/wp-content\/uploads\/2013\/06\/fotos-boda-alma-ivan-quinta-del-jarama-01-506x336.jpg 506w, https:\/\/www.daniperezfotografia.es\/wordpress\/wp-content\/uploads\/2013\/06\/fotos-boda-alma-ivan-quinta-del-jarama-01-225x150.jpg 225w, https:\/\/www.daniperezfotografia.es\/wordpress\/wp-content\/uploads\/2013\/06\/fotos-boda-alma-ivan-quinta-del-jarama-01-450x300.jpg 450w, https:\/\/www.daniperezfotografia.es\/wordpress\/wp-content\/uploads\/2013\/06\/fotos-boda-alma-ivan-quinta-del-jarama-01-312x208.jpg 312w, https:\/\/www.daniperezfotografia.es\/wordpress\/wp-content\/uploads\/2013\/06\/fotos-boda-alma-ivan-quinta-del-jarama-01-624x416.jpg 624w, https:\/\/www.daniperezfotografia.es\/wordpress\/wp-content\/uploads\/2013\/06\/fotos-boda-alma-ivan-quinta-del-jarama-01-293x195.jpg 293w, https:\/\/www.daniperezfotografia.es\/wordpress\/wp-content\/uploads\/2013\/06\/fotos-boda-alma-ivan-quinta-del-jarama-01-586x390.jpg 586w, https:\/\/www.daniperezfotografia.es\/wordpress\/wp-content\/uploads\/2013\/06\/fotos-boda-alma-ivan-quinta-del-jarama-01-316x210.jpg 316w, https:\/\/www.daniperezfotografia.es\/wordpress\/wp-content\/uploads\/2013\/06\/fotos-boda-alma-ivan-quinta-del-jarama-01-632x420.jpg 632w, https:\/\/www.daniperezfotografia.es\/wordpress\/wp-content\/uploads\/2013\/06\/fotos-boda-alma-ivan-quinta-del-jarama-01-736x490.jpg 736w, https:\/\/www.daniperezfotografia.es\/wordpress\/wp-content\/uploads\/2013\/06\/fotos-boda-alma-ivan-quinta-del-jarama-01-286x190.jpg 286w, https:\/\/www.daniperezfotografia.es\/wordpress\/wp-content\/uploads\/2013\/06\/fotos-boda-alma-ivan-quinta-del-jarama-01-572x380.jpg 572w, https:\/\/www.daniperezfotografia.es\/wordpress\/wp-content\/uploads\/2013\/06\/fotos-boda-alma-ivan-quinta-del-jarama-01-300x200.jpg 300w, https:\/\/www.daniperezfotografia.es\/wordpress\/wp-content\/uploads\/2013\/06\/fotos-boda-alma-ivan-quinta-del-jarama-01-600x400.jpg 600w\" sizes=\"auto, (max-width: 900px) 100vw, 900px\" \/><\/p>\n<p style=\"text-align: center;\"><em>Primer fot\u00f3grafo<\/em>\u00a0<a title=\"Virginia Gimeno Fot\u00f3grafos\" href=\"http:\/\/www.virginiagimeno.com\" target=\"_blank\" rel=\"noopener noreferrer\">Virginia Gimeno<\/a>\u00a0|\u00a0<em>Vestido de novia<\/em>\u00a0<a title=\"Vestidos de novia Aire Barcelona\" href=\"http:\/\/www.airebarcelona.es\/es\/index.html\" target=\"_blank\" rel=\"noopener noreferrer\">Aire Barcelona<\/a>\u00a0|\u00a0<em>Ceremonia y Celebraci\u00f3n<\/em>\u00a0<a title=\"La Quinta del Jarama\" href=\"http:\/\/www.laquintadejarama.com\/laquintadejarama\/\" target=\"_blank\" rel=\"noopener noreferrer\">La Quinta del Jarama<\/a>\u00a0|\u00a0<em>Catering<\/em>\u00a0<a title=\"La Quinta del Jarama\" href=\"http:\/\/www.laquintadejarama.com\/laquintadejarama\/\" target=\"_blank\" rel=\"noopener noreferrer\">La Quinta del Jarama<\/a>\u00a0|\u00a0<em>Peluquer\u00eda<\/em>\u00a0<a title=\"Moga Estilistas\" href=\"http:\/\/mogaestilista.com\/\" target=\"_blank\" rel=\"noopener noreferrer\">Moga Estilistas<\/a>\u00a0|\u00a0<em>Maquillaje<\/em> Ana Chica<\/p>\n","protected":false},"excerpt":{"rendered":"<p>&nbsp; Alma e Iv\u00e1n se conocen desde ni\u00f1os, siempre han vivido cerca y por fin se ha dado el S\u00cd QUIERO, que sella el amor del uno por el otro. Una emotiva ceremonia civil en la finca Quinta del Jarama en San Sebasti\u00e1n de los Reyes, Madrid. Gracias a Virginia Gimeno por confiar en m\u00ed [&hellip;]<\/p>\n","protected":false},"author":1,"featured_media":11071,"comment_status":"open","ping_status":"open","sticky":false,"template":"","format":"standard","meta":{"footnotes":""},"categories":[63],"tags":[],"class_list":["post-5998","post","type-post","status-publish","format-standard","has-post-thumbnail","hentry","category-bodas"],"blocksy_meta":{"styles_descriptor":{"styles":{"desktop":"","tablet":"","mobile":""},"google_fonts":[],"version":6}},"yoast_head":"<!-- This site is optimized with the Yoast SEO plugin v27.4 - https:\/\/yoast.com\/product\/yoast-seo-wordpress\/ -->\n<title>Fotos de boda en la Quinta del Jarama<\/title>\n<meta name=\"description\" content=\"Reportaje de boda civil en exteriores en la Finca la Quinta del Jarama, en San Sebastian de los Reyes, Madrid. Fotografo de Boda en Madrid, como segundo fot\u00f3grafo de Virginia Gimeno\" \/>\n<meta name=\"robots\" content=\"index, follow, max-snippet:-1, max-image-preview:large, max-video-preview:-1\" \/>\n<link rel=\"canonical\" href=\"http:\/\/www.daniperezfotografia.es\/wordpress\/bodas\/alma-ivan-boda-en-la-quinta-del-jarama\" \/>\n<meta property=\"og:locale\" content=\"es_ES\" \/>\n<meta property=\"og:type\" content=\"article\" \/>\n<meta property=\"og:title\" content=\"Fotos de boda en la Quinta del Jarama\" \/>\n<meta property=\"og:description\" content=\"Reportaje de boda civil en exteriores en la Finca la Quinta del Jarama, en San Sebastian de los Reyes, Madrid. Fotografo de Boda en Madrid, como segundo fot\u00f3grafo de Virginia Gimeno\" \/>\n<meta property=\"og:url\" content=\"http:\/\/www.daniperezfotografia.es\/wordpress\/bodas\/alma-ivan-boda-en-la-quinta-del-jarama\" \/>\n<meta property=\"og:site_name\" content=\"Dani Perez Fotografia | Fotografo Profesional en Madrid\" \/>\n<meta property=\"article:publisher\" content=\"https:\/\/www.facebook.com\/daniperezfotografia\" \/>\n<meta property=\"article:author\" content=\"https:\/\/www.facebook.com\/daniperezfotografia\" \/>\n<meta property=\"article:published_time\" content=\"2013-06-24T08:34:38+00:00\" \/>\n<meta property=\"article:modified_time\" content=\"2020-05-18T10:52:56+00:00\" \/>\n<meta property=\"og:image\" content=\"http:\/\/www.daniperezfotografia.es\/wordpress\/wp-content\/uploads\/2013\/06\/alma-ivan-boda-quinta-jarama-1100.jpg\" \/>\n\t<meta property=\"og:image:width\" content=\"1100\" \/>\n\t<meta property=\"og:image:height\" content=\"733\" \/>\n\t<meta property=\"og:image:type\" content=\"image\/jpeg\" \/>\n<meta name=\"author\" content=\"Dani\" \/>\n<meta name=\"twitter:card\" content=\"summary_large_image\" \/>\n<meta name=\"twitter:creator\" content=\"@daniperezfoto\" \/>\n<meta name=\"twitter:site\" content=\"@daniperezfoto\" \/>\n<meta name=\"twitter:label1\" content=\"Escrito por\" \/>\n\t<meta name=\"twitter:data1\" content=\"Dani\" \/>\n\t<meta name=\"twitter:label2\" content=\"Tiempo de lectura\" \/>\n\t<meta name=\"twitter:data2\" content=\"1 minuto\" \/>\n<script type=\"application\/ld+json\" class=\"yoast-schema-graph\">{\"@context\":\"https:\\\/\\\/schema.org\",\"@graph\":[{\"@type\":\"Article\",\"@id\":\"http:\\\/\\\/www.daniperezfotografia.es\\\/wordpress\\\/bodas\\\/alma-ivan-boda-en-la-quinta-del-jarama#article\",\"isPartOf\":{\"@id\":\"http:\\\/\\\/www.daniperezfotografia.es\\\/wordpress\\\/bodas\\\/alma-ivan-boda-en-la-quinta-del-jarama\"},\"author\":{\"name\":\"Dani\",\"@id\":\"https:\\\/\\\/www.daniperezfotografia.es\\\/wordpress\\\/#\\\/schema\\\/person\\\/e182c086037e8185dcc7e99e2c589a63\"},\"headline\":\"Boda en la Quinta del Jarama\",\"datePublished\":\"2013-06-24T08:34:38+00:00\",\"dateModified\":\"2020-05-18T10:52:56+00:00\",\"mainEntityOfPage\":{\"@id\":\"http:\\\/\\\/www.daniperezfotografia.es\\\/wordpress\\\/bodas\\\/alma-ivan-boda-en-la-quinta-del-jarama\"},\"wordCount\":109,\"commentCount\":1,\"publisher\":{\"@id\":\"https:\\\/\\\/www.daniperezfotografia.es\\\/wordpress\\\/#organization\"},\"image\":{\"@id\":\"http:\\\/\\\/www.daniperezfotografia.es\\\/wordpress\\\/bodas\\\/alma-ivan-boda-en-la-quinta-del-jarama#primaryimage\"},\"thumbnailUrl\":\"https:\\\/\\\/www.daniperezfotografia.es\\\/wordpress\\\/wp-content\\\/uploads\\\/2013\\\/06\\\/alma-ivan-boda-quinta-jarama-1100.jpg\",\"articleSection\":[\"Reportajes de Bodas\"],\"inLanguage\":\"es\",\"potentialAction\":[{\"@type\":\"CommentAction\",\"name\":\"Comment\",\"target\":[\"http:\\\/\\\/www.daniperezfotografia.es\\\/wordpress\\\/bodas\\\/alma-ivan-boda-en-la-quinta-del-jarama#respond\"]}]},{\"@type\":\"WebPage\",\"@id\":\"http:\\\/\\\/www.daniperezfotografia.es\\\/wordpress\\\/bodas\\\/alma-ivan-boda-en-la-quinta-del-jarama\",\"url\":\"http:\\\/\\\/www.daniperezfotografia.es\\\/wordpress\\\/bodas\\\/alma-ivan-boda-en-la-quinta-del-jarama\",\"name\":\"Fotos de boda en la Quinta del Jarama\",\"isPartOf\":{\"@id\":\"https:\\\/\\\/www.daniperezfotografia.es\\\/wordpress\\\/#website\"},\"primaryImageOfPage\":{\"@id\":\"http:\\\/\\\/www.daniperezfotografia.es\\\/wordpress\\\/bodas\\\/alma-ivan-boda-en-la-quinta-del-jarama#primaryimage\"},\"image\":{\"@id\":\"http:\\\/\\\/www.daniperezfotografia.es\\\/wordpress\\\/bodas\\\/alma-ivan-boda-en-la-quinta-del-jarama#primaryimage\"},\"thumbnailUrl\":\"https:\\\/\\\/www.daniperezfotografia.es\\\/wordpress\\\/wp-content\\\/uploads\\\/2013\\\/06\\\/alma-ivan-boda-quinta-jarama-1100.jpg\",\"datePublished\":\"2013-06-24T08:34:38+00:00\",\"dateModified\":\"2020-05-18T10:52:56+00:00\",\"description\":\"Reportaje de boda civil en exteriores en la Finca la Quinta del Jarama, en San Sebastian de los Reyes, Madrid. Fotografo de Boda en Madrid, como segundo fot\u00f3grafo de Virginia Gimeno\",\"breadcrumb\":{\"@id\":\"http:\\\/\\\/www.daniperezfotografia.es\\\/wordpress\\\/bodas\\\/alma-ivan-boda-en-la-quinta-del-jarama#breadcrumb\"},\"inLanguage\":\"es\",\"potentialAction\":[{\"@type\":\"ReadAction\",\"target\":[\"http:\\\/\\\/www.daniperezfotografia.es\\\/wordpress\\\/bodas\\\/alma-ivan-boda-en-la-quinta-del-jarama\"]}]},{\"@type\":\"ImageObject\",\"inLanguage\":\"es\",\"@id\":\"http:\\\/\\\/www.daniperezfotografia.es\\\/wordpress\\\/bodas\\\/alma-ivan-boda-en-la-quinta-del-jarama#primaryimage\",\"url\":\"https:\\\/\\\/www.daniperezfotografia.es\\\/wordpress\\\/wp-content\\\/uploads\\\/2013\\\/06\\\/alma-ivan-boda-quinta-jarama-1100.jpg\",\"contentUrl\":\"https:\\\/\\\/www.daniperezfotografia.es\\\/wordpress\\\/wp-content\\\/uploads\\\/2013\\\/06\\\/alma-ivan-boda-quinta-jarama-1100.jpg\",\"width\":1100,\"height\":733,\"caption\":\"Alma + Ivan | Boda en la Quinta del Jarama\"},{\"@type\":\"BreadcrumbList\",\"@id\":\"http:\\\/\\\/www.daniperezfotografia.es\\\/wordpress\\\/bodas\\\/alma-ivan-boda-en-la-quinta-del-jarama#breadcrumb\",\"itemListElement\":[{\"@type\":\"ListItem\",\"position\":1,\"name\":\"Portada\",\"item\":\"https:\\\/\\\/www.daniperezfotografia.es\\\/wordpress\\\/\"},{\"@type\":\"ListItem\",\"position\":2,\"name\":\"Boda en la Quinta del Jarama\"}]},{\"@type\":\"WebSite\",\"@id\":\"https:\\\/\\\/www.daniperezfotografia.es\\\/wordpress\\\/#website\",\"url\":\"https:\\\/\\\/www.daniperezfotografia.es\\\/wordpress\\\/\",\"name\":\"Dani Perez Fotografia | Fotografo Profesional en Madrid\",\"description\":\"Reportajes de bodas, bautizos, comuniones y sesiones de familia para particulares. Eventos, conferencias y retrato corporativo para empresas. Video de conferencias\",\"publisher\":{\"@id\":\"https:\\\/\\\/www.daniperezfotografia.es\\\/wordpress\\\/#organization\"},\"potentialAction\":[{\"@type\":\"SearchAction\",\"target\":{\"@type\":\"EntryPoint\",\"urlTemplate\":\"https:\\\/\\\/www.daniperezfotografia.es\\\/wordpress\\\/?s={search_term_string}\"},\"query-input\":{\"@type\":\"PropertyValueSpecification\",\"valueRequired\":true,\"valueName\":\"search_term_string\"}}],\"inLanguage\":\"es\"},{\"@type\":\"Organization\",\"@id\":\"https:\\\/\\\/www.daniperezfotografia.es\\\/wordpress\\\/#organization\",\"name\":\"Dani Perez Fotografia y Video\",\"url\":\"https:\\\/\\\/www.daniperezfotografia.es\\\/wordpress\\\/\",\"logo\":{\"@type\":\"ImageObject\",\"inLanguage\":\"es\",\"@id\":\"https:\\\/\\\/www.daniperezfotografia.es\\\/wordpress\\\/#\\\/schema\\\/logo\\\/image\\\/\",\"url\":\"\",\"contentUrl\":\"\",\"caption\":\"Dani Perez Fotografia y Video\"},\"image\":{\"@id\":\"https:\\\/\\\/www.daniperezfotografia.es\\\/wordpress\\\/#\\\/schema\\\/logo\\\/image\\\/\"},\"sameAs\":[\"https:\\\/\\\/www.facebook.com\\\/daniperezfotografia\",\"https:\\\/\\\/x.com\\\/daniperezfoto\",\"https:\\\/\\\/instagram.com\\\/daniperezfotografia\\\/\",\"https:\\\/\\\/www.linkedin.com\\\/pub\\\/dani-perez-fotografo\\\/b2\\\/3b0\\\/594\"]},{\"@type\":\"Person\",\"@id\":\"https:\\\/\\\/www.daniperezfotografia.es\\\/wordpress\\\/#\\\/schema\\\/person\\\/e182c086037e8185dcc7e99e2c589a63\",\"name\":\"Dani\",\"sameAs\":[\"http:\\\/\\\/www.daniperezfotografia.es\",\"https:\\\/\\\/www.facebook.com\\\/daniperezfotografia\",\"https:\\\/\\\/x.com\\\/daniperezfoto\"]}]}<\/script>\n<!-- \/ Yoast SEO plugin. -->","yoast_head_json":{"title":"Fotos de boda en la Quinta del Jarama","description":"Reportaje de boda civil en exteriores en la Finca la Quinta del Jarama, en San Sebastian de los Reyes, Madrid. Fotografo de Boda en Madrid, como segundo fot\u00f3grafo de Virginia Gimeno","robots":{"index":"index","follow":"follow","max-snippet":"max-snippet:-1","max-image-preview":"max-image-preview:large","max-video-preview":"max-video-preview:-1"},"canonical":"http:\/\/www.daniperezfotografia.es\/wordpress\/bodas\/alma-ivan-boda-en-la-quinta-del-jarama","og_locale":"es_ES","og_type":"article","og_title":"Fotos de boda en la Quinta del Jarama","og_description":"Reportaje de boda civil en exteriores en la Finca la Quinta del Jarama, en San Sebastian de los Reyes, Madrid. Fotografo de Boda en Madrid, como segundo fot\u00f3grafo de Virginia Gimeno","og_url":"http:\/\/www.daniperezfotografia.es\/wordpress\/bodas\/alma-ivan-boda-en-la-quinta-del-jarama","og_site_name":"Dani Perez Fotografia | Fotografo Profesional en Madrid","article_publisher":"https:\/\/www.facebook.com\/daniperezfotografia","article_author":"https:\/\/www.facebook.com\/daniperezfotografia","article_published_time":"2013-06-24T08:34:38+00:00","article_modified_time":"2020-05-18T10:52:56+00:00","og_image":[{"width":1100,"height":733,"url":"http:\/\/www.daniperezfotografia.es\/wordpress\/wp-content\/uploads\/2013\/06\/alma-ivan-boda-quinta-jarama-1100.jpg","type":"image\/jpeg"}],"author":"Dani","twitter_card":"summary_large_image","twitter_creator":"@daniperezfoto","twitter_site":"@daniperezfoto","twitter_misc":{"Escrito por":"Dani","Tiempo de lectura":"1 minuto"},"schema":{"@context":"https:\/\/schema.org","@graph":[{"@type":"Article","@id":"http:\/\/www.daniperezfotografia.es\/wordpress\/bodas\/alma-ivan-boda-en-la-quinta-del-jarama#article","isPartOf":{"@id":"http:\/\/www.daniperezfotografia.es\/wordpress\/bodas\/alma-ivan-boda-en-la-quinta-del-jarama"},"author":{"name":"Dani","@id":"https:\/\/www.daniperezfotografia.es\/wordpress\/#\/schema\/person\/e182c086037e8185dcc7e99e2c589a63"},"headline":"Boda en la Quinta del Jarama","datePublished":"2013-06-24T08:34:38+00:00","dateModified":"2020-05-18T10:52:56+00:00","mainEntityOfPage":{"@id":"http:\/\/www.daniperezfotografia.es\/wordpress\/bodas\/alma-ivan-boda-en-la-quinta-del-jarama"},"wordCount":109,"commentCount":1,"publisher":{"@id":"https:\/\/www.daniperezfotografia.es\/wordpress\/#organization"},"image":{"@id":"http:\/\/www.daniperezfotografia.es\/wordpress\/bodas\/alma-ivan-boda-en-la-quinta-del-jarama#primaryimage"},"thumbnailUrl":"https:\/\/www.daniperezfotografia.es\/wordpress\/wp-content\/uploads\/2013\/06\/alma-ivan-boda-quinta-jarama-1100.jpg","articleSection":["Reportajes de Bodas"],"inLanguage":"es","potentialAction":[{"@type":"CommentAction","name":"Comment","target":["http:\/\/www.daniperezfotografia.es\/wordpress\/bodas\/alma-ivan-boda-en-la-quinta-del-jarama#respond"]}]},{"@type":"WebPage","@id":"http:\/\/www.daniperezfotografia.es\/wordpress\/bodas\/alma-ivan-boda-en-la-quinta-del-jarama","url":"http:\/\/www.daniperezfotografia.es\/wordpress\/bodas\/alma-ivan-boda-en-la-quinta-del-jarama","name":"Fotos de boda en la Quinta del Jarama","isPartOf":{"@id":"https:\/\/www.daniperezfotografia.es\/wordpress\/#website"},"primaryImageOfPage":{"@id":"http:\/\/www.daniperezfotografia.es\/wordpress\/bodas\/alma-ivan-boda-en-la-quinta-del-jarama#primaryimage"},"image":{"@id":"http:\/\/www.daniperezfotografia.es\/wordpress\/bodas\/alma-ivan-boda-en-la-quinta-del-jarama#primaryimage"},"thumbnailUrl":"https:\/\/www.daniperezfotografia.es\/wordpress\/wp-content\/uploads\/2013\/06\/alma-ivan-boda-quinta-jarama-1100.jpg","datePublished":"2013-06-24T08:34:38+00:00","dateModified":"2020-05-18T10:52:56+00:00","description":"Reportaje de boda civil en exteriores en la Finca la Quinta del Jarama, en San Sebastian de los Reyes, Madrid. Fotografo de Boda en Madrid, como segundo fot\u00f3grafo de Virginia Gimeno","breadcrumb":{"@id":"http:\/\/www.daniperezfotografia.es\/wordpress\/bodas\/alma-ivan-boda-en-la-quinta-del-jarama#breadcrumb"},"inLanguage":"es","potentialAction":[{"@type":"ReadAction","target":["http:\/\/www.daniperezfotografia.es\/wordpress\/bodas\/alma-ivan-boda-en-la-quinta-del-jarama"]}]},{"@type":"ImageObject","inLanguage":"es","@id":"http:\/\/www.daniperezfotografia.es\/wordpress\/bodas\/alma-ivan-boda-en-la-quinta-del-jarama#primaryimage","url":"https:\/\/www.daniperezfotografia.es\/wordpress\/wp-content\/uploads\/2013\/06\/alma-ivan-boda-quinta-jarama-1100.jpg","contentUrl":"https:\/\/www.daniperezfotografia.es\/wordpress\/wp-content\/uploads\/2013\/06\/alma-ivan-boda-quinta-jarama-1100.jpg","width":1100,"height":733,"caption":"Alma + Ivan | Boda en la Quinta del Jarama"},{"@type":"BreadcrumbList","@id":"http:\/\/www.daniperezfotografia.es\/wordpress\/bodas\/alma-ivan-boda-en-la-quinta-del-jarama#breadcrumb","itemListElement":[{"@type":"ListItem","position":1,"name":"Portada","item":"https:\/\/www.daniperezfotografia.es\/wordpress\/"},{"@type":"ListItem","position":2,"name":"Boda en la Quinta del Jarama"}]},{"@type":"WebSite","@id":"https:\/\/www.daniperezfotografia.es\/wordpress\/#website","url":"https:\/\/www.daniperezfotografia.es\/wordpress\/","name":"Dani Perez Fotografia | Fotografo Profesional en Madrid","description":"Reportajes de bodas, bautizos, comuniones y sesiones de familia para particulares. Eventos, conferencias y retrato corporativo para empresas. Video de conferencias","publisher":{"@id":"https:\/\/www.daniperezfotografia.es\/wordpress\/#organization"},"potentialAction":[{"@type":"SearchAction","target":{"@type":"EntryPoint","urlTemplate":"https:\/\/www.daniperezfotografia.es\/wordpress\/?s={search_term_string}"},"query-input":{"@type":"PropertyValueSpecification","valueRequired":true,"valueName":"search_term_string"}}],"inLanguage":"es"},{"@type":"Organization","@id":"https:\/\/www.daniperezfotografia.es\/wordpress\/#organization","name":"Dani Perez Fotografia y Video","url":"https:\/\/www.daniperezfotografia.es\/wordpress\/","logo":{"@type":"ImageObject","inLanguage":"es","@id":"https:\/\/www.daniperezfotografia.es\/wordpress\/#\/schema\/logo\/image\/","url":"","contentUrl":"","caption":"Dani Perez Fotografia y Video"},"image":{"@id":"https:\/\/www.daniperezfotografia.es\/wordpress\/#\/schema\/logo\/image\/"},"sameAs":["https:\/\/www.facebook.com\/daniperezfotografia","https:\/\/x.com\/daniperezfoto","https:\/\/instagram.com\/daniperezfotografia\/","https:\/\/www.linkedin.com\/pub\/dani-perez-fotografo\/b2\/3b0\/594"]},{"@type":"Person","@id":"https:\/\/www.daniperezfotografia.es\/wordpress\/#\/schema\/person\/e182c086037e8185dcc7e99e2c589a63","name":"Dani","sameAs":["http:\/\/www.daniperezfotografia.es","https:\/\/www.facebook.com\/daniperezfotografia","https:\/\/x.com\/daniperezfoto"]}]}},"_links":{"self":[{"href":"https:\/\/www.daniperezfotografia.es\/wordpress\/wp-json\/wp\/v2\/posts\/5998","targetHints":{"allow":["GET"]}}],"collection":[{"href":"https:\/\/www.daniperezfotografia.es\/wordpress\/wp-json\/wp\/v2\/posts"}],"about":[{"href":"https:\/\/www.daniperezfotografia.es\/wordpress\/wp-json\/wp\/v2\/types\/post"}],"author":[{"embeddable":true,"href":"https:\/\/www.daniperezfotografia.es\/wordpress\/wp-json\/wp\/v2\/users\/1"}],"replies":[{"embeddable":true,"href":"https:\/\/www.daniperezfotografia.es\/wordpress\/wp-json\/wp\/v2\/comments?post=5998"}],"version-history":[{"count":3,"href":"https:\/\/www.daniperezfotografia.es\/wordpress\/wp-json\/wp\/v2\/posts\/5998\/revisions"}],"predecessor-version":[{"id":13370,"href":"https:\/\/www.daniperezfotografia.es\/wordpress\/wp-json\/wp\/v2\/posts\/5998\/revisions\/13370"}],"wp:featuredmedia":[{"embeddable":true,"href":"https:\/\/www.daniperezfotografia.es\/wordpress\/wp-json\/wp\/v2\/media\/11071"}],"wp:attachment":[{"href":"https:\/\/www.daniperezfotografia.es\/wordpress\/wp-json\/wp\/v2\/media?parent=5998"}],"wp:term":[{"taxonomy":"category","embeddable":true,"href":"https:\/\/www.daniperezfotografia.es\/wordpress\/wp-json\/wp\/v2\/categories?post=5998"},{"taxonomy":"post_tag","embeddable":true,"href":"https:\/\/www.daniperezfotografia.es\/wordpress\/wp-json\/wp\/v2\/tags?post=5998"}],"curies":[{"name":"wp","href":"https:\/\/api.w.org\/{rel}","templated":true}]}}