{"id":4488,"date":"2012-11-20T20:56:41","date_gmt":"2012-11-20T19:56:41","guid":{"rendered":"http:\/\/www.daniperezfotografia.es\/wordpress\/?p=4488"},"modified":"2017-02-28T21:31:29","modified_gmt":"2017-02-28T20:31:29","slug":"boda-de-marta-y-mario-peralejo-parroquia-san-matias-apostol-finca-canada-real-el-escorial-madrid","status":"publish","type":"post","link":"https:\/\/www.daniperezfotografia.es\/wordpress\/bodas\/boda-de-marta-y-mario-peralejo-parroquia-san-matias-apostol-finca-canada-real-el-escorial-madrid","title":{"rendered":"Boda en la Finca Ca\u00f1ada Real"},"content":{"rendered":"<p style=\"text-align: center;\"><img loading=\"lazy\" decoding=\"async\" class=\"aligncenter size-full wp-image-4603\" title=\"fotos-boda-marta-mario-peralejo-madrid-parroquia-san-matias-aportol-finca-can\u0303ada-real-43\" src=\"http:\/\/www.daniperezfotografia.es\/wordpress\/wp-content\/uploads\/2012\/04\/fotos-boda-marta-mario-peralejo-madrid-parroquia-san-matias-aportol-finca-can\u0303ada-real-43.jpg\" alt=\"fotos-boda-marta-mario-peralejo-madrid-parroquia-san-matias-aportol-finca-can\u0303ada-real-43\" width=\"900\" height=\"599\" srcset=\"https:\/\/www.daniperezfotografia.es\/wordpress\/wp-content\/uploads\/2012\/04\/fotos-boda-marta-mario-peralejo-madrid-parroquia-san-matias-aportol-finca-can\u0303ada-real-43.jpg 900w, https:\/\/www.daniperezfotografia.es\/wordpress\/wp-content\/uploads\/2012\/04\/fotos-boda-marta-mario-peralejo-madrid-parroquia-san-matias-aportol-finca-can\u0303ada-real-43-750x499.jpg 750w, https:\/\/www.daniperezfotografia.es\/wordpress\/wp-content\/uploads\/2012\/04\/fotos-boda-marta-mario-peralejo-madrid-parroquia-san-matias-aportol-finca-can\u0303ada-real-43-286x190.jpg 286w, https:\/\/www.daniperezfotografia.es\/wordpress\/wp-content\/uploads\/2012\/04\/fotos-boda-marta-mario-peralejo-madrid-parroquia-san-matias-aportol-finca-can\u0303ada-real-43-572x380.jpg 572w, https:\/\/www.daniperezfotografia.es\/wordpress\/wp-content\/uploads\/2012\/04\/fotos-boda-marta-mario-peralejo-madrid-parroquia-san-matias-aportol-finca-can\u0303ada-real-43-280x186.jpg 280w, https:\/\/www.daniperezfotografia.es\/wordpress\/wp-content\/uploads\/2012\/04\/fotos-boda-marta-mario-peralejo-madrid-parroquia-san-matias-aportol-finca-can\u0303ada-real-43-560x372.jpg 560w, https:\/\/www.daniperezfotografia.es\/wordpress\/wp-content\/uploads\/2012\/04\/fotos-boda-marta-mario-peralejo-madrid-parroquia-san-matias-aportol-finca-can\u0303ada-real-43-273x182.jpg 273w, https:\/\/www.daniperezfotografia.es\/wordpress\/wp-content\/uploads\/2012\/04\/fotos-boda-marta-mario-peralejo-madrid-parroquia-san-matias-aportol-finca-can\u0303ada-real-43-546x364.jpg 546w, https:\/\/www.daniperezfotografia.es\/wordpress\/wp-content\/uploads\/2012\/04\/fotos-boda-marta-mario-peralejo-madrid-parroquia-san-matias-aportol-finca-can\u0303ada-real-43-598x398.jpg 598w\" sizes=\"auto, (max-width: 900px) 100vw, 900px\" \/><img loading=\"lazy\" decoding=\"async\" class=\"aligncenter size-full wp-image-4604\" title=\"fotos-boda-marta-mario-peralejo-madrid-parroquia-san-matias-aportol-finca-can\u0303ada-real-34\" src=\"http:\/\/www.daniperezfotografia.es\/wordpress\/wp-content\/uploads\/2012\/04\/fotos-boda-marta-mario-peralejo-madrid-parroquia-san-matias-aportol-finca-can\u0303ada-real-34.jpg\" alt=\"fotos-boda-marta-mario-peralejo-madrid-parroquia-san-matias-aportol-finca-can\u0303ada-real-34\" width=\"900\" height=\"599\" srcset=\"https:\/\/www.daniperezfotografia.es\/wordpress\/wp-content\/uploads\/2012\/04\/fotos-boda-marta-mario-peralejo-madrid-parroquia-san-matias-aportol-finca-can\u0303ada-real-34.jpg 900w, https:\/\/www.daniperezfotografia.es\/wordpress\/wp-content\/uploads\/2012\/04\/fotos-boda-marta-mario-peralejo-madrid-parroquia-san-matias-aportol-finca-can\u0303ada-real-34-750x499.jpg 750w\" sizes=\"auto, (max-width: 900px) 100vw, 900px\" \/><img loading=\"lazy\" decoding=\"async\" class=\"aligncenter size-full wp-image-4605\" title=\"fotos-boda-marta-mario-peralejo-madrid-parroquia-san-matias-aportol-finca-can\u0303ada-real-33\" src=\"http:\/\/www.daniperezfotografia.es\/wordpress\/wp-content\/uploads\/2012\/04\/fotos-boda-marta-mario-peralejo-madrid-parroquia-san-matias-aportol-finca-can\u0303ada-real-33.jpg\" alt=\"fotos-boda-marta-mario-peralejo-madrid-parroquia-san-matias-aportol-finca-can\u0303ada-real-33\" width=\"900\" height=\"599\" srcset=\"https:\/\/www.daniperezfotografia.es\/wordpress\/wp-content\/uploads\/2012\/04\/fotos-boda-marta-mario-peralejo-madrid-parroquia-san-matias-aportol-finca-can\u0303ada-real-33.jpg 900w, https:\/\/www.daniperezfotografia.es\/wordpress\/wp-content\/uploads\/2012\/04\/fotos-boda-marta-mario-peralejo-madrid-parroquia-san-matias-aportol-finca-can\u0303ada-real-33-750x499.jpg 750w\" sizes=\"auto, (max-width: 900px) 100vw, 900px\" \/><img loading=\"lazy\" decoding=\"async\" class=\"aligncenter size-full wp-image-4606\" title=\"fotos-boda-marta-mario-peralejo-madrid-parroquia-san-matias-aportol-finca-can\u0303ada-real-36\" src=\"http:\/\/www.daniperezfotografia.es\/wordpress\/wp-content\/uploads\/2012\/04\/fotos-boda-marta-mario-peralejo-madrid-parroquia-san-matias-aportol-finca-can\u0303ada-real-36.jpg\" alt=\"fotos-boda-marta-mario-peralejo-madrid-parroquia-san-matias-aportol-finca-can\u0303ada-real-36\" width=\"900\" height=\"599\" srcset=\"https:\/\/www.daniperezfotografia.es\/wordpress\/wp-content\/uploads\/2012\/04\/fotos-boda-marta-mario-peralejo-madrid-parroquia-san-matias-aportol-finca-can\u0303ada-real-36.jpg 900w, https:\/\/www.daniperezfotografia.es\/wordpress\/wp-content\/uploads\/2012\/04\/fotos-boda-marta-mario-peralejo-madrid-parroquia-san-matias-aportol-finca-can\u0303ada-real-36-750x499.jpg 750w\" sizes=\"auto, (max-width: 900px) 100vw, 900px\" \/><img loading=\"lazy\" decoding=\"async\" class=\"aligncenter size-full wp-image-4607\" title=\"fotos-boda-marta-mario-peralejo-madrid-parroquia-san-matias-aportol-finca-can\u0303ada-real-39\" src=\"http:\/\/www.daniperezfotografia.es\/wordpress\/wp-content\/uploads\/2012\/04\/fotos-boda-marta-mario-peralejo-madrid-parroquia-san-matias-aportol-finca-can\u0303ada-real-39.jpg\" alt=\"fotos-boda-marta-mario-peralejo-madrid-parroquia-san-matias-aportol-finca-can\u0303ada-real-39\" width=\"900\" height=\"599\" srcset=\"https:\/\/www.daniperezfotografia.es\/wordpress\/wp-content\/uploads\/2012\/04\/fotos-boda-marta-mario-peralejo-madrid-parroquia-san-matias-aportol-finca-can\u0303ada-real-39.jpg 900w, https:\/\/www.daniperezfotografia.es\/wordpress\/wp-content\/uploads\/2012\/04\/fotos-boda-marta-mario-peralejo-madrid-parroquia-san-matias-aportol-finca-can\u0303ada-real-39-750x499.jpg 750w\" sizes=\"auto, (max-width: 900px) 100vw, 900px\" \/><img loading=\"lazy\" decoding=\"async\" class=\"aligncenter size-full wp-image-4608\" title=\"fotos-boda-marta-mario-peralejo-madrid-parroquia-san-matias-aportol-finca-can\u0303ada-real-37\" src=\"http:\/\/www.daniperezfotografia.es\/wordpress\/wp-content\/uploads\/2012\/04\/fotos-boda-marta-mario-peralejo-madrid-parroquia-san-matias-aportol-finca-can\u0303ada-real-37.jpg\" alt=\"fotos-boda-marta-mario-peralejo-madrid-parroquia-san-matias-aportol-finca-can\u0303ada-real-37\" width=\"900\" height=\"599\" srcset=\"https:\/\/www.daniperezfotografia.es\/wordpress\/wp-content\/uploads\/2012\/04\/fotos-boda-marta-mario-peralejo-madrid-parroquia-san-matias-aportol-finca-can\u0303ada-real-37.jpg 900w, https:\/\/www.daniperezfotografia.es\/wordpress\/wp-content\/uploads\/2012\/04\/fotos-boda-marta-mario-peralejo-madrid-parroquia-san-matias-aportol-finca-can\u0303ada-real-37-750x499.jpg 750w\" sizes=\"auto, (max-width: 900px) 100vw, 900px\" \/><img loading=\"lazy\" decoding=\"async\" class=\"aligncenter size-full wp-image-4609\" title=\"fotos-boda-marta-mario-peralejo-madrid-parroquia-san-matias-aportol-finca-can\u0303ada-real-35\" src=\"http:\/\/www.daniperezfotografia.es\/wordpress\/wp-content\/uploads\/2012\/04\/fotos-boda-marta-mario-peralejo-madrid-parroquia-san-matias-aportol-finca-can\u0303ada-real-35.jpg\" alt=\"fotos-boda-marta-mario-peralejo-madrid-parroquia-san-matias-aportol-finca-can\u0303ada-real-35\" width=\"900\" height=\"599\" srcset=\"https:\/\/www.daniperezfotografia.es\/wordpress\/wp-content\/uploads\/2012\/04\/fotos-boda-marta-mario-peralejo-madrid-parroquia-san-matias-aportol-finca-can\u0303ada-real-35.jpg 900w, https:\/\/www.daniperezfotografia.es\/wordpress\/wp-content\/uploads\/2012\/04\/fotos-boda-marta-mario-peralejo-madrid-parroquia-san-matias-aportol-finca-can\u0303ada-real-35-750x499.jpg 750w\" sizes=\"auto, (max-width: 900px) 100vw, 900px\" \/><img loading=\"lazy\" decoding=\"async\" class=\"aligncenter size-full wp-image-4610\" title=\"fotos-boda-marta-mario-peralejo-madrid-parroquia-san-matias-aportol-finca-can\u0303ada-real-40\" src=\"http:\/\/www.daniperezfotografia.es\/wordpress\/wp-content\/uploads\/2012\/04\/fotos-boda-marta-mario-peralejo-madrid-parroquia-san-matias-aportol-finca-can\u0303ada-real-40.jpg\" alt=\"fotos-boda-marta-mario-peralejo-madrid-parroquia-san-matias-aportol-finca-can\u0303ada-real-40\" width=\"900\" height=\"599\" srcset=\"https:\/\/www.daniperezfotografia.es\/wordpress\/wp-content\/uploads\/2012\/04\/fotos-boda-marta-mario-peralejo-madrid-parroquia-san-matias-aportol-finca-can\u0303ada-real-40.jpg 900w, https:\/\/www.daniperezfotografia.es\/wordpress\/wp-content\/uploads\/2012\/04\/fotos-boda-marta-mario-peralejo-madrid-parroquia-san-matias-aportol-finca-can\u0303ada-real-40-750x499.jpg 750w\" sizes=\"auto, (max-width: 900px) 100vw, 900px\" \/><img loading=\"lazy\" decoding=\"async\" class=\"aligncenter size-full wp-image-4611\" title=\"fotos-boda-marta-mario-peralejo-madrid-parroquia-san-matias-aportol-finca-can\u0303ada-real-38\" src=\"http:\/\/www.daniperezfotografia.es\/wordpress\/wp-content\/uploads\/2012\/04\/fotos-boda-marta-mario-peralejo-madrid-parroquia-san-matias-aportol-finca-can\u0303ada-real-38.jpg\" alt=\"fotos-boda-marta-mario-peralejo-madrid-parroquia-san-matias-aportol-finca-can\u0303ada-real-38\" width=\"900\" height=\"599\" srcset=\"https:\/\/www.daniperezfotografia.es\/wordpress\/wp-content\/uploads\/2012\/04\/fotos-boda-marta-mario-peralejo-madrid-parroquia-san-matias-aportol-finca-can\u0303ada-real-38.jpg 900w, https:\/\/www.daniperezfotografia.es\/wordpress\/wp-content\/uploads\/2012\/04\/fotos-boda-marta-mario-peralejo-madrid-parroquia-san-matias-aportol-finca-can\u0303ada-real-38-750x499.jpg 750w, https:\/\/www.daniperezfotografia.es\/wordpress\/wp-content\/uploads\/2012\/04\/fotos-boda-marta-mario-peralejo-madrid-parroquia-san-matias-aportol-finca-can\u0303ada-real-38-273x182.jpg 273w, https:\/\/www.daniperezfotografia.es\/wordpress\/wp-content\/uploads\/2012\/04\/fotos-boda-marta-mario-peralejo-madrid-parroquia-san-matias-aportol-finca-can\u0303ada-real-38-546x364.jpg 546w, https:\/\/www.daniperezfotografia.es\/wordpress\/wp-content\/uploads\/2012\/04\/fotos-boda-marta-mario-peralejo-madrid-parroquia-san-matias-aportol-finca-can\u0303ada-real-38-598x398.jpg 598w, https:\/\/www.daniperezfotografia.es\/wordpress\/wp-content\/uploads\/2012\/04\/fotos-boda-marta-mario-peralejo-madrid-parroquia-san-matias-aportol-finca-can\u0303ada-real-38-420x280.jpg 420w, https:\/\/www.daniperezfotografia.es\/wordpress\/wp-content\/uploads\/2012\/04\/fotos-boda-marta-mario-peralejo-madrid-parroquia-san-matias-aportol-finca-can\u0303ada-real-38-840x560.jpg 840w, https:\/\/www.daniperezfotografia.es\/wordpress\/wp-content\/uploads\/2012\/04\/fotos-boda-marta-mario-peralejo-madrid-parroquia-san-matias-aportol-finca-can\u0303ada-real-38-253x168.jpg 253w, https:\/\/www.daniperezfotografia.es\/wordpress\/wp-content\/uploads\/2012\/04\/fotos-boda-marta-mario-peralejo-madrid-parroquia-san-matias-aportol-finca-can\u0303ada-real-38-506x336.jpg 506w, https:\/\/www.daniperezfotografia.es\/wordpress\/wp-content\/uploads\/2012\/04\/fotos-boda-marta-mario-peralejo-madrid-parroquia-san-matias-aportol-finca-can\u0303ada-real-38-225x150.jpg 225w, https:\/\/www.daniperezfotografia.es\/wordpress\/wp-content\/uploads\/2012\/04\/fotos-boda-marta-mario-peralejo-madrid-parroquia-san-matias-aportol-finca-can\u0303ada-real-38-450x300.jpg 450w, https:\/\/www.daniperezfotografia.es\/wordpress\/wp-content\/uploads\/2012\/04\/fotos-boda-marta-mario-peralejo-madrid-parroquia-san-matias-aportol-finca-can\u0303ada-real-38-312x208.jpg 312w, https:\/\/www.daniperezfotografia.es\/wordpress\/wp-content\/uploads\/2012\/04\/fotos-boda-marta-mario-peralejo-madrid-parroquia-san-matias-aportol-finca-can\u0303ada-real-38-624x416.jpg 624w, https:\/\/www.daniperezfotografia.es\/wordpress\/wp-content\/uploads\/2012\/04\/fotos-boda-marta-mario-peralejo-madrid-parroquia-san-matias-aportol-finca-can\u0303ada-real-38-293x195.jpg 293w, https:\/\/www.daniperezfotografia.es\/wordpress\/wp-content\/uploads\/2012\/04\/fotos-boda-marta-mario-peralejo-madrid-parroquia-san-matias-aportol-finca-can\u0303ada-real-38-586x390.jpg 586w, https:\/\/www.daniperezfotografia.es\/wordpress\/wp-content\/uploads\/2012\/04\/fotos-boda-marta-mario-peralejo-madrid-parroquia-san-matias-aportol-finca-can\u0303ada-real-38-316x210.jpg 316w, https:\/\/www.daniperezfotografia.es\/wordpress\/wp-content\/uploads\/2012\/04\/fotos-boda-marta-mario-peralejo-madrid-parroquia-san-matias-aportol-finca-can\u0303ada-real-38-632x420.jpg 632w, https:\/\/www.daniperezfotografia.es\/wordpress\/wp-content\/uploads\/2012\/04\/fotos-boda-marta-mario-peralejo-madrid-parroquia-san-matias-aportol-finca-can\u0303ada-real-38-860x573.jpg 860w, https:\/\/www.daniperezfotografia.es\/wordpress\/wp-content\/uploads\/2012\/04\/fotos-boda-marta-mario-peralejo-madrid-parroquia-san-matias-aportol-finca-can\u0303ada-real-38-200x133.jpg 200w, https:\/\/www.daniperezfotografia.es\/wordpress\/wp-content\/uploads\/2012\/04\/fotos-boda-marta-mario-peralejo-madrid-parroquia-san-matias-aportol-finca-can\u0303ada-real-38-400x266.jpg 400w, https:\/\/www.daniperezfotografia.es\/wordpress\/wp-content\/uploads\/2012\/04\/fotos-boda-marta-mario-peralejo-madrid-parroquia-san-matias-aportol-finca-can\u0303ada-real-38-736x490.jpg 736w, https:\/\/www.daniperezfotografia.es\/wordpress\/wp-content\/uploads\/2012\/04\/fotos-boda-marta-mario-peralejo-madrid-parroquia-san-matias-aportol-finca-can\u0303ada-real-38-572x380.jpg 572w\" sizes=\"auto, (max-width: 900px) 100vw, 900px\" \/><img loading=\"lazy\" decoding=\"async\" class=\"aligncenter size-full wp-image-4612\" title=\"fotos-boda-marta-mario-peralejo-madrid-parroquia-san-matias-aportol-finca-can\u0303ada-real-44\" src=\"http:\/\/www.daniperezfotografia.es\/wordpress\/wp-content\/uploads\/2012\/04\/fotos-boda-marta-mario-peralejo-madrid-parroquia-san-matias-aportol-finca-can\u0303ada-real-44.jpg\" alt=\"fotos-boda-marta-mario-peralejo-madrid-parroquia-san-matias-aportol-finca-can\u0303ada-real-44\" width=\"900\" height=\"676\" srcset=\"https:\/\/www.daniperezfotografia.es\/wordpress\/wp-content\/uploads\/2012\/04\/fotos-boda-marta-mario-peralejo-madrid-parroquia-san-matias-aportol-finca-can\u0303ada-real-44.jpg 900w, https:\/\/www.daniperezfotografia.es\/wordpress\/wp-content\/uploads\/2012\/04\/fotos-boda-marta-mario-peralejo-madrid-parroquia-san-matias-aportol-finca-can\u0303ada-real-44-750x563.jpg 750w\" sizes=\"auto, (max-width: 900px) 100vw, 900px\" \/><img loading=\"lazy\" decoding=\"async\" class=\"aligncenter size-full wp-image-4613\" title=\"fotos-boda-marta-mario-peralejo-madrid-parroquia-san-matias-aportol-finca-can\u0303ada-real-01\" src=\"http:\/\/www.daniperezfotografia.es\/wordpress\/wp-content\/uploads\/2012\/04\/fotos-boda-marta-mario-peralejo-madrid-parroquia-san-matias-aportol-finca-can\u0303ada-real-01.jpg\" alt=\"fotos-boda-marta-mario-peralejo-madrid-parroquia-san-matias-aportol-finca-can\u0303ada-real-01\" width=\"900\" height=\"599\" srcset=\"https:\/\/www.daniperezfotografia.es\/wordpress\/wp-content\/uploads\/2012\/04\/fotos-boda-marta-mario-peralejo-madrid-parroquia-san-matias-aportol-finca-can\u0303ada-real-01.jpg 900w, https:\/\/www.daniperezfotografia.es\/wordpress\/wp-content\/uploads\/2012\/04\/fotos-boda-marta-mario-peralejo-madrid-parroquia-san-matias-aportol-finca-can\u0303ada-real-01-750x499.jpg 750w\" sizes=\"auto, (max-width: 900px) 100vw, 900px\" \/><img loading=\"lazy\" decoding=\"async\" class=\"aligncenter size-full wp-image-4614\" title=\"fotos-boda-marta-mario-peralejo-madrid-parroquia-san-matias-aportol-finca-can\u0303ada-real-02\" src=\"http:\/\/www.daniperezfotografia.es\/wordpress\/wp-content\/uploads\/2012\/04\/fotos-boda-marta-mario-peralejo-madrid-parroquia-san-matias-aportol-finca-can\u0303ada-real-02.jpg\" alt=\"fotos-boda-marta-mario-peralejo-madrid-parroquia-san-matias-aportol-finca-can\u0303ada-real-02\" width=\"900\" height=\"599\" srcset=\"https:\/\/www.daniperezfotografia.es\/wordpress\/wp-content\/uploads\/2012\/04\/fotos-boda-marta-mario-peralejo-madrid-parroquia-san-matias-aportol-finca-can\u0303ada-real-02.jpg 900w, https:\/\/www.daniperezfotografia.es\/wordpress\/wp-content\/uploads\/2012\/04\/fotos-boda-marta-mario-peralejo-madrid-parroquia-san-matias-aportol-finca-can\u0303ada-real-02-750x499.jpg 750w\" sizes=\"auto, (max-width: 900px) 100vw, 900px\" \/><img loading=\"lazy\" decoding=\"async\" class=\"aligncenter size-full wp-image-4615\" title=\"fotos-boda-marta-mario-peralejo-madrid-parroquia-san-matias-aportol-finca-can\u0303ada-real-03\" src=\"http:\/\/www.daniperezfotografia.es\/wordpress\/wp-content\/uploads\/2012\/04\/fotos-boda-marta-mario-peralejo-madrid-parroquia-san-matias-aportol-finca-can\u0303ada-real-03.jpg\" alt=\"fotos-boda-marta-mario-peralejo-madrid-parroquia-san-matias-aportol-finca-can\u0303ada-real-03\" width=\"900\" height=\"599\" srcset=\"https:\/\/www.daniperezfotografia.es\/wordpress\/wp-content\/uploads\/2012\/04\/fotos-boda-marta-mario-peralejo-madrid-parroquia-san-matias-aportol-finca-can\u0303ada-real-03.jpg 900w, https:\/\/www.daniperezfotografia.es\/wordpress\/wp-content\/uploads\/2012\/04\/fotos-boda-marta-mario-peralejo-madrid-parroquia-san-matias-aportol-finca-can\u0303ada-real-03-750x499.jpg 750w\" sizes=\"auto, (max-width: 900px) 100vw, 900px\" \/><img loading=\"lazy\" decoding=\"async\" class=\"aligncenter size-full wp-image-4616\" title=\"fotos-boda-marta-mario-peralejo-madrid-parroquia-san-matias-aportol-finca-can\u0303ada-real-04\" src=\"http:\/\/www.daniperezfotografia.es\/wordpress\/wp-content\/uploads\/2012\/04\/fotos-boda-marta-mario-peralejo-madrid-parroquia-san-matias-aportol-finca-can\u0303ada-real-04.jpg\" alt=\"fotos-boda-marta-mario-peralejo-madrid-parroquia-san-matias-aportol-finca-can\u0303ada-real-04\" width=\"900\" height=\"599\" srcset=\"https:\/\/www.daniperezfotografia.es\/wordpress\/wp-content\/uploads\/2012\/04\/fotos-boda-marta-mario-peralejo-madrid-parroquia-san-matias-aportol-finca-can\u0303ada-real-04.jpg 900w, https:\/\/www.daniperezfotografia.es\/wordpress\/wp-content\/uploads\/2012\/04\/fotos-boda-marta-mario-peralejo-madrid-parroquia-san-matias-aportol-finca-can\u0303ada-real-04-750x499.jpg 750w\" sizes=\"auto, (max-width: 900px) 100vw, 900px\" \/><img loading=\"lazy\" decoding=\"async\" class=\"aligncenter size-full wp-image-4617\" title=\"fotos-boda-marta-mario-peralejo-madrid-parroquia-san-matias-aportol-finca-can\u0303ada-real-05\" src=\"http:\/\/www.daniperezfotografia.es\/wordpress\/wp-content\/uploads\/2012\/04\/fotos-boda-marta-mario-peralejo-madrid-parroquia-san-matias-aportol-finca-can\u0303ada-real-05.jpg\" alt=\"fotos-boda-marta-mario-peralejo-madrid-parroquia-san-matias-aportol-finca-can\u0303ada-real-05\" width=\"900\" height=\"599\" srcset=\"https:\/\/www.daniperezfotografia.es\/wordpress\/wp-content\/uploads\/2012\/04\/fotos-boda-marta-mario-peralejo-madrid-parroquia-san-matias-aportol-finca-can\u0303ada-real-05.jpg 900w, https:\/\/www.daniperezfotografia.es\/wordpress\/wp-content\/uploads\/2012\/04\/fotos-boda-marta-mario-peralejo-madrid-parroquia-san-matias-aportol-finca-can\u0303ada-real-05-750x499.jpg 750w\" sizes=\"auto, (max-width: 900px) 100vw, 900px\" \/><img loading=\"lazy\" decoding=\"async\" class=\"aligncenter size-full wp-image-4618\" title=\"fotos-boda-marta-mario-peralejo-madrid-parroquia-san-matias-aportol-finca-can\u0303ada-real-06\" src=\"http:\/\/www.daniperezfotografia.es\/wordpress\/wp-content\/uploads\/2012\/04\/fotos-boda-marta-mario-peralejo-madrid-parroquia-san-matias-aportol-finca-can\u0303ada-real-06.jpg\" alt=\"fotos-boda-marta-mario-peralejo-madrid-parroquia-san-matias-aportol-finca-can\u0303ada-real-06\" width=\"900\" height=\"599\" srcset=\"https:\/\/www.daniperezfotografia.es\/wordpress\/wp-content\/uploads\/2012\/04\/fotos-boda-marta-mario-peralejo-madrid-parroquia-san-matias-aportol-finca-can\u0303ada-real-06.jpg 900w, https:\/\/www.daniperezfotografia.es\/wordpress\/wp-content\/uploads\/2012\/04\/fotos-boda-marta-mario-peralejo-madrid-parroquia-san-matias-aportol-finca-can\u0303ada-real-06-750x499.jpg 750w\" sizes=\"auto, (max-width: 900px) 100vw, 900px\" \/><img loading=\"lazy\" decoding=\"async\" class=\"aligncenter size-full wp-image-4619\" title=\"fotos-boda-marta-mario-peralejo-madrid-parroquia-san-matias-aportol-finca-can\u0303ada-real-07\" src=\"http:\/\/www.daniperezfotografia.es\/wordpress\/wp-content\/uploads\/2012\/04\/fotos-boda-marta-mario-peralejo-madrid-parroquia-san-matias-aportol-finca-can\u0303ada-real-07.jpg\" alt=\"fotos-boda-marta-mario-peralejo-madrid-parroquia-san-matias-aportol-finca-can\u0303ada-real-07\" width=\"900\" height=\"599\" srcset=\"https:\/\/www.daniperezfotografia.es\/wordpress\/wp-content\/uploads\/2012\/04\/fotos-boda-marta-mario-peralejo-madrid-parroquia-san-matias-aportol-finca-can\u0303ada-real-07.jpg 900w, https:\/\/www.daniperezfotografia.es\/wordpress\/wp-content\/uploads\/2012\/04\/fotos-boda-marta-mario-peralejo-madrid-parroquia-san-matias-aportol-finca-can\u0303ada-real-07-750x499.jpg 750w\" sizes=\"auto, (max-width: 900px) 100vw, 900px\" \/><img loading=\"lazy\" decoding=\"async\" class=\"aligncenter size-full wp-image-4620\" title=\"fotos-boda-marta-mario-peralejo-madrid-parroquia-san-matias-aportol-finca-can\u0303ada-real-08\" src=\"http:\/\/www.daniperezfotografia.es\/wordpress\/wp-content\/uploads\/2012\/04\/fotos-boda-marta-mario-peralejo-madrid-parroquia-san-matias-aportol-finca-can\u0303ada-real-08.jpg\" alt=\"fotos-boda-marta-mario-peralejo-madrid-parroquia-san-matias-aportol-finca-can\u0303ada-real-08\" width=\"900\" height=\"599\" srcset=\"https:\/\/www.daniperezfotografia.es\/wordpress\/wp-content\/uploads\/2012\/04\/fotos-boda-marta-mario-peralejo-madrid-parroquia-san-matias-aportol-finca-can\u0303ada-real-08.jpg 900w, https:\/\/www.daniperezfotografia.es\/wordpress\/wp-content\/uploads\/2012\/04\/fotos-boda-marta-mario-peralejo-madrid-parroquia-san-matias-aportol-finca-can\u0303ada-real-08-750x499.jpg 750w\" sizes=\"auto, (max-width: 900px) 100vw, 900px\" \/><img loading=\"lazy\" decoding=\"async\" class=\"aligncenter size-full wp-image-4621\" title=\"fotos-boda-marta-mario-peralejo-madrid-parroquia-san-matias-aportol-finca-can\u0303ada-real-10\" src=\"http:\/\/www.daniperezfotografia.es\/wordpress\/wp-content\/uploads\/2012\/04\/fotos-boda-marta-mario-peralejo-madrid-parroquia-san-matias-aportol-finca-can\u0303ada-real-10.jpg\" alt=\"fotos-boda-marta-mario-peralejo-madrid-parroquia-san-matias-aportol-finca-can\u0303ada-real-10\" width=\"900\" height=\"599\" srcset=\"https:\/\/www.daniperezfotografia.es\/wordpress\/wp-content\/uploads\/2012\/04\/fotos-boda-marta-mario-peralejo-madrid-parroquia-san-matias-aportol-finca-can\u0303ada-real-10.jpg 900w, https:\/\/www.daniperezfotografia.es\/wordpress\/wp-content\/uploads\/2012\/04\/fotos-boda-marta-mario-peralejo-madrid-parroquia-san-matias-aportol-finca-can\u0303ada-real-10-750x499.jpg 750w\" sizes=\"auto, (max-width: 900px) 100vw, 900px\" \/><img loading=\"lazy\" decoding=\"async\" class=\"aligncenter size-full wp-image-4622\" title=\"fotos-boda-marta-mario-peralejo-madrid-parroquia-san-matias-aportol-finca-can\u0303ada-real-13\" src=\"http:\/\/www.daniperezfotografia.es\/wordpress\/wp-content\/uploads\/2012\/04\/fotos-boda-marta-mario-peralejo-madrid-parroquia-san-matias-aportol-finca-can\u0303ada-real-13.jpg\" alt=\"fotos-boda-marta-mario-peralejo-madrid-parroquia-san-matias-aportol-finca-can\u0303ada-real-13\" width=\"900\" height=\"599\" srcset=\"https:\/\/www.daniperezfotografia.es\/wordpress\/wp-content\/uploads\/2012\/04\/fotos-boda-marta-mario-peralejo-madrid-parroquia-san-matias-aportol-finca-can\u0303ada-real-13.jpg 900w, https:\/\/www.daniperezfotografia.es\/wordpress\/wp-content\/uploads\/2012\/04\/fotos-boda-marta-mario-peralejo-madrid-parroquia-san-matias-aportol-finca-can\u0303ada-real-13-750x499.jpg 750w\" sizes=\"auto, (max-width: 900px) 100vw, 900px\" \/><img loading=\"lazy\" decoding=\"async\" class=\"aligncenter size-full wp-image-4623\" title=\"fotos-boda-marta-mario-peralejo-madrid-parroquia-san-matias-aportol-finca-can\u0303ada-real-17\" src=\"http:\/\/www.daniperezfotografia.es\/wordpress\/wp-content\/uploads\/2012\/04\/fotos-boda-marta-mario-peralejo-madrid-parroquia-san-matias-aportol-finca-can\u0303ada-real-17.jpg\" alt=\"fotos-boda-marta-mario-peralejo-madrid-parroquia-san-matias-aportol-finca-can\u0303ada-real-17\" width=\"900\" height=\"599\" srcset=\"https:\/\/www.daniperezfotografia.es\/wordpress\/wp-content\/uploads\/2012\/04\/fotos-boda-marta-mario-peralejo-madrid-parroquia-san-matias-aportol-finca-can\u0303ada-real-17.jpg 900w, https:\/\/www.daniperezfotografia.es\/wordpress\/wp-content\/uploads\/2012\/04\/fotos-boda-marta-mario-peralejo-madrid-parroquia-san-matias-aportol-finca-can\u0303ada-real-17-750x499.jpg 750w\" sizes=\"auto, (max-width: 900px) 100vw, 900px\" \/><img loading=\"lazy\" decoding=\"async\" class=\"aligncenter size-full wp-image-4624\" title=\"fotos-boda-marta-mario-peralejo-madrid-parroquia-san-matias-aportol-finca-can\u0303ada-real-12\" src=\"http:\/\/www.daniperezfotografia.es\/wordpress\/wp-content\/uploads\/2012\/04\/fotos-boda-marta-mario-peralejo-madrid-parroquia-san-matias-aportol-finca-can\u0303ada-real-12.jpg\" alt=\"fotos-boda-marta-mario-peralejo-madrid-parroquia-san-matias-aportol-finca-can\u0303ada-real-12\" width=\"900\" height=\"599\" srcset=\"https:\/\/www.daniperezfotografia.es\/wordpress\/wp-content\/uploads\/2012\/04\/fotos-boda-marta-mario-peralejo-madrid-parroquia-san-matias-aportol-finca-can\u0303ada-real-12.jpg 900w, https:\/\/www.daniperezfotografia.es\/wordpress\/wp-content\/uploads\/2012\/04\/fotos-boda-marta-mario-peralejo-madrid-parroquia-san-matias-aportol-finca-can\u0303ada-real-12-750x499.jpg 750w\" sizes=\"auto, (max-width: 900px) 100vw, 900px\" \/><img loading=\"lazy\" decoding=\"async\" class=\"aligncenter size-full wp-image-4625\" title=\"fotos-boda-marta-mario-peralejo-madrid-parroquia-san-matias-aportol-finca-can\u0303ada-real-14\" src=\"http:\/\/www.daniperezfotografia.es\/wordpress\/wp-content\/uploads\/2012\/04\/fotos-boda-marta-mario-peralejo-madrid-parroquia-san-matias-aportol-finca-can\u0303ada-real-14.jpg\" alt=\"fotos-boda-marta-mario-peralejo-madrid-parroquia-san-matias-aportol-finca-can\u0303ada-real-14\" width=\"900\" height=\"599\" srcset=\"https:\/\/www.daniperezfotografia.es\/wordpress\/wp-content\/uploads\/2012\/04\/fotos-boda-marta-mario-peralejo-madrid-parroquia-san-matias-aportol-finca-can\u0303ada-real-14.jpg 900w, https:\/\/www.daniperezfotografia.es\/wordpress\/wp-content\/uploads\/2012\/04\/fotos-boda-marta-mario-peralejo-madrid-parroquia-san-matias-aportol-finca-can\u0303ada-real-14-750x499.jpg 750w\" sizes=\"auto, (max-width: 900px) 100vw, 900px\" \/><img loading=\"lazy\" decoding=\"async\" class=\"aligncenter size-full wp-image-4626\" title=\"fotos-boda-marta-mario-peralejo-madrid-parroquia-san-matias-aportol-finca-can\u0303ada-real-15\" src=\"http:\/\/www.daniperezfotografia.es\/wordpress\/wp-content\/uploads\/2012\/04\/fotos-boda-marta-mario-peralejo-madrid-parroquia-san-matias-aportol-finca-can\u0303ada-real-15.jpg\" alt=\"fotos-boda-marta-mario-peralejo-madrid-parroquia-san-matias-aportol-finca-can\u0303ada-real-15\" width=\"900\" height=\"599\" srcset=\"https:\/\/www.daniperezfotografia.es\/wordpress\/wp-content\/uploads\/2012\/04\/fotos-boda-marta-mario-peralejo-madrid-parroquia-san-matias-aportol-finca-can\u0303ada-real-15.jpg 900w, https:\/\/www.daniperezfotografia.es\/wordpress\/wp-content\/uploads\/2012\/04\/fotos-boda-marta-mario-peralejo-madrid-parroquia-san-matias-aportol-finca-can\u0303ada-real-15-750x499.jpg 750w\" sizes=\"auto, (max-width: 900px) 100vw, 900px\" \/><img loading=\"lazy\" decoding=\"async\" class=\"aligncenter size-full wp-image-4627\" title=\"fotos-boda-marta-mario-peralejo-madrid-parroquia-san-matias-aportol-finca-can\u0303ada-real-16\" src=\"http:\/\/www.daniperezfotografia.es\/wordpress\/wp-content\/uploads\/2012\/04\/fotos-boda-marta-mario-peralejo-madrid-parroquia-san-matias-aportol-finca-can\u0303ada-real-16.jpg\" alt=\"fotos-boda-marta-mario-peralejo-madrid-parroquia-san-matias-aportol-finca-can\u0303ada-real-16\" width=\"900\" height=\"599\" srcset=\"https:\/\/www.daniperezfotografia.es\/wordpress\/wp-content\/uploads\/2012\/04\/fotos-boda-marta-mario-peralejo-madrid-parroquia-san-matias-aportol-finca-can\u0303ada-real-16.jpg 900w, https:\/\/www.daniperezfotografia.es\/wordpress\/wp-content\/uploads\/2012\/04\/fotos-boda-marta-mario-peralejo-madrid-parroquia-san-matias-aportol-finca-can\u0303ada-real-16-750x499.jpg 750w\" sizes=\"auto, (max-width: 900px) 100vw, 900px\" \/><img loading=\"lazy\" decoding=\"async\" class=\"aligncenter size-full wp-image-4628\" title=\"fotos-boda-marta-mario-peralejo-madrid-parroquia-san-matias-aportol-finca-can\u0303ada-real-18\" src=\"http:\/\/www.daniperezfotografia.es\/wordpress\/wp-content\/uploads\/2012\/04\/fotos-boda-marta-mario-peralejo-madrid-parroquia-san-matias-aportol-finca-can\u0303ada-real-18.jpg\" alt=\"fotos-boda-marta-mario-peralejo-madrid-parroquia-san-matias-aportol-finca-can\u0303ada-real-18\" width=\"900\" height=\"599\" srcset=\"https:\/\/www.daniperezfotografia.es\/wordpress\/wp-content\/uploads\/2012\/04\/fotos-boda-marta-mario-peralejo-madrid-parroquia-san-matias-aportol-finca-can\u0303ada-real-18.jpg 900w, https:\/\/www.daniperezfotografia.es\/wordpress\/wp-content\/uploads\/2012\/04\/fotos-boda-marta-mario-peralejo-madrid-parroquia-san-matias-aportol-finca-can\u0303ada-real-18-750x499.jpg 750w\" sizes=\"auto, (max-width: 900px) 100vw, 900px\" \/><img loading=\"lazy\" decoding=\"async\" class=\"aligncenter size-full wp-image-4629\" title=\"fotos-boda-marta-mario-peralejo-madrid-parroquia-san-matias-aportol-finca-can\u0303ada-real-19\" src=\"http:\/\/www.daniperezfotografia.es\/wordpress\/wp-content\/uploads\/2012\/04\/fotos-boda-marta-mario-peralejo-madrid-parroquia-san-matias-aportol-finca-can\u0303ada-real-19.jpg\" alt=\"fotos-boda-marta-mario-peralejo-madrid-parroquia-san-matias-aportol-finca-can\u0303ada-real-19\" width=\"900\" height=\"599\" srcset=\"https:\/\/www.daniperezfotografia.es\/wordpress\/wp-content\/uploads\/2012\/04\/fotos-boda-marta-mario-peralejo-madrid-parroquia-san-matias-aportol-finca-can\u0303ada-real-19.jpg 900w, https:\/\/www.daniperezfotografia.es\/wordpress\/wp-content\/uploads\/2012\/04\/fotos-boda-marta-mario-peralejo-madrid-parroquia-san-matias-aportol-finca-can\u0303ada-real-19-750x499.jpg 750w\" sizes=\"auto, (max-width: 900px) 100vw, 900px\" \/><img loading=\"lazy\" decoding=\"async\" class=\"aligncenter size-full wp-image-4630\" title=\"fotos-boda-marta-mario-peralejo-madrid-parroquia-san-matias-aportol-finca-can\u0303ada-real-23\" src=\"http:\/\/www.daniperezfotografia.es\/wordpress\/wp-content\/uploads\/2012\/04\/fotos-boda-marta-mario-peralejo-madrid-parroquia-san-matias-aportol-finca-can\u0303ada-real-23.jpg\" alt=\"fotos-boda-marta-mario-peralejo-madrid-parroquia-san-matias-aportol-finca-can\u0303ada-real-23\" width=\"900\" height=\"599\" srcset=\"https:\/\/www.daniperezfotografia.es\/wordpress\/wp-content\/uploads\/2012\/04\/fotos-boda-marta-mario-peralejo-madrid-parroquia-san-matias-aportol-finca-can\u0303ada-real-23.jpg 900w, https:\/\/www.daniperezfotografia.es\/wordpress\/wp-content\/uploads\/2012\/04\/fotos-boda-marta-mario-peralejo-madrid-parroquia-san-matias-aportol-finca-can\u0303ada-real-23-750x499.jpg 750w\" sizes=\"auto, (max-width: 900px) 100vw, 900px\" \/><img loading=\"lazy\" decoding=\"async\" class=\"aligncenter size-full wp-image-4631\" title=\"fotos-boda-marta-mario-peralejo-madrid-parroquia-san-matias-aportol-finca-can\u0303ada-real-24\" src=\"http:\/\/www.daniperezfotografia.es\/wordpress\/wp-content\/uploads\/2012\/04\/fotos-boda-marta-mario-peralejo-madrid-parroquia-san-matias-aportol-finca-can\u0303ada-real-24.jpg\" alt=\"fotos-boda-marta-mario-peralejo-madrid-parroquia-san-matias-aportol-finca-can\u0303ada-real-24\" width=\"900\" height=\"599\" srcset=\"https:\/\/www.daniperezfotografia.es\/wordpress\/wp-content\/uploads\/2012\/04\/fotos-boda-marta-mario-peralejo-madrid-parroquia-san-matias-aportol-finca-can\u0303ada-real-24.jpg 900w, https:\/\/www.daniperezfotografia.es\/wordpress\/wp-content\/uploads\/2012\/04\/fotos-boda-marta-mario-peralejo-madrid-parroquia-san-matias-aportol-finca-can\u0303ada-real-24-750x499.jpg 750w\" sizes=\"auto, (max-width: 900px) 100vw, 900px\" \/><img loading=\"lazy\" decoding=\"async\" class=\"aligncenter size-full wp-image-4632\" title=\"fotos-boda-marta-mario-peralejo-madrid-parroquia-san-matias-aportol-finca-can\u0303ada-real-26\" src=\"http:\/\/www.daniperezfotografia.es\/wordpress\/wp-content\/uploads\/2012\/04\/fotos-boda-marta-mario-peralejo-madrid-parroquia-san-matias-aportol-finca-can\u0303ada-real-26.jpg\" alt=\"fotos-boda-marta-mario-peralejo-madrid-parroquia-san-matias-aportol-finca-can\u0303ada-real-26\" width=\"900\" height=\"599\" srcset=\"https:\/\/www.daniperezfotografia.es\/wordpress\/wp-content\/uploads\/2012\/04\/fotos-boda-marta-mario-peralejo-madrid-parroquia-san-matias-aportol-finca-can\u0303ada-real-26.jpg 900w, https:\/\/www.daniperezfotografia.es\/wordpress\/wp-content\/uploads\/2012\/04\/fotos-boda-marta-mario-peralejo-madrid-parroquia-san-matias-aportol-finca-can\u0303ada-real-26-750x499.jpg 750w\" sizes=\"auto, (max-width: 900px) 100vw, 900px\" \/><img loading=\"lazy\" decoding=\"async\" class=\"aligncenter size-full wp-image-4633\" title=\"fotos-boda-marta-mario-peralejo-madrid-parroquia-san-matias-aportol-finca-can\u0303ada-real-28\" src=\"http:\/\/www.daniperezfotografia.es\/wordpress\/wp-content\/uploads\/2012\/04\/fotos-boda-marta-mario-peralejo-madrid-parroquia-san-matias-aportol-finca-can\u0303ada-real-28.jpg\" alt=\"fotos-boda-marta-mario-peralejo-madrid-parroquia-san-matias-aportol-finca-can\u0303ada-real-28\" width=\"900\" height=\"599\" srcset=\"https:\/\/www.daniperezfotografia.es\/wordpress\/wp-content\/uploads\/2012\/04\/fotos-boda-marta-mario-peralejo-madrid-parroquia-san-matias-aportol-finca-can\u0303ada-real-28.jpg 900w, https:\/\/www.daniperezfotografia.es\/wordpress\/wp-content\/uploads\/2012\/04\/fotos-boda-marta-mario-peralejo-madrid-parroquia-san-matias-aportol-finca-can\u0303ada-real-28-750x499.jpg 750w\" sizes=\"auto, (max-width: 900px) 100vw, 900px\" \/><img loading=\"lazy\" decoding=\"async\" class=\"aligncenter size-full wp-image-4634\" title=\"fotos-boda-marta-mario-peralejo-madrid-parroquia-san-matias-aportol-finca-can\u0303ada-real-29\" src=\"http:\/\/www.daniperezfotografia.es\/wordpress\/wp-content\/uploads\/2012\/04\/fotos-boda-marta-mario-peralejo-madrid-parroquia-san-matias-aportol-finca-can\u0303ada-real-29.jpg\" alt=\"fotos-boda-marta-mario-peralejo-madrid-parroquia-san-matias-aportol-finca-can\u0303ada-real-29\" width=\"900\" height=\"599\" srcset=\"https:\/\/www.daniperezfotografia.es\/wordpress\/wp-content\/uploads\/2012\/04\/fotos-boda-marta-mario-peralejo-madrid-parroquia-san-matias-aportol-finca-can\u0303ada-real-29.jpg 900w, https:\/\/www.daniperezfotografia.es\/wordpress\/wp-content\/uploads\/2012\/04\/fotos-boda-marta-mario-peralejo-madrid-parroquia-san-matias-aportol-finca-can\u0303ada-real-29-750x499.jpg 750w\" sizes=\"auto, (max-width: 900px) 100vw, 900px\" \/><img loading=\"lazy\" decoding=\"async\" class=\"aligncenter size-full wp-image-4635\" title=\"fotos-boda-marta-mario-peralejo-madrid-parroquia-san-matias-aportol-finca-can\u0303ada-real-48\" src=\"http:\/\/www.daniperezfotografia.es\/wordpress\/wp-content\/uploads\/2012\/04\/fotos-boda-marta-mario-peralejo-madrid-parroquia-san-matias-aportol-finca-can\u0303ada-real-48.jpg\" alt=\"fotos-boda-marta-mario-peralejo-madrid-parroquia-san-matias-aportol-finca-can\u0303ada-real-48\" width=\"900\" height=\"599\" srcset=\"https:\/\/www.daniperezfotografia.es\/wordpress\/wp-content\/uploads\/2012\/04\/fotos-boda-marta-mario-peralejo-madrid-parroquia-san-matias-aportol-finca-can\u0303ada-real-48.jpg 900w, https:\/\/www.daniperezfotografia.es\/wordpress\/wp-content\/uploads\/2012\/04\/fotos-boda-marta-mario-peralejo-madrid-parroquia-san-matias-aportol-finca-can\u0303ada-real-48-750x499.jpg 750w\" sizes=\"auto, (max-width: 900px) 100vw, 900px\" \/><\/p>\n<p style=\"text-align: center;\">Ceremonia : Iglesia Parroquia de San Mat\u00edas Ap\u00f3stol de Peralejo<\/p>\n<p style=\"text-align: center;\">Convite : <a title=\"Finca Ca\u00f1ada Real\" href=\"http:\/\/www.fincaparaboda.es\/\" target=\"_blank\">Finca Ca\u00f1ada Real<\/a><\/p>\n","protected":false},"excerpt":{"rendered":"<p>Ceremonia : Iglesia Parroquia de San Mat\u00edas Ap\u00f3stol de Peralejo Convite : Finca Ca\u00f1ada Real<\/p>\n","protected":false},"author":1,"featured_media":4606,"comment_status":"open","ping_status":"open","sticky":false,"template":"","format":"standard","meta":{"footnotes":""},"categories":[63],"tags":[531,604,603,594],"class_list":["post-4488","post","type-post","status-publish","format-standard","has-post-thumbnail","hentry","category-bodas","tag-boda","tag-finca-la-canada-real","tag-parroquia-de-san-matias-apostol","tag-peralejo"],"blocksy_meta":{"styles_descriptor":{"styles":{"desktop":"","tablet":"","mobile":""},"google_fonts":[],"version":6}},"yoast_head":"<!-- This site is optimized with the Yoast SEO plugin v27.4 - https:\/\/yoast.com\/product\/yoast-seo-wordpress\/ -->\n<title>Fotos de boda en Peralejo<\/title>\n<meta name=\"description\" content=\"Marta + Mario | Boda en Peralejo\" \/>\n<meta name=\"robots\" content=\"index, follow, max-snippet:-1, max-image-preview:large, max-video-preview:-1\" \/>\n<link rel=\"canonical\" href=\"http:\/\/www.daniperezfotografia.es\/wordpress\/bodas\/boda-de-marta-y-mario-peralejo-parroquia-san-matias-apostol-finca-canada-real-el-escorial-madrid\" \/>\n<meta property=\"og:locale\" content=\"es_ES\" \/>\n<meta property=\"og:type\" content=\"article\" \/>\n<meta property=\"og:title\" content=\"Fotos de boda en Peralejo\" \/>\n<meta property=\"og:description\" content=\"Marta + Mario | Boda en Peralejo\" \/>\n<meta property=\"og:url\" content=\"http:\/\/www.daniperezfotografia.es\/wordpress\/bodas\/boda-de-marta-y-mario-peralejo-parroquia-san-matias-apostol-finca-canada-real-el-escorial-madrid\" \/>\n<meta property=\"og:site_name\" content=\"Dani Perez Fotografia | Fotografo Profesional en Madrid\" \/>\n<meta property=\"article:publisher\" content=\"https:\/\/www.facebook.com\/daniperezfotografia\" \/>\n<meta property=\"article:author\" content=\"https:\/\/www.facebook.com\/daniperezfotografia\" \/>\n<meta property=\"article:published_time\" content=\"2012-11-20T19:56:41+00:00\" \/>\n<meta property=\"article:modified_time\" content=\"2017-02-28T20:31:29+00:00\" \/>\n<meta property=\"og:image\" content=\"http:\/\/www.daniperezfotografia.es\/wordpress\/wp-content\/uploads\/2012\/04\/fotos-boda-marta-mario-peralejo-madrid-parroquia-san-matias-aportol-finca-can\u0303ada-real-36.jpg\" \/>\n\t<meta property=\"og:image:width\" content=\"900\" \/>\n\t<meta property=\"og:image:height\" content=\"599\" \/>\n\t<meta property=\"og:image:type\" content=\"image\/jpeg\" \/>\n<meta name=\"author\" content=\"Dani\" \/>\n<meta name=\"twitter:card\" content=\"summary_large_image\" \/>\n<meta name=\"twitter:creator\" content=\"@daniperezfoto\" \/>\n<meta name=\"twitter:site\" content=\"@daniperezfoto\" \/>\n<meta name=\"twitter:label1\" content=\"Escrito por\" \/>\n\t<meta name=\"twitter:data1\" content=\"Dani\" \/>\n<script type=\"application\/ld+json\" class=\"yoast-schema-graph\">{\"@context\":\"https:\\\/\\\/schema.org\",\"@graph\":[{\"@type\":\"Article\",\"@id\":\"http:\\\/\\\/www.daniperezfotografia.es\\\/wordpress\\\/bodas\\\/boda-de-marta-y-mario-peralejo-parroquia-san-matias-apostol-finca-canada-real-el-escorial-madrid#article\",\"isPartOf\":{\"@id\":\"http:\\\/\\\/www.daniperezfotografia.es\\\/wordpress\\\/bodas\\\/boda-de-marta-y-mario-peralejo-parroquia-san-matias-apostol-finca-canada-real-el-escorial-madrid\"},\"author\":{\"name\":\"Dani\",\"@id\":\"https:\\\/\\\/www.daniperezfotografia.es\\\/wordpress\\\/#\\\/schema\\\/person\\\/e182c086037e8185dcc7e99e2c589a63\"},\"headline\":\"Boda en la Finca Ca\u00f1ada Real\",\"datePublished\":\"2012-11-20T19:56:41+00:00\",\"dateModified\":\"2017-02-28T20:31:29+00:00\",\"mainEntityOfPage\":{\"@id\":\"http:\\\/\\\/www.daniperezfotografia.es\\\/wordpress\\\/bodas\\\/boda-de-marta-y-mario-peralejo-parroquia-san-matias-apostol-finca-canada-real-el-escorial-madrid\"},\"wordCount\":23,\"commentCount\":3,\"publisher\":{\"@id\":\"https:\\\/\\\/www.daniperezfotografia.es\\\/wordpress\\\/#organization\"},\"image\":{\"@id\":\"http:\\\/\\\/www.daniperezfotografia.es\\\/wordpress\\\/bodas\\\/boda-de-marta-y-mario-peralejo-parroquia-san-matias-apostol-finca-canada-real-el-escorial-madrid#primaryimage\"},\"thumbnailUrl\":\"https:\\\/\\\/www.daniperezfotografia.es\\\/wordpress\\\/wp-content\\\/uploads\\\/2012\\\/04\\\/fotos-boda-marta-mario-peralejo-madrid-parroquia-san-matias-aportol-finca-can\u0303ada-real-36.jpg\",\"keywords\":[\"boda\",\"finca la ca\u00f1ada real\",\"parroquia de san matias apostol\",\"peralejo\"],\"articleSection\":[\"Reportajes de Bodas\"],\"inLanguage\":\"es\",\"potentialAction\":[{\"@type\":\"CommentAction\",\"name\":\"Comment\",\"target\":[\"http:\\\/\\\/www.daniperezfotografia.es\\\/wordpress\\\/bodas\\\/boda-de-marta-y-mario-peralejo-parroquia-san-matias-apostol-finca-canada-real-el-escorial-madrid#respond\"]}]},{\"@type\":\"WebPage\",\"@id\":\"http:\\\/\\\/www.daniperezfotografia.es\\\/wordpress\\\/bodas\\\/boda-de-marta-y-mario-peralejo-parroquia-san-matias-apostol-finca-canada-real-el-escorial-madrid\",\"url\":\"http:\\\/\\\/www.daniperezfotografia.es\\\/wordpress\\\/bodas\\\/boda-de-marta-y-mario-peralejo-parroquia-san-matias-apostol-finca-canada-real-el-escorial-madrid\",\"name\":\"Fotos de boda en Peralejo\",\"isPartOf\":{\"@id\":\"https:\\\/\\\/www.daniperezfotografia.es\\\/wordpress\\\/#website\"},\"primaryImageOfPage\":{\"@id\":\"http:\\\/\\\/www.daniperezfotografia.es\\\/wordpress\\\/bodas\\\/boda-de-marta-y-mario-peralejo-parroquia-san-matias-apostol-finca-canada-real-el-escorial-madrid#primaryimage\"},\"image\":{\"@id\":\"http:\\\/\\\/www.daniperezfotografia.es\\\/wordpress\\\/bodas\\\/boda-de-marta-y-mario-peralejo-parroquia-san-matias-apostol-finca-canada-real-el-escorial-madrid#primaryimage\"},\"thumbnailUrl\":\"https:\\\/\\\/www.daniperezfotografia.es\\\/wordpress\\\/wp-content\\\/uploads\\\/2012\\\/04\\\/fotos-boda-marta-mario-peralejo-madrid-parroquia-san-matias-aportol-finca-can\u0303ada-real-36.jpg\",\"datePublished\":\"2012-11-20T19:56:41+00:00\",\"dateModified\":\"2017-02-28T20:31:29+00:00\",\"description\":\"Marta + Mario | Boda en Peralejo\",\"breadcrumb\":{\"@id\":\"http:\\\/\\\/www.daniperezfotografia.es\\\/wordpress\\\/bodas\\\/boda-de-marta-y-mario-peralejo-parroquia-san-matias-apostol-finca-canada-real-el-escorial-madrid#breadcrumb\"},\"inLanguage\":\"es\",\"potentialAction\":[{\"@type\":\"ReadAction\",\"target\":[\"http:\\\/\\\/www.daniperezfotografia.es\\\/wordpress\\\/bodas\\\/boda-de-marta-y-mario-peralejo-parroquia-san-matias-apostol-finca-canada-real-el-escorial-madrid\"]}]},{\"@type\":\"ImageObject\",\"inLanguage\":\"es\",\"@id\":\"http:\\\/\\\/www.daniperezfotografia.es\\\/wordpress\\\/bodas\\\/boda-de-marta-y-mario-peralejo-parroquia-san-matias-apostol-finca-canada-real-el-escorial-madrid#primaryimage\",\"url\":\"https:\\\/\\\/www.daniperezfotografia.es\\\/wordpress\\\/wp-content\\\/uploads\\\/2012\\\/04\\\/fotos-boda-marta-mario-peralejo-madrid-parroquia-san-matias-aportol-finca-can\u0303ada-real-36.jpg\",\"contentUrl\":\"https:\\\/\\\/www.daniperezfotografia.es\\\/wordpress\\\/wp-content\\\/uploads\\\/2012\\\/04\\\/fotos-boda-marta-mario-peralejo-madrid-parroquia-san-matias-aportol-finca-can\u0303ada-real-36.jpg\",\"width\":\"900\",\"height\":\"599\",\"caption\":\"fotos-boda-marta-mario-peralejo-madrid-parroquia-san-matias-aportol-finca-can\u0303ada-real-36\"},{\"@type\":\"BreadcrumbList\",\"@id\":\"http:\\\/\\\/www.daniperezfotografia.es\\\/wordpress\\\/bodas\\\/boda-de-marta-y-mario-peralejo-parroquia-san-matias-apostol-finca-canada-real-el-escorial-madrid#breadcrumb\",\"itemListElement\":[{\"@type\":\"ListItem\",\"position\":1,\"name\":\"Portada\",\"item\":\"https:\\\/\\\/www.daniperezfotografia.es\\\/wordpress\\\/\"},{\"@type\":\"ListItem\",\"position\":2,\"name\":\"Boda en la Finca Ca\u00f1ada Real\"}]},{\"@type\":\"WebSite\",\"@id\":\"https:\\\/\\\/www.daniperezfotografia.es\\\/wordpress\\\/#website\",\"url\":\"https:\\\/\\\/www.daniperezfotografia.es\\\/wordpress\\\/\",\"name\":\"Dani Perez Fotografia | Fotografo Profesional en Madrid\",\"description\":\"Reportajes de bodas, bautizos, comuniones y sesiones de familia para particulares. Eventos, conferencias y retrato corporativo para empresas. Video de conferencias\",\"publisher\":{\"@id\":\"https:\\\/\\\/www.daniperezfotografia.es\\\/wordpress\\\/#organization\"},\"potentialAction\":[{\"@type\":\"SearchAction\",\"target\":{\"@type\":\"EntryPoint\",\"urlTemplate\":\"https:\\\/\\\/www.daniperezfotografia.es\\\/wordpress\\\/?s={search_term_string}\"},\"query-input\":{\"@type\":\"PropertyValueSpecification\",\"valueRequired\":true,\"valueName\":\"search_term_string\"}}],\"inLanguage\":\"es\"},{\"@type\":\"Organization\",\"@id\":\"https:\\\/\\\/www.daniperezfotografia.es\\\/wordpress\\\/#organization\",\"name\":\"Dani Perez Fotografia y Video\",\"url\":\"https:\\\/\\\/www.daniperezfotografia.es\\\/wordpress\\\/\",\"logo\":{\"@type\":\"ImageObject\",\"inLanguage\":\"es\",\"@id\":\"https:\\\/\\\/www.daniperezfotografia.es\\\/wordpress\\\/#\\\/schema\\\/logo\\\/image\\\/\",\"url\":\"\",\"contentUrl\":\"\",\"caption\":\"Dani Perez Fotografia y Video\"},\"image\":{\"@id\":\"https:\\\/\\\/www.daniperezfotografia.es\\\/wordpress\\\/#\\\/schema\\\/logo\\\/image\\\/\"},\"sameAs\":[\"https:\\\/\\\/www.facebook.com\\\/daniperezfotografia\",\"https:\\\/\\\/x.com\\\/daniperezfoto\",\"https:\\\/\\\/instagram.com\\\/daniperezfotografia\\\/\",\"https:\\\/\\\/www.linkedin.com\\\/pub\\\/dani-perez-fotografo\\\/b2\\\/3b0\\\/594\"]},{\"@type\":\"Person\",\"@id\":\"https:\\\/\\\/www.daniperezfotografia.es\\\/wordpress\\\/#\\\/schema\\\/person\\\/e182c086037e8185dcc7e99e2c589a63\",\"name\":\"Dani\",\"sameAs\":[\"http:\\\/\\\/www.daniperezfotografia.es\",\"https:\\\/\\\/www.facebook.com\\\/daniperezfotografia\",\"https:\\\/\\\/x.com\\\/daniperezfoto\"]}]}<\/script>\n<!-- \/ Yoast SEO plugin. -->","yoast_head_json":{"title":"Fotos de boda en Peralejo","description":"Marta + Mario | Boda en Peralejo","robots":{"index":"index","follow":"follow","max-snippet":"max-snippet:-1","max-image-preview":"max-image-preview:large","max-video-preview":"max-video-preview:-1"},"canonical":"http:\/\/www.daniperezfotografia.es\/wordpress\/bodas\/boda-de-marta-y-mario-peralejo-parroquia-san-matias-apostol-finca-canada-real-el-escorial-madrid","og_locale":"es_ES","og_type":"article","og_title":"Fotos de boda en Peralejo","og_description":"Marta + Mario | Boda en Peralejo","og_url":"http:\/\/www.daniperezfotografia.es\/wordpress\/bodas\/boda-de-marta-y-mario-peralejo-parroquia-san-matias-apostol-finca-canada-real-el-escorial-madrid","og_site_name":"Dani Perez Fotografia | Fotografo Profesional en Madrid","article_publisher":"https:\/\/www.facebook.com\/daniperezfotografia","article_author":"https:\/\/www.facebook.com\/daniperezfotografia","article_published_time":"2012-11-20T19:56:41+00:00","article_modified_time":"2017-02-28T20:31:29+00:00","og_image":[{"width":900,"height":599,"url":"http:\/\/www.daniperezfotografia.es\/wordpress\/wp-content\/uploads\/2012\/04\/fotos-boda-marta-mario-peralejo-madrid-parroquia-san-matias-aportol-finca-can\u0303ada-real-36.jpg","type":"image\/jpeg"}],"author":"Dani","twitter_card":"summary_large_image","twitter_creator":"@daniperezfoto","twitter_site":"@daniperezfoto","twitter_misc":{"Escrito por":"Dani"},"schema":{"@context":"https:\/\/schema.org","@graph":[{"@type":"Article","@id":"http:\/\/www.daniperezfotografia.es\/wordpress\/bodas\/boda-de-marta-y-mario-peralejo-parroquia-san-matias-apostol-finca-canada-real-el-escorial-madrid#article","isPartOf":{"@id":"http:\/\/www.daniperezfotografia.es\/wordpress\/bodas\/boda-de-marta-y-mario-peralejo-parroquia-san-matias-apostol-finca-canada-real-el-escorial-madrid"},"author":{"name":"Dani","@id":"https:\/\/www.daniperezfotografia.es\/wordpress\/#\/schema\/person\/e182c086037e8185dcc7e99e2c589a63"},"headline":"Boda en la Finca Ca\u00f1ada Real","datePublished":"2012-11-20T19:56:41+00:00","dateModified":"2017-02-28T20:31:29+00:00","mainEntityOfPage":{"@id":"http:\/\/www.daniperezfotografia.es\/wordpress\/bodas\/boda-de-marta-y-mario-peralejo-parroquia-san-matias-apostol-finca-canada-real-el-escorial-madrid"},"wordCount":23,"commentCount":3,"publisher":{"@id":"https:\/\/www.daniperezfotografia.es\/wordpress\/#organization"},"image":{"@id":"http:\/\/www.daniperezfotografia.es\/wordpress\/bodas\/boda-de-marta-y-mario-peralejo-parroquia-san-matias-apostol-finca-canada-real-el-escorial-madrid#primaryimage"},"thumbnailUrl":"https:\/\/www.daniperezfotografia.es\/wordpress\/wp-content\/uploads\/2012\/04\/fotos-boda-marta-mario-peralejo-madrid-parroquia-san-matias-aportol-finca-can\u0303ada-real-36.jpg","keywords":["boda","finca la ca\u00f1ada real","parroquia de san matias apostol","peralejo"],"articleSection":["Reportajes de Bodas"],"inLanguage":"es","potentialAction":[{"@type":"CommentAction","name":"Comment","target":["http:\/\/www.daniperezfotografia.es\/wordpress\/bodas\/boda-de-marta-y-mario-peralejo-parroquia-san-matias-apostol-finca-canada-real-el-escorial-madrid#respond"]}]},{"@type":"WebPage","@id":"http:\/\/www.daniperezfotografia.es\/wordpress\/bodas\/boda-de-marta-y-mario-peralejo-parroquia-san-matias-apostol-finca-canada-real-el-escorial-madrid","url":"http:\/\/www.daniperezfotografia.es\/wordpress\/bodas\/boda-de-marta-y-mario-peralejo-parroquia-san-matias-apostol-finca-canada-real-el-escorial-madrid","name":"Fotos de boda en Peralejo","isPartOf":{"@id":"https:\/\/www.daniperezfotografia.es\/wordpress\/#website"},"primaryImageOfPage":{"@id":"http:\/\/www.daniperezfotografia.es\/wordpress\/bodas\/boda-de-marta-y-mario-peralejo-parroquia-san-matias-apostol-finca-canada-real-el-escorial-madrid#primaryimage"},"image":{"@id":"http:\/\/www.daniperezfotografia.es\/wordpress\/bodas\/boda-de-marta-y-mario-peralejo-parroquia-san-matias-apostol-finca-canada-real-el-escorial-madrid#primaryimage"},"thumbnailUrl":"https:\/\/www.daniperezfotografia.es\/wordpress\/wp-content\/uploads\/2012\/04\/fotos-boda-marta-mario-peralejo-madrid-parroquia-san-matias-aportol-finca-can\u0303ada-real-36.jpg","datePublished":"2012-11-20T19:56:41+00:00","dateModified":"2017-02-28T20:31:29+00:00","description":"Marta + Mario | Boda en Peralejo","breadcrumb":{"@id":"http:\/\/www.daniperezfotografia.es\/wordpress\/bodas\/boda-de-marta-y-mario-peralejo-parroquia-san-matias-apostol-finca-canada-real-el-escorial-madrid#breadcrumb"},"inLanguage":"es","potentialAction":[{"@type":"ReadAction","target":["http:\/\/www.daniperezfotografia.es\/wordpress\/bodas\/boda-de-marta-y-mario-peralejo-parroquia-san-matias-apostol-finca-canada-real-el-escorial-madrid"]}]},{"@type":"ImageObject","inLanguage":"es","@id":"http:\/\/www.daniperezfotografia.es\/wordpress\/bodas\/boda-de-marta-y-mario-peralejo-parroquia-san-matias-apostol-finca-canada-real-el-escorial-madrid#primaryimage","url":"https:\/\/www.daniperezfotografia.es\/wordpress\/wp-content\/uploads\/2012\/04\/fotos-boda-marta-mario-peralejo-madrid-parroquia-san-matias-aportol-finca-can\u0303ada-real-36.jpg","contentUrl":"https:\/\/www.daniperezfotografia.es\/wordpress\/wp-content\/uploads\/2012\/04\/fotos-boda-marta-mario-peralejo-madrid-parroquia-san-matias-aportol-finca-can\u0303ada-real-36.jpg","width":"900","height":"599","caption":"fotos-boda-marta-mario-peralejo-madrid-parroquia-san-matias-aportol-finca-can\u0303ada-real-36"},{"@type":"BreadcrumbList","@id":"http:\/\/www.daniperezfotografia.es\/wordpress\/bodas\/boda-de-marta-y-mario-peralejo-parroquia-san-matias-apostol-finca-canada-real-el-escorial-madrid#breadcrumb","itemListElement":[{"@type":"ListItem","position":1,"name":"Portada","item":"https:\/\/www.daniperezfotografia.es\/wordpress\/"},{"@type":"ListItem","position":2,"name":"Boda en la Finca Ca\u00f1ada Real"}]},{"@type":"WebSite","@id":"https:\/\/www.daniperezfotografia.es\/wordpress\/#website","url":"https:\/\/www.daniperezfotografia.es\/wordpress\/","name":"Dani Perez Fotografia | Fotografo Profesional en Madrid","description":"Reportajes de bodas, bautizos, comuniones y sesiones de familia para particulares. Eventos, conferencias y retrato corporativo para empresas. Video de conferencias","publisher":{"@id":"https:\/\/www.daniperezfotografia.es\/wordpress\/#organization"},"potentialAction":[{"@type":"SearchAction","target":{"@type":"EntryPoint","urlTemplate":"https:\/\/www.daniperezfotografia.es\/wordpress\/?s={search_term_string}"},"query-input":{"@type":"PropertyValueSpecification","valueRequired":true,"valueName":"search_term_string"}}],"inLanguage":"es"},{"@type":"Organization","@id":"https:\/\/www.daniperezfotografia.es\/wordpress\/#organization","name":"Dani Perez Fotografia y Video","url":"https:\/\/www.daniperezfotografia.es\/wordpress\/","logo":{"@type":"ImageObject","inLanguage":"es","@id":"https:\/\/www.daniperezfotografia.es\/wordpress\/#\/schema\/logo\/image\/","url":"","contentUrl":"","caption":"Dani Perez Fotografia y Video"},"image":{"@id":"https:\/\/www.daniperezfotografia.es\/wordpress\/#\/schema\/logo\/image\/"},"sameAs":["https:\/\/www.facebook.com\/daniperezfotografia","https:\/\/x.com\/daniperezfoto","https:\/\/instagram.com\/daniperezfotografia\/","https:\/\/www.linkedin.com\/pub\/dani-perez-fotografo\/b2\/3b0\/594"]},{"@type":"Person","@id":"https:\/\/www.daniperezfotografia.es\/wordpress\/#\/schema\/person\/e182c086037e8185dcc7e99e2c589a63","name":"Dani","sameAs":["http:\/\/www.daniperezfotografia.es","https:\/\/www.facebook.com\/daniperezfotografia","https:\/\/x.com\/daniperezfoto"]}]}},"_links":{"self":[{"href":"https:\/\/www.daniperezfotografia.es\/wordpress\/wp-json\/wp\/v2\/posts\/4488","targetHints":{"allow":["GET"]}}],"collection":[{"href":"https:\/\/www.daniperezfotografia.es\/wordpress\/wp-json\/wp\/v2\/posts"}],"about":[{"href":"https:\/\/www.daniperezfotografia.es\/wordpress\/wp-json\/wp\/v2\/types\/post"}],"author":[{"embeddable":true,"href":"https:\/\/www.daniperezfotografia.es\/wordpress\/wp-json\/wp\/v2\/users\/1"}],"replies":[{"embeddable":true,"href":"https:\/\/www.daniperezfotografia.es\/wordpress\/wp-json\/wp\/v2\/comments?post=4488"}],"version-history":[{"count":3,"href":"https:\/\/www.daniperezfotografia.es\/wordpress\/wp-json\/wp\/v2\/posts\/4488\/revisions"}],"predecessor-version":[{"id":11442,"href":"https:\/\/www.daniperezfotografia.es\/wordpress\/wp-json\/wp\/v2\/posts\/4488\/revisions\/11442"}],"wp:featuredmedia":[{"embeddable":true,"href":"https:\/\/www.daniperezfotografia.es\/wordpress\/wp-json\/wp\/v2\/media\/4606"}],"wp:attachment":[{"href":"https:\/\/www.daniperezfotografia.es\/wordpress\/wp-json\/wp\/v2\/media?parent=4488"}],"wp:term":[{"taxonomy":"category","embeddable":true,"href":"https:\/\/www.daniperezfotografia.es\/wordpress\/wp-json\/wp\/v2\/categories?post=4488"},{"taxonomy":"post_tag","embeddable":true,"href":"https:\/\/www.daniperezfotografia.es\/wordpress\/wp-json\/wp\/v2\/tags?post=4488"}],"curies":[{"name":"wp","href":"https:\/\/api.w.org\/{rel}","templated":true}]}}