{"id":12603,"date":"2019-04-04T12:34:18","date_gmt":"2019-04-04T11:34:18","guid":{"rendered":"http:\/\/www.daniperezfotografia.es\/wordpress\/?p=12603"},"modified":"2020-05-23T09:40:13","modified_gmt":"2020-05-23T08:40:13","slug":"fotografo-de-boda-en-talavera-de-la-reina-la-casona-del-lago","status":"publish","type":"post","link":"https:\/\/www.daniperezfotografia.es\/wordpress\/bodas\/fotografo-de-boda-en-talavera-de-la-reina-la-casona-del-lago","title":{"rendered":"Boda en La Casona del Lago"},"content":{"rendered":"<p>Helena y Javier celebraron su <strong>boda en <a href=\"http:\/\/www.turismocastillalamancha.es\/patrimonio\/talavera-de-la-reina-83031\/descripcion\/\" target=\"_blank\" rel=\"noopener noreferrer\">Talavera de la Reina<\/a><\/strong>. La ceremonia religiosa se oficio en la <a href=\"https:\/\/www.tripadvisor.es\/Attraction_Review-g635889-d10491237-Reviews-Parroquia_de_Santiago_Apostol_Santiago_el_Nuevo-Talavera_de_la_Reina_Province_of.html\" target=\"_blank\" rel=\"noopener noreferrer\">Iglesia de Santiago Apostol (Santiago el Nuevo)<\/a>. Para el convite eligieron la preciosa finca de <a href=\"https:\/\/www.lacasonadellago.com\/\" target=\"_blank\" rel=\"noopener noreferrer\">La Casona del Lago<\/a>, ubicada en un entorno natural privilegiado, que junto al buen tiempo del d\u00eda de su boda, permitieron disfrutar tanto el cocktail como la cena, al aire libre.<\/p>\n<div class=\"su-vimeo su-u-responsive-media-yes\"><iframe loading=\"lazy\" width=\"200\" height=\"200\" src=\"\/\/player.vimeo.com\/video\/232377663?title=0&amp;byline=0&amp;portrait=0&amp;color=ffffff&amp;autoplay=0&amp;dnt=0&amp;muted=0&amp;texttrack=Ceremonia+en+la+Iglesia+de+Santiago+el+Nuevo\" frameborder=\"0\" allow=\"autoplay; fullscreen\" allowfullscreen title=\"Boda en la La Casona del Lago en Talavera de la Reina\"><\/iframe><\/div>\n<h3>Iglesia de Santiago el Nuevo<\/h3>\n<p>La <b>iglesia de Santiago el Nuevo,<\/b> es un templo religioso catalogado como <a title=\"Bien de Inter\u00e9s Cultural (Espa\u00f1a)\" href=\"https:\/\/es.wikipedia.org\/wiki\/Bien_de_Inter%C3%A9s_Cultural_(Espa%C3%B1a)\">Bien de Inter\u00e9s Cultural<\/a>.<\/p>\n<p>Este templo es de estilo mud\u00e9jar-medieval o rom\u00e1nico mudejarizado, comenzando su obra a comienzos del siglo XIV. Se construy\u00f3 con materiales de origen romano y visigodo, as\u00ed como m\u00e1rmol o piedra, siendo el principal elemento constructivo (as\u00ed como decorativo) el ladrillo mudejarista.<\/p>\n<p>El edificio es de\u00a0planta\u00a0rectangular, sin cabecera y distribuido en tres\u00a0naves, separadas por\u00a0pilares\u00a0y arcos de piedra t\u00famidos, que rematan en cabecera de testero plano.<\/p>\n<p>Destaca su fachada occidental, formada por un\u00a0roset\u00f3n\u00a0cuyas tracer\u00edas est\u00e1n realizadas con\u00a0ladrillo\u00a0y un frontal inferior de vanos de iluminaci\u00f3n rodeados de arcos de herradura apuntados y polilobulados. Las puertas norte y sur de arquivoltas de ladrillo ligeramente apuntadas.<\/p>\n<p>Cuenta con un\u00a0\u00f3rgano\u00a0imponente del\u00a0siglo XVIII<\/p>\n","protected":false},"excerpt":{"rendered":"<p>Helena y Javier celebraron su boda en Talavera de la Reina. La ceremonia religiosa se oficio en la Iglesia de Santiago Apostol (Santiago el Nuevo). Para el convite eligieron la preciosa finca de La Casona del Lago, ubicada en un entorno natural privilegiado, que junto al buen tiempo del d\u00eda de su boda, permitieron disfrutar [&hellip;]<\/p>\n","protected":false},"author":3,"featured_media":12605,"comment_status":"closed","ping_status":"open","sticky":false,"template":"","format":"standard","meta":{"footnotes":""},"categories":[63],"tags":[531,997,996],"class_list":["post-12603","post","type-post","status-publish","format-standard","has-post-thumbnail","hentry","category-bodas","tag-boda","tag-la-casona-del-lago","tag-talavera-de-la-reina"],"blocksy_meta":{"styles_descriptor":{"styles":{"desktop":"","tablet":"","mobile":""},"google_fonts":[],"version":6}},"yoast_head":"<!-- This site is optimized with the Yoast SEO plugin v27.4 - https:\/\/yoast.com\/product\/yoast-seo-wordpress\/ -->\n<title>Fotos de boda en Talavera de la Reina en La Casona del Lago<\/title>\n<meta name=\"description\" content=\"Helena y Javier celebraron su boda en Talavera de la Reina, la ceremonia religiosa se oficio en la Iglesia de Santiago y el convite en la Casona del Lago\" \/>\n<meta name=\"robots\" content=\"index, follow, max-snippet:-1, max-image-preview:large, max-video-preview:-1\" \/>\n<link rel=\"canonical\" href=\"http:\/\/www.daniperezfotografia.es\/wordpress\/bodas\/fotografo-de-boda-en-talavera-de-la-reina-la-casona-del-lago\" \/>\n<meta property=\"og:locale\" content=\"es_ES\" \/>\n<meta property=\"og:type\" content=\"article\" \/>\n<meta property=\"og:title\" content=\"Fotos de boda en Talavera de la Reina en La Casona del Lago\" \/>\n<meta property=\"og:description\" content=\"Helena y Javier celebraron su boda en Talavera de la Reina, la ceremonia religiosa se oficio en la Iglesia de Santiago y el convite en la Casona del Lago\" \/>\n<meta property=\"og:url\" content=\"http:\/\/www.daniperezfotografia.es\/wordpress\/bodas\/fotografo-de-boda-en-talavera-de-la-reina-la-casona-del-lago\" \/>\n<meta property=\"og:site_name\" content=\"Dani Perez Fotografia | Fotografo Profesional en Madrid\" \/>\n<meta property=\"article:publisher\" content=\"https:\/\/www.facebook.com\/daniperezfotografia\" \/>\n<meta property=\"article:published_time\" content=\"2019-04-04T11:34:18+00:00\" \/>\n<meta property=\"article:modified_time\" content=\"2020-05-23T08:40:13+00:00\" \/>\n<meta property=\"og:image\" content=\"http:\/\/www.daniperezfotografia.es\/wordpress\/wp-content\/uploads\/2019\/04\/fotografo-boda-talavera-de-la-reina-la-casona-del-lago-1100.jpg\" \/>\n\t<meta property=\"og:image:width\" content=\"1100\" \/>\n\t<meta property=\"og:image:height\" content=\"734\" \/>\n\t<meta property=\"og:image:type\" content=\"image\/jpeg\" \/>\n<meta name=\"author\" content=\"Dani\" \/>\n<meta name=\"twitter:card\" content=\"summary_large_image\" \/>\n<meta name=\"twitter:creator\" content=\"@daniperezfoto\" \/>\n<meta name=\"twitter:site\" content=\"@daniperezfoto\" \/>\n<meta name=\"twitter:label1\" content=\"Escrito por\" \/>\n\t<meta name=\"twitter:data1\" content=\"Dani\" \/>\n\t<meta name=\"twitter:label2\" content=\"Tiempo de lectura\" \/>\n\t<meta name=\"twitter:data2\" content=\"1 minuto\" \/>\n<script type=\"application\/ld+json\" class=\"yoast-schema-graph\">{\"@context\":\"https:\\\/\\\/schema.org\",\"@graph\":[{\"@type\":\"Article\",\"@id\":\"http:\\\/\\\/www.daniperezfotografia.es\\\/wordpress\\\/bodas\\\/fotografo-de-boda-en-talavera-de-la-reina-la-casona-del-lago#article\",\"isPartOf\":{\"@id\":\"http:\\\/\\\/www.daniperezfotografia.es\\\/wordpress\\\/bodas\\\/fotografo-de-boda-en-talavera-de-la-reina-la-casona-del-lago\"},\"author\":{\"name\":\"Dani\",\"@id\":\"https:\\\/\\\/www.daniperezfotografia.es\\\/wordpress\\\/#\\\/schema\\\/person\\\/fd3c30e4e762998d6859e7cb5e31ed65\"},\"headline\":\"Boda en La Casona del Lago\",\"datePublished\":\"2019-04-04T11:34:18+00:00\",\"dateModified\":\"2020-05-23T08:40:13+00:00\",\"mainEntityOfPage\":{\"@id\":\"http:\\\/\\\/www.daniperezfotografia.es\\\/wordpress\\\/bodas\\\/fotografo-de-boda-en-talavera-de-la-reina-la-casona-del-lago\"},\"wordCount\":250,\"publisher\":{\"@id\":\"https:\\\/\\\/www.daniperezfotografia.es\\\/wordpress\\\/#organization\"},\"image\":{\"@id\":\"http:\\\/\\\/www.daniperezfotografia.es\\\/wordpress\\\/bodas\\\/fotografo-de-boda-en-talavera-de-la-reina-la-casona-del-lago#primaryimage\"},\"thumbnailUrl\":\"https:\\\/\\\/www.daniperezfotografia.es\\\/wordpress\\\/wp-content\\\/uploads\\\/2019\\\/04\\\/fotografo-boda-talavera-de-la-reina-la-casona-del-lago-1100.jpg\",\"keywords\":[\"boda\",\"La Casona del Lago\",\"Talavera de la Reina\"],\"articleSection\":[\"Reportajes de Bodas\"],\"inLanguage\":\"es\"},{\"@type\":\"WebPage\",\"@id\":\"http:\\\/\\\/www.daniperezfotografia.es\\\/wordpress\\\/bodas\\\/fotografo-de-boda-en-talavera-de-la-reina-la-casona-del-lago\",\"url\":\"http:\\\/\\\/www.daniperezfotografia.es\\\/wordpress\\\/bodas\\\/fotografo-de-boda-en-talavera-de-la-reina-la-casona-del-lago\",\"name\":\"Fotos de boda en Talavera de la Reina en La Casona del Lago\",\"isPartOf\":{\"@id\":\"https:\\\/\\\/www.daniperezfotografia.es\\\/wordpress\\\/#website\"},\"primaryImageOfPage\":{\"@id\":\"http:\\\/\\\/www.daniperezfotografia.es\\\/wordpress\\\/bodas\\\/fotografo-de-boda-en-talavera-de-la-reina-la-casona-del-lago#primaryimage\"},\"image\":{\"@id\":\"http:\\\/\\\/www.daniperezfotografia.es\\\/wordpress\\\/bodas\\\/fotografo-de-boda-en-talavera-de-la-reina-la-casona-del-lago#primaryimage\"},\"thumbnailUrl\":\"https:\\\/\\\/www.daniperezfotografia.es\\\/wordpress\\\/wp-content\\\/uploads\\\/2019\\\/04\\\/fotografo-boda-talavera-de-la-reina-la-casona-del-lago-1100.jpg\",\"datePublished\":\"2019-04-04T11:34:18+00:00\",\"dateModified\":\"2020-05-23T08:40:13+00:00\",\"description\":\"Helena y Javier celebraron su boda en Talavera de la Reina, la ceremonia religiosa se oficio en la Iglesia de Santiago y el convite en la Casona del Lago\",\"breadcrumb\":{\"@id\":\"http:\\\/\\\/www.daniperezfotografia.es\\\/wordpress\\\/bodas\\\/fotografo-de-boda-en-talavera-de-la-reina-la-casona-del-lago#breadcrumb\"},\"inLanguage\":\"es\",\"potentialAction\":[{\"@type\":\"ReadAction\",\"target\":[\"http:\\\/\\\/www.daniperezfotografia.es\\\/wordpress\\\/bodas\\\/fotografo-de-boda-en-talavera-de-la-reina-la-casona-del-lago\"]}]},{\"@type\":\"ImageObject\",\"inLanguage\":\"es\",\"@id\":\"http:\\\/\\\/www.daniperezfotografia.es\\\/wordpress\\\/bodas\\\/fotografo-de-boda-en-talavera-de-la-reina-la-casona-del-lago#primaryimage\",\"url\":\"https:\\\/\\\/www.daniperezfotografia.es\\\/wordpress\\\/wp-content\\\/uploads\\\/2019\\\/04\\\/fotografo-boda-talavera-de-la-reina-la-casona-del-lago-1100.jpg\",\"contentUrl\":\"https:\\\/\\\/www.daniperezfotografia.es\\\/wordpress\\\/wp-content\\\/uploads\\\/2019\\\/04\\\/fotografo-boda-talavera-de-la-reina-la-casona-del-lago-1100.jpg\",\"width\":1100,\"height\":734,\"caption\":\"fotografo de boda en talavera de la reina - boda en la casona del lago\"},{\"@type\":\"BreadcrumbList\",\"@id\":\"http:\\\/\\\/www.daniperezfotografia.es\\\/wordpress\\\/bodas\\\/fotografo-de-boda-en-talavera-de-la-reina-la-casona-del-lago#breadcrumb\",\"itemListElement\":[{\"@type\":\"ListItem\",\"position\":1,\"name\":\"Portada\",\"item\":\"https:\\\/\\\/www.daniperezfotografia.es\\\/wordpress\\\/\"},{\"@type\":\"ListItem\",\"position\":2,\"name\":\"Boda en La Casona del Lago\"}]},{\"@type\":\"WebSite\",\"@id\":\"https:\\\/\\\/www.daniperezfotografia.es\\\/wordpress\\\/#website\",\"url\":\"https:\\\/\\\/www.daniperezfotografia.es\\\/wordpress\\\/\",\"name\":\"Dani Perez Fotografia | Fotografo Profesional en Madrid\",\"description\":\"Reportajes de bodas, bautizos, comuniones y sesiones de familia para particulares. Eventos, conferencias y retrato corporativo para empresas. Video de conferencias\",\"publisher\":{\"@id\":\"https:\\\/\\\/www.daniperezfotografia.es\\\/wordpress\\\/#organization\"},\"potentialAction\":[{\"@type\":\"SearchAction\",\"target\":{\"@type\":\"EntryPoint\",\"urlTemplate\":\"https:\\\/\\\/www.daniperezfotografia.es\\\/wordpress\\\/?s={search_term_string}\"},\"query-input\":{\"@type\":\"PropertyValueSpecification\",\"valueRequired\":true,\"valueName\":\"search_term_string\"}}],\"inLanguage\":\"es\"},{\"@type\":\"Organization\",\"@id\":\"https:\\\/\\\/www.daniperezfotografia.es\\\/wordpress\\\/#organization\",\"name\":\"Dani Perez Fotografia y Video\",\"url\":\"https:\\\/\\\/www.daniperezfotografia.es\\\/wordpress\\\/\",\"logo\":{\"@type\":\"ImageObject\",\"inLanguage\":\"es\",\"@id\":\"https:\\\/\\\/www.daniperezfotografia.es\\\/wordpress\\\/#\\\/schema\\\/logo\\\/image\\\/\",\"url\":\"\",\"contentUrl\":\"\",\"caption\":\"Dani Perez Fotografia y Video\"},\"image\":{\"@id\":\"https:\\\/\\\/www.daniperezfotografia.es\\\/wordpress\\\/#\\\/schema\\\/logo\\\/image\\\/\"},\"sameAs\":[\"https:\\\/\\\/www.facebook.com\\\/daniperezfotografia\",\"https:\\\/\\\/x.com\\\/daniperezfoto\",\"https:\\\/\\\/instagram.com\\\/daniperezfotografia\\\/\",\"https:\\\/\\\/www.linkedin.com\\\/pub\\\/dani-perez-fotografo\\\/b2\\\/3b0\\\/594\"]},{\"@type\":\"Person\",\"@id\":\"https:\\\/\\\/www.daniperezfotografia.es\\\/wordpress\\\/#\\\/schema\\\/person\\\/fd3c30e4e762998d6859e7cb5e31ed65\",\"name\":\"Dani\"}]}<\/script>\n<!-- \/ Yoast SEO plugin. -->","yoast_head_json":{"title":"Fotos de boda en Talavera de la Reina en La Casona del Lago","description":"Helena y Javier celebraron su boda en Talavera de la Reina, la ceremonia religiosa se oficio en la Iglesia de Santiago y el convite en la Casona del Lago","robots":{"index":"index","follow":"follow","max-snippet":"max-snippet:-1","max-image-preview":"max-image-preview:large","max-video-preview":"max-video-preview:-1"},"canonical":"http:\/\/www.daniperezfotografia.es\/wordpress\/bodas\/fotografo-de-boda-en-talavera-de-la-reina-la-casona-del-lago","og_locale":"es_ES","og_type":"article","og_title":"Fotos de boda en Talavera de la Reina en La Casona del Lago","og_description":"Helena y Javier celebraron su boda en Talavera de la Reina, la ceremonia religiosa se oficio en la Iglesia de Santiago y el convite en la Casona del Lago","og_url":"http:\/\/www.daniperezfotografia.es\/wordpress\/bodas\/fotografo-de-boda-en-talavera-de-la-reina-la-casona-del-lago","og_site_name":"Dani Perez Fotografia | Fotografo Profesional en Madrid","article_publisher":"https:\/\/www.facebook.com\/daniperezfotografia","article_published_time":"2019-04-04T11:34:18+00:00","article_modified_time":"2020-05-23T08:40:13+00:00","og_image":[{"width":1100,"height":734,"url":"http:\/\/www.daniperezfotografia.es\/wordpress\/wp-content\/uploads\/2019\/04\/fotografo-boda-talavera-de-la-reina-la-casona-del-lago-1100.jpg","type":"image\/jpeg"}],"author":"Dani","twitter_card":"summary_large_image","twitter_creator":"@daniperezfoto","twitter_site":"@daniperezfoto","twitter_misc":{"Escrito por":"Dani","Tiempo de lectura":"1 minuto"},"schema":{"@context":"https:\/\/schema.org","@graph":[{"@type":"Article","@id":"http:\/\/www.daniperezfotografia.es\/wordpress\/bodas\/fotografo-de-boda-en-talavera-de-la-reina-la-casona-del-lago#article","isPartOf":{"@id":"http:\/\/www.daniperezfotografia.es\/wordpress\/bodas\/fotografo-de-boda-en-talavera-de-la-reina-la-casona-del-lago"},"author":{"name":"Dani","@id":"https:\/\/www.daniperezfotografia.es\/wordpress\/#\/schema\/person\/fd3c30e4e762998d6859e7cb5e31ed65"},"headline":"Boda en La Casona del Lago","datePublished":"2019-04-04T11:34:18+00:00","dateModified":"2020-05-23T08:40:13+00:00","mainEntityOfPage":{"@id":"http:\/\/www.daniperezfotografia.es\/wordpress\/bodas\/fotografo-de-boda-en-talavera-de-la-reina-la-casona-del-lago"},"wordCount":250,"publisher":{"@id":"https:\/\/www.daniperezfotografia.es\/wordpress\/#organization"},"image":{"@id":"http:\/\/www.daniperezfotografia.es\/wordpress\/bodas\/fotografo-de-boda-en-talavera-de-la-reina-la-casona-del-lago#primaryimage"},"thumbnailUrl":"https:\/\/www.daniperezfotografia.es\/wordpress\/wp-content\/uploads\/2019\/04\/fotografo-boda-talavera-de-la-reina-la-casona-del-lago-1100.jpg","keywords":["boda","La Casona del Lago","Talavera de la Reina"],"articleSection":["Reportajes de Bodas"],"inLanguage":"es"},{"@type":"WebPage","@id":"http:\/\/www.daniperezfotografia.es\/wordpress\/bodas\/fotografo-de-boda-en-talavera-de-la-reina-la-casona-del-lago","url":"http:\/\/www.daniperezfotografia.es\/wordpress\/bodas\/fotografo-de-boda-en-talavera-de-la-reina-la-casona-del-lago","name":"Fotos de boda en Talavera de la Reina en La Casona del Lago","isPartOf":{"@id":"https:\/\/www.daniperezfotografia.es\/wordpress\/#website"},"primaryImageOfPage":{"@id":"http:\/\/www.daniperezfotografia.es\/wordpress\/bodas\/fotografo-de-boda-en-talavera-de-la-reina-la-casona-del-lago#primaryimage"},"image":{"@id":"http:\/\/www.daniperezfotografia.es\/wordpress\/bodas\/fotografo-de-boda-en-talavera-de-la-reina-la-casona-del-lago#primaryimage"},"thumbnailUrl":"https:\/\/www.daniperezfotografia.es\/wordpress\/wp-content\/uploads\/2019\/04\/fotografo-boda-talavera-de-la-reina-la-casona-del-lago-1100.jpg","datePublished":"2019-04-04T11:34:18+00:00","dateModified":"2020-05-23T08:40:13+00:00","description":"Helena y Javier celebraron su boda en Talavera de la Reina, la ceremonia religiosa se oficio en la Iglesia de Santiago y el convite en la Casona del Lago","breadcrumb":{"@id":"http:\/\/www.daniperezfotografia.es\/wordpress\/bodas\/fotografo-de-boda-en-talavera-de-la-reina-la-casona-del-lago#breadcrumb"},"inLanguage":"es","potentialAction":[{"@type":"ReadAction","target":["http:\/\/www.daniperezfotografia.es\/wordpress\/bodas\/fotografo-de-boda-en-talavera-de-la-reina-la-casona-del-lago"]}]},{"@type":"ImageObject","inLanguage":"es","@id":"http:\/\/www.daniperezfotografia.es\/wordpress\/bodas\/fotografo-de-boda-en-talavera-de-la-reina-la-casona-del-lago#primaryimage","url":"https:\/\/www.daniperezfotografia.es\/wordpress\/wp-content\/uploads\/2019\/04\/fotografo-boda-talavera-de-la-reina-la-casona-del-lago-1100.jpg","contentUrl":"https:\/\/www.daniperezfotografia.es\/wordpress\/wp-content\/uploads\/2019\/04\/fotografo-boda-talavera-de-la-reina-la-casona-del-lago-1100.jpg","width":1100,"height":734,"caption":"fotografo de boda en talavera de la reina - boda en la casona del lago"},{"@type":"BreadcrumbList","@id":"http:\/\/www.daniperezfotografia.es\/wordpress\/bodas\/fotografo-de-boda-en-talavera-de-la-reina-la-casona-del-lago#breadcrumb","itemListElement":[{"@type":"ListItem","position":1,"name":"Portada","item":"https:\/\/www.daniperezfotografia.es\/wordpress\/"},{"@type":"ListItem","position":2,"name":"Boda en La Casona del Lago"}]},{"@type":"WebSite","@id":"https:\/\/www.daniperezfotografia.es\/wordpress\/#website","url":"https:\/\/www.daniperezfotografia.es\/wordpress\/","name":"Dani Perez Fotografia | Fotografo Profesional en Madrid","description":"Reportajes de bodas, bautizos, comuniones y sesiones de familia para particulares. Eventos, conferencias y retrato corporativo para empresas. Video de conferencias","publisher":{"@id":"https:\/\/www.daniperezfotografia.es\/wordpress\/#organization"},"potentialAction":[{"@type":"SearchAction","target":{"@type":"EntryPoint","urlTemplate":"https:\/\/www.daniperezfotografia.es\/wordpress\/?s={search_term_string}"},"query-input":{"@type":"PropertyValueSpecification","valueRequired":true,"valueName":"search_term_string"}}],"inLanguage":"es"},{"@type":"Organization","@id":"https:\/\/www.daniperezfotografia.es\/wordpress\/#organization","name":"Dani Perez Fotografia y Video","url":"https:\/\/www.daniperezfotografia.es\/wordpress\/","logo":{"@type":"ImageObject","inLanguage":"es","@id":"https:\/\/www.daniperezfotografia.es\/wordpress\/#\/schema\/logo\/image\/","url":"","contentUrl":"","caption":"Dani Perez Fotografia y Video"},"image":{"@id":"https:\/\/www.daniperezfotografia.es\/wordpress\/#\/schema\/logo\/image\/"},"sameAs":["https:\/\/www.facebook.com\/daniperezfotografia","https:\/\/x.com\/daniperezfoto","https:\/\/instagram.com\/daniperezfotografia\/","https:\/\/www.linkedin.com\/pub\/dani-perez-fotografo\/b2\/3b0\/594"]},{"@type":"Person","@id":"https:\/\/www.daniperezfotografia.es\/wordpress\/#\/schema\/person\/fd3c30e4e762998d6859e7cb5e31ed65","name":"Dani"}]}},"_links":{"self":[{"href":"https:\/\/www.daniperezfotografia.es\/wordpress\/wp-json\/wp\/v2\/posts\/12603","targetHints":{"allow":["GET"]}}],"collection":[{"href":"https:\/\/www.daniperezfotografia.es\/wordpress\/wp-json\/wp\/v2\/posts"}],"about":[{"href":"https:\/\/www.daniperezfotografia.es\/wordpress\/wp-json\/wp\/v2\/types\/post"}],"author":[{"embeddable":true,"href":"https:\/\/www.daniperezfotografia.es\/wordpress\/wp-json\/wp\/v2\/users\/3"}],"replies":[{"embeddable":true,"href":"https:\/\/www.daniperezfotografia.es\/wordpress\/wp-json\/wp\/v2\/comments?post=12603"}],"version-history":[{"count":3,"href":"https:\/\/www.daniperezfotografia.es\/wordpress\/wp-json\/wp\/v2\/posts\/12603\/revisions"}],"predecessor-version":[{"id":13762,"href":"https:\/\/www.daniperezfotografia.es\/wordpress\/wp-json\/wp\/v2\/posts\/12603\/revisions\/13762"}],"wp:featuredmedia":[{"embeddable":true,"href":"https:\/\/www.daniperezfotografia.es\/wordpress\/wp-json\/wp\/v2\/media\/12605"}],"wp:attachment":[{"href":"https:\/\/www.daniperezfotografia.es\/wordpress\/wp-json\/wp\/v2\/media?parent=12603"}],"wp:term":[{"taxonomy":"category","embeddable":true,"href":"https:\/\/www.daniperezfotografia.es\/wordpress\/wp-json\/wp\/v2\/categories?post=12603"},{"taxonomy":"post_tag","embeddable":true,"href":"https:\/\/www.daniperezfotografia.es\/wordpress\/wp-json\/wp\/v2\/tags?post=12603"}],"curies":[{"name":"wp","href":"https:\/\/api.w.org\/{rel}","templated":true}]}}