{"id":12305,"date":"2017-09-21T18:59:45","date_gmt":"2017-09-21T17:59:45","guid":{"rendered":"http:\/\/www.daniperezfotografia.es\/wordpress\/?p=12305"},"modified":"2020-05-31T00:38:03","modified_gmt":"2020-05-30T23:38:03","slug":"sesion-fotos-familia-regalar","status":"publish","type":"post","link":"https:\/\/www.daniperezfotografia.es\/wordpress\/familias-infantil\/sesion-fotos-familia-regalar","title":{"rendered":"Sesion de Fotos de Familia"},"content":{"rendered":"<div class=\"wpb-content-wrapper\">[vc_row row_type=\u00bbrow\u00bb use_row_as_full_screen_section=\u00bbno\u00bb type=\u00bbfull_width\u00bb text_align=\u00bbleft\u00bb css_animation=\u00bb\u00bb][vc_column][vc_column_text]\n<p style=\"text-align: center;\"><strong>Quieres sorprender a tu hermana, a tu pareja, a un amigo &#8230; ?<br \/>\nTe gustar\u00eda hacerle un regalo diferente, que le dure toda la vida ?<\/strong><\/p>\n[\/vc_column_text][vc_row_inner row_type=\u00bbrow\u00bb type=\u00bbfull_width\u00bb use_row_as_full_screen_section_slide=\u00bbno\u00bb text_align=\u00bbleft\u00bb css_animation=\u00bb\u00bb][vc_column_inner][vc_empty_space][\/vc_column_inner][\/vc_row_inner][vc_row_inner row_type=\u00bbrow\u00bb type=\u00bbfull_width\u00bb use_row_as_full_screen_section_slide=\u00bbno\u00bb text_align=\u00bbleft\u00bb css_animation=\u00bb\u00bb][vc_column_inner][vc_column_text]\n<p style=\"text-align: center;\">Un d\u00eda especial, Mar\u00eda recibi\u00f3 un sobre, que conten\u00eda &#8230; un regalo que durar\u00eda para siempre.<br \/>\nUna tranquila y divertida tarde en familia, junto a su marido y su beb\u00e9, disfrutando de un paseo al atardecer.<br \/>\nPara conservar esos momentos \u00fanicos en las im\u00e1genes que os invitamos a ver a continuaci\u00f3n.<\/p>\n[\/vc_column_text][\/vc_column_inner][\/vc_row_inner][\/vc_column][\/vc_row][vc_row row_type=\u00bbrow\u00bb use_row_as_full_screen_section=\u00bbno\u00bb type=\u00bbfull_width\u00bb text_align=\u00bbleft\u00bb css_animation=\u00bb\u00bb][vc_column][vc_empty_space][\/vc_column][\/vc_row][vc_row row_type=\u00bbrow\u00bb use_row_as_full_screen_section=\u00bbno\u00bb type=\u00bbfull_width\u00bb text_align=\u00bbleft\u00bb css_animation=\u00bb\u00bb][vc_column][vc_column_text]<img loading=\"lazy\" decoding=\"async\" class=\"alignnone size-full wp-image-12306\" src=\"http:\/\/www.daniperezfotografia.es\/wordpress\/wp-content\/uploads\/2017\/09\/sesion-fotos-familia-regalar-regalo-fotografia-01.jpg\" alt=\"regalo de sesion de fotos de familia\" width=\"1100\" height=\"734\" srcset=\"https:\/\/www.daniperezfotografia.es\/wordpress\/wp-content\/uploads\/2017\/09\/sesion-fotos-familia-regalar-regalo-fotografia-01.jpg 1100w, https:\/\/www.daniperezfotografia.es\/wordpress\/wp-content\/uploads\/2017\/09\/sesion-fotos-familia-regalar-regalo-fotografia-01-750x500.jpg 750w, https:\/\/www.daniperezfotografia.es\/wordpress\/wp-content\/uploads\/2017\/09\/sesion-fotos-familia-regalar-regalo-fotografia-01-768x512.jpg 768w, https:\/\/www.daniperezfotografia.es\/wordpress\/wp-content\/uploads\/2017\/09\/sesion-fotos-familia-regalar-regalo-fotografia-01-1024x683.jpg 1024w, https:\/\/www.daniperezfotografia.es\/wordpress\/wp-content\/uploads\/2017\/09\/sesion-fotos-familia-regalar-regalo-fotografia-01-700x467.jpg 700w\" sizes=\"auto, (max-width: 1100px) 100vw, 1100px\" \/><img loading=\"lazy\" decoding=\"async\" class=\"alignnone size-full wp-image-12307\" src=\"http:\/\/www.daniperezfotografia.es\/wordpress\/wp-content\/uploads\/2017\/09\/sesion-fotos-familia-regalar-regalo-fotografia-02.jpg\" alt=\"regalo de sesion de fotos de familia\" width=\"1100\" height=\"734\" srcset=\"https:\/\/www.daniperezfotografia.es\/wordpress\/wp-content\/uploads\/2017\/09\/sesion-fotos-familia-regalar-regalo-fotografia-02.jpg 1100w, https:\/\/www.daniperezfotografia.es\/wordpress\/wp-content\/uploads\/2017\/09\/sesion-fotos-familia-regalar-regalo-fotografia-02-750x500.jpg 750w, https:\/\/www.daniperezfotografia.es\/wordpress\/wp-content\/uploads\/2017\/09\/sesion-fotos-familia-regalar-regalo-fotografia-02-768x512.jpg 768w, https:\/\/www.daniperezfotografia.es\/wordpress\/wp-content\/uploads\/2017\/09\/sesion-fotos-familia-regalar-regalo-fotografia-02-1024x683.jpg 1024w, https:\/\/www.daniperezfotografia.es\/wordpress\/wp-content\/uploads\/2017\/09\/sesion-fotos-familia-regalar-regalo-fotografia-02-700x467.jpg 700w\" sizes=\"auto, (max-width: 1100px) 100vw, 1100px\" \/><img loading=\"lazy\" decoding=\"async\" class=\"alignnone size-full wp-image-12308\" src=\"http:\/\/www.daniperezfotografia.es\/wordpress\/wp-content\/uploads\/2017\/09\/sesion-fotos-familia-regalar-regalo-fotografia-03.jpg\" alt=\"regalo de sesion de fotos de familia\" width=\"1100\" height=\"734\" srcset=\"https:\/\/www.daniperezfotografia.es\/wordpress\/wp-content\/uploads\/2017\/09\/sesion-fotos-familia-regalar-regalo-fotografia-03.jpg 1100w, https:\/\/www.daniperezfotografia.es\/wordpress\/wp-content\/uploads\/2017\/09\/sesion-fotos-familia-regalar-regalo-fotografia-03-750x500.jpg 750w, https:\/\/www.daniperezfotografia.es\/wordpress\/wp-content\/uploads\/2017\/09\/sesion-fotos-familia-regalar-regalo-fotografia-03-768x512.jpg 768w, https:\/\/www.daniperezfotografia.es\/wordpress\/wp-content\/uploads\/2017\/09\/sesion-fotos-familia-regalar-regalo-fotografia-03-1024x683.jpg 1024w, https:\/\/www.daniperezfotografia.es\/wordpress\/wp-content\/uploads\/2017\/09\/sesion-fotos-familia-regalar-regalo-fotografia-03-700x467.jpg 700w\" sizes=\"auto, (max-width: 1100px) 100vw, 1100px\" \/><img loading=\"lazy\" decoding=\"async\" class=\"alignnone size-full wp-image-12309\" src=\"http:\/\/www.daniperezfotografia.es\/wordpress\/wp-content\/uploads\/2017\/09\/sesion-fotos-familia-regalar-regalo-fotografia-04.jpg\" alt=\"regalo de sesion de fotos de familia\" width=\"1100\" height=\"734\" srcset=\"https:\/\/www.daniperezfotografia.es\/wordpress\/wp-content\/uploads\/2017\/09\/sesion-fotos-familia-regalar-regalo-fotografia-04.jpg 1100w, https:\/\/www.daniperezfotografia.es\/wordpress\/wp-content\/uploads\/2017\/09\/sesion-fotos-familia-regalar-regalo-fotografia-04-750x500.jpg 750w, https:\/\/www.daniperezfotografia.es\/wordpress\/wp-content\/uploads\/2017\/09\/sesion-fotos-familia-regalar-regalo-fotografia-04-768x512.jpg 768w, https:\/\/www.daniperezfotografia.es\/wordpress\/wp-content\/uploads\/2017\/09\/sesion-fotos-familia-regalar-regalo-fotografia-04-1024x683.jpg 1024w, https:\/\/www.daniperezfotografia.es\/wordpress\/wp-content\/uploads\/2017\/09\/sesion-fotos-familia-regalar-regalo-fotografia-04-700x467.jpg 700w\" sizes=\"auto, (max-width: 1100px) 100vw, 1100px\" \/><img loading=\"lazy\" decoding=\"async\" class=\"alignnone size-full wp-image-12310\" src=\"http:\/\/www.daniperezfotografia.es\/wordpress\/wp-content\/uploads\/2017\/09\/sesion-fotos-familia-regalar-regalo-fotografia-05.jpg\" alt=\"regalo de sesion de fotos de familia\" width=\"1100\" height=\"734\" srcset=\"https:\/\/www.daniperezfotografia.es\/wordpress\/wp-content\/uploads\/2017\/09\/sesion-fotos-familia-regalar-regalo-fotografia-05.jpg 1100w, https:\/\/www.daniperezfotografia.es\/wordpress\/wp-content\/uploads\/2017\/09\/sesion-fotos-familia-regalar-regalo-fotografia-05-750x500.jpg 750w, https:\/\/www.daniperezfotografia.es\/wordpress\/wp-content\/uploads\/2017\/09\/sesion-fotos-familia-regalar-regalo-fotografia-05-768x512.jpg 768w, https:\/\/www.daniperezfotografia.es\/wordpress\/wp-content\/uploads\/2017\/09\/sesion-fotos-familia-regalar-regalo-fotografia-05-1024x683.jpg 1024w, https:\/\/www.daniperezfotografia.es\/wordpress\/wp-content\/uploads\/2017\/09\/sesion-fotos-familia-regalar-regalo-fotografia-05-700x467.jpg 700w\" sizes=\"auto, (max-width: 1100px) 100vw, 1100px\" \/><img loading=\"lazy\" decoding=\"async\" class=\"alignnone size-full wp-image-12311\" src=\"http:\/\/www.daniperezfotografia.es\/wordpress\/wp-content\/uploads\/2017\/09\/sesion-fotos-familia-regalar-regalo-fotografia-06.jpg\" alt=\"regalo de sesion de fotos de familia\" width=\"1100\" height=\"734\" srcset=\"https:\/\/www.daniperezfotografia.es\/wordpress\/wp-content\/uploads\/2017\/09\/sesion-fotos-familia-regalar-regalo-fotografia-06.jpg 1100w, https:\/\/www.daniperezfotografia.es\/wordpress\/wp-content\/uploads\/2017\/09\/sesion-fotos-familia-regalar-regalo-fotografia-06-750x500.jpg 750w, https:\/\/www.daniperezfotografia.es\/wordpress\/wp-content\/uploads\/2017\/09\/sesion-fotos-familia-regalar-regalo-fotografia-06-768x512.jpg 768w, https:\/\/www.daniperezfotografia.es\/wordpress\/wp-content\/uploads\/2017\/09\/sesion-fotos-familia-regalar-regalo-fotografia-06-1024x683.jpg 1024w, https:\/\/www.daniperezfotografia.es\/wordpress\/wp-content\/uploads\/2017\/09\/sesion-fotos-familia-regalar-regalo-fotografia-06-700x467.jpg 700w\" sizes=\"auto, (max-width: 1100px) 100vw, 1100px\" \/><img loading=\"lazy\" decoding=\"async\" class=\"alignnone size-full wp-image-12312\" src=\"http:\/\/www.daniperezfotografia.es\/wordpress\/wp-content\/uploads\/2017\/09\/sesion-fotos-familia-regalar-regalo-fotografia-07.jpg\" alt=\"regalo de sesion de fotos de familia\" width=\"1100\" height=\"734\" srcset=\"https:\/\/www.daniperezfotografia.es\/wordpress\/wp-content\/uploads\/2017\/09\/sesion-fotos-familia-regalar-regalo-fotografia-07.jpg 1100w, https:\/\/www.daniperezfotografia.es\/wordpress\/wp-content\/uploads\/2017\/09\/sesion-fotos-familia-regalar-regalo-fotografia-07-750x500.jpg 750w, https:\/\/www.daniperezfotografia.es\/wordpress\/wp-content\/uploads\/2017\/09\/sesion-fotos-familia-regalar-regalo-fotografia-07-768x512.jpg 768w, https:\/\/www.daniperezfotografia.es\/wordpress\/wp-content\/uploads\/2017\/09\/sesion-fotos-familia-regalar-regalo-fotografia-07-1024x683.jpg 1024w, https:\/\/www.daniperezfotografia.es\/wordpress\/wp-content\/uploads\/2017\/09\/sesion-fotos-familia-regalar-regalo-fotografia-07-700x467.jpg 700w\" sizes=\"auto, (max-width: 1100px) 100vw, 1100px\" \/><img loading=\"lazy\" decoding=\"async\" class=\"alignnone size-full wp-image-12313\" src=\"http:\/\/www.daniperezfotografia.es\/wordpress\/wp-content\/uploads\/2017\/09\/sesion-fotos-familia-regalar-regalo-fotografia-08.jpg\" alt=\"regalo de sesion de fotos de familia\" width=\"1100\" height=\"733\" srcset=\"https:\/\/www.daniperezfotografia.es\/wordpress\/wp-content\/uploads\/2017\/09\/sesion-fotos-familia-regalar-regalo-fotografia-08.jpg 1100w, https:\/\/www.daniperezfotografia.es\/wordpress\/wp-content\/uploads\/2017\/09\/sesion-fotos-familia-regalar-regalo-fotografia-08-750x500.jpg 750w, https:\/\/www.daniperezfotografia.es\/wordpress\/wp-content\/uploads\/2017\/09\/sesion-fotos-familia-regalar-regalo-fotografia-08-768x512.jpg 768w, https:\/\/www.daniperezfotografia.es\/wordpress\/wp-content\/uploads\/2017\/09\/sesion-fotos-familia-regalar-regalo-fotografia-08-1024x682.jpg 1024w, https:\/\/www.daniperezfotografia.es\/wordpress\/wp-content\/uploads\/2017\/09\/sesion-fotos-familia-regalar-regalo-fotografia-08-700x466.jpg 700w\" sizes=\"auto, (max-width: 1100px) 100vw, 1100px\" \/><img loading=\"lazy\" decoding=\"async\" class=\"alignnone size-full wp-image-12314\" src=\"http:\/\/www.daniperezfotografia.es\/wordpress\/wp-content\/uploads\/2017\/09\/sesion-fotos-familia-regalar-regalo-fotografia-09.jpg\" alt=\"regalo de sesion de fotos de familia\" width=\"1100\" height=\"734\" srcset=\"https:\/\/www.daniperezfotografia.es\/wordpress\/wp-content\/uploads\/2017\/09\/sesion-fotos-familia-regalar-regalo-fotografia-09.jpg 1100w, https:\/\/www.daniperezfotografia.es\/wordpress\/wp-content\/uploads\/2017\/09\/sesion-fotos-familia-regalar-regalo-fotografia-09-750x500.jpg 750w, https:\/\/www.daniperezfotografia.es\/wordpress\/wp-content\/uploads\/2017\/09\/sesion-fotos-familia-regalar-regalo-fotografia-09-768x512.jpg 768w, https:\/\/www.daniperezfotografia.es\/wordpress\/wp-content\/uploads\/2017\/09\/sesion-fotos-familia-regalar-regalo-fotografia-09-1024x683.jpg 1024w, https:\/\/www.daniperezfotografia.es\/wordpress\/wp-content\/uploads\/2017\/09\/sesion-fotos-familia-regalar-regalo-fotografia-09-700x467.jpg 700w\" sizes=\"auto, (max-width: 1100px) 100vw, 1100px\" \/><img loading=\"lazy\" decoding=\"async\" class=\"alignnone size-full wp-image-12315\" src=\"http:\/\/www.daniperezfotografia.es\/wordpress\/wp-content\/uploads\/2017\/09\/sesion-fotos-familia-regalar-regalo-fotografia-10.jpg\" alt=\"regalo de sesion de fotos de familia\" width=\"1100\" height=\"734\" srcset=\"https:\/\/www.daniperezfotografia.es\/wordpress\/wp-content\/uploads\/2017\/09\/sesion-fotos-familia-regalar-regalo-fotografia-10.jpg 1100w, https:\/\/www.daniperezfotografia.es\/wordpress\/wp-content\/uploads\/2017\/09\/sesion-fotos-familia-regalar-regalo-fotografia-10-750x500.jpg 750w, https:\/\/www.daniperezfotografia.es\/wordpress\/wp-content\/uploads\/2017\/09\/sesion-fotos-familia-regalar-regalo-fotografia-10-768x512.jpg 768w, https:\/\/www.daniperezfotografia.es\/wordpress\/wp-content\/uploads\/2017\/09\/sesion-fotos-familia-regalar-regalo-fotografia-10-1024x683.jpg 1024w, https:\/\/www.daniperezfotografia.es\/wordpress\/wp-content\/uploads\/2017\/09\/sesion-fotos-familia-regalar-regalo-fotografia-10-700x467.jpg 700w\" sizes=\"auto, (max-width: 1100px) 100vw, 1100px\" \/><img loading=\"lazy\" decoding=\"async\" class=\"alignnone size-full wp-image-12316\" src=\"http:\/\/www.daniperezfotografia.es\/wordpress\/wp-content\/uploads\/2017\/09\/sesion-fotos-familia-regalar-regalo-fotografia-11.jpg\" alt=\"regalo de sesion de fotos de familia\" width=\"1100\" height=\"733\" srcset=\"https:\/\/www.daniperezfotografia.es\/wordpress\/wp-content\/uploads\/2017\/09\/sesion-fotos-familia-regalar-regalo-fotografia-11.jpg 1100w, https:\/\/www.daniperezfotografia.es\/wordpress\/wp-content\/uploads\/2017\/09\/sesion-fotos-familia-regalar-regalo-fotografia-11-750x500.jpg 750w, https:\/\/www.daniperezfotografia.es\/wordpress\/wp-content\/uploads\/2017\/09\/sesion-fotos-familia-regalar-regalo-fotografia-11-768x512.jpg 768w, https:\/\/www.daniperezfotografia.es\/wordpress\/wp-content\/uploads\/2017\/09\/sesion-fotos-familia-regalar-regalo-fotografia-11-1024x682.jpg 1024w, https:\/\/www.daniperezfotografia.es\/wordpress\/wp-content\/uploads\/2017\/09\/sesion-fotos-familia-regalar-regalo-fotografia-11-700x466.jpg 700w\" sizes=\"auto, (max-width: 1100px) 100vw, 1100px\" \/><img loading=\"lazy\" decoding=\"async\" class=\"alignnone size-full wp-image-12317\" src=\"http:\/\/www.daniperezfotografia.es\/wordpress\/wp-content\/uploads\/2017\/09\/sesion-fotos-familia-regalar-regalo-fotografia-12.jpg\" alt=\"regalo de sesion de fotos de familia\" width=\"1100\" height=\"734\" srcset=\"https:\/\/www.daniperezfotografia.es\/wordpress\/wp-content\/uploads\/2017\/09\/sesion-fotos-familia-regalar-regalo-fotografia-12.jpg 1100w, https:\/\/www.daniperezfotografia.es\/wordpress\/wp-content\/uploads\/2017\/09\/sesion-fotos-familia-regalar-regalo-fotografia-12-750x500.jpg 750w, https:\/\/www.daniperezfotografia.es\/wordpress\/wp-content\/uploads\/2017\/09\/sesion-fotos-familia-regalar-regalo-fotografia-12-768x512.jpg 768w, https:\/\/www.daniperezfotografia.es\/wordpress\/wp-content\/uploads\/2017\/09\/sesion-fotos-familia-regalar-regalo-fotografia-12-1024x683.jpg 1024w, https:\/\/www.daniperezfotografia.es\/wordpress\/wp-content\/uploads\/2017\/09\/sesion-fotos-familia-regalar-regalo-fotografia-12-700x467.jpg 700w\" sizes=\"auto, (max-width: 1100px) 100vw, 1100px\" \/><img loading=\"lazy\" decoding=\"async\" class=\"alignnone size-full wp-image-12318\" src=\"http:\/\/www.daniperezfotografia.es\/wordpress\/wp-content\/uploads\/2017\/09\/sesion-fotos-familia-regalar-regalo-fotografia-13.jpg\" alt=\"regalo de sesion de fotos de familia\" width=\"1100\" height=\"734\" srcset=\"https:\/\/www.daniperezfotografia.es\/wordpress\/wp-content\/uploads\/2017\/09\/sesion-fotos-familia-regalar-regalo-fotografia-13.jpg 1100w, https:\/\/www.daniperezfotografia.es\/wordpress\/wp-content\/uploads\/2017\/09\/sesion-fotos-familia-regalar-regalo-fotografia-13-750x500.jpg 750w, https:\/\/www.daniperezfotografia.es\/wordpress\/wp-content\/uploads\/2017\/09\/sesion-fotos-familia-regalar-regalo-fotografia-13-768x512.jpg 768w, https:\/\/www.daniperezfotografia.es\/wordpress\/wp-content\/uploads\/2017\/09\/sesion-fotos-familia-regalar-regalo-fotografia-13-1024x683.jpg 1024w, https:\/\/www.daniperezfotografia.es\/wordpress\/wp-content\/uploads\/2017\/09\/sesion-fotos-familia-regalar-regalo-fotografia-13-700x467.jpg 700w\" sizes=\"auto, (max-width: 1100px) 100vw, 1100px\" \/><img loading=\"lazy\" decoding=\"async\" class=\"alignnone size-full wp-image-12319\" src=\"http:\/\/www.daniperezfotografia.es\/wordpress\/wp-content\/uploads\/2017\/09\/sesion-fotos-familia-regalar-regalo-fotografia-14.jpg\" alt=\"regalo de sesion de fotos de familia\" width=\"1100\" height=\"733\" srcset=\"https:\/\/www.daniperezfotografia.es\/wordpress\/wp-content\/uploads\/2017\/09\/sesion-fotos-familia-regalar-regalo-fotografia-14.jpg 1100w, https:\/\/www.daniperezfotografia.es\/wordpress\/wp-content\/uploads\/2017\/09\/sesion-fotos-familia-regalar-regalo-fotografia-14-750x500.jpg 750w, https:\/\/www.daniperezfotografia.es\/wordpress\/wp-content\/uploads\/2017\/09\/sesion-fotos-familia-regalar-regalo-fotografia-14-768x512.jpg 768w, https:\/\/www.daniperezfotografia.es\/wordpress\/wp-content\/uploads\/2017\/09\/sesion-fotos-familia-regalar-regalo-fotografia-14-1024x682.jpg 1024w, https:\/\/www.daniperezfotografia.es\/wordpress\/wp-content\/uploads\/2017\/09\/sesion-fotos-familia-regalar-regalo-fotografia-14-700x466.jpg 700w\" sizes=\"auto, (max-width: 1100px) 100vw, 1100px\" \/><img loading=\"lazy\" decoding=\"async\" class=\"alignnone size-full wp-image-12320\" src=\"http:\/\/www.daniperezfotografia.es\/wordpress\/wp-content\/uploads\/2017\/09\/sesion-fotos-familia-regalar-regalo-fotografia-15.jpg\" alt=\"regalo de sesion de fotos de familia\" width=\"1100\" height=\"734\" srcset=\"https:\/\/www.daniperezfotografia.es\/wordpress\/wp-content\/uploads\/2017\/09\/sesion-fotos-familia-regalar-regalo-fotografia-15.jpg 1100w, https:\/\/www.daniperezfotografia.es\/wordpress\/wp-content\/uploads\/2017\/09\/sesion-fotos-familia-regalar-regalo-fotografia-15-750x500.jpg 750w, https:\/\/www.daniperezfotografia.es\/wordpress\/wp-content\/uploads\/2017\/09\/sesion-fotos-familia-regalar-regalo-fotografia-15-768x512.jpg 768w, https:\/\/www.daniperezfotografia.es\/wordpress\/wp-content\/uploads\/2017\/09\/sesion-fotos-familia-regalar-regalo-fotografia-15-1024x683.jpg 1024w, https:\/\/www.daniperezfotografia.es\/wordpress\/wp-content\/uploads\/2017\/09\/sesion-fotos-familia-regalar-regalo-fotografia-15-700x467.jpg 700w\" sizes=\"auto, (max-width: 1100px) 100vw, 1100px\" \/><img loading=\"lazy\" decoding=\"async\" class=\"alignnone size-full wp-image-12321\" src=\"http:\/\/www.daniperezfotografia.es\/wordpress\/wp-content\/uploads\/2017\/09\/sesion-fotos-familia-regalar-regalo-fotografia-16.jpg\" alt=\"regalo de sesion de fotos de familia\" width=\"1100\" height=\"733\" srcset=\"https:\/\/www.daniperezfotografia.es\/wordpress\/wp-content\/uploads\/2017\/09\/sesion-fotos-familia-regalar-regalo-fotografia-16.jpg 1100w, https:\/\/www.daniperezfotografia.es\/wordpress\/wp-content\/uploads\/2017\/09\/sesion-fotos-familia-regalar-regalo-fotografia-16-750x500.jpg 750w, https:\/\/www.daniperezfotografia.es\/wordpress\/wp-content\/uploads\/2017\/09\/sesion-fotos-familia-regalar-regalo-fotografia-16-768x512.jpg 768w, https:\/\/www.daniperezfotografia.es\/wordpress\/wp-content\/uploads\/2017\/09\/sesion-fotos-familia-regalar-regalo-fotografia-16-1024x682.jpg 1024w, https:\/\/www.daniperezfotografia.es\/wordpress\/wp-content\/uploads\/2017\/09\/sesion-fotos-familia-regalar-regalo-fotografia-16-700x466.jpg 700w\" sizes=\"auto, (max-width: 1100px) 100vw, 1100px\" \/><img loading=\"lazy\" decoding=\"async\" class=\"alignnone size-full wp-image-12322\" src=\"http:\/\/www.daniperezfotografia.es\/wordpress\/wp-content\/uploads\/2017\/09\/sesion-fotos-familia-regalar-regalo-fotografia-17.jpg\" alt=\"regalo de sesion de fotos de familia\" width=\"1100\" height=\"734\" srcset=\"https:\/\/www.daniperezfotografia.es\/wordpress\/wp-content\/uploads\/2017\/09\/sesion-fotos-familia-regalar-regalo-fotografia-17.jpg 1100w, https:\/\/www.daniperezfotografia.es\/wordpress\/wp-content\/uploads\/2017\/09\/sesion-fotos-familia-regalar-regalo-fotografia-17-750x500.jpg 750w, https:\/\/www.daniperezfotografia.es\/wordpress\/wp-content\/uploads\/2017\/09\/sesion-fotos-familia-regalar-regalo-fotografia-17-768x512.jpg 768w, https:\/\/www.daniperezfotografia.es\/wordpress\/wp-content\/uploads\/2017\/09\/sesion-fotos-familia-regalar-regalo-fotografia-17-1024x683.jpg 1024w, https:\/\/www.daniperezfotografia.es\/wordpress\/wp-content\/uploads\/2017\/09\/sesion-fotos-familia-regalar-regalo-fotografia-17-700x467.jpg 700w\" sizes=\"auto, (max-width: 1100px) 100vw, 1100px\" \/><img loading=\"lazy\" decoding=\"async\" class=\"alignnone size-full wp-image-12323\" src=\"http:\/\/www.daniperezfotografia.es\/wordpress\/wp-content\/uploads\/2017\/09\/sesion-fotos-familia-regalar-regalo-fotografia-18.jpg\" alt=\"regalo de sesion de fotos de familia\" width=\"1100\" height=\"733\" srcset=\"https:\/\/www.daniperezfotografia.es\/wordpress\/wp-content\/uploads\/2017\/09\/sesion-fotos-familia-regalar-regalo-fotografia-18.jpg 1100w, https:\/\/www.daniperezfotografia.es\/wordpress\/wp-content\/uploads\/2017\/09\/sesion-fotos-familia-regalar-regalo-fotografia-18-750x500.jpg 750w, https:\/\/www.daniperezfotografia.es\/wordpress\/wp-content\/uploads\/2017\/09\/sesion-fotos-familia-regalar-regalo-fotografia-18-768x512.jpg 768w, https:\/\/www.daniperezfotografia.es\/wordpress\/wp-content\/uploads\/2017\/09\/sesion-fotos-familia-regalar-regalo-fotografia-18-1024x682.jpg 1024w, https:\/\/www.daniperezfotografia.es\/wordpress\/wp-content\/uploads\/2017\/09\/sesion-fotos-familia-regalar-regalo-fotografia-18-700x466.jpg 700w\" sizes=\"auto, (max-width: 1100px) 100vw, 1100px\" \/><img loading=\"lazy\" decoding=\"async\" class=\"alignnone size-full wp-image-12324\" src=\"http:\/\/www.daniperezfotografia.es\/wordpress\/wp-content\/uploads\/2017\/09\/sesion-fotos-familia-regalar-regalo-fotografia-19.jpg\" alt=\"regalo de sesion de fotos de familia\" width=\"1100\" height=\"733\" srcset=\"https:\/\/www.daniperezfotografia.es\/wordpress\/wp-content\/uploads\/2017\/09\/sesion-fotos-familia-regalar-regalo-fotografia-19.jpg 1100w, https:\/\/www.daniperezfotografia.es\/wordpress\/wp-content\/uploads\/2017\/09\/sesion-fotos-familia-regalar-regalo-fotografia-19-750x500.jpg 750w, https:\/\/www.daniperezfotografia.es\/wordpress\/wp-content\/uploads\/2017\/09\/sesion-fotos-familia-regalar-regalo-fotografia-19-768x512.jpg 768w, https:\/\/www.daniperezfotografia.es\/wordpress\/wp-content\/uploads\/2017\/09\/sesion-fotos-familia-regalar-regalo-fotografia-19-1024x682.jpg 1024w, https:\/\/www.daniperezfotografia.es\/wordpress\/wp-content\/uploads\/2017\/09\/sesion-fotos-familia-regalar-regalo-fotografia-19-700x466.jpg 700w\" sizes=\"auto, (max-width: 1100px) 100vw, 1100px\" \/><img loading=\"lazy\" decoding=\"async\" class=\"alignnone size-full wp-image-12325\" src=\"http:\/\/www.daniperezfotografia.es\/wordpress\/wp-content\/uploads\/2017\/09\/sesion-fotos-familia-regalar-regalo-fotografia-20.jpg\" alt=\"regalo de sesion de fotos de familia\" width=\"1100\" height=\"734\" srcset=\"https:\/\/www.daniperezfotografia.es\/wordpress\/wp-content\/uploads\/2017\/09\/sesion-fotos-familia-regalar-regalo-fotografia-20.jpg 1100w, https:\/\/www.daniperezfotografia.es\/wordpress\/wp-content\/uploads\/2017\/09\/sesion-fotos-familia-regalar-regalo-fotografia-20-750x500.jpg 750w, https:\/\/www.daniperezfotografia.es\/wordpress\/wp-content\/uploads\/2017\/09\/sesion-fotos-familia-regalar-regalo-fotografia-20-768x512.jpg 768w, https:\/\/www.daniperezfotografia.es\/wordpress\/wp-content\/uploads\/2017\/09\/sesion-fotos-familia-regalar-regalo-fotografia-20-1024x683.jpg 1024w, https:\/\/www.daniperezfotografia.es\/wordpress\/wp-content\/uploads\/2017\/09\/sesion-fotos-familia-regalar-regalo-fotografia-20-700x467.jpg 700w\" sizes=\"auto, (max-width: 1100px) 100vw, 1100px\" \/>[\/vc_column_text][\/vc_column][\/vc_row]\n<\/div>","protected":false},"excerpt":{"rendered":"<p>[vc_row row_type=\u00bbrow\u00bb use_row_as_full_screen_section=\u00bbno\u00bb type=\u00bbfull_width\u00bb text_align=\u00bbleft\u00bb css_animation=\u00bb\u00bb][vc_column][vc_column_text] Quieres sorprender a tu hermana, a tu pareja, a un amigo &#8230; ? Te gustar\u00eda hacerle un regalo diferente, que le dure toda la vida ? [\/vc_column_text][vc_row_inner row_type=\u00bbrow\u00bb type=\u00bbfull_width\u00bb use_row_as_full_screen_section_slide=\u00bbno\u00bb text_align=\u00bbleft\u00bb css_animation=\u00bb\u00bb][vc_column_inner][vc_empty_space][\/vc_column_inner][\/vc_row_inner][vc_row_inner row_type=\u00bbrow\u00bb type=\u00bbfull_width\u00bb use_row_as_full_screen_section_slide=\u00bbno\u00bb text_align=\u00bbleft\u00bb css_animation=\u00bb\u00bb][vc_column_inner][vc_column_text] Un d\u00eda especial, Mar\u00eda recibi\u00f3 un sobre, que conten\u00eda &#8230; un regalo [&hellip;]<\/p>\n","protected":false},"author":3,"featured_media":12326,"comment_status":"closed","ping_status":"open","sticky":false,"template":"","format":"standard","meta":{"footnotes":""},"categories":[943],"tags":[262,806],"class_list":["post-12305","post","type-post","status-publish","format-standard","has-post-thumbnail","hentry","category-familias-infantil","tag-campo-de-las-naciones","tag-sesion-de-familia"],"blocksy_meta":{"styles_descriptor":{"styles":{"desktop":"","tablet":"","mobile":""},"google_fonts":[],"version":6}},"yoast_head":"<!-- This site is optimized with the Yoast SEO plugin v27.4 - https:\/\/yoast.com\/product\/yoast-seo-wordpress\/ -->\n<title>Sesion de Fotos de Familia<\/title>\n<meta name=\"description\" content=\"Quieres sorprender a tu hermana, a tu pareja, a un amigo ... ? Te gustar\u00eda hacerle un regalo diferente, que le dure toda la vida ? Un d\u00eda especial, Mar\u00eda\" \/>\n<meta name=\"robots\" content=\"index, follow, max-snippet:-1, max-image-preview:large, max-video-preview:-1\" \/>\n<link rel=\"canonical\" href=\"http:\/\/www.daniperezfotografia.es\/wordpress\/familias-infantil\/sesion-fotos-familia-regalar\" \/>\n<meta property=\"og:locale\" content=\"es_ES\" \/>\n<meta property=\"og:type\" content=\"article\" \/>\n<meta property=\"og:title\" content=\"Sesion de Fotos de Familia\" \/>\n<meta property=\"og:description\" content=\"Quieres sorprender a tu hermana, a tu pareja, a un amigo ... ? Te gustar\u00eda hacerle un regalo diferente, que le dure toda la vida ? Un d\u00eda especial, Mar\u00eda\" \/>\n<meta property=\"og:url\" content=\"http:\/\/www.daniperezfotografia.es\/wordpress\/familias-infantil\/sesion-fotos-familia-regalar\" \/>\n<meta property=\"og:site_name\" content=\"Dani Perez Fotografia | Fotografo Profesional en Madrid\" \/>\n<meta property=\"article:publisher\" content=\"https:\/\/www.facebook.com\/daniperezfotografia\" \/>\n<meta property=\"article:published_time\" content=\"2017-09-21T17:59:45+00:00\" \/>\n<meta property=\"article:modified_time\" content=\"2020-05-30T23:38:03+00:00\" \/>\n<meta property=\"og:image\" content=\"http:\/\/www.daniperezfotografia.es\/wordpress\/wp-content\/uploads\/2017\/09\/sesion-fotos-familia-regalar-regalo-fotografia-21.jpg\" \/>\n\t<meta property=\"og:image:width\" content=\"1100\" \/>\n\t<meta property=\"og:image:height\" content=\"734\" \/>\n\t<meta property=\"og:image:type\" content=\"image\/jpeg\" \/>\n<meta name=\"author\" content=\"Dani\" \/>\n<meta name=\"twitter:card\" content=\"summary_large_image\" \/>\n<meta name=\"twitter:creator\" content=\"@daniperezfoto\" \/>\n<meta name=\"twitter:site\" content=\"@daniperezfoto\" \/>\n<meta name=\"twitter:label1\" content=\"Escrito por\" \/>\n\t<meta name=\"twitter:data1\" content=\"Dani\" \/>\n\t<meta name=\"twitter:label2\" content=\"Tiempo de lectura\" \/>\n\t<meta name=\"twitter:data2\" content=\"1 minuto\" \/>\n<script type=\"application\/ld+json\" class=\"yoast-schema-graph\">{\"@context\":\"https:\\\/\\\/schema.org\",\"@graph\":[{\"@type\":\"Article\",\"@id\":\"http:\\\/\\\/www.daniperezfotografia.es\\\/wordpress\\\/familias-infantil\\\/sesion-fotos-familia-regalar#article\",\"isPartOf\":{\"@id\":\"http:\\\/\\\/www.daniperezfotografia.es\\\/wordpress\\\/familias-infantil\\\/sesion-fotos-familia-regalar\"},\"author\":{\"name\":\"Dani\",\"@id\":\"https:\\\/\\\/www.daniperezfotografia.es\\\/wordpress\\\/#\\\/schema\\\/person\\\/fd3c30e4e762998d6859e7cb5e31ed65\"},\"headline\":\"Sesion de Fotos de Familia\",\"datePublished\":\"2017-09-21T17:59:45+00:00\",\"dateModified\":\"2020-05-30T23:38:03+00:00\",\"mainEntityOfPage\":{\"@id\":\"http:\\\/\\\/www.daniperezfotografia.es\\\/wordpress\\\/familias-infantil\\\/sesion-fotos-familia-regalar\"},\"wordCount\":249,\"publisher\":{\"@id\":\"https:\\\/\\\/www.daniperezfotografia.es\\\/wordpress\\\/#organization\"},\"image\":{\"@id\":\"http:\\\/\\\/www.daniperezfotografia.es\\\/wordpress\\\/familias-infantil\\\/sesion-fotos-familia-regalar#primaryimage\"},\"thumbnailUrl\":\"https:\\\/\\\/www.daniperezfotografia.es\\\/wordpress\\\/wp-content\\\/uploads\\\/2017\\\/09\\\/sesion-fotos-familia-regalar-regalo-fotografia-21.jpg\",\"keywords\":[\"campo de las naciones\",\"sesion de familia\"],\"articleSection\":[\"Reportajes de fotos de Familias en Madrid\"],\"inLanguage\":\"es\"},{\"@type\":\"WebPage\",\"@id\":\"http:\\\/\\\/www.daniperezfotografia.es\\\/wordpress\\\/familias-infantil\\\/sesion-fotos-familia-regalar\",\"url\":\"http:\\\/\\\/www.daniperezfotografia.es\\\/wordpress\\\/familias-infantil\\\/sesion-fotos-familia-regalar\",\"name\":\"Sesion de Fotos de Familia\",\"isPartOf\":{\"@id\":\"https:\\\/\\\/www.daniperezfotografia.es\\\/wordpress\\\/#website\"},\"primaryImageOfPage\":{\"@id\":\"http:\\\/\\\/www.daniperezfotografia.es\\\/wordpress\\\/familias-infantil\\\/sesion-fotos-familia-regalar#primaryimage\"},\"image\":{\"@id\":\"http:\\\/\\\/www.daniperezfotografia.es\\\/wordpress\\\/familias-infantil\\\/sesion-fotos-familia-regalar#primaryimage\"},\"thumbnailUrl\":\"https:\\\/\\\/www.daniperezfotografia.es\\\/wordpress\\\/wp-content\\\/uploads\\\/2017\\\/09\\\/sesion-fotos-familia-regalar-regalo-fotografia-21.jpg\",\"datePublished\":\"2017-09-21T17:59:45+00:00\",\"dateModified\":\"2020-05-30T23:38:03+00:00\",\"description\":\"Quieres sorprender a tu hermana, a tu pareja, a un amigo ... ? Te gustar\u00eda hacerle un regalo diferente, que le dure toda la vida ? Un d\u00eda especial, Mar\u00eda\",\"breadcrumb\":{\"@id\":\"http:\\\/\\\/www.daniperezfotografia.es\\\/wordpress\\\/familias-infantil\\\/sesion-fotos-familia-regalar#breadcrumb\"},\"inLanguage\":\"es\",\"potentialAction\":[{\"@type\":\"ReadAction\",\"target\":[\"http:\\\/\\\/www.daniperezfotografia.es\\\/wordpress\\\/familias-infantil\\\/sesion-fotos-familia-regalar\"]}]},{\"@type\":\"ImageObject\",\"inLanguage\":\"es\",\"@id\":\"http:\\\/\\\/www.daniperezfotografia.es\\\/wordpress\\\/familias-infantil\\\/sesion-fotos-familia-regalar#primaryimage\",\"url\":\"https:\\\/\\\/www.daniperezfotografia.es\\\/wordpress\\\/wp-content\\\/uploads\\\/2017\\\/09\\\/sesion-fotos-familia-regalar-regalo-fotografia-21.jpg\",\"contentUrl\":\"https:\\\/\\\/www.daniperezfotografia.es\\\/wordpress\\\/wp-content\\\/uploads\\\/2017\\\/09\\\/sesion-fotos-familia-regalar-regalo-fotografia-21.jpg\",\"width\":1100,\"height\":734,\"caption\":\"regalo de sesion de fotos de familia\"},{\"@type\":\"BreadcrumbList\",\"@id\":\"http:\\\/\\\/www.daniperezfotografia.es\\\/wordpress\\\/familias-infantil\\\/sesion-fotos-familia-regalar#breadcrumb\",\"itemListElement\":[{\"@type\":\"ListItem\",\"position\":1,\"name\":\"Portada\",\"item\":\"https:\\\/\\\/www.daniperezfotografia.es\\\/wordpress\\\/\"},{\"@type\":\"ListItem\",\"position\":2,\"name\":\"Sesion de Fotos de Familia\"}]},{\"@type\":\"WebSite\",\"@id\":\"https:\\\/\\\/www.daniperezfotografia.es\\\/wordpress\\\/#website\",\"url\":\"https:\\\/\\\/www.daniperezfotografia.es\\\/wordpress\\\/\",\"name\":\"Dani Perez Fotografia | Fotografo Profesional en Madrid\",\"description\":\"Reportajes de bodas, bautizos, comuniones y sesiones de familia para particulares. Eventos, conferencias y retrato corporativo para empresas. Video de conferencias\",\"publisher\":{\"@id\":\"https:\\\/\\\/www.daniperezfotografia.es\\\/wordpress\\\/#organization\"},\"potentialAction\":[{\"@type\":\"SearchAction\",\"target\":{\"@type\":\"EntryPoint\",\"urlTemplate\":\"https:\\\/\\\/www.daniperezfotografia.es\\\/wordpress\\\/?s={search_term_string}\"},\"query-input\":{\"@type\":\"PropertyValueSpecification\",\"valueRequired\":true,\"valueName\":\"search_term_string\"}}],\"inLanguage\":\"es\"},{\"@type\":\"Organization\",\"@id\":\"https:\\\/\\\/www.daniperezfotografia.es\\\/wordpress\\\/#organization\",\"name\":\"Dani Perez Fotografia y Video\",\"url\":\"https:\\\/\\\/www.daniperezfotografia.es\\\/wordpress\\\/\",\"logo\":{\"@type\":\"ImageObject\",\"inLanguage\":\"es\",\"@id\":\"https:\\\/\\\/www.daniperezfotografia.es\\\/wordpress\\\/#\\\/schema\\\/logo\\\/image\\\/\",\"url\":\"\",\"contentUrl\":\"\",\"caption\":\"Dani Perez Fotografia y Video\"},\"image\":{\"@id\":\"https:\\\/\\\/www.daniperezfotografia.es\\\/wordpress\\\/#\\\/schema\\\/logo\\\/image\\\/\"},\"sameAs\":[\"https:\\\/\\\/www.facebook.com\\\/daniperezfotografia\",\"https:\\\/\\\/x.com\\\/daniperezfoto\",\"https:\\\/\\\/instagram.com\\\/daniperezfotografia\\\/\",\"https:\\\/\\\/www.linkedin.com\\\/pub\\\/dani-perez-fotografo\\\/b2\\\/3b0\\\/594\"]},{\"@type\":\"Person\",\"@id\":\"https:\\\/\\\/www.daniperezfotografia.es\\\/wordpress\\\/#\\\/schema\\\/person\\\/fd3c30e4e762998d6859e7cb5e31ed65\",\"name\":\"Dani\"}]}<\/script>\n<!-- \/ Yoast SEO plugin. -->","yoast_head_json":{"title":"Sesion de Fotos de Familia","description":"Quieres sorprender a tu hermana, a tu pareja, a un amigo ... ? Te gustar\u00eda hacerle un regalo diferente, que le dure toda la vida ? Un d\u00eda especial, Mar\u00eda","robots":{"index":"index","follow":"follow","max-snippet":"max-snippet:-1","max-image-preview":"max-image-preview:large","max-video-preview":"max-video-preview:-1"},"canonical":"http:\/\/www.daniperezfotografia.es\/wordpress\/familias-infantil\/sesion-fotos-familia-regalar","og_locale":"es_ES","og_type":"article","og_title":"Sesion de Fotos de Familia","og_description":"Quieres sorprender a tu hermana, a tu pareja, a un amigo ... ? Te gustar\u00eda hacerle un regalo diferente, que le dure toda la vida ? Un d\u00eda especial, Mar\u00eda","og_url":"http:\/\/www.daniperezfotografia.es\/wordpress\/familias-infantil\/sesion-fotos-familia-regalar","og_site_name":"Dani Perez Fotografia | Fotografo Profesional en Madrid","article_publisher":"https:\/\/www.facebook.com\/daniperezfotografia","article_published_time":"2017-09-21T17:59:45+00:00","article_modified_time":"2020-05-30T23:38:03+00:00","og_image":[{"width":1100,"height":734,"url":"http:\/\/www.daniperezfotografia.es\/wordpress\/wp-content\/uploads\/2017\/09\/sesion-fotos-familia-regalar-regalo-fotografia-21.jpg","type":"image\/jpeg"}],"author":"Dani","twitter_card":"summary_large_image","twitter_creator":"@daniperezfoto","twitter_site":"@daniperezfoto","twitter_misc":{"Escrito por":"Dani","Tiempo de lectura":"1 minuto"},"schema":{"@context":"https:\/\/schema.org","@graph":[{"@type":"Article","@id":"http:\/\/www.daniperezfotografia.es\/wordpress\/familias-infantil\/sesion-fotos-familia-regalar#article","isPartOf":{"@id":"http:\/\/www.daniperezfotografia.es\/wordpress\/familias-infantil\/sesion-fotos-familia-regalar"},"author":{"name":"Dani","@id":"https:\/\/www.daniperezfotografia.es\/wordpress\/#\/schema\/person\/fd3c30e4e762998d6859e7cb5e31ed65"},"headline":"Sesion de Fotos de Familia","datePublished":"2017-09-21T17:59:45+00:00","dateModified":"2020-05-30T23:38:03+00:00","mainEntityOfPage":{"@id":"http:\/\/www.daniperezfotografia.es\/wordpress\/familias-infantil\/sesion-fotos-familia-regalar"},"wordCount":249,"publisher":{"@id":"https:\/\/www.daniperezfotografia.es\/wordpress\/#organization"},"image":{"@id":"http:\/\/www.daniperezfotografia.es\/wordpress\/familias-infantil\/sesion-fotos-familia-regalar#primaryimage"},"thumbnailUrl":"https:\/\/www.daniperezfotografia.es\/wordpress\/wp-content\/uploads\/2017\/09\/sesion-fotos-familia-regalar-regalo-fotografia-21.jpg","keywords":["campo de las naciones","sesion de familia"],"articleSection":["Reportajes de fotos de Familias en Madrid"],"inLanguage":"es"},{"@type":"WebPage","@id":"http:\/\/www.daniperezfotografia.es\/wordpress\/familias-infantil\/sesion-fotos-familia-regalar","url":"http:\/\/www.daniperezfotografia.es\/wordpress\/familias-infantil\/sesion-fotos-familia-regalar","name":"Sesion de Fotos de Familia","isPartOf":{"@id":"https:\/\/www.daniperezfotografia.es\/wordpress\/#website"},"primaryImageOfPage":{"@id":"http:\/\/www.daniperezfotografia.es\/wordpress\/familias-infantil\/sesion-fotos-familia-regalar#primaryimage"},"image":{"@id":"http:\/\/www.daniperezfotografia.es\/wordpress\/familias-infantil\/sesion-fotos-familia-regalar#primaryimage"},"thumbnailUrl":"https:\/\/www.daniperezfotografia.es\/wordpress\/wp-content\/uploads\/2017\/09\/sesion-fotos-familia-regalar-regalo-fotografia-21.jpg","datePublished":"2017-09-21T17:59:45+00:00","dateModified":"2020-05-30T23:38:03+00:00","description":"Quieres sorprender a tu hermana, a tu pareja, a un amigo ... ? Te gustar\u00eda hacerle un regalo diferente, que le dure toda la vida ? Un d\u00eda especial, Mar\u00eda","breadcrumb":{"@id":"http:\/\/www.daniperezfotografia.es\/wordpress\/familias-infantil\/sesion-fotos-familia-regalar#breadcrumb"},"inLanguage":"es","potentialAction":[{"@type":"ReadAction","target":["http:\/\/www.daniperezfotografia.es\/wordpress\/familias-infantil\/sesion-fotos-familia-regalar"]}]},{"@type":"ImageObject","inLanguage":"es","@id":"http:\/\/www.daniperezfotografia.es\/wordpress\/familias-infantil\/sesion-fotos-familia-regalar#primaryimage","url":"https:\/\/www.daniperezfotografia.es\/wordpress\/wp-content\/uploads\/2017\/09\/sesion-fotos-familia-regalar-regalo-fotografia-21.jpg","contentUrl":"https:\/\/www.daniperezfotografia.es\/wordpress\/wp-content\/uploads\/2017\/09\/sesion-fotos-familia-regalar-regalo-fotografia-21.jpg","width":1100,"height":734,"caption":"regalo de sesion de fotos de familia"},{"@type":"BreadcrumbList","@id":"http:\/\/www.daniperezfotografia.es\/wordpress\/familias-infantil\/sesion-fotos-familia-regalar#breadcrumb","itemListElement":[{"@type":"ListItem","position":1,"name":"Portada","item":"https:\/\/www.daniperezfotografia.es\/wordpress\/"},{"@type":"ListItem","position":2,"name":"Sesion de Fotos de Familia"}]},{"@type":"WebSite","@id":"https:\/\/www.daniperezfotografia.es\/wordpress\/#website","url":"https:\/\/www.daniperezfotografia.es\/wordpress\/","name":"Dani Perez Fotografia | Fotografo Profesional en Madrid","description":"Reportajes de bodas, bautizos, comuniones y sesiones de familia para particulares. Eventos, conferencias y retrato corporativo para empresas. Video de conferencias","publisher":{"@id":"https:\/\/www.daniperezfotografia.es\/wordpress\/#organization"},"potentialAction":[{"@type":"SearchAction","target":{"@type":"EntryPoint","urlTemplate":"https:\/\/www.daniperezfotografia.es\/wordpress\/?s={search_term_string}"},"query-input":{"@type":"PropertyValueSpecification","valueRequired":true,"valueName":"search_term_string"}}],"inLanguage":"es"},{"@type":"Organization","@id":"https:\/\/www.daniperezfotografia.es\/wordpress\/#organization","name":"Dani Perez Fotografia y Video","url":"https:\/\/www.daniperezfotografia.es\/wordpress\/","logo":{"@type":"ImageObject","inLanguage":"es","@id":"https:\/\/www.daniperezfotografia.es\/wordpress\/#\/schema\/logo\/image\/","url":"","contentUrl":"","caption":"Dani Perez Fotografia y Video"},"image":{"@id":"https:\/\/www.daniperezfotografia.es\/wordpress\/#\/schema\/logo\/image\/"},"sameAs":["https:\/\/www.facebook.com\/daniperezfotografia","https:\/\/x.com\/daniperezfoto","https:\/\/instagram.com\/daniperezfotografia\/","https:\/\/www.linkedin.com\/pub\/dani-perez-fotografo\/b2\/3b0\/594"]},{"@type":"Person","@id":"https:\/\/www.daniperezfotografia.es\/wordpress\/#\/schema\/person\/fd3c30e4e762998d6859e7cb5e31ed65","name":"Dani"}]}},"_links":{"self":[{"href":"https:\/\/www.daniperezfotografia.es\/wordpress\/wp-json\/wp\/v2\/posts\/12305","targetHints":{"allow":["GET"]}}],"collection":[{"href":"https:\/\/www.daniperezfotografia.es\/wordpress\/wp-json\/wp\/v2\/posts"}],"about":[{"href":"https:\/\/www.daniperezfotografia.es\/wordpress\/wp-json\/wp\/v2\/types\/post"}],"author":[{"embeddable":true,"href":"https:\/\/www.daniperezfotografia.es\/wordpress\/wp-json\/wp\/v2\/users\/3"}],"replies":[{"embeddable":true,"href":"https:\/\/www.daniperezfotografia.es\/wordpress\/wp-json\/wp\/v2\/comments?post=12305"}],"version-history":[{"count":3,"href":"https:\/\/www.daniperezfotografia.es\/wordpress\/wp-json\/wp\/v2\/posts\/12305\/revisions"}],"predecessor-version":[{"id":12331,"href":"https:\/\/www.daniperezfotografia.es\/wordpress\/wp-json\/wp\/v2\/posts\/12305\/revisions\/12331"}],"wp:featuredmedia":[{"embeddable":true,"href":"https:\/\/www.daniperezfotografia.es\/wordpress\/wp-json\/wp\/v2\/media\/12326"}],"wp:attachment":[{"href":"https:\/\/www.daniperezfotografia.es\/wordpress\/wp-json\/wp\/v2\/media?parent=12305"}],"wp:term":[{"taxonomy":"category","embeddable":true,"href":"https:\/\/www.daniperezfotografia.es\/wordpress\/wp-json\/wp\/v2\/categories?post=12305"},{"taxonomy":"post_tag","embeddable":true,"href":"https:\/\/www.daniperezfotografia.es\/wordpress\/wp-json\/wp\/v2\/tags?post=12305"}],"curies":[{"name":"wp","href":"https:\/\/api.w.org\/{rel}","templated":true}]}}