{"id":12132,"date":"2017-06-07T13:42:00","date_gmt":"2017-06-07T12:42:00","guid":{"rendered":"http:\/\/www.daniperezfotografia.es\/wordpress\/?p=12132"},"modified":"2020-05-18T14:38:10","modified_gmt":"2020-05-18T13:38:10","slug":"sesion-fotos-recordatorios-bautizo","status":"publish","type":"post","link":"https:\/\/www.daniperezfotografia.es\/wordpress\/fotos-de-bautizo\/sesion-fotos-recordatorios-bautizo","title":{"rendered":"Fotos para recordatorios de bautizo"},"content":{"rendered":"<div class=\"wpb-content-wrapper\">[vc_row row_type=\u00bbrow\u00bb use_row_as_full_screen_section=\u00bbno\u00bb type=\u00bbgrid\u00bb text_align=\u00bbleft\u00bb background_animation=\u00bbnone\u00bb padding_top=\u00bb50&#8243; padding_bottom=\u00bb50&#8243; css_animation=\u00bb\u00bb][vc_column][vc_column_text]\n<h1>Sesion de fotos para recordatorios de bautizo<\/h1>\n<p>Sesi\u00f3n de fotos a domicilio en <a href=\"https:\/\/valdebebas.es\/\" target=\"_blank\" rel=\"noopener noreferrer\">Valdebebas<\/a> para los recordatorios de bautizo de Martina[\/vc_column_text][vc_column_text]Para hacer los recordatorios de un bautizo, necesitamos disponer de 2 o 3 buenas im\u00e1genes del bebe.<\/p>\n<p>La sesi\u00f3n de fotos, se realizo <strong>en casa del cliente.<\/strong> Aprovechamos dos <strong>ubicaciones excelentes<\/strong> como escenario. La primera fue en el sal\u00f3n, donde una pared en tono marr\u00f3n enseguida llamo nuestra atenci\u00f3n. Movimos la mesa del sal\u00f3n, que hizo las veces de base para Martina, colocamos nuestro kit de iluminaci\u00f3n y sentamos a nuestra peque\u00f1a. La pared marr\u00f3n, la base de madera en tonos marrones, el vestido de colores suaves, una <b>buena <\/b><span style=\"font-size: 15px;\"><b>iluminaci\u00f3n<\/b><\/span><b> de la escena<\/b> y una ni\u00f1a preciosa, nada puede fallar. No olvidemos <strong>hacer \u00abmuchas boberias\u00bb<\/strong> para conseguir esas sonrisas de los bebes, con las que conseguimos <strong>fotos llenas de\u00a0<\/strong><span style=\"font-size: 15px;\"><b>alegr\u00eda<\/b><\/span>.<\/p>\n<p>El segundo bloque de fotos, lo hicimos en una de las habitaciones de la casa. Paredes con un bonito papel pintado, el suelo de madera y unas cajas de almacenar, que actuaron como atrezzo improvisado. Los colores y las tonalidades, encajaban perfectamente. Preparamos nuestro kit de\u00a0 iluminaci\u00f3n, sentamos a nuestra peque\u00f1a sobre la caja (<em>no pod\u00eda\u00a0estar mas simp\u00e1tica con los pies colgando<\/em>) y de nuevo, toca \u00abhacer muchas boberias\u00bb para sacarle una sonrisa y capturar distintos momentos de la escena.<\/p>\n<p>Ya lo tenemos! Y este es el resultado, que os parece?[\/vc_column_text][\/vc_column][\/vc_row][vc_row row_type=\u00bbrow\u00bb use_row_as_full_screen_section=\u00bbno\u00bb type=\u00bbfull_width\u00bb text_align=\u00bbcenter\u00bb background_animation=\u00bbnone\u00bb css_animation=\u00bb\u00bb][vc_column][vc_column_text]<img loading=\"lazy\" decoding=\"async\" class=\"alignnone wp-image-12134 size-full\" title=\"foto de bebe para recordatorio de bautizo\" src=\"http:\/\/www.daniperezfotografia.es\/wordpress\/wp-content\/uploads\/2017\/06\/sesion-fotos-recordatorio-bautizo-1100-01.jpg\" alt=\"foto de bebe para recordatorio de bautizo\" width=\"1100\" height=\"1100\" srcset=\"https:\/\/www.daniperezfotografia.es\/wordpress\/wp-content\/uploads\/2017\/06\/sesion-fotos-recordatorio-bautizo-1100-01.jpg 1100w, https:\/\/www.daniperezfotografia.es\/wordpress\/wp-content\/uploads\/2017\/06\/sesion-fotos-recordatorio-bautizo-1100-01-150x150.jpg 150w, https:\/\/www.daniperezfotografia.es\/wordpress\/wp-content\/uploads\/2017\/06\/sesion-fotos-recordatorio-bautizo-1100-01-750x750.jpg 750w, https:\/\/www.daniperezfotografia.es\/wordpress\/wp-content\/uploads\/2017\/06\/sesion-fotos-recordatorio-bautizo-1100-01-768x768.jpg 768w, https:\/\/www.daniperezfotografia.es\/wordpress\/wp-content\/uploads\/2017\/06\/sesion-fotos-recordatorio-bautizo-1100-01-1024x1024.jpg 1024w, https:\/\/www.daniperezfotografia.es\/wordpress\/wp-content\/uploads\/2017\/06\/sesion-fotos-recordatorio-bautizo-1100-01-550x550.jpg 550w, https:\/\/www.daniperezfotografia.es\/wordpress\/wp-content\/uploads\/2017\/06\/sesion-fotos-recordatorio-bautizo-1100-01-500x500.jpg 500w, https:\/\/www.daniperezfotografia.es\/wordpress\/wp-content\/uploads\/2017\/06\/sesion-fotos-recordatorio-bautizo-1100-01-1000x1000.jpg 1000w, https:\/\/www.daniperezfotografia.es\/wordpress\/wp-content\/uploads\/2017\/06\/sesion-fotos-recordatorio-bautizo-1100-01-700x700.jpg 700w\" sizes=\"auto, (max-width: 1100px) 100vw, 1100px\" \/><img loading=\"lazy\" decoding=\"async\" class=\"alignnone wp-image-12135 size-full\" title=\"foto para recordatorios de bautizo\" src=\"http:\/\/www.daniperezfotografia.es\/wordpress\/wp-content\/uploads\/2017\/06\/sesion-fotos-recordatorio-bautizo-1100-06.jpg\" alt=\"foto para recordatorios de bautizo\" width=\"1100\" height=\"734\" srcset=\"https:\/\/www.daniperezfotografia.es\/wordpress\/wp-content\/uploads\/2017\/06\/sesion-fotos-recordatorio-bautizo-1100-06.jpg 1100w, https:\/\/www.daniperezfotografia.es\/wordpress\/wp-content\/uploads\/2017\/06\/sesion-fotos-recordatorio-bautizo-1100-06-750x500.jpg 750w, https:\/\/www.daniperezfotografia.es\/wordpress\/wp-content\/uploads\/2017\/06\/sesion-fotos-recordatorio-bautizo-1100-06-768x512.jpg 768w, https:\/\/www.daniperezfotografia.es\/wordpress\/wp-content\/uploads\/2017\/06\/sesion-fotos-recordatorio-bautizo-1100-06-1024x683.jpg 1024w, https:\/\/www.daniperezfotografia.es\/wordpress\/wp-content\/uploads\/2017\/06\/sesion-fotos-recordatorio-bautizo-1100-06-700x467.jpg 700w\" sizes=\"auto, (max-width: 1100px) 100vw, 1100px\" \/><img loading=\"lazy\" decoding=\"async\" class=\"alignnone wp-image-12136 size-full\" title=\"foto de bebe para recordatorios de su bautizo\" src=\"http:\/\/www.daniperezfotografia.es\/wordpress\/wp-content\/uploads\/2017\/06\/sesion-fotos-recordatorio-bautizo-1100-02.jpg\" alt=\"foto de bebe para recordatorios de su bautizo\" width=\"1100\" height=\"1100\" srcset=\"https:\/\/www.daniperezfotografia.es\/wordpress\/wp-content\/uploads\/2017\/06\/sesion-fotos-recordatorio-bautizo-1100-02.jpg 1100w, https:\/\/www.daniperezfotografia.es\/wordpress\/wp-content\/uploads\/2017\/06\/sesion-fotos-recordatorio-bautizo-1100-02-150x150.jpg 150w, https:\/\/www.daniperezfotografia.es\/wordpress\/wp-content\/uploads\/2017\/06\/sesion-fotos-recordatorio-bautizo-1100-02-750x750.jpg 750w, https:\/\/www.daniperezfotografia.es\/wordpress\/wp-content\/uploads\/2017\/06\/sesion-fotos-recordatorio-bautizo-1100-02-768x768.jpg 768w, https:\/\/www.daniperezfotografia.es\/wordpress\/wp-content\/uploads\/2017\/06\/sesion-fotos-recordatorio-bautizo-1100-02-1024x1024.jpg 1024w, https:\/\/www.daniperezfotografia.es\/wordpress\/wp-content\/uploads\/2017\/06\/sesion-fotos-recordatorio-bautizo-1100-02-550x550.jpg 550w, https:\/\/www.daniperezfotografia.es\/wordpress\/wp-content\/uploads\/2017\/06\/sesion-fotos-recordatorio-bautizo-1100-02-500x500.jpg 500w, https:\/\/www.daniperezfotografia.es\/wordpress\/wp-content\/uploads\/2017\/06\/sesion-fotos-recordatorio-bautizo-1100-02-1000x1000.jpg 1000w, https:\/\/www.daniperezfotografia.es\/wordpress\/wp-content\/uploads\/2017\/06\/sesion-fotos-recordatorio-bautizo-1100-02-700x700.jpg 700w\" sizes=\"auto, (max-width: 1100px) 100vw, 1100px\" \/><img loading=\"lazy\" decoding=\"async\" class=\"alignnone wp-image-12137 size-full\" title=\"fotos bautizo recordatorio\" src=\"http:\/\/www.daniperezfotografia.es\/wordpress\/wp-content\/uploads\/2017\/06\/sesion-fotos-recordatorio-bautizo-1100-04.jpg\" alt=\"fotos bautizo recordatorio\" width=\"1100\" height=\"1100\" srcset=\"https:\/\/www.daniperezfotografia.es\/wordpress\/wp-content\/uploads\/2017\/06\/sesion-fotos-recordatorio-bautizo-1100-04.jpg 1100w, https:\/\/www.daniperezfotografia.es\/wordpress\/wp-content\/uploads\/2017\/06\/sesion-fotos-recordatorio-bautizo-1100-04-150x150.jpg 150w, https:\/\/www.daniperezfotografia.es\/wordpress\/wp-content\/uploads\/2017\/06\/sesion-fotos-recordatorio-bautizo-1100-04-750x750.jpg 750w, https:\/\/www.daniperezfotografia.es\/wordpress\/wp-content\/uploads\/2017\/06\/sesion-fotos-recordatorio-bautizo-1100-04-768x768.jpg 768w, https:\/\/www.daniperezfotografia.es\/wordpress\/wp-content\/uploads\/2017\/06\/sesion-fotos-recordatorio-bautizo-1100-04-1024x1024.jpg 1024w, https:\/\/www.daniperezfotografia.es\/wordpress\/wp-content\/uploads\/2017\/06\/sesion-fotos-recordatorio-bautizo-1100-04-550x550.jpg 550w, https:\/\/www.daniperezfotografia.es\/wordpress\/wp-content\/uploads\/2017\/06\/sesion-fotos-recordatorio-bautizo-1100-04-500x500.jpg 500w, https:\/\/www.daniperezfotografia.es\/wordpress\/wp-content\/uploads\/2017\/06\/sesion-fotos-recordatorio-bautizo-1100-04-1000x1000.jpg 1000w, https:\/\/www.daniperezfotografia.es\/wordpress\/wp-content\/uploads\/2017\/06\/sesion-fotos-recordatorio-bautizo-1100-04-700x700.jpg 700w\" sizes=\"auto, (max-width: 1100px) 100vw, 1100px\" \/><img loading=\"lazy\" decoding=\"async\" class=\"alignnone wp-image-12138 size-full\" title=\"foto bautizo recordatorio\" src=\"http:\/\/www.daniperezfotografia.es\/wordpress\/wp-content\/uploads\/2017\/06\/sesion-fotos-recordatorio-bautizo-1100-03.jpg\" alt=\"foto bautizo recordatorio\" width=\"1100\" height=\"1100\" srcset=\"https:\/\/www.daniperezfotografia.es\/wordpress\/wp-content\/uploads\/2017\/06\/sesion-fotos-recordatorio-bautizo-1100-03.jpg 1100w, https:\/\/www.daniperezfotografia.es\/wordpress\/wp-content\/uploads\/2017\/06\/sesion-fotos-recordatorio-bautizo-1100-03-150x150.jpg 150w, https:\/\/www.daniperezfotografia.es\/wordpress\/wp-content\/uploads\/2017\/06\/sesion-fotos-recordatorio-bautizo-1100-03-750x750.jpg 750w, https:\/\/www.daniperezfotografia.es\/wordpress\/wp-content\/uploads\/2017\/06\/sesion-fotos-recordatorio-bautizo-1100-03-768x768.jpg 768w, https:\/\/www.daniperezfotografia.es\/wordpress\/wp-content\/uploads\/2017\/06\/sesion-fotos-recordatorio-bautizo-1100-03-1024x1024.jpg 1024w, https:\/\/www.daniperezfotografia.es\/wordpress\/wp-content\/uploads\/2017\/06\/sesion-fotos-recordatorio-bautizo-1100-03-550x550.jpg 550w, https:\/\/www.daniperezfotografia.es\/wordpress\/wp-content\/uploads\/2017\/06\/sesion-fotos-recordatorio-bautizo-1100-03-500x500.jpg 500w, https:\/\/www.daniperezfotografia.es\/wordpress\/wp-content\/uploads\/2017\/06\/sesion-fotos-recordatorio-bautizo-1100-03-1000x1000.jpg 1000w, https:\/\/www.daniperezfotografia.es\/wordpress\/wp-content\/uploads\/2017\/06\/sesion-fotos-recordatorio-bautizo-1100-03-700x700.jpg 700w\" sizes=\"auto, (max-width: 1100px) 100vw, 1100px\" \/><img loading=\"lazy\" decoding=\"async\" class=\"alignnone wp-image-12139 size-full\" title=\"foto de bebe para recordatorio de bautizo\" src=\"http:\/\/www.daniperezfotografia.es\/wordpress\/wp-content\/uploads\/2017\/06\/sesion-fotos-recordatorio-bautizo-1100-05.jpg\" alt=\"foto de bebe para recordatorio de bautizo\" width=\"1100\" height=\"734\" srcset=\"https:\/\/www.daniperezfotografia.es\/wordpress\/wp-content\/uploads\/2017\/06\/sesion-fotos-recordatorio-bautizo-1100-05.jpg 1100w, https:\/\/www.daniperezfotografia.es\/wordpress\/wp-content\/uploads\/2017\/06\/sesion-fotos-recordatorio-bautizo-1100-05-750x500.jpg 750w, https:\/\/www.daniperezfotografia.es\/wordpress\/wp-content\/uploads\/2017\/06\/sesion-fotos-recordatorio-bautizo-1100-05-768x512.jpg 768w, https:\/\/www.daniperezfotografia.es\/wordpress\/wp-content\/uploads\/2017\/06\/sesion-fotos-recordatorio-bautizo-1100-05-1024x683.jpg 1024w, https:\/\/www.daniperezfotografia.es\/wordpress\/wp-content\/uploads\/2017\/06\/sesion-fotos-recordatorio-bautizo-1100-05-700x467.jpg 700w\" sizes=\"auto, (max-width: 1100px) 100vw, 1100px\" \/>[\/vc_column_text][\/vc_column][\/vc_row]\n<\/div>","protected":false},"excerpt":{"rendered":"<p>[vc_row row_type=\u00bbrow\u00bb use_row_as_full_screen_section=\u00bbno\u00bb type=\u00bbgrid\u00bb text_align=\u00bbleft\u00bb background_animation=\u00bbnone\u00bb padding_top=\u00bb50&#8243; padding_bottom=\u00bb50&#8243; css_animation=\u00bb\u00bb][vc_column][vc_column_text] Sesion de fotos para recordatorios de bautizo Sesi\u00f3n de fotos a domicilio en Valdebebas para los recordatorios de bautizo de Martina[\/vc_column_text][vc_column_text]Para hacer los recordatorios de un bautizo, necesitamos disponer de 2 o 3 buenas im\u00e1genes del bebe. La sesi\u00f3n de fotos, se realizo en casa del [&hellip;]<\/p>\n","protected":false},"author":3,"featured_media":12133,"comment_status":"closed","ping_status":"open","sticky":false,"template":"","format":"standard","meta":{"footnotes":""},"categories":[668],"tags":[631,792,983,986],"class_list":["post-12132","post","type-post","status-publish","format-standard","has-post-thumbnail","hentry","category-fotos-de-bautizo","tag-bautizo","tag-fotos-de-bautizo","tag-sesion-para-recordatorios","tag-valdebebas"],"blocksy_meta":{"styles_descriptor":{"styles":{"desktop":"","tablet":"","mobile":""},"google_fonts":[],"version":6}},"yoast_head":"<!-- This site is optimized with the Yoast SEO plugin v27.4 - https:\/\/yoast.com\/product\/yoast-seo-wordpress\/ -->\n<title>Como hacer fotos para recordatorios de bautizo en tu propia casa<\/title>\n<meta name=\"description\" content=\"Asi de bonitas quedaron las fotos para recordatorios de bautizo que realizamos a Martina. Si salir de su casa preparamos un set con iluminacion profesional.\" \/>\n<meta name=\"robots\" content=\"index, follow, max-snippet:-1, max-image-preview:large, max-video-preview:-1\" \/>\n<link rel=\"canonical\" href=\"http:\/\/www.daniperezfotografia.es\/wordpress\/fotos-de-bautizo\/sesion-fotos-recordatorios-bautizo\" \/>\n<meta property=\"og:locale\" content=\"es_ES\" \/>\n<meta property=\"og:type\" content=\"article\" \/>\n<meta property=\"og:title\" content=\"Como hacer fotos para recordatorios de bautizo en tu propia casa\" \/>\n<meta property=\"og:description\" content=\"Asi de bonitas quedaron las fotos para recordatorios de bautizo que realizamos a Martina. Si salir de su casa preparamos un set con iluminacion profesional.\" \/>\n<meta property=\"og:url\" content=\"http:\/\/www.daniperezfotografia.es\/wordpress\/fotos-de-bautizo\/sesion-fotos-recordatorios-bautizo\" \/>\n<meta property=\"og:site_name\" content=\"Dani Perez Fotografia | Fotografo Profesional en Madrid\" \/>\n<meta property=\"article:publisher\" content=\"https:\/\/www.facebook.com\/daniperezfotografia\" \/>\n<meta property=\"article:published_time\" content=\"2017-06-07T12:42:00+00:00\" \/>\n<meta property=\"article:modified_time\" content=\"2020-05-18T13:38:10+00:00\" \/>\n<meta property=\"og:image\" content=\"http:\/\/www.daniperezfotografia.es\/wordpress\/wp-content\/uploads\/2017\/06\/sesion-fotos-recordatorio-bautizo-1100-00.jpg\" \/>\n\t<meta property=\"og:image:width\" content=\"1100\" \/>\n\t<meta property=\"og:image:height\" content=\"733\" \/>\n\t<meta property=\"og:image:type\" content=\"image\/jpeg\" \/>\n<meta name=\"author\" content=\"Dani\" \/>\n<meta name=\"twitter:card\" content=\"summary_large_image\" \/>\n<meta name=\"twitter:creator\" content=\"@daniperezfoto\" \/>\n<meta name=\"twitter:site\" content=\"@daniperezfoto\" \/>\n<meta name=\"twitter:label1\" content=\"Escrito por\" \/>\n\t<meta name=\"twitter:data1\" content=\"Dani\" \/>\n\t<meta name=\"twitter:label2\" content=\"Tiempo de lectura\" \/>\n\t<meta name=\"twitter:data2\" content=\"2 minutos\" \/>\n<script type=\"application\/ld+json\" class=\"yoast-schema-graph\">{\"@context\":\"https:\\\/\\\/schema.org\",\"@graph\":[{\"@type\":\"Article\",\"@id\":\"http:\\\/\\\/www.daniperezfotografia.es\\\/wordpress\\\/fotos-de-bautizo\\\/sesion-fotos-recordatorios-bautizo#article\",\"isPartOf\":{\"@id\":\"http:\\\/\\\/www.daniperezfotografia.es\\\/wordpress\\\/fotos-de-bautizo\\\/sesion-fotos-recordatorios-bautizo\"},\"author\":{\"name\":\"Dani\",\"@id\":\"https:\\\/\\\/www.daniperezfotografia.es\\\/wordpress\\\/#\\\/schema\\\/person\\\/fd3c30e4e762998d6859e7cb5e31ed65\"},\"headline\":\"Fotos para recordatorios de bautizo\",\"datePublished\":\"2017-06-07T12:42:00+00:00\",\"dateModified\":\"2020-05-18T13:38:10+00:00\",\"mainEntityOfPage\":{\"@id\":\"http:\\\/\\\/www.daniperezfotografia.es\\\/wordpress\\\/fotos-de-bautizo\\\/sesion-fotos-recordatorios-bautizo\"},\"wordCount\":332,\"publisher\":{\"@id\":\"https:\\\/\\\/www.daniperezfotografia.es\\\/wordpress\\\/#organization\"},\"image\":{\"@id\":\"http:\\\/\\\/www.daniperezfotografia.es\\\/wordpress\\\/fotos-de-bautizo\\\/sesion-fotos-recordatorios-bautizo#primaryimage\"},\"thumbnailUrl\":\"https:\\\/\\\/www.daniperezfotografia.es\\\/wordpress\\\/wp-content\\\/uploads\\\/2017\\\/06\\\/sesion-fotos-recordatorio-bautizo-1100-00.jpg\",\"keywords\":[\"bautizo\",\"Fotos de bautizo\",\"Sesion para Recordatorios\",\"Valdebebas\"],\"articleSection\":[\"Reportajes de Fotos de Bautizo en Madrid\"],\"inLanguage\":\"es\"},{\"@type\":\"WebPage\",\"@id\":\"http:\\\/\\\/www.daniperezfotografia.es\\\/wordpress\\\/fotos-de-bautizo\\\/sesion-fotos-recordatorios-bautizo\",\"url\":\"http:\\\/\\\/www.daniperezfotografia.es\\\/wordpress\\\/fotos-de-bautizo\\\/sesion-fotos-recordatorios-bautizo\",\"name\":\"Como hacer fotos para recordatorios de bautizo en tu propia casa\",\"isPartOf\":{\"@id\":\"https:\\\/\\\/www.daniperezfotografia.es\\\/wordpress\\\/#website\"},\"primaryImageOfPage\":{\"@id\":\"http:\\\/\\\/www.daniperezfotografia.es\\\/wordpress\\\/fotos-de-bautizo\\\/sesion-fotos-recordatorios-bautizo#primaryimage\"},\"image\":{\"@id\":\"http:\\\/\\\/www.daniperezfotografia.es\\\/wordpress\\\/fotos-de-bautizo\\\/sesion-fotos-recordatorios-bautizo#primaryimage\"},\"thumbnailUrl\":\"https:\\\/\\\/www.daniperezfotografia.es\\\/wordpress\\\/wp-content\\\/uploads\\\/2017\\\/06\\\/sesion-fotos-recordatorio-bautizo-1100-00.jpg\",\"datePublished\":\"2017-06-07T12:42:00+00:00\",\"dateModified\":\"2020-05-18T13:38:10+00:00\",\"description\":\"Asi de bonitas quedaron las fotos para recordatorios de bautizo que realizamos a Martina. Si salir de su casa preparamos un set con iluminacion profesional.\",\"breadcrumb\":{\"@id\":\"http:\\\/\\\/www.daniperezfotografia.es\\\/wordpress\\\/fotos-de-bautizo\\\/sesion-fotos-recordatorios-bautizo#breadcrumb\"},\"inLanguage\":\"es\",\"potentialAction\":[{\"@type\":\"ReadAction\",\"target\":[\"http:\\\/\\\/www.daniperezfotografia.es\\\/wordpress\\\/fotos-de-bautizo\\\/sesion-fotos-recordatorios-bautizo\"]}]},{\"@type\":\"ImageObject\",\"inLanguage\":\"es\",\"@id\":\"http:\\\/\\\/www.daniperezfotografia.es\\\/wordpress\\\/fotos-de-bautizo\\\/sesion-fotos-recordatorios-bautizo#primaryimage\",\"url\":\"https:\\\/\\\/www.daniperezfotografia.es\\\/wordpress\\\/wp-content\\\/uploads\\\/2017\\\/06\\\/sesion-fotos-recordatorio-bautizo-1100-00.jpg\",\"contentUrl\":\"https:\\\/\\\/www.daniperezfotografia.es\\\/wordpress\\\/wp-content\\\/uploads\\\/2017\\\/06\\\/sesion-fotos-recordatorio-bautizo-1100-00.jpg\",\"width\":1100,\"height\":733,\"caption\":\"sesion de fotos para recordatorios de bautizo a domicilio\"},{\"@type\":\"BreadcrumbList\",\"@id\":\"http:\\\/\\\/www.daniperezfotografia.es\\\/wordpress\\\/fotos-de-bautizo\\\/sesion-fotos-recordatorios-bautizo#breadcrumb\",\"itemListElement\":[{\"@type\":\"ListItem\",\"position\":1,\"name\":\"Portada\",\"item\":\"https:\\\/\\\/www.daniperezfotografia.es\\\/wordpress\\\/\"},{\"@type\":\"ListItem\",\"position\":2,\"name\":\"Fotos para recordatorios de bautizo\"}]},{\"@type\":\"WebSite\",\"@id\":\"https:\\\/\\\/www.daniperezfotografia.es\\\/wordpress\\\/#website\",\"url\":\"https:\\\/\\\/www.daniperezfotografia.es\\\/wordpress\\\/\",\"name\":\"Dani Perez Fotografia | Fotografo Profesional en Madrid\",\"description\":\"Reportajes de bodas, bautizos, comuniones y sesiones de familia para particulares. Eventos, conferencias y retrato corporativo para empresas. Video de conferencias\",\"publisher\":{\"@id\":\"https:\\\/\\\/www.daniperezfotografia.es\\\/wordpress\\\/#organization\"},\"potentialAction\":[{\"@type\":\"SearchAction\",\"target\":{\"@type\":\"EntryPoint\",\"urlTemplate\":\"https:\\\/\\\/www.daniperezfotografia.es\\\/wordpress\\\/?s={search_term_string}\"},\"query-input\":{\"@type\":\"PropertyValueSpecification\",\"valueRequired\":true,\"valueName\":\"search_term_string\"}}],\"inLanguage\":\"es\"},{\"@type\":\"Organization\",\"@id\":\"https:\\\/\\\/www.daniperezfotografia.es\\\/wordpress\\\/#organization\",\"name\":\"Dani Perez Fotografia y Video\",\"url\":\"https:\\\/\\\/www.daniperezfotografia.es\\\/wordpress\\\/\",\"logo\":{\"@type\":\"ImageObject\",\"inLanguage\":\"es\",\"@id\":\"https:\\\/\\\/www.daniperezfotografia.es\\\/wordpress\\\/#\\\/schema\\\/logo\\\/image\\\/\",\"url\":\"\",\"contentUrl\":\"\",\"caption\":\"Dani Perez Fotografia y Video\"},\"image\":{\"@id\":\"https:\\\/\\\/www.daniperezfotografia.es\\\/wordpress\\\/#\\\/schema\\\/logo\\\/image\\\/\"},\"sameAs\":[\"https:\\\/\\\/www.facebook.com\\\/daniperezfotografia\",\"https:\\\/\\\/x.com\\\/daniperezfoto\",\"https:\\\/\\\/instagram.com\\\/daniperezfotografia\\\/\",\"https:\\\/\\\/www.linkedin.com\\\/pub\\\/dani-perez-fotografo\\\/b2\\\/3b0\\\/594\"]},{\"@type\":\"Person\",\"@id\":\"https:\\\/\\\/www.daniperezfotografia.es\\\/wordpress\\\/#\\\/schema\\\/person\\\/fd3c30e4e762998d6859e7cb5e31ed65\",\"name\":\"Dani\"}]}<\/script>\n<!-- \/ Yoast SEO plugin. -->","yoast_head_json":{"title":"Como hacer fotos para recordatorios de bautizo en tu propia casa","description":"Asi de bonitas quedaron las fotos para recordatorios de bautizo que realizamos a Martina. Si salir de su casa preparamos un set con iluminacion profesional.","robots":{"index":"index","follow":"follow","max-snippet":"max-snippet:-1","max-image-preview":"max-image-preview:large","max-video-preview":"max-video-preview:-1"},"canonical":"http:\/\/www.daniperezfotografia.es\/wordpress\/fotos-de-bautizo\/sesion-fotos-recordatorios-bautizo","og_locale":"es_ES","og_type":"article","og_title":"Como hacer fotos para recordatorios de bautizo en tu propia casa","og_description":"Asi de bonitas quedaron las fotos para recordatorios de bautizo que realizamos a Martina. Si salir de su casa preparamos un set con iluminacion profesional.","og_url":"http:\/\/www.daniperezfotografia.es\/wordpress\/fotos-de-bautizo\/sesion-fotos-recordatorios-bautizo","og_site_name":"Dani Perez Fotografia | Fotografo Profesional en Madrid","article_publisher":"https:\/\/www.facebook.com\/daniperezfotografia","article_published_time":"2017-06-07T12:42:00+00:00","article_modified_time":"2020-05-18T13:38:10+00:00","og_image":[{"width":1100,"height":733,"url":"http:\/\/www.daniperezfotografia.es\/wordpress\/wp-content\/uploads\/2017\/06\/sesion-fotos-recordatorio-bautizo-1100-00.jpg","type":"image\/jpeg"}],"author":"Dani","twitter_card":"summary_large_image","twitter_creator":"@daniperezfoto","twitter_site":"@daniperezfoto","twitter_misc":{"Escrito por":"Dani","Tiempo de lectura":"2 minutos"},"schema":{"@context":"https:\/\/schema.org","@graph":[{"@type":"Article","@id":"http:\/\/www.daniperezfotografia.es\/wordpress\/fotos-de-bautizo\/sesion-fotos-recordatorios-bautizo#article","isPartOf":{"@id":"http:\/\/www.daniperezfotografia.es\/wordpress\/fotos-de-bautizo\/sesion-fotos-recordatorios-bautizo"},"author":{"name":"Dani","@id":"https:\/\/www.daniperezfotografia.es\/wordpress\/#\/schema\/person\/fd3c30e4e762998d6859e7cb5e31ed65"},"headline":"Fotos para recordatorios de bautizo","datePublished":"2017-06-07T12:42:00+00:00","dateModified":"2020-05-18T13:38:10+00:00","mainEntityOfPage":{"@id":"http:\/\/www.daniperezfotografia.es\/wordpress\/fotos-de-bautizo\/sesion-fotos-recordatorios-bautizo"},"wordCount":332,"publisher":{"@id":"https:\/\/www.daniperezfotografia.es\/wordpress\/#organization"},"image":{"@id":"http:\/\/www.daniperezfotografia.es\/wordpress\/fotos-de-bautizo\/sesion-fotos-recordatorios-bautizo#primaryimage"},"thumbnailUrl":"https:\/\/www.daniperezfotografia.es\/wordpress\/wp-content\/uploads\/2017\/06\/sesion-fotos-recordatorio-bautizo-1100-00.jpg","keywords":["bautizo","Fotos de bautizo","Sesion para Recordatorios","Valdebebas"],"articleSection":["Reportajes de Fotos de Bautizo en Madrid"],"inLanguage":"es"},{"@type":"WebPage","@id":"http:\/\/www.daniperezfotografia.es\/wordpress\/fotos-de-bautizo\/sesion-fotos-recordatorios-bautizo","url":"http:\/\/www.daniperezfotografia.es\/wordpress\/fotos-de-bautizo\/sesion-fotos-recordatorios-bautizo","name":"Como hacer fotos para recordatorios de bautizo en tu propia casa","isPartOf":{"@id":"https:\/\/www.daniperezfotografia.es\/wordpress\/#website"},"primaryImageOfPage":{"@id":"http:\/\/www.daniperezfotografia.es\/wordpress\/fotos-de-bautizo\/sesion-fotos-recordatorios-bautizo#primaryimage"},"image":{"@id":"http:\/\/www.daniperezfotografia.es\/wordpress\/fotos-de-bautizo\/sesion-fotos-recordatorios-bautizo#primaryimage"},"thumbnailUrl":"https:\/\/www.daniperezfotografia.es\/wordpress\/wp-content\/uploads\/2017\/06\/sesion-fotos-recordatorio-bautizo-1100-00.jpg","datePublished":"2017-06-07T12:42:00+00:00","dateModified":"2020-05-18T13:38:10+00:00","description":"Asi de bonitas quedaron las fotos para recordatorios de bautizo que realizamos a Martina. Si salir de su casa preparamos un set con iluminacion profesional.","breadcrumb":{"@id":"http:\/\/www.daniperezfotografia.es\/wordpress\/fotos-de-bautizo\/sesion-fotos-recordatorios-bautizo#breadcrumb"},"inLanguage":"es","potentialAction":[{"@type":"ReadAction","target":["http:\/\/www.daniperezfotografia.es\/wordpress\/fotos-de-bautizo\/sesion-fotos-recordatorios-bautizo"]}]},{"@type":"ImageObject","inLanguage":"es","@id":"http:\/\/www.daniperezfotografia.es\/wordpress\/fotos-de-bautizo\/sesion-fotos-recordatorios-bautizo#primaryimage","url":"https:\/\/www.daniperezfotografia.es\/wordpress\/wp-content\/uploads\/2017\/06\/sesion-fotos-recordatorio-bautizo-1100-00.jpg","contentUrl":"https:\/\/www.daniperezfotografia.es\/wordpress\/wp-content\/uploads\/2017\/06\/sesion-fotos-recordatorio-bautizo-1100-00.jpg","width":1100,"height":733,"caption":"sesion de fotos para recordatorios de bautizo a domicilio"},{"@type":"BreadcrumbList","@id":"http:\/\/www.daniperezfotografia.es\/wordpress\/fotos-de-bautizo\/sesion-fotos-recordatorios-bautizo#breadcrumb","itemListElement":[{"@type":"ListItem","position":1,"name":"Portada","item":"https:\/\/www.daniperezfotografia.es\/wordpress\/"},{"@type":"ListItem","position":2,"name":"Fotos para recordatorios de bautizo"}]},{"@type":"WebSite","@id":"https:\/\/www.daniperezfotografia.es\/wordpress\/#website","url":"https:\/\/www.daniperezfotografia.es\/wordpress\/","name":"Dani Perez Fotografia | Fotografo Profesional en Madrid","description":"Reportajes de bodas, bautizos, comuniones y sesiones de familia para particulares. Eventos, conferencias y retrato corporativo para empresas. Video de conferencias","publisher":{"@id":"https:\/\/www.daniperezfotografia.es\/wordpress\/#organization"},"potentialAction":[{"@type":"SearchAction","target":{"@type":"EntryPoint","urlTemplate":"https:\/\/www.daniperezfotografia.es\/wordpress\/?s={search_term_string}"},"query-input":{"@type":"PropertyValueSpecification","valueRequired":true,"valueName":"search_term_string"}}],"inLanguage":"es"},{"@type":"Organization","@id":"https:\/\/www.daniperezfotografia.es\/wordpress\/#organization","name":"Dani Perez Fotografia y Video","url":"https:\/\/www.daniperezfotografia.es\/wordpress\/","logo":{"@type":"ImageObject","inLanguage":"es","@id":"https:\/\/www.daniperezfotografia.es\/wordpress\/#\/schema\/logo\/image\/","url":"","contentUrl":"","caption":"Dani Perez Fotografia y Video"},"image":{"@id":"https:\/\/www.daniperezfotografia.es\/wordpress\/#\/schema\/logo\/image\/"},"sameAs":["https:\/\/www.facebook.com\/daniperezfotografia","https:\/\/x.com\/daniperezfoto","https:\/\/instagram.com\/daniperezfotografia\/","https:\/\/www.linkedin.com\/pub\/dani-perez-fotografo\/b2\/3b0\/594"]},{"@type":"Person","@id":"https:\/\/www.daniperezfotografia.es\/wordpress\/#\/schema\/person\/fd3c30e4e762998d6859e7cb5e31ed65","name":"Dani"}]}},"_links":{"self":[{"href":"https:\/\/www.daniperezfotografia.es\/wordpress\/wp-json\/wp\/v2\/posts\/12132","targetHints":{"allow":["GET"]}}],"collection":[{"href":"https:\/\/www.daniperezfotografia.es\/wordpress\/wp-json\/wp\/v2\/posts"}],"about":[{"href":"https:\/\/www.daniperezfotografia.es\/wordpress\/wp-json\/wp\/v2\/types\/post"}],"author":[{"embeddable":true,"href":"https:\/\/www.daniperezfotografia.es\/wordpress\/wp-json\/wp\/v2\/users\/3"}],"replies":[{"embeddable":true,"href":"https:\/\/www.daniperezfotografia.es\/wordpress\/wp-json\/wp\/v2\/comments?post=12132"}],"version-history":[{"count":3,"href":"https:\/\/www.daniperezfotografia.es\/wordpress\/wp-json\/wp\/v2\/posts\/12132\/revisions"}],"predecessor-version":[{"id":13398,"href":"https:\/\/www.daniperezfotografia.es\/wordpress\/wp-json\/wp\/v2\/posts\/12132\/revisions\/13398"}],"wp:featuredmedia":[{"embeddable":true,"href":"https:\/\/www.daniperezfotografia.es\/wordpress\/wp-json\/wp\/v2\/media\/12133"}],"wp:attachment":[{"href":"https:\/\/www.daniperezfotografia.es\/wordpress\/wp-json\/wp\/v2\/media?parent=12132"}],"wp:term":[{"taxonomy":"category","embeddable":true,"href":"https:\/\/www.daniperezfotografia.es\/wordpress\/wp-json\/wp\/v2\/categories?post=12132"},{"taxonomy":"post_tag","embeddable":true,"href":"https:\/\/www.daniperezfotografia.es\/wordpress\/wp-json\/wp\/v2\/tags?post=12132"}],"curies":[{"name":"wp","href":"https:\/\/api.w.org\/{rel}","templated":true}]}}