{"id":10991,"date":"2016-10-10T16:50:16","date_gmt":"2016-10-10T15:50:16","guid":{"rendered":"http:\/\/www.daniperezfotografia.es\/wordpress\/?p=10991"},"modified":"2017-03-02T15:10:32","modified_gmt":"2017-03-02T14:10:32","slug":"sesion-embarazada-casa-exteriores","status":"publish","type":"post","link":"https:\/\/www.daniperezfotografia.es\/wordpress\/familias-infantil\/sesion-embarazada-casa-exteriores","title":{"rendered":"Sesion de embarazada en Casa y Exteriores"},"content":{"rendered":"<p style=\"text-align: center;\"><img loading=\"lazy\" decoding=\"async\" class=\"alignnone size-full wp-image-10992\" src=\"http:\/\/www.daniperezfotografia.es\/wordpress\/wp-content\/uploads\/2016\/10\/09-10991-post\/sesion-de-embarazada-en-casa-001.jpg\" alt=\"sesion de embarazada en casa\" width=\"900\" height=\"599\" srcset=\"https:\/\/www.daniperezfotografia.es\/wordpress\/wp-content\/uploads\/2016\/10\/09-10991-post\/sesion-de-embarazada-en-casa-001.jpg 900w, https:\/\/www.daniperezfotografia.es\/wordpress\/wp-content\/uploads\/2016\/10\/09-10991-post\/sesion-de-embarazada-en-casa-001-750x499.jpg 750w, https:\/\/www.daniperezfotografia.es\/wordpress\/wp-content\/uploads\/2016\/10\/09-10991-post\/sesion-de-embarazada-en-casa-001-768x511.jpg 768w\" sizes=\"auto, (max-width: 900px) 100vw, 900px\" \/><img loading=\"lazy\" decoding=\"async\" class=\"alignnone size-full wp-image-10997\" src=\"http:\/\/www.daniperezfotografia.es\/wordpress\/wp-content\/uploads\/2016\/10\/09-10991-post\/20160721-122038A-2.jpg\" alt=\"sesion de embarazada en casa\" width=\"900\" height=\"1254\" srcset=\"https:\/\/www.daniperezfotografia.es\/wordpress\/wp-content\/uploads\/2016\/10\/09-10991-post\/20160721-122038A-2.jpg 900w, https:\/\/www.daniperezfotografia.es\/wordpress\/wp-content\/uploads\/2016\/10\/09-10991-post\/20160721-122038A-2-538x750.jpg 538w, https:\/\/www.daniperezfotografia.es\/wordpress\/wp-content\/uploads\/2016\/10\/09-10991-post\/20160721-122038A-2-768x1070.jpg 768w, https:\/\/www.daniperezfotografia.es\/wordpress\/wp-content\/uploads\/2016\/10\/09-10991-post\/20160721-122038A-2-735x1024.jpg 735w\" sizes=\"auto, (max-width: 900px) 100vw, 900px\" \/><img loading=\"lazy\" decoding=\"async\" class=\"alignnone size-full wp-image-10994\" src=\"http:\/\/www.daniperezfotografia.es\/wordpress\/wp-content\/uploads\/2016\/10\/09-10991-post\/sesion-de-embarazada-en-casa-003.jpg\" alt=\"sesion de embarazada en casa\" width=\"900\" height=\"599\" srcset=\"https:\/\/www.daniperezfotografia.es\/wordpress\/wp-content\/uploads\/2016\/10\/09-10991-post\/sesion-de-embarazada-en-casa-003.jpg 900w, https:\/\/www.daniperezfotografia.es\/wordpress\/wp-content\/uploads\/2016\/10\/09-10991-post\/sesion-de-embarazada-en-casa-003-750x499.jpg 750w, https:\/\/www.daniperezfotografia.es\/wordpress\/wp-content\/uploads\/2016\/10\/09-10991-post\/sesion-de-embarazada-en-casa-003-768x511.jpg 768w\" sizes=\"auto, (max-width: 900px) 100vw, 900px\" \/><img loading=\"lazy\" decoding=\"async\" class=\"alignnone size-full wp-image-10995\" src=\"http:\/\/www.daniperezfotografia.es\/wordpress\/wp-content\/uploads\/2016\/10\/09-10991-post\/sesion-de-embarazada-en-casa-004.jpg\" alt=\"sesion de embarazada en casa\" width=\"900\" height=\"599\" srcset=\"https:\/\/www.daniperezfotografia.es\/wordpress\/wp-content\/uploads\/2016\/10\/09-10991-post\/sesion-de-embarazada-en-casa-004.jpg 900w, https:\/\/www.daniperezfotografia.es\/wordpress\/wp-content\/uploads\/2016\/10\/09-10991-post\/sesion-de-embarazada-en-casa-004-750x499.jpg 750w, https:\/\/www.daniperezfotografia.es\/wordpress\/wp-content\/uploads\/2016\/10\/09-10991-post\/sesion-de-embarazada-en-casa-004-768x511.jpg 768w\" sizes=\"auto, (max-width: 900px) 100vw, 900px\" \/><img loading=\"lazy\" decoding=\"async\" class=\"alignnone size-full wp-image-10996\" src=\"http:\/\/www.daniperezfotografia.es\/wordpress\/wp-content\/uploads\/2016\/10\/09-10991-post\/sesion-de-embarazada-en-casa-005.jpg\" alt=\"sesion de embarazada en casa\" width=\"900\" height=\"599\" srcset=\"https:\/\/www.daniperezfotografia.es\/wordpress\/wp-content\/uploads\/2016\/10\/09-10991-post\/sesion-de-embarazada-en-casa-005.jpg 900w, https:\/\/www.daniperezfotografia.es\/wordpress\/wp-content\/uploads\/2016\/10\/09-10991-post\/sesion-de-embarazada-en-casa-005-750x499.jpg 750w, https:\/\/www.daniperezfotografia.es\/wordpress\/wp-content\/uploads\/2016\/10\/09-10991-post\/sesion-de-embarazada-en-casa-005-768x511.jpg 768w\" sizes=\"auto, (max-width: 900px) 100vw, 900px\" \/><img loading=\"lazy\" decoding=\"async\" class=\"alignnone size-full wp-image-10998\" src=\"http:\/\/www.daniperezfotografia.es\/wordpress\/wp-content\/uploads\/2016\/10\/09-10991-post\/sesion-de-embarazada-en-exteriores-002.jpg\" alt=\"sesion de embarazada en exteriores\" width=\"900\" height=\"599\" srcset=\"https:\/\/www.daniperezfotografia.es\/wordpress\/wp-content\/uploads\/2016\/10\/09-10991-post\/sesion-de-embarazada-en-exteriores-002.jpg 900w, https:\/\/www.daniperezfotografia.es\/wordpress\/wp-content\/uploads\/2016\/10\/09-10991-post\/sesion-de-embarazada-en-exteriores-002-750x499.jpg 750w, https:\/\/www.daniperezfotografia.es\/wordpress\/wp-content\/uploads\/2016\/10\/09-10991-post\/sesion-de-embarazada-en-exteriores-002-768x511.jpg 768w, https:\/\/www.daniperezfotografia.es\/wordpress\/wp-content\/uploads\/2016\/10\/09-10991-post\/sesion-de-embarazada-en-exteriores-002-273x182.jpg 273w, https:\/\/www.daniperezfotografia.es\/wordpress\/wp-content\/uploads\/2016\/10\/09-10991-post\/sesion-de-embarazada-en-exteriores-002-546x364.jpg 546w, https:\/\/www.daniperezfotografia.es\/wordpress\/wp-content\/uploads\/2016\/10\/09-10991-post\/sesion-de-embarazada-en-exteriores-002-736x490.jpg 736w\" sizes=\"auto, (max-width: 900px) 100vw, 900px\" \/><img loading=\"lazy\" decoding=\"async\" class=\"alignnone size-full wp-image-10999\" src=\"http:\/\/www.daniperezfotografia.es\/wordpress\/wp-content\/uploads\/2016\/10\/09-10991-post\/sesion-de-embarazada-en-exteriores-003.jpg\" alt=\"sesion de embarazada en exteriores\" width=\"900\" height=\"600\" srcset=\"https:\/\/www.daniperezfotografia.es\/wordpress\/wp-content\/uploads\/2016\/10\/09-10991-post\/sesion-de-embarazada-en-exteriores-003.jpg 900w, https:\/\/www.daniperezfotografia.es\/wordpress\/wp-content\/uploads\/2016\/10\/09-10991-post\/sesion-de-embarazada-en-exteriores-003-750x500.jpg 750w, https:\/\/www.daniperezfotografia.es\/wordpress\/wp-content\/uploads\/2016\/10\/09-10991-post\/sesion-de-embarazada-en-exteriores-003-768x512.jpg 768w\" sizes=\"auto, (max-width: 900px) 100vw, 900px\" \/><img loading=\"lazy\" decoding=\"async\" class=\"alignnone size-full wp-image-11000\" src=\"http:\/\/www.daniperezfotografia.es\/wordpress\/wp-content\/uploads\/2016\/10\/09-10991-post\/sesion-de-embarazada-en-exteriores-004.jpg\" alt=\"sesion de embarazada en exteriores\" width=\"900\" height=\"599\" srcset=\"https:\/\/www.daniperezfotografia.es\/wordpress\/wp-content\/uploads\/2016\/10\/09-10991-post\/sesion-de-embarazada-en-exteriores-004.jpg 900w, https:\/\/www.daniperezfotografia.es\/wordpress\/wp-content\/uploads\/2016\/10\/09-10991-post\/sesion-de-embarazada-en-exteriores-004-750x499.jpg 750w, https:\/\/www.daniperezfotografia.es\/wordpress\/wp-content\/uploads\/2016\/10\/09-10991-post\/sesion-de-embarazada-en-exteriores-004-768x511.jpg 768w\" sizes=\"auto, (max-width: 900px) 100vw, 900px\" \/><img loading=\"lazy\" decoding=\"async\" class=\"alignnone size-full wp-image-11002\" src=\"http:\/\/www.daniperezfotografia.es\/wordpress\/wp-content\/uploads\/2016\/10\/09-10991-post\/sesion-de-embarazada-en-exteriores-006.jpg\" alt=\"sesion de embarazada en exteriores\" width=\"900\" height=\"599\" srcset=\"https:\/\/www.daniperezfotografia.es\/wordpress\/wp-content\/uploads\/2016\/10\/09-10991-post\/sesion-de-embarazada-en-exteriores-006.jpg 900w, https:\/\/www.daniperezfotografia.es\/wordpress\/wp-content\/uploads\/2016\/10\/09-10991-post\/sesion-de-embarazada-en-exteriores-006-750x499.jpg 750w, https:\/\/www.daniperezfotografia.es\/wordpress\/wp-content\/uploads\/2016\/10\/09-10991-post\/sesion-de-embarazada-en-exteriores-006-768x511.jpg 768w\" sizes=\"auto, (max-width: 900px) 100vw, 900px\" \/><\/p>\n","protected":false},"excerpt":{"rendered":"","protected":false},"author":3,"featured_media":11349,"comment_status":"closed","ping_status":"open","sticky":false,"template":"","format":"standard","meta":{"footnotes":""},"categories":[943],"tags":[262,946],"class_list":["post-10991","post","type-post","status-publish","format-standard","has-post-thumbnail","hentry","category-familias-infantil","tag-campo-de-las-naciones","tag-sesion-de-embarazo"],"blocksy_meta":{"styles_descriptor":{"styles":{"desktop":"","tablet":"","mobile":""},"google_fonts":[],"version":6}},"yoast_head":"<!-- This site is optimized with the Yoast SEO plugin v27.4 - https:\/\/yoast.com\/product\/yoast-seo-wordpress\/ -->\n<title>Sesion de embarazada en Casa y Exteriores<\/title>\n<meta name=\"description\" content=\"Sesion de embarazada en casa y exteriores. Conserva el mejor recuerdo de los \u00faltimos momentos de la espera de vuestro beb\u00e9. Donde te sientas m\u00e1s c\u00f3moda.\" \/>\n<meta name=\"robots\" content=\"index, follow, max-snippet:-1, max-image-preview:large, max-video-preview:-1\" \/>\n<link rel=\"canonical\" href=\"http:\/\/www.daniperezfotografia.es\/wordpress\/familias-infantil\/sesion-embarazada-casa-exteriores\" \/>\n<meta property=\"og:locale\" content=\"es_ES\" \/>\n<meta property=\"og:type\" content=\"article\" \/>\n<meta property=\"og:title\" content=\"Sesion de embarazada en Casa y Exteriores\" \/>\n<meta property=\"og:description\" content=\"Sesion de embarazada en casa y exteriores. Conserva el mejor recuerdo de los \u00faltimos momentos de la espera de vuestro beb\u00e9. Donde te sientas m\u00e1s c\u00f3moda.\" \/>\n<meta property=\"og:url\" content=\"http:\/\/www.daniperezfotografia.es\/wordpress\/familias-infantil\/sesion-embarazada-casa-exteriores\" \/>\n<meta property=\"og:site_name\" content=\"Dani Perez Fotografia | Fotografo Profesional en Madrid\" \/>\n<meta property=\"article:publisher\" content=\"https:\/\/www.facebook.com\/daniperezfotografia\" \/>\n<meta property=\"article:published_time\" content=\"2016-10-10T15:50:16+00:00\" \/>\n<meta property=\"article:modified_time\" content=\"2017-03-02T14:10:32+00:00\" \/>\n<meta property=\"og:image\" content=\"http:\/\/www.daniperezfotografia.es\/wordpress\/wp-content\/uploads\/2016\/10\/ana-embarazo-1100x734.jpg\" \/>\n\t<meta property=\"og:image:width\" content=\"1100\" \/>\n\t<meta property=\"og:image:height\" content=\"732\" \/>\n\t<meta property=\"og:image:type\" content=\"image\/jpeg\" \/>\n<meta name=\"author\" content=\"Dani\" \/>\n<meta name=\"twitter:card\" content=\"summary_large_image\" \/>\n<meta name=\"twitter:creator\" content=\"@daniperezfoto\" \/>\n<meta name=\"twitter:site\" content=\"@daniperezfoto\" \/>\n<meta name=\"twitter:label1\" content=\"Escrito por\" \/>\n\t<meta name=\"twitter:data1\" content=\"Dani\" \/>\n<script type=\"application\/ld+json\" class=\"yoast-schema-graph\">{\"@context\":\"https:\\\/\\\/schema.org\",\"@graph\":[{\"@type\":\"Article\",\"@id\":\"http:\\\/\\\/www.daniperezfotografia.es\\\/wordpress\\\/familias-infantil\\\/sesion-embarazada-casa-exteriores#article\",\"isPartOf\":{\"@id\":\"http:\\\/\\\/www.daniperezfotografia.es\\\/wordpress\\\/familias-infantil\\\/sesion-embarazada-casa-exteriores\"},\"author\":{\"name\":\"Dani\",\"@id\":\"https:\\\/\\\/www.daniperezfotografia.es\\\/wordpress\\\/#\\\/schema\\\/person\\\/fd3c30e4e762998d6859e7cb5e31ed65\"},\"headline\":\"Sesion de embarazada en Casa y Exteriores\",\"datePublished\":\"2016-10-10T15:50:16+00:00\",\"dateModified\":\"2017-03-02T14:10:32+00:00\",\"mainEntityOfPage\":{\"@id\":\"http:\\\/\\\/www.daniperezfotografia.es\\\/wordpress\\\/familias-infantil\\\/sesion-embarazada-casa-exteriores\"},\"wordCount\":7,\"publisher\":{\"@id\":\"https:\\\/\\\/www.daniperezfotografia.es\\\/wordpress\\\/#organization\"},\"image\":{\"@id\":\"http:\\\/\\\/www.daniperezfotografia.es\\\/wordpress\\\/familias-infantil\\\/sesion-embarazada-casa-exteriores#primaryimage\"},\"thumbnailUrl\":\"https:\\\/\\\/www.daniperezfotografia.es\\\/wordpress\\\/wp-content\\\/uploads\\\/2016\\\/10\\\/ana-embarazo-1100x734.jpg\",\"keywords\":[\"campo de las naciones\",\"Sesi\u00f3n de embarazo\"],\"articleSection\":[\"Reportajes de fotos de Familias en Madrid\"],\"inLanguage\":\"es\"},{\"@type\":\"WebPage\",\"@id\":\"http:\\\/\\\/www.daniperezfotografia.es\\\/wordpress\\\/familias-infantil\\\/sesion-embarazada-casa-exteriores\",\"url\":\"http:\\\/\\\/www.daniperezfotografia.es\\\/wordpress\\\/familias-infantil\\\/sesion-embarazada-casa-exteriores\",\"name\":\"Sesion de embarazada en Casa y Exteriores\",\"isPartOf\":{\"@id\":\"https:\\\/\\\/www.daniperezfotografia.es\\\/wordpress\\\/#website\"},\"primaryImageOfPage\":{\"@id\":\"http:\\\/\\\/www.daniperezfotografia.es\\\/wordpress\\\/familias-infantil\\\/sesion-embarazada-casa-exteriores#primaryimage\"},\"image\":{\"@id\":\"http:\\\/\\\/www.daniperezfotografia.es\\\/wordpress\\\/familias-infantil\\\/sesion-embarazada-casa-exteriores#primaryimage\"},\"thumbnailUrl\":\"https:\\\/\\\/www.daniperezfotografia.es\\\/wordpress\\\/wp-content\\\/uploads\\\/2016\\\/10\\\/ana-embarazo-1100x734.jpg\",\"datePublished\":\"2016-10-10T15:50:16+00:00\",\"dateModified\":\"2017-03-02T14:10:32+00:00\",\"description\":\"Sesion de embarazada en casa y exteriores. Conserva el mejor recuerdo de los \u00faltimos momentos de la espera de vuestro beb\u00e9. Donde te sientas m\u00e1s c\u00f3moda.\",\"breadcrumb\":{\"@id\":\"http:\\\/\\\/www.daniperezfotografia.es\\\/wordpress\\\/familias-infantil\\\/sesion-embarazada-casa-exteriores#breadcrumb\"},\"inLanguage\":\"es\",\"potentialAction\":[{\"@type\":\"ReadAction\",\"target\":[\"http:\\\/\\\/www.daniperezfotografia.es\\\/wordpress\\\/familias-infantil\\\/sesion-embarazada-casa-exteriores\"]}]},{\"@type\":\"ImageObject\",\"inLanguage\":\"es\",\"@id\":\"http:\\\/\\\/www.daniperezfotografia.es\\\/wordpress\\\/familias-infantil\\\/sesion-embarazada-casa-exteriores#primaryimage\",\"url\":\"https:\\\/\\\/www.daniperezfotografia.es\\\/wordpress\\\/wp-content\\\/uploads\\\/2016\\\/10\\\/ana-embarazo-1100x734.jpg\",\"contentUrl\":\"https:\\\/\\\/www.daniperezfotografia.es\\\/wordpress\\\/wp-content\\\/uploads\\\/2016\\\/10\\\/ana-embarazo-1100x734.jpg\",\"width\":1100,\"height\":732,\"caption\":\"sesion de embarazada en campo de las naciones\"},{\"@type\":\"BreadcrumbList\",\"@id\":\"http:\\\/\\\/www.daniperezfotografia.es\\\/wordpress\\\/familias-infantil\\\/sesion-embarazada-casa-exteriores#breadcrumb\",\"itemListElement\":[{\"@type\":\"ListItem\",\"position\":1,\"name\":\"Portada\",\"item\":\"https:\\\/\\\/www.daniperezfotografia.es\\\/wordpress\\\/\"},{\"@type\":\"ListItem\",\"position\":2,\"name\":\"Sesion de embarazada en Casa y Exteriores\"}]},{\"@type\":\"WebSite\",\"@id\":\"https:\\\/\\\/www.daniperezfotografia.es\\\/wordpress\\\/#website\",\"url\":\"https:\\\/\\\/www.daniperezfotografia.es\\\/wordpress\\\/\",\"name\":\"Dani Perez Fotografia | Fotografo Profesional en Madrid\",\"description\":\"Reportajes de bodas, bautizos, comuniones y sesiones de familia para particulares. Eventos, conferencias y retrato corporativo para empresas. Video de conferencias\",\"publisher\":{\"@id\":\"https:\\\/\\\/www.daniperezfotografia.es\\\/wordpress\\\/#organization\"},\"potentialAction\":[{\"@type\":\"SearchAction\",\"target\":{\"@type\":\"EntryPoint\",\"urlTemplate\":\"https:\\\/\\\/www.daniperezfotografia.es\\\/wordpress\\\/?s={search_term_string}\"},\"query-input\":{\"@type\":\"PropertyValueSpecification\",\"valueRequired\":true,\"valueName\":\"search_term_string\"}}],\"inLanguage\":\"es\"},{\"@type\":\"Organization\",\"@id\":\"https:\\\/\\\/www.daniperezfotografia.es\\\/wordpress\\\/#organization\",\"name\":\"Dani Perez Fotografia y Video\",\"url\":\"https:\\\/\\\/www.daniperezfotografia.es\\\/wordpress\\\/\",\"logo\":{\"@type\":\"ImageObject\",\"inLanguage\":\"es\",\"@id\":\"https:\\\/\\\/www.daniperezfotografia.es\\\/wordpress\\\/#\\\/schema\\\/logo\\\/image\\\/\",\"url\":\"\",\"contentUrl\":\"\",\"caption\":\"Dani Perez Fotografia y Video\"},\"image\":{\"@id\":\"https:\\\/\\\/www.daniperezfotografia.es\\\/wordpress\\\/#\\\/schema\\\/logo\\\/image\\\/\"},\"sameAs\":[\"https:\\\/\\\/www.facebook.com\\\/daniperezfotografia\",\"https:\\\/\\\/x.com\\\/daniperezfoto\",\"https:\\\/\\\/instagram.com\\\/daniperezfotografia\\\/\",\"https:\\\/\\\/www.linkedin.com\\\/pub\\\/dani-perez-fotografo\\\/b2\\\/3b0\\\/594\"]},{\"@type\":\"Person\",\"@id\":\"https:\\\/\\\/www.daniperezfotografia.es\\\/wordpress\\\/#\\\/schema\\\/person\\\/fd3c30e4e762998d6859e7cb5e31ed65\",\"name\":\"Dani\"}]}<\/script>\n<!-- \/ Yoast SEO plugin. -->","yoast_head_json":{"title":"Sesion de embarazada en Casa y Exteriores","description":"Sesion de embarazada en casa y exteriores. Conserva el mejor recuerdo de los \u00faltimos momentos de la espera de vuestro beb\u00e9. Donde te sientas m\u00e1s c\u00f3moda.","robots":{"index":"index","follow":"follow","max-snippet":"max-snippet:-1","max-image-preview":"max-image-preview:large","max-video-preview":"max-video-preview:-1"},"canonical":"http:\/\/www.daniperezfotografia.es\/wordpress\/familias-infantil\/sesion-embarazada-casa-exteriores","og_locale":"es_ES","og_type":"article","og_title":"Sesion de embarazada en Casa y Exteriores","og_description":"Sesion de embarazada en casa y exteriores. Conserva el mejor recuerdo de los \u00faltimos momentos de la espera de vuestro beb\u00e9. Donde te sientas m\u00e1s c\u00f3moda.","og_url":"http:\/\/www.daniperezfotografia.es\/wordpress\/familias-infantil\/sesion-embarazada-casa-exteriores","og_site_name":"Dani Perez Fotografia | Fotografo Profesional en Madrid","article_publisher":"https:\/\/www.facebook.com\/daniperezfotografia","article_published_time":"2016-10-10T15:50:16+00:00","article_modified_time":"2017-03-02T14:10:32+00:00","og_image":[{"width":1100,"height":732,"url":"http:\/\/www.daniperezfotografia.es\/wordpress\/wp-content\/uploads\/2016\/10\/ana-embarazo-1100x734.jpg","type":"image\/jpeg"}],"author":"Dani","twitter_card":"summary_large_image","twitter_creator":"@daniperezfoto","twitter_site":"@daniperezfoto","twitter_misc":{"Escrito por":"Dani"},"schema":{"@context":"https:\/\/schema.org","@graph":[{"@type":"Article","@id":"http:\/\/www.daniperezfotografia.es\/wordpress\/familias-infantil\/sesion-embarazada-casa-exteriores#article","isPartOf":{"@id":"http:\/\/www.daniperezfotografia.es\/wordpress\/familias-infantil\/sesion-embarazada-casa-exteriores"},"author":{"name":"Dani","@id":"https:\/\/www.daniperezfotografia.es\/wordpress\/#\/schema\/person\/fd3c30e4e762998d6859e7cb5e31ed65"},"headline":"Sesion de embarazada en Casa y Exteriores","datePublished":"2016-10-10T15:50:16+00:00","dateModified":"2017-03-02T14:10:32+00:00","mainEntityOfPage":{"@id":"http:\/\/www.daniperezfotografia.es\/wordpress\/familias-infantil\/sesion-embarazada-casa-exteriores"},"wordCount":7,"publisher":{"@id":"https:\/\/www.daniperezfotografia.es\/wordpress\/#organization"},"image":{"@id":"http:\/\/www.daniperezfotografia.es\/wordpress\/familias-infantil\/sesion-embarazada-casa-exteriores#primaryimage"},"thumbnailUrl":"https:\/\/www.daniperezfotografia.es\/wordpress\/wp-content\/uploads\/2016\/10\/ana-embarazo-1100x734.jpg","keywords":["campo de las naciones","Sesi\u00f3n de embarazo"],"articleSection":["Reportajes de fotos de Familias en Madrid"],"inLanguage":"es"},{"@type":"WebPage","@id":"http:\/\/www.daniperezfotografia.es\/wordpress\/familias-infantil\/sesion-embarazada-casa-exteriores","url":"http:\/\/www.daniperezfotografia.es\/wordpress\/familias-infantil\/sesion-embarazada-casa-exteriores","name":"Sesion de embarazada en Casa y Exteriores","isPartOf":{"@id":"https:\/\/www.daniperezfotografia.es\/wordpress\/#website"},"primaryImageOfPage":{"@id":"http:\/\/www.daniperezfotografia.es\/wordpress\/familias-infantil\/sesion-embarazada-casa-exteriores#primaryimage"},"image":{"@id":"http:\/\/www.daniperezfotografia.es\/wordpress\/familias-infantil\/sesion-embarazada-casa-exteriores#primaryimage"},"thumbnailUrl":"https:\/\/www.daniperezfotografia.es\/wordpress\/wp-content\/uploads\/2016\/10\/ana-embarazo-1100x734.jpg","datePublished":"2016-10-10T15:50:16+00:00","dateModified":"2017-03-02T14:10:32+00:00","description":"Sesion de embarazada en casa y exteriores. Conserva el mejor recuerdo de los \u00faltimos momentos de la espera de vuestro beb\u00e9. Donde te sientas m\u00e1s c\u00f3moda.","breadcrumb":{"@id":"http:\/\/www.daniperezfotografia.es\/wordpress\/familias-infantil\/sesion-embarazada-casa-exteriores#breadcrumb"},"inLanguage":"es","potentialAction":[{"@type":"ReadAction","target":["http:\/\/www.daniperezfotografia.es\/wordpress\/familias-infantil\/sesion-embarazada-casa-exteriores"]}]},{"@type":"ImageObject","inLanguage":"es","@id":"http:\/\/www.daniperezfotografia.es\/wordpress\/familias-infantil\/sesion-embarazada-casa-exteriores#primaryimage","url":"https:\/\/www.daniperezfotografia.es\/wordpress\/wp-content\/uploads\/2016\/10\/ana-embarazo-1100x734.jpg","contentUrl":"https:\/\/www.daniperezfotografia.es\/wordpress\/wp-content\/uploads\/2016\/10\/ana-embarazo-1100x734.jpg","width":1100,"height":732,"caption":"sesion de embarazada en campo de las naciones"},{"@type":"BreadcrumbList","@id":"http:\/\/www.daniperezfotografia.es\/wordpress\/familias-infantil\/sesion-embarazada-casa-exteriores#breadcrumb","itemListElement":[{"@type":"ListItem","position":1,"name":"Portada","item":"https:\/\/www.daniperezfotografia.es\/wordpress\/"},{"@type":"ListItem","position":2,"name":"Sesion de embarazada en Casa y Exteriores"}]},{"@type":"WebSite","@id":"https:\/\/www.daniperezfotografia.es\/wordpress\/#website","url":"https:\/\/www.daniperezfotografia.es\/wordpress\/","name":"Dani Perez Fotografia | Fotografo Profesional en Madrid","description":"Reportajes de bodas, bautizos, comuniones y sesiones de familia para particulares. Eventos, conferencias y retrato corporativo para empresas. Video de conferencias","publisher":{"@id":"https:\/\/www.daniperezfotografia.es\/wordpress\/#organization"},"potentialAction":[{"@type":"SearchAction","target":{"@type":"EntryPoint","urlTemplate":"https:\/\/www.daniperezfotografia.es\/wordpress\/?s={search_term_string}"},"query-input":{"@type":"PropertyValueSpecification","valueRequired":true,"valueName":"search_term_string"}}],"inLanguage":"es"},{"@type":"Organization","@id":"https:\/\/www.daniperezfotografia.es\/wordpress\/#organization","name":"Dani Perez Fotografia y Video","url":"https:\/\/www.daniperezfotografia.es\/wordpress\/","logo":{"@type":"ImageObject","inLanguage":"es","@id":"https:\/\/www.daniperezfotografia.es\/wordpress\/#\/schema\/logo\/image\/","url":"","contentUrl":"","caption":"Dani Perez Fotografia y Video"},"image":{"@id":"https:\/\/www.daniperezfotografia.es\/wordpress\/#\/schema\/logo\/image\/"},"sameAs":["https:\/\/www.facebook.com\/daniperezfotografia","https:\/\/x.com\/daniperezfoto","https:\/\/instagram.com\/daniperezfotografia\/","https:\/\/www.linkedin.com\/pub\/dani-perez-fotografo\/b2\/3b0\/594"]},{"@type":"Person","@id":"https:\/\/www.daniperezfotografia.es\/wordpress\/#\/schema\/person\/fd3c30e4e762998d6859e7cb5e31ed65","name":"Dani"}]}},"_links":{"self":[{"href":"https:\/\/www.daniperezfotografia.es\/wordpress\/wp-json\/wp\/v2\/posts\/10991","targetHints":{"allow":["GET"]}}],"collection":[{"href":"https:\/\/www.daniperezfotografia.es\/wordpress\/wp-json\/wp\/v2\/posts"}],"about":[{"href":"https:\/\/www.daniperezfotografia.es\/wordpress\/wp-json\/wp\/v2\/types\/post"}],"author":[{"embeddable":true,"href":"https:\/\/www.daniperezfotografia.es\/wordpress\/wp-json\/wp\/v2\/users\/3"}],"replies":[{"embeddable":true,"href":"https:\/\/www.daniperezfotografia.es\/wordpress\/wp-json\/wp\/v2\/comments?post=10991"}],"version-history":[{"count":2,"href":"https:\/\/www.daniperezfotografia.es\/wordpress\/wp-json\/wp\/v2\/posts\/10991\/revisions"}],"predecessor-version":[{"id":11004,"href":"https:\/\/www.daniperezfotografia.es\/wordpress\/wp-json\/wp\/v2\/posts\/10991\/revisions\/11004"}],"wp:featuredmedia":[{"embeddable":true,"href":"https:\/\/www.daniperezfotografia.es\/wordpress\/wp-json\/wp\/v2\/media\/11349"}],"wp:attachment":[{"href":"https:\/\/www.daniperezfotografia.es\/wordpress\/wp-json\/wp\/v2\/media?parent=10991"}],"wp:term":[{"taxonomy":"category","embeddable":true,"href":"https:\/\/www.daniperezfotografia.es\/wordpress\/wp-json\/wp\/v2\/categories?post=10991"},{"taxonomy":"post_tag","embeddable":true,"href":"https:\/\/www.daniperezfotografia.es\/wordpress\/wp-json\/wp\/v2\/tags?post=10991"}],"curies":[{"name":"wp","href":"https:\/\/api.w.org\/{rel}","templated":true}]}}