{"id":10491,"date":"2016-04-13T13:05:13","date_gmt":"2016-04-13T12:05:13","guid":{"rendered":"http:\/\/www.daniperezfotografia.es\/wordpress\/?p=10491"},"modified":"2020-05-12T19:44:01","modified_gmt":"2020-05-12T18:44:01","slug":"fotografo-bautizos-leganes","status":"publish","type":"post","link":"https:\/\/www.daniperezfotografia.es\/wordpress\/fotos-de-bautizo\/fotografo-bautizos-leganes","title":{"rendered":"Fotografo de bautizos en Leganes"},"content":{"rendered":"<div class=\"wpb-content-wrapper\">[vc_row row_type=\u00bbrow\u00bb use_row_as_full_screen_section=\u00bbno\u00bb type=\u00bbfull_width\u00bb text_align=\u00bbleft\u00bb background_animation=\u00bbnone\u00bb padding_bottom=\u00bb50&#8243; css_animation=\u00bb\u00bb][vc_column][vc_column_text]En este reportaje realizado como<strong> fotografo de bautizos en Leganes<\/strong>, os presento a la peque\u00f1a Valeria, nuestra protagonista de hoy. Sus fotos incluyen la sesi\u00f3n de preparativos en casa, fotos de bautizo durante la ceremonia y para terminar, fotos de grupo con todos sus familiares y amigos invitados.[\/vc_column_text][\/vc_column][\/vc_row][vc_row row_type=\u00bbrow\u00bb use_row_as_full_screen_section=\u00bbno\u00bb type=\u00bbfull_width\u00bb text_align=\u00bbleft\u00bb background_animation=\u00bbnone\u00bb padding_bottom=\u00bb50&#8243; css_animation=\u00bb\u00bb][vc_column][vc_video link=\u00bbhttps:\/\/vimeo.com\/162555399&#8243; align=\u00bbcenter\u00bb][\/vc_column][\/vc_row][vc_row row_type=\u00bbrow\u00bb use_row_as_full_screen_section=\u00bbno\u00bb type=\u00bbfull_width\u00bb text_align=\u00bbleft\u00bb background_animation=\u00bbnone\u00bb padding_bottom=\u00bb50&#8243; css_animation=\u00bb\u00bb][vc_column][vc_column_text]\n<h3>Sesion de fotos de los preparativos del bautizo<\/h3>\n<p>El reportaje comenz\u00f3, con la sesi\u00f3n de <strong>fotos de los preparativos en casa<\/strong>. Elegimos la habitaci\u00f3n de sus padres, al ser la mas espaciosa y luminosa de la casa. Una ventana frontal nos aporto esa maravillosa <strong>luz natural<\/strong> que tanto nos gusta a los fot\u00f3grafos. A pesar de ser tan peque\u00f1ita, Valeria se porto fenomenal y estuvo siempre atenta y con la cabecilla en alto, fij\u00e1ndose en todo lo que hac\u00edamos.<\/p>\n<p>Despu\u00e9s comenzamos a vestirla, en el mismo lugar, son dirigir nada, de modo que pudi\u00e9ramos captar momentos naturales y fotos originales sin posados.<\/p>\n<p>Para terminar la sesi\u00f3n de preparativos, realizamos fotos de familia con sus padres y padrinos en el sal\u00f3n de su casa.<\/p>\n<h3>Ceremonia de bautizo en la Parroquia de San Salvador de Leganes<\/h3>\n<p>Durante la ceremonia, realizamos un reportaje documental, ya que no podemos intervenir en ning\u00fan momento. Los momentos mas representativos de la ceremonia siempre los captamos con mucho cuidado, pero lo que mas nos gusta es buscar esos otro momentos naturales, las risas, los gestos de los bebes, esos momentos \u00fanicos, que tambi\u00e9n forman parte del reportajes.<\/p>\n<h3>Fotos de grupo tras el bautizo<\/h3>\n<p>Terminado el bautizo, aprovechamos los exteriores de la iglesia, para tomar fotos de grupos con todos los famliares y amigos.[\/vc_column_text][\/vc_column][\/vc_row][vc_row row_type=\u00bbrow\u00bb use_row_as_full_screen_section=\u00bbno\u00bb type=\u00bbfull_width\u00bb text_align=\u00bbleft\u00bb background_animation=\u00bbnone\u00bb css_animation=\u00bb\u00bb][vc_column][vc_column_text]\n<p style=\"text-align: center;\"><img loading=\"lazy\" decoding=\"async\" class=\"alignnone size-full wp-image-10492\" src=\"http:\/\/www.daniperezfotografia.es\/wordpress\/wp-content\/uploads\/2016\/04\/12-10491-post\/fotografo-bautizos-leganes-0001.jpg\" alt=\"fotografo de bautizos en leganes\" width=\"900\" height=\"599\" srcset=\"https:\/\/www.daniperezfotografia.es\/wordpress\/wp-content\/uploads\/2016\/04\/12-10491-post\/fotografo-bautizos-leganes-0001.jpg 900w, https:\/\/www.daniperezfotografia.es\/wordpress\/wp-content\/uploads\/2016\/04\/12-10491-post\/fotografo-bautizos-leganes-0001-750x499.jpg 750w, https:\/\/www.daniperezfotografia.es\/wordpress\/wp-content\/uploads\/2016\/04\/12-10491-post\/fotografo-bautizos-leganes-0001-768x511.jpg 768w\" sizes=\"auto, (max-width: 900px) 100vw, 900px\" \/><img loading=\"lazy\" decoding=\"async\" class=\"alignnone size-full wp-image-10505\" src=\"http:\/\/www.daniperezfotografia.es\/wordpress\/wp-content\/uploads\/2016\/04\/12-10491-post\/fotografo-bautizos-leganes-0014.jpg\" alt=\"fotografo de bautizos en leganes\" width=\"900\" height=\"599\" srcset=\"https:\/\/www.daniperezfotografia.es\/wordpress\/wp-content\/uploads\/2016\/04\/12-10491-post\/fotografo-bautizos-leganes-0014.jpg 900w, https:\/\/www.daniperezfotografia.es\/wordpress\/wp-content\/uploads\/2016\/04\/12-10491-post\/fotografo-bautizos-leganes-0014-750x499.jpg 750w, https:\/\/www.daniperezfotografia.es\/wordpress\/wp-content\/uploads\/2016\/04\/12-10491-post\/fotografo-bautizos-leganes-0014-768x511.jpg 768w\" sizes=\"auto, (max-width: 900px) 100vw, 900px\" \/><img loading=\"lazy\" decoding=\"async\" class=\"alignnone size-full wp-image-10506\" src=\"http:\/\/www.daniperezfotografia.es\/wordpress\/wp-content\/uploads\/2016\/04\/12-10491-post\/fotografo-bautizos-leganes-0015.jpg\" alt=\"fotografo de bautizos en leganes\" width=\"900\" height=\"599\" srcset=\"https:\/\/www.daniperezfotografia.es\/wordpress\/wp-content\/uploads\/2016\/04\/12-10491-post\/fotografo-bautizos-leganes-0015.jpg 900w, https:\/\/www.daniperezfotografia.es\/wordpress\/wp-content\/uploads\/2016\/04\/12-10491-post\/fotografo-bautizos-leganes-0015-750x499.jpg 750w, https:\/\/www.daniperezfotografia.es\/wordpress\/wp-content\/uploads\/2016\/04\/12-10491-post\/fotografo-bautizos-leganes-0015-768x511.jpg 768w\" sizes=\"auto, (max-width: 900px) 100vw, 900px\" \/><img loading=\"lazy\" decoding=\"async\" class=\"alignnone size-full wp-image-10507\" src=\"http:\/\/www.daniperezfotografia.es\/wordpress\/wp-content\/uploads\/2016\/04\/12-10491-post\/fotografo-bautizos-leganes-0016.jpg\" alt=\"fotografo de bautizos en leganes\" width=\"900\" height=\"599\" srcset=\"https:\/\/www.daniperezfotografia.es\/wordpress\/wp-content\/uploads\/2016\/04\/12-10491-post\/fotografo-bautizos-leganes-0016.jpg 900w, https:\/\/www.daniperezfotografia.es\/wordpress\/wp-content\/uploads\/2016\/04\/12-10491-post\/fotografo-bautizos-leganes-0016-750x499.jpg 750w, https:\/\/www.daniperezfotografia.es\/wordpress\/wp-content\/uploads\/2016\/04\/12-10491-post\/fotografo-bautizos-leganes-0016-768x511.jpg 768w, https:\/\/www.daniperezfotografia.es\/wordpress\/wp-content\/uploads\/2016\/04\/12-10491-post\/fotografo-bautizos-leganes-0016-300x200.jpg 300w, https:\/\/www.daniperezfotografia.es\/wordpress\/wp-content\/uploads\/2016\/04\/12-10491-post\/fotografo-bautizos-leganes-0016-600x400.jpg 600w\" sizes=\"auto, (max-width: 900px) 100vw, 900px\" \/><img loading=\"lazy\" decoding=\"async\" class=\"alignnone size-full wp-image-10493\" src=\"http:\/\/www.daniperezfotografia.es\/wordpress\/wp-content\/uploads\/2016\/04\/12-10491-post\/fotografo-bautizos-leganes-0002.jpg\" alt=\"fotografo de bautizos en leganes\" width=\"900\" height=\"599\" srcset=\"https:\/\/www.daniperezfotografia.es\/wordpress\/wp-content\/uploads\/2016\/04\/12-10491-post\/fotografo-bautizos-leganes-0002.jpg 900w, https:\/\/www.daniperezfotografia.es\/wordpress\/wp-content\/uploads\/2016\/04\/12-10491-post\/fotografo-bautizos-leganes-0002-750x499.jpg 750w, https:\/\/www.daniperezfotografia.es\/wordpress\/wp-content\/uploads\/2016\/04\/12-10491-post\/fotografo-bautizos-leganes-0002-768x511.jpg 768w\" sizes=\"auto, (max-width: 900px) 100vw, 900px\" \/><img loading=\"lazy\" decoding=\"async\" class=\"alignnone size-full wp-image-10494\" src=\"http:\/\/www.daniperezfotografia.es\/wordpress\/wp-content\/uploads\/2016\/04\/12-10491-post\/fotografo-bautizos-leganes-0003.jpg\" alt=\"fotografo de bautizos en leganes\" width=\"900\" height=\"599\" srcset=\"https:\/\/www.daniperezfotografia.es\/wordpress\/wp-content\/uploads\/2016\/04\/12-10491-post\/fotografo-bautizos-leganes-0003.jpg 900w, https:\/\/www.daniperezfotografia.es\/wordpress\/wp-content\/uploads\/2016\/04\/12-10491-post\/fotografo-bautizos-leganes-0003-750x499.jpg 750w, https:\/\/www.daniperezfotografia.es\/wordpress\/wp-content\/uploads\/2016\/04\/12-10491-post\/fotografo-bautizos-leganes-0003-768x511.jpg 768w, https:\/\/www.daniperezfotografia.es\/wordpress\/wp-content\/uploads\/2016\/04\/12-10491-post\/fotografo-bautizos-leganes-0003-860x573.jpg 860w, https:\/\/www.daniperezfotografia.es\/wordpress\/wp-content\/uploads\/2016\/04\/12-10491-post\/fotografo-bautizos-leganes-0003-273x182.jpg 273w, https:\/\/www.daniperezfotografia.es\/wordpress\/wp-content\/uploads\/2016\/04\/12-10491-post\/fotografo-bautizos-leganes-0003-546x364.jpg 546w, https:\/\/www.daniperezfotografia.es\/wordpress\/wp-content\/uploads\/2016\/04\/12-10491-post\/fotografo-bautizos-leganes-0003-736x490.jpg 736w\" sizes=\"auto, (max-width: 900px) 100vw, 900px\" \/><img loading=\"lazy\" decoding=\"async\" class=\"alignnone size-full wp-image-10495\" src=\"http:\/\/www.daniperezfotografia.es\/wordpress\/wp-content\/uploads\/2016\/04\/12-10491-post\/fotografo-bautizos-leganes-0004.jpg\" alt=\"fotografo de bautizos en leganes\" width=\"900\" height=\"599\" srcset=\"https:\/\/www.daniperezfotografia.es\/wordpress\/wp-content\/uploads\/2016\/04\/12-10491-post\/fotografo-bautizos-leganes-0004.jpg 900w, https:\/\/www.daniperezfotografia.es\/wordpress\/wp-content\/uploads\/2016\/04\/12-10491-post\/fotografo-bautizos-leganes-0004-750x499.jpg 750w, https:\/\/www.daniperezfotografia.es\/wordpress\/wp-content\/uploads\/2016\/04\/12-10491-post\/fotografo-bautizos-leganes-0004-768x511.jpg 768w\" sizes=\"auto, (max-width: 900px) 100vw, 900px\" \/><img loading=\"lazy\" decoding=\"async\" class=\"alignnone size-full wp-image-10496\" src=\"http:\/\/www.daniperezfotografia.es\/wordpress\/wp-content\/uploads\/2016\/04\/12-10491-post\/fotografo-bautizos-leganes-0005.jpg\" alt=\"fotografo de bautizos en leganes\" width=\"900\" height=\"599\" srcset=\"https:\/\/www.daniperezfotografia.es\/wordpress\/wp-content\/uploads\/2016\/04\/12-10491-post\/fotografo-bautizos-leganes-0005.jpg 900w, https:\/\/www.daniperezfotografia.es\/wordpress\/wp-content\/uploads\/2016\/04\/12-10491-post\/fotografo-bautizos-leganes-0005-750x499.jpg 750w, https:\/\/www.daniperezfotografia.es\/wordpress\/wp-content\/uploads\/2016\/04\/12-10491-post\/fotografo-bautizos-leganes-0005-768x511.jpg 768w\" sizes=\"auto, (max-width: 900px) 100vw, 900px\" \/><img loading=\"lazy\" decoding=\"async\" class=\"alignnone size-full wp-image-10497\" src=\"http:\/\/www.daniperezfotografia.es\/wordpress\/wp-content\/uploads\/2016\/04\/12-10491-post\/fotografo-bautizos-leganes-0006.jpg\" alt=\"fotografo de bautizos en leganes\" width=\"900\" height=\"599\" srcset=\"https:\/\/www.daniperezfotografia.es\/wordpress\/wp-content\/uploads\/2016\/04\/12-10491-post\/fotografo-bautizos-leganes-0006.jpg 900w, https:\/\/www.daniperezfotografia.es\/wordpress\/wp-content\/uploads\/2016\/04\/12-10491-post\/fotografo-bautizos-leganes-0006-750x499.jpg 750w, https:\/\/www.daniperezfotografia.es\/wordpress\/wp-content\/uploads\/2016\/04\/12-10491-post\/fotografo-bautizos-leganes-0006-768x511.jpg 768w\" sizes=\"auto, (max-width: 900px) 100vw, 900px\" \/><img loading=\"lazy\" decoding=\"async\" class=\"alignnone size-full wp-image-10508\" src=\"http:\/\/www.daniperezfotografia.es\/wordpress\/wp-content\/uploads\/2016\/04\/12-10491-post\/fotografo-bautizos-leganes-0017.jpg\" alt=\"fotografo de bautizos en leganes\" width=\"900\" height=\"599\" srcset=\"https:\/\/www.daniperezfotografia.es\/wordpress\/wp-content\/uploads\/2016\/04\/12-10491-post\/fotografo-bautizos-leganes-0017.jpg 900w, https:\/\/www.daniperezfotografia.es\/wordpress\/wp-content\/uploads\/2016\/04\/12-10491-post\/fotografo-bautizos-leganes-0017-750x499.jpg 750w, https:\/\/www.daniperezfotografia.es\/wordpress\/wp-content\/uploads\/2016\/04\/12-10491-post\/fotografo-bautizos-leganes-0017-768x511.jpg 768w\" sizes=\"auto, (max-width: 900px) 100vw, 900px\" \/><img loading=\"lazy\" decoding=\"async\" class=\"alignnone size-full wp-image-10509\" src=\"http:\/\/www.daniperezfotografia.es\/wordpress\/wp-content\/uploads\/2016\/04\/12-10491-post\/fotografo-bautizos-leganes-0018.jpg\" alt=\"fotografo de bautizos en leganes\" width=\"900\" height=\"599\" srcset=\"https:\/\/www.daniperezfotografia.es\/wordpress\/wp-content\/uploads\/2016\/04\/12-10491-post\/fotografo-bautizos-leganes-0018.jpg 900w, https:\/\/www.daniperezfotografia.es\/wordpress\/wp-content\/uploads\/2016\/04\/12-10491-post\/fotografo-bautizos-leganes-0018-750x499.jpg 750w, https:\/\/www.daniperezfotografia.es\/wordpress\/wp-content\/uploads\/2016\/04\/12-10491-post\/fotografo-bautizos-leganes-0018-768x511.jpg 768w\" sizes=\"auto, (max-width: 900px) 100vw, 900px\" \/><img loading=\"lazy\" decoding=\"async\" class=\"alignnone size-full wp-image-10498\" src=\"http:\/\/www.daniperezfotografia.es\/wordpress\/wp-content\/uploads\/2016\/04\/12-10491-post\/fotografo-bautizos-leganes-0007.jpg\" alt=\"fotografo de bautizos en leganes\" width=\"900\" height=\"599\" srcset=\"https:\/\/www.daniperezfotografia.es\/wordpress\/wp-content\/uploads\/2016\/04\/12-10491-post\/fotografo-bautizos-leganes-0007.jpg 900w, https:\/\/www.daniperezfotografia.es\/wordpress\/wp-content\/uploads\/2016\/04\/12-10491-post\/fotografo-bautizos-leganes-0007-750x499.jpg 750w, https:\/\/www.daniperezfotografia.es\/wordpress\/wp-content\/uploads\/2016\/04\/12-10491-post\/fotografo-bautizos-leganes-0007-768x511.jpg 768w\" sizes=\"auto, (max-width: 900px) 100vw, 900px\" \/><img loading=\"lazy\" decoding=\"async\" class=\"alignnone size-full wp-image-10500\" src=\"http:\/\/www.daniperezfotografia.es\/wordpress\/wp-content\/uploads\/2016\/04\/12-10491-post\/fotografo-bautizos-leganes-0009.jpg\" alt=\"fotografo de bautizos en leganes\" width=\"900\" height=\"599\" srcset=\"https:\/\/www.daniperezfotografia.es\/wordpress\/wp-content\/uploads\/2016\/04\/12-10491-post\/fotografo-bautizos-leganes-0009.jpg 900w, https:\/\/www.daniperezfotografia.es\/wordpress\/wp-content\/uploads\/2016\/04\/12-10491-post\/fotografo-bautizos-leganes-0009-750x499.jpg 750w, https:\/\/www.daniperezfotografia.es\/wordpress\/wp-content\/uploads\/2016\/04\/12-10491-post\/fotografo-bautizos-leganes-0009-768x511.jpg 768w\" sizes=\"auto, (max-width: 900px) 100vw, 900px\" \/><img loading=\"lazy\" decoding=\"async\" class=\"alignnone size-full wp-image-10499\" src=\"http:\/\/www.daniperezfotografia.es\/wordpress\/wp-content\/uploads\/2016\/04\/12-10491-post\/fotografo-bautizos-leganes-0008.jpg\" alt=\"fotografo de bautizos en leganes\" width=\"900\" height=\"599\" srcset=\"https:\/\/www.daniperezfotografia.es\/wordpress\/wp-content\/uploads\/2016\/04\/12-10491-post\/fotografo-bautizos-leganes-0008.jpg 900w, https:\/\/www.daniperezfotografia.es\/wordpress\/wp-content\/uploads\/2016\/04\/12-10491-post\/fotografo-bautizos-leganes-0008-750x499.jpg 750w, https:\/\/www.daniperezfotografia.es\/wordpress\/wp-content\/uploads\/2016\/04\/12-10491-post\/fotografo-bautizos-leganes-0008-768x511.jpg 768w\" sizes=\"auto, (max-width: 900px) 100vw, 900px\" \/><img loading=\"lazy\" decoding=\"async\" class=\"alignnone size-full wp-image-10501\" src=\"http:\/\/www.daniperezfotografia.es\/wordpress\/wp-content\/uploads\/2016\/04\/12-10491-post\/fotografo-bautizos-leganes-0010.jpg\" alt=\"fotografo de bautizos en leganes\" width=\"900\" height=\"599\" srcset=\"https:\/\/www.daniperezfotografia.es\/wordpress\/wp-content\/uploads\/2016\/04\/12-10491-post\/fotografo-bautizos-leganes-0010.jpg 900w, https:\/\/www.daniperezfotografia.es\/wordpress\/wp-content\/uploads\/2016\/04\/12-10491-post\/fotografo-bautizos-leganes-0010-750x499.jpg 750w, https:\/\/www.daniperezfotografia.es\/wordpress\/wp-content\/uploads\/2016\/04\/12-10491-post\/fotografo-bautizos-leganes-0010-768x511.jpg 768w\" sizes=\"auto, (max-width: 900px) 100vw, 900px\" \/><img loading=\"lazy\" decoding=\"async\" class=\"alignnone size-full wp-image-10502\" src=\"http:\/\/www.daniperezfotografia.es\/wordpress\/wp-content\/uploads\/2016\/04\/12-10491-post\/fotografo-bautizos-leganes-0011.jpg\" alt=\"fotografo-bautizos-leganes-0011\" width=\"900\" height=\"599\" srcset=\"https:\/\/www.daniperezfotografia.es\/wordpress\/wp-content\/uploads\/2016\/04\/12-10491-post\/fotografo-bautizos-leganes-0011.jpg 900w, https:\/\/www.daniperezfotografia.es\/wordpress\/wp-content\/uploads\/2016\/04\/12-10491-post\/fotografo-bautizos-leganes-0011-750x499.jpg 750w, https:\/\/www.daniperezfotografia.es\/wordpress\/wp-content\/uploads\/2016\/04\/12-10491-post\/fotografo-bautizos-leganes-0011-768x511.jpg 768w\" sizes=\"auto, (max-width: 900px) 100vw, 900px\" \/><img loading=\"lazy\" decoding=\"async\" class=\"alignnone size-full wp-image-10503\" src=\"http:\/\/www.daniperezfotografia.es\/wordpress\/wp-content\/uploads\/2016\/04\/12-10491-post\/fotografo-bautizos-leganes-0012.jpg\" alt=\"fotografo de bautizos en leganes\" width=\"900\" height=\"599\" srcset=\"https:\/\/www.daniperezfotografia.es\/wordpress\/wp-content\/uploads\/2016\/04\/12-10491-post\/fotografo-bautizos-leganes-0012.jpg 900w, https:\/\/www.daniperezfotografia.es\/wordpress\/wp-content\/uploads\/2016\/04\/12-10491-post\/fotografo-bautizos-leganes-0012-750x499.jpg 750w, https:\/\/www.daniperezfotografia.es\/wordpress\/wp-content\/uploads\/2016\/04\/12-10491-post\/fotografo-bautizos-leganes-0012-768x511.jpg 768w\" sizes=\"auto, (max-width: 900px) 100vw, 900px\" \/><img loading=\"lazy\" decoding=\"async\" class=\"alignnone size-full wp-image-10504\" src=\"http:\/\/www.daniperezfotografia.es\/wordpress\/wp-content\/uploads\/2016\/04\/12-10491-post\/fotografo-bautizos-leganes-0013.jpg\" alt=\"fotografo de bautizos en leganes\" width=\"900\" height=\"599\" srcset=\"https:\/\/www.daniperezfotografia.es\/wordpress\/wp-content\/uploads\/2016\/04\/12-10491-post\/fotografo-bautizos-leganes-0013.jpg 900w, https:\/\/www.daniperezfotografia.es\/wordpress\/wp-content\/uploads\/2016\/04\/12-10491-post\/fotografo-bautizos-leganes-0013-750x499.jpg 750w, https:\/\/www.daniperezfotografia.es\/wordpress\/wp-content\/uploads\/2016\/04\/12-10491-post\/fotografo-bautizos-leganes-0013-768x511.jpg 768w\" sizes=\"auto, (max-width: 900px) 100vw, 900px\" \/><img loading=\"lazy\" decoding=\"async\" class=\"alignnone size-full wp-image-10513\" src=\"http:\/\/www.daniperezfotografia.es\/wordpress\/wp-content\/uploads\/2016\/04\/12-10491-post\/fotografo-bautizos-leganes-0022.jpg\" alt=\"fotografo de bautizos en leganes\" width=\"900\" height=\"599\" srcset=\"https:\/\/www.daniperezfotografia.es\/wordpress\/wp-content\/uploads\/2016\/04\/12-10491-post\/fotografo-bautizos-leganes-0022.jpg 900w, https:\/\/www.daniperezfotografia.es\/wordpress\/wp-content\/uploads\/2016\/04\/12-10491-post\/fotografo-bautizos-leganes-0022-750x499.jpg 750w, https:\/\/www.daniperezfotografia.es\/wordpress\/wp-content\/uploads\/2016\/04\/12-10491-post\/fotografo-bautizos-leganes-0022-768x511.jpg 768w\" sizes=\"auto, (max-width: 900px) 100vw, 900px\" \/><img loading=\"lazy\" decoding=\"async\" class=\"alignnone size-full wp-image-10514\" src=\"http:\/\/www.daniperezfotografia.es\/wordpress\/wp-content\/uploads\/2016\/04\/12-10491-post\/fotografo-bautizos-leganes-0023.jpg\" alt=\"fotografo de bautizos en leganes\" width=\"900\" height=\"599\" srcset=\"https:\/\/www.daniperezfotografia.es\/wordpress\/wp-content\/uploads\/2016\/04\/12-10491-post\/fotografo-bautizos-leganes-0023.jpg 900w, https:\/\/www.daniperezfotografia.es\/wordpress\/wp-content\/uploads\/2016\/04\/12-10491-post\/fotografo-bautizos-leganes-0023-750x499.jpg 750w, https:\/\/www.daniperezfotografia.es\/wordpress\/wp-content\/uploads\/2016\/04\/12-10491-post\/fotografo-bautizos-leganes-0023-768x511.jpg 768w\" sizes=\"auto, (max-width: 900px) 100vw, 900px\" \/><img loading=\"lazy\" decoding=\"async\" class=\"alignnone size-full wp-image-10512\" src=\"http:\/\/www.daniperezfotografia.es\/wordpress\/wp-content\/uploads\/2016\/04\/12-10491-post\/fotografo-bautizos-leganes-0021.jpg\" alt=\"fotografo de bautizos en leganes\" width=\"900\" height=\"599\" srcset=\"https:\/\/www.daniperezfotografia.es\/wordpress\/wp-content\/uploads\/2016\/04\/12-10491-post\/fotografo-bautizos-leganes-0021.jpg 900w, https:\/\/www.daniperezfotografia.es\/wordpress\/wp-content\/uploads\/2016\/04\/12-10491-post\/fotografo-bautizos-leganes-0021-750x499.jpg 750w, https:\/\/www.daniperezfotografia.es\/wordpress\/wp-content\/uploads\/2016\/04\/12-10491-post\/fotografo-bautizos-leganes-0021-768x511.jpg 768w\" sizes=\"auto, (max-width: 900px) 100vw, 900px\" \/><img loading=\"lazy\" decoding=\"async\" class=\"alignnone size-full wp-image-10515\" src=\"http:\/\/www.daniperezfotografia.es\/wordpress\/wp-content\/uploads\/2016\/04\/12-10491-post\/fotografo-bautizos-leganes-0024.jpg\" alt=\"fotografo de bautizos en leganes\" width=\"900\" height=\"599\" srcset=\"https:\/\/www.daniperezfotografia.es\/wordpress\/wp-content\/uploads\/2016\/04\/12-10491-post\/fotografo-bautizos-leganes-0024.jpg 900w, https:\/\/www.daniperezfotografia.es\/wordpress\/wp-content\/uploads\/2016\/04\/12-10491-post\/fotografo-bautizos-leganes-0024-750x499.jpg 750w, https:\/\/www.daniperezfotografia.es\/wordpress\/wp-content\/uploads\/2016\/04\/12-10491-post\/fotografo-bautizos-leganes-0024-768x511.jpg 768w\" sizes=\"auto, (max-width: 900px) 100vw, 900px\" \/><img loading=\"lazy\" decoding=\"async\" class=\"alignnone size-full wp-image-10511\" src=\"http:\/\/www.daniperezfotografia.es\/wordpress\/wp-content\/uploads\/2016\/04\/12-10491-post\/fotografo-bautizos-leganes-0020.jpg\" alt=\"fotografo de bautizos en leganes\" width=\"900\" height=\"599\" srcset=\"https:\/\/www.daniperezfotografia.es\/wordpress\/wp-content\/uploads\/2016\/04\/12-10491-post\/fotografo-bautizos-leganes-0020.jpg 900w, https:\/\/www.daniperezfotografia.es\/wordpress\/wp-content\/uploads\/2016\/04\/12-10491-post\/fotografo-bautizos-leganes-0020-750x499.jpg 750w, https:\/\/www.daniperezfotografia.es\/wordpress\/wp-content\/uploads\/2016\/04\/12-10491-post\/fotografo-bautizos-leganes-0020-768x511.jpg 768w\" sizes=\"auto, (max-width: 900px) 100vw, 900px\" \/><\/p>\n[\/vc_column_text][\/vc_column][\/vc_row][vc_row row_type=\u00bbrow\u00bb use_row_as_full_screen_section=\u00bbno\u00bb type=\u00bbfull_width\u00bb text_align=\u00bbleft\u00bb background_animation=\u00bbnone\u00bb css_animation=\u00bb\u00bb][vc_column][vc_column_text]Gracias por tu tiempo revisando este trabajo realizado como Fotografo de bautizos en Leganes[\/vc_column_text][\/vc_column][\/vc_row]\n<\/div>","protected":false},"excerpt":{"rendered":"<p>[vc_row row_type=\u00bbrow\u00bb use_row_as_full_screen_section=\u00bbno\u00bb type=\u00bbfull_width\u00bb text_align=\u00bbleft\u00bb background_animation=\u00bbnone\u00bb padding_bottom=\u00bb50&#8243; css_animation=\u00bb\u00bb][vc_column][vc_column_text]En este reportaje realizado como fotografo de bautizos en Leganes, os presento a la peque\u00f1a Valeria, nuestra protagonista de hoy. Sus fotos incluyen la sesi\u00f3n de preparativos en casa, fotos de bautizo durante la ceremonia y para terminar, fotos de grupo con todos sus familiares y amigos invitados.[\/vc_column_text][\/vc_column][\/vc_row][vc_row [&hellip;]<\/p>\n","protected":false},"author":3,"featured_media":11236,"comment_status":"closed","ping_status":"open","sticky":false,"template":"","format":"standard","meta":{"footnotes":""},"categories":[668],"tags":[631],"class_list":["post-10491","post","type-post","status-publish","format-standard","has-post-thumbnail","hentry","category-fotos-de-bautizo","tag-bautizo"],"blocksy_meta":{"styles_descriptor":{"styles":{"desktop":"","tablet":"","mobile":""},"google_fonts":[],"version":6}},"yoast_head":"<!-- This site is optimized with the Yoast SEO plugin v27.4 - https:\/\/yoast.com\/product\/yoast-seo-wordpress\/ -->\n<title>El mejor reportaje de un Fotografo de bautizos en Leganes<\/title>\n<meta name=\"description\" content=\"Os invito a ver este reportaje realizado como Fotografo de Bautizos en Leganes. Sesion de preparativos, ceremonia y fotos de familia, bautizo en Leganes\" \/>\n<meta name=\"robots\" content=\"index, follow, max-snippet:-1, max-image-preview:large, max-video-preview:-1\" \/>\n<link rel=\"canonical\" href=\"http:\/\/www.daniperezfotografia.es\/wordpress\/fotos-de-bautizo\/fotografo-bautizos-leganes\" \/>\n<meta property=\"og:locale\" content=\"es_ES\" \/>\n<meta property=\"og:type\" content=\"article\" \/>\n<meta property=\"og:title\" content=\"El mejor reportaje de un Fotografo de bautizos en Leganes\" \/>\n<meta property=\"og:description\" content=\"Os invito a ver este reportaje realizado como Fotografo de Bautizos en Leganes. Sesion de preparativos, ceremonia y fotos de familia, bautizo en Leganes\" \/>\n<meta property=\"og:url\" content=\"http:\/\/www.daniperezfotografia.es\/wordpress\/fotos-de-bautizo\/fotografo-bautizos-leganes\" \/>\n<meta property=\"og:site_name\" content=\"Dani Perez Fotografia | Fotografo Profesional en Madrid\" \/>\n<meta property=\"article:publisher\" content=\"https:\/\/www.facebook.com\/daniperezfotografia\" \/>\n<meta property=\"article:published_time\" content=\"2016-04-13T12:05:13+00:00\" \/>\n<meta property=\"article:modified_time\" content=\"2020-05-12T18:44:01+00:00\" \/>\n<meta property=\"og:image\" content=\"http:\/\/www.daniperezfotografia.es\/wordpress\/wp-content\/uploads\/2016\/04\/bautizo-valeria-leganes-1100x732.jpg\" \/>\n\t<meta property=\"og:image:width\" content=\"1100\" \/>\n\t<meta property=\"og:image:height\" content=\"732\" \/>\n\t<meta property=\"og:image:type\" content=\"image\/jpeg\" \/>\n<meta name=\"author\" content=\"Dani\" \/>\n<meta name=\"twitter:card\" content=\"summary_large_image\" \/>\n<meta name=\"twitter:creator\" content=\"@daniperezfoto\" \/>\n<meta name=\"twitter:site\" content=\"@daniperezfoto\" \/>\n<meta name=\"twitter:label1\" content=\"Escrito por\" \/>\n\t<meta name=\"twitter:data1\" content=\"Dani\" \/>\n\t<meta name=\"twitter:label2\" content=\"Tiempo de lectura\" \/>\n\t<meta name=\"twitter:data2\" content=\"2 minutos\" \/>\n<script type=\"application\/ld+json\" class=\"yoast-schema-graph\">{\"@context\":\"https:\\\/\\\/schema.org\",\"@graph\":[{\"@type\":\"Article\",\"@id\":\"http:\\\/\\\/www.daniperezfotografia.es\\\/wordpress\\\/fotos-de-bautizo\\\/fotografo-bautizos-leganes#article\",\"isPartOf\":{\"@id\":\"http:\\\/\\\/www.daniperezfotografia.es\\\/wordpress\\\/fotos-de-bautizo\\\/fotografo-bautizos-leganes\"},\"author\":{\"name\":\"Dani\",\"@id\":\"https:\\\/\\\/www.daniperezfotografia.es\\\/wordpress\\\/#\\\/schema\\\/person\\\/fd3c30e4e762998d6859e7cb5e31ed65\"},\"headline\":\"Fotografo de bautizos en Leganes\",\"datePublished\":\"2016-04-13T12:05:13+00:00\",\"dateModified\":\"2020-05-12T18:44:01+00:00\",\"mainEntityOfPage\":{\"@id\":\"http:\\\/\\\/www.daniperezfotografia.es\\\/wordpress\\\/fotos-de-bautizo\\\/fotografo-bautizos-leganes\"},\"wordCount\":480,\"publisher\":{\"@id\":\"https:\\\/\\\/www.daniperezfotografia.es\\\/wordpress\\\/#organization\"},\"image\":{\"@id\":\"http:\\\/\\\/www.daniperezfotografia.es\\\/wordpress\\\/fotos-de-bautizo\\\/fotografo-bautizos-leganes#primaryimage\"},\"thumbnailUrl\":\"https:\\\/\\\/www.daniperezfotografia.es\\\/wordpress\\\/wp-content\\\/uploads\\\/2016\\\/04\\\/bautizo-valeria-leganes-1100x732.jpg\",\"keywords\":[\"bautizo\"],\"articleSection\":[\"Reportajes de Fotos de Bautizo en Madrid\"],\"inLanguage\":\"es\"},{\"@type\":\"WebPage\",\"@id\":\"http:\\\/\\\/www.daniperezfotografia.es\\\/wordpress\\\/fotos-de-bautizo\\\/fotografo-bautizos-leganes\",\"url\":\"http:\\\/\\\/www.daniperezfotografia.es\\\/wordpress\\\/fotos-de-bautizo\\\/fotografo-bautizos-leganes\",\"name\":\"El mejor reportaje de un Fotografo de bautizos en Leganes\",\"isPartOf\":{\"@id\":\"https:\\\/\\\/www.daniperezfotografia.es\\\/wordpress\\\/#website\"},\"primaryImageOfPage\":{\"@id\":\"http:\\\/\\\/www.daniperezfotografia.es\\\/wordpress\\\/fotos-de-bautizo\\\/fotografo-bautizos-leganes#primaryimage\"},\"image\":{\"@id\":\"http:\\\/\\\/www.daniperezfotografia.es\\\/wordpress\\\/fotos-de-bautizo\\\/fotografo-bautizos-leganes#primaryimage\"},\"thumbnailUrl\":\"https:\\\/\\\/www.daniperezfotografia.es\\\/wordpress\\\/wp-content\\\/uploads\\\/2016\\\/04\\\/bautizo-valeria-leganes-1100x732.jpg\",\"datePublished\":\"2016-04-13T12:05:13+00:00\",\"dateModified\":\"2020-05-12T18:44:01+00:00\",\"description\":\"Os invito a ver este reportaje realizado como Fotografo de Bautizos en Leganes. Sesion de preparativos, ceremonia y fotos de familia, bautizo en Leganes\",\"breadcrumb\":{\"@id\":\"http:\\\/\\\/www.daniperezfotografia.es\\\/wordpress\\\/fotos-de-bautizo\\\/fotografo-bautizos-leganes#breadcrumb\"},\"inLanguage\":\"es\",\"potentialAction\":[{\"@type\":\"ReadAction\",\"target\":[\"http:\\\/\\\/www.daniperezfotografia.es\\\/wordpress\\\/fotos-de-bautizo\\\/fotografo-bautizos-leganes\"]}]},{\"@type\":\"ImageObject\",\"inLanguage\":\"es\",\"@id\":\"http:\\\/\\\/www.daniperezfotografia.es\\\/wordpress\\\/fotos-de-bautizo\\\/fotografo-bautizos-leganes#primaryimage\",\"url\":\"https:\\\/\\\/www.daniperezfotografia.es\\\/wordpress\\\/wp-content\\\/uploads\\\/2016\\\/04\\\/bautizo-valeria-leganes-1100x732.jpg\",\"contentUrl\":\"https:\\\/\\\/www.daniperezfotografia.es\\\/wordpress\\\/wp-content\\\/uploads\\\/2016\\\/04\\\/bautizo-valeria-leganes-1100x732.jpg\",\"width\":1100,\"height\":732,\"caption\":\"bautizo en leganes\"},{\"@type\":\"BreadcrumbList\",\"@id\":\"http:\\\/\\\/www.daniperezfotografia.es\\\/wordpress\\\/fotos-de-bautizo\\\/fotografo-bautizos-leganes#breadcrumb\",\"itemListElement\":[{\"@type\":\"ListItem\",\"position\":1,\"name\":\"Portada\",\"item\":\"https:\\\/\\\/www.daniperezfotografia.es\\\/wordpress\\\/\"},{\"@type\":\"ListItem\",\"position\":2,\"name\":\"Fotografo de bautizos en Leganes\"}]},{\"@type\":\"WebSite\",\"@id\":\"https:\\\/\\\/www.daniperezfotografia.es\\\/wordpress\\\/#website\",\"url\":\"https:\\\/\\\/www.daniperezfotografia.es\\\/wordpress\\\/\",\"name\":\"Dani Perez Fotografia | Fotografo Profesional en Madrid\",\"description\":\"Reportajes de bodas, bautizos, comuniones y sesiones de familia para particulares. Eventos, conferencias y retrato corporativo para empresas. Video de conferencias\",\"publisher\":{\"@id\":\"https:\\\/\\\/www.daniperezfotografia.es\\\/wordpress\\\/#organization\"},\"potentialAction\":[{\"@type\":\"SearchAction\",\"target\":{\"@type\":\"EntryPoint\",\"urlTemplate\":\"https:\\\/\\\/www.daniperezfotografia.es\\\/wordpress\\\/?s={search_term_string}\"},\"query-input\":{\"@type\":\"PropertyValueSpecification\",\"valueRequired\":true,\"valueName\":\"search_term_string\"}}],\"inLanguage\":\"es\"},{\"@type\":\"Organization\",\"@id\":\"https:\\\/\\\/www.daniperezfotografia.es\\\/wordpress\\\/#organization\",\"name\":\"Dani Perez Fotografia y Video\",\"url\":\"https:\\\/\\\/www.daniperezfotografia.es\\\/wordpress\\\/\",\"logo\":{\"@type\":\"ImageObject\",\"inLanguage\":\"es\",\"@id\":\"https:\\\/\\\/www.daniperezfotografia.es\\\/wordpress\\\/#\\\/schema\\\/logo\\\/image\\\/\",\"url\":\"\",\"contentUrl\":\"\",\"caption\":\"Dani Perez Fotografia y Video\"},\"image\":{\"@id\":\"https:\\\/\\\/www.daniperezfotografia.es\\\/wordpress\\\/#\\\/schema\\\/logo\\\/image\\\/\"},\"sameAs\":[\"https:\\\/\\\/www.facebook.com\\\/daniperezfotografia\",\"https:\\\/\\\/x.com\\\/daniperezfoto\",\"https:\\\/\\\/instagram.com\\\/daniperezfotografia\\\/\",\"https:\\\/\\\/www.linkedin.com\\\/pub\\\/dani-perez-fotografo\\\/b2\\\/3b0\\\/594\"]},{\"@type\":\"Person\",\"@id\":\"https:\\\/\\\/www.daniperezfotografia.es\\\/wordpress\\\/#\\\/schema\\\/person\\\/fd3c30e4e762998d6859e7cb5e31ed65\",\"name\":\"Dani\"}]}<\/script>\n<!-- \/ Yoast SEO plugin. -->","yoast_head_json":{"title":"El mejor reportaje de un Fotografo de bautizos en Leganes","description":"Os invito a ver este reportaje realizado como Fotografo de Bautizos en Leganes. Sesion de preparativos, ceremonia y fotos de familia, bautizo en Leganes","robots":{"index":"index","follow":"follow","max-snippet":"max-snippet:-1","max-image-preview":"max-image-preview:large","max-video-preview":"max-video-preview:-1"},"canonical":"http:\/\/www.daniperezfotografia.es\/wordpress\/fotos-de-bautizo\/fotografo-bautizos-leganes","og_locale":"es_ES","og_type":"article","og_title":"El mejor reportaje de un Fotografo de bautizos en Leganes","og_description":"Os invito a ver este reportaje realizado como Fotografo de Bautizos en Leganes. Sesion de preparativos, ceremonia y fotos de familia, bautizo en Leganes","og_url":"http:\/\/www.daniperezfotografia.es\/wordpress\/fotos-de-bautizo\/fotografo-bautizos-leganes","og_site_name":"Dani Perez Fotografia | Fotografo Profesional en Madrid","article_publisher":"https:\/\/www.facebook.com\/daniperezfotografia","article_published_time":"2016-04-13T12:05:13+00:00","article_modified_time":"2020-05-12T18:44:01+00:00","og_image":[{"width":1100,"height":732,"url":"http:\/\/www.daniperezfotografia.es\/wordpress\/wp-content\/uploads\/2016\/04\/bautizo-valeria-leganes-1100x732.jpg","type":"image\/jpeg"}],"author":"Dani","twitter_card":"summary_large_image","twitter_creator":"@daniperezfoto","twitter_site":"@daniperezfoto","twitter_misc":{"Escrito por":"Dani","Tiempo de lectura":"2 minutos"},"schema":{"@context":"https:\/\/schema.org","@graph":[{"@type":"Article","@id":"http:\/\/www.daniperezfotografia.es\/wordpress\/fotos-de-bautizo\/fotografo-bautizos-leganes#article","isPartOf":{"@id":"http:\/\/www.daniperezfotografia.es\/wordpress\/fotos-de-bautizo\/fotografo-bautizos-leganes"},"author":{"name":"Dani","@id":"https:\/\/www.daniperezfotografia.es\/wordpress\/#\/schema\/person\/fd3c30e4e762998d6859e7cb5e31ed65"},"headline":"Fotografo de bautizos en Leganes","datePublished":"2016-04-13T12:05:13+00:00","dateModified":"2020-05-12T18:44:01+00:00","mainEntityOfPage":{"@id":"http:\/\/www.daniperezfotografia.es\/wordpress\/fotos-de-bautizo\/fotografo-bautizos-leganes"},"wordCount":480,"publisher":{"@id":"https:\/\/www.daniperezfotografia.es\/wordpress\/#organization"},"image":{"@id":"http:\/\/www.daniperezfotografia.es\/wordpress\/fotos-de-bautizo\/fotografo-bautizos-leganes#primaryimage"},"thumbnailUrl":"https:\/\/www.daniperezfotografia.es\/wordpress\/wp-content\/uploads\/2016\/04\/bautizo-valeria-leganes-1100x732.jpg","keywords":["bautizo"],"articleSection":["Reportajes de Fotos de Bautizo en Madrid"],"inLanguage":"es"},{"@type":"WebPage","@id":"http:\/\/www.daniperezfotografia.es\/wordpress\/fotos-de-bautizo\/fotografo-bautizos-leganes","url":"http:\/\/www.daniperezfotografia.es\/wordpress\/fotos-de-bautizo\/fotografo-bautizos-leganes","name":"El mejor reportaje de un Fotografo de bautizos en Leganes","isPartOf":{"@id":"https:\/\/www.daniperezfotografia.es\/wordpress\/#website"},"primaryImageOfPage":{"@id":"http:\/\/www.daniperezfotografia.es\/wordpress\/fotos-de-bautizo\/fotografo-bautizos-leganes#primaryimage"},"image":{"@id":"http:\/\/www.daniperezfotografia.es\/wordpress\/fotos-de-bautizo\/fotografo-bautizos-leganes#primaryimage"},"thumbnailUrl":"https:\/\/www.daniperezfotografia.es\/wordpress\/wp-content\/uploads\/2016\/04\/bautizo-valeria-leganes-1100x732.jpg","datePublished":"2016-04-13T12:05:13+00:00","dateModified":"2020-05-12T18:44:01+00:00","description":"Os invito a ver este reportaje realizado como Fotografo de Bautizos en Leganes. Sesion de preparativos, ceremonia y fotos de familia, bautizo en Leganes","breadcrumb":{"@id":"http:\/\/www.daniperezfotografia.es\/wordpress\/fotos-de-bautizo\/fotografo-bautizos-leganes#breadcrumb"},"inLanguage":"es","potentialAction":[{"@type":"ReadAction","target":["http:\/\/www.daniperezfotografia.es\/wordpress\/fotos-de-bautizo\/fotografo-bautizos-leganes"]}]},{"@type":"ImageObject","inLanguage":"es","@id":"http:\/\/www.daniperezfotografia.es\/wordpress\/fotos-de-bautizo\/fotografo-bautizos-leganes#primaryimage","url":"https:\/\/www.daniperezfotografia.es\/wordpress\/wp-content\/uploads\/2016\/04\/bautizo-valeria-leganes-1100x732.jpg","contentUrl":"https:\/\/www.daniperezfotografia.es\/wordpress\/wp-content\/uploads\/2016\/04\/bautizo-valeria-leganes-1100x732.jpg","width":1100,"height":732,"caption":"bautizo en leganes"},{"@type":"BreadcrumbList","@id":"http:\/\/www.daniperezfotografia.es\/wordpress\/fotos-de-bautizo\/fotografo-bautizos-leganes#breadcrumb","itemListElement":[{"@type":"ListItem","position":1,"name":"Portada","item":"https:\/\/www.daniperezfotografia.es\/wordpress\/"},{"@type":"ListItem","position":2,"name":"Fotografo de bautizos en Leganes"}]},{"@type":"WebSite","@id":"https:\/\/www.daniperezfotografia.es\/wordpress\/#website","url":"https:\/\/www.daniperezfotografia.es\/wordpress\/","name":"Dani Perez Fotografia | Fotografo Profesional en Madrid","description":"Reportajes de bodas, bautizos, comuniones y sesiones de familia para particulares. Eventos, conferencias y retrato corporativo para empresas. Video de conferencias","publisher":{"@id":"https:\/\/www.daniperezfotografia.es\/wordpress\/#organization"},"potentialAction":[{"@type":"SearchAction","target":{"@type":"EntryPoint","urlTemplate":"https:\/\/www.daniperezfotografia.es\/wordpress\/?s={search_term_string}"},"query-input":{"@type":"PropertyValueSpecification","valueRequired":true,"valueName":"search_term_string"}}],"inLanguage":"es"},{"@type":"Organization","@id":"https:\/\/www.daniperezfotografia.es\/wordpress\/#organization","name":"Dani Perez Fotografia y Video","url":"https:\/\/www.daniperezfotografia.es\/wordpress\/","logo":{"@type":"ImageObject","inLanguage":"es","@id":"https:\/\/www.daniperezfotografia.es\/wordpress\/#\/schema\/logo\/image\/","url":"","contentUrl":"","caption":"Dani Perez Fotografia y Video"},"image":{"@id":"https:\/\/www.daniperezfotografia.es\/wordpress\/#\/schema\/logo\/image\/"},"sameAs":["https:\/\/www.facebook.com\/daniperezfotografia","https:\/\/x.com\/daniperezfoto","https:\/\/instagram.com\/daniperezfotografia\/","https:\/\/www.linkedin.com\/pub\/dani-perez-fotografo\/b2\/3b0\/594"]},{"@type":"Person","@id":"https:\/\/www.daniperezfotografia.es\/wordpress\/#\/schema\/person\/fd3c30e4e762998d6859e7cb5e31ed65","name":"Dani"}]}},"_links":{"self":[{"href":"https:\/\/www.daniperezfotografia.es\/wordpress\/wp-json\/wp\/v2\/posts\/10491","targetHints":{"allow":["GET"]}}],"collection":[{"href":"https:\/\/www.daniperezfotografia.es\/wordpress\/wp-json\/wp\/v2\/posts"}],"about":[{"href":"https:\/\/www.daniperezfotografia.es\/wordpress\/wp-json\/wp\/v2\/types\/post"}],"author":[{"embeddable":true,"href":"https:\/\/www.daniperezfotografia.es\/wordpress\/wp-json\/wp\/v2\/users\/3"}],"replies":[{"embeddable":true,"href":"https:\/\/www.daniperezfotografia.es\/wordpress\/wp-json\/wp\/v2\/comments?post=10491"}],"version-history":[{"count":3,"href":"https:\/\/www.daniperezfotografia.es\/wordpress\/wp-json\/wp\/v2\/posts\/10491\/revisions"}],"predecessor-version":[{"id":13229,"href":"https:\/\/www.daniperezfotografia.es\/wordpress\/wp-json\/wp\/v2\/posts\/10491\/revisions\/13229"}],"wp:featuredmedia":[{"embeddable":true,"href":"https:\/\/www.daniperezfotografia.es\/wordpress\/wp-json\/wp\/v2\/media\/11236"}],"wp:attachment":[{"href":"https:\/\/www.daniperezfotografia.es\/wordpress\/wp-json\/wp\/v2\/media?parent=10491"}],"wp:term":[{"taxonomy":"category","embeddable":true,"href":"https:\/\/www.daniperezfotografia.es\/wordpress\/wp-json\/wp\/v2\/categories?post=10491"},{"taxonomy":"post_tag","embeddable":true,"href":"https:\/\/www.daniperezfotografia.es\/wordpress\/wp-json\/wp\/v2\/tags?post=10491"}],"curies":[{"name":"wp","href":"https:\/\/api.w.org\/{rel}","templated":true}]}}