{"id":10137,"date":"2015-11-30T22:19:38","date_gmt":"2015-11-30T21:19:38","guid":{"rendered":"http:\/\/www.daniperezfotografia.es\/wordpress\/?p=10137"},"modified":"2020-05-18T14:38:51","modified_gmt":"2020-05-18T13:38:51","slug":"fotografo-de-bautizos-en-santa-maria-del-silencio","status":"publish","type":"post","link":"https:\/\/www.daniperezfotografia.es\/wordpress\/fotos-de-bautizo\/fotografo-de-bautizos-en-santa-maria-del-silencio","title":{"rendered":"Bautizos en Santa Maria del Silencio"},"content":{"rendered":"<h2 style=\"text-align: center;\"><\/h2>\n<p style=\"text-align: center;\">Gracias por visitar este\u00a0trabajo como fot\u00f3grafo de bautizos en Madrid, hoy os presento a Pablo. Comenzamos el reportaje en su casa, con la\u00a0sesi\u00f3n de preparativos del bautizo. Los detalles, la sesi\u00f3n de beb\u00e9 y fotos de nuestro peque\u00f1o junto a papa y mama. Para la ceremonia, nos desplazamos a <a href=\"http:\/\/www.stamsilencio.com\/\" target=\"_blank\" rel=\"noopener noreferrer\">Santa Mar\u00eda del Silencio<\/a>, una iglesia con un ambiente especial, ya que las ceremonias religiosas pueden seguirlas personas sordas, mudas, sordomudas, incluso sordociegas, ya que tanto los p\u00e1rrocos como las personas que asisten a o\u00edr misa, traducen al lenguaje de signos las palabras del oficio.<\/p>\n<p style=\"text-align: center;\">Sin m\u00e1s os dejo con algunas de mis im\u00e1genes favoritas realizadas como fot\u00f3grafo de bautizos.<\/p>\n<p><img loading=\"lazy\" decoding=\"async\" class=\"aligncenter wp-image-10140 size-full\" src=\"http:\/\/www.daniperezfotografia.es\/wordpress\/wp-content\/uploads\/2015\/11\/30-10137-post\/fotografo-de-bautizos-santa-maria-del-silencio-en-madrid-04.jpg\" alt=\"Fotografo de bautizos en Santa Maria del Silencio\" width=\"900\" height=\"600\" srcset=\"https:\/\/www.daniperezfotografia.es\/wordpress\/wp-content\/uploads\/2015\/11\/30-10137-post\/fotografo-de-bautizos-santa-maria-del-silencio-en-madrid-04.jpg 900w, https:\/\/www.daniperezfotografia.es\/wordpress\/wp-content\/uploads\/2015\/11\/30-10137-post\/fotografo-de-bautizos-santa-maria-del-silencio-en-madrid-04-750x500.jpg 750w, https:\/\/www.daniperezfotografia.es\/wordpress\/wp-content\/uploads\/2015\/11\/30-10137-post\/fotografo-de-bautizos-santa-maria-del-silencio-en-madrid-04-273x182.jpg 273w, https:\/\/www.daniperezfotografia.es\/wordpress\/wp-content\/uploads\/2015\/11\/30-10137-post\/fotografo-de-bautizos-santa-maria-del-silencio-en-madrid-04-546x364.jpg 546w, https:\/\/www.daniperezfotografia.es\/wordpress\/wp-content\/uploads\/2015\/11\/30-10137-post\/fotografo-de-bautizos-santa-maria-del-silencio-en-madrid-04-736x490.jpg 736w\" sizes=\"auto, (max-width: 900px) 100vw, 900px\" \/><img loading=\"lazy\" decoding=\"async\" class=\"aligncenter size-full wp-image-10141\" src=\"http:\/\/www.daniperezfotografia.es\/wordpress\/wp-content\/uploads\/2015\/11\/30-10137-post\/fotografo-de-bautizos-santa-maria-del-silencio-en-madrid-03.jpg\" alt=\"fotografo de bautizos en madrid\" width=\"900\" height=\"599\" srcset=\"https:\/\/www.daniperezfotografia.es\/wordpress\/wp-content\/uploads\/2015\/11\/30-10137-post\/fotografo-de-bautizos-santa-maria-del-silencio-en-madrid-03.jpg 900w, https:\/\/www.daniperezfotografia.es\/wordpress\/wp-content\/uploads\/2015\/11\/30-10137-post\/fotografo-de-bautizos-santa-maria-del-silencio-en-madrid-03-750x499.jpg 750w\" sizes=\"auto, (max-width: 900px) 100vw, 900px\" \/><img loading=\"lazy\" decoding=\"async\" class=\"aligncenter size-full wp-image-10142\" src=\"http:\/\/www.daniperezfotografia.es\/wordpress\/wp-content\/uploads\/2015\/11\/30-10137-post\/fotografo-de-bautizos-santa-maria-del-silencio-en-madrid-05.jpg\" alt=\"fotografo de bautizos en madrid\" width=\"900\" height=\"599\" srcset=\"https:\/\/www.daniperezfotografia.es\/wordpress\/wp-content\/uploads\/2015\/11\/30-10137-post\/fotografo-de-bautizos-santa-maria-del-silencio-en-madrid-05.jpg 900w, https:\/\/www.daniperezfotografia.es\/wordpress\/wp-content\/uploads\/2015\/11\/30-10137-post\/fotografo-de-bautizos-santa-maria-del-silencio-en-madrid-05-750x499.jpg 750w\" sizes=\"auto, (max-width: 900px) 100vw, 900px\" \/><img loading=\"lazy\" decoding=\"async\" class=\"aligncenter size-full wp-image-10143\" src=\"http:\/\/www.daniperezfotografia.es\/wordpress\/wp-content\/uploads\/2015\/11\/30-10137-post\/fotografo-de-bautizos-santa-maria-del-silencio-en-madrid-01.jpg\" alt=\"fotografo de bautizos en madrid\" width=\"900\" height=\"599\" srcset=\"https:\/\/www.daniperezfotografia.es\/wordpress\/wp-content\/uploads\/2015\/11\/30-10137-post\/fotografo-de-bautizos-santa-maria-del-silencio-en-madrid-01.jpg 900w, https:\/\/www.daniperezfotografia.es\/wordpress\/wp-content\/uploads\/2015\/11\/30-10137-post\/fotografo-de-bautizos-santa-maria-del-silencio-en-madrid-01-750x499.jpg 750w\" sizes=\"auto, (max-width: 900px) 100vw, 900px\" \/><img loading=\"lazy\" decoding=\"async\" class=\"aligncenter wp-image-10144 size-full\" src=\"http:\/\/www.daniperezfotografia.es\/wordpress\/wp-content\/uploads\/2015\/11\/30-10137-post\/fotografo-de-bautizos-santa-maria-del-silencio-en-madrid-06.jpg\" alt=\"Fotografo de bautizos en Santa Maria del Silencio\" width=\"900\" height=\"599\" srcset=\"https:\/\/www.daniperezfotografia.es\/wordpress\/wp-content\/uploads\/2015\/11\/30-10137-post\/fotografo-de-bautizos-santa-maria-del-silencio-en-madrid-06.jpg 900w, https:\/\/www.daniperezfotografia.es\/wordpress\/wp-content\/uploads\/2015\/11\/30-10137-post\/fotografo-de-bautizos-santa-maria-del-silencio-en-madrid-06-750x499.jpg 750w\" sizes=\"auto, (max-width: 900px) 100vw, 900px\" \/><img loading=\"lazy\" decoding=\"async\" class=\"aligncenter wp-image-10145 size-full\" src=\"http:\/\/www.daniperezfotografia.es\/wordpress\/wp-content\/uploads\/2015\/11\/30-10137-post\/fotografo-de-bautizos-santa-maria-del-silencio-en-madrid-07.jpg\" alt=\"Fotografo de bautizos en Santa Maria del Silencio\" width=\"900\" height=\"599\" srcset=\"https:\/\/www.daniperezfotografia.es\/wordpress\/wp-content\/uploads\/2015\/11\/30-10137-post\/fotografo-de-bautizos-santa-maria-del-silencio-en-madrid-07.jpg 900w, https:\/\/www.daniperezfotografia.es\/wordpress\/wp-content\/uploads\/2015\/11\/30-10137-post\/fotografo-de-bautizos-santa-maria-del-silencio-en-madrid-07-750x499.jpg 750w, https:\/\/www.daniperezfotografia.es\/wordpress\/wp-content\/uploads\/2015\/11\/30-10137-post\/fotografo-de-bautizos-santa-maria-del-silencio-en-madrid-07-273x182.jpg 273w, https:\/\/www.daniperezfotografia.es\/wordpress\/wp-content\/uploads\/2015\/11\/30-10137-post\/fotografo-de-bautizos-santa-maria-del-silencio-en-madrid-07-546x364.jpg 546w, https:\/\/www.daniperezfotografia.es\/wordpress\/wp-content\/uploads\/2015\/11\/30-10137-post\/fotografo-de-bautizos-santa-maria-del-silencio-en-madrid-07-736x490.jpg 736w\" sizes=\"auto, (max-width: 900px) 100vw, 900px\" \/><img loading=\"lazy\" decoding=\"async\" class=\"aligncenter size-full wp-image-10146\" src=\"http:\/\/www.daniperezfotografia.es\/wordpress\/wp-content\/uploads\/2015\/11\/30-10137-post\/fotografo-de-bautizos-santa-maria-del-silencio-en-madrid-09.jpg\" alt=\"fotografo de bautizos en madrid\" width=\"900\" height=\"599\" srcset=\"https:\/\/www.daniperezfotografia.es\/wordpress\/wp-content\/uploads\/2015\/11\/30-10137-post\/fotografo-de-bautizos-santa-maria-del-silencio-en-madrid-09.jpg 900w, https:\/\/www.daniperezfotografia.es\/wordpress\/wp-content\/uploads\/2015\/11\/30-10137-post\/fotografo-de-bautizos-santa-maria-del-silencio-en-madrid-09-750x499.jpg 750w\" sizes=\"auto, (max-width: 900px) 100vw, 900px\" \/><img loading=\"lazy\" decoding=\"async\" class=\"aligncenter size-full wp-image-10148\" src=\"http:\/\/www.daniperezfotografia.es\/wordpress\/wp-content\/uploads\/2015\/11\/30-10137-post\/fotografo-de-bautizos-santa-maria-del-silencio-en-madrid-11.jpg\" alt=\"fotografo de bautizos en madrid\" width=\"900\" height=\"600\" srcset=\"https:\/\/www.daniperezfotografia.es\/wordpress\/wp-content\/uploads\/2015\/11\/30-10137-post\/fotografo-de-bautizos-santa-maria-del-silencio-en-madrid-11.jpg 900w, https:\/\/www.daniperezfotografia.es\/wordpress\/wp-content\/uploads\/2015\/11\/30-10137-post\/fotografo-de-bautizos-santa-maria-del-silencio-en-madrid-11-750x500.jpg 750w\" sizes=\"auto, (max-width: 900px) 100vw, 900px\" \/><img loading=\"lazy\" decoding=\"async\" class=\"aligncenter size-full wp-image-10149\" src=\"http:\/\/www.daniperezfotografia.es\/wordpress\/wp-content\/uploads\/2015\/11\/30-10137-post\/fotografo-de-bautizos-santa-maria-del-silencio-en-madrid-12.jpg\" alt=\"fotografo de bautizos en madrid\" width=\"900\" height=\"600\" srcset=\"https:\/\/www.daniperezfotografia.es\/wordpress\/wp-content\/uploads\/2015\/11\/30-10137-post\/fotografo-de-bautizos-santa-maria-del-silencio-en-madrid-12.jpg 900w, https:\/\/www.daniperezfotografia.es\/wordpress\/wp-content\/uploads\/2015\/11\/30-10137-post\/fotografo-de-bautizos-santa-maria-del-silencio-en-madrid-12-750x500.jpg 750w\" sizes=\"auto, (max-width: 900px) 100vw, 900px\" \/><img loading=\"lazy\" decoding=\"async\" class=\"aligncenter size-full wp-image-10150\" src=\"http:\/\/www.daniperezfotografia.es\/wordpress\/wp-content\/uploads\/2015\/11\/30-10137-post\/fotografo-de-bautizos-santa-maria-del-silencio-en-madrid-13.jpg\" alt=\"fotos de bautizo en santa maria del silencio\" width=\"900\" height=\"599\" srcset=\"https:\/\/www.daniperezfotografia.es\/wordpress\/wp-content\/uploads\/2015\/11\/30-10137-post\/fotografo-de-bautizos-santa-maria-del-silencio-en-madrid-13.jpg 900w, https:\/\/www.daniperezfotografia.es\/wordpress\/wp-content\/uploads\/2015\/11\/30-10137-post\/fotografo-de-bautizos-santa-maria-del-silencio-en-madrid-13-750x499.jpg 750w\" sizes=\"auto, (max-width: 900px) 100vw, 900px\" \/><img loading=\"lazy\" decoding=\"async\" class=\"aligncenter size-full wp-image-10151\" src=\"http:\/\/www.daniperezfotografia.es\/wordpress\/wp-content\/uploads\/2015\/11\/30-10137-post\/fotografo-de-bautizos-santa-maria-del-silencio-en-madrid-14.jpg\" alt=\"fotos de bautizo en santa maria del silencio\" width=\"900\" height=\"599\" srcset=\"https:\/\/www.daniperezfotografia.es\/wordpress\/wp-content\/uploads\/2015\/11\/30-10137-post\/fotografo-de-bautizos-santa-maria-del-silencio-en-madrid-14.jpg 900w, https:\/\/www.daniperezfotografia.es\/wordpress\/wp-content\/uploads\/2015\/11\/30-10137-post\/fotografo-de-bautizos-santa-maria-del-silencio-en-madrid-14-750x499.jpg 750w\" sizes=\"auto, (max-width: 900px) 100vw, 900px\" \/><img loading=\"lazy\" decoding=\"async\" class=\"aligncenter size-full wp-image-10152\" src=\"http:\/\/www.daniperezfotografia.es\/wordpress\/wp-content\/uploads\/2015\/11\/30-10137-post\/fotografo-de-bautizos-santa-maria-del-silencio-en-madrid-15.jpg\" alt=\"fotos de bautizo en santa maria del silencio\" width=\"900\" height=\"599\" srcset=\"https:\/\/www.daniperezfotografia.es\/wordpress\/wp-content\/uploads\/2015\/11\/30-10137-post\/fotografo-de-bautizos-santa-maria-del-silencio-en-madrid-15.jpg 900w, https:\/\/www.daniperezfotografia.es\/wordpress\/wp-content\/uploads\/2015\/11\/30-10137-post\/fotografo-de-bautizos-santa-maria-del-silencio-en-madrid-15-750x499.jpg 750w\" sizes=\"auto, (max-width: 900px) 100vw, 900px\" \/><img loading=\"lazy\" decoding=\"async\" class=\"aligncenter size-full wp-image-10153\" src=\"http:\/\/www.daniperezfotografia.es\/wordpress\/wp-content\/uploads\/2015\/11\/30-10137-post\/fotografo-de-bautizos-santa-maria-del-silencio-en-madrid-16.jpg\" alt=\"fotos de bautizo en santa maria del silencio\" width=\"900\" height=\"599\" srcset=\"https:\/\/www.daniperezfotografia.es\/wordpress\/wp-content\/uploads\/2015\/11\/30-10137-post\/fotografo-de-bautizos-santa-maria-del-silencio-en-madrid-16.jpg 900w, https:\/\/www.daniperezfotografia.es\/wordpress\/wp-content\/uploads\/2015\/11\/30-10137-post\/fotografo-de-bautizos-santa-maria-del-silencio-en-madrid-16-750x499.jpg 750w\" sizes=\"auto, (max-width: 900px) 100vw, 900px\" \/><img loading=\"lazy\" decoding=\"async\" class=\"aligncenter size-full wp-image-10154\" src=\"http:\/\/www.daniperezfotografia.es\/wordpress\/wp-content\/uploads\/2015\/11\/30-10137-post\/fotografo-de-bautizos-santa-maria-del-silencio-en-madrid-17.jpg\" alt=\"fotos de bautizo en santa maria del silencio\" width=\"900\" height=\"600\" srcset=\"https:\/\/www.daniperezfotografia.es\/wordpress\/wp-content\/uploads\/2015\/11\/30-10137-post\/fotografo-de-bautizos-santa-maria-del-silencio-en-madrid-17.jpg 900w, https:\/\/www.daniperezfotografia.es\/wordpress\/wp-content\/uploads\/2015\/11\/30-10137-post\/fotografo-de-bautizos-santa-maria-del-silencio-en-madrid-17-750x500.jpg 750w\" sizes=\"auto, (max-width: 900px) 100vw, 900px\" \/><img loading=\"lazy\" decoding=\"async\" class=\"aligncenter size-full wp-image-10155\" src=\"http:\/\/www.daniperezfotografia.es\/wordpress\/wp-content\/uploads\/2015\/11\/30-10137-post\/fotografo-de-bautizos-santa-maria-del-silencio-en-madrid-19.jpg\" alt=\"fotos de bautizo en santa maria del silencio\" width=\"900\" height=\"600\" srcset=\"https:\/\/www.daniperezfotografia.es\/wordpress\/wp-content\/uploads\/2015\/11\/30-10137-post\/fotografo-de-bautizos-santa-maria-del-silencio-en-madrid-19.jpg 900w, https:\/\/www.daniperezfotografia.es\/wordpress\/wp-content\/uploads\/2015\/11\/30-10137-post\/fotografo-de-bautizos-santa-maria-del-silencio-en-madrid-19-750x500.jpg 750w\" sizes=\"auto, (max-width: 900px) 100vw, 900px\" \/><img loading=\"lazy\" decoding=\"async\" class=\"aligncenter size-full wp-image-10156\" src=\"http:\/\/www.daniperezfotografia.es\/wordpress\/wp-content\/uploads\/2015\/11\/30-10137-post\/fotografo-de-bautizos-santa-maria-del-silencio-en-madrid-20.jpg\" alt=\"fotos de bautizo en santa maria del silencio\" width=\"900\" height=\"600\" srcset=\"https:\/\/www.daniperezfotografia.es\/wordpress\/wp-content\/uploads\/2015\/11\/30-10137-post\/fotografo-de-bautizos-santa-maria-del-silencio-en-madrid-20.jpg 900w, https:\/\/www.daniperezfotografia.es\/wordpress\/wp-content\/uploads\/2015\/11\/30-10137-post\/fotografo-de-bautizos-santa-maria-del-silencio-en-madrid-20-750x500.jpg 750w\" sizes=\"auto, (max-width: 900px) 100vw, 900px\" \/><img loading=\"lazy\" decoding=\"async\" class=\"aligncenter wp-image-10158 size-full\" src=\"http:\/\/www.daniperezfotografia.es\/wordpress\/wp-content\/uploads\/2015\/11\/30-10137-post\/fotografo-de-bautizos-santa-maria-del-silencio-en-madrid-22.jpg\" alt=\"Fotografo de bautizos en Santa Maria del Silencio\" width=\"900\" height=\"600\" srcset=\"https:\/\/www.daniperezfotografia.es\/wordpress\/wp-content\/uploads\/2015\/11\/30-10137-post\/fotografo-de-bautizos-santa-maria-del-silencio-en-madrid-22.jpg 900w, https:\/\/www.daniperezfotografia.es\/wordpress\/wp-content\/uploads\/2015\/11\/30-10137-post\/fotografo-de-bautizos-santa-maria-del-silencio-en-madrid-22-750x500.jpg 750w\" sizes=\"auto, (max-width: 900px) 100vw, 900px\" \/><img loading=\"lazy\" decoding=\"async\" class=\"aligncenter wp-image-10159 size-full\" src=\"http:\/\/www.daniperezfotografia.es\/wordpress\/wp-content\/uploads\/2015\/11\/30-10137-post\/fotografo-de-bautizos-santa-maria-del-silencio-en-madrid-23.jpg\" alt=\"Fotografo de bautizos en Santa Maria del Silencio\" width=\"900\" height=\"600\" srcset=\"https:\/\/www.daniperezfotografia.es\/wordpress\/wp-content\/uploads\/2015\/11\/30-10137-post\/fotografo-de-bautizos-santa-maria-del-silencio-en-madrid-23.jpg 900w, https:\/\/www.daniperezfotografia.es\/wordpress\/wp-content\/uploads\/2015\/11\/30-10137-post\/fotografo-de-bautizos-santa-maria-del-silencio-en-madrid-23-750x500.jpg 750w\" sizes=\"auto, (max-width: 900px) 100vw, 900px\" \/><img loading=\"lazy\" decoding=\"async\" class=\"aligncenter size-full wp-image-10160\" src=\"http:\/\/www.daniperezfotografia.es\/wordpress\/wp-content\/uploads\/2015\/11\/30-10137-post\/fotografo-de-bautizos-santa-maria-del-silencio-en-madrid-24.jpg\" alt=\"fotos de bautizo en santa maria del silencio\" width=\"900\" height=\"600\" srcset=\"https:\/\/www.daniperezfotografia.es\/wordpress\/wp-content\/uploads\/2015\/11\/30-10137-post\/fotografo-de-bautizos-santa-maria-del-silencio-en-madrid-24.jpg 900w, https:\/\/www.daniperezfotografia.es\/wordpress\/wp-content\/uploads\/2015\/11\/30-10137-post\/fotografo-de-bautizos-santa-maria-del-silencio-en-madrid-24-750x500.jpg 750w\" sizes=\"auto, (max-width: 900px) 100vw, 900px\" \/><img loading=\"lazy\" decoding=\"async\" class=\"aligncenter size-full wp-image-10162\" src=\"http:\/\/www.daniperezfotografia.es\/wordpress\/wp-content\/uploads\/2015\/11\/30-10137-post\/fotografo-de-bautizos-santa-maria-del-silencio-en-madrid-27.jpg\" alt=\"fotos de bautizo en santa maria del silencio\" width=\"900\" height=\"599\" srcset=\"https:\/\/www.daniperezfotografia.es\/wordpress\/wp-content\/uploads\/2015\/11\/30-10137-post\/fotografo-de-bautizos-santa-maria-del-silencio-en-madrid-27.jpg 900w, https:\/\/www.daniperezfotografia.es\/wordpress\/wp-content\/uploads\/2015\/11\/30-10137-post\/fotografo-de-bautizos-santa-maria-del-silencio-en-madrid-27-750x499.jpg 750w\" sizes=\"auto, (max-width: 900px) 100vw, 900px\" \/><img loading=\"lazy\" decoding=\"async\" class=\"aligncenter size-full wp-image-10161\" src=\"http:\/\/www.daniperezfotografia.es\/wordpress\/wp-content\/uploads\/2015\/11\/30-10137-post\/fotografo-de-bautizos-santa-maria-del-silencio-en-madrid-28.jpg\" alt=\"fotos de bautizo en santa maria del silencio\" width=\"900\" height=\"600\" srcset=\"https:\/\/www.daniperezfotografia.es\/wordpress\/wp-content\/uploads\/2015\/11\/30-10137-post\/fotografo-de-bautizos-santa-maria-del-silencio-en-madrid-28.jpg 900w, https:\/\/www.daniperezfotografia.es\/wordpress\/wp-content\/uploads\/2015\/11\/30-10137-post\/fotografo-de-bautizos-santa-maria-del-silencio-en-madrid-28-750x500.jpg 750w\" sizes=\"auto, (max-width: 900px) 100vw, 900px\" \/><img loading=\"lazy\" decoding=\"async\" class=\"aligncenter size-full wp-image-10163\" src=\"http:\/\/www.daniperezfotografia.es\/wordpress\/wp-content\/uploads\/2015\/11\/30-10137-post\/fotografo-de-bautizos-santa-maria-del-silencio-en-madrid-29.jpg\" alt=\"fotos de bautizo en santa maria del silencio\" width=\"900\" height=\"600\" srcset=\"https:\/\/www.daniperezfotografia.es\/wordpress\/wp-content\/uploads\/2015\/11\/30-10137-post\/fotografo-de-bautizos-santa-maria-del-silencio-en-madrid-29.jpg 900w, https:\/\/www.daniperezfotografia.es\/wordpress\/wp-content\/uploads\/2015\/11\/30-10137-post\/fotografo-de-bautizos-santa-maria-del-silencio-en-madrid-29-750x500.jpg 750w\" sizes=\"auto, (max-width: 900px) 100vw, 900px\" \/><img loading=\"lazy\" decoding=\"async\" class=\"aligncenter wp-image-10164 size-full\" src=\"http:\/\/www.daniperezfotografia.es\/wordpress\/wp-content\/uploads\/2015\/11\/30-10137-post\/fotografo-de-bautizos-santa-maria-del-silencio-en-madrid-30.jpg\" alt=\"Fotografo de bautizos en Santa Maria del Silencio\" width=\"900\" height=\"600\" srcset=\"https:\/\/www.daniperezfotografia.es\/wordpress\/wp-content\/uploads\/2015\/11\/30-10137-post\/fotografo-de-bautizos-santa-maria-del-silencio-en-madrid-30.jpg 900w, https:\/\/www.daniperezfotografia.es\/wordpress\/wp-content\/uploads\/2015\/11\/30-10137-post\/fotografo-de-bautizos-santa-maria-del-silencio-en-madrid-30-750x500.jpg 750w\" sizes=\"auto, (max-width: 900px) 100vw, 900px\" \/><\/p>\n","protected":false},"excerpt":{"rendered":"<p>Reportaje de fotos de bautizo con los preparativos en casa de nuestro peque\u00f1o protagonista y ceremonia en la Iglesia de Santa Maria del Silencio<\/p>\n","protected":false},"author":1,"featured_media":11215,"comment_status":"open","ping_status":"open","sticky":false,"template":"","format":"standard","meta":{"footnotes":""},"categories":[668],"tags":[631,917],"class_list":["post-10137","post","type-post","status-publish","format-standard","has-post-thumbnail","hentry","category-fotos-de-bautizo","tag-bautizo","tag-parroquia-de-santa-maria-del-silencio"],"blocksy_meta":{"styles_descriptor":{"styles":{"desktop":"","tablet":"","mobile":""},"google_fonts":[],"version":6}},"yoast_head":"<!-- This site is optimized with the Yoast SEO plugin v27.4 - https:\/\/yoast.com\/product\/yoast-seo-wordpress\/ -->\n<title>Bautizos en Santa Maria del Silencio<\/title>\n<meta name=\"description\" content=\"Reportaje de fotos de bautizo. Sesi\u00f3n de preparativos en casa de nuestro peque\u00f1o protagonista y ceremonia de bautizo en Santa Maria del Silencio\" \/>\n<meta name=\"robots\" content=\"index, follow, max-snippet:-1, max-image-preview:large, max-video-preview:-1\" \/>\n<link rel=\"canonical\" href=\"http:\/\/www.daniperezfotografia.es\/wordpress\/fotos-de-bautizo\/fotografo-de-bautizos-en-santa-maria-del-silencio\" \/>\n<meta property=\"og:locale\" content=\"es_ES\" \/>\n<meta property=\"og:type\" content=\"article\" \/>\n<meta property=\"og:title\" content=\"Bautizos en Santa Maria del Silencio\" \/>\n<meta property=\"og:description\" content=\"Reportaje de fotos de bautizo. Sesi\u00f3n de preparativos en casa de nuestro peque\u00f1o protagonista y ceremonia de bautizo en Santa Maria del Silencio\" \/>\n<meta property=\"og:url\" content=\"http:\/\/www.daniperezfotografia.es\/wordpress\/fotos-de-bautizo\/fotografo-de-bautizos-en-santa-maria-del-silencio\" \/>\n<meta property=\"og:site_name\" content=\"Dani Perez Fotografia | Fotografo Profesional en Madrid\" \/>\n<meta property=\"article:publisher\" content=\"https:\/\/www.facebook.com\/daniperezfotografia\" \/>\n<meta property=\"article:author\" content=\"https:\/\/www.facebook.com\/daniperezfotografia\" \/>\n<meta property=\"article:published_time\" content=\"2015-11-30T21:19:38+00:00\" \/>\n<meta property=\"article:modified_time\" content=\"2020-05-18T13:38:51+00:00\" \/>\n<meta property=\"og:image\" content=\"http:\/\/www.daniperezfotografia.es\/wordpress\/wp-content\/uploads\/2015\/11\/pablo-bautizo-parroquia-santa-maria-silencio-1100.jpg\" \/>\n\t<meta property=\"og:image:width\" content=\"1100\" \/>\n\t<meta property=\"og:image:height\" content=\"732\" \/>\n\t<meta property=\"og:image:type\" content=\"image\/jpeg\" \/>\n<meta name=\"author\" content=\"Dani\" \/>\n<meta name=\"twitter:card\" content=\"summary_large_image\" \/>\n<meta name=\"twitter:creator\" content=\"@daniperezfoto\" \/>\n<meta name=\"twitter:site\" content=\"@daniperezfoto\" \/>\n<meta name=\"twitter:label1\" content=\"Escrito por\" \/>\n\t<meta name=\"twitter:data1\" content=\"Dani\" \/>\n\t<meta name=\"twitter:label2\" content=\"Tiempo de lectura\" \/>\n\t<meta name=\"twitter:data2\" content=\"1 minuto\" \/>\n<script type=\"application\/ld+json\" class=\"yoast-schema-graph\">{\"@context\":\"https:\\\/\\\/schema.org\",\"@graph\":[{\"@type\":\"Article\",\"@id\":\"http:\\\/\\\/www.daniperezfotografia.es\\\/wordpress\\\/fotos-de-bautizo\\\/fotografo-de-bautizos-en-santa-maria-del-silencio#article\",\"isPartOf\":{\"@id\":\"http:\\\/\\\/www.daniperezfotografia.es\\\/wordpress\\\/fotos-de-bautizo\\\/fotografo-de-bautizos-en-santa-maria-del-silencio\"},\"author\":{\"name\":\"Dani\",\"@id\":\"https:\\\/\\\/www.daniperezfotografia.es\\\/wordpress\\\/#\\\/schema\\\/person\\\/e182c086037e8185dcc7e99e2c589a63\"},\"headline\":\"Bautizos en Santa Maria del Silencio\",\"datePublished\":\"2015-11-30T21:19:38+00:00\",\"dateModified\":\"2020-05-18T13:38:51+00:00\",\"mainEntityOfPage\":{\"@id\":\"http:\\\/\\\/www.daniperezfotografia.es\\\/wordpress\\\/fotos-de-bautizo\\\/fotografo-de-bautizos-en-santa-maria-del-silencio\"},\"wordCount\":127,\"commentCount\":0,\"publisher\":{\"@id\":\"https:\\\/\\\/www.daniperezfotografia.es\\\/wordpress\\\/#organization\"},\"image\":{\"@id\":\"http:\\\/\\\/www.daniperezfotografia.es\\\/wordpress\\\/fotos-de-bautizo\\\/fotografo-de-bautizos-en-santa-maria-del-silencio#primaryimage\"},\"thumbnailUrl\":\"https:\\\/\\\/www.daniperezfotografia.es\\\/wordpress\\\/wp-content\\\/uploads\\\/2015\\\/11\\\/pablo-bautizo-parroquia-santa-maria-silencio-1100.jpg\",\"keywords\":[\"bautizo\",\"Parroquia de Santa Mar\u00eda del Silencio\"],\"articleSection\":[\"Reportajes de Fotos de Bautizo en Madrid\"],\"inLanguage\":\"es\",\"potentialAction\":[{\"@type\":\"CommentAction\",\"name\":\"Comment\",\"target\":[\"http:\\\/\\\/www.daniperezfotografia.es\\\/wordpress\\\/fotos-de-bautizo\\\/fotografo-de-bautizos-en-santa-maria-del-silencio#respond\"]}]},{\"@type\":\"WebPage\",\"@id\":\"http:\\\/\\\/www.daniperezfotografia.es\\\/wordpress\\\/fotos-de-bautizo\\\/fotografo-de-bautizos-en-santa-maria-del-silencio\",\"url\":\"http:\\\/\\\/www.daniperezfotografia.es\\\/wordpress\\\/fotos-de-bautizo\\\/fotografo-de-bautizos-en-santa-maria-del-silencio\",\"name\":\"Bautizos en Santa Maria del Silencio\",\"isPartOf\":{\"@id\":\"https:\\\/\\\/www.daniperezfotografia.es\\\/wordpress\\\/#website\"},\"primaryImageOfPage\":{\"@id\":\"http:\\\/\\\/www.daniperezfotografia.es\\\/wordpress\\\/fotos-de-bautizo\\\/fotografo-de-bautizos-en-santa-maria-del-silencio#primaryimage\"},\"image\":{\"@id\":\"http:\\\/\\\/www.daniperezfotografia.es\\\/wordpress\\\/fotos-de-bautizo\\\/fotografo-de-bautizos-en-santa-maria-del-silencio#primaryimage\"},\"thumbnailUrl\":\"https:\\\/\\\/www.daniperezfotografia.es\\\/wordpress\\\/wp-content\\\/uploads\\\/2015\\\/11\\\/pablo-bautizo-parroquia-santa-maria-silencio-1100.jpg\",\"datePublished\":\"2015-11-30T21:19:38+00:00\",\"dateModified\":\"2020-05-18T13:38:51+00:00\",\"description\":\"Reportaje de fotos de bautizo. Sesi\u00f3n de preparativos en casa de nuestro peque\u00f1o protagonista y ceremonia de bautizo en Santa Maria del Silencio\",\"breadcrumb\":{\"@id\":\"http:\\\/\\\/www.daniperezfotografia.es\\\/wordpress\\\/fotos-de-bautizo\\\/fotografo-de-bautizos-en-santa-maria-del-silencio#breadcrumb\"},\"inLanguage\":\"es\",\"potentialAction\":[{\"@type\":\"ReadAction\",\"target\":[\"http:\\\/\\\/www.daniperezfotografia.es\\\/wordpress\\\/fotos-de-bautizo\\\/fotografo-de-bautizos-en-santa-maria-del-silencio\"]}]},{\"@type\":\"ImageObject\",\"inLanguage\":\"es\",\"@id\":\"http:\\\/\\\/www.daniperezfotografia.es\\\/wordpress\\\/fotos-de-bautizo\\\/fotografo-de-bautizos-en-santa-maria-del-silencio#primaryimage\",\"url\":\"https:\\\/\\\/www.daniperezfotografia.es\\\/wordpress\\\/wp-content\\\/uploads\\\/2015\\\/11\\\/pablo-bautizo-parroquia-santa-maria-silencio-1100.jpg\",\"contentUrl\":\"https:\\\/\\\/www.daniperezfotografia.es\\\/wordpress\\\/wp-content\\\/uploads\\\/2015\\\/11\\\/pablo-bautizo-parroquia-santa-maria-silencio-1100.jpg\",\"width\":1100,\"height\":732,\"caption\":\"bautizo parroquia santa maria del silencio\"},{\"@type\":\"BreadcrumbList\",\"@id\":\"http:\\\/\\\/www.daniperezfotografia.es\\\/wordpress\\\/fotos-de-bautizo\\\/fotografo-de-bautizos-en-santa-maria-del-silencio#breadcrumb\",\"itemListElement\":[{\"@type\":\"ListItem\",\"position\":1,\"name\":\"Portada\",\"item\":\"https:\\\/\\\/www.daniperezfotografia.es\\\/wordpress\\\/\"},{\"@type\":\"ListItem\",\"position\":2,\"name\":\"Bautizos en Santa Maria del Silencio\"}]},{\"@type\":\"WebSite\",\"@id\":\"https:\\\/\\\/www.daniperezfotografia.es\\\/wordpress\\\/#website\",\"url\":\"https:\\\/\\\/www.daniperezfotografia.es\\\/wordpress\\\/\",\"name\":\"Dani Perez Fotografia | Fotografo Profesional en Madrid\",\"description\":\"Reportajes de bodas, bautizos, comuniones y sesiones de familia para particulares. Eventos, conferencias y retrato corporativo para empresas. Video de conferencias\",\"publisher\":{\"@id\":\"https:\\\/\\\/www.daniperezfotografia.es\\\/wordpress\\\/#organization\"},\"potentialAction\":[{\"@type\":\"SearchAction\",\"target\":{\"@type\":\"EntryPoint\",\"urlTemplate\":\"https:\\\/\\\/www.daniperezfotografia.es\\\/wordpress\\\/?s={search_term_string}\"},\"query-input\":{\"@type\":\"PropertyValueSpecification\",\"valueRequired\":true,\"valueName\":\"search_term_string\"}}],\"inLanguage\":\"es\"},{\"@type\":\"Organization\",\"@id\":\"https:\\\/\\\/www.daniperezfotografia.es\\\/wordpress\\\/#organization\",\"name\":\"Dani Perez Fotografia y Video\",\"url\":\"https:\\\/\\\/www.daniperezfotografia.es\\\/wordpress\\\/\",\"logo\":{\"@type\":\"ImageObject\",\"inLanguage\":\"es\",\"@id\":\"https:\\\/\\\/www.daniperezfotografia.es\\\/wordpress\\\/#\\\/schema\\\/logo\\\/image\\\/\",\"url\":\"\",\"contentUrl\":\"\",\"caption\":\"Dani Perez Fotografia y Video\"},\"image\":{\"@id\":\"https:\\\/\\\/www.daniperezfotografia.es\\\/wordpress\\\/#\\\/schema\\\/logo\\\/image\\\/\"},\"sameAs\":[\"https:\\\/\\\/www.facebook.com\\\/daniperezfotografia\",\"https:\\\/\\\/x.com\\\/daniperezfoto\",\"https:\\\/\\\/instagram.com\\\/daniperezfotografia\\\/\",\"https:\\\/\\\/www.linkedin.com\\\/pub\\\/dani-perez-fotografo\\\/b2\\\/3b0\\\/594\"]},{\"@type\":\"Person\",\"@id\":\"https:\\\/\\\/www.daniperezfotografia.es\\\/wordpress\\\/#\\\/schema\\\/person\\\/e182c086037e8185dcc7e99e2c589a63\",\"name\":\"Dani\",\"sameAs\":[\"http:\\\/\\\/www.daniperezfotografia.es\",\"https:\\\/\\\/www.facebook.com\\\/daniperezfotografia\",\"https:\\\/\\\/x.com\\\/daniperezfoto\"]}]}<\/script>\n<!-- \/ Yoast SEO plugin. -->","yoast_head_json":{"title":"Bautizos en Santa Maria del Silencio","description":"Reportaje de fotos de bautizo. Sesi\u00f3n de preparativos en casa de nuestro peque\u00f1o protagonista y ceremonia de bautizo en Santa Maria del Silencio","robots":{"index":"index","follow":"follow","max-snippet":"max-snippet:-1","max-image-preview":"max-image-preview:large","max-video-preview":"max-video-preview:-1"},"canonical":"http:\/\/www.daniperezfotografia.es\/wordpress\/fotos-de-bautizo\/fotografo-de-bautizos-en-santa-maria-del-silencio","og_locale":"es_ES","og_type":"article","og_title":"Bautizos en Santa Maria del Silencio","og_description":"Reportaje de fotos de bautizo. Sesi\u00f3n de preparativos en casa de nuestro peque\u00f1o protagonista y ceremonia de bautizo en Santa Maria del Silencio","og_url":"http:\/\/www.daniperezfotografia.es\/wordpress\/fotos-de-bautizo\/fotografo-de-bautizos-en-santa-maria-del-silencio","og_site_name":"Dani Perez Fotografia | Fotografo Profesional en Madrid","article_publisher":"https:\/\/www.facebook.com\/daniperezfotografia","article_author":"https:\/\/www.facebook.com\/daniperezfotografia","article_published_time":"2015-11-30T21:19:38+00:00","article_modified_time":"2020-05-18T13:38:51+00:00","og_image":[{"width":1100,"height":732,"url":"http:\/\/www.daniperezfotografia.es\/wordpress\/wp-content\/uploads\/2015\/11\/pablo-bautizo-parroquia-santa-maria-silencio-1100.jpg","type":"image\/jpeg"}],"author":"Dani","twitter_card":"summary_large_image","twitter_creator":"@daniperezfoto","twitter_site":"@daniperezfoto","twitter_misc":{"Escrito por":"Dani","Tiempo de lectura":"1 minuto"},"schema":{"@context":"https:\/\/schema.org","@graph":[{"@type":"Article","@id":"http:\/\/www.daniperezfotografia.es\/wordpress\/fotos-de-bautizo\/fotografo-de-bautizos-en-santa-maria-del-silencio#article","isPartOf":{"@id":"http:\/\/www.daniperezfotografia.es\/wordpress\/fotos-de-bautizo\/fotografo-de-bautizos-en-santa-maria-del-silencio"},"author":{"name":"Dani","@id":"https:\/\/www.daniperezfotografia.es\/wordpress\/#\/schema\/person\/e182c086037e8185dcc7e99e2c589a63"},"headline":"Bautizos en Santa Maria del Silencio","datePublished":"2015-11-30T21:19:38+00:00","dateModified":"2020-05-18T13:38:51+00:00","mainEntityOfPage":{"@id":"http:\/\/www.daniperezfotografia.es\/wordpress\/fotos-de-bautizo\/fotografo-de-bautizos-en-santa-maria-del-silencio"},"wordCount":127,"commentCount":0,"publisher":{"@id":"https:\/\/www.daniperezfotografia.es\/wordpress\/#organization"},"image":{"@id":"http:\/\/www.daniperezfotografia.es\/wordpress\/fotos-de-bautizo\/fotografo-de-bautizos-en-santa-maria-del-silencio#primaryimage"},"thumbnailUrl":"https:\/\/www.daniperezfotografia.es\/wordpress\/wp-content\/uploads\/2015\/11\/pablo-bautizo-parroquia-santa-maria-silencio-1100.jpg","keywords":["bautizo","Parroquia de Santa Mar\u00eda del Silencio"],"articleSection":["Reportajes de Fotos de Bautizo en Madrid"],"inLanguage":"es","potentialAction":[{"@type":"CommentAction","name":"Comment","target":["http:\/\/www.daniperezfotografia.es\/wordpress\/fotos-de-bautizo\/fotografo-de-bautizos-en-santa-maria-del-silencio#respond"]}]},{"@type":"WebPage","@id":"http:\/\/www.daniperezfotografia.es\/wordpress\/fotos-de-bautizo\/fotografo-de-bautizos-en-santa-maria-del-silencio","url":"http:\/\/www.daniperezfotografia.es\/wordpress\/fotos-de-bautizo\/fotografo-de-bautizos-en-santa-maria-del-silencio","name":"Bautizos en Santa Maria del Silencio","isPartOf":{"@id":"https:\/\/www.daniperezfotografia.es\/wordpress\/#website"},"primaryImageOfPage":{"@id":"http:\/\/www.daniperezfotografia.es\/wordpress\/fotos-de-bautizo\/fotografo-de-bautizos-en-santa-maria-del-silencio#primaryimage"},"image":{"@id":"http:\/\/www.daniperezfotografia.es\/wordpress\/fotos-de-bautizo\/fotografo-de-bautizos-en-santa-maria-del-silencio#primaryimage"},"thumbnailUrl":"https:\/\/www.daniperezfotografia.es\/wordpress\/wp-content\/uploads\/2015\/11\/pablo-bautizo-parroquia-santa-maria-silencio-1100.jpg","datePublished":"2015-11-30T21:19:38+00:00","dateModified":"2020-05-18T13:38:51+00:00","description":"Reportaje de fotos de bautizo. Sesi\u00f3n de preparativos en casa de nuestro peque\u00f1o protagonista y ceremonia de bautizo en Santa Maria del Silencio","breadcrumb":{"@id":"http:\/\/www.daniperezfotografia.es\/wordpress\/fotos-de-bautizo\/fotografo-de-bautizos-en-santa-maria-del-silencio#breadcrumb"},"inLanguage":"es","potentialAction":[{"@type":"ReadAction","target":["http:\/\/www.daniperezfotografia.es\/wordpress\/fotos-de-bautizo\/fotografo-de-bautizos-en-santa-maria-del-silencio"]}]},{"@type":"ImageObject","inLanguage":"es","@id":"http:\/\/www.daniperezfotografia.es\/wordpress\/fotos-de-bautizo\/fotografo-de-bautizos-en-santa-maria-del-silencio#primaryimage","url":"https:\/\/www.daniperezfotografia.es\/wordpress\/wp-content\/uploads\/2015\/11\/pablo-bautizo-parroquia-santa-maria-silencio-1100.jpg","contentUrl":"https:\/\/www.daniperezfotografia.es\/wordpress\/wp-content\/uploads\/2015\/11\/pablo-bautizo-parroquia-santa-maria-silencio-1100.jpg","width":1100,"height":732,"caption":"bautizo parroquia santa maria del silencio"},{"@type":"BreadcrumbList","@id":"http:\/\/www.daniperezfotografia.es\/wordpress\/fotos-de-bautizo\/fotografo-de-bautizos-en-santa-maria-del-silencio#breadcrumb","itemListElement":[{"@type":"ListItem","position":1,"name":"Portada","item":"https:\/\/www.daniperezfotografia.es\/wordpress\/"},{"@type":"ListItem","position":2,"name":"Bautizos en Santa Maria del Silencio"}]},{"@type":"WebSite","@id":"https:\/\/www.daniperezfotografia.es\/wordpress\/#website","url":"https:\/\/www.daniperezfotografia.es\/wordpress\/","name":"Dani Perez Fotografia | Fotografo Profesional en Madrid","description":"Reportajes de bodas, bautizos, comuniones y sesiones de familia para particulares. Eventos, conferencias y retrato corporativo para empresas. Video de conferencias","publisher":{"@id":"https:\/\/www.daniperezfotografia.es\/wordpress\/#organization"},"potentialAction":[{"@type":"SearchAction","target":{"@type":"EntryPoint","urlTemplate":"https:\/\/www.daniperezfotografia.es\/wordpress\/?s={search_term_string}"},"query-input":{"@type":"PropertyValueSpecification","valueRequired":true,"valueName":"search_term_string"}}],"inLanguage":"es"},{"@type":"Organization","@id":"https:\/\/www.daniperezfotografia.es\/wordpress\/#organization","name":"Dani Perez Fotografia y Video","url":"https:\/\/www.daniperezfotografia.es\/wordpress\/","logo":{"@type":"ImageObject","inLanguage":"es","@id":"https:\/\/www.daniperezfotografia.es\/wordpress\/#\/schema\/logo\/image\/","url":"","contentUrl":"","caption":"Dani Perez Fotografia y Video"},"image":{"@id":"https:\/\/www.daniperezfotografia.es\/wordpress\/#\/schema\/logo\/image\/"},"sameAs":["https:\/\/www.facebook.com\/daniperezfotografia","https:\/\/x.com\/daniperezfoto","https:\/\/instagram.com\/daniperezfotografia\/","https:\/\/www.linkedin.com\/pub\/dani-perez-fotografo\/b2\/3b0\/594"]},{"@type":"Person","@id":"https:\/\/www.daniperezfotografia.es\/wordpress\/#\/schema\/person\/e182c086037e8185dcc7e99e2c589a63","name":"Dani","sameAs":["http:\/\/www.daniperezfotografia.es","https:\/\/www.facebook.com\/daniperezfotografia","https:\/\/x.com\/daniperezfoto"]}]}},"_links":{"self":[{"href":"https:\/\/www.daniperezfotografia.es\/wordpress\/wp-json\/wp\/v2\/posts\/10137","targetHints":{"allow":["GET"]}}],"collection":[{"href":"https:\/\/www.daniperezfotografia.es\/wordpress\/wp-json\/wp\/v2\/posts"}],"about":[{"href":"https:\/\/www.daniperezfotografia.es\/wordpress\/wp-json\/wp\/v2\/types\/post"}],"author":[{"embeddable":true,"href":"https:\/\/www.daniperezfotografia.es\/wordpress\/wp-json\/wp\/v2\/users\/1"}],"replies":[{"embeddable":true,"href":"https:\/\/www.daniperezfotografia.es\/wordpress\/wp-json\/wp\/v2\/comments?post=10137"}],"version-history":[{"count":3,"href":"https:\/\/www.daniperezfotografia.es\/wordpress\/wp-json\/wp\/v2\/posts\/10137\/revisions"}],"predecessor-version":[{"id":13400,"href":"https:\/\/www.daniperezfotografia.es\/wordpress\/wp-json\/wp\/v2\/posts\/10137\/revisions\/13400"}],"wp:featuredmedia":[{"embeddable":true,"href":"https:\/\/www.daniperezfotografia.es\/wordpress\/wp-json\/wp\/v2\/media\/11215"}],"wp:attachment":[{"href":"https:\/\/www.daniperezfotografia.es\/wordpress\/wp-json\/wp\/v2\/media?parent=10137"}],"wp:term":[{"taxonomy":"category","embeddable":true,"href":"https:\/\/www.daniperezfotografia.es\/wordpress\/wp-json\/wp\/v2\/categories?post=10137"},{"taxonomy":"post_tag","embeddable":true,"href":"https:\/\/www.daniperezfotografia.es\/wordpress\/wp-json\/wp\/v2\/tags?post=10137"}],"curies":[{"name":"wp","href":"https:\/\/api.w.org\/{rel}","templated":true}]}}