{"id":10116,"date":"2015-11-30T12:46:31","date_gmt":"2015-11-30T11:46:31","guid":{"rendered":"http:\/\/www.daniperezfotografia.es\/wordpress\/?p=10116"},"modified":"2017-02-15T17:07:45","modified_gmt":"2017-02-15T16:07:45","slug":"fotos-de-familia-en-el-parque-de-el-capricho","status":"publish","type":"post","link":"https:\/\/www.daniperezfotografia.es\/wordpress\/familias-infantil\/fotos-de-familia-en-el-parque-de-el-capricho","title":{"rendered":"fotos de familia en el parque de el capricho"},"content":{"rendered":"<p>Gracias por visitar esta entrada de la secci\u00f3n de\u00a0fotos de familia. Os presento a Ester, Carlos y la peque\u00f1a Manuela. Conoc\u00ed a Ester y Carlos hace a\u00f1os y tuve el honor de hacer sus <a href=\"http:\/\/www.daniperezfotografia.es\/wordpress\/bodas\/boda-de-esther-carlos-en-la-finca-casa-de-oficios-en-torremocha-del-jarama\">fotos de boda en la Casa de Oficios<\/a>. Este a\u00f1o, Arancha, t\u00eda de Manuela, quer\u00eda sorprenderles con un regalo especial y decidi\u00f3 que lo mejor ser\u00eda, hacer\u00a0una <strong>sesi\u00f3n de fotos de familia.<\/strong><\/p>\n<p>Para la sesi\u00f3n de fotos, elegimos el parque de El Capricho, un <a href=\"http:\/\/www.madrid.es\/portales\/munimadrid\/es\/Inicio\/El-Ayuntamiento\/Medio-ambiente\/Parques-y-jardines\/Patrimonio-Verde\/Parques-historicos-y-singulares\/Jardin-Historico-El-Capricho-de-la-Alameda-Osuna?vgnextfmt=default&amp;vgnextoid=9db6fb010e99e210VgnVCM1000000b205a0aRCRD&amp;vgnextchannel=1cc66e3b07d4e210VgnVCM1000000b205a0aRCRD\">jard\u00edn hist\u00f3rico en la Alameda de Osuna<\/a>, muy cerquita de donde ellos viven. Es amplio, y aunque puede haber mucha gente, siempre encuentras lugares tranquilos, amplias extensiones de arboles y zonas verdes, un lugar que da much\u00edsimas posibilidades para hacer un reportaje de fotos de familia completo y variado. Paseamos tranquilamente fuimos tomando fotos\u00a0en los lugares donde la luz y el entorno nos daban\u00a0los mejores resultados.<\/p>\n<p>Una tarde agradable, disfrutando en familia con la peque\u00f1a. Y que terminamos con una ca\u00f1as, como debe ser. Sin m\u00e1s os dejo con algunas im\u00e1genes de la sesi\u00f3n de fotos de familia<\/p>\n<p><img loading=\"lazy\" decoding=\"async\" class=\"aligncenter size-full wp-image-10117\" src=\"http:\/\/www.daniperezfotografia.es\/wordpress\/wp-content\/uploads\/2015\/11\/30-10116-post\/fotos-familia-parque-capricho-fotografo-bebes-madrid-0054.jpg\" alt=\"fotos de familia en el parque de el capricho\" width=\"900\" height=\"599\" srcset=\"https:\/\/www.daniperezfotografia.es\/wordpress\/wp-content\/uploads\/2015\/11\/30-10116-post\/fotos-familia-parque-capricho-fotografo-bebes-madrid-0054.jpg 900w, https:\/\/www.daniperezfotografia.es\/wordpress\/wp-content\/uploads\/2015\/11\/30-10116-post\/fotos-familia-parque-capricho-fotografo-bebes-madrid-0054-750x499.jpg 750w\" sizes=\"auto, (max-width: 900px) 100vw, 900px\" \/><img loading=\"lazy\" decoding=\"async\" class=\"aligncenter size-full wp-image-10120\" src=\"http:\/\/www.daniperezfotografia.es\/wordpress\/wp-content\/uploads\/2015\/11\/30-10116-post\/fotos-familia-parque-capricho-fotografo-bebes-madrid-0031.jpg\" alt=\"fotos de familia en el parque de el capricho\" width=\"900\" height=\"599\" srcset=\"https:\/\/www.daniperezfotografia.es\/wordpress\/wp-content\/uploads\/2015\/11\/30-10116-post\/fotos-familia-parque-capricho-fotografo-bebes-madrid-0031.jpg 900w, https:\/\/www.daniperezfotografia.es\/wordpress\/wp-content\/uploads\/2015\/11\/30-10116-post\/fotos-familia-parque-capricho-fotografo-bebes-madrid-0031-750x499.jpg 750w, https:\/\/www.daniperezfotografia.es\/wordpress\/wp-content\/uploads\/2015\/11\/30-10116-post\/fotos-familia-parque-capricho-fotografo-bebes-madrid-0031-273x182.jpg 273w, https:\/\/www.daniperezfotografia.es\/wordpress\/wp-content\/uploads\/2015\/11\/30-10116-post\/fotos-familia-parque-capricho-fotografo-bebes-madrid-0031-546x364.jpg 546w, https:\/\/www.daniperezfotografia.es\/wordpress\/wp-content\/uploads\/2015\/11\/30-10116-post\/fotos-familia-parque-capricho-fotografo-bebes-madrid-0031-736x490.jpg 736w, https:\/\/www.daniperezfotografia.es\/wordpress\/wp-content\/uploads\/2015\/11\/30-10116-post\/fotos-familia-parque-capricho-fotografo-bebes-madrid-0031-860x573.jpg 860w\" sizes=\"auto, (max-width: 900px) 100vw, 900px\" \/><img loading=\"lazy\" decoding=\"async\" class=\"aligncenter size-full wp-image-10121\" src=\"http:\/\/www.daniperezfotografia.es\/wordpress\/wp-content\/uploads\/2015\/11\/30-10116-post\/fotos-familia-parque-capricho-fotografo-bebes-madrid-0010.jpg\" alt=\"fotos de familia en el parque de el capricho\" width=\"900\" height=\"599\" srcset=\"https:\/\/www.daniperezfotografia.es\/wordpress\/wp-content\/uploads\/2015\/11\/30-10116-post\/fotos-familia-parque-capricho-fotografo-bebes-madrid-0010.jpg 900w, https:\/\/www.daniperezfotografia.es\/wordpress\/wp-content\/uploads\/2015\/11\/30-10116-post\/fotos-familia-parque-capricho-fotografo-bebes-madrid-0010-750x499.jpg 750w\" sizes=\"auto, (max-width: 900px) 100vw, 900px\" \/><img loading=\"lazy\" decoding=\"async\" class=\"aligncenter size-full wp-image-10122\" src=\"http:\/\/www.daniperezfotografia.es\/wordpress\/wp-content\/uploads\/2015\/11\/30-10116-post\/fotos-familia-parque-capricho-fotografo-bebes-madrid-0028.jpg\" alt=\"fotos de familia en el parque de el capricho\" width=\"900\" height=\"599\" srcset=\"https:\/\/www.daniperezfotografia.es\/wordpress\/wp-content\/uploads\/2015\/11\/30-10116-post\/fotos-familia-parque-capricho-fotografo-bebes-madrid-0028.jpg 900w, https:\/\/www.daniperezfotografia.es\/wordpress\/wp-content\/uploads\/2015\/11\/30-10116-post\/fotos-familia-parque-capricho-fotografo-bebes-madrid-0028-750x499.jpg 750w\" sizes=\"auto, (max-width: 900px) 100vw, 900px\" \/><img loading=\"lazy\" decoding=\"async\" class=\"aligncenter size-full wp-image-10123\" src=\"http:\/\/www.daniperezfotografia.es\/wordpress\/wp-content\/uploads\/2015\/11\/30-10116-post\/fotos-familia-parque-capricho-fotografo-bebes-madrid-0013.jpg\" alt=\"fotos de familia en el parque de el capricho\" width=\"900\" height=\"599\" srcset=\"https:\/\/www.daniperezfotografia.es\/wordpress\/wp-content\/uploads\/2015\/11\/30-10116-post\/fotos-familia-parque-capricho-fotografo-bebes-madrid-0013.jpg 900w, https:\/\/www.daniperezfotografia.es\/wordpress\/wp-content\/uploads\/2015\/11\/30-10116-post\/fotos-familia-parque-capricho-fotografo-bebes-madrid-0013-750x499.jpg 750w\" sizes=\"auto, (max-width: 900px) 100vw, 900px\" \/><img loading=\"lazy\" decoding=\"async\" class=\"aligncenter size-full wp-image-10124\" src=\"http:\/\/www.daniperezfotografia.es\/wordpress\/wp-content\/uploads\/2015\/11\/30-10116-post\/fotos-familia-parque-capricho-fotografo-bebes-madrid-0023.jpg\" alt=\"fotos de familia en el parque de el capricho\" width=\"900\" height=\"599\" srcset=\"https:\/\/www.daniperezfotografia.es\/wordpress\/wp-content\/uploads\/2015\/11\/30-10116-post\/fotos-familia-parque-capricho-fotografo-bebes-madrid-0023.jpg 900w, https:\/\/www.daniperezfotografia.es\/wordpress\/wp-content\/uploads\/2015\/11\/30-10116-post\/fotos-familia-parque-capricho-fotografo-bebes-madrid-0023-750x499.jpg 750w\" sizes=\"auto, (max-width: 900px) 100vw, 900px\" \/><img loading=\"lazy\" decoding=\"async\" class=\"aligncenter size-full wp-image-10125\" src=\"http:\/\/www.daniperezfotografia.es\/wordpress\/wp-content\/uploads\/2015\/11\/30-10116-post\/fotos-familia-parque-capricho-fotografo-bebes-madrid-0034.jpg\" alt=\"fotos de familia en el parque de el capricho\" width=\"900\" height=\"599\" srcset=\"https:\/\/www.daniperezfotografia.es\/wordpress\/wp-content\/uploads\/2015\/11\/30-10116-post\/fotos-familia-parque-capricho-fotografo-bebes-madrid-0034.jpg 900w, https:\/\/www.daniperezfotografia.es\/wordpress\/wp-content\/uploads\/2015\/11\/30-10116-post\/fotos-familia-parque-capricho-fotografo-bebes-madrid-0034-750x499.jpg 750w\" sizes=\"auto, (max-width: 900px) 100vw, 900px\" \/><img loading=\"lazy\" decoding=\"async\" class=\"aligncenter size-full wp-image-10128\" src=\"http:\/\/www.daniperezfotografia.es\/wordpress\/wp-content\/uploads\/2015\/11\/30-10116-post\/fotos-familia-parque-capricho-fotografo-bebes-madrid-0041.jpg\" alt=\"fotos de familia en el parque de el capricho\" width=\"900\" height=\"599\" srcset=\"https:\/\/www.daniperezfotografia.es\/wordpress\/wp-content\/uploads\/2015\/11\/30-10116-post\/fotos-familia-parque-capricho-fotografo-bebes-madrid-0041.jpg 900w, https:\/\/www.daniperezfotografia.es\/wordpress\/wp-content\/uploads\/2015\/11\/30-10116-post\/fotos-familia-parque-capricho-fotografo-bebes-madrid-0041-750x499.jpg 750w\" sizes=\"auto, (max-width: 900px) 100vw, 900px\" \/><img loading=\"lazy\" decoding=\"async\" class=\"aligncenter size-full wp-image-10127\" src=\"http:\/\/www.daniperezfotografia.es\/wordpress\/wp-content\/uploads\/2015\/11\/30-10116-post\/fotos-familia-parque-capricho-fotografo-bebes-madrid-0047.jpg\" alt=\"fotos de familia en el parque de el capricho\" width=\"900\" height=\"599\" srcset=\"https:\/\/www.daniperezfotografia.es\/wordpress\/wp-content\/uploads\/2015\/11\/30-10116-post\/fotos-familia-parque-capricho-fotografo-bebes-madrid-0047.jpg 900w, https:\/\/www.daniperezfotografia.es\/wordpress\/wp-content\/uploads\/2015\/11\/30-10116-post\/fotos-familia-parque-capricho-fotografo-bebes-madrid-0047-750x499.jpg 750w\" sizes=\"auto, (max-width: 900px) 100vw, 900px\" \/><img loading=\"lazy\" decoding=\"async\" class=\"aligncenter size-full wp-image-10130\" src=\"http:\/\/www.daniperezfotografia.es\/wordpress\/wp-content\/uploads\/2015\/11\/30-10116-post\/fotos-familia-parque-capricho-fotografo-bebes-madrid-0072.jpg\" alt=\"fotos de familia en el parque de el capricho\" width=\"900\" height=\"599\" srcset=\"https:\/\/www.daniperezfotografia.es\/wordpress\/wp-content\/uploads\/2015\/11\/30-10116-post\/fotos-familia-parque-capricho-fotografo-bebes-madrid-0072.jpg 900w, https:\/\/www.daniperezfotografia.es\/wordpress\/wp-content\/uploads\/2015\/11\/30-10116-post\/fotos-familia-parque-capricho-fotografo-bebes-madrid-0072-750x499.jpg 750w\" sizes=\"auto, (max-width: 900px) 100vw, 900px\" \/><\/p>\n","protected":false},"excerpt":{"rendered":"<p>Una tarde en familia, disfrutando de vuestro bebe, en un jard\u00edn hist\u00f3rico cerca de la Alameda de Osuna. <\/p>\n","protected":false},"author":1,"featured_media":11343,"comment_status":"open","ping_status":"open","sticky":false,"template":"","format":"standard","meta":{"footnotes":""},"categories":[943],"tags":[867,599,806],"class_list":["post-10116","post","type-post","status-publish","format-standard","has-post-thumbnail","hentry","category-familias-infantil","tag-parque-de-el-capricho","tag-sesion-de-bebe","tag-sesion-de-familia"],"blocksy_meta":{"styles_descriptor":{"styles":{"desktop":"","tablet":"","mobile":""},"google_fonts":[],"version":6}},"yoast_head":"<!-- This site is optimized with the Yoast SEO plugin v27.4 - https:\/\/yoast.com\/product\/yoast-seo-wordpress\/ -->\n<title>fotos de familia en el parque de el capricho<\/title>\n<meta name=\"description\" content=\"Una tarde en familia, disfrutando de vuestro bebe, en un jard\u00edn hist\u00f3rico cerca de la Alameda de Osuna.\" \/>\n<meta name=\"robots\" content=\"index, follow, max-snippet:-1, max-image-preview:large, max-video-preview:-1\" \/>\n<link rel=\"canonical\" href=\"http:\/\/www.daniperezfotografia.es\/wordpress\/familias-infantil\/fotos-de-familia-en-el-parque-de-el-capricho\" \/>\n<meta property=\"og:locale\" content=\"es_ES\" \/>\n<meta property=\"og:type\" content=\"article\" \/>\n<meta property=\"og:title\" content=\"fotos de familia en el parque de el capricho\" \/>\n<meta property=\"og:description\" content=\"Una tarde en familia, disfrutando de vuestro bebe, en un jard\u00edn hist\u00f3rico cerca de la Alameda de Osuna.\" \/>\n<meta property=\"og:url\" content=\"http:\/\/www.daniperezfotografia.es\/wordpress\/familias-infantil\/fotos-de-familia-en-el-parque-de-el-capricho\" \/>\n<meta property=\"og:site_name\" content=\"Dani Perez Fotografia | Fotografo Profesional en Madrid\" \/>\n<meta property=\"article:publisher\" content=\"https:\/\/www.facebook.com\/daniperezfotografia\" \/>\n<meta property=\"article:author\" content=\"https:\/\/www.facebook.com\/daniperezfotografia\" \/>\n<meta property=\"article:published_time\" content=\"2015-11-30T11:46:31+00:00\" \/>\n<meta property=\"article:modified_time\" content=\"2017-02-15T16:07:45+00:00\" \/>\n<meta property=\"og:image\" content=\"http:\/\/www.daniperezfotografia.es\/wordpress\/wp-content\/uploads\/2015\/11\/esther-carlos-manuela-sesion-fotos-familia-parque-capricho-1100.jpg\" \/>\n\t<meta property=\"og:image:width\" content=\"1100\" \/>\n\t<meta property=\"og:image:height\" content=\"732\" \/>\n\t<meta property=\"og:image:type\" content=\"image\/jpeg\" \/>\n<meta name=\"author\" content=\"Dani\" \/>\n<meta name=\"twitter:card\" content=\"summary_large_image\" \/>\n<meta name=\"twitter:creator\" content=\"@daniperezfoto\" \/>\n<meta name=\"twitter:site\" content=\"@daniperezfoto\" \/>\n<meta name=\"twitter:label1\" content=\"Escrito por\" \/>\n\t<meta name=\"twitter:data1\" content=\"Dani\" \/>\n\t<meta name=\"twitter:label2\" content=\"Tiempo de lectura\" \/>\n\t<meta name=\"twitter:data2\" content=\"1 minuto\" \/>\n<script type=\"application\/ld+json\" class=\"yoast-schema-graph\">{\"@context\":\"https:\\\/\\\/schema.org\",\"@graph\":[{\"@type\":\"Article\",\"@id\":\"http:\\\/\\\/www.daniperezfotografia.es\\\/wordpress\\\/familias-infantil\\\/fotos-de-familia-en-el-parque-de-el-capricho#article\",\"isPartOf\":{\"@id\":\"http:\\\/\\\/www.daniperezfotografia.es\\\/wordpress\\\/familias-infantil\\\/fotos-de-familia-en-el-parque-de-el-capricho\"},\"author\":{\"name\":\"Dani\",\"@id\":\"https:\\\/\\\/www.daniperezfotografia.es\\\/wordpress\\\/#\\\/schema\\\/person\\\/e182c086037e8185dcc7e99e2c589a63\"},\"headline\":\"fotos de familia en el parque de el capricho\",\"datePublished\":\"2015-11-30T11:46:31+00:00\",\"dateModified\":\"2017-02-15T16:07:45+00:00\",\"mainEntityOfPage\":{\"@id\":\"http:\\\/\\\/www.daniperezfotografia.es\\\/wordpress\\\/familias-infantil\\\/fotos-de-familia-en-el-parque-de-el-capricho\"},\"wordCount\":206,\"commentCount\":0,\"publisher\":{\"@id\":\"https:\\\/\\\/www.daniperezfotografia.es\\\/wordpress\\\/#organization\"},\"image\":{\"@id\":\"http:\\\/\\\/www.daniperezfotografia.es\\\/wordpress\\\/familias-infantil\\\/fotos-de-familia-en-el-parque-de-el-capricho#primaryimage\"},\"thumbnailUrl\":\"https:\\\/\\\/www.daniperezfotografia.es\\\/wordpress\\\/wp-content\\\/uploads\\\/2015\\\/11\\\/esther-carlos-manuela-sesion-fotos-familia-parque-capricho-1100.jpg\",\"keywords\":[\"Parque de El Capricho\",\"sesion de bebe\",\"sesion de familia\"],\"articleSection\":[\"Reportajes de fotos de Familias en Madrid\"],\"inLanguage\":\"es\",\"potentialAction\":[{\"@type\":\"CommentAction\",\"name\":\"Comment\",\"target\":[\"http:\\\/\\\/www.daniperezfotografia.es\\\/wordpress\\\/familias-infantil\\\/fotos-de-familia-en-el-parque-de-el-capricho#respond\"]}]},{\"@type\":\"WebPage\",\"@id\":\"http:\\\/\\\/www.daniperezfotografia.es\\\/wordpress\\\/familias-infantil\\\/fotos-de-familia-en-el-parque-de-el-capricho\",\"url\":\"http:\\\/\\\/www.daniperezfotografia.es\\\/wordpress\\\/familias-infantil\\\/fotos-de-familia-en-el-parque-de-el-capricho\",\"name\":\"fotos de familia en el parque de el capricho\",\"isPartOf\":{\"@id\":\"https:\\\/\\\/www.daniperezfotografia.es\\\/wordpress\\\/#website\"},\"primaryImageOfPage\":{\"@id\":\"http:\\\/\\\/www.daniperezfotografia.es\\\/wordpress\\\/familias-infantil\\\/fotos-de-familia-en-el-parque-de-el-capricho#primaryimage\"},\"image\":{\"@id\":\"http:\\\/\\\/www.daniperezfotografia.es\\\/wordpress\\\/familias-infantil\\\/fotos-de-familia-en-el-parque-de-el-capricho#primaryimage\"},\"thumbnailUrl\":\"https:\\\/\\\/www.daniperezfotografia.es\\\/wordpress\\\/wp-content\\\/uploads\\\/2015\\\/11\\\/esther-carlos-manuela-sesion-fotos-familia-parque-capricho-1100.jpg\",\"datePublished\":\"2015-11-30T11:46:31+00:00\",\"dateModified\":\"2017-02-15T16:07:45+00:00\",\"description\":\"Una tarde en familia, disfrutando de vuestro bebe, en un jard\u00edn hist\u00f3rico cerca de la Alameda de Osuna.\",\"breadcrumb\":{\"@id\":\"http:\\\/\\\/www.daniperezfotografia.es\\\/wordpress\\\/familias-infantil\\\/fotos-de-familia-en-el-parque-de-el-capricho#breadcrumb\"},\"inLanguage\":\"es\",\"potentialAction\":[{\"@type\":\"ReadAction\",\"target\":[\"http:\\\/\\\/www.daniperezfotografia.es\\\/wordpress\\\/familias-infantil\\\/fotos-de-familia-en-el-parque-de-el-capricho\"]}]},{\"@type\":\"ImageObject\",\"inLanguage\":\"es\",\"@id\":\"http:\\\/\\\/www.daniperezfotografia.es\\\/wordpress\\\/familias-infantil\\\/fotos-de-familia-en-el-parque-de-el-capricho#primaryimage\",\"url\":\"https:\\\/\\\/www.daniperezfotografia.es\\\/wordpress\\\/wp-content\\\/uploads\\\/2015\\\/11\\\/esther-carlos-manuela-sesion-fotos-familia-parque-capricho-1100.jpg\",\"contentUrl\":\"https:\\\/\\\/www.daniperezfotografia.es\\\/wordpress\\\/wp-content\\\/uploads\\\/2015\\\/11\\\/esther-carlos-manuela-sesion-fotos-familia-parque-capricho-1100.jpg\",\"width\":1100,\"height\":732,\"caption\":\"sesion de fotos de familia en el parque de el capricho\"},{\"@type\":\"BreadcrumbList\",\"@id\":\"http:\\\/\\\/www.daniperezfotografia.es\\\/wordpress\\\/familias-infantil\\\/fotos-de-familia-en-el-parque-de-el-capricho#breadcrumb\",\"itemListElement\":[{\"@type\":\"ListItem\",\"position\":1,\"name\":\"Portada\",\"item\":\"https:\\\/\\\/www.daniperezfotografia.es\\\/wordpress\\\/\"},{\"@type\":\"ListItem\",\"position\":2,\"name\":\"fotos de familia en el parque de el capricho\"}]},{\"@type\":\"WebSite\",\"@id\":\"https:\\\/\\\/www.daniperezfotografia.es\\\/wordpress\\\/#website\",\"url\":\"https:\\\/\\\/www.daniperezfotografia.es\\\/wordpress\\\/\",\"name\":\"Dani Perez Fotografia | Fotografo Profesional en Madrid\",\"description\":\"Reportajes de bodas, bautizos, comuniones y sesiones de familia para particulares. Eventos, conferencias y retrato corporativo para empresas. Video de conferencias\",\"publisher\":{\"@id\":\"https:\\\/\\\/www.daniperezfotografia.es\\\/wordpress\\\/#organization\"},\"potentialAction\":[{\"@type\":\"SearchAction\",\"target\":{\"@type\":\"EntryPoint\",\"urlTemplate\":\"https:\\\/\\\/www.daniperezfotografia.es\\\/wordpress\\\/?s={search_term_string}\"},\"query-input\":{\"@type\":\"PropertyValueSpecification\",\"valueRequired\":true,\"valueName\":\"search_term_string\"}}],\"inLanguage\":\"es\"},{\"@type\":\"Organization\",\"@id\":\"https:\\\/\\\/www.daniperezfotografia.es\\\/wordpress\\\/#organization\",\"name\":\"Dani Perez Fotografia y Video\",\"url\":\"https:\\\/\\\/www.daniperezfotografia.es\\\/wordpress\\\/\",\"logo\":{\"@type\":\"ImageObject\",\"inLanguage\":\"es\",\"@id\":\"https:\\\/\\\/www.daniperezfotografia.es\\\/wordpress\\\/#\\\/schema\\\/logo\\\/image\\\/\",\"url\":\"\",\"contentUrl\":\"\",\"caption\":\"Dani Perez Fotografia y Video\"},\"image\":{\"@id\":\"https:\\\/\\\/www.daniperezfotografia.es\\\/wordpress\\\/#\\\/schema\\\/logo\\\/image\\\/\"},\"sameAs\":[\"https:\\\/\\\/www.facebook.com\\\/daniperezfotografia\",\"https:\\\/\\\/x.com\\\/daniperezfoto\",\"https:\\\/\\\/instagram.com\\\/daniperezfotografia\\\/\",\"https:\\\/\\\/www.linkedin.com\\\/pub\\\/dani-perez-fotografo\\\/b2\\\/3b0\\\/594\"]},{\"@type\":\"Person\",\"@id\":\"https:\\\/\\\/www.daniperezfotografia.es\\\/wordpress\\\/#\\\/schema\\\/person\\\/e182c086037e8185dcc7e99e2c589a63\",\"name\":\"Dani\",\"sameAs\":[\"http:\\\/\\\/www.daniperezfotografia.es\",\"https:\\\/\\\/www.facebook.com\\\/daniperezfotografia\",\"https:\\\/\\\/x.com\\\/daniperezfoto\"]}]}<\/script>\n<!-- \/ Yoast SEO plugin. -->","yoast_head_json":{"title":"fotos de familia en el parque de el capricho","description":"Una tarde en familia, disfrutando de vuestro bebe, en un jard\u00edn hist\u00f3rico cerca de la Alameda de Osuna.","robots":{"index":"index","follow":"follow","max-snippet":"max-snippet:-1","max-image-preview":"max-image-preview:large","max-video-preview":"max-video-preview:-1"},"canonical":"http:\/\/www.daniperezfotografia.es\/wordpress\/familias-infantil\/fotos-de-familia-en-el-parque-de-el-capricho","og_locale":"es_ES","og_type":"article","og_title":"fotos de familia en el parque de el capricho","og_description":"Una tarde en familia, disfrutando de vuestro bebe, en un jard\u00edn hist\u00f3rico cerca de la Alameda de Osuna.","og_url":"http:\/\/www.daniperezfotografia.es\/wordpress\/familias-infantil\/fotos-de-familia-en-el-parque-de-el-capricho","og_site_name":"Dani Perez Fotografia | Fotografo Profesional en Madrid","article_publisher":"https:\/\/www.facebook.com\/daniperezfotografia","article_author":"https:\/\/www.facebook.com\/daniperezfotografia","article_published_time":"2015-11-30T11:46:31+00:00","article_modified_time":"2017-02-15T16:07:45+00:00","og_image":[{"width":1100,"height":732,"url":"http:\/\/www.daniperezfotografia.es\/wordpress\/wp-content\/uploads\/2015\/11\/esther-carlos-manuela-sesion-fotos-familia-parque-capricho-1100.jpg","type":"image\/jpeg"}],"author":"Dani","twitter_card":"summary_large_image","twitter_creator":"@daniperezfoto","twitter_site":"@daniperezfoto","twitter_misc":{"Escrito por":"Dani","Tiempo de lectura":"1 minuto"},"schema":{"@context":"https:\/\/schema.org","@graph":[{"@type":"Article","@id":"http:\/\/www.daniperezfotografia.es\/wordpress\/familias-infantil\/fotos-de-familia-en-el-parque-de-el-capricho#article","isPartOf":{"@id":"http:\/\/www.daniperezfotografia.es\/wordpress\/familias-infantil\/fotos-de-familia-en-el-parque-de-el-capricho"},"author":{"name":"Dani","@id":"https:\/\/www.daniperezfotografia.es\/wordpress\/#\/schema\/person\/e182c086037e8185dcc7e99e2c589a63"},"headline":"fotos de familia en el parque de el capricho","datePublished":"2015-11-30T11:46:31+00:00","dateModified":"2017-02-15T16:07:45+00:00","mainEntityOfPage":{"@id":"http:\/\/www.daniperezfotografia.es\/wordpress\/familias-infantil\/fotos-de-familia-en-el-parque-de-el-capricho"},"wordCount":206,"commentCount":0,"publisher":{"@id":"https:\/\/www.daniperezfotografia.es\/wordpress\/#organization"},"image":{"@id":"http:\/\/www.daniperezfotografia.es\/wordpress\/familias-infantil\/fotos-de-familia-en-el-parque-de-el-capricho#primaryimage"},"thumbnailUrl":"https:\/\/www.daniperezfotografia.es\/wordpress\/wp-content\/uploads\/2015\/11\/esther-carlos-manuela-sesion-fotos-familia-parque-capricho-1100.jpg","keywords":["Parque de El Capricho","sesion de bebe","sesion de familia"],"articleSection":["Reportajes de fotos de Familias en Madrid"],"inLanguage":"es","potentialAction":[{"@type":"CommentAction","name":"Comment","target":["http:\/\/www.daniperezfotografia.es\/wordpress\/familias-infantil\/fotos-de-familia-en-el-parque-de-el-capricho#respond"]}]},{"@type":"WebPage","@id":"http:\/\/www.daniperezfotografia.es\/wordpress\/familias-infantil\/fotos-de-familia-en-el-parque-de-el-capricho","url":"http:\/\/www.daniperezfotografia.es\/wordpress\/familias-infantil\/fotos-de-familia-en-el-parque-de-el-capricho","name":"fotos de familia en el parque de el capricho","isPartOf":{"@id":"https:\/\/www.daniperezfotografia.es\/wordpress\/#website"},"primaryImageOfPage":{"@id":"http:\/\/www.daniperezfotografia.es\/wordpress\/familias-infantil\/fotos-de-familia-en-el-parque-de-el-capricho#primaryimage"},"image":{"@id":"http:\/\/www.daniperezfotografia.es\/wordpress\/familias-infantil\/fotos-de-familia-en-el-parque-de-el-capricho#primaryimage"},"thumbnailUrl":"https:\/\/www.daniperezfotografia.es\/wordpress\/wp-content\/uploads\/2015\/11\/esther-carlos-manuela-sesion-fotos-familia-parque-capricho-1100.jpg","datePublished":"2015-11-30T11:46:31+00:00","dateModified":"2017-02-15T16:07:45+00:00","description":"Una tarde en familia, disfrutando de vuestro bebe, en un jard\u00edn hist\u00f3rico cerca de la Alameda de Osuna.","breadcrumb":{"@id":"http:\/\/www.daniperezfotografia.es\/wordpress\/familias-infantil\/fotos-de-familia-en-el-parque-de-el-capricho#breadcrumb"},"inLanguage":"es","potentialAction":[{"@type":"ReadAction","target":["http:\/\/www.daniperezfotografia.es\/wordpress\/familias-infantil\/fotos-de-familia-en-el-parque-de-el-capricho"]}]},{"@type":"ImageObject","inLanguage":"es","@id":"http:\/\/www.daniperezfotografia.es\/wordpress\/familias-infantil\/fotos-de-familia-en-el-parque-de-el-capricho#primaryimage","url":"https:\/\/www.daniperezfotografia.es\/wordpress\/wp-content\/uploads\/2015\/11\/esther-carlos-manuela-sesion-fotos-familia-parque-capricho-1100.jpg","contentUrl":"https:\/\/www.daniperezfotografia.es\/wordpress\/wp-content\/uploads\/2015\/11\/esther-carlos-manuela-sesion-fotos-familia-parque-capricho-1100.jpg","width":1100,"height":732,"caption":"sesion de fotos de familia en el parque de el capricho"},{"@type":"BreadcrumbList","@id":"http:\/\/www.daniperezfotografia.es\/wordpress\/familias-infantil\/fotos-de-familia-en-el-parque-de-el-capricho#breadcrumb","itemListElement":[{"@type":"ListItem","position":1,"name":"Portada","item":"https:\/\/www.daniperezfotografia.es\/wordpress\/"},{"@type":"ListItem","position":2,"name":"fotos de familia en el parque de el capricho"}]},{"@type":"WebSite","@id":"https:\/\/www.daniperezfotografia.es\/wordpress\/#website","url":"https:\/\/www.daniperezfotografia.es\/wordpress\/","name":"Dani Perez Fotografia | Fotografo Profesional en Madrid","description":"Reportajes de bodas, bautizos, comuniones y sesiones de familia para particulares. Eventos, conferencias y retrato corporativo para empresas. Video de conferencias","publisher":{"@id":"https:\/\/www.daniperezfotografia.es\/wordpress\/#organization"},"potentialAction":[{"@type":"SearchAction","target":{"@type":"EntryPoint","urlTemplate":"https:\/\/www.daniperezfotografia.es\/wordpress\/?s={search_term_string}"},"query-input":{"@type":"PropertyValueSpecification","valueRequired":true,"valueName":"search_term_string"}}],"inLanguage":"es"},{"@type":"Organization","@id":"https:\/\/www.daniperezfotografia.es\/wordpress\/#organization","name":"Dani Perez Fotografia y Video","url":"https:\/\/www.daniperezfotografia.es\/wordpress\/","logo":{"@type":"ImageObject","inLanguage":"es","@id":"https:\/\/www.daniperezfotografia.es\/wordpress\/#\/schema\/logo\/image\/","url":"","contentUrl":"","caption":"Dani Perez Fotografia y Video"},"image":{"@id":"https:\/\/www.daniperezfotografia.es\/wordpress\/#\/schema\/logo\/image\/"},"sameAs":["https:\/\/www.facebook.com\/daniperezfotografia","https:\/\/x.com\/daniperezfoto","https:\/\/instagram.com\/daniperezfotografia\/","https:\/\/www.linkedin.com\/pub\/dani-perez-fotografo\/b2\/3b0\/594"]},{"@type":"Person","@id":"https:\/\/www.daniperezfotografia.es\/wordpress\/#\/schema\/person\/e182c086037e8185dcc7e99e2c589a63","name":"Dani","sameAs":["http:\/\/www.daniperezfotografia.es","https:\/\/www.facebook.com\/daniperezfotografia","https:\/\/x.com\/daniperezfoto"]}]}},"_links":{"self":[{"href":"https:\/\/www.daniperezfotografia.es\/wordpress\/wp-json\/wp\/v2\/posts\/10116","targetHints":{"allow":["GET"]}}],"collection":[{"href":"https:\/\/www.daniperezfotografia.es\/wordpress\/wp-json\/wp\/v2\/posts"}],"about":[{"href":"https:\/\/www.daniperezfotografia.es\/wordpress\/wp-json\/wp\/v2\/types\/post"}],"author":[{"embeddable":true,"href":"https:\/\/www.daniperezfotografia.es\/wordpress\/wp-json\/wp\/v2\/users\/1"}],"replies":[{"embeddable":true,"href":"https:\/\/www.daniperezfotografia.es\/wordpress\/wp-json\/wp\/v2\/comments?post=10116"}],"version-history":[{"count":3,"href":"https:\/\/www.daniperezfotografia.es\/wordpress\/wp-json\/wp\/v2\/posts\/10116\/revisions"}],"predecessor-version":[{"id":11471,"href":"https:\/\/www.daniperezfotografia.es\/wordpress\/wp-json\/wp\/v2\/posts\/10116\/revisions\/11471"}],"wp:featuredmedia":[{"embeddable":true,"href":"https:\/\/www.daniperezfotografia.es\/wordpress\/wp-json\/wp\/v2\/media\/11343"}],"wp:attachment":[{"href":"https:\/\/www.daniperezfotografia.es\/wordpress\/wp-json\/wp\/v2\/media?parent=10116"}],"wp:term":[{"taxonomy":"category","embeddable":true,"href":"https:\/\/www.daniperezfotografia.es\/wordpress\/wp-json\/wp\/v2\/categories?post=10116"},{"taxonomy":"post_tag","embeddable":true,"href":"https:\/\/www.daniperezfotografia.es\/wordpress\/wp-json\/wp\/v2\/tags?post=10116"}],"curies":[{"name":"wp","href":"https:\/\/api.w.org\/{rel}","templated":true}]}}