{"id":10096,"date":"2016-04-02T21:00:30","date_gmt":"2016-04-02T20:00:30","guid":{"rendered":"http:\/\/www.daniperezfotografia.es\/wordpress\/?p=10096"},"modified":"2017-02-15T16:54:51","modified_gmt":"2017-02-15T15:54:51","slug":"fotografo-bautizos-pozuelo","status":"publish","type":"post","link":"https:\/\/www.daniperezfotografia.es\/wordpress\/fotos-de-bautizo\/fotografo-bautizos-pozuelo","title":{"rendered":"Fotografo de bautizos en Pozuelo"},"content":{"rendered":"<p style=\"text-align: center;\"><img loading=\"lazy\" decoding=\"async\" class=\"alignnone size-full wp-image-10432\" src=\"http:\/\/www.daniperezfotografia.es\/wordpress\/wp-content\/uploads\/2016\/03\/02-10096-post\/fotografo-pozuelo-reportaje-fotos-bautizo-0003.jpg\" alt=\"fotografo pozuelo reportaje fotos bautizo\" width=\"900\" height=\"599\" srcset=\"https:\/\/www.daniperezfotografia.es\/wordpress\/wp-content\/uploads\/2016\/03\/02-10096-post\/fotografo-pozuelo-reportaje-fotos-bautizo-0003.jpg 900w, https:\/\/www.daniperezfotografia.es\/wordpress\/wp-content\/uploads\/2016\/03\/02-10096-post\/fotografo-pozuelo-reportaje-fotos-bautizo-0003-750x499.jpg 750w, https:\/\/www.daniperezfotografia.es\/wordpress\/wp-content\/uploads\/2016\/03\/02-10096-post\/fotografo-pozuelo-reportaje-fotos-bautizo-0003-768x511.jpg 768w, https:\/\/www.daniperezfotografia.es\/wordpress\/wp-content\/uploads\/2016\/03\/02-10096-post\/fotografo-pozuelo-reportaje-fotos-bautizo-0003-860x573.jpg 860w, https:\/\/www.daniperezfotografia.es\/wordpress\/wp-content\/uploads\/2016\/03\/02-10096-post\/fotografo-pozuelo-reportaje-fotos-bautizo-0003-273x182.jpg 273w, https:\/\/www.daniperezfotografia.es\/wordpress\/wp-content\/uploads\/2016\/03\/02-10096-post\/fotografo-pozuelo-reportaje-fotos-bautizo-0003-546x364.jpg 546w\" sizes=\"auto, (max-width: 900px) 100vw, 900px\" \/><img loading=\"lazy\" decoding=\"async\" class=\"alignnone size-full wp-image-10434\" src=\"http:\/\/www.daniperezfotografia.es\/wordpress\/wp-content\/uploads\/2016\/03\/02-10096-post\/fotografo-pozuelo-reportaje-fotos-bautizo-0005.jpg\" alt=\"fotografo pozuelo reportaje fotos bautizo\" width=\"900\" height=\"599\" srcset=\"https:\/\/www.daniperezfotografia.es\/wordpress\/wp-content\/uploads\/2016\/03\/02-10096-post\/fotografo-pozuelo-reportaje-fotos-bautizo-0005.jpg 900w, https:\/\/www.daniperezfotografia.es\/wordpress\/wp-content\/uploads\/2016\/03\/02-10096-post\/fotografo-pozuelo-reportaje-fotos-bautizo-0005-750x499.jpg 750w, https:\/\/www.daniperezfotografia.es\/wordpress\/wp-content\/uploads\/2016\/03\/02-10096-post\/fotografo-pozuelo-reportaje-fotos-bautizo-0005-768x511.jpg 768w\" sizes=\"auto, (max-width: 900px) 100vw, 900px\" \/><img loading=\"lazy\" decoding=\"async\" class=\"alignnone size-full wp-image-10435\" src=\"http:\/\/www.daniperezfotografia.es\/wordpress\/wp-content\/uploads\/2016\/03\/02-10096-post\/fotografo-pozuelo-reportaje-fotos-bautizo-0006.jpg\" alt=\"fotografo pozuelo reportaje fotos bautizo\" width=\"900\" height=\"599\" srcset=\"https:\/\/www.daniperezfotografia.es\/wordpress\/wp-content\/uploads\/2016\/03\/02-10096-post\/fotografo-pozuelo-reportaje-fotos-bautizo-0006.jpg 900w, https:\/\/www.daniperezfotografia.es\/wordpress\/wp-content\/uploads\/2016\/03\/02-10096-post\/fotografo-pozuelo-reportaje-fotos-bautizo-0006-750x499.jpg 750w, https:\/\/www.daniperezfotografia.es\/wordpress\/wp-content\/uploads\/2016\/03\/02-10096-post\/fotografo-pozuelo-reportaje-fotos-bautizo-0006-768x511.jpg 768w\" sizes=\"auto, (max-width: 900px) 100vw, 900px\" \/><img loading=\"lazy\" decoding=\"async\" class=\"alignnone size-full wp-image-10436\" src=\"http:\/\/www.daniperezfotografia.es\/wordpress\/wp-content\/uploads\/2016\/03\/02-10096-post\/fotografo-pozuelo-reportaje-fotos-bautizo-0002.jpg\" alt=\"fotografo pozuelo reportaje fotos bautizo\" width=\"900\" height=\"599\" srcset=\"https:\/\/www.daniperezfotografia.es\/wordpress\/wp-content\/uploads\/2016\/03\/02-10096-post\/fotografo-pozuelo-reportaje-fotos-bautizo-0002.jpg 900w, https:\/\/www.daniperezfotografia.es\/wordpress\/wp-content\/uploads\/2016\/03\/02-10096-post\/fotografo-pozuelo-reportaje-fotos-bautizo-0002-750x499.jpg 750w, https:\/\/www.daniperezfotografia.es\/wordpress\/wp-content\/uploads\/2016\/03\/02-10096-post\/fotografo-pozuelo-reportaje-fotos-bautizo-0002-768x511.jpg 768w\" sizes=\"auto, (max-width: 900px) 100vw, 900px\" \/><img loading=\"lazy\" decoding=\"async\" class=\"alignnone size-full wp-image-10437\" src=\"http:\/\/www.daniperezfotografia.es\/wordpress\/wp-content\/uploads\/2016\/03\/02-10096-post\/fotografo-pozuelo-reportaje-fotos-bautizo-0001.jpg\" alt=\"fotografo pozuelo reportaje fotos bautizo\" width=\"900\" height=\"599\" srcset=\"https:\/\/www.daniperezfotografia.es\/wordpress\/wp-content\/uploads\/2016\/03\/02-10096-post\/fotografo-pozuelo-reportaje-fotos-bautizo-0001.jpg 900w, https:\/\/www.daniperezfotografia.es\/wordpress\/wp-content\/uploads\/2016\/03\/02-10096-post\/fotografo-pozuelo-reportaje-fotos-bautizo-0001-750x499.jpg 750w, https:\/\/www.daniperezfotografia.es\/wordpress\/wp-content\/uploads\/2016\/03\/02-10096-post\/fotografo-pozuelo-reportaje-fotos-bautizo-0001-768x511.jpg 768w\" sizes=\"auto, (max-width: 900px) 100vw, 900px\" \/><img loading=\"lazy\" decoding=\"async\" class=\"alignnone size-full wp-image-10438\" src=\"http:\/\/www.daniperezfotografia.es\/wordpress\/wp-content\/uploads\/2016\/03\/02-10096-post\/fotografo-pozuelo-reportaje-fotos-bautizo-0008.jpg\" alt=\"fotografo pozuelo reportaje fotos bautizo\" width=\"900\" height=\"599\" srcset=\"https:\/\/www.daniperezfotografia.es\/wordpress\/wp-content\/uploads\/2016\/03\/02-10096-post\/fotografo-pozuelo-reportaje-fotos-bautizo-0008.jpg 900w, https:\/\/www.daniperezfotografia.es\/wordpress\/wp-content\/uploads\/2016\/03\/02-10096-post\/fotografo-pozuelo-reportaje-fotos-bautizo-0008-750x499.jpg 750w, https:\/\/www.daniperezfotografia.es\/wordpress\/wp-content\/uploads\/2016\/03\/02-10096-post\/fotografo-pozuelo-reportaje-fotos-bautizo-0008-768x511.jpg 768w\" sizes=\"auto, (max-width: 900px) 100vw, 900px\" \/><img loading=\"lazy\" decoding=\"async\" class=\"alignnone size-full wp-image-10439\" src=\"http:\/\/www.daniperezfotografia.es\/wordpress\/wp-content\/uploads\/2016\/03\/02-10096-post\/fotografo-pozuelo-reportaje-fotos-bautizo-0009.jpg\" alt=\"fotografo pozuelo reportaje fotos bautizo\" width=\"900\" height=\"599\" srcset=\"https:\/\/www.daniperezfotografia.es\/wordpress\/wp-content\/uploads\/2016\/03\/02-10096-post\/fotografo-pozuelo-reportaje-fotos-bautizo-0009.jpg 900w, https:\/\/www.daniperezfotografia.es\/wordpress\/wp-content\/uploads\/2016\/03\/02-10096-post\/fotografo-pozuelo-reportaje-fotos-bautizo-0009-750x499.jpg 750w, https:\/\/www.daniperezfotografia.es\/wordpress\/wp-content\/uploads\/2016\/03\/02-10096-post\/fotografo-pozuelo-reportaje-fotos-bautizo-0009-768x511.jpg 768w\" sizes=\"auto, (max-width: 900px) 100vw, 900px\" \/><img loading=\"lazy\" decoding=\"async\" class=\"alignnone size-full wp-image-10440\" src=\"http:\/\/www.daniperezfotografia.es\/wordpress\/wp-content\/uploads\/2016\/03\/02-10096-post\/fotografo-pozuelo-reportaje-fotos-bautizo-0010.jpg\" alt=\"fotografo pozuelo reportaje fotos bautizo\" width=\"900\" height=\"599\" srcset=\"https:\/\/www.daniperezfotografia.es\/wordpress\/wp-content\/uploads\/2016\/03\/02-10096-post\/fotografo-pozuelo-reportaje-fotos-bautizo-0010.jpg 900w, https:\/\/www.daniperezfotografia.es\/wordpress\/wp-content\/uploads\/2016\/03\/02-10096-post\/fotografo-pozuelo-reportaje-fotos-bautizo-0010-750x499.jpg 750w, https:\/\/www.daniperezfotografia.es\/wordpress\/wp-content\/uploads\/2016\/03\/02-10096-post\/fotografo-pozuelo-reportaje-fotos-bautizo-0010-768x511.jpg 768w\" sizes=\"auto, (max-width: 900px) 100vw, 900px\" \/><img loading=\"lazy\" decoding=\"async\" class=\"alignnone size-full wp-image-10441\" src=\"http:\/\/www.daniperezfotografia.es\/wordpress\/wp-content\/uploads\/2016\/03\/02-10096-post\/fotografo-pozuelo-reportaje-fotos-bautizo-0011.jpg\" alt=\"fotografo pozuelo reportaje fotos bautizo\" width=\"900\" height=\"599\" srcset=\"https:\/\/www.daniperezfotografia.es\/wordpress\/wp-content\/uploads\/2016\/03\/02-10096-post\/fotografo-pozuelo-reportaje-fotos-bautizo-0011.jpg 900w, https:\/\/www.daniperezfotografia.es\/wordpress\/wp-content\/uploads\/2016\/03\/02-10096-post\/fotografo-pozuelo-reportaje-fotos-bautizo-0011-750x499.jpg 750w, https:\/\/www.daniperezfotografia.es\/wordpress\/wp-content\/uploads\/2016\/03\/02-10096-post\/fotografo-pozuelo-reportaje-fotos-bautizo-0011-768x511.jpg 768w\" sizes=\"auto, (max-width: 900px) 100vw, 900px\" \/><img loading=\"lazy\" decoding=\"async\" class=\"alignnone size-full wp-image-10442\" src=\"http:\/\/www.daniperezfotografia.es\/wordpress\/wp-content\/uploads\/2016\/03\/02-10096-post\/fotografo-pozuelo-reportaje-fotos-bautizo-0012.jpg\" alt=\"fotografo pozuelo reportaje fotos bautizo\" width=\"900\" height=\"599\" srcset=\"https:\/\/www.daniperezfotografia.es\/wordpress\/wp-content\/uploads\/2016\/03\/02-10096-post\/fotografo-pozuelo-reportaje-fotos-bautizo-0012.jpg 900w, https:\/\/www.daniperezfotografia.es\/wordpress\/wp-content\/uploads\/2016\/03\/02-10096-post\/fotografo-pozuelo-reportaje-fotos-bautizo-0012-750x499.jpg 750w, https:\/\/www.daniperezfotografia.es\/wordpress\/wp-content\/uploads\/2016\/03\/02-10096-post\/fotografo-pozuelo-reportaje-fotos-bautizo-0012-768x511.jpg 768w\" sizes=\"auto, (max-width: 900px) 100vw, 900px\" \/><img loading=\"lazy\" decoding=\"async\" class=\"alignnone size-full wp-image-10443\" src=\"http:\/\/www.daniperezfotografia.es\/wordpress\/wp-content\/uploads\/2016\/03\/02-10096-post\/fotografo-pozuelo-reportaje-fotos-bautizo-0013.jpg\" alt=\"fotografo pozuelo reportaje fotos bautizo\" width=\"900\" height=\"599\" srcset=\"https:\/\/www.daniperezfotografia.es\/wordpress\/wp-content\/uploads\/2016\/03\/02-10096-post\/fotografo-pozuelo-reportaje-fotos-bautizo-0013.jpg 900w, https:\/\/www.daniperezfotografia.es\/wordpress\/wp-content\/uploads\/2016\/03\/02-10096-post\/fotografo-pozuelo-reportaje-fotos-bautizo-0013-750x499.jpg 750w, https:\/\/www.daniperezfotografia.es\/wordpress\/wp-content\/uploads\/2016\/03\/02-10096-post\/fotografo-pozuelo-reportaje-fotos-bautizo-0013-768x511.jpg 768w\" sizes=\"auto, (max-width: 900px) 100vw, 900px\" \/><img loading=\"lazy\" decoding=\"async\" class=\"alignnone size-full wp-image-10444\" src=\"http:\/\/www.daniperezfotografia.es\/wordpress\/wp-content\/uploads\/2016\/03\/02-10096-post\/fotografo-pozuelo-reportaje-fotos-bautizo-0014.jpg\" alt=\"fotografo pozuelo reportaje fotos bautizo\" width=\"900\" height=\"599\" srcset=\"https:\/\/www.daniperezfotografia.es\/wordpress\/wp-content\/uploads\/2016\/03\/02-10096-post\/fotografo-pozuelo-reportaje-fotos-bautizo-0014.jpg 900w, https:\/\/www.daniperezfotografia.es\/wordpress\/wp-content\/uploads\/2016\/03\/02-10096-post\/fotografo-pozuelo-reportaje-fotos-bautizo-0014-750x499.jpg 750w, https:\/\/www.daniperezfotografia.es\/wordpress\/wp-content\/uploads\/2016\/03\/02-10096-post\/fotografo-pozuelo-reportaje-fotos-bautizo-0014-768x511.jpg 768w\" sizes=\"auto, (max-width: 900px) 100vw, 900px\" \/><img loading=\"lazy\" decoding=\"async\" class=\"alignnone size-full wp-image-10445\" src=\"http:\/\/www.daniperezfotografia.es\/wordpress\/wp-content\/uploads\/2016\/03\/02-10096-post\/fotografo-pozuelo-reportaje-fotos-bautizo-0015.jpg\" alt=\"fotografo pozuelo reportaje fotos bautizo\" width=\"900\" height=\"600\" srcset=\"https:\/\/www.daniperezfotografia.es\/wordpress\/wp-content\/uploads\/2016\/03\/02-10096-post\/fotografo-pozuelo-reportaje-fotos-bautizo-0015.jpg 900w, https:\/\/www.daniperezfotografia.es\/wordpress\/wp-content\/uploads\/2016\/03\/02-10096-post\/fotografo-pozuelo-reportaje-fotos-bautizo-0015-750x500.jpg 750w, https:\/\/www.daniperezfotografia.es\/wordpress\/wp-content\/uploads\/2016\/03\/02-10096-post\/fotografo-pozuelo-reportaje-fotos-bautizo-0015-768x512.jpg 768w\" sizes=\"auto, (max-width: 900px) 100vw, 900px\" \/><img loading=\"lazy\" decoding=\"async\" class=\"alignnone size-full wp-image-10446\" src=\"http:\/\/www.daniperezfotografia.es\/wordpress\/wp-content\/uploads\/2016\/03\/02-10096-post\/fotografo-pozuelo-reportaje-fotos-bautizo-0016.jpg\" alt=\"fotografo pozuelo reportaje fotos bautizo\" width=\"900\" height=\"599\" srcset=\"https:\/\/www.daniperezfotografia.es\/wordpress\/wp-content\/uploads\/2016\/03\/02-10096-post\/fotografo-pozuelo-reportaje-fotos-bautizo-0016.jpg 900w, https:\/\/www.daniperezfotografia.es\/wordpress\/wp-content\/uploads\/2016\/03\/02-10096-post\/fotografo-pozuelo-reportaje-fotos-bautizo-0016-750x499.jpg 750w, https:\/\/www.daniperezfotografia.es\/wordpress\/wp-content\/uploads\/2016\/03\/02-10096-post\/fotografo-pozuelo-reportaje-fotos-bautizo-0016-768x511.jpg 768w\" sizes=\"auto, (max-width: 900px) 100vw, 900px\" \/><img loading=\"lazy\" decoding=\"async\" class=\"alignnone size-full wp-image-10447\" src=\"http:\/\/www.daniperezfotografia.es\/wordpress\/wp-content\/uploads\/2016\/03\/02-10096-post\/fotografo-pozuelo-reportaje-fotos-bautizo-0017.jpg\" alt=\"fotografo pozuelo reportaje fotos bautizo\" width=\"900\" height=\"599\" srcset=\"https:\/\/www.daniperezfotografia.es\/wordpress\/wp-content\/uploads\/2016\/03\/02-10096-post\/fotografo-pozuelo-reportaje-fotos-bautizo-0017.jpg 900w, https:\/\/www.daniperezfotografia.es\/wordpress\/wp-content\/uploads\/2016\/03\/02-10096-post\/fotografo-pozuelo-reportaje-fotos-bautizo-0017-750x499.jpg 750w, https:\/\/www.daniperezfotografia.es\/wordpress\/wp-content\/uploads\/2016\/03\/02-10096-post\/fotografo-pozuelo-reportaje-fotos-bautizo-0017-768x511.jpg 768w\" sizes=\"auto, (max-width: 900px) 100vw, 900px\" \/><img loading=\"lazy\" decoding=\"async\" class=\"alignnone size-full wp-image-10448\" src=\"http:\/\/www.daniperezfotografia.es\/wordpress\/wp-content\/uploads\/2016\/03\/02-10096-post\/fotografo-pozuelo-reportaje-fotos-bautizo-0018.jpg\" alt=\"fotografo pozuelo reportaje fotos bautizo\" width=\"900\" height=\"599\" srcset=\"https:\/\/www.daniperezfotografia.es\/wordpress\/wp-content\/uploads\/2016\/03\/02-10096-post\/fotografo-pozuelo-reportaje-fotos-bautizo-0018.jpg 900w, https:\/\/www.daniperezfotografia.es\/wordpress\/wp-content\/uploads\/2016\/03\/02-10096-post\/fotografo-pozuelo-reportaje-fotos-bautizo-0018-750x499.jpg 750w, https:\/\/www.daniperezfotografia.es\/wordpress\/wp-content\/uploads\/2016\/03\/02-10096-post\/fotografo-pozuelo-reportaje-fotos-bautizo-0018-768x511.jpg 768w, https:\/\/www.daniperezfotografia.es\/wordpress\/wp-content\/uploads\/2016\/03\/02-10096-post\/fotografo-pozuelo-reportaje-fotos-bautizo-0018-860x573.jpg 860w, https:\/\/www.daniperezfotografia.es\/wordpress\/wp-content\/uploads\/2016\/03\/02-10096-post\/fotografo-pozuelo-reportaje-fotos-bautizo-0018-273x182.jpg 273w, https:\/\/www.daniperezfotografia.es\/wordpress\/wp-content\/uploads\/2016\/03\/02-10096-post\/fotografo-pozuelo-reportaje-fotos-bautizo-0018-546x364.jpg 546w, https:\/\/www.daniperezfotografia.es\/wordpress\/wp-content\/uploads\/2016\/03\/02-10096-post\/fotografo-pozuelo-reportaje-fotos-bautizo-0018-736x490.jpg 736w\" sizes=\"auto, (max-width: 900px) 100vw, 900px\" \/><img loading=\"lazy\" decoding=\"async\" class=\"alignnone size-full wp-image-10449\" src=\"http:\/\/www.daniperezfotografia.es\/wordpress\/wp-content\/uploads\/2016\/03\/02-10096-post\/fotografo-pozuelo-reportaje-fotos-bautizo-0019.jpg\" alt=\"fotografo pozuelo reportaje fotos bautizo\" width=\"900\" height=\"599\" srcset=\"https:\/\/www.daniperezfotografia.es\/wordpress\/wp-content\/uploads\/2016\/03\/02-10096-post\/fotografo-pozuelo-reportaje-fotos-bautizo-0019.jpg 900w, https:\/\/www.daniperezfotografia.es\/wordpress\/wp-content\/uploads\/2016\/03\/02-10096-post\/fotografo-pozuelo-reportaje-fotos-bautizo-0019-750x499.jpg 750w, https:\/\/www.daniperezfotografia.es\/wordpress\/wp-content\/uploads\/2016\/03\/02-10096-post\/fotografo-pozuelo-reportaje-fotos-bautizo-0019-768x511.jpg 768w\" sizes=\"auto, (max-width: 900px) 100vw, 900px\" \/><img loading=\"lazy\" decoding=\"async\" class=\"alignnone size-full wp-image-10450\" src=\"http:\/\/www.daniperezfotografia.es\/wordpress\/wp-content\/uploads\/2016\/03\/02-10096-post\/fotografo-pozuelo-reportaje-fotos-bautizo-0020.jpg\" alt=\"fotografo pozuelo reportaje fotos bautizo\" width=\"900\" height=\"599\" srcset=\"https:\/\/www.daniperezfotografia.es\/wordpress\/wp-content\/uploads\/2016\/03\/02-10096-post\/fotografo-pozuelo-reportaje-fotos-bautizo-0020.jpg 900w, https:\/\/www.daniperezfotografia.es\/wordpress\/wp-content\/uploads\/2016\/03\/02-10096-post\/fotografo-pozuelo-reportaje-fotos-bautizo-0020-750x499.jpg 750w, https:\/\/www.daniperezfotografia.es\/wordpress\/wp-content\/uploads\/2016\/03\/02-10096-post\/fotografo-pozuelo-reportaje-fotos-bautizo-0020-768x511.jpg 768w\" sizes=\"auto, (max-width: 900px) 100vw, 900px\" \/><img loading=\"lazy\" decoding=\"async\" class=\"alignnone size-full wp-image-10451\" src=\"http:\/\/www.daniperezfotografia.es\/wordpress\/wp-content\/uploads\/2016\/03\/02-10096-post\/fotografo-pozuelo-reportaje-fotos-bautizo-0021.jpg\" alt=\"fotografo pozuelo reportaje fotos bautizo\" width=\"900\" height=\"599\" srcset=\"https:\/\/www.daniperezfotografia.es\/wordpress\/wp-content\/uploads\/2016\/03\/02-10096-post\/fotografo-pozuelo-reportaje-fotos-bautizo-0021.jpg 900w, https:\/\/www.daniperezfotografia.es\/wordpress\/wp-content\/uploads\/2016\/03\/02-10096-post\/fotografo-pozuelo-reportaje-fotos-bautizo-0021-750x499.jpg 750w, https:\/\/www.daniperezfotografia.es\/wordpress\/wp-content\/uploads\/2016\/03\/02-10096-post\/fotografo-pozuelo-reportaje-fotos-bautizo-0021-768x511.jpg 768w\" sizes=\"auto, (max-width: 900px) 100vw, 900px\" \/><img loading=\"lazy\" decoding=\"async\" class=\"alignnone size-full wp-image-10452\" src=\"http:\/\/www.daniperezfotografia.es\/wordpress\/wp-content\/uploads\/2016\/03\/02-10096-post\/fotografo-pozuelo-reportaje-fotos-bautizo-0022.jpg\" alt=\"fotografo pozuelo reportaje fotos bautizo\" width=\"900\" height=\"599\" srcset=\"https:\/\/www.daniperezfotografia.es\/wordpress\/wp-content\/uploads\/2016\/03\/02-10096-post\/fotografo-pozuelo-reportaje-fotos-bautizo-0022.jpg 900w, https:\/\/www.daniperezfotografia.es\/wordpress\/wp-content\/uploads\/2016\/03\/02-10096-post\/fotografo-pozuelo-reportaje-fotos-bautizo-0022-750x499.jpg 750w, https:\/\/www.daniperezfotografia.es\/wordpress\/wp-content\/uploads\/2016\/03\/02-10096-post\/fotografo-pozuelo-reportaje-fotos-bautizo-0022-768x511.jpg 768w\" sizes=\"auto, (max-width: 900px) 100vw, 900px\" \/><img loading=\"lazy\" decoding=\"async\" class=\"alignnone size-full wp-image-10453\" src=\"http:\/\/www.daniperezfotografia.es\/wordpress\/wp-content\/uploads\/2016\/03\/02-10096-post\/fotografo-pozuelo-reportaje-fotos-bautizo-0023.jpg\" alt=\"fotografo pozuelo reportaje fotos bautizo\" width=\"900\" height=\"599\" srcset=\"https:\/\/www.daniperezfotografia.es\/wordpress\/wp-content\/uploads\/2016\/03\/02-10096-post\/fotografo-pozuelo-reportaje-fotos-bautizo-0023.jpg 900w, https:\/\/www.daniperezfotografia.es\/wordpress\/wp-content\/uploads\/2016\/03\/02-10096-post\/fotografo-pozuelo-reportaje-fotos-bautizo-0023-750x499.jpg 750w, https:\/\/www.daniperezfotografia.es\/wordpress\/wp-content\/uploads\/2016\/03\/02-10096-post\/fotografo-pozuelo-reportaje-fotos-bautizo-0023-768x511.jpg 768w\" sizes=\"auto, (max-width: 900px) 100vw, 900px\" \/><img loading=\"lazy\" decoding=\"async\" class=\"alignnone size-full wp-image-10454\" src=\"http:\/\/www.daniperezfotografia.es\/wordpress\/wp-content\/uploads\/2016\/03\/02-10096-post\/fotografo-pozuelo-reportaje-fotos-bautizo-0024.jpg\" alt=\"fotografo pozuelo reportaje fotos bautizo\" width=\"900\" height=\"599\" srcset=\"https:\/\/www.daniperezfotografia.es\/wordpress\/wp-content\/uploads\/2016\/03\/02-10096-post\/fotografo-pozuelo-reportaje-fotos-bautizo-0024.jpg 900w, https:\/\/www.daniperezfotografia.es\/wordpress\/wp-content\/uploads\/2016\/03\/02-10096-post\/fotografo-pozuelo-reportaje-fotos-bautizo-0024-750x499.jpg 750w, https:\/\/www.daniperezfotografia.es\/wordpress\/wp-content\/uploads\/2016\/03\/02-10096-post\/fotografo-pozuelo-reportaje-fotos-bautizo-0024-768x511.jpg 768w\" sizes=\"auto, (max-width: 900px) 100vw, 900px\" \/><img loading=\"lazy\" decoding=\"async\" class=\"alignnone size-full wp-image-10455\" src=\"http:\/\/www.daniperezfotografia.es\/wordpress\/wp-content\/uploads\/2016\/03\/02-10096-post\/fotografo-pozuelo-reportaje-fotos-bautizo-0025.jpg\" alt=\"fotografo pozuelo reportaje fotos bautizo\" width=\"900\" height=\"599\" srcset=\"https:\/\/www.daniperezfotografia.es\/wordpress\/wp-content\/uploads\/2016\/03\/02-10096-post\/fotografo-pozuelo-reportaje-fotos-bautizo-0025.jpg 900w, https:\/\/www.daniperezfotografia.es\/wordpress\/wp-content\/uploads\/2016\/03\/02-10096-post\/fotografo-pozuelo-reportaje-fotos-bautizo-0025-750x499.jpg 750w, https:\/\/www.daniperezfotografia.es\/wordpress\/wp-content\/uploads\/2016\/03\/02-10096-post\/fotografo-pozuelo-reportaje-fotos-bautizo-0025-768x511.jpg 768w\" sizes=\"auto, (max-width: 900px) 100vw, 900px\" \/><img loading=\"lazy\" decoding=\"async\" class=\"alignnone size-full wp-image-10456\" src=\"http:\/\/www.daniperezfotografia.es\/wordpress\/wp-content\/uploads\/2016\/03\/02-10096-post\/fotografo-pozuelo-reportaje-fotos-bautizo-0026.jpg\" alt=\"fotografo pozuelo reportaje fotos bautizo\" width=\"900\" height=\"599\" srcset=\"https:\/\/www.daniperezfotografia.es\/wordpress\/wp-content\/uploads\/2016\/03\/02-10096-post\/fotografo-pozuelo-reportaje-fotos-bautizo-0026.jpg 900w, https:\/\/www.daniperezfotografia.es\/wordpress\/wp-content\/uploads\/2016\/03\/02-10096-post\/fotografo-pozuelo-reportaje-fotos-bautizo-0026-750x499.jpg 750w, https:\/\/www.daniperezfotografia.es\/wordpress\/wp-content\/uploads\/2016\/03\/02-10096-post\/fotografo-pozuelo-reportaje-fotos-bautizo-0026-768x511.jpg 768w\" sizes=\"auto, (max-width: 900px) 100vw, 900px\" \/><img loading=\"lazy\" decoding=\"async\" class=\"alignnone size-full wp-image-10457\" src=\"http:\/\/www.daniperezfotografia.es\/wordpress\/wp-content\/uploads\/2016\/03\/02-10096-post\/fotografo-pozuelo-reportaje-fotos-bautizo-0027.jpg\" alt=\"fotografo pozuelo reportaje fotos bautizo\" width=\"900\" height=\"599\" srcset=\"https:\/\/www.daniperezfotografia.es\/wordpress\/wp-content\/uploads\/2016\/03\/02-10096-post\/fotografo-pozuelo-reportaje-fotos-bautizo-0027.jpg 900w, https:\/\/www.daniperezfotografia.es\/wordpress\/wp-content\/uploads\/2016\/03\/02-10096-post\/fotografo-pozuelo-reportaje-fotos-bautizo-0027-750x499.jpg 750w, https:\/\/www.daniperezfotografia.es\/wordpress\/wp-content\/uploads\/2016\/03\/02-10096-post\/fotografo-pozuelo-reportaje-fotos-bautizo-0027-768x511.jpg 768w\" sizes=\"auto, (max-width: 900px) 100vw, 900px\" \/><img loading=\"lazy\" decoding=\"async\" class=\"alignnone size-full wp-image-10458\" src=\"http:\/\/www.daniperezfotografia.es\/wordpress\/wp-content\/uploads\/2016\/03\/02-10096-post\/fotografo-pozuelo-reportaje-fotos-bautizo-0028.jpg\" alt=\"fotografo pozuelo reportaje fotos bautizo\" width=\"900\" height=\"599\" srcset=\"https:\/\/www.daniperezfotografia.es\/wordpress\/wp-content\/uploads\/2016\/03\/02-10096-post\/fotografo-pozuelo-reportaje-fotos-bautizo-0028.jpg 900w, https:\/\/www.daniperezfotografia.es\/wordpress\/wp-content\/uploads\/2016\/03\/02-10096-post\/fotografo-pozuelo-reportaje-fotos-bautizo-0028-750x499.jpg 750w, https:\/\/www.daniperezfotografia.es\/wordpress\/wp-content\/uploads\/2016\/03\/02-10096-post\/fotografo-pozuelo-reportaje-fotos-bautizo-0028-768x511.jpg 768w\" sizes=\"auto, (max-width: 900px) 100vw, 900px\" \/><img loading=\"lazy\" decoding=\"async\" class=\"alignnone size-full wp-image-10459\" src=\"http:\/\/www.daniperezfotografia.es\/wordpress\/wp-content\/uploads\/2016\/03\/02-10096-post\/fotografo-pozuelo-reportaje-fotos-bautizo-0029.jpg\" alt=\"fotografo pozuelo reportaje fotos bautizo\" width=\"900\" height=\"599\" srcset=\"https:\/\/www.daniperezfotografia.es\/wordpress\/wp-content\/uploads\/2016\/03\/02-10096-post\/fotografo-pozuelo-reportaje-fotos-bautizo-0029.jpg 900w, https:\/\/www.daniperezfotografia.es\/wordpress\/wp-content\/uploads\/2016\/03\/02-10096-post\/fotografo-pozuelo-reportaje-fotos-bautizo-0029-750x499.jpg 750w, https:\/\/www.daniperezfotografia.es\/wordpress\/wp-content\/uploads\/2016\/03\/02-10096-post\/fotografo-pozuelo-reportaje-fotos-bautizo-0029-768x511.jpg 768w\" sizes=\"auto, (max-width: 900px) 100vw, 900px\" \/><img loading=\"lazy\" decoding=\"async\" class=\"alignnone size-full wp-image-10460\" src=\"http:\/\/www.daniperezfotografia.es\/wordpress\/wp-content\/uploads\/2016\/03\/02-10096-post\/fotografo-pozuelo-reportaje-fotos-bautizo-0030.jpg\" alt=\"fotografo pozuelo reportaje fotos bautizo\" width=\"900\" height=\"599\" srcset=\"https:\/\/www.daniperezfotografia.es\/wordpress\/wp-content\/uploads\/2016\/03\/02-10096-post\/fotografo-pozuelo-reportaje-fotos-bautizo-0030.jpg 900w, https:\/\/www.daniperezfotografia.es\/wordpress\/wp-content\/uploads\/2016\/03\/02-10096-post\/fotografo-pozuelo-reportaje-fotos-bautizo-0030-750x499.jpg 750w, https:\/\/www.daniperezfotografia.es\/wordpress\/wp-content\/uploads\/2016\/03\/02-10096-post\/fotografo-pozuelo-reportaje-fotos-bautizo-0030-768x511.jpg 768w\" sizes=\"auto, (max-width: 900px) 100vw, 900px\" \/><img loading=\"lazy\" decoding=\"async\" class=\"alignnone size-full wp-image-10461\" src=\"http:\/\/www.daniperezfotografia.es\/wordpress\/wp-content\/uploads\/2016\/03\/02-10096-post\/fotografo-pozuelo-reportaje-fotos-bautizo-0031.jpg\" alt=\"fotografo pozuelo reportaje fotos bautizo\" width=\"900\" height=\"599\" srcset=\"https:\/\/www.daniperezfotografia.es\/wordpress\/wp-content\/uploads\/2016\/03\/02-10096-post\/fotografo-pozuelo-reportaje-fotos-bautizo-0031.jpg 900w, https:\/\/www.daniperezfotografia.es\/wordpress\/wp-content\/uploads\/2016\/03\/02-10096-post\/fotografo-pozuelo-reportaje-fotos-bautizo-0031-750x499.jpg 750w, https:\/\/www.daniperezfotografia.es\/wordpress\/wp-content\/uploads\/2016\/03\/02-10096-post\/fotografo-pozuelo-reportaje-fotos-bautizo-0031-768x511.jpg 768w\" sizes=\"auto, (max-width: 900px) 100vw, 900px\" \/><img loading=\"lazy\" decoding=\"async\" class=\"alignnone size-full wp-image-10462\" src=\"http:\/\/www.daniperezfotografia.es\/wordpress\/wp-content\/uploads\/2016\/03\/02-10096-post\/fotografo-pozuelo-reportaje-fotos-bautizo-0032.jpg\" alt=\"fotografo pozuelo reportaje fotos bautizo\" width=\"900\" height=\"599\" srcset=\"https:\/\/www.daniperezfotografia.es\/wordpress\/wp-content\/uploads\/2016\/03\/02-10096-post\/fotografo-pozuelo-reportaje-fotos-bautizo-0032.jpg 900w, https:\/\/www.daniperezfotografia.es\/wordpress\/wp-content\/uploads\/2016\/03\/02-10096-post\/fotografo-pozuelo-reportaje-fotos-bautizo-0032-750x499.jpg 750w, https:\/\/www.daniperezfotografia.es\/wordpress\/wp-content\/uploads\/2016\/03\/02-10096-post\/fotografo-pozuelo-reportaje-fotos-bautizo-0032-768x511.jpg 768w\" sizes=\"auto, (max-width: 900px) 100vw, 900px\" \/><\/p>\n<p style=\"text-align: center;\">Os invito a ver, los <a href=\"http:\/\/www.daniperezfotografia.es\/wordpress\/fotos-de-bautizo\/album-de-fotos-de-bautizo-para-los-abuelos\">\u00e1lbumes de fotos de bautizos<\/a> que dise\u00f1amos para los papas y los abuelos<\/p>\n<p style=\"text-align: center;\"><em>Acabamos de ver las fotos del bautizo, que maravilla, que recuerdo mas bonito nos ha quedado.<br \/>\nHas captado fenomenal la alegr\u00eda y emoci\u00f3n del momento.<br \/>\nHa sido un placer conocerte Dani.<\/em><\/p>\n<p style=\"text-align: center;\"><strong>Julia (<\/strong>la mam\u00e1 de las peques<strong>)<\/strong><\/p>\n","protected":false},"excerpt":{"rendered":"<p>Os invito a ver, los \u00e1lbumes de fotos de bautizos que dise\u00f1amos para los papas y los abuelos Acabamos de ver las fotos del bautizo, que maravilla, que recuerdo mas bonito nos ha quedado. Has captado fenomenal la alegr\u00eda y emoci\u00f3n del momento. Ha sido un placer conocerte Dani. Julia (la mam\u00e1 de las peques)<\/p>\n","protected":false},"author":1,"featured_media":11232,"comment_status":"open","ping_status":"open","sticky":false,"template":"","format":"standard","meta":{"footnotes":""},"categories":[668],"tags":[866,923],"class_list":["post-10096","post","type-post","status-publish","format-standard","has-post-thumbnail","hentry","category-fotos-de-bautizo","tag-bautizo-en-pozuelo","tag-iglesia-de-nuestra-sra-del-carmen"],"blocksy_meta":{"styles_descriptor":{"styles":{"desktop":"","tablet":"","mobile":""},"google_fonts":[],"version":6}},"yoast_head":"<!-- This site is optimized with the Yoast SEO plugin v27.4 - https:\/\/yoast.com\/product\/yoast-seo-wordpress\/ -->\n<title>Fotografo de bautizos en Pozuelo<\/title>\n<meta name=\"description\" content=\"Fotografo de bautizos en pozuelo: Reportaje de bautizo de las gemelas Carlota y Martina en la Iglesia de Pozuelo\" \/>\n<meta name=\"robots\" content=\"index, follow, max-snippet:-1, max-image-preview:large, max-video-preview:-1\" \/>\n<link rel=\"canonical\" href=\"http:\/\/www.daniperezfotografia.es\/wordpress\/fotos-de-bautizo\/fotografo-bautizos-pozuelo\" \/>\n<meta property=\"og:locale\" content=\"es_ES\" \/>\n<meta property=\"og:type\" content=\"article\" \/>\n<meta property=\"og:title\" content=\"Fotografo de bautizos en Pozuelo\" \/>\n<meta property=\"og:description\" content=\"Fotografo de bautizos en pozuelo: Reportaje de bautizo de las gemelas Carlota y Martina en la Iglesia de Pozuelo\" \/>\n<meta property=\"og:url\" content=\"http:\/\/www.daniperezfotografia.es\/wordpress\/fotos-de-bautizo\/fotografo-bautizos-pozuelo\" \/>\n<meta property=\"og:site_name\" content=\"Dani Perez Fotografia | Fotografo Profesional en Madrid\" \/>\n<meta property=\"article:publisher\" content=\"https:\/\/www.facebook.com\/daniperezfotografia\" \/>\n<meta property=\"article:author\" content=\"https:\/\/www.facebook.com\/daniperezfotografia\" \/>\n<meta property=\"article:published_time\" content=\"2016-04-02T20:00:30+00:00\" \/>\n<meta property=\"article:modified_time\" content=\"2017-02-15T15:54:51+00:00\" \/>\n<meta property=\"og:image\" content=\"http:\/\/www.daniperezfotografia.es\/wordpress\/wp-content\/uploads\/2016\/04\/carlota-martina-bautizo-gemelas-iglesia-nuestra-sra-carmen-pozuelo-1100.jpg\" \/>\n\t<meta property=\"og:image:width\" content=\"1100\" \/>\n\t<meta property=\"og:image:height\" content=\"732\" \/>\n\t<meta property=\"og:image:type\" content=\"image\/jpeg\" \/>\n<meta name=\"author\" content=\"Dani\" \/>\n<meta name=\"twitter:card\" content=\"summary_large_image\" \/>\n<meta name=\"twitter:creator\" content=\"@daniperezfoto\" \/>\n<meta name=\"twitter:site\" content=\"@daniperezfoto\" \/>\n<meta name=\"twitter:label1\" content=\"Escrito por\" \/>\n\t<meta name=\"twitter:data1\" content=\"Dani\" \/>\n<script type=\"application\/ld+json\" class=\"yoast-schema-graph\">{\"@context\":\"https:\\\/\\\/schema.org\",\"@graph\":[{\"@type\":\"Article\",\"@id\":\"http:\\\/\\\/www.daniperezfotografia.es\\\/wordpress\\\/fotos-de-bautizo\\\/fotografo-bautizos-pozuelo#article\",\"isPartOf\":{\"@id\":\"http:\\\/\\\/www.daniperezfotografia.es\\\/wordpress\\\/fotos-de-bautizo\\\/fotografo-bautizos-pozuelo\"},\"author\":{\"name\":\"Dani\",\"@id\":\"https:\\\/\\\/www.daniperezfotografia.es\\\/wordpress\\\/#\\\/schema\\\/person\\\/e182c086037e8185dcc7e99e2c589a63\"},\"headline\":\"Fotografo de bautizos en Pozuelo\",\"datePublished\":\"2016-04-02T20:00:30+00:00\",\"dateModified\":\"2017-02-15T15:54:51+00:00\",\"mainEntityOfPage\":{\"@id\":\"http:\\\/\\\/www.daniperezfotografia.es\\\/wordpress\\\/fotos-de-bautizo\\\/fotografo-bautizos-pozuelo\"},\"wordCount\":63,\"commentCount\":1,\"publisher\":{\"@id\":\"https:\\\/\\\/www.daniperezfotografia.es\\\/wordpress\\\/#organization\"},\"image\":{\"@id\":\"http:\\\/\\\/www.daniperezfotografia.es\\\/wordpress\\\/fotos-de-bautizo\\\/fotografo-bautizos-pozuelo#primaryimage\"},\"thumbnailUrl\":\"https:\\\/\\\/www.daniperezfotografia.es\\\/wordpress\\\/wp-content\\\/uploads\\\/2016\\\/04\\\/carlota-martina-bautizo-gemelas-iglesia-nuestra-sra-carmen-pozuelo-1100.jpg\",\"keywords\":[\"Bautizo en Pozuelo\",\"Iglesia de Nuestra Sra. del carmen\"],\"articleSection\":[\"Reportajes de Fotos de Bautizo en Madrid\"],\"inLanguage\":\"es\",\"potentialAction\":[{\"@type\":\"CommentAction\",\"name\":\"Comment\",\"target\":[\"http:\\\/\\\/www.daniperezfotografia.es\\\/wordpress\\\/fotos-de-bautizo\\\/fotografo-bautizos-pozuelo#respond\"]}]},{\"@type\":\"WebPage\",\"@id\":\"http:\\\/\\\/www.daniperezfotografia.es\\\/wordpress\\\/fotos-de-bautizo\\\/fotografo-bautizos-pozuelo\",\"url\":\"http:\\\/\\\/www.daniperezfotografia.es\\\/wordpress\\\/fotos-de-bautizo\\\/fotografo-bautizos-pozuelo\",\"name\":\"Fotografo de bautizos en Pozuelo\",\"isPartOf\":{\"@id\":\"https:\\\/\\\/www.daniperezfotografia.es\\\/wordpress\\\/#website\"},\"primaryImageOfPage\":{\"@id\":\"http:\\\/\\\/www.daniperezfotografia.es\\\/wordpress\\\/fotos-de-bautizo\\\/fotografo-bautizos-pozuelo#primaryimage\"},\"image\":{\"@id\":\"http:\\\/\\\/www.daniperezfotografia.es\\\/wordpress\\\/fotos-de-bautizo\\\/fotografo-bautizos-pozuelo#primaryimage\"},\"thumbnailUrl\":\"https:\\\/\\\/www.daniperezfotografia.es\\\/wordpress\\\/wp-content\\\/uploads\\\/2016\\\/04\\\/carlota-martina-bautizo-gemelas-iglesia-nuestra-sra-carmen-pozuelo-1100.jpg\",\"datePublished\":\"2016-04-02T20:00:30+00:00\",\"dateModified\":\"2017-02-15T15:54:51+00:00\",\"description\":\"Fotografo de bautizos en pozuelo: Reportaje de bautizo de las gemelas Carlota y Martina en la Iglesia de Pozuelo\",\"breadcrumb\":{\"@id\":\"http:\\\/\\\/www.daniperezfotografia.es\\\/wordpress\\\/fotos-de-bautizo\\\/fotografo-bautizos-pozuelo#breadcrumb\"},\"inLanguage\":\"es\",\"potentialAction\":[{\"@type\":\"ReadAction\",\"target\":[\"http:\\\/\\\/www.daniperezfotografia.es\\\/wordpress\\\/fotos-de-bautizo\\\/fotografo-bautizos-pozuelo\"]}]},{\"@type\":\"ImageObject\",\"inLanguage\":\"es\",\"@id\":\"http:\\\/\\\/www.daniperezfotografia.es\\\/wordpress\\\/fotos-de-bautizo\\\/fotografo-bautizos-pozuelo#primaryimage\",\"url\":\"https:\\\/\\\/www.daniperezfotografia.es\\\/wordpress\\\/wp-content\\\/uploads\\\/2016\\\/04\\\/carlota-martina-bautizo-gemelas-iglesia-nuestra-sra-carmen-pozuelo-1100.jpg\",\"contentUrl\":\"https:\\\/\\\/www.daniperezfotografia.es\\\/wordpress\\\/wp-content\\\/uploads\\\/2016\\\/04\\\/carlota-martina-bautizo-gemelas-iglesia-nuestra-sra-carmen-pozuelo-1100.jpg\",\"width\":1100,\"height\":732,\"caption\":\"bautizo en la iglesia de nuestra se\u00f1ora del carmen en pozuelo\"},{\"@type\":\"BreadcrumbList\",\"@id\":\"http:\\\/\\\/www.daniperezfotografia.es\\\/wordpress\\\/fotos-de-bautizo\\\/fotografo-bautizos-pozuelo#breadcrumb\",\"itemListElement\":[{\"@type\":\"ListItem\",\"position\":1,\"name\":\"Portada\",\"item\":\"https:\\\/\\\/www.daniperezfotografia.es\\\/wordpress\\\/\"},{\"@type\":\"ListItem\",\"position\":2,\"name\":\"Fotografo de bautizos en Pozuelo\"}]},{\"@type\":\"WebSite\",\"@id\":\"https:\\\/\\\/www.daniperezfotografia.es\\\/wordpress\\\/#website\",\"url\":\"https:\\\/\\\/www.daniperezfotografia.es\\\/wordpress\\\/\",\"name\":\"Dani Perez Fotografia | Fotografo Profesional en Madrid\",\"description\":\"Reportajes de bodas, bautizos, comuniones y sesiones de familia para particulares. Eventos, conferencias y retrato corporativo para empresas. Video de conferencias\",\"publisher\":{\"@id\":\"https:\\\/\\\/www.daniperezfotografia.es\\\/wordpress\\\/#organization\"},\"potentialAction\":[{\"@type\":\"SearchAction\",\"target\":{\"@type\":\"EntryPoint\",\"urlTemplate\":\"https:\\\/\\\/www.daniperezfotografia.es\\\/wordpress\\\/?s={search_term_string}\"},\"query-input\":{\"@type\":\"PropertyValueSpecification\",\"valueRequired\":true,\"valueName\":\"search_term_string\"}}],\"inLanguage\":\"es\"},{\"@type\":\"Organization\",\"@id\":\"https:\\\/\\\/www.daniperezfotografia.es\\\/wordpress\\\/#organization\",\"name\":\"Dani Perez Fotografia y Video\",\"url\":\"https:\\\/\\\/www.daniperezfotografia.es\\\/wordpress\\\/\",\"logo\":{\"@type\":\"ImageObject\",\"inLanguage\":\"es\",\"@id\":\"https:\\\/\\\/www.daniperezfotografia.es\\\/wordpress\\\/#\\\/schema\\\/logo\\\/image\\\/\",\"url\":\"\",\"contentUrl\":\"\",\"caption\":\"Dani Perez Fotografia y Video\"},\"image\":{\"@id\":\"https:\\\/\\\/www.daniperezfotografia.es\\\/wordpress\\\/#\\\/schema\\\/logo\\\/image\\\/\"},\"sameAs\":[\"https:\\\/\\\/www.facebook.com\\\/daniperezfotografia\",\"https:\\\/\\\/x.com\\\/daniperezfoto\",\"https:\\\/\\\/instagram.com\\\/daniperezfotografia\\\/\",\"https:\\\/\\\/www.linkedin.com\\\/pub\\\/dani-perez-fotografo\\\/b2\\\/3b0\\\/594\"]},{\"@type\":\"Person\",\"@id\":\"https:\\\/\\\/www.daniperezfotografia.es\\\/wordpress\\\/#\\\/schema\\\/person\\\/e182c086037e8185dcc7e99e2c589a63\",\"name\":\"Dani\",\"sameAs\":[\"http:\\\/\\\/www.daniperezfotografia.es\",\"https:\\\/\\\/www.facebook.com\\\/daniperezfotografia\",\"https:\\\/\\\/x.com\\\/daniperezfoto\"]}]}<\/script>\n<!-- \/ Yoast SEO plugin. -->","yoast_head_json":{"title":"Fotografo de bautizos en Pozuelo","description":"Fotografo de bautizos en pozuelo: Reportaje de bautizo de las gemelas Carlota y Martina en la Iglesia de Pozuelo","robots":{"index":"index","follow":"follow","max-snippet":"max-snippet:-1","max-image-preview":"max-image-preview:large","max-video-preview":"max-video-preview:-1"},"canonical":"http:\/\/www.daniperezfotografia.es\/wordpress\/fotos-de-bautizo\/fotografo-bautizos-pozuelo","og_locale":"es_ES","og_type":"article","og_title":"Fotografo de bautizos en Pozuelo","og_description":"Fotografo de bautizos en pozuelo: Reportaje de bautizo de las gemelas Carlota y Martina en la Iglesia de Pozuelo","og_url":"http:\/\/www.daniperezfotografia.es\/wordpress\/fotos-de-bautizo\/fotografo-bautizos-pozuelo","og_site_name":"Dani Perez Fotografia | Fotografo Profesional en Madrid","article_publisher":"https:\/\/www.facebook.com\/daniperezfotografia","article_author":"https:\/\/www.facebook.com\/daniperezfotografia","article_published_time":"2016-04-02T20:00:30+00:00","article_modified_time":"2017-02-15T15:54:51+00:00","og_image":[{"width":1100,"height":732,"url":"http:\/\/www.daniperezfotografia.es\/wordpress\/wp-content\/uploads\/2016\/04\/carlota-martina-bautizo-gemelas-iglesia-nuestra-sra-carmen-pozuelo-1100.jpg","type":"image\/jpeg"}],"author":"Dani","twitter_card":"summary_large_image","twitter_creator":"@daniperezfoto","twitter_site":"@daniperezfoto","twitter_misc":{"Escrito por":"Dani"},"schema":{"@context":"https:\/\/schema.org","@graph":[{"@type":"Article","@id":"http:\/\/www.daniperezfotografia.es\/wordpress\/fotos-de-bautizo\/fotografo-bautizos-pozuelo#article","isPartOf":{"@id":"http:\/\/www.daniperezfotografia.es\/wordpress\/fotos-de-bautizo\/fotografo-bautizos-pozuelo"},"author":{"name":"Dani","@id":"https:\/\/www.daniperezfotografia.es\/wordpress\/#\/schema\/person\/e182c086037e8185dcc7e99e2c589a63"},"headline":"Fotografo de bautizos en Pozuelo","datePublished":"2016-04-02T20:00:30+00:00","dateModified":"2017-02-15T15:54:51+00:00","mainEntityOfPage":{"@id":"http:\/\/www.daniperezfotografia.es\/wordpress\/fotos-de-bautizo\/fotografo-bautizos-pozuelo"},"wordCount":63,"commentCount":1,"publisher":{"@id":"https:\/\/www.daniperezfotografia.es\/wordpress\/#organization"},"image":{"@id":"http:\/\/www.daniperezfotografia.es\/wordpress\/fotos-de-bautizo\/fotografo-bautizos-pozuelo#primaryimage"},"thumbnailUrl":"https:\/\/www.daniperezfotografia.es\/wordpress\/wp-content\/uploads\/2016\/04\/carlota-martina-bautizo-gemelas-iglesia-nuestra-sra-carmen-pozuelo-1100.jpg","keywords":["Bautizo en Pozuelo","Iglesia de Nuestra Sra. del carmen"],"articleSection":["Reportajes de Fotos de Bautizo en Madrid"],"inLanguage":"es","potentialAction":[{"@type":"CommentAction","name":"Comment","target":["http:\/\/www.daniperezfotografia.es\/wordpress\/fotos-de-bautizo\/fotografo-bautizos-pozuelo#respond"]}]},{"@type":"WebPage","@id":"http:\/\/www.daniperezfotografia.es\/wordpress\/fotos-de-bautizo\/fotografo-bautizos-pozuelo","url":"http:\/\/www.daniperezfotografia.es\/wordpress\/fotos-de-bautizo\/fotografo-bautizos-pozuelo","name":"Fotografo de bautizos en Pozuelo","isPartOf":{"@id":"https:\/\/www.daniperezfotografia.es\/wordpress\/#website"},"primaryImageOfPage":{"@id":"http:\/\/www.daniperezfotografia.es\/wordpress\/fotos-de-bautizo\/fotografo-bautizos-pozuelo#primaryimage"},"image":{"@id":"http:\/\/www.daniperezfotografia.es\/wordpress\/fotos-de-bautizo\/fotografo-bautizos-pozuelo#primaryimage"},"thumbnailUrl":"https:\/\/www.daniperezfotografia.es\/wordpress\/wp-content\/uploads\/2016\/04\/carlota-martina-bautizo-gemelas-iglesia-nuestra-sra-carmen-pozuelo-1100.jpg","datePublished":"2016-04-02T20:00:30+00:00","dateModified":"2017-02-15T15:54:51+00:00","description":"Fotografo de bautizos en pozuelo: Reportaje de bautizo de las gemelas Carlota y Martina en la Iglesia de Pozuelo","breadcrumb":{"@id":"http:\/\/www.daniperezfotografia.es\/wordpress\/fotos-de-bautizo\/fotografo-bautizos-pozuelo#breadcrumb"},"inLanguage":"es","potentialAction":[{"@type":"ReadAction","target":["http:\/\/www.daniperezfotografia.es\/wordpress\/fotos-de-bautizo\/fotografo-bautizos-pozuelo"]}]},{"@type":"ImageObject","inLanguage":"es","@id":"http:\/\/www.daniperezfotografia.es\/wordpress\/fotos-de-bautizo\/fotografo-bautizos-pozuelo#primaryimage","url":"https:\/\/www.daniperezfotografia.es\/wordpress\/wp-content\/uploads\/2016\/04\/carlota-martina-bautizo-gemelas-iglesia-nuestra-sra-carmen-pozuelo-1100.jpg","contentUrl":"https:\/\/www.daniperezfotografia.es\/wordpress\/wp-content\/uploads\/2016\/04\/carlota-martina-bautizo-gemelas-iglesia-nuestra-sra-carmen-pozuelo-1100.jpg","width":1100,"height":732,"caption":"bautizo en la iglesia de nuestra se\u00f1ora del carmen en pozuelo"},{"@type":"BreadcrumbList","@id":"http:\/\/www.daniperezfotografia.es\/wordpress\/fotos-de-bautizo\/fotografo-bautizos-pozuelo#breadcrumb","itemListElement":[{"@type":"ListItem","position":1,"name":"Portada","item":"https:\/\/www.daniperezfotografia.es\/wordpress\/"},{"@type":"ListItem","position":2,"name":"Fotografo de bautizos en Pozuelo"}]},{"@type":"WebSite","@id":"https:\/\/www.daniperezfotografia.es\/wordpress\/#website","url":"https:\/\/www.daniperezfotografia.es\/wordpress\/","name":"Dani Perez Fotografia | Fotografo Profesional en Madrid","description":"Reportajes de bodas, bautizos, comuniones y sesiones de familia para particulares. Eventos, conferencias y retrato corporativo para empresas. Video de conferencias","publisher":{"@id":"https:\/\/www.daniperezfotografia.es\/wordpress\/#organization"},"potentialAction":[{"@type":"SearchAction","target":{"@type":"EntryPoint","urlTemplate":"https:\/\/www.daniperezfotografia.es\/wordpress\/?s={search_term_string}"},"query-input":{"@type":"PropertyValueSpecification","valueRequired":true,"valueName":"search_term_string"}}],"inLanguage":"es"},{"@type":"Organization","@id":"https:\/\/www.daniperezfotografia.es\/wordpress\/#organization","name":"Dani Perez Fotografia y Video","url":"https:\/\/www.daniperezfotografia.es\/wordpress\/","logo":{"@type":"ImageObject","inLanguage":"es","@id":"https:\/\/www.daniperezfotografia.es\/wordpress\/#\/schema\/logo\/image\/","url":"","contentUrl":"","caption":"Dani Perez Fotografia y Video"},"image":{"@id":"https:\/\/www.daniperezfotografia.es\/wordpress\/#\/schema\/logo\/image\/"},"sameAs":["https:\/\/www.facebook.com\/daniperezfotografia","https:\/\/x.com\/daniperezfoto","https:\/\/instagram.com\/daniperezfotografia\/","https:\/\/www.linkedin.com\/pub\/dani-perez-fotografo\/b2\/3b0\/594"]},{"@type":"Person","@id":"https:\/\/www.daniperezfotografia.es\/wordpress\/#\/schema\/person\/e182c086037e8185dcc7e99e2c589a63","name":"Dani","sameAs":["http:\/\/www.daniperezfotografia.es","https:\/\/www.facebook.com\/daniperezfotografia","https:\/\/x.com\/daniperezfoto"]}]}},"_links":{"self":[{"href":"https:\/\/www.daniperezfotografia.es\/wordpress\/wp-json\/wp\/v2\/posts\/10096","targetHints":{"allow":["GET"]}}],"collection":[{"href":"https:\/\/www.daniperezfotografia.es\/wordpress\/wp-json\/wp\/v2\/posts"}],"about":[{"href":"https:\/\/www.daniperezfotografia.es\/wordpress\/wp-json\/wp\/v2\/types\/post"}],"author":[{"embeddable":true,"href":"https:\/\/www.daniperezfotografia.es\/wordpress\/wp-json\/wp\/v2\/users\/1"}],"replies":[{"embeddable":true,"href":"https:\/\/www.daniperezfotografia.es\/wordpress\/wp-json\/wp\/v2\/comments?post=10096"}],"version-history":[{"count":3,"href":"https:\/\/www.daniperezfotografia.es\/wordpress\/wp-json\/wp\/v2\/posts\/10096\/revisions"}],"predecessor-version":[{"id":11457,"href":"https:\/\/www.daniperezfotografia.es\/wordpress\/wp-json\/wp\/v2\/posts\/10096\/revisions\/11457"}],"wp:featuredmedia":[{"embeddable":true,"href":"https:\/\/www.daniperezfotografia.es\/wordpress\/wp-json\/wp\/v2\/media\/11232"}],"wp:attachment":[{"href":"https:\/\/www.daniperezfotografia.es\/wordpress\/wp-json\/wp\/v2\/media?parent=10096"}],"wp:term":[{"taxonomy":"category","embeddable":true,"href":"https:\/\/www.daniperezfotografia.es\/wordpress\/wp-json\/wp\/v2\/categories?post=10096"},{"taxonomy":"post_tag","embeddable":true,"href":"https:\/\/www.daniperezfotografia.es\/wordpress\/wp-json\/wp\/v2\/tags?post=10096"}],"curies":[{"name":"wp","href":"https:\/\/api.w.org\/{rel}","templated":true}]}}