{"id":9660,"date":"2015-12-04T16:33:01","date_gmt":"2015-12-04T15:33:01","guid":{"rendered":"http:\/\/www.daniperezfotografia.es\/wordpress\/?p=9660"},"modified":"2017-02-23T12:45:08","modified_gmt":"2017-02-23T11:45:08","slug":"album-fotos-bautizo-las-tablas","status":"publish","type":"post","link":"http:\/\/www.daniperezfotografia.es\/wordpress\/albumes-fotos\/album-fotos-bautizo-las-tablas","title":{"rendered":"Album de fotos de bautizo en las Tablas"},"content":{"rendered":"<h3 style=\"text-align: center;\">Album de fotos de bautizo de Lucia<\/h3>\n<p style=\"text-align: center;\">Para crear el \u00e1lbum de fotos de bautizo de Lucia, elegimos un modelo de tapa dura,<br \/>\nque nos permite personalizarlo con vuestras dos im\u00e1genes favoritas.<br \/>\nEn este caso tambi\u00e9n se opto por un dise\u00f1o de las tapas que inclu\u00eda la fecha y nombre de Lucia.<\/p>\n<p style=\"text-align: center;\">El interior del \u00e1lbum, mantiene el estilo sencillo que tanto me gusta,<br \/>\ndonde cada p\u00e1gina contiene una \u00fanica imagen<\/p>\n<p style=\"text-align: center;\">\u00b7<\/p>\n<p style=\"text-align: center;\"><img loading=\"lazy\" decoding=\"async\" class=\"aligncenter size-full wp-image-10210\" src=\"http:\/\/www.daniperezfotografia.es\/wordpress\/wp-content\/uploads\/2015\/12\/04-9660-post\/album-de-fotos-de-bautizo-en-las-tablas-01.jpg\" alt=\"album de fotos de bautizo\" width=\"900\" height=\"599\" srcset=\"http:\/\/www.daniperezfotografia.es\/wordpress\/wp-content\/uploads\/2015\/12\/04-9660-post\/album-de-fotos-de-bautizo-en-las-tablas-01.jpg 900w, http:\/\/www.daniperezfotografia.es\/wordpress\/wp-content\/uploads\/2015\/12\/04-9660-post\/album-de-fotos-de-bautizo-en-las-tablas-01-750x499.jpg 750w\" sizes=\"auto, (max-width: 900px) 100vw, 900px\" \/><img loading=\"lazy\" decoding=\"async\" class=\"aligncenter size-full wp-image-10211\" src=\"http:\/\/www.daniperezfotografia.es\/wordpress\/wp-content\/uploads\/2015\/12\/04-9660-post\/album-de-fotos-de-bautizo-en-las-tablas-02.jpg\" alt=\"album de fotos de bautizo\" width=\"900\" height=\"599\" srcset=\"http:\/\/www.daniperezfotografia.es\/wordpress\/wp-content\/uploads\/2015\/12\/04-9660-post\/album-de-fotos-de-bautizo-en-las-tablas-02.jpg 900w, http:\/\/www.daniperezfotografia.es\/wordpress\/wp-content\/uploads\/2015\/12\/04-9660-post\/album-de-fotos-de-bautizo-en-las-tablas-02-750x499.jpg 750w, http:\/\/www.daniperezfotografia.es\/wordpress\/wp-content\/uploads\/2015\/12\/04-9660-post\/album-de-fotos-de-bautizo-en-las-tablas-02-273x182.jpg 273w, http:\/\/www.daniperezfotografia.es\/wordpress\/wp-content\/uploads\/2015\/12\/04-9660-post\/album-de-fotos-de-bautizo-en-las-tablas-02-546x364.jpg 546w, http:\/\/www.daniperezfotografia.es\/wordpress\/wp-content\/uploads\/2015\/12\/04-9660-post\/album-de-fotos-de-bautizo-en-las-tablas-02-736x490.jpg 736w\" sizes=\"auto, (max-width: 900px) 100vw, 900px\" \/><img loading=\"lazy\" decoding=\"async\" class=\"aligncenter size-full wp-image-10212\" src=\"http:\/\/www.daniperezfotografia.es\/wordpress\/wp-content\/uploads\/2015\/12\/04-9660-post\/album-de-fotos-de-bautizo-en-las-tablas-03.jpg\" alt=\"album de fotos de bautizo\" width=\"900\" height=\"599\" srcset=\"http:\/\/www.daniperezfotografia.es\/wordpress\/wp-content\/uploads\/2015\/12\/04-9660-post\/album-de-fotos-de-bautizo-en-las-tablas-03.jpg 900w, http:\/\/www.daniperezfotografia.es\/wordpress\/wp-content\/uploads\/2015\/12\/04-9660-post\/album-de-fotos-de-bautizo-en-las-tablas-03-750x499.jpg 750w\" sizes=\"auto, (max-width: 900px) 100vw, 900px\" \/><img loading=\"lazy\" decoding=\"async\" class=\"aligncenter size-full wp-image-10213\" src=\"http:\/\/www.daniperezfotografia.es\/wordpress\/wp-content\/uploads\/2015\/12\/04-9660-post\/album-de-fotos-de-bautizo-en-las-tablas-04.jpg\" alt=\"album de fotos de bautizo\" width=\"900\" height=\"599\" srcset=\"http:\/\/www.daniperezfotografia.es\/wordpress\/wp-content\/uploads\/2015\/12\/04-9660-post\/album-de-fotos-de-bautizo-en-las-tablas-04.jpg 900w, http:\/\/www.daniperezfotografia.es\/wordpress\/wp-content\/uploads\/2015\/12\/04-9660-post\/album-de-fotos-de-bautizo-en-las-tablas-04-750x499.jpg 750w\" sizes=\"auto, (max-width: 900px) 100vw, 900px\" \/><img loading=\"lazy\" decoding=\"async\" class=\"aligncenter size-full wp-image-10214\" src=\"http:\/\/www.daniperezfotografia.es\/wordpress\/wp-content\/uploads\/2015\/12\/04-9660-post\/album-de-fotos-de-bautizo-en-las-tablas-05.jpg\" alt=\"album de fotos de bautizo\" width=\"900\" height=\"599\" srcset=\"http:\/\/www.daniperezfotografia.es\/wordpress\/wp-content\/uploads\/2015\/12\/04-9660-post\/album-de-fotos-de-bautizo-en-las-tablas-05.jpg 900w, http:\/\/www.daniperezfotografia.es\/wordpress\/wp-content\/uploads\/2015\/12\/04-9660-post\/album-de-fotos-de-bautizo-en-las-tablas-05-750x499.jpg 750w\" sizes=\"auto, (max-width: 900px) 100vw, 900px\" \/><img loading=\"lazy\" decoding=\"async\" class=\"aligncenter size-full wp-image-10215\" src=\"http:\/\/www.daniperezfotografia.es\/wordpress\/wp-content\/uploads\/2015\/12\/04-9660-post\/album-de-fotos-de-bautizo-en-las-tablas-06.jpg\" alt=\"album de fotos de bautizo\" width=\"900\" height=\"599\" srcset=\"http:\/\/www.daniperezfotografia.es\/wordpress\/wp-content\/uploads\/2015\/12\/04-9660-post\/album-de-fotos-de-bautizo-en-las-tablas-06.jpg 900w, http:\/\/www.daniperezfotografia.es\/wordpress\/wp-content\/uploads\/2015\/12\/04-9660-post\/album-de-fotos-de-bautizo-en-las-tablas-06-750x499.jpg 750w\" sizes=\"auto, (max-width: 900px) 100vw, 900px\" \/><img loading=\"lazy\" decoding=\"async\" class=\"aligncenter size-full wp-image-10216\" src=\"http:\/\/www.daniperezfotografia.es\/wordpress\/wp-content\/uploads\/2015\/12\/04-9660-post\/album-de-fotos-de-bautizo-en-las-tablas-07.jpg\" alt=\"album de fotos de bautizo\" width=\"900\" height=\"599\" srcset=\"http:\/\/www.daniperezfotografia.es\/wordpress\/wp-content\/uploads\/2015\/12\/04-9660-post\/album-de-fotos-de-bautizo-en-las-tablas-07.jpg 900w, http:\/\/www.daniperezfotografia.es\/wordpress\/wp-content\/uploads\/2015\/12\/04-9660-post\/album-de-fotos-de-bautizo-en-las-tablas-07-750x499.jpg 750w, http:\/\/www.daniperezfotografia.es\/wordpress\/wp-content\/uploads\/2015\/12\/04-9660-post\/album-de-fotos-de-bautizo-en-las-tablas-07-273x182.jpg 273w, http:\/\/www.daniperezfotografia.es\/wordpress\/wp-content\/uploads\/2015\/12\/04-9660-post\/album-de-fotos-de-bautizo-en-las-tablas-07-546x364.jpg 546w, http:\/\/www.daniperezfotografia.es\/wordpress\/wp-content\/uploads\/2015\/12\/04-9660-post\/album-de-fotos-de-bautizo-en-las-tablas-07-736x490.jpg 736w\" sizes=\"auto, (max-width: 900px) 100vw, 900px\" \/><\/p>\n<p style=\"text-align: center;\">\u00b7<\/p>\n<p style=\"text-align: center;\">La selecci\u00f3n de las fotos de bautizo que incluir\u00e1 el \u00e1lbum, es un proceso sencillo,<br \/>\ngracias a la galer\u00eda online privada que estar\u00e1 a vuestra disposici\u00f3n un mes despu\u00e9s del bautizo<br \/>\ny que permite crear una lista de im\u00e1genes favoritas,<br \/>\ncon un simple click en cada imagen que quer\u00e1is incluir en el \u00e1lbum de fotos<\/p>\n<p style=\"text-align: center;\">\u00b7<\/p>\n<p style=\"text-align: center;\">Os invito a visitar el reportaje de <a href=\"http:\/\/www.daniperezfotografia.es\/wordpress\/fotos-de-bautizo\/fotografo-de-bautizo-en-las-tablas\">fotos de bautizo de Lucia<\/a>\u00a0en la <a href=\"http:\/\/www.archimadrid.es\/lastablas\/\" target=\"_blank\">Parroquia de las Tablas<\/a><\/p>\n<p style=\"text-align: center;\">\n","protected":false},"excerpt":{"rendered":"<p>Album de fotos de bautizo de Lucia Para crear el \u00e1lbum de fotos de bautizo de Lucia, elegimos un modelo de tapa dura, que nos permite personalizarlo con vuestras dos im\u00e1genes favoritas. En este caso tambi\u00e9n se opto por un dise\u00f1o de las tapas que inclu\u00eda la fecha y nombre de Lucia. El interior del [&hellip;]<\/p>\n","protected":false},"author":1,"featured_media":10216,"comment_status":"open","ping_status":"open","sticky":false,"template":"","format":"standard","meta":{"footnotes":""},"categories":[463],"tags":[960,868,631,971],"class_list":["post-9660","post","type-post","status-publish","format-standard","has-post-thumbnail","hentry","category-albumes-fotos","tag-album","tag-album-de-bautizo","tag-bautizo","tag-lite-collection"],"blocksy_meta":{"styles_descriptor":{"styles":{"desktop":"","tablet":"","mobile":""},"google_fonts":[],"version":6}},"yoast_head":"<!-- This site is optimized with the Yoast SEO plugin v27.4 - https:\/\/yoast.com\/product\/yoast-seo-wordpress\/ -->\n<title>Album de fotos de bautizo en las Tablas<\/title>\n<meta name=\"description\" content=\"Dise\u00f1o de un album de fotos de bautizo celebrado en la Iglesia de las Tablas. Reportaje de fotos de bautizo en Madrid. Fotografo bautizos Madrid\" \/>\n<meta name=\"robots\" content=\"index, follow, max-snippet:-1, max-image-preview:large, max-video-preview:-1\" \/>\n<link rel=\"canonical\" href=\"http:\/\/www.daniperezfotografia.es\/wordpress\/albumes-fotos\/album-fotos-bautizo-las-tablas\" \/>\n<meta property=\"og:locale\" content=\"es_ES\" \/>\n<meta property=\"og:type\" content=\"article\" \/>\n<meta property=\"og:title\" content=\"Album de fotos de bautizo en las Tablas\" \/>\n<meta property=\"og:description\" content=\"Dise\u00f1o de un album de fotos de bautizo celebrado en la Iglesia de las Tablas. Reportaje de fotos de bautizo en Madrid. Fotografo bautizos Madrid\" \/>\n<meta property=\"og:url\" content=\"http:\/\/www.daniperezfotografia.es\/wordpress\/albumes-fotos\/album-fotos-bautizo-las-tablas\" \/>\n<meta property=\"og:site_name\" content=\"Dani Perez Fotografia | Fotografo Profesional en Madrid\" \/>\n<meta property=\"article:publisher\" content=\"https:\/\/www.facebook.com\/daniperezfotografia\" \/>\n<meta property=\"article:author\" content=\"https:\/\/www.facebook.com\/daniperezfotografia\" \/>\n<meta property=\"article:published_time\" content=\"2015-12-04T15:33:01+00:00\" \/>\n<meta property=\"article:modified_time\" content=\"2017-02-23T11:45:08+00:00\" \/>\n<meta property=\"og:image\" content=\"http:\/\/www.daniperezfotografia.es\/wordpress\/wp-content\/uploads\/2015\/12\/04-9660-post\/album-de-fotos-de-bautizo-en-las-tablas-07.jpg\" \/>\n\t<meta property=\"og:image:width\" content=\"900\" \/>\n\t<meta property=\"og:image:height\" content=\"599\" \/>\n\t<meta property=\"og:image:type\" content=\"image\/jpeg\" \/>\n<meta name=\"author\" content=\"Dani\" \/>\n<meta name=\"twitter:card\" content=\"summary_large_image\" \/>\n<meta name=\"twitter:creator\" content=\"@daniperezfoto\" \/>\n<meta name=\"twitter:site\" content=\"@daniperezfoto\" \/>\n<meta name=\"twitter:label1\" content=\"Escrito por\" \/>\n\t<meta name=\"twitter:data1\" content=\"Dani\" \/>\n\t<meta name=\"twitter:label2\" content=\"Tiempo de lectura\" \/>\n\t<meta name=\"twitter:data2\" content=\"1 minuto\" \/>\n<script type=\"application\/ld+json\" class=\"yoast-schema-graph\">{\"@context\":\"https:\\\/\\\/schema.org\",\"@graph\":[{\"@type\":\"Article\",\"@id\":\"http:\\\/\\\/www.daniperezfotografia.es\\\/wordpress\\\/albumes-fotos\\\/album-fotos-bautizo-las-tablas#article\",\"isPartOf\":{\"@id\":\"http:\\\/\\\/www.daniperezfotografia.es\\\/wordpress\\\/albumes-fotos\\\/album-fotos-bautizo-las-tablas\"},\"author\":{\"name\":\"Dani\",\"@id\":\"https:\\\/\\\/www.daniperezfotografia.es\\\/wordpress\\\/#\\\/schema\\\/person\\\/e182c086037e8185dcc7e99e2c589a63\"},\"headline\":\"Album de fotos de bautizo en las Tablas\",\"datePublished\":\"2015-12-04T15:33:01+00:00\",\"dateModified\":\"2017-02-23T11:45:08+00:00\",\"mainEntityOfPage\":{\"@id\":\"http:\\\/\\\/www.daniperezfotografia.es\\\/wordpress\\\/albumes-fotos\\\/album-fotos-bautizo-las-tablas\"},\"wordCount\":163,\"commentCount\":1,\"publisher\":{\"@id\":\"https:\\\/\\\/www.daniperezfotografia.es\\\/wordpress\\\/#organization\"},\"image\":{\"@id\":\"http:\\\/\\\/www.daniperezfotografia.es\\\/wordpress\\\/albumes-fotos\\\/album-fotos-bautizo-las-tablas#primaryimage\"},\"thumbnailUrl\":\"http:\\\/\\\/www.daniperezfotografia.es\\\/wordpress\\\/wp-content\\\/uploads\\\/2015\\\/12\\\/04-9660-post\\\/album-de-fotos-de-bautizo-en-las-tablas-07.jpg\",\"keywords\":[\"Album\",\"Album de bautizo\",\"bautizo\",\"Lite Collection\"],\"articleSection\":[\"Albumes de fotos para tus recuerdos\"],\"inLanguage\":\"es\",\"potentialAction\":[{\"@type\":\"CommentAction\",\"name\":\"Comment\",\"target\":[\"http:\\\/\\\/www.daniperezfotografia.es\\\/wordpress\\\/albumes-fotos\\\/album-fotos-bautizo-las-tablas#respond\"]}]},{\"@type\":\"WebPage\",\"@id\":\"http:\\\/\\\/www.daniperezfotografia.es\\\/wordpress\\\/albumes-fotos\\\/album-fotos-bautizo-las-tablas\",\"url\":\"http:\\\/\\\/www.daniperezfotografia.es\\\/wordpress\\\/albumes-fotos\\\/album-fotos-bautizo-las-tablas\",\"name\":\"Album de fotos de bautizo en las Tablas\",\"isPartOf\":{\"@id\":\"https:\\\/\\\/www.daniperezfotografia.es\\\/wordpress\\\/#website\"},\"primaryImageOfPage\":{\"@id\":\"http:\\\/\\\/www.daniperezfotografia.es\\\/wordpress\\\/albumes-fotos\\\/album-fotos-bautizo-las-tablas#primaryimage\"},\"image\":{\"@id\":\"http:\\\/\\\/www.daniperezfotografia.es\\\/wordpress\\\/albumes-fotos\\\/album-fotos-bautizo-las-tablas#primaryimage\"},\"thumbnailUrl\":\"http:\\\/\\\/www.daniperezfotografia.es\\\/wordpress\\\/wp-content\\\/uploads\\\/2015\\\/12\\\/04-9660-post\\\/album-de-fotos-de-bautizo-en-las-tablas-07.jpg\",\"datePublished\":\"2015-12-04T15:33:01+00:00\",\"dateModified\":\"2017-02-23T11:45:08+00:00\",\"description\":\"Dise\u00f1o de un album de fotos de bautizo celebrado en la Iglesia de las Tablas. Reportaje de fotos de bautizo en Madrid. Fotografo bautizos Madrid\",\"breadcrumb\":{\"@id\":\"http:\\\/\\\/www.daniperezfotografia.es\\\/wordpress\\\/albumes-fotos\\\/album-fotos-bautizo-las-tablas#breadcrumb\"},\"inLanguage\":\"es\",\"potentialAction\":[{\"@type\":\"ReadAction\",\"target\":[\"http:\\\/\\\/www.daniperezfotografia.es\\\/wordpress\\\/albumes-fotos\\\/album-fotos-bautizo-las-tablas\"]}]},{\"@type\":\"ImageObject\",\"inLanguage\":\"es\",\"@id\":\"http:\\\/\\\/www.daniperezfotografia.es\\\/wordpress\\\/albumes-fotos\\\/album-fotos-bautizo-las-tablas#primaryimage\",\"url\":\"http:\\\/\\\/www.daniperezfotografia.es\\\/wordpress\\\/wp-content\\\/uploads\\\/2015\\\/12\\\/04-9660-post\\\/album-de-fotos-de-bautizo-en-las-tablas-07.jpg\",\"contentUrl\":\"http:\\\/\\\/www.daniperezfotografia.es\\\/wordpress\\\/wp-content\\\/uploads\\\/2015\\\/12\\\/04-9660-post\\\/album-de-fotos-de-bautizo-en-las-tablas-07.jpg\",\"width\":900,\"height\":599,\"caption\":\"album de fotos de bautizo\"},{\"@type\":\"BreadcrumbList\",\"@id\":\"http:\\\/\\\/www.daniperezfotografia.es\\\/wordpress\\\/albumes-fotos\\\/album-fotos-bautizo-las-tablas#breadcrumb\",\"itemListElement\":[{\"@type\":\"ListItem\",\"position\":1,\"name\":\"Portada\",\"item\":\"https:\\\/\\\/www.daniperezfotografia.es\\\/wordpress\\\/\"},{\"@type\":\"ListItem\",\"position\":2,\"name\":\"Album de fotos de bautizo en las Tablas\"}]},{\"@type\":\"WebSite\",\"@id\":\"https:\\\/\\\/www.daniperezfotografia.es\\\/wordpress\\\/#website\",\"url\":\"https:\\\/\\\/www.daniperezfotografia.es\\\/wordpress\\\/\",\"name\":\"Dani Perez Fotografia | Fotografo Profesional en Madrid\",\"description\":\"Reportajes de bodas, bautizos, comuniones y sesiones de familia para particulares. Eventos, conferencias y retrato corporativo para empresas. Video de conferencias\",\"publisher\":{\"@id\":\"https:\\\/\\\/www.daniperezfotografia.es\\\/wordpress\\\/#organization\"},\"potentialAction\":[{\"@type\":\"SearchAction\",\"target\":{\"@type\":\"EntryPoint\",\"urlTemplate\":\"https:\\\/\\\/www.daniperezfotografia.es\\\/wordpress\\\/?s={search_term_string}\"},\"query-input\":{\"@type\":\"PropertyValueSpecification\",\"valueRequired\":true,\"valueName\":\"search_term_string\"}}],\"inLanguage\":\"es\"},{\"@type\":\"Organization\",\"@id\":\"https:\\\/\\\/www.daniperezfotografia.es\\\/wordpress\\\/#organization\",\"name\":\"Dani Perez Fotografia y Video\",\"url\":\"https:\\\/\\\/www.daniperezfotografia.es\\\/wordpress\\\/\",\"logo\":{\"@type\":\"ImageObject\",\"inLanguage\":\"es\",\"@id\":\"https:\\\/\\\/www.daniperezfotografia.es\\\/wordpress\\\/#\\\/schema\\\/logo\\\/image\\\/\",\"url\":\"\",\"contentUrl\":\"\",\"caption\":\"Dani Perez Fotografia y Video\"},\"image\":{\"@id\":\"https:\\\/\\\/www.daniperezfotografia.es\\\/wordpress\\\/#\\\/schema\\\/logo\\\/image\\\/\"},\"sameAs\":[\"https:\\\/\\\/www.facebook.com\\\/daniperezfotografia\",\"https:\\\/\\\/x.com\\\/daniperezfoto\",\"https:\\\/\\\/instagram.com\\\/daniperezfotografia\\\/\",\"https:\\\/\\\/www.linkedin.com\\\/pub\\\/dani-perez-fotografo\\\/b2\\\/3b0\\\/594\"]},{\"@type\":\"Person\",\"@id\":\"https:\\\/\\\/www.daniperezfotografia.es\\\/wordpress\\\/#\\\/schema\\\/person\\\/e182c086037e8185dcc7e99e2c589a63\",\"name\":\"Dani\",\"sameAs\":[\"http:\\\/\\\/www.daniperezfotografia.es\",\"https:\\\/\\\/www.facebook.com\\\/daniperezfotografia\",\"https:\\\/\\\/x.com\\\/daniperezfoto\"]}]}<\/script>\n<!-- \/ Yoast SEO plugin. -->","yoast_head_json":{"title":"Album de fotos de bautizo en las Tablas","description":"Dise\u00f1o de un album de fotos de bautizo celebrado en la Iglesia de las Tablas. Reportaje de fotos de bautizo en Madrid. Fotografo bautizos Madrid","robots":{"index":"index","follow":"follow","max-snippet":"max-snippet:-1","max-image-preview":"max-image-preview:large","max-video-preview":"max-video-preview:-1"},"canonical":"http:\/\/www.daniperezfotografia.es\/wordpress\/albumes-fotos\/album-fotos-bautizo-las-tablas","og_locale":"es_ES","og_type":"article","og_title":"Album de fotos de bautizo en las Tablas","og_description":"Dise\u00f1o de un album de fotos de bautizo celebrado en la Iglesia de las Tablas. Reportaje de fotos de bautizo en Madrid. Fotografo bautizos Madrid","og_url":"http:\/\/www.daniperezfotografia.es\/wordpress\/albumes-fotos\/album-fotos-bautizo-las-tablas","og_site_name":"Dani Perez Fotografia | Fotografo Profesional en Madrid","article_publisher":"https:\/\/www.facebook.com\/daniperezfotografia","article_author":"https:\/\/www.facebook.com\/daniperezfotografia","article_published_time":"2015-12-04T15:33:01+00:00","article_modified_time":"2017-02-23T11:45:08+00:00","og_image":[{"width":900,"height":599,"url":"http:\/\/www.daniperezfotografia.es\/wordpress\/wp-content\/uploads\/2015\/12\/04-9660-post\/album-de-fotos-de-bautizo-en-las-tablas-07.jpg","type":"image\/jpeg"}],"author":"Dani","twitter_card":"summary_large_image","twitter_creator":"@daniperezfoto","twitter_site":"@daniperezfoto","twitter_misc":{"Escrito por":"Dani","Tiempo de lectura":"1 minuto"},"schema":{"@context":"https:\/\/schema.org","@graph":[{"@type":"Article","@id":"http:\/\/www.daniperezfotografia.es\/wordpress\/albumes-fotos\/album-fotos-bautizo-las-tablas#article","isPartOf":{"@id":"http:\/\/www.daniperezfotografia.es\/wordpress\/albumes-fotos\/album-fotos-bautizo-las-tablas"},"author":{"name":"Dani","@id":"https:\/\/www.daniperezfotografia.es\/wordpress\/#\/schema\/person\/e182c086037e8185dcc7e99e2c589a63"},"headline":"Album de fotos de bautizo en las Tablas","datePublished":"2015-12-04T15:33:01+00:00","dateModified":"2017-02-23T11:45:08+00:00","mainEntityOfPage":{"@id":"http:\/\/www.daniperezfotografia.es\/wordpress\/albumes-fotos\/album-fotos-bautizo-las-tablas"},"wordCount":163,"commentCount":1,"publisher":{"@id":"https:\/\/www.daniperezfotografia.es\/wordpress\/#organization"},"image":{"@id":"http:\/\/www.daniperezfotografia.es\/wordpress\/albumes-fotos\/album-fotos-bautizo-las-tablas#primaryimage"},"thumbnailUrl":"http:\/\/www.daniperezfotografia.es\/wordpress\/wp-content\/uploads\/2015\/12\/04-9660-post\/album-de-fotos-de-bautizo-en-las-tablas-07.jpg","keywords":["Album","Album de bautizo","bautizo","Lite Collection"],"articleSection":["Albumes de fotos para tus recuerdos"],"inLanguage":"es","potentialAction":[{"@type":"CommentAction","name":"Comment","target":["http:\/\/www.daniperezfotografia.es\/wordpress\/albumes-fotos\/album-fotos-bautizo-las-tablas#respond"]}]},{"@type":"WebPage","@id":"http:\/\/www.daniperezfotografia.es\/wordpress\/albumes-fotos\/album-fotos-bautizo-las-tablas","url":"http:\/\/www.daniperezfotografia.es\/wordpress\/albumes-fotos\/album-fotos-bautizo-las-tablas","name":"Album de fotos de bautizo en las Tablas","isPartOf":{"@id":"https:\/\/www.daniperezfotografia.es\/wordpress\/#website"},"primaryImageOfPage":{"@id":"http:\/\/www.daniperezfotografia.es\/wordpress\/albumes-fotos\/album-fotos-bautizo-las-tablas#primaryimage"},"image":{"@id":"http:\/\/www.daniperezfotografia.es\/wordpress\/albumes-fotos\/album-fotos-bautizo-las-tablas#primaryimage"},"thumbnailUrl":"http:\/\/www.daniperezfotografia.es\/wordpress\/wp-content\/uploads\/2015\/12\/04-9660-post\/album-de-fotos-de-bautizo-en-las-tablas-07.jpg","datePublished":"2015-12-04T15:33:01+00:00","dateModified":"2017-02-23T11:45:08+00:00","description":"Dise\u00f1o de un album de fotos de bautizo celebrado en la Iglesia de las Tablas. Reportaje de fotos de bautizo en Madrid. Fotografo bautizos Madrid","breadcrumb":{"@id":"http:\/\/www.daniperezfotografia.es\/wordpress\/albumes-fotos\/album-fotos-bautizo-las-tablas#breadcrumb"},"inLanguage":"es","potentialAction":[{"@type":"ReadAction","target":["http:\/\/www.daniperezfotografia.es\/wordpress\/albumes-fotos\/album-fotos-bautizo-las-tablas"]}]},{"@type":"ImageObject","inLanguage":"es","@id":"http:\/\/www.daniperezfotografia.es\/wordpress\/albumes-fotos\/album-fotos-bautizo-las-tablas#primaryimage","url":"http:\/\/www.daniperezfotografia.es\/wordpress\/wp-content\/uploads\/2015\/12\/04-9660-post\/album-de-fotos-de-bautizo-en-las-tablas-07.jpg","contentUrl":"http:\/\/www.daniperezfotografia.es\/wordpress\/wp-content\/uploads\/2015\/12\/04-9660-post\/album-de-fotos-de-bautizo-en-las-tablas-07.jpg","width":900,"height":599,"caption":"album de fotos de bautizo"},{"@type":"BreadcrumbList","@id":"http:\/\/www.daniperezfotografia.es\/wordpress\/albumes-fotos\/album-fotos-bautizo-las-tablas#breadcrumb","itemListElement":[{"@type":"ListItem","position":1,"name":"Portada","item":"https:\/\/www.daniperezfotografia.es\/wordpress\/"},{"@type":"ListItem","position":2,"name":"Album de fotos de bautizo en las Tablas"}]},{"@type":"WebSite","@id":"https:\/\/www.daniperezfotografia.es\/wordpress\/#website","url":"https:\/\/www.daniperezfotografia.es\/wordpress\/","name":"Dani Perez Fotografia | Fotografo Profesional en Madrid","description":"Reportajes de bodas, bautizos, comuniones y sesiones de familia para particulares. Eventos, conferencias y retrato corporativo para empresas. Video de conferencias","publisher":{"@id":"https:\/\/www.daniperezfotografia.es\/wordpress\/#organization"},"potentialAction":[{"@type":"SearchAction","target":{"@type":"EntryPoint","urlTemplate":"https:\/\/www.daniperezfotografia.es\/wordpress\/?s={search_term_string}"},"query-input":{"@type":"PropertyValueSpecification","valueRequired":true,"valueName":"search_term_string"}}],"inLanguage":"es"},{"@type":"Organization","@id":"https:\/\/www.daniperezfotografia.es\/wordpress\/#organization","name":"Dani Perez Fotografia y Video","url":"https:\/\/www.daniperezfotografia.es\/wordpress\/","logo":{"@type":"ImageObject","inLanguage":"es","@id":"https:\/\/www.daniperezfotografia.es\/wordpress\/#\/schema\/logo\/image\/","url":"","contentUrl":"","caption":"Dani Perez Fotografia y Video"},"image":{"@id":"https:\/\/www.daniperezfotografia.es\/wordpress\/#\/schema\/logo\/image\/"},"sameAs":["https:\/\/www.facebook.com\/daniperezfotografia","https:\/\/x.com\/daniperezfoto","https:\/\/instagram.com\/daniperezfotografia\/","https:\/\/www.linkedin.com\/pub\/dani-perez-fotografo\/b2\/3b0\/594"]},{"@type":"Person","@id":"https:\/\/www.daniperezfotografia.es\/wordpress\/#\/schema\/person\/e182c086037e8185dcc7e99e2c589a63","name":"Dani","sameAs":["http:\/\/www.daniperezfotografia.es","https:\/\/www.facebook.com\/daniperezfotografia","https:\/\/x.com\/daniperezfoto"]}]}},"_links":{"self":[{"href":"http:\/\/www.daniperezfotografia.es\/wordpress\/wp-json\/wp\/v2\/posts\/9660","targetHints":{"allow":["GET"]}}],"collection":[{"href":"http:\/\/www.daniperezfotografia.es\/wordpress\/wp-json\/wp\/v2\/posts"}],"about":[{"href":"http:\/\/www.daniperezfotografia.es\/wordpress\/wp-json\/wp\/v2\/types\/post"}],"author":[{"embeddable":true,"href":"http:\/\/www.daniperezfotografia.es\/wordpress\/wp-json\/wp\/v2\/users\/1"}],"replies":[{"embeddable":true,"href":"http:\/\/www.daniperezfotografia.es\/wordpress\/wp-json\/wp\/v2\/comments?post=9660"}],"version-history":[{"count":3,"href":"http:\/\/www.daniperezfotografia.es\/wordpress\/wp-json\/wp\/v2\/posts\/9660\/revisions"}],"predecessor-version":[{"id":11475,"href":"http:\/\/www.daniperezfotografia.es\/wordpress\/wp-json\/wp\/v2\/posts\/9660\/revisions\/11475"}],"wp:featuredmedia":[{"embeddable":true,"href":"http:\/\/www.daniperezfotografia.es\/wordpress\/wp-json\/wp\/v2\/media\/10216"}],"wp:attachment":[{"href":"http:\/\/www.daniperezfotografia.es\/wordpress\/wp-json\/wp\/v2\/media?parent=9660"}],"wp:term":[{"taxonomy":"category","embeddable":true,"href":"http:\/\/www.daniperezfotografia.es\/wordpress\/wp-json\/wp\/v2\/categories?post=9660"},{"taxonomy":"post_tag","embeddable":true,"href":"http:\/\/www.daniperezfotografia.es\/wordpress\/wp-json\/wp\/v2\/tags?post=9660"}],"curies":[{"name":"wp","href":"https:\/\/api.w.org\/{rel}","templated":true}]}}