{"id":8935,"date":"2015-04-28T11:30:26","date_gmt":"2015-04-28T10:30:26","guid":{"rendered":"http:\/\/www.daniperezfotografia.es\/wordpress\/?p=8935"},"modified":"2020-05-19T23:59:06","modified_gmt":"2020-05-19T22:59:06","slug":"fotografo-de-boda-finca-el-campillo","status":"publish","type":"post","link":"http:\/\/www.daniperezfotografia.es\/wordpress\/bodas\/fotografo-de-boda-finca-el-campillo","title":{"rendered":"Boda en El Monasterio de El Escorial"},"content":{"rendered":"<p style=\"text-align: left;\">Sonia y Ra\u00fal se conocieron en <strong>El Escorial<\/strong> de modo que no pod\u00eda ser otro el lugar elegido para celebrar el d\u00eda de su boda. La <strong>Bas\u00edlica del Monasterio del Escorial<\/strong> es donde Sonia quer\u00eda dar el s\u00ed quiero a Ra\u00fal, sus padres a\u00f1os atr\u00e1s lo hicieron del mismo modo. Sonia eligi\u00f3 un precioso traje de <strong>alta costura<\/strong> de <a href=\"http:\/\/beatrizalvaro.com\/\" target=\"_blank\" rel=\"noopener noreferrer\">Beatriz \u00c1lvaro<\/a>, con sobrefalda de un novedoso tejido italiano de <strong>seda natural<\/strong> llamado \u00ab<strong>Anya<\/strong>\u00bb y cola de tres metros. Un segundo traje m\u00e1s vaporoso que resaltaba su esbelta figura confeccionado en muselina de seda natural con fondo de crepe, con el que pudo\u00a0disfrutar m\u00e1s c\u00f3modamente de la celebraci\u00f3n\u00a0del convite en la <a title=\"Finca para bodas en EL Escorial\" href=\"http:\/\/www.mentiderodelavilla.es\/finca-el-campillo\/\" target=\"_blank\" rel=\"noopener noreferrer\">Finca El Campillo<\/a>.\u00a0<strong>Fot\u00f3grafo\u00a0de boda Finca el Campillo<\/strong>.<\/p>\n<p style=\"text-align: center;\"><img loading=\"lazy\" decoding=\"async\" class=\"aligncenter size-full wp-image-9079\" src=\"http:\/\/www.daniperezfotografia.es\/wordpress\/wp-content\/uploads\/2015\/04\/06-8935-post\/fotografo-de-boda-finca-el-campillo-0010.jpg\" alt=\"fotografo de boda finca el campillo\" width=\"900\" height=\"599\" srcset=\"http:\/\/www.daniperezfotografia.es\/wordpress\/wp-content\/uploads\/2015\/04\/06-8935-post\/fotografo-de-boda-finca-el-campillo-0010.jpg 900w, http:\/\/www.daniperezfotografia.es\/wordpress\/wp-content\/uploads\/2015\/04\/06-8935-post\/fotografo-de-boda-finca-el-campillo-0010-750x499.jpg 750w\" sizes=\"auto, (max-width: 900px) 100vw, 900px\" \/><img loading=\"lazy\" decoding=\"async\" class=\"aligncenter size-full wp-image-9080\" src=\"http:\/\/www.daniperezfotografia.es\/wordpress\/wp-content\/uploads\/2015\/04\/06-8935-post\/fotografo-de-boda-finca-el-campillo-0007.jpg\" alt=\"fotografo de boda finca el campillo\" width=\"900\" height=\"599\" srcset=\"http:\/\/www.daniperezfotografia.es\/wordpress\/wp-content\/uploads\/2015\/04\/06-8935-post\/fotografo-de-boda-finca-el-campillo-0007.jpg 900w, http:\/\/www.daniperezfotografia.es\/wordpress\/wp-content\/uploads\/2015\/04\/06-8935-post\/fotografo-de-boda-finca-el-campillo-0007-750x499.jpg 750w\" sizes=\"auto, (max-width: 900px) 100vw, 900px\" \/><img loading=\"lazy\" decoding=\"async\" class=\"aligncenter size-full wp-image-9082\" src=\"http:\/\/www.daniperezfotografia.es\/wordpress\/wp-content\/uploads\/2015\/04\/06-8935-post\/fotografo-de-boda-finca-el-campillo-0006.jpg\" alt=\"fotografo de boda finca el campillo\" width=\"900\" height=\"599\" srcset=\"http:\/\/www.daniperezfotografia.es\/wordpress\/wp-content\/uploads\/2015\/04\/06-8935-post\/fotografo-de-boda-finca-el-campillo-0006.jpg 900w, http:\/\/www.daniperezfotografia.es\/wordpress\/wp-content\/uploads\/2015\/04\/06-8935-post\/fotografo-de-boda-finca-el-campillo-0006-750x499.jpg 750w\" sizes=\"auto, (max-width: 900px) 100vw, 900px\" \/><img loading=\"lazy\" decoding=\"async\" class=\"aligncenter size-full wp-image-9083\" src=\"http:\/\/www.daniperezfotografia.es\/wordpress\/wp-content\/uploads\/2015\/04\/06-8935-post\/fotografo-de-boda-finca-el-campillo-0013.jpg\" alt=\"fotografo de boda finca el campillo\" width=\"900\" height=\"599\" srcset=\"http:\/\/www.daniperezfotografia.es\/wordpress\/wp-content\/uploads\/2015\/04\/06-8935-post\/fotografo-de-boda-finca-el-campillo-0013.jpg 900w, http:\/\/www.daniperezfotografia.es\/wordpress\/wp-content\/uploads\/2015\/04\/06-8935-post\/fotografo-de-boda-finca-el-campillo-0013-750x499.jpg 750w\" sizes=\"auto, (max-width: 900px) 100vw, 900px\" \/><img loading=\"lazy\" decoding=\"async\" class=\"aligncenter size-full wp-image-9084\" src=\"http:\/\/www.daniperezfotografia.es\/wordpress\/wp-content\/uploads\/2015\/04\/06-8935-post\/fotografo-de-boda-finca-el-campillo-0011.jpg\" alt=\"fotografo de boda finca el campillo\" width=\"900\" height=\"599\" srcset=\"http:\/\/www.daniperezfotografia.es\/wordpress\/wp-content\/uploads\/2015\/04\/06-8935-post\/fotografo-de-boda-finca-el-campillo-0011.jpg 900w, http:\/\/www.daniperezfotografia.es\/wordpress\/wp-content\/uploads\/2015\/04\/06-8935-post\/fotografo-de-boda-finca-el-campillo-0011-750x499.jpg 750w\" sizes=\"auto, (max-width: 900px) 100vw, 900px\" \/><img loading=\"lazy\" decoding=\"async\" class=\"aligncenter size-full wp-image-9085\" src=\"http:\/\/www.daniperezfotografia.es\/wordpress\/wp-content\/uploads\/2015\/04\/06-8935-post\/fotografo-de-boda-finca-el-campillo-0014.jpg\" alt=\"fotografo de boda finca el campillo\" width=\"900\" height=\"599\" srcset=\"http:\/\/www.daniperezfotografia.es\/wordpress\/wp-content\/uploads\/2015\/04\/06-8935-post\/fotografo-de-boda-finca-el-campillo-0014.jpg 900w, http:\/\/www.daniperezfotografia.es\/wordpress\/wp-content\/uploads\/2015\/04\/06-8935-post\/fotografo-de-boda-finca-el-campillo-0014-750x499.jpg 750w\" sizes=\"auto, (max-width: 900px) 100vw, 900px\" \/><img loading=\"lazy\" decoding=\"async\" class=\"aligncenter size-full wp-image-9086\" src=\"http:\/\/www.daniperezfotografia.es\/wordpress\/wp-content\/uploads\/2015\/04\/06-8935-post\/fotografo-de-boda-finca-el-campillo-0015.jpg\" alt=\"fotografo de boda finca el campillo\" width=\"900\" height=\"599\" srcset=\"http:\/\/www.daniperezfotografia.es\/wordpress\/wp-content\/uploads\/2015\/04\/06-8935-post\/fotografo-de-boda-finca-el-campillo-0015.jpg 900w, http:\/\/www.daniperezfotografia.es\/wordpress\/wp-content\/uploads\/2015\/04\/06-8935-post\/fotografo-de-boda-finca-el-campillo-0015-750x499.jpg 750w\" sizes=\"auto, (max-width: 900px) 100vw, 900px\" \/><img loading=\"lazy\" decoding=\"async\" class=\"aligncenter size-full wp-image-9087\" src=\"http:\/\/www.daniperezfotografia.es\/wordpress\/wp-content\/uploads\/2015\/04\/06-8935-post\/fotografo-de-boda-finca-el-campillo-0023.jpg\" alt=\"fotografo de boda finca el campillo\" width=\"900\" height=\"599\" srcset=\"http:\/\/www.daniperezfotografia.es\/wordpress\/wp-content\/uploads\/2015\/04\/06-8935-post\/fotografo-de-boda-finca-el-campillo-0023.jpg 900w, http:\/\/www.daniperezfotografia.es\/wordpress\/wp-content\/uploads\/2015\/04\/06-8935-post\/fotografo-de-boda-finca-el-campillo-0023-750x499.jpg 750w\" sizes=\"auto, (max-width: 900px) 100vw, 900px\" \/><img loading=\"lazy\" decoding=\"async\" class=\"aligncenter size-full wp-image-9088\" src=\"http:\/\/www.daniperezfotografia.es\/wordpress\/wp-content\/uploads\/2015\/04\/06-8935-post\/fotografo-de-boda-finca-el-campillo-0017.jpg\" alt=\"fotografo de boda finca el campillo\" width=\"900\" height=\"599\" srcset=\"http:\/\/www.daniperezfotografia.es\/wordpress\/wp-content\/uploads\/2015\/04\/06-8935-post\/fotografo-de-boda-finca-el-campillo-0017.jpg 900w, http:\/\/www.daniperezfotografia.es\/wordpress\/wp-content\/uploads\/2015\/04\/06-8935-post\/fotografo-de-boda-finca-el-campillo-0017-750x499.jpg 750w\" sizes=\"auto, (max-width: 900px) 100vw, 900px\" \/><img loading=\"lazy\" decoding=\"async\" class=\"aligncenter size-full wp-image-9089\" src=\"http:\/\/www.daniperezfotografia.es\/wordpress\/wp-content\/uploads\/2015\/04\/06-8935-post\/fotografo-de-boda-finca-el-campillo-0019.jpg\" alt=\"fotografo de boda finca el campillo\" width=\"900\" height=\"599\" srcset=\"http:\/\/www.daniperezfotografia.es\/wordpress\/wp-content\/uploads\/2015\/04\/06-8935-post\/fotografo-de-boda-finca-el-campillo-0019.jpg 900w, http:\/\/www.daniperezfotografia.es\/wordpress\/wp-content\/uploads\/2015\/04\/06-8935-post\/fotografo-de-boda-finca-el-campillo-0019-750x499.jpg 750w\" sizes=\"auto, (max-width: 900px) 100vw, 900px\" \/><img loading=\"lazy\" decoding=\"async\" class=\"aligncenter size-full wp-image-9090\" src=\"http:\/\/www.daniperezfotografia.es\/wordpress\/wp-content\/uploads\/2015\/04\/06-8935-post\/fotografo-de-boda-finca-el-campillo-0018.jpg\" alt=\"fotografo de boda finca el campillo\" width=\"900\" height=\"599\" srcset=\"http:\/\/www.daniperezfotografia.es\/wordpress\/wp-content\/uploads\/2015\/04\/06-8935-post\/fotografo-de-boda-finca-el-campillo-0018.jpg 900w, http:\/\/www.daniperezfotografia.es\/wordpress\/wp-content\/uploads\/2015\/04\/06-8935-post\/fotografo-de-boda-finca-el-campillo-0018-750x499.jpg 750w\" sizes=\"auto, (max-width: 900px) 100vw, 900px\" \/><img loading=\"lazy\" decoding=\"async\" class=\"aligncenter size-full wp-image-9091\" src=\"http:\/\/www.daniperezfotografia.es\/wordpress\/wp-content\/uploads\/2015\/04\/06-8935-post\/fotografo-de-boda-finca-el-campillo-0025.jpg\" alt=\"fotografo de boda finca el campillo\" width=\"900\" height=\"599\" srcset=\"http:\/\/www.daniperezfotografia.es\/wordpress\/wp-content\/uploads\/2015\/04\/06-8935-post\/fotografo-de-boda-finca-el-campillo-0025.jpg 900w, http:\/\/www.daniperezfotografia.es\/wordpress\/wp-content\/uploads\/2015\/04\/06-8935-post\/fotografo-de-boda-finca-el-campillo-0025-750x499.jpg 750w\" sizes=\"auto, (max-width: 900px) 100vw, 900px\" \/><img loading=\"lazy\" decoding=\"async\" class=\"aligncenter size-full wp-image-9092\" src=\"http:\/\/www.daniperezfotografia.es\/wordpress\/wp-content\/uploads\/2015\/04\/06-8935-post\/fotografo-de-boda-finca-el-campillo-0026.jpg\" alt=\"fotografo de boda finca el campillo\" width=\"900\" height=\"599\" srcset=\"http:\/\/www.daniperezfotografia.es\/wordpress\/wp-content\/uploads\/2015\/04\/06-8935-post\/fotografo-de-boda-finca-el-campillo-0026.jpg 900w, http:\/\/www.daniperezfotografia.es\/wordpress\/wp-content\/uploads\/2015\/04\/06-8935-post\/fotografo-de-boda-finca-el-campillo-0026-750x499.jpg 750w\" sizes=\"auto, (max-width: 900px) 100vw, 900px\" \/><img loading=\"lazy\" decoding=\"async\" class=\"aligncenter size-full wp-image-9093\" src=\"http:\/\/www.daniperezfotografia.es\/wordpress\/wp-content\/uploads\/2015\/04\/06-8935-post\/fotografo-de-boda-finca-el-campillo-0027.jpg\" alt=\"fotografo de boda finca el campillo\" width=\"900\" height=\"599\" srcset=\"http:\/\/www.daniperezfotografia.es\/wordpress\/wp-content\/uploads\/2015\/04\/06-8935-post\/fotografo-de-boda-finca-el-campillo-0027.jpg 900w, http:\/\/www.daniperezfotografia.es\/wordpress\/wp-content\/uploads\/2015\/04\/06-8935-post\/fotografo-de-boda-finca-el-campillo-0027-750x499.jpg 750w\" sizes=\"auto, (max-width: 900px) 100vw, 900px\" \/><img loading=\"lazy\" decoding=\"async\" class=\"aligncenter size-full wp-image-9094\" src=\"http:\/\/www.daniperezfotografia.es\/wordpress\/wp-content\/uploads\/2015\/04\/06-8935-post\/fotografo-de-boda-finca-el-campillo-0028.jpg\" alt=\"fotografo de boda finca el campillo\" width=\"900\" height=\"599\" srcset=\"http:\/\/www.daniperezfotografia.es\/wordpress\/wp-content\/uploads\/2015\/04\/06-8935-post\/fotografo-de-boda-finca-el-campillo-0028.jpg 900w, http:\/\/www.daniperezfotografia.es\/wordpress\/wp-content\/uploads\/2015\/04\/06-8935-post\/fotografo-de-boda-finca-el-campillo-0028-750x499.jpg 750w\" sizes=\"auto, (max-width: 900px) 100vw, 900px\" \/><img loading=\"lazy\" decoding=\"async\" class=\"aligncenter size-full wp-image-9095\" src=\"http:\/\/www.daniperezfotografia.es\/wordpress\/wp-content\/uploads\/2015\/04\/06-8935-post\/fotografo-de-boda-finca-el-campillo-0029.jpg\" alt=\"fotografo de boda finca el campillo\" width=\"900\" height=\"599\" srcset=\"http:\/\/www.daniperezfotografia.es\/wordpress\/wp-content\/uploads\/2015\/04\/06-8935-post\/fotografo-de-boda-finca-el-campillo-0029.jpg 900w, http:\/\/www.daniperezfotografia.es\/wordpress\/wp-content\/uploads\/2015\/04\/06-8935-post\/fotografo-de-boda-finca-el-campillo-0029-750x499.jpg 750w\" sizes=\"auto, (max-width: 900px) 100vw, 900px\" \/><img loading=\"lazy\" decoding=\"async\" class=\"aligncenter size-full wp-image-9096\" src=\"http:\/\/www.daniperezfotografia.es\/wordpress\/wp-content\/uploads\/2015\/04\/06-8935-post\/fotografo-de-boda-finca-el-campillo-0030.jpg\" alt=\"fotografo de boda finca el campillo\" width=\"900\" height=\"599\" srcset=\"http:\/\/www.daniperezfotografia.es\/wordpress\/wp-content\/uploads\/2015\/04\/06-8935-post\/fotografo-de-boda-finca-el-campillo-0030.jpg 900w, http:\/\/www.daniperezfotografia.es\/wordpress\/wp-content\/uploads\/2015\/04\/06-8935-post\/fotografo-de-boda-finca-el-campillo-0030-750x499.jpg 750w\" sizes=\"auto, (max-width: 900px) 100vw, 900px\" \/><img loading=\"lazy\" decoding=\"async\" class=\"aligncenter size-full wp-image-9097\" src=\"http:\/\/www.daniperezfotografia.es\/wordpress\/wp-content\/uploads\/2015\/04\/06-8935-post\/fotografo-de-boda-finca-el-campillo-0031.jpg\" alt=\"fotografo de boda finca el campillo\" width=\"900\" height=\"599\" srcset=\"http:\/\/www.daniperezfotografia.es\/wordpress\/wp-content\/uploads\/2015\/04\/06-8935-post\/fotografo-de-boda-finca-el-campillo-0031.jpg 900w, http:\/\/www.daniperezfotografia.es\/wordpress\/wp-content\/uploads\/2015\/04\/06-8935-post\/fotografo-de-boda-finca-el-campillo-0031-750x499.jpg 750w\" sizes=\"auto, (max-width: 900px) 100vw, 900px\" \/><img loading=\"lazy\" decoding=\"async\" class=\"aligncenter wp-image-9098 size-full\" src=\"http:\/\/www.daniperezfotografia.es\/wordpress\/wp-content\/uploads\/2015\/04\/06-8935-post\/fotografo-de-boda-finca-el-campillo-0033.jpg\" alt=\"fotografo de boda en el escorial\" width=\"900\" height=\"599\" srcset=\"http:\/\/www.daniperezfotografia.es\/wordpress\/wp-content\/uploads\/2015\/04\/06-8935-post\/fotografo-de-boda-finca-el-campillo-0033.jpg 900w, http:\/\/www.daniperezfotografia.es\/wordpress\/wp-content\/uploads\/2015\/04\/06-8935-post\/fotografo-de-boda-finca-el-campillo-0033-750x499.jpg 750w\" sizes=\"auto, (max-width: 900px) 100vw, 900px\" \/><img loading=\"lazy\" decoding=\"async\" class=\"aligncenter wp-image-9099 size-full\" src=\"http:\/\/www.daniperezfotografia.es\/wordpress\/wp-content\/uploads\/2015\/04\/06-8935-post\/fotografo-de-boda-finca-el-campillo-0035.jpg\" alt=\"fotografo de boda en el escorial\" width=\"900\" height=\"599\" srcset=\"http:\/\/www.daniperezfotografia.es\/wordpress\/wp-content\/uploads\/2015\/04\/06-8935-post\/fotografo-de-boda-finca-el-campillo-0035.jpg 900w, http:\/\/www.daniperezfotografia.es\/wordpress\/wp-content\/uploads\/2015\/04\/06-8935-post\/fotografo-de-boda-finca-el-campillo-0035-750x499.jpg 750w\" sizes=\"auto, (max-width: 900px) 100vw, 900px\" \/><img loading=\"lazy\" decoding=\"async\" class=\"aligncenter wp-image-9100 size-full\" src=\"http:\/\/www.daniperezfotografia.es\/wordpress\/wp-content\/uploads\/2015\/04\/06-8935-post\/fotografo-de-boda-finca-el-campillo-0034.jpg\" alt=\"fotografo de boda en el escorial\" width=\"900\" height=\"599\" srcset=\"http:\/\/www.daniperezfotografia.es\/wordpress\/wp-content\/uploads\/2015\/04\/06-8935-post\/fotografo-de-boda-finca-el-campillo-0034.jpg 900w, http:\/\/www.daniperezfotografia.es\/wordpress\/wp-content\/uploads\/2015\/04\/06-8935-post\/fotografo-de-boda-finca-el-campillo-0034-750x499.jpg 750w\" sizes=\"auto, (max-width: 900px) 100vw, 900px\" \/><img loading=\"lazy\" decoding=\"async\" class=\"aligncenter size-full wp-image-9101\" src=\"http:\/\/www.daniperezfotografia.es\/wordpress\/wp-content\/uploads\/2015\/04\/06-8935-post\/fotografo-de-boda-finca-el-campillo-0037.jpg\" alt=\"fotografo de boda en el escorial\" width=\"900\" height=\"599\" srcset=\"http:\/\/www.daniperezfotografia.es\/wordpress\/wp-content\/uploads\/2015\/04\/06-8935-post\/fotografo-de-boda-finca-el-campillo-0037.jpg 900w, http:\/\/www.daniperezfotografia.es\/wordpress\/wp-content\/uploads\/2015\/04\/06-8935-post\/fotografo-de-boda-finca-el-campillo-0037-750x499.jpg 750w\" sizes=\"auto, (max-width: 900px) 100vw, 900px\" \/><img loading=\"lazy\" decoding=\"async\" class=\"aligncenter size-full wp-image-9102\" src=\"http:\/\/www.daniperezfotografia.es\/wordpress\/wp-content\/uploads\/2015\/04\/06-8935-post\/fotografo-de-boda-finca-el-campillo-0038.jpg\" alt=\"fotografo de boda en el escorial\" width=\"900\" height=\"599\" srcset=\"http:\/\/www.daniperezfotografia.es\/wordpress\/wp-content\/uploads\/2015\/04\/06-8935-post\/fotografo-de-boda-finca-el-campillo-0038.jpg 900w, http:\/\/www.daniperezfotografia.es\/wordpress\/wp-content\/uploads\/2015\/04\/06-8935-post\/fotografo-de-boda-finca-el-campillo-0038-750x499.jpg 750w\" sizes=\"auto, (max-width: 900px) 100vw, 900px\" \/><img loading=\"lazy\" decoding=\"async\" class=\"aligncenter size-full wp-image-9103\" src=\"http:\/\/www.daniperezfotografia.es\/wordpress\/wp-content\/uploads\/2015\/04\/06-8935-post\/fotografo-de-boda-finca-el-campillo-0040.jpg\" alt=\"fotografo de boda en el escorial\" width=\"900\" height=\"599\" srcset=\"http:\/\/www.daniperezfotografia.es\/wordpress\/wp-content\/uploads\/2015\/04\/06-8935-post\/fotografo-de-boda-finca-el-campillo-0040.jpg 900w, http:\/\/www.daniperezfotografia.es\/wordpress\/wp-content\/uploads\/2015\/04\/06-8935-post\/fotografo-de-boda-finca-el-campillo-0040-750x499.jpg 750w\" sizes=\"auto, (max-width: 900px) 100vw, 900px\" \/><img loading=\"lazy\" decoding=\"async\" class=\"aligncenter size-full wp-image-9104\" src=\"http:\/\/www.daniperezfotografia.es\/wordpress\/wp-content\/uploads\/2015\/04\/06-8935-post\/fotografo-de-boda-finca-el-campillo-0041.jpg\" alt=\"fotografo de boda en el escorial\" width=\"900\" height=\"599\" srcset=\"http:\/\/www.daniperezfotografia.es\/wordpress\/wp-content\/uploads\/2015\/04\/06-8935-post\/fotografo-de-boda-finca-el-campillo-0041.jpg 900w, http:\/\/www.daniperezfotografia.es\/wordpress\/wp-content\/uploads\/2015\/04\/06-8935-post\/fotografo-de-boda-finca-el-campillo-0041-750x499.jpg 750w\" sizes=\"auto, (max-width: 900px) 100vw, 900px\" \/><img loading=\"lazy\" decoding=\"async\" class=\"aligncenter size-full wp-image-9105\" src=\"http:\/\/www.daniperezfotografia.es\/wordpress\/wp-content\/uploads\/2015\/04\/06-8935-post\/fotografo-de-boda-finca-el-campillo-0044.jpg\" alt=\"fotografo de boda en el escorial\" width=\"900\" height=\"599\" srcset=\"http:\/\/www.daniperezfotografia.es\/wordpress\/wp-content\/uploads\/2015\/04\/06-8935-post\/fotografo-de-boda-finca-el-campillo-0044.jpg 900w, http:\/\/www.daniperezfotografia.es\/wordpress\/wp-content\/uploads\/2015\/04\/06-8935-post\/fotografo-de-boda-finca-el-campillo-0044-750x499.jpg 750w\" sizes=\"auto, (max-width: 900px) 100vw, 900px\" \/><img loading=\"lazy\" decoding=\"async\" class=\"aligncenter size-full wp-image-9106\" src=\"http:\/\/www.daniperezfotografia.es\/wordpress\/wp-content\/uploads\/2015\/04\/06-8935-post\/fotografo-de-boda-finca-el-campillo-0047.jpg\" alt=\"fotografo de boda en el escorial\" width=\"900\" height=\"599\" srcset=\"http:\/\/www.daniperezfotografia.es\/wordpress\/wp-content\/uploads\/2015\/04\/06-8935-post\/fotografo-de-boda-finca-el-campillo-0047.jpg 900w, http:\/\/www.daniperezfotografia.es\/wordpress\/wp-content\/uploads\/2015\/04\/06-8935-post\/fotografo-de-boda-finca-el-campillo-0047-750x499.jpg 750w\" sizes=\"auto, (max-width: 900px) 100vw, 900px\" \/><img loading=\"lazy\" decoding=\"async\" class=\"aligncenter size-full wp-image-9107\" src=\"http:\/\/www.daniperezfotografia.es\/wordpress\/wp-content\/uploads\/2015\/04\/06-8935-post\/fotografo-de-boda-finca-el-campillo-0048.jpg\" alt=\"fotografo de boda en el escorial\" width=\"900\" height=\"599\" srcset=\"http:\/\/www.daniperezfotografia.es\/wordpress\/wp-content\/uploads\/2015\/04\/06-8935-post\/fotografo-de-boda-finca-el-campillo-0048.jpg 900w, http:\/\/www.daniperezfotografia.es\/wordpress\/wp-content\/uploads\/2015\/04\/06-8935-post\/fotografo-de-boda-finca-el-campillo-0048-750x499.jpg 750w\" sizes=\"auto, (max-width: 900px) 100vw, 900px\" \/><img loading=\"lazy\" decoding=\"async\" class=\"aligncenter size-full wp-image-9108\" src=\"http:\/\/www.daniperezfotografia.es\/wordpress\/wp-content\/uploads\/2015\/04\/06-8935-post\/fotografo-de-boda-finca-el-campillo-0050.jpg\" alt=\"fotografo de boda en el escorial\" width=\"900\" height=\"900\" srcset=\"http:\/\/www.daniperezfotografia.es\/wordpress\/wp-content\/uploads\/2015\/04\/06-8935-post\/fotografo-de-boda-finca-el-campillo-0050.jpg 900w, http:\/\/www.daniperezfotografia.es\/wordpress\/wp-content\/uploads\/2015\/04\/06-8935-post\/fotografo-de-boda-finca-el-campillo-0050-150x150.jpg 150w, http:\/\/www.daniperezfotografia.es\/wordpress\/wp-content\/uploads\/2015\/04\/06-8935-post\/fotografo-de-boda-finca-el-campillo-0050-750x750.jpg 750w\" sizes=\"auto, (max-width: 900px) 100vw, 900px\" \/><img loading=\"lazy\" decoding=\"async\" class=\"aligncenter size-full wp-image-9109\" src=\"http:\/\/www.daniperezfotografia.es\/wordpress\/wp-content\/uploads\/2015\/04\/06-8935-post\/fotografo-de-boda-finca-el-campillo-0051.jpg\" alt=\"fotografo de boda en el escorial\" width=\"900\" height=\"599\" srcset=\"http:\/\/www.daniperezfotografia.es\/wordpress\/wp-content\/uploads\/2015\/04\/06-8935-post\/fotografo-de-boda-finca-el-campillo-0051.jpg 900w, http:\/\/www.daniperezfotografia.es\/wordpress\/wp-content\/uploads\/2015\/04\/06-8935-post\/fotografo-de-boda-finca-el-campillo-0051-750x499.jpg 750w\" sizes=\"auto, (max-width: 900px) 100vw, 900px\" \/><img loading=\"lazy\" decoding=\"async\" class=\"aligncenter size-full wp-image-9110\" src=\"http:\/\/www.daniperezfotografia.es\/wordpress\/wp-content\/uploads\/2015\/04\/06-8935-post\/fotografo-de-boda-finca-el-campillo-0054.jpg\" alt=\"fotografo de boda en el escorial\" width=\"900\" height=\"599\" srcset=\"http:\/\/www.daniperezfotografia.es\/wordpress\/wp-content\/uploads\/2015\/04\/06-8935-post\/fotografo-de-boda-finca-el-campillo-0054.jpg 900w, http:\/\/www.daniperezfotografia.es\/wordpress\/wp-content\/uploads\/2015\/04\/06-8935-post\/fotografo-de-boda-finca-el-campillo-0054-750x499.jpg 750w\" sizes=\"auto, (max-width: 900px) 100vw, 900px\" \/><\/p>\n<p style=\"text-align: left;\">La <strong>Finca El Campillo<\/strong> lucia\u00a0un estilo Rustic Chic, haciendo uso de cajas de madera como soporte de los arreglo florales a cargo de More Than Events, precioso y elegante\u00a0el bodeg\u00f3n del hall que dise\u00f1aron Ana y Cristina.\u00a0Los tonos pastel de <strong>Dahlias, paniculata, \u00a0Lysianthus\u00a0 y Amimajus<\/strong>\u00a0 otorgaban al conjunto\u00a0un aspecto silvestre y elegante.<\/p>\n<p style=\"text-align: center;\"><img loading=\"lazy\" decoding=\"async\" class=\"aligncenter size-full wp-image-9111\" src=\"http:\/\/www.daniperezfotografia.es\/wordpress\/wp-content\/uploads\/2015\/04\/06-8935-post\/fotografo-de-boda-finca-el-campillo-0063.jpg\" alt=\"fotografo de boda finca el campillo\" width=\"900\" height=\"599\" srcset=\"http:\/\/www.daniperezfotografia.es\/wordpress\/wp-content\/uploads\/2015\/04\/06-8935-post\/fotografo-de-boda-finca-el-campillo-0063.jpg 900w, http:\/\/www.daniperezfotografia.es\/wordpress\/wp-content\/uploads\/2015\/04\/06-8935-post\/fotografo-de-boda-finca-el-campillo-0063-750x499.jpg 750w\" sizes=\"auto, (max-width: 900px) 100vw, 900px\" \/><img loading=\"lazy\" decoding=\"async\" class=\"aligncenter size-full wp-image-9112\" src=\"http:\/\/www.daniperezfotografia.es\/wordpress\/wp-content\/uploads\/2015\/04\/06-8935-post\/fotografo-de-boda-finca-el-campillo-0055.jpg\" alt=\"fotografo de boda en el escorial\" width=\"900\" height=\"599\" srcset=\"http:\/\/www.daniperezfotografia.es\/wordpress\/wp-content\/uploads\/2015\/04\/06-8935-post\/fotografo-de-boda-finca-el-campillo-0055.jpg 900w, http:\/\/www.daniperezfotografia.es\/wordpress\/wp-content\/uploads\/2015\/04\/06-8935-post\/fotografo-de-boda-finca-el-campillo-0055-750x499.jpg 750w\" sizes=\"auto, (max-width: 900px) 100vw, 900px\" \/><img loading=\"lazy\" decoding=\"async\" class=\"aligncenter size-full wp-image-9113\" src=\"http:\/\/www.daniperezfotografia.es\/wordpress\/wp-content\/uploads\/2015\/04\/06-8935-post\/fotografo-de-boda-finca-el-campillo-0058.jpg\" alt=\"fotografo de boda en el escorial\" width=\"900\" height=\"599\" srcset=\"http:\/\/www.daniperezfotografia.es\/wordpress\/wp-content\/uploads\/2015\/04\/06-8935-post\/fotografo-de-boda-finca-el-campillo-0058.jpg 900w, http:\/\/www.daniperezfotografia.es\/wordpress\/wp-content\/uploads\/2015\/04\/06-8935-post\/fotografo-de-boda-finca-el-campillo-0058-750x499.jpg 750w\" sizes=\"auto, (max-width: 900px) 100vw, 900px\" \/><img loading=\"lazy\" decoding=\"async\" class=\"aligncenter size-full wp-image-9114\" src=\"http:\/\/www.daniperezfotografia.es\/wordpress\/wp-content\/uploads\/2015\/04\/06-8935-post\/fotografo-de-boda-finca-el-campillo-0059.jpg\" alt=\"fotografo de boda en el escorial\" width=\"900\" height=\"599\" srcset=\"http:\/\/www.daniperezfotografia.es\/wordpress\/wp-content\/uploads\/2015\/04\/06-8935-post\/fotografo-de-boda-finca-el-campillo-0059.jpg 900w, http:\/\/www.daniperezfotografia.es\/wordpress\/wp-content\/uploads\/2015\/04\/06-8935-post\/fotografo-de-boda-finca-el-campillo-0059-750x499.jpg 750w\" sizes=\"auto, (max-width: 900px) 100vw, 900px\" \/><img loading=\"lazy\" decoding=\"async\" class=\"aligncenter size-full wp-image-9115\" src=\"http:\/\/www.daniperezfotografia.es\/wordpress\/wp-content\/uploads\/2015\/04\/06-8935-post\/fotografo-de-boda-finca-el-campillo-0060.jpg\" alt=\"fotografo de boda en el escorial\" width=\"900\" height=\"599\" srcset=\"http:\/\/www.daniperezfotografia.es\/wordpress\/wp-content\/uploads\/2015\/04\/06-8935-post\/fotografo-de-boda-finca-el-campillo-0060.jpg 900w, http:\/\/www.daniperezfotografia.es\/wordpress\/wp-content\/uploads\/2015\/04\/06-8935-post\/fotografo-de-boda-finca-el-campillo-0060-750x499.jpg 750w\" sizes=\"auto, (max-width: 900px) 100vw, 900px\" \/><img loading=\"lazy\" decoding=\"async\" class=\"aligncenter size-full wp-image-9116\" src=\"http:\/\/www.daniperezfotografia.es\/wordpress\/wp-content\/uploads\/2015\/04\/06-8935-post\/fotografo-de-boda-finca-el-campillo-0062.jpg\" alt=\"fotografo de boda en el escorial\" width=\"900\" height=\"599\" srcset=\"http:\/\/www.daniperezfotografia.es\/wordpress\/wp-content\/uploads\/2015\/04\/06-8935-post\/fotografo-de-boda-finca-el-campillo-0062.jpg 900w, http:\/\/www.daniperezfotografia.es\/wordpress\/wp-content\/uploads\/2015\/04\/06-8935-post\/fotografo-de-boda-finca-el-campillo-0062-750x499.jpg 750w\" sizes=\"auto, (max-width: 900px) 100vw, 900px\" \/><img loading=\"lazy\" decoding=\"async\" class=\"aligncenter size-full wp-image-9118\" src=\"http:\/\/www.daniperezfotografia.es\/wordpress\/wp-content\/uploads\/2015\/04\/06-8935-post\/fotografo-de-boda-finca-el-campillo-0064.jpg\" alt=\"fotografo de boda en el escorial\" width=\"900\" height=\"599\" srcset=\"http:\/\/www.daniperezfotografia.es\/wordpress\/wp-content\/uploads\/2015\/04\/06-8935-post\/fotografo-de-boda-finca-el-campillo-0064.jpg 900w, http:\/\/www.daniperezfotografia.es\/wordpress\/wp-content\/uploads\/2015\/04\/06-8935-post\/fotografo-de-boda-finca-el-campillo-0064-750x499.jpg 750w\" sizes=\"auto, (max-width: 900px) 100vw, 900px\" \/><img loading=\"lazy\" decoding=\"async\" class=\"aligncenter size-full wp-image-9121\" src=\"http:\/\/www.daniperezfotografia.es\/wordpress\/wp-content\/uploads\/2015\/04\/06-8935-post\/fotografo-de-boda-finca-el-campillo-0071.jpg\" alt=\"fotografo de boda en el escorial\" width=\"900\" height=\"599\" srcset=\"http:\/\/www.daniperezfotografia.es\/wordpress\/wp-content\/uploads\/2015\/04\/06-8935-post\/fotografo-de-boda-finca-el-campillo-0071.jpg 900w, http:\/\/www.daniperezfotografia.es\/wordpress\/wp-content\/uploads\/2015\/04\/06-8935-post\/fotografo-de-boda-finca-el-campillo-0071-750x499.jpg 750w\" sizes=\"auto, (max-width: 900px) 100vw, 900px\" \/><img loading=\"lazy\" decoding=\"async\" class=\"aligncenter size-full wp-image-9123\" src=\"http:\/\/www.daniperezfotografia.es\/wordpress\/wp-content\/uploads\/2015\/04\/06-8935-post\/fotografo-de-boda-finca-el-campillo-0075-2.jpg\" alt=\"fotografo de boda finca el campillo\" width=\"900\" height=\"300\" srcset=\"http:\/\/www.daniperezfotografia.es\/wordpress\/wp-content\/uploads\/2015\/04\/06-8935-post\/fotografo-de-boda-finca-el-campillo-0075-2.jpg 900w, http:\/\/www.daniperezfotografia.es\/wordpress\/wp-content\/uploads\/2015\/04\/06-8935-post\/fotografo-de-boda-finca-el-campillo-0075-2-750x250.jpg 750w\" sizes=\"auto, (max-width: 900px) 100vw, 900px\" \/><img loading=\"lazy\" decoding=\"async\" class=\"aligncenter size-full wp-image-9124\" src=\"http:\/\/www.daniperezfotografia.es\/wordpress\/wp-content\/uploads\/2015\/04\/06-8935-post\/fotografo-de-boda-finca-el-campillo-0078.jpg\" alt=\"fotografo de boda finca el campillo\" width=\"900\" height=\"599\" srcset=\"http:\/\/www.daniperezfotografia.es\/wordpress\/wp-content\/uploads\/2015\/04\/06-8935-post\/fotografo-de-boda-finca-el-campillo-0078.jpg 900w, http:\/\/www.daniperezfotografia.es\/wordpress\/wp-content\/uploads\/2015\/04\/06-8935-post\/fotografo-de-boda-finca-el-campillo-0078-750x499.jpg 750w\" sizes=\"auto, (max-width: 900px) 100vw, 900px\" \/><img loading=\"lazy\" decoding=\"async\" class=\"aligncenter size-full wp-image-9125\" src=\"http:\/\/www.daniperezfotografia.es\/wordpress\/wp-content\/uploads\/2015\/04\/06-8935-post\/fotografo-de-boda-finca-el-campillo-0079.jpg\" alt=\"fotografo de boda finca el campillo\" width=\"900\" height=\"599\" srcset=\"http:\/\/www.daniperezfotografia.es\/wordpress\/wp-content\/uploads\/2015\/04\/06-8935-post\/fotografo-de-boda-finca-el-campillo-0079.jpg 900w, http:\/\/www.daniperezfotografia.es\/wordpress\/wp-content\/uploads\/2015\/04\/06-8935-post\/fotografo-de-boda-finca-el-campillo-0079-750x499.jpg 750w\" sizes=\"auto, (max-width: 900px) 100vw, 900px\" \/><\/p>\n<p style=\"text-align: center;\">Uno de los momentos m\u00e1s emotivos para Sonia\u00a0fue la entrega de su ramo. Se lo entreg\u00f3 a su abuela y dos r\u00e9plicas a las abuelas de Ra\u00fal.<\/p>\n<p style=\"text-align: center;\"><img loading=\"lazy\" decoding=\"async\" class=\"aligncenter size-full wp-image-9126\" src=\"http:\/\/www.daniperezfotografia.es\/wordpress\/wp-content\/uploads\/2015\/04\/06-8935-post\/fotografo-de-boda-finca-el-campillo-0080.jpg\" alt=\"fotografo de boda finca el campillo\" width=\"900\" height=\"599\" srcset=\"http:\/\/www.daniperezfotografia.es\/wordpress\/wp-content\/uploads\/2015\/04\/06-8935-post\/fotografo-de-boda-finca-el-campillo-0080.jpg 900w, http:\/\/www.daniperezfotografia.es\/wordpress\/wp-content\/uploads\/2015\/04\/06-8935-post\/fotografo-de-boda-finca-el-campillo-0080-750x499.jpg 750w\" sizes=\"auto, (max-width: 900px) 100vw, 900px\" \/><img loading=\"lazy\" decoding=\"async\" class=\"aligncenter size-full wp-image-9127\" src=\"http:\/\/www.daniperezfotografia.es\/wordpress\/wp-content\/uploads\/2015\/04\/06-8935-post\/fotografo-de-boda-finca-el-campillo-0081.jpg\" alt=\"fotografo de boda finca el campillo\" width=\"900\" height=\"599\" srcset=\"http:\/\/www.daniperezfotografia.es\/wordpress\/wp-content\/uploads\/2015\/04\/06-8935-post\/fotografo-de-boda-finca-el-campillo-0081.jpg 900w, http:\/\/www.daniperezfotografia.es\/wordpress\/wp-content\/uploads\/2015\/04\/06-8935-post\/fotografo-de-boda-finca-el-campillo-0081-750x499.jpg 750w\" sizes=\"auto, (max-width: 900px) 100vw, 900px\" \/><img loading=\"lazy\" decoding=\"async\" class=\"aligncenter wp-image-9128 size-full\" src=\"http:\/\/www.daniperezfotografia.es\/wordpress\/wp-content\/uploads\/2015\/04\/06-8935-post\/fotografo-de-boda-finca-el-campillo-0086.jpg\" alt=\"fotografo de boda finca el campillo\" width=\"900\" height=\"599\" srcset=\"http:\/\/www.daniperezfotografia.es\/wordpress\/wp-content\/uploads\/2015\/04\/06-8935-post\/fotografo-de-boda-finca-el-campillo-0086.jpg 900w, http:\/\/www.daniperezfotografia.es\/wordpress\/wp-content\/uploads\/2015\/04\/06-8935-post\/fotografo-de-boda-finca-el-campillo-0086-750x499.jpg 750w\" sizes=\"auto, (max-width: 900px) 100vw, 900px\" \/><img loading=\"lazy\" decoding=\"async\" class=\"aligncenter wp-image-9129 size-full\" src=\"http:\/\/www.daniperezfotografia.es\/wordpress\/wp-content\/uploads\/2015\/04\/06-8935-post\/fotografo-de-boda-finca-el-campillo-0084.jpg\" alt=\"fotografo de boda finca el campillo\" width=\"900\" height=\"599\" srcset=\"http:\/\/www.daniperezfotografia.es\/wordpress\/wp-content\/uploads\/2015\/04\/06-8935-post\/fotografo-de-boda-finca-el-campillo-0084.jpg 900w, http:\/\/www.daniperezfotografia.es\/wordpress\/wp-content\/uploads\/2015\/04\/06-8935-post\/fotografo-de-boda-finca-el-campillo-0084-750x499.jpg 750w\" sizes=\"auto, (max-width: 900px) 100vw, 900px\" \/><img loading=\"lazy\" decoding=\"async\" class=\"aligncenter wp-image-9130 size-full\" src=\"http:\/\/www.daniperezfotografia.es\/wordpress\/wp-content\/uploads\/2015\/04\/06-8935-post\/fotografo-de-boda-finca-el-campillo-0090.jpg\" alt=\"fotografo de boda finca el campillo\" width=\"900\" height=\"599\" srcset=\"http:\/\/www.daniperezfotografia.es\/wordpress\/wp-content\/uploads\/2015\/04\/06-8935-post\/fotografo-de-boda-finca-el-campillo-0090.jpg 900w, http:\/\/www.daniperezfotografia.es\/wordpress\/wp-content\/uploads\/2015\/04\/06-8935-post\/fotografo-de-boda-finca-el-campillo-0090-750x499.jpg 750w\" sizes=\"auto, (max-width: 900px) 100vw, 900px\" \/><img loading=\"lazy\" decoding=\"async\" class=\"aligncenter wp-image-9131 size-full\" src=\"http:\/\/www.daniperezfotografia.es\/wordpress\/wp-content\/uploads\/2015\/04\/06-8935-post\/fotografo-de-boda-finca-el-campillo-0091.jpg\" alt=\"fotografo de boda finca el campillo\" width=\"900\" height=\"599\" srcset=\"http:\/\/www.daniperezfotografia.es\/wordpress\/wp-content\/uploads\/2015\/04\/06-8935-post\/fotografo-de-boda-finca-el-campillo-0091.jpg 900w, http:\/\/www.daniperezfotografia.es\/wordpress\/wp-content\/uploads\/2015\/04\/06-8935-post\/fotografo-de-boda-finca-el-campillo-0091-750x499.jpg 750w\" sizes=\"auto, (max-width: 900px) 100vw, 900px\" \/><img loading=\"lazy\" decoding=\"async\" class=\"aligncenter wp-image-9132 size-full\" src=\"http:\/\/www.daniperezfotografia.es\/wordpress\/wp-content\/uploads\/2015\/04\/06-8935-post\/fotografo-de-boda-finca-el-campillo-0087.jpg\" alt=\"fotografo de boda finca el campillo\" width=\"900\" height=\"599\" srcset=\"http:\/\/www.daniperezfotografia.es\/wordpress\/wp-content\/uploads\/2015\/04\/06-8935-post\/fotografo-de-boda-finca-el-campillo-0087.jpg 900w, http:\/\/www.daniperezfotografia.es\/wordpress\/wp-content\/uploads\/2015\/04\/06-8935-post\/fotografo-de-boda-finca-el-campillo-0087-750x499.jpg 750w\" sizes=\"auto, (max-width: 900px) 100vw, 900px\" \/><img loading=\"lazy\" decoding=\"async\" class=\"aligncenter wp-image-9133 size-full\" src=\"http:\/\/www.daniperezfotografia.es\/wordpress\/wp-content\/uploads\/2015\/04\/06-8935-post\/fotografo-de-boda-finca-el-campillo-0092.jpg\" alt=\"fotografo de boda finca el campillo\" width=\"900\" height=\"599\" srcset=\"http:\/\/www.daniperezfotografia.es\/wordpress\/wp-content\/uploads\/2015\/04\/06-8935-post\/fotografo-de-boda-finca-el-campillo-0092.jpg 900w, http:\/\/www.daniperezfotografia.es\/wordpress\/wp-content\/uploads\/2015\/04\/06-8935-post\/fotografo-de-boda-finca-el-campillo-0092-750x499.jpg 750w\" sizes=\"auto, (max-width: 900px) 100vw, 900px\" \/><img loading=\"lazy\" decoding=\"async\" class=\"aligncenter size-full wp-image-9134\" src=\"http:\/\/www.daniperezfotografia.es\/wordpress\/wp-content\/uploads\/2015\/04\/06-8935-post\/fotografo-de-boda-finca-el-campillo-0089.jpg\" alt=\"fotografo de boda finca el campillo\" width=\"900\" height=\"599\" srcset=\"http:\/\/www.daniperezfotografia.es\/wordpress\/wp-content\/uploads\/2015\/04\/06-8935-post\/fotografo-de-boda-finca-el-campillo-0089.jpg 900w, http:\/\/www.daniperezfotografia.es\/wordpress\/wp-content\/uploads\/2015\/04\/06-8935-post\/fotografo-de-boda-finca-el-campillo-0089-750x499.jpg 750w\" sizes=\"auto, (max-width: 900px) 100vw, 900px\" \/><\/p>\n<p style=\"text-align: center;\">Gracias a todo los proveedores que han hecho de la boda de Sonia y Raul un d\u00eda tan especial<\/p>\n<p style=\"text-align: center;\">Trajes de la novia \u00b7 <a title=\"Boda en la Finca EL Campillo\" href=\"http:\/\/www.beatrizalvaro.com\/blog\/sonia-y-raul-una-preciosa-boda-en-el-campillo\/\" target=\"_blank\" rel=\"noopener noreferrer\">Beatriz Alonso<\/a>\u00a0\u00b7 Zapatos de la novia \u00b7\u00a0<a title=\"Zapatos a medida en Madrid\" href=\"http:\/\/www.jorgelarranaga.com\/es\/\" target=\"_blank\" rel=\"noopener noreferrer\">Jorge Larra\u00f1aga<\/a>\u00a0\u00b7 Tocado \u00b7\u00a0<a title=\"Tocados personalizados en Madrid\" href=\"http:\/\/ritavon.es\/\" target=\"_blank\" rel=\"noopener noreferrer\">Rita Von<\/a>\u00a0\u00b7 Ramo de novia \u00b7 <a title=\"Decoraci\u00f3n con flores para eventos\" href=\"http:\/\/www.verdepimienta.es\/\" target=\"_blank\" rel=\"noopener noreferrer\">Verde Pimienta<\/a>\u00a0\u00b7 Centros de flores y bodegones \u00b7 <a title=\"Decoraci\u00f3n floral en Madrid\" href=\"http:\/\/www.mardeflores.com\/\" target=\"_blank\" rel=\"noopener noreferrer\">Mar de flores<\/a>\u00a0\u00b7 Gemelos del padre de la novia \u00b7 <a title=\"Joyas personalizadas venta online\" href=\"http:\/\/www.hops.es\/\" target=\"_blank\" rel=\"noopener noreferrer\">Hops<\/a>\u00a0\u00b7 Maquillaje y Peluquer\u00eda \u00b7 <a title=\"Hair and Makeup Madrid\" href=\"http:\/\/www.monicaroldan.com\/\" target=\"_blank\" rel=\"noopener noreferrer\">M\u00f3nica Roldan\u00a0<\/a><\/p>\n<p style=\"text-align: center;\">Trabajo realizado como <strong>segundo fotografo<\/strong> de Ludo-Fotografia<\/p>\n","protected":false},"excerpt":{"rendered":"<p>Reportaje de boda celebrado en la Bas\u00edlica del Monasterio de El Escorial. Celebraci\u00f3n en la Finca El Campillo<\/p>\n","protected":false},"author":1,"featured_media":11157,"comment_status":"open","ping_status":"open","sticky":false,"template":"","format":"standard","meta":{"footnotes":""},"categories":[63],"tags":[531,841,804],"class_list":["post-8935","post","type-post","status-publish","format-standard","has-post-thumbnail","hentry","category-bodas","tag-boda","tag-finca-el-campillo","tag-monasterio-de-el-escorial"],"blocksy_meta":{"styles_descriptor":{"styles":{"desktop":"","tablet":"","mobile":""},"google_fonts":[],"version":6}},"yoast_head":"<!-- This site is optimized with the Yoast SEO plugin v27.4 - https:\/\/yoast.com\/product\/yoast-seo-wordpress\/ -->\n<title>Boda en El Monasterio de El Escorial<\/title>\n<meta name=\"description\" content=\"Fotografo de boda Finca el Campillo. Una preciosa boda en tonos pastel celebrada en El Monasterio de El Escorial y la Finca El Campillo.\" \/>\n<meta name=\"robots\" content=\"index, follow, max-snippet:-1, max-image-preview:large, max-video-preview:-1\" \/>\n<link rel=\"canonical\" href=\"http:\/\/www.daniperezfotografia.es\/wordpress\/bodas\/fotografo-de-boda-finca-el-campillo\" \/>\n<meta property=\"og:locale\" content=\"es_ES\" \/>\n<meta property=\"og:type\" content=\"article\" \/>\n<meta property=\"og:title\" content=\"Boda en El Monasterio de El Escorial\" \/>\n<meta property=\"og:description\" content=\"Fotografo de boda Finca el Campillo. Una preciosa boda en tonos pastel celebrada en El Monasterio de El Escorial y la Finca El Campillo.\" \/>\n<meta property=\"og:url\" content=\"http:\/\/www.daniperezfotografia.es\/wordpress\/bodas\/fotografo-de-boda-finca-el-campillo\" \/>\n<meta property=\"og:site_name\" content=\"Dani Perez Fotografia | Fotografo Profesional en Madrid\" \/>\n<meta property=\"article:publisher\" content=\"https:\/\/www.facebook.com\/daniperezfotografia\" \/>\n<meta property=\"article:author\" content=\"https:\/\/www.facebook.com\/daniperezfotografia\" \/>\n<meta property=\"article:published_time\" content=\"2015-04-28T10:30:26+00:00\" \/>\n<meta property=\"article:modified_time\" content=\"2020-05-19T22:59:06+00:00\" \/>\n<meta property=\"og:image\" content=\"http:\/\/www.daniperezfotografia.es\/wordpress\/wp-content\/uploads\/2015\/04\/sonia-raul-boda-monasterio-escorial-finca-el-campillo-1100.jpg\" \/>\n\t<meta property=\"og:image:width\" content=\"1100\" \/>\n\t<meta property=\"og:image:height\" content=\"732\" \/>\n\t<meta property=\"og:image:type\" content=\"image\/jpeg\" \/>\n<meta name=\"author\" content=\"Dani\" \/>\n<meta name=\"twitter:card\" content=\"summary_large_image\" \/>\n<meta name=\"twitter:creator\" content=\"@daniperezfoto\" \/>\n<meta name=\"twitter:site\" content=\"@daniperezfoto\" \/>\n<meta name=\"twitter:label1\" content=\"Escrito por\" \/>\n\t<meta name=\"twitter:data1\" content=\"Dani\" \/>\n\t<meta name=\"twitter:label2\" content=\"Tiempo de lectura\" \/>\n\t<meta name=\"twitter:data2\" content=\"1 minuto\" \/>\n<script type=\"application\/ld+json\" class=\"yoast-schema-graph\">{\"@context\":\"https:\\\/\\\/schema.org\",\"@graph\":[{\"@type\":\"Article\",\"@id\":\"http:\\\/\\\/www.daniperezfotografia.es\\\/wordpress\\\/bodas\\\/fotografo-de-boda-finca-el-campillo#article\",\"isPartOf\":{\"@id\":\"http:\\\/\\\/www.daniperezfotografia.es\\\/wordpress\\\/bodas\\\/fotografo-de-boda-finca-el-campillo\"},\"author\":{\"name\":\"Dani\",\"@id\":\"https:\\\/\\\/www.daniperezfotografia.es\\\/wordpress\\\/#\\\/schema\\\/person\\\/e182c086037e8185dcc7e99e2c589a63\"},\"headline\":\"Boda en El Monasterio de El Escorial\",\"datePublished\":\"2015-04-28T10:30:26+00:00\",\"dateModified\":\"2020-05-19T22:59:06+00:00\",\"mainEntityOfPage\":{\"@id\":\"http:\\\/\\\/www.daniperezfotografia.es\\\/wordpress\\\/bodas\\\/fotografo-de-boda-finca-el-campillo\"},\"wordCount\":300,\"commentCount\":0,\"publisher\":{\"@id\":\"https:\\\/\\\/www.daniperezfotografia.es\\\/wordpress\\\/#organization\"},\"image\":{\"@id\":\"http:\\\/\\\/www.daniperezfotografia.es\\\/wordpress\\\/bodas\\\/fotografo-de-boda-finca-el-campillo#primaryimage\"},\"thumbnailUrl\":\"http:\\\/\\\/www.daniperezfotografia.es\\\/wordpress\\\/wp-content\\\/uploads\\\/2015\\\/04\\\/sonia-raul-boda-monasterio-escorial-finca-el-campillo-1100.jpg\",\"keywords\":[\"boda\",\"Finca El Campillo\",\"Monasterio de El Escorial\"],\"articleSection\":[\"Reportajes de Bodas\"],\"inLanguage\":\"es\",\"potentialAction\":[{\"@type\":\"CommentAction\",\"name\":\"Comment\",\"target\":[\"http:\\\/\\\/www.daniperezfotografia.es\\\/wordpress\\\/bodas\\\/fotografo-de-boda-finca-el-campillo#respond\"]}]},{\"@type\":\"WebPage\",\"@id\":\"http:\\\/\\\/www.daniperezfotografia.es\\\/wordpress\\\/bodas\\\/fotografo-de-boda-finca-el-campillo\",\"url\":\"http:\\\/\\\/www.daniperezfotografia.es\\\/wordpress\\\/bodas\\\/fotografo-de-boda-finca-el-campillo\",\"name\":\"Boda en El Monasterio de El Escorial\",\"isPartOf\":{\"@id\":\"https:\\\/\\\/www.daniperezfotografia.es\\\/wordpress\\\/#website\"},\"primaryImageOfPage\":{\"@id\":\"http:\\\/\\\/www.daniperezfotografia.es\\\/wordpress\\\/bodas\\\/fotografo-de-boda-finca-el-campillo#primaryimage\"},\"image\":{\"@id\":\"http:\\\/\\\/www.daniperezfotografia.es\\\/wordpress\\\/bodas\\\/fotografo-de-boda-finca-el-campillo#primaryimage\"},\"thumbnailUrl\":\"http:\\\/\\\/www.daniperezfotografia.es\\\/wordpress\\\/wp-content\\\/uploads\\\/2015\\\/04\\\/sonia-raul-boda-monasterio-escorial-finca-el-campillo-1100.jpg\",\"datePublished\":\"2015-04-28T10:30:26+00:00\",\"dateModified\":\"2020-05-19T22:59:06+00:00\",\"description\":\"Fotografo de boda Finca el Campillo. Una preciosa boda en tonos pastel celebrada en El Monasterio de El Escorial y la Finca El Campillo.\",\"breadcrumb\":{\"@id\":\"http:\\\/\\\/www.daniperezfotografia.es\\\/wordpress\\\/bodas\\\/fotografo-de-boda-finca-el-campillo#breadcrumb\"},\"inLanguage\":\"es\",\"potentialAction\":[{\"@type\":\"ReadAction\",\"target\":[\"http:\\\/\\\/www.daniperezfotografia.es\\\/wordpress\\\/bodas\\\/fotografo-de-boda-finca-el-campillo\"]}]},{\"@type\":\"ImageObject\",\"inLanguage\":\"es\",\"@id\":\"http:\\\/\\\/www.daniperezfotografia.es\\\/wordpress\\\/bodas\\\/fotografo-de-boda-finca-el-campillo#primaryimage\",\"url\":\"http:\\\/\\\/www.daniperezfotografia.es\\\/wordpress\\\/wp-content\\\/uploads\\\/2015\\\/04\\\/sonia-raul-boda-monasterio-escorial-finca-el-campillo-1100.jpg\",\"contentUrl\":\"http:\\\/\\\/www.daniperezfotografia.es\\\/wordpress\\\/wp-content\\\/uploads\\\/2015\\\/04\\\/sonia-raul-boda-monasterio-escorial-finca-el-campillo-1100.jpg\",\"width\":1100,\"height\":732,\"caption\":\"fotografo de boda finca el campillo\"},{\"@type\":\"BreadcrumbList\",\"@id\":\"http:\\\/\\\/www.daniperezfotografia.es\\\/wordpress\\\/bodas\\\/fotografo-de-boda-finca-el-campillo#breadcrumb\",\"itemListElement\":[{\"@type\":\"ListItem\",\"position\":1,\"name\":\"Portada\",\"item\":\"https:\\\/\\\/www.daniperezfotografia.es\\\/wordpress\\\/\"},{\"@type\":\"ListItem\",\"position\":2,\"name\":\"Boda en El Monasterio de El Escorial\"}]},{\"@type\":\"WebSite\",\"@id\":\"https:\\\/\\\/www.daniperezfotografia.es\\\/wordpress\\\/#website\",\"url\":\"https:\\\/\\\/www.daniperezfotografia.es\\\/wordpress\\\/\",\"name\":\"Dani Perez Fotografia | Fotografo Profesional en Madrid\",\"description\":\"Reportajes de bodas, bautizos, comuniones y sesiones de familia para particulares. Eventos, conferencias y retrato corporativo para empresas. Video de conferencias\",\"publisher\":{\"@id\":\"https:\\\/\\\/www.daniperezfotografia.es\\\/wordpress\\\/#organization\"},\"potentialAction\":[{\"@type\":\"SearchAction\",\"target\":{\"@type\":\"EntryPoint\",\"urlTemplate\":\"https:\\\/\\\/www.daniperezfotografia.es\\\/wordpress\\\/?s={search_term_string}\"},\"query-input\":{\"@type\":\"PropertyValueSpecification\",\"valueRequired\":true,\"valueName\":\"search_term_string\"}}],\"inLanguage\":\"es\"},{\"@type\":\"Organization\",\"@id\":\"https:\\\/\\\/www.daniperezfotografia.es\\\/wordpress\\\/#organization\",\"name\":\"Dani Perez Fotografia y Video\",\"url\":\"https:\\\/\\\/www.daniperezfotografia.es\\\/wordpress\\\/\",\"logo\":{\"@type\":\"ImageObject\",\"inLanguage\":\"es\",\"@id\":\"https:\\\/\\\/www.daniperezfotografia.es\\\/wordpress\\\/#\\\/schema\\\/logo\\\/image\\\/\",\"url\":\"\",\"contentUrl\":\"\",\"caption\":\"Dani Perez Fotografia y Video\"},\"image\":{\"@id\":\"https:\\\/\\\/www.daniperezfotografia.es\\\/wordpress\\\/#\\\/schema\\\/logo\\\/image\\\/\"},\"sameAs\":[\"https:\\\/\\\/www.facebook.com\\\/daniperezfotografia\",\"https:\\\/\\\/x.com\\\/daniperezfoto\",\"https:\\\/\\\/instagram.com\\\/daniperezfotografia\\\/\",\"https:\\\/\\\/www.linkedin.com\\\/pub\\\/dani-perez-fotografo\\\/b2\\\/3b0\\\/594\"]},{\"@type\":\"Person\",\"@id\":\"https:\\\/\\\/www.daniperezfotografia.es\\\/wordpress\\\/#\\\/schema\\\/person\\\/e182c086037e8185dcc7e99e2c589a63\",\"name\":\"Dani\",\"sameAs\":[\"http:\\\/\\\/www.daniperezfotografia.es\",\"https:\\\/\\\/www.facebook.com\\\/daniperezfotografia\",\"https:\\\/\\\/x.com\\\/daniperezfoto\"]}]}<\/script>\n<!-- \/ Yoast SEO plugin. -->","yoast_head_json":{"title":"Boda en El Monasterio de El Escorial","description":"Fotografo de boda Finca el Campillo. Una preciosa boda en tonos pastel celebrada en El Monasterio de El Escorial y la Finca El Campillo.","robots":{"index":"index","follow":"follow","max-snippet":"max-snippet:-1","max-image-preview":"max-image-preview:large","max-video-preview":"max-video-preview:-1"},"canonical":"http:\/\/www.daniperezfotografia.es\/wordpress\/bodas\/fotografo-de-boda-finca-el-campillo","og_locale":"es_ES","og_type":"article","og_title":"Boda en El Monasterio de El Escorial","og_description":"Fotografo de boda Finca el Campillo. Una preciosa boda en tonos pastel celebrada en El Monasterio de El Escorial y la Finca El Campillo.","og_url":"http:\/\/www.daniperezfotografia.es\/wordpress\/bodas\/fotografo-de-boda-finca-el-campillo","og_site_name":"Dani Perez Fotografia | Fotografo Profesional en Madrid","article_publisher":"https:\/\/www.facebook.com\/daniperezfotografia","article_author":"https:\/\/www.facebook.com\/daniperezfotografia","article_published_time":"2015-04-28T10:30:26+00:00","article_modified_time":"2020-05-19T22:59:06+00:00","og_image":[{"width":1100,"height":732,"url":"http:\/\/www.daniperezfotografia.es\/wordpress\/wp-content\/uploads\/2015\/04\/sonia-raul-boda-monasterio-escorial-finca-el-campillo-1100.jpg","type":"image\/jpeg"}],"author":"Dani","twitter_card":"summary_large_image","twitter_creator":"@daniperezfoto","twitter_site":"@daniperezfoto","twitter_misc":{"Escrito por":"Dani","Tiempo de lectura":"1 minuto"},"schema":{"@context":"https:\/\/schema.org","@graph":[{"@type":"Article","@id":"http:\/\/www.daniperezfotografia.es\/wordpress\/bodas\/fotografo-de-boda-finca-el-campillo#article","isPartOf":{"@id":"http:\/\/www.daniperezfotografia.es\/wordpress\/bodas\/fotografo-de-boda-finca-el-campillo"},"author":{"name":"Dani","@id":"https:\/\/www.daniperezfotografia.es\/wordpress\/#\/schema\/person\/e182c086037e8185dcc7e99e2c589a63"},"headline":"Boda en El Monasterio de El Escorial","datePublished":"2015-04-28T10:30:26+00:00","dateModified":"2020-05-19T22:59:06+00:00","mainEntityOfPage":{"@id":"http:\/\/www.daniperezfotografia.es\/wordpress\/bodas\/fotografo-de-boda-finca-el-campillo"},"wordCount":300,"commentCount":0,"publisher":{"@id":"https:\/\/www.daniperezfotografia.es\/wordpress\/#organization"},"image":{"@id":"http:\/\/www.daniperezfotografia.es\/wordpress\/bodas\/fotografo-de-boda-finca-el-campillo#primaryimage"},"thumbnailUrl":"http:\/\/www.daniperezfotografia.es\/wordpress\/wp-content\/uploads\/2015\/04\/sonia-raul-boda-monasterio-escorial-finca-el-campillo-1100.jpg","keywords":["boda","Finca El Campillo","Monasterio de El Escorial"],"articleSection":["Reportajes de Bodas"],"inLanguage":"es","potentialAction":[{"@type":"CommentAction","name":"Comment","target":["http:\/\/www.daniperezfotografia.es\/wordpress\/bodas\/fotografo-de-boda-finca-el-campillo#respond"]}]},{"@type":"WebPage","@id":"http:\/\/www.daniperezfotografia.es\/wordpress\/bodas\/fotografo-de-boda-finca-el-campillo","url":"http:\/\/www.daniperezfotografia.es\/wordpress\/bodas\/fotografo-de-boda-finca-el-campillo","name":"Boda en El Monasterio de El Escorial","isPartOf":{"@id":"https:\/\/www.daniperezfotografia.es\/wordpress\/#website"},"primaryImageOfPage":{"@id":"http:\/\/www.daniperezfotografia.es\/wordpress\/bodas\/fotografo-de-boda-finca-el-campillo#primaryimage"},"image":{"@id":"http:\/\/www.daniperezfotografia.es\/wordpress\/bodas\/fotografo-de-boda-finca-el-campillo#primaryimage"},"thumbnailUrl":"http:\/\/www.daniperezfotografia.es\/wordpress\/wp-content\/uploads\/2015\/04\/sonia-raul-boda-monasterio-escorial-finca-el-campillo-1100.jpg","datePublished":"2015-04-28T10:30:26+00:00","dateModified":"2020-05-19T22:59:06+00:00","description":"Fotografo de boda Finca el Campillo. Una preciosa boda en tonos pastel celebrada en El Monasterio de El Escorial y la Finca El Campillo.","breadcrumb":{"@id":"http:\/\/www.daniperezfotografia.es\/wordpress\/bodas\/fotografo-de-boda-finca-el-campillo#breadcrumb"},"inLanguage":"es","potentialAction":[{"@type":"ReadAction","target":["http:\/\/www.daniperezfotografia.es\/wordpress\/bodas\/fotografo-de-boda-finca-el-campillo"]}]},{"@type":"ImageObject","inLanguage":"es","@id":"http:\/\/www.daniperezfotografia.es\/wordpress\/bodas\/fotografo-de-boda-finca-el-campillo#primaryimage","url":"http:\/\/www.daniperezfotografia.es\/wordpress\/wp-content\/uploads\/2015\/04\/sonia-raul-boda-monasterio-escorial-finca-el-campillo-1100.jpg","contentUrl":"http:\/\/www.daniperezfotografia.es\/wordpress\/wp-content\/uploads\/2015\/04\/sonia-raul-boda-monasterio-escorial-finca-el-campillo-1100.jpg","width":1100,"height":732,"caption":"fotografo de boda finca el campillo"},{"@type":"BreadcrumbList","@id":"http:\/\/www.daniperezfotografia.es\/wordpress\/bodas\/fotografo-de-boda-finca-el-campillo#breadcrumb","itemListElement":[{"@type":"ListItem","position":1,"name":"Portada","item":"https:\/\/www.daniperezfotografia.es\/wordpress\/"},{"@type":"ListItem","position":2,"name":"Boda en El Monasterio de El Escorial"}]},{"@type":"WebSite","@id":"https:\/\/www.daniperezfotografia.es\/wordpress\/#website","url":"https:\/\/www.daniperezfotografia.es\/wordpress\/","name":"Dani Perez Fotografia | Fotografo Profesional en Madrid","description":"Reportajes de bodas, bautizos, comuniones y sesiones de familia para particulares. Eventos, conferencias y retrato corporativo para empresas. Video de conferencias","publisher":{"@id":"https:\/\/www.daniperezfotografia.es\/wordpress\/#organization"},"potentialAction":[{"@type":"SearchAction","target":{"@type":"EntryPoint","urlTemplate":"https:\/\/www.daniperezfotografia.es\/wordpress\/?s={search_term_string}"},"query-input":{"@type":"PropertyValueSpecification","valueRequired":true,"valueName":"search_term_string"}}],"inLanguage":"es"},{"@type":"Organization","@id":"https:\/\/www.daniperezfotografia.es\/wordpress\/#organization","name":"Dani Perez Fotografia y Video","url":"https:\/\/www.daniperezfotografia.es\/wordpress\/","logo":{"@type":"ImageObject","inLanguage":"es","@id":"https:\/\/www.daniperezfotografia.es\/wordpress\/#\/schema\/logo\/image\/","url":"","contentUrl":"","caption":"Dani Perez Fotografia y Video"},"image":{"@id":"https:\/\/www.daniperezfotografia.es\/wordpress\/#\/schema\/logo\/image\/"},"sameAs":["https:\/\/www.facebook.com\/daniperezfotografia","https:\/\/x.com\/daniperezfoto","https:\/\/instagram.com\/daniperezfotografia\/","https:\/\/www.linkedin.com\/pub\/dani-perez-fotografo\/b2\/3b0\/594"]},{"@type":"Person","@id":"https:\/\/www.daniperezfotografia.es\/wordpress\/#\/schema\/person\/e182c086037e8185dcc7e99e2c589a63","name":"Dani","sameAs":["http:\/\/www.daniperezfotografia.es","https:\/\/www.facebook.com\/daniperezfotografia","https:\/\/x.com\/daniperezfoto"]}]}},"_links":{"self":[{"href":"http:\/\/www.daniperezfotografia.es\/wordpress\/wp-json\/wp\/v2\/posts\/8935","targetHints":{"allow":["GET"]}}],"collection":[{"href":"http:\/\/www.daniperezfotografia.es\/wordpress\/wp-json\/wp\/v2\/posts"}],"about":[{"href":"http:\/\/www.daniperezfotografia.es\/wordpress\/wp-json\/wp\/v2\/types\/post"}],"author":[{"embeddable":true,"href":"http:\/\/www.daniperezfotografia.es\/wordpress\/wp-json\/wp\/v2\/users\/1"}],"replies":[{"embeddable":true,"href":"http:\/\/www.daniperezfotografia.es\/wordpress\/wp-json\/wp\/v2\/comments?post=8935"}],"version-history":[{"count":3,"href":"http:\/\/www.daniperezfotografia.es\/wordpress\/wp-json\/wp\/v2\/posts\/8935\/revisions"}],"predecessor-version":[{"id":13665,"href":"http:\/\/www.daniperezfotografia.es\/wordpress\/wp-json\/wp\/v2\/posts\/8935\/revisions\/13665"}],"wp:featuredmedia":[{"embeddable":true,"href":"http:\/\/www.daniperezfotografia.es\/wordpress\/wp-json\/wp\/v2\/media\/11157"}],"wp:attachment":[{"href":"http:\/\/www.daniperezfotografia.es\/wordpress\/wp-json\/wp\/v2\/media?parent=8935"}],"wp:term":[{"taxonomy":"category","embeddable":true,"href":"http:\/\/www.daniperezfotografia.es\/wordpress\/wp-json\/wp\/v2\/categories?post=8935"},{"taxonomy":"post_tag","embeddable":true,"href":"http:\/\/www.daniperezfotografia.es\/wordpress\/wp-json\/wp\/v2\/tags?post=8935"}],"curies":[{"name":"wp","href":"https:\/\/api.w.org\/{rel}","templated":true}]}}