{"id":5761,"date":"2013-04-09T11:00:38","date_gmt":"2013-04-09T10:00:38","guid":{"rendered":"http:\/\/www.daniperezfotografia.es\/wordpress\/?p=5761"},"modified":"2017-02-23T12:43:54","modified_gmt":"2017-02-23T11:43:54","slug":"album-de-familia-con-noa-y-marco","status":"publish","type":"post","link":"http:\/\/www.daniperezfotografia.es\/wordpress\/albumes-fotos\/album-de-familia-con-noa-y-marco","title":{"rendered":"Album de fotos de familia"},"content":{"rendered":"<p><img loading=\"lazy\" decoding=\"async\" class=\"aligncenter size-full wp-image-5764\" src=\"http:\/\/www.daniperezfotografia.es\/wordpress\/wp-content\/uploads\/2013\/04\/packaging-album-de-familia-noa-marco-01.jpg\" alt=\"packaging-album-de-familia-noa-marco-16\" width=\"900\" height=\"600\" srcset=\"http:\/\/www.daniperezfotografia.es\/wordpress\/wp-content\/uploads\/2013\/04\/packaging-album-de-familia-noa-marco-01.jpg 900w, http:\/\/www.daniperezfotografia.es\/wordpress\/wp-content\/uploads\/2013\/04\/packaging-album-de-familia-noa-marco-01-750x500.jpg 750w\" sizes=\"auto, (max-width: 900px) 100vw, 900px\" \/><img loading=\"lazy\" decoding=\"async\" class=\"aligncenter size-full wp-image-5766\" src=\"http:\/\/www.daniperezfotografia.es\/wordpress\/wp-content\/uploads\/2013\/04\/packaging-album-de-familia-noa-marco-02.jpg\" alt=\"packaging-album-de-familia-noa-marco-16\" width=\"900\" height=\"600\" srcset=\"http:\/\/www.daniperezfotografia.es\/wordpress\/wp-content\/uploads\/2013\/04\/packaging-album-de-familia-noa-marco-02.jpg 900w, http:\/\/www.daniperezfotografia.es\/wordpress\/wp-content\/uploads\/2013\/04\/packaging-album-de-familia-noa-marco-02-750x500.jpg 750w\" sizes=\"auto, (max-width: 900px) 100vw, 900px\" \/><img loading=\"lazy\" decoding=\"async\" class=\"aligncenter size-full wp-image-5763\" src=\"http:\/\/www.daniperezfotografia.es\/wordpress\/wp-content\/uploads\/2013\/04\/packaging-album-de-familia-noa-marco-03.jpg\" alt=\"packaging-album-de-familia-noa-marco-03\" width=\"900\" height=\"599\" srcset=\"http:\/\/www.daniperezfotografia.es\/wordpress\/wp-content\/uploads\/2013\/04\/packaging-album-de-familia-noa-marco-03.jpg 900w, http:\/\/www.daniperezfotografia.es\/wordpress\/wp-content\/uploads\/2013\/04\/packaging-album-de-familia-noa-marco-03-750x499.jpg 750w\" sizes=\"auto, (max-width: 900px) 100vw, 900px\" \/><img loading=\"lazy\" decoding=\"async\" class=\"aligncenter size-full wp-image-5767\" src=\"http:\/\/www.daniperezfotografia.es\/wordpress\/wp-content\/uploads\/2013\/04\/packaging-album-de-familia-noa-marco-04.jpg\" alt=\"packaging-album-de-familia-noa-marco-03\" width=\"900\" height=\"599\" srcset=\"http:\/\/www.daniperezfotografia.es\/wordpress\/wp-content\/uploads\/2013\/04\/packaging-album-de-familia-noa-marco-04.jpg 900w, http:\/\/www.daniperezfotografia.es\/wordpress\/wp-content\/uploads\/2013\/04\/packaging-album-de-familia-noa-marco-04-750x499.jpg 750w\" sizes=\"auto, (max-width: 900px) 100vw, 900px\" \/><img loading=\"lazy\" decoding=\"async\" class=\"aligncenter size-full wp-image-5768\" src=\"http:\/\/www.daniperezfotografia.es\/wordpress\/wp-content\/uploads\/2013\/04\/packaging-album-de-familia-noa-marco-05.jpg\" alt=\"packaging-album-de-familia-noa-marco-05\" width=\"900\" height=\"600\" srcset=\"http:\/\/www.daniperezfotografia.es\/wordpress\/wp-content\/uploads\/2013\/04\/packaging-album-de-familia-noa-marco-05.jpg 900w, http:\/\/www.daniperezfotografia.es\/wordpress\/wp-content\/uploads\/2013\/04\/packaging-album-de-familia-noa-marco-05-750x500.jpg 750w\" sizes=\"auto, (max-width: 900px) 100vw, 900px\" \/><img loading=\"lazy\" decoding=\"async\" class=\"aligncenter size-full wp-image-5769\" src=\"http:\/\/www.daniperezfotografia.es\/wordpress\/wp-content\/uploads\/2013\/04\/packaging-album-de-familia-noa-marco-06.jpg\" alt=\"packaging-album-de-familia-noa-marco-06\" width=\"900\" height=\"600\" srcset=\"http:\/\/www.daniperezfotografia.es\/wordpress\/wp-content\/uploads\/2013\/04\/packaging-album-de-familia-noa-marco-06.jpg 900w, http:\/\/www.daniperezfotografia.es\/wordpress\/wp-content\/uploads\/2013\/04\/packaging-album-de-familia-noa-marco-06-750x500.jpg 750w\" sizes=\"auto, (max-width: 900px) 100vw, 900px\" \/><img loading=\"lazy\" decoding=\"async\" class=\"aligncenter size-full wp-image-5771\" src=\"http:\/\/www.daniperezfotografia.es\/wordpress\/wp-content\/uploads\/2013\/04\/packaging-album-de-familia-noa-marco-07.jpg\" alt=\"packaging-album-de-familia-noa-marco-06\" width=\"900\" height=\"599\" srcset=\"http:\/\/www.daniperezfotografia.es\/wordpress\/wp-content\/uploads\/2013\/04\/packaging-album-de-familia-noa-marco-07.jpg 900w, http:\/\/www.daniperezfotografia.es\/wordpress\/wp-content\/uploads\/2013\/04\/packaging-album-de-familia-noa-marco-07-750x499.jpg 750w\" sizes=\"auto, (max-width: 900px) 100vw, 900px\" \/><img loading=\"lazy\" decoding=\"async\" class=\"aligncenter size-full wp-image-5772\" src=\"http:\/\/www.daniperezfotografia.es\/wordpress\/wp-content\/uploads\/2013\/04\/packaging-album-de-familia-noa-marco-09.jpg\" alt=\"packaging-album-de-familia-noa-marco-09\" width=\"900\" height=\"599\" srcset=\"http:\/\/www.daniperezfotografia.es\/wordpress\/wp-content\/uploads\/2013\/04\/packaging-album-de-familia-noa-marco-09.jpg 900w, http:\/\/www.daniperezfotografia.es\/wordpress\/wp-content\/uploads\/2013\/04\/packaging-album-de-familia-noa-marco-09-750x499.jpg 750w\" sizes=\"auto, (max-width: 900px) 100vw, 900px\" \/><img loading=\"lazy\" decoding=\"async\" class=\"aligncenter size-full wp-image-5775\" src=\"http:\/\/www.daniperezfotografia.es\/wordpress\/wp-content\/uploads\/2013\/04\/packaging-album-de-familia-noa-marco-10.jpg\" alt=\"packaging-album-de-familia-noa-marco-10\" width=\"900\" height=\"599\" srcset=\"http:\/\/www.daniperezfotografia.es\/wordpress\/wp-content\/uploads\/2013\/04\/packaging-album-de-familia-noa-marco-10.jpg 900w, http:\/\/www.daniperezfotografia.es\/wordpress\/wp-content\/uploads\/2013\/04\/packaging-album-de-familia-noa-marco-10-750x499.jpg 750w\" sizes=\"auto, (max-width: 900px) 100vw, 900px\" \/><img loading=\"lazy\" decoding=\"async\" class=\"aligncenter size-full wp-image-5776\" src=\"http:\/\/www.daniperezfotografia.es\/wordpress\/wp-content\/uploads\/2013\/04\/packaging-album-de-familia-noa-marco-11.jpg\" alt=\"packaging-album-de-familia-noa-marco-11\" width=\"900\" height=\"599\" srcset=\"http:\/\/www.daniperezfotografia.es\/wordpress\/wp-content\/uploads\/2013\/04\/packaging-album-de-familia-noa-marco-11.jpg 900w, http:\/\/www.daniperezfotografia.es\/wordpress\/wp-content\/uploads\/2013\/04\/packaging-album-de-familia-noa-marco-11-750x499.jpg 750w\" sizes=\"auto, (max-width: 900px) 100vw, 900px\" \/><img loading=\"lazy\" decoding=\"async\" class=\"aligncenter size-full wp-image-5777\" src=\"http:\/\/www.daniperezfotografia.es\/wordpress\/wp-content\/uploads\/2013\/04\/packaging-album-de-familia-noa-marco-12.jpg\" alt=\"packaging-album-de-familia-noa-marco-12\" width=\"900\" height=\"599\" srcset=\"http:\/\/www.daniperezfotografia.es\/wordpress\/wp-content\/uploads\/2013\/04\/packaging-album-de-familia-noa-marco-12.jpg 900w, http:\/\/www.daniperezfotografia.es\/wordpress\/wp-content\/uploads\/2013\/04\/packaging-album-de-familia-noa-marco-12-750x499.jpg 750w\" sizes=\"auto, (max-width: 900px) 100vw, 900px\" \/><img loading=\"lazy\" decoding=\"async\" class=\"aligncenter size-full wp-image-5780\" src=\"http:\/\/www.daniperezfotografia.es\/wordpress\/wp-content\/uploads\/2013\/04\/packaging-album-de-familia-noa-marco-13.jpg\" alt=\"packaging-album-de-familia-noa-marco-13\" width=\"900\" height=\"599\" srcset=\"http:\/\/www.daniperezfotografia.es\/wordpress\/wp-content\/uploads\/2013\/04\/packaging-album-de-familia-noa-marco-13.jpg 900w, http:\/\/www.daniperezfotografia.es\/wordpress\/wp-content\/uploads\/2013\/04\/packaging-album-de-familia-noa-marco-13-750x499.jpg 750w\" sizes=\"auto, (max-width: 900px) 100vw, 900px\" \/><img loading=\"lazy\" decoding=\"async\" class=\"aligncenter size-full wp-image-5778\" src=\"http:\/\/www.daniperezfotografia.es\/wordpress\/wp-content\/uploads\/2013\/04\/packaging-album-de-familia-noa-marco-14.jpg\" alt=\"packaging-album-de-familia-noa-marco-14\" width=\"900\" height=\"900\" srcset=\"http:\/\/www.daniperezfotografia.es\/wordpress\/wp-content\/uploads\/2013\/04\/packaging-album-de-familia-noa-marco-14.jpg 900w, http:\/\/www.daniperezfotografia.es\/wordpress\/wp-content\/uploads\/2013\/04\/packaging-album-de-familia-noa-marco-14-150x150.jpg 150w, http:\/\/www.daniperezfotografia.es\/wordpress\/wp-content\/uploads\/2013\/04\/packaging-album-de-familia-noa-marco-14-750x750.jpg 750w\" sizes=\"auto, (max-width: 900px) 100vw, 900px\" \/><\/p>\n<p align=\"center\"><em>Hola Daniel, ayer nos dieron el \u00e1lbum Marisa y Jose,<\/em><\/p>\n<p align=\"center\"><em>y la verdad que no tenemos palabras para definir lo que nos pareci\u00f3.<\/em><\/p>\n<p align=\"center\"><em>Es precioso, y no nos imagin\u00e1bamos ni por lo m\u00e1s remoto que ser\u00eda tan impresionante.<\/em><\/p>\n<p align=\"center\"><em>Muchas gracias por el gran trabajo que has hecho y lo f\u00e1cil que nos lo has puesto.<\/em><\/p>\n<p align=\"center\"><em>Un fuerte abrazo y besos de Susana, Juan Luis, Noa y Marco.<\/em><\/p>\n","protected":false},"excerpt":{"rendered":"<p>Hola Daniel, ayer nos dieron el \u00e1lbum Marisa y Jose, y la verdad que no tenemos palabras para definir lo que nos pareci\u00f3. Es precioso, y no nos imagin\u00e1bamos ni por lo m\u00e1s remoto que ser\u00eda tan impresionante. Muchas gracias por el gran trabajo que has hecho y lo f\u00e1cil que nos lo has puesto. [&hellip;]<\/p>\n","protected":false},"author":1,"featured_media":11371,"comment_status":"open","ping_status":"open","sticky":false,"template":"","format":"standard","meta":{"footnotes":""},"categories":[463],"tags":[960,666,599,806],"class_list":["post-5761","post","type-post","status-publish","format-standard","has-post-thumbnail","hentry","category-albumes-fotos","tag-album","tag-album-de-familia","tag-sesion-de-bebe","tag-sesion-de-familia"],"blocksy_meta":{"styles_descriptor":{"styles":{"desktop":"","tablet":"","mobile":""},"google_fonts":[],"version":6}},"yoast_head":"<!-- This site is optimized with the Yoast SEO plugin v27.4 - https:\/\/yoast.com\/product\/yoast-seo-wordpress\/ -->\n<title>Album de familia con los gemelos Noa y Marco<\/title>\n<meta name=\"description\" content=\"Album de familia. Fotografo de bodas en Madrid\" \/>\n<meta name=\"robots\" content=\"index, follow, max-snippet:-1, max-image-preview:large, max-video-preview:-1\" \/>\n<link rel=\"canonical\" href=\"http:\/\/www.daniperezfotografia.es\/wordpress\/albumes-fotos\/album-de-familia-con-noa-y-marco\" \/>\n<meta property=\"og:locale\" content=\"es_ES\" \/>\n<meta property=\"og:type\" content=\"article\" \/>\n<meta property=\"og:title\" content=\"Album de familia con los gemelos Noa y Marco\" \/>\n<meta property=\"og:description\" content=\"Album de familia. Fotografo de bodas en Madrid\" \/>\n<meta property=\"og:url\" content=\"http:\/\/www.daniperezfotografia.es\/wordpress\/albumes-fotos\/album-de-familia-con-noa-y-marco\" \/>\n<meta property=\"og:site_name\" content=\"Dani Perez Fotografia | Fotografo Profesional en Madrid\" \/>\n<meta property=\"article:publisher\" content=\"https:\/\/www.facebook.com\/daniperezfotografia\" \/>\n<meta property=\"article:author\" content=\"https:\/\/www.facebook.com\/daniperezfotografia\" \/>\n<meta property=\"article:published_time\" content=\"2013-04-09T10:00:38+00:00\" \/>\n<meta property=\"article:modified_time\" content=\"2017-02-23T11:43:54+00:00\" \/>\n<meta property=\"og:image\" content=\"http:\/\/www.daniperezfotografia.es\/wordpress\/wp-content\/uploads\/2013\/04\/album-fotos-sesion-familia-1100.jpg\" \/>\n\t<meta property=\"og:image:width\" content=\"1100\" \/>\n\t<meta property=\"og:image:height\" content=\"733\" \/>\n\t<meta property=\"og:image:type\" content=\"image\/jpeg\" \/>\n<meta name=\"author\" content=\"Dani\" \/>\n<meta name=\"twitter:card\" content=\"summary_large_image\" \/>\n<meta name=\"twitter:creator\" content=\"@daniperezfoto\" \/>\n<meta name=\"twitter:site\" content=\"@daniperezfoto\" \/>\n<meta name=\"twitter:label1\" content=\"Escrito por\" \/>\n\t<meta name=\"twitter:data1\" content=\"Dani\" \/>\n<script type=\"application\/ld+json\" class=\"yoast-schema-graph\">{\"@context\":\"https:\\\/\\\/schema.org\",\"@graph\":[{\"@type\":\"Article\",\"@id\":\"http:\\\/\\\/www.daniperezfotografia.es\\\/wordpress\\\/albumes-fotos\\\/album-de-familia-con-noa-y-marco#article\",\"isPartOf\":{\"@id\":\"http:\\\/\\\/www.daniperezfotografia.es\\\/wordpress\\\/albumes-fotos\\\/album-de-familia-con-noa-y-marco\"},\"author\":{\"name\":\"Dani\",\"@id\":\"https:\\\/\\\/www.daniperezfotografia.es\\\/wordpress\\\/#\\\/schema\\\/person\\\/e182c086037e8185dcc7e99e2c589a63\"},\"headline\":\"Album de fotos de familia\",\"datePublished\":\"2013-04-09T10:00:38+00:00\",\"dateModified\":\"2017-02-23T11:43:54+00:00\",\"mainEntityOfPage\":{\"@id\":\"http:\\\/\\\/www.daniperezfotografia.es\\\/wordpress\\\/albumes-fotos\\\/album-de-familia-con-noa-y-marco\"},\"wordCount\":76,\"commentCount\":0,\"publisher\":{\"@id\":\"https:\\\/\\\/www.daniperezfotografia.es\\\/wordpress\\\/#organization\"},\"image\":{\"@id\":\"http:\\\/\\\/www.daniperezfotografia.es\\\/wordpress\\\/albumes-fotos\\\/album-de-familia-con-noa-y-marco#primaryimage\"},\"thumbnailUrl\":\"http:\\\/\\\/www.daniperezfotografia.es\\\/wordpress\\\/wp-content\\\/uploads\\\/2013\\\/04\\\/album-fotos-sesion-familia-1100.jpg\",\"keywords\":[\"Album\",\"Album de familia\",\"sesion de bebe\",\"sesion de familia\"],\"articleSection\":[\"Albumes de fotos para tus recuerdos\"],\"inLanguage\":\"es\",\"potentialAction\":[{\"@type\":\"CommentAction\",\"name\":\"Comment\",\"target\":[\"http:\\\/\\\/www.daniperezfotografia.es\\\/wordpress\\\/albumes-fotos\\\/album-de-familia-con-noa-y-marco#respond\"]}]},{\"@type\":\"WebPage\",\"@id\":\"http:\\\/\\\/www.daniperezfotografia.es\\\/wordpress\\\/albumes-fotos\\\/album-de-familia-con-noa-y-marco\",\"url\":\"http:\\\/\\\/www.daniperezfotografia.es\\\/wordpress\\\/albumes-fotos\\\/album-de-familia-con-noa-y-marco\",\"name\":\"Album de familia con los gemelos Noa y Marco\",\"isPartOf\":{\"@id\":\"https:\\\/\\\/www.daniperezfotografia.es\\\/wordpress\\\/#website\"},\"primaryImageOfPage\":{\"@id\":\"http:\\\/\\\/www.daniperezfotografia.es\\\/wordpress\\\/albumes-fotos\\\/album-de-familia-con-noa-y-marco#primaryimage\"},\"image\":{\"@id\":\"http:\\\/\\\/www.daniperezfotografia.es\\\/wordpress\\\/albumes-fotos\\\/album-de-familia-con-noa-y-marco#primaryimage\"},\"thumbnailUrl\":\"http:\\\/\\\/www.daniperezfotografia.es\\\/wordpress\\\/wp-content\\\/uploads\\\/2013\\\/04\\\/album-fotos-sesion-familia-1100.jpg\",\"datePublished\":\"2013-04-09T10:00:38+00:00\",\"dateModified\":\"2017-02-23T11:43:54+00:00\",\"description\":\"Album de familia. Fotografo de bodas en Madrid\",\"breadcrumb\":{\"@id\":\"http:\\\/\\\/www.daniperezfotografia.es\\\/wordpress\\\/albumes-fotos\\\/album-de-familia-con-noa-y-marco#breadcrumb\"},\"inLanguage\":\"es\",\"potentialAction\":[{\"@type\":\"ReadAction\",\"target\":[\"http:\\\/\\\/www.daniperezfotografia.es\\\/wordpress\\\/albumes-fotos\\\/album-de-familia-con-noa-y-marco\"]}]},{\"@type\":\"ImageObject\",\"inLanguage\":\"es\",\"@id\":\"http:\\\/\\\/www.daniperezfotografia.es\\\/wordpress\\\/albumes-fotos\\\/album-de-familia-con-noa-y-marco#primaryimage\",\"url\":\"http:\\\/\\\/www.daniperezfotografia.es\\\/wordpress\\\/wp-content\\\/uploads\\\/2013\\\/04\\\/album-fotos-sesion-familia-1100.jpg\",\"contentUrl\":\"http:\\\/\\\/www.daniperezfotografia.es\\\/wordpress\\\/wp-content\\\/uploads\\\/2013\\\/04\\\/album-fotos-sesion-familia-1100.jpg\",\"width\":1100,\"height\":733,\"caption\":\"album de fotos de sesion de familia con bebes\"},{\"@type\":\"BreadcrumbList\",\"@id\":\"http:\\\/\\\/www.daniperezfotografia.es\\\/wordpress\\\/albumes-fotos\\\/album-de-familia-con-noa-y-marco#breadcrumb\",\"itemListElement\":[{\"@type\":\"ListItem\",\"position\":1,\"name\":\"Portada\",\"item\":\"https:\\\/\\\/www.daniperezfotografia.es\\\/wordpress\\\/\"},{\"@type\":\"ListItem\",\"position\":2,\"name\":\"Album de fotos de familia\"}]},{\"@type\":\"WebSite\",\"@id\":\"https:\\\/\\\/www.daniperezfotografia.es\\\/wordpress\\\/#website\",\"url\":\"https:\\\/\\\/www.daniperezfotografia.es\\\/wordpress\\\/\",\"name\":\"Dani Perez Fotografia | Fotografo Profesional en Madrid\",\"description\":\"Reportajes de bodas, bautizos, comuniones y sesiones de familia para particulares. Eventos, conferencias y retrato corporativo para empresas. Video de conferencias\",\"publisher\":{\"@id\":\"https:\\\/\\\/www.daniperezfotografia.es\\\/wordpress\\\/#organization\"},\"potentialAction\":[{\"@type\":\"SearchAction\",\"target\":{\"@type\":\"EntryPoint\",\"urlTemplate\":\"https:\\\/\\\/www.daniperezfotografia.es\\\/wordpress\\\/?s={search_term_string}\"},\"query-input\":{\"@type\":\"PropertyValueSpecification\",\"valueRequired\":true,\"valueName\":\"search_term_string\"}}],\"inLanguage\":\"es\"},{\"@type\":\"Organization\",\"@id\":\"https:\\\/\\\/www.daniperezfotografia.es\\\/wordpress\\\/#organization\",\"name\":\"Dani Perez Fotografia y Video\",\"url\":\"https:\\\/\\\/www.daniperezfotografia.es\\\/wordpress\\\/\",\"logo\":{\"@type\":\"ImageObject\",\"inLanguage\":\"es\",\"@id\":\"https:\\\/\\\/www.daniperezfotografia.es\\\/wordpress\\\/#\\\/schema\\\/logo\\\/image\\\/\",\"url\":\"\",\"contentUrl\":\"\",\"caption\":\"Dani Perez Fotografia y Video\"},\"image\":{\"@id\":\"https:\\\/\\\/www.daniperezfotografia.es\\\/wordpress\\\/#\\\/schema\\\/logo\\\/image\\\/\"},\"sameAs\":[\"https:\\\/\\\/www.facebook.com\\\/daniperezfotografia\",\"https:\\\/\\\/x.com\\\/daniperezfoto\",\"https:\\\/\\\/instagram.com\\\/daniperezfotografia\\\/\",\"https:\\\/\\\/www.linkedin.com\\\/pub\\\/dani-perez-fotografo\\\/b2\\\/3b0\\\/594\"]},{\"@type\":\"Person\",\"@id\":\"https:\\\/\\\/www.daniperezfotografia.es\\\/wordpress\\\/#\\\/schema\\\/person\\\/e182c086037e8185dcc7e99e2c589a63\",\"name\":\"Dani\",\"sameAs\":[\"http:\\\/\\\/www.daniperezfotografia.es\",\"https:\\\/\\\/www.facebook.com\\\/daniperezfotografia\",\"https:\\\/\\\/x.com\\\/daniperezfoto\"]}]}<\/script>\n<!-- \/ Yoast SEO plugin. -->","yoast_head_json":{"title":"Album de familia con los gemelos Noa y Marco","description":"Album de familia. Fotografo de bodas en Madrid","robots":{"index":"index","follow":"follow","max-snippet":"max-snippet:-1","max-image-preview":"max-image-preview:large","max-video-preview":"max-video-preview:-1"},"canonical":"http:\/\/www.daniperezfotografia.es\/wordpress\/albumes-fotos\/album-de-familia-con-noa-y-marco","og_locale":"es_ES","og_type":"article","og_title":"Album de familia con los gemelos Noa y Marco","og_description":"Album de familia. Fotografo de bodas en Madrid","og_url":"http:\/\/www.daniperezfotografia.es\/wordpress\/albumes-fotos\/album-de-familia-con-noa-y-marco","og_site_name":"Dani Perez Fotografia | Fotografo Profesional en Madrid","article_publisher":"https:\/\/www.facebook.com\/daniperezfotografia","article_author":"https:\/\/www.facebook.com\/daniperezfotografia","article_published_time":"2013-04-09T10:00:38+00:00","article_modified_time":"2017-02-23T11:43:54+00:00","og_image":[{"width":1100,"height":733,"url":"http:\/\/www.daniperezfotografia.es\/wordpress\/wp-content\/uploads\/2013\/04\/album-fotos-sesion-familia-1100.jpg","type":"image\/jpeg"}],"author":"Dani","twitter_card":"summary_large_image","twitter_creator":"@daniperezfoto","twitter_site":"@daniperezfoto","twitter_misc":{"Escrito por":"Dani"},"schema":{"@context":"https:\/\/schema.org","@graph":[{"@type":"Article","@id":"http:\/\/www.daniperezfotografia.es\/wordpress\/albumes-fotos\/album-de-familia-con-noa-y-marco#article","isPartOf":{"@id":"http:\/\/www.daniperezfotografia.es\/wordpress\/albumes-fotos\/album-de-familia-con-noa-y-marco"},"author":{"name":"Dani","@id":"https:\/\/www.daniperezfotografia.es\/wordpress\/#\/schema\/person\/e182c086037e8185dcc7e99e2c589a63"},"headline":"Album de fotos de familia","datePublished":"2013-04-09T10:00:38+00:00","dateModified":"2017-02-23T11:43:54+00:00","mainEntityOfPage":{"@id":"http:\/\/www.daniperezfotografia.es\/wordpress\/albumes-fotos\/album-de-familia-con-noa-y-marco"},"wordCount":76,"commentCount":0,"publisher":{"@id":"https:\/\/www.daniperezfotografia.es\/wordpress\/#organization"},"image":{"@id":"http:\/\/www.daniperezfotografia.es\/wordpress\/albumes-fotos\/album-de-familia-con-noa-y-marco#primaryimage"},"thumbnailUrl":"http:\/\/www.daniperezfotografia.es\/wordpress\/wp-content\/uploads\/2013\/04\/album-fotos-sesion-familia-1100.jpg","keywords":["Album","Album de familia","sesion de bebe","sesion de familia"],"articleSection":["Albumes de fotos para tus recuerdos"],"inLanguage":"es","potentialAction":[{"@type":"CommentAction","name":"Comment","target":["http:\/\/www.daniperezfotografia.es\/wordpress\/albumes-fotos\/album-de-familia-con-noa-y-marco#respond"]}]},{"@type":"WebPage","@id":"http:\/\/www.daniperezfotografia.es\/wordpress\/albumes-fotos\/album-de-familia-con-noa-y-marco","url":"http:\/\/www.daniperezfotografia.es\/wordpress\/albumes-fotos\/album-de-familia-con-noa-y-marco","name":"Album de familia con los gemelos Noa y Marco","isPartOf":{"@id":"https:\/\/www.daniperezfotografia.es\/wordpress\/#website"},"primaryImageOfPage":{"@id":"http:\/\/www.daniperezfotografia.es\/wordpress\/albumes-fotos\/album-de-familia-con-noa-y-marco#primaryimage"},"image":{"@id":"http:\/\/www.daniperezfotografia.es\/wordpress\/albumes-fotos\/album-de-familia-con-noa-y-marco#primaryimage"},"thumbnailUrl":"http:\/\/www.daniperezfotografia.es\/wordpress\/wp-content\/uploads\/2013\/04\/album-fotos-sesion-familia-1100.jpg","datePublished":"2013-04-09T10:00:38+00:00","dateModified":"2017-02-23T11:43:54+00:00","description":"Album de familia. Fotografo de bodas en Madrid","breadcrumb":{"@id":"http:\/\/www.daniperezfotografia.es\/wordpress\/albumes-fotos\/album-de-familia-con-noa-y-marco#breadcrumb"},"inLanguage":"es","potentialAction":[{"@type":"ReadAction","target":["http:\/\/www.daniperezfotografia.es\/wordpress\/albumes-fotos\/album-de-familia-con-noa-y-marco"]}]},{"@type":"ImageObject","inLanguage":"es","@id":"http:\/\/www.daniperezfotografia.es\/wordpress\/albumes-fotos\/album-de-familia-con-noa-y-marco#primaryimage","url":"http:\/\/www.daniperezfotografia.es\/wordpress\/wp-content\/uploads\/2013\/04\/album-fotos-sesion-familia-1100.jpg","contentUrl":"http:\/\/www.daniperezfotografia.es\/wordpress\/wp-content\/uploads\/2013\/04\/album-fotos-sesion-familia-1100.jpg","width":1100,"height":733,"caption":"album de fotos de sesion de familia con bebes"},{"@type":"BreadcrumbList","@id":"http:\/\/www.daniperezfotografia.es\/wordpress\/albumes-fotos\/album-de-familia-con-noa-y-marco#breadcrumb","itemListElement":[{"@type":"ListItem","position":1,"name":"Portada","item":"https:\/\/www.daniperezfotografia.es\/wordpress\/"},{"@type":"ListItem","position":2,"name":"Album de fotos de familia"}]},{"@type":"WebSite","@id":"https:\/\/www.daniperezfotografia.es\/wordpress\/#website","url":"https:\/\/www.daniperezfotografia.es\/wordpress\/","name":"Dani Perez Fotografia | Fotografo Profesional en Madrid","description":"Reportajes de bodas, bautizos, comuniones y sesiones de familia para particulares. Eventos, conferencias y retrato corporativo para empresas. Video de conferencias","publisher":{"@id":"https:\/\/www.daniperezfotografia.es\/wordpress\/#organization"},"potentialAction":[{"@type":"SearchAction","target":{"@type":"EntryPoint","urlTemplate":"https:\/\/www.daniperezfotografia.es\/wordpress\/?s={search_term_string}"},"query-input":{"@type":"PropertyValueSpecification","valueRequired":true,"valueName":"search_term_string"}}],"inLanguage":"es"},{"@type":"Organization","@id":"https:\/\/www.daniperezfotografia.es\/wordpress\/#organization","name":"Dani Perez Fotografia y Video","url":"https:\/\/www.daniperezfotografia.es\/wordpress\/","logo":{"@type":"ImageObject","inLanguage":"es","@id":"https:\/\/www.daniperezfotografia.es\/wordpress\/#\/schema\/logo\/image\/","url":"","contentUrl":"","caption":"Dani Perez Fotografia y Video"},"image":{"@id":"https:\/\/www.daniperezfotografia.es\/wordpress\/#\/schema\/logo\/image\/"},"sameAs":["https:\/\/www.facebook.com\/daniperezfotografia","https:\/\/x.com\/daniperezfoto","https:\/\/instagram.com\/daniperezfotografia\/","https:\/\/www.linkedin.com\/pub\/dani-perez-fotografo\/b2\/3b0\/594"]},{"@type":"Person","@id":"https:\/\/www.daniperezfotografia.es\/wordpress\/#\/schema\/person\/e182c086037e8185dcc7e99e2c589a63","name":"Dani","sameAs":["http:\/\/www.daniperezfotografia.es","https:\/\/www.facebook.com\/daniperezfotografia","https:\/\/x.com\/daniperezfoto"]}]}},"_links":{"self":[{"href":"http:\/\/www.daniperezfotografia.es\/wordpress\/wp-json\/wp\/v2\/posts\/5761","targetHints":{"allow":["GET"]}}],"collection":[{"href":"http:\/\/www.daniperezfotografia.es\/wordpress\/wp-json\/wp\/v2\/posts"}],"about":[{"href":"http:\/\/www.daniperezfotografia.es\/wordpress\/wp-json\/wp\/v2\/types\/post"}],"author":[{"embeddable":true,"href":"http:\/\/www.daniperezfotografia.es\/wordpress\/wp-json\/wp\/v2\/users\/1"}],"replies":[{"embeddable":true,"href":"http:\/\/www.daniperezfotografia.es\/wordpress\/wp-json\/wp\/v2\/comments?post=5761"}],"version-history":[{"count":3,"href":"http:\/\/www.daniperezfotografia.es\/wordpress\/wp-json\/wp\/v2\/posts\/5761\/revisions"}],"predecessor-version":[{"id":11374,"href":"http:\/\/www.daniperezfotografia.es\/wordpress\/wp-json\/wp\/v2\/posts\/5761\/revisions\/11374"}],"wp:featuredmedia":[{"embeddable":true,"href":"http:\/\/www.daniperezfotografia.es\/wordpress\/wp-json\/wp\/v2\/media\/11371"}],"wp:attachment":[{"href":"http:\/\/www.daniperezfotografia.es\/wordpress\/wp-json\/wp\/v2\/media?parent=5761"}],"wp:term":[{"taxonomy":"category","embeddable":true,"href":"http:\/\/www.daniperezfotografia.es\/wordpress\/wp-json\/wp\/v2\/categories?post=5761"},{"taxonomy":"post_tag","embeddable":true,"href":"http:\/\/www.daniperezfotografia.es\/wordpress\/wp-json\/wp\/v2\/tags?post=5761"}],"curies":[{"name":"wp","href":"https:\/\/api.w.org\/{rel}","templated":true}]}}