{"id":14567,"date":"2022-02-21T23:25:55","date_gmt":"2022-02-21T22:25:55","guid":{"rendered":"https:\/\/www.daniperezfotografia.es\/wordpress\/?p=14567"},"modified":"2022-02-23T22:32:23","modified_gmt":"2022-02-23T21:32:23","slug":"album-de-fotos-de-comunion-en-majadahonda","status":"publish","type":"post","link":"http:\/\/www.daniperezfotografia.es\/wordpress\/albumes-fotos\/album-de-fotos-de-comunion-en-majadahonda","title":{"rendered":"\u00c1lbum de Fotos de Comuni\u00f3n en Majadahonda"},"content":{"rendered":"<p>\u00c1lbum de fotos de la comuni\u00f3n de Sofia, celebrada en la <a href=\"https:\/\/www.parroquiabeatomanuel.org\/\" target=\"_blank\" rel=\"noopener\">Parroquia Beato Manuel Domingo y Sol<\/a> de Majadahonda<\/p>\n<p><img loading=\"lazy\" decoding=\"async\" class=\"aligncenter size-full wp-image-14570\" src=\"http:\/\/www.daniperezfotografia.es\/wordpress\/wp-content\/uploads\/2021\/09\/album-de-fotos-de-comunion-en-majadahonda-03.jpg\" alt=\"Album de fotos de Comunion - tapas personalizadas\" width=\"1100\" height=\"734\" srcset=\"http:\/\/www.daniperezfotografia.es\/wordpress\/wp-content\/uploads\/2021\/09\/album-de-fotos-de-comunion-en-majadahonda-03.jpg 1100w, http:\/\/www.daniperezfotografia.es\/wordpress\/wp-content\/uploads\/2021\/09\/album-de-fotos-de-comunion-en-majadahonda-03-750x500.jpg 750w, http:\/\/www.daniperezfotografia.es\/wordpress\/wp-content\/uploads\/2021\/09\/album-de-fotos-de-comunion-en-majadahonda-03-1024x683.jpg 1024w, http:\/\/www.daniperezfotografia.es\/wordpress\/wp-content\/uploads\/2021\/09\/album-de-fotos-de-comunion-en-majadahonda-03-768x512.jpg 768w\" sizes=\"auto, (max-width: 1100px) 100vw, 1100px\" \/> <img loading=\"lazy\" decoding=\"async\" class=\"aligncenter size-full wp-image-14571\" src=\"http:\/\/www.daniperezfotografia.es\/wordpress\/wp-content\/uploads\/2021\/09\/album-de-fotos-de-comunion-en-majadahonda-04.jpg\" alt=\"Album de fotos de Comunion\" width=\"1100\" height=\"734\" srcset=\"http:\/\/www.daniperezfotografia.es\/wordpress\/wp-content\/uploads\/2021\/09\/album-de-fotos-de-comunion-en-majadahonda-04.jpg 1100w, http:\/\/www.daniperezfotografia.es\/wordpress\/wp-content\/uploads\/2021\/09\/album-de-fotos-de-comunion-en-majadahonda-04-750x500.jpg 750w, http:\/\/www.daniperezfotografia.es\/wordpress\/wp-content\/uploads\/2021\/09\/album-de-fotos-de-comunion-en-majadahonda-04-1024x683.jpg 1024w, http:\/\/www.daniperezfotografia.es\/wordpress\/wp-content\/uploads\/2021\/09\/album-de-fotos-de-comunion-en-majadahonda-04-768x512.jpg 768w\" sizes=\"auto, (max-width: 1100px) 100vw, 1100px\" \/> <img loading=\"lazy\" decoding=\"async\" class=\"aligncenter size-full wp-image-14574\" src=\"http:\/\/www.daniperezfotografia.es\/wordpress\/wp-content\/uploads\/2021\/09\/album-de-fotos-de-comunion-en-majadahonda-07.jpg\" alt=\"Album de fotos de Comunion\" width=\"1100\" height=\"734\" srcset=\"http:\/\/www.daniperezfotografia.es\/wordpress\/wp-content\/uploads\/2021\/09\/album-de-fotos-de-comunion-en-majadahonda-07.jpg 1100w, http:\/\/www.daniperezfotografia.es\/wordpress\/wp-content\/uploads\/2021\/09\/album-de-fotos-de-comunion-en-majadahonda-07-750x500.jpg 750w, http:\/\/www.daniperezfotografia.es\/wordpress\/wp-content\/uploads\/2021\/09\/album-de-fotos-de-comunion-en-majadahonda-07-1024x683.jpg 1024w, http:\/\/www.daniperezfotografia.es\/wordpress\/wp-content\/uploads\/2021\/09\/album-de-fotos-de-comunion-en-majadahonda-07-768x512.jpg 768w\" sizes=\"auto, (max-width: 1100px) 100vw, 1100px\" \/> <img loading=\"lazy\" decoding=\"async\" class=\"aligncenter size-full wp-image-14576\" src=\"http:\/\/www.daniperezfotografia.es\/wordpress\/wp-content\/uploads\/2021\/09\/album-de-fotos-de-comunion-en-majadahonda-09.jpg\" alt=\"Album de fotos de Comunion\" width=\"1100\" height=\"734\" srcset=\"http:\/\/www.daniperezfotografia.es\/wordpress\/wp-content\/uploads\/2021\/09\/album-de-fotos-de-comunion-en-majadahonda-09.jpg 1100w, http:\/\/www.daniperezfotografia.es\/wordpress\/wp-content\/uploads\/2021\/09\/album-de-fotos-de-comunion-en-majadahonda-09-750x500.jpg 750w, http:\/\/www.daniperezfotografia.es\/wordpress\/wp-content\/uploads\/2021\/09\/album-de-fotos-de-comunion-en-majadahonda-09-1024x683.jpg 1024w, http:\/\/www.daniperezfotografia.es\/wordpress\/wp-content\/uploads\/2021\/09\/album-de-fotos-de-comunion-en-majadahonda-09-768x512.jpg 768w\" sizes=\"auto, (max-width: 1100px) 100vw, 1100px\" \/> <img loading=\"lazy\" decoding=\"async\" class=\"aligncenter size-full wp-image-14577\" src=\"http:\/\/www.daniperezfotografia.es\/wordpress\/wp-content\/uploads\/2021\/09\/album-de-fotos-de-comunion-en-majadahonda-10.jpg\" alt=\"Album de fotos de Comunion\" width=\"1100\" height=\"734\" srcset=\"http:\/\/www.daniperezfotografia.es\/wordpress\/wp-content\/uploads\/2021\/09\/album-de-fotos-de-comunion-en-majadahonda-10.jpg 1100w, http:\/\/www.daniperezfotografia.es\/wordpress\/wp-content\/uploads\/2021\/09\/album-de-fotos-de-comunion-en-majadahonda-10-750x500.jpg 750w, http:\/\/www.daniperezfotografia.es\/wordpress\/wp-content\/uploads\/2021\/09\/album-de-fotos-de-comunion-en-majadahonda-10-1024x683.jpg 1024w, http:\/\/www.daniperezfotografia.es\/wordpress\/wp-content\/uploads\/2021\/09\/album-de-fotos-de-comunion-en-majadahonda-10-768x512.jpg 768w\" sizes=\"auto, (max-width: 1100px) 100vw, 1100px\" \/> <img loading=\"lazy\" decoding=\"async\" class=\"aligncenter size-full wp-image-14579\" src=\"http:\/\/www.daniperezfotografia.es\/wordpress\/wp-content\/uploads\/2021\/09\/album-de-fotos-de-comunion-en-majadahonda-12.jpg\" alt=\"Album de fotos de Comunion\" width=\"1100\" height=\"734\" srcset=\"http:\/\/www.daniperezfotografia.es\/wordpress\/wp-content\/uploads\/2021\/09\/album-de-fotos-de-comunion-en-majadahonda-12.jpg 1100w, http:\/\/www.daniperezfotografia.es\/wordpress\/wp-content\/uploads\/2021\/09\/album-de-fotos-de-comunion-en-majadahonda-12-750x500.jpg 750w, http:\/\/www.daniperezfotografia.es\/wordpress\/wp-content\/uploads\/2021\/09\/album-de-fotos-de-comunion-en-majadahonda-12-1024x683.jpg 1024w, http:\/\/www.daniperezfotografia.es\/wordpress\/wp-content\/uploads\/2021\/09\/album-de-fotos-de-comunion-en-majadahonda-12-768x512.jpg 768w\" sizes=\"auto, (max-width: 1100px) 100vw, 1100px\" \/> <img loading=\"lazy\" decoding=\"async\" class=\"aligncenter size-full wp-image-14580\" src=\"http:\/\/www.daniperezfotografia.es\/wordpress\/wp-content\/uploads\/2021\/09\/album-de-fotos-de-comunion-en-majadahonda-13.jpg\" alt=\"Album de fotos de Comunion\" width=\"1100\" height=\"734\" srcset=\"http:\/\/www.daniperezfotografia.es\/wordpress\/wp-content\/uploads\/2021\/09\/album-de-fotos-de-comunion-en-majadahonda-13.jpg 1100w, http:\/\/www.daniperezfotografia.es\/wordpress\/wp-content\/uploads\/2021\/09\/album-de-fotos-de-comunion-en-majadahonda-13-750x500.jpg 750w, http:\/\/www.daniperezfotografia.es\/wordpress\/wp-content\/uploads\/2021\/09\/album-de-fotos-de-comunion-en-majadahonda-13-1024x683.jpg 1024w, http:\/\/www.daniperezfotografia.es\/wordpress\/wp-content\/uploads\/2021\/09\/album-de-fotos-de-comunion-en-majadahonda-13-768x512.jpg 768w\" sizes=\"auto, (max-width: 1100px) 100vw, 1100px\" \/> <img loading=\"lazy\" decoding=\"async\" class=\"aligncenter size-full wp-image-14581\" src=\"http:\/\/www.daniperezfotografia.es\/wordpress\/wp-content\/uploads\/2021\/09\/album-de-fotos-de-comunion-en-majadahonda-14.jpg\" alt=\"Album de fotos de Comunion\" width=\"1100\" height=\"734\" srcset=\"http:\/\/www.daniperezfotografia.es\/wordpress\/wp-content\/uploads\/2021\/09\/album-de-fotos-de-comunion-en-majadahonda-14.jpg 1100w, http:\/\/www.daniperezfotografia.es\/wordpress\/wp-content\/uploads\/2021\/09\/album-de-fotos-de-comunion-en-majadahonda-14-750x500.jpg 750w, http:\/\/www.daniperezfotografia.es\/wordpress\/wp-content\/uploads\/2021\/09\/album-de-fotos-de-comunion-en-majadahonda-14-1024x683.jpg 1024w, http:\/\/www.daniperezfotografia.es\/wordpress\/wp-content\/uploads\/2021\/09\/album-de-fotos-de-comunion-en-majadahonda-14-768x512.jpg 768w\" sizes=\"auto, (max-width: 1100px) 100vw, 1100px\" \/> <img loading=\"lazy\" decoding=\"async\" class=\"aligncenter size-full wp-image-14582\" src=\"http:\/\/www.daniperezfotografia.es\/wordpress\/wp-content\/uploads\/2021\/09\/album-de-fotos-de-comunion-en-majadahonda-15.jpg\" alt=\"Album de fotos de Comunion\" width=\"1100\" height=\"734\" srcset=\"http:\/\/www.daniperezfotografia.es\/wordpress\/wp-content\/uploads\/2021\/09\/album-de-fotos-de-comunion-en-majadahonda-15.jpg 1100w, http:\/\/www.daniperezfotografia.es\/wordpress\/wp-content\/uploads\/2021\/09\/album-de-fotos-de-comunion-en-majadahonda-15-750x500.jpg 750w, http:\/\/www.daniperezfotografia.es\/wordpress\/wp-content\/uploads\/2021\/09\/album-de-fotos-de-comunion-en-majadahonda-15-1024x683.jpg 1024w, http:\/\/www.daniperezfotografia.es\/wordpress\/wp-content\/uploads\/2021\/09\/album-de-fotos-de-comunion-en-majadahonda-15-768x512.jpg 768w\" sizes=\"auto, (max-width: 1100px) 100vw, 1100px\" \/> <img loading=\"lazy\" decoding=\"async\" class=\"aligncenter size-full wp-image-14584\" src=\"http:\/\/www.daniperezfotografia.es\/wordpress\/wp-content\/uploads\/2021\/09\/album-de-fotos-de-comunion-en-majadahonda-17.jpg\" alt=\"Album de fotos de Comunion\" width=\"1100\" height=\"734\" srcset=\"http:\/\/www.daniperezfotografia.es\/wordpress\/wp-content\/uploads\/2021\/09\/album-de-fotos-de-comunion-en-majadahonda-17.jpg 1100w, http:\/\/www.daniperezfotografia.es\/wordpress\/wp-content\/uploads\/2021\/09\/album-de-fotos-de-comunion-en-majadahonda-17-750x500.jpg 750w, http:\/\/www.daniperezfotografia.es\/wordpress\/wp-content\/uploads\/2021\/09\/album-de-fotos-de-comunion-en-majadahonda-17-1024x683.jpg 1024w, http:\/\/www.daniperezfotografia.es\/wordpress\/wp-content\/uploads\/2021\/09\/album-de-fotos-de-comunion-en-majadahonda-17-768x512.jpg 768w\" sizes=\"auto, (max-width: 1100px) 100vw, 1100px\" \/> <img loading=\"lazy\" decoding=\"async\" class=\"aligncenter size-full wp-image-14585\" src=\"http:\/\/www.daniperezfotografia.es\/wordpress\/wp-content\/uploads\/2021\/09\/album-de-fotos-de-comunion-en-majadahonda-18.jpg\" alt=\"Album de fotos de Comunion\" width=\"1100\" height=\"734\" srcset=\"http:\/\/www.daniperezfotografia.es\/wordpress\/wp-content\/uploads\/2021\/09\/album-de-fotos-de-comunion-en-majadahonda-18.jpg 1100w, http:\/\/www.daniperezfotografia.es\/wordpress\/wp-content\/uploads\/2021\/09\/album-de-fotos-de-comunion-en-majadahonda-18-750x500.jpg 750w, http:\/\/www.daniperezfotografia.es\/wordpress\/wp-content\/uploads\/2021\/09\/album-de-fotos-de-comunion-en-majadahonda-18-1024x683.jpg 1024w, http:\/\/www.daniperezfotografia.es\/wordpress\/wp-content\/uploads\/2021\/09\/album-de-fotos-de-comunion-en-majadahonda-18-768x512.jpg 768w\" sizes=\"auto, (max-width: 1100px) 100vw, 1100px\" \/> <img loading=\"lazy\" decoding=\"async\" class=\"aligncenter size-full wp-image-14586\" src=\"http:\/\/www.daniperezfotografia.es\/wordpress\/wp-content\/uploads\/2021\/09\/album-de-fotos-de-comunion-en-majadahonda-19.jpg\" alt=\"Album de fotos de Comunion\" width=\"1100\" height=\"734\" srcset=\"http:\/\/www.daniperezfotografia.es\/wordpress\/wp-content\/uploads\/2021\/09\/album-de-fotos-de-comunion-en-majadahonda-19.jpg 1100w, http:\/\/www.daniperezfotografia.es\/wordpress\/wp-content\/uploads\/2021\/09\/album-de-fotos-de-comunion-en-majadahonda-19-750x500.jpg 750w, http:\/\/www.daniperezfotografia.es\/wordpress\/wp-content\/uploads\/2021\/09\/album-de-fotos-de-comunion-en-majadahonda-19-1024x683.jpg 1024w, http:\/\/www.daniperezfotografia.es\/wordpress\/wp-content\/uploads\/2021\/09\/album-de-fotos-de-comunion-en-majadahonda-19-768x512.jpg 768w\" sizes=\"auto, (max-width: 1100px) 100vw, 1100px\" \/> <img loading=\"lazy\" decoding=\"async\" class=\"aligncenter size-full wp-image-14587\" src=\"http:\/\/www.daniperezfotografia.es\/wordpress\/wp-content\/uploads\/2021\/09\/album-de-fotos-de-comunion-en-majadahonda-20.jpg\" alt=\"Album de fotos de Comunion\" width=\"1100\" height=\"734\" srcset=\"http:\/\/www.daniperezfotografia.es\/wordpress\/wp-content\/uploads\/2021\/09\/album-de-fotos-de-comunion-en-majadahonda-20.jpg 1100w, http:\/\/www.daniperezfotografia.es\/wordpress\/wp-content\/uploads\/2021\/09\/album-de-fotos-de-comunion-en-majadahonda-20-750x500.jpg 750w, http:\/\/www.daniperezfotografia.es\/wordpress\/wp-content\/uploads\/2021\/09\/album-de-fotos-de-comunion-en-majadahonda-20-1024x683.jpg 1024w, http:\/\/www.daniperezfotografia.es\/wordpress\/wp-content\/uploads\/2021\/09\/album-de-fotos-de-comunion-en-majadahonda-20-768x512.jpg 768w\" sizes=\"auto, (max-width: 1100px) 100vw, 1100px\" \/><\/p>\n<p>&nbsp;<\/p>\n","protected":false},"excerpt":{"rendered":"<p>\u00c1lbum de fotos de la comuni\u00f3n de Sofia, celebrada en la Parroquia Beato Manuel Domingo y Sol de Majadahonda &nbsp;<\/p>\n","protected":false},"author":1,"featured_media":14569,"comment_status":"closed","ping_status":"open","sticky":false,"template":"","format":"standard","meta":{"footnotes":""},"categories":[463,1024],"tags":[],"class_list":["post-14567","post","type-post","status-publish","format-standard","has-post-thumbnail","hentry","category-albumes-fotos","category-fotos-de-comunion"],"blocksy_meta":{"styles_descriptor":{"styles":{"desktop":"","tablet":"","mobile":""},"google_fonts":[],"version":6}},"yoast_head":"<!-- This site is optimized with the Yoast SEO plugin v27.4 - https:\/\/yoast.com\/product\/yoast-seo-wordpress\/ -->\n<title>\u00c1lbum de Fotos de Comuni\u00f3n en Majadahonda<\/title>\n<meta name=\"description\" content=\"\u00c1lbum de fotos de la comuni\u00f3n de Sofia, celebrada en la Parroquia Beato Manuel Domingo y Sol de Majadahonda          &nbsp;\" \/>\n<meta name=\"robots\" content=\"index, follow, max-snippet:-1, max-image-preview:large, max-video-preview:-1\" \/>\n<link rel=\"canonical\" href=\"http:\/\/www.daniperezfotografia.es\/wordpress\/albumes-fotos\/album-de-fotos-de-comunion-en-majadahonda\" \/>\n<meta property=\"og:locale\" content=\"es_ES\" \/>\n<meta property=\"og:type\" content=\"article\" \/>\n<meta property=\"og:title\" content=\"\u00c1lbum de Fotos de Comuni\u00f3n en Majadahonda\" \/>\n<meta property=\"og:description\" content=\"\u00c1lbum de fotos de la comuni\u00f3n de Sofia, celebrada en la Parroquia Beato Manuel Domingo y Sol de Majadahonda          &nbsp;\" \/>\n<meta property=\"og:url\" content=\"http:\/\/www.daniperezfotografia.es\/wordpress\/albumes-fotos\/album-de-fotos-de-comunion-en-majadahonda\" \/>\n<meta property=\"og:site_name\" content=\"Dani Perez Fotografia | Fotografo Profesional en Madrid\" \/>\n<meta property=\"article:publisher\" content=\"https:\/\/www.facebook.com\/daniperezfotografia\" \/>\n<meta property=\"article:author\" content=\"https:\/\/www.facebook.com\/daniperezfotografia\" \/>\n<meta property=\"article:published_time\" content=\"2022-02-21T22:25:55+00:00\" \/>\n<meta property=\"article:modified_time\" content=\"2022-02-23T21:32:23+00:00\" \/>\n<meta property=\"og:image\" content=\"http:\/\/www.daniperezfotografia.es\/wordpress\/wp-content\/uploads\/2021\/09\/album-de-fotos-de-comunion-en-majadahonda-02.jpg\" \/>\n\t<meta property=\"og:image:width\" content=\"1100\" \/>\n\t<meta property=\"og:image:height\" content=\"734\" \/>\n\t<meta property=\"og:image:type\" content=\"image\/jpeg\" \/>\n<meta name=\"author\" content=\"Dani\" \/>\n<meta name=\"twitter:card\" content=\"summary_large_image\" \/>\n<meta name=\"twitter:creator\" content=\"@daniperezfoto\" \/>\n<meta name=\"twitter:site\" content=\"@daniperezfoto\" \/>\n<meta name=\"twitter:label1\" content=\"Escrito por\" \/>\n\t<meta name=\"twitter:data1\" content=\"Dani\" \/>\n\t<meta name=\"twitter:label2\" content=\"Tiempo de lectura\" \/>\n\t<meta name=\"twitter:data2\" content=\"3 minutos\" \/>\n<script type=\"application\/ld+json\" class=\"yoast-schema-graph\">{\"@context\":\"https:\\\/\\\/schema.org\",\"@graph\":[{\"@type\":\"Article\",\"@id\":\"http:\\\/\\\/www.daniperezfotografia.es\\\/wordpress\\\/albumes-fotos\\\/album-de-fotos-de-comunion-en-majadahonda#article\",\"isPartOf\":{\"@id\":\"http:\\\/\\\/www.daniperezfotografia.es\\\/wordpress\\\/albumes-fotos\\\/album-de-fotos-de-comunion-en-majadahonda\"},\"author\":{\"name\":\"Dani\",\"@id\":\"https:\\\/\\\/www.daniperezfotografia.es\\\/wordpress\\\/#\\\/schema\\\/person\\\/e182c086037e8185dcc7e99e2c589a63\"},\"headline\":\"\u00c1lbum de Fotos de Comuni\u00f3n en Majadahonda\",\"datePublished\":\"2022-02-21T22:25:55+00:00\",\"dateModified\":\"2022-02-23T21:32:23+00:00\",\"mainEntityOfPage\":{\"@id\":\"http:\\\/\\\/www.daniperezfotografia.es\\\/wordpress\\\/albumes-fotos\\\/album-de-fotos-de-comunion-en-majadahonda\"},\"wordCount\":29,\"publisher\":{\"@id\":\"https:\\\/\\\/www.daniperezfotografia.es\\\/wordpress\\\/#organization\"},\"image\":{\"@id\":\"http:\\\/\\\/www.daniperezfotografia.es\\\/wordpress\\\/albumes-fotos\\\/album-de-fotos-de-comunion-en-majadahonda#primaryimage\"},\"thumbnailUrl\":\"http:\\\/\\\/www.daniperezfotografia.es\\\/wordpress\\\/wp-content\\\/uploads\\\/2021\\\/09\\\/album-de-fotos-de-comunion-en-majadahonda-02.jpg\",\"articleSection\":[\"Albumes de fotos para tus recuerdos\",\"Fotos de Comunion\"],\"inLanguage\":\"es\"},{\"@type\":\"WebPage\",\"@id\":\"http:\\\/\\\/www.daniperezfotografia.es\\\/wordpress\\\/albumes-fotos\\\/album-de-fotos-de-comunion-en-majadahonda\",\"url\":\"http:\\\/\\\/www.daniperezfotografia.es\\\/wordpress\\\/albumes-fotos\\\/album-de-fotos-de-comunion-en-majadahonda\",\"name\":\"\u00c1lbum de Fotos de Comuni\u00f3n en Majadahonda\",\"isPartOf\":{\"@id\":\"https:\\\/\\\/www.daniperezfotografia.es\\\/wordpress\\\/#website\"},\"primaryImageOfPage\":{\"@id\":\"http:\\\/\\\/www.daniperezfotografia.es\\\/wordpress\\\/albumes-fotos\\\/album-de-fotos-de-comunion-en-majadahonda#primaryimage\"},\"image\":{\"@id\":\"http:\\\/\\\/www.daniperezfotografia.es\\\/wordpress\\\/albumes-fotos\\\/album-de-fotos-de-comunion-en-majadahonda#primaryimage\"},\"thumbnailUrl\":\"http:\\\/\\\/www.daniperezfotografia.es\\\/wordpress\\\/wp-content\\\/uploads\\\/2021\\\/09\\\/album-de-fotos-de-comunion-en-majadahonda-02.jpg\",\"datePublished\":\"2022-02-21T22:25:55+00:00\",\"dateModified\":\"2022-02-23T21:32:23+00:00\",\"description\":\"\u00c1lbum de fotos de la comuni\u00f3n de Sofia, celebrada en la Parroquia Beato Manuel Domingo y Sol de Majadahonda &nbsp;\",\"breadcrumb\":{\"@id\":\"http:\\\/\\\/www.daniperezfotografia.es\\\/wordpress\\\/albumes-fotos\\\/album-de-fotos-de-comunion-en-majadahonda#breadcrumb\"},\"inLanguage\":\"es\",\"potentialAction\":[{\"@type\":\"ReadAction\",\"target\":[\"http:\\\/\\\/www.daniperezfotografia.es\\\/wordpress\\\/albumes-fotos\\\/album-de-fotos-de-comunion-en-majadahonda\"]}]},{\"@type\":\"ImageObject\",\"inLanguage\":\"es\",\"@id\":\"http:\\\/\\\/www.daniperezfotografia.es\\\/wordpress\\\/albumes-fotos\\\/album-de-fotos-de-comunion-en-majadahonda#primaryimage\",\"url\":\"http:\\\/\\\/www.daniperezfotografia.es\\\/wordpress\\\/wp-content\\\/uploads\\\/2021\\\/09\\\/album-de-fotos-de-comunion-en-majadahonda-02.jpg\",\"contentUrl\":\"http:\\\/\\\/www.daniperezfotografia.es\\\/wordpress\\\/wp-content\\\/uploads\\\/2021\\\/09\\\/album-de-fotos-de-comunion-en-majadahonda-02.jpg\",\"width\":1100,\"height\":734,\"caption\":\"Album de fotos de Comunion - caja y tapas tapizadas\"},{\"@type\":\"BreadcrumbList\",\"@id\":\"http:\\\/\\\/www.daniperezfotografia.es\\\/wordpress\\\/albumes-fotos\\\/album-de-fotos-de-comunion-en-majadahonda#breadcrumb\",\"itemListElement\":[{\"@type\":\"ListItem\",\"position\":1,\"name\":\"Portada\",\"item\":\"https:\\\/\\\/www.daniperezfotografia.es\\\/wordpress\\\/\"},{\"@type\":\"ListItem\",\"position\":2,\"name\":\"\u00c1lbum de Fotos de Comuni\u00f3n en Majadahonda\"}]},{\"@type\":\"WebSite\",\"@id\":\"https:\\\/\\\/www.daniperezfotografia.es\\\/wordpress\\\/#website\",\"url\":\"https:\\\/\\\/www.daniperezfotografia.es\\\/wordpress\\\/\",\"name\":\"Dani Perez Fotografia | Fotografo Profesional en Madrid\",\"description\":\"Reportajes de bodas, bautizos, comuniones y sesiones de familia para particulares. Eventos, conferencias y retrato corporativo para empresas. Video de conferencias\",\"publisher\":{\"@id\":\"https:\\\/\\\/www.daniperezfotografia.es\\\/wordpress\\\/#organization\"},\"potentialAction\":[{\"@type\":\"SearchAction\",\"target\":{\"@type\":\"EntryPoint\",\"urlTemplate\":\"https:\\\/\\\/www.daniperezfotografia.es\\\/wordpress\\\/?s={search_term_string}\"},\"query-input\":{\"@type\":\"PropertyValueSpecification\",\"valueRequired\":true,\"valueName\":\"search_term_string\"}}],\"inLanguage\":\"es\"},{\"@type\":\"Organization\",\"@id\":\"https:\\\/\\\/www.daniperezfotografia.es\\\/wordpress\\\/#organization\",\"name\":\"Dani Perez Fotografia y Video\",\"url\":\"https:\\\/\\\/www.daniperezfotografia.es\\\/wordpress\\\/\",\"logo\":{\"@type\":\"ImageObject\",\"inLanguage\":\"es\",\"@id\":\"https:\\\/\\\/www.daniperezfotografia.es\\\/wordpress\\\/#\\\/schema\\\/logo\\\/image\\\/\",\"url\":\"\",\"contentUrl\":\"\",\"caption\":\"Dani Perez Fotografia y Video\"},\"image\":{\"@id\":\"https:\\\/\\\/www.daniperezfotografia.es\\\/wordpress\\\/#\\\/schema\\\/logo\\\/image\\\/\"},\"sameAs\":[\"https:\\\/\\\/www.facebook.com\\\/daniperezfotografia\",\"https:\\\/\\\/x.com\\\/daniperezfoto\",\"https:\\\/\\\/instagram.com\\\/daniperezfotografia\\\/\",\"https:\\\/\\\/www.linkedin.com\\\/pub\\\/dani-perez-fotografo\\\/b2\\\/3b0\\\/594\"]},{\"@type\":\"Person\",\"@id\":\"https:\\\/\\\/www.daniperezfotografia.es\\\/wordpress\\\/#\\\/schema\\\/person\\\/e182c086037e8185dcc7e99e2c589a63\",\"name\":\"Dani\",\"sameAs\":[\"http:\\\/\\\/www.daniperezfotografia.es\",\"https:\\\/\\\/www.facebook.com\\\/daniperezfotografia\",\"https:\\\/\\\/x.com\\\/daniperezfoto\"]}]}<\/script>\n<!-- \/ Yoast SEO plugin. -->","yoast_head_json":{"title":"\u00c1lbum de Fotos de Comuni\u00f3n en Majadahonda","description":"\u00c1lbum de fotos de la comuni\u00f3n de Sofia, celebrada en la Parroquia Beato Manuel Domingo y Sol de Majadahonda          &nbsp;","robots":{"index":"index","follow":"follow","max-snippet":"max-snippet:-1","max-image-preview":"max-image-preview:large","max-video-preview":"max-video-preview:-1"},"canonical":"http:\/\/www.daniperezfotografia.es\/wordpress\/albumes-fotos\/album-de-fotos-de-comunion-en-majadahonda","og_locale":"es_ES","og_type":"article","og_title":"\u00c1lbum de Fotos de Comuni\u00f3n en Majadahonda","og_description":"\u00c1lbum de fotos de la comuni\u00f3n de Sofia, celebrada en la Parroquia Beato Manuel Domingo y Sol de Majadahonda          &nbsp;","og_url":"http:\/\/www.daniperezfotografia.es\/wordpress\/albumes-fotos\/album-de-fotos-de-comunion-en-majadahonda","og_site_name":"Dani Perez Fotografia | Fotografo Profesional en Madrid","article_publisher":"https:\/\/www.facebook.com\/daniperezfotografia","article_author":"https:\/\/www.facebook.com\/daniperezfotografia","article_published_time":"2022-02-21T22:25:55+00:00","article_modified_time":"2022-02-23T21:32:23+00:00","og_image":[{"width":1100,"height":734,"url":"http:\/\/www.daniperezfotografia.es\/wordpress\/wp-content\/uploads\/2021\/09\/album-de-fotos-de-comunion-en-majadahonda-02.jpg","type":"image\/jpeg"}],"author":"Dani","twitter_card":"summary_large_image","twitter_creator":"@daniperezfoto","twitter_site":"@daniperezfoto","twitter_misc":{"Escrito por":"Dani","Tiempo de lectura":"3 minutos"},"schema":{"@context":"https:\/\/schema.org","@graph":[{"@type":"Article","@id":"http:\/\/www.daniperezfotografia.es\/wordpress\/albumes-fotos\/album-de-fotos-de-comunion-en-majadahonda#article","isPartOf":{"@id":"http:\/\/www.daniperezfotografia.es\/wordpress\/albumes-fotos\/album-de-fotos-de-comunion-en-majadahonda"},"author":{"name":"Dani","@id":"https:\/\/www.daniperezfotografia.es\/wordpress\/#\/schema\/person\/e182c086037e8185dcc7e99e2c589a63"},"headline":"\u00c1lbum de Fotos de Comuni\u00f3n en Majadahonda","datePublished":"2022-02-21T22:25:55+00:00","dateModified":"2022-02-23T21:32:23+00:00","mainEntityOfPage":{"@id":"http:\/\/www.daniperezfotografia.es\/wordpress\/albumes-fotos\/album-de-fotos-de-comunion-en-majadahonda"},"wordCount":29,"publisher":{"@id":"https:\/\/www.daniperezfotografia.es\/wordpress\/#organization"},"image":{"@id":"http:\/\/www.daniperezfotografia.es\/wordpress\/albumes-fotos\/album-de-fotos-de-comunion-en-majadahonda#primaryimage"},"thumbnailUrl":"http:\/\/www.daniperezfotografia.es\/wordpress\/wp-content\/uploads\/2021\/09\/album-de-fotos-de-comunion-en-majadahonda-02.jpg","articleSection":["Albumes de fotos para tus recuerdos","Fotos de Comunion"],"inLanguage":"es"},{"@type":"WebPage","@id":"http:\/\/www.daniperezfotografia.es\/wordpress\/albumes-fotos\/album-de-fotos-de-comunion-en-majadahonda","url":"http:\/\/www.daniperezfotografia.es\/wordpress\/albumes-fotos\/album-de-fotos-de-comunion-en-majadahonda","name":"\u00c1lbum de Fotos de Comuni\u00f3n en Majadahonda","isPartOf":{"@id":"https:\/\/www.daniperezfotografia.es\/wordpress\/#website"},"primaryImageOfPage":{"@id":"http:\/\/www.daniperezfotografia.es\/wordpress\/albumes-fotos\/album-de-fotos-de-comunion-en-majadahonda#primaryimage"},"image":{"@id":"http:\/\/www.daniperezfotografia.es\/wordpress\/albumes-fotos\/album-de-fotos-de-comunion-en-majadahonda#primaryimage"},"thumbnailUrl":"http:\/\/www.daniperezfotografia.es\/wordpress\/wp-content\/uploads\/2021\/09\/album-de-fotos-de-comunion-en-majadahonda-02.jpg","datePublished":"2022-02-21T22:25:55+00:00","dateModified":"2022-02-23T21:32:23+00:00","description":"\u00c1lbum de fotos de la comuni\u00f3n de Sofia, celebrada en la Parroquia Beato Manuel Domingo y Sol de Majadahonda &nbsp;","breadcrumb":{"@id":"http:\/\/www.daniperezfotografia.es\/wordpress\/albumes-fotos\/album-de-fotos-de-comunion-en-majadahonda#breadcrumb"},"inLanguage":"es","potentialAction":[{"@type":"ReadAction","target":["http:\/\/www.daniperezfotografia.es\/wordpress\/albumes-fotos\/album-de-fotos-de-comunion-en-majadahonda"]}]},{"@type":"ImageObject","inLanguage":"es","@id":"http:\/\/www.daniperezfotografia.es\/wordpress\/albumes-fotos\/album-de-fotos-de-comunion-en-majadahonda#primaryimage","url":"http:\/\/www.daniperezfotografia.es\/wordpress\/wp-content\/uploads\/2021\/09\/album-de-fotos-de-comunion-en-majadahonda-02.jpg","contentUrl":"http:\/\/www.daniperezfotografia.es\/wordpress\/wp-content\/uploads\/2021\/09\/album-de-fotos-de-comunion-en-majadahonda-02.jpg","width":1100,"height":734,"caption":"Album de fotos de Comunion - caja y tapas tapizadas"},{"@type":"BreadcrumbList","@id":"http:\/\/www.daniperezfotografia.es\/wordpress\/albumes-fotos\/album-de-fotos-de-comunion-en-majadahonda#breadcrumb","itemListElement":[{"@type":"ListItem","position":1,"name":"Portada","item":"https:\/\/www.daniperezfotografia.es\/wordpress\/"},{"@type":"ListItem","position":2,"name":"\u00c1lbum de Fotos de Comuni\u00f3n en Majadahonda"}]},{"@type":"WebSite","@id":"https:\/\/www.daniperezfotografia.es\/wordpress\/#website","url":"https:\/\/www.daniperezfotografia.es\/wordpress\/","name":"Dani Perez Fotografia | Fotografo Profesional en Madrid","description":"Reportajes de bodas, bautizos, comuniones y sesiones de familia para particulares. Eventos, conferencias y retrato corporativo para empresas. Video de conferencias","publisher":{"@id":"https:\/\/www.daniperezfotografia.es\/wordpress\/#organization"},"potentialAction":[{"@type":"SearchAction","target":{"@type":"EntryPoint","urlTemplate":"https:\/\/www.daniperezfotografia.es\/wordpress\/?s={search_term_string}"},"query-input":{"@type":"PropertyValueSpecification","valueRequired":true,"valueName":"search_term_string"}}],"inLanguage":"es"},{"@type":"Organization","@id":"https:\/\/www.daniperezfotografia.es\/wordpress\/#organization","name":"Dani Perez Fotografia y Video","url":"https:\/\/www.daniperezfotografia.es\/wordpress\/","logo":{"@type":"ImageObject","inLanguage":"es","@id":"https:\/\/www.daniperezfotografia.es\/wordpress\/#\/schema\/logo\/image\/","url":"","contentUrl":"","caption":"Dani Perez Fotografia y Video"},"image":{"@id":"https:\/\/www.daniperezfotografia.es\/wordpress\/#\/schema\/logo\/image\/"},"sameAs":["https:\/\/www.facebook.com\/daniperezfotografia","https:\/\/x.com\/daniperezfoto","https:\/\/instagram.com\/daniperezfotografia\/","https:\/\/www.linkedin.com\/pub\/dani-perez-fotografo\/b2\/3b0\/594"]},{"@type":"Person","@id":"https:\/\/www.daniperezfotografia.es\/wordpress\/#\/schema\/person\/e182c086037e8185dcc7e99e2c589a63","name":"Dani","sameAs":["http:\/\/www.daniperezfotografia.es","https:\/\/www.facebook.com\/daniperezfotografia","https:\/\/x.com\/daniperezfoto"]}]}},"_links":{"self":[{"href":"http:\/\/www.daniperezfotografia.es\/wordpress\/wp-json\/wp\/v2\/posts\/14567","targetHints":{"allow":["GET"]}}],"collection":[{"href":"http:\/\/www.daniperezfotografia.es\/wordpress\/wp-json\/wp\/v2\/posts"}],"about":[{"href":"http:\/\/www.daniperezfotografia.es\/wordpress\/wp-json\/wp\/v2\/types\/post"}],"author":[{"embeddable":true,"href":"http:\/\/www.daniperezfotografia.es\/wordpress\/wp-json\/wp\/v2\/users\/1"}],"replies":[{"embeddable":true,"href":"http:\/\/www.daniperezfotografia.es\/wordpress\/wp-json\/wp\/v2\/comments?post=14567"}],"version-history":[{"count":2,"href":"http:\/\/www.daniperezfotografia.es\/wordpress\/wp-json\/wp\/v2\/posts\/14567\/revisions"}],"predecessor-version":[{"id":14653,"href":"http:\/\/www.daniperezfotografia.es\/wordpress\/wp-json\/wp\/v2\/posts\/14567\/revisions\/14653"}],"wp:featuredmedia":[{"embeddable":true,"href":"http:\/\/www.daniperezfotografia.es\/wordpress\/wp-json\/wp\/v2\/media\/14569"}],"wp:attachment":[{"href":"http:\/\/www.daniperezfotografia.es\/wordpress\/wp-json\/wp\/v2\/media?parent=14567"}],"wp:term":[{"taxonomy":"category","embeddable":true,"href":"http:\/\/www.daniperezfotografia.es\/wordpress\/wp-json\/wp\/v2\/categories?post=14567"},{"taxonomy":"post_tag","embeddable":true,"href":"http:\/\/www.daniperezfotografia.es\/wordpress\/wp-json\/wp\/v2\/tags?post=14567"}],"curies":[{"name":"wp","href":"https:\/\/api.w.org\/{rel}","templated":true}]}}