{"id":13237,"date":"2020-05-13T12:03:23","date_gmt":"2020-05-13T11:03:23","guid":{"rendered":"http:\/\/www.daniperezfotografia.es\/wordpress\/?p=13237"},"modified":"2022-08-31T11:44:09","modified_gmt":"2022-08-31T10:44:09","slug":"boda-finca-matilla","status":"publish","type":"post","link":"http:\/\/www.daniperezfotografia.es\/wordpress\/bodas\/boda-finca-matilla","title":{"rendered":"Boda en la Finca la Matilla"},"content":{"rendered":"\n<figure class=\"wp-block-embed is-type-video is-provider-youtube wp-block-embed-youtube wp-embed-aspect-16-9 wp-has-aspect-ratio\"><div class=\"wp-block-embed__wrapper\">\n<iframe loading=\"lazy\" title=\"[BODA] [Rocio + Diego] [Parroquia de las Adoratrices] [Finca la Matilla] [Guadalajara]\" width=\"1100\" height=\"619\" src=\"https:\/\/www.youtube.com\/embed\/KMuVQ_eA1Ak?start=7&#038;feature=oembed\" frameborder=\"0\" allow=\"accelerometer; autoplay; clipboard-write; encrypted-media; gyroscope; picture-in-picture\" allowfullscreen><\/iframe>\n<\/div><\/figure>\n\n\n<p>En esta publicaci\u00f3n, os presentamos un resumen de las <strong>fotos de boda<\/strong> de Roc\u00edo y Diego, celebrada en la <a href=\"http:\/\/fincalamatilla.es\/\" target=\"_blank\" rel=\"noopener noreferrer\"><strong>Finca la Matilla<\/strong><\/a>. Veremos fotograf\u00edas de los preparativos, <strong>fotos de la ceremonia<\/strong> religiosa en la <a href=\"https:\/\/parroquiammicaela.jimdofree.com\/\" target=\"_blank\" rel=\"noopener noreferrer\">Parroquia de Santa Mar\u00eda Micaela<\/a> y la sesi\u00f3n de <strong>fotos de novios<\/strong> al atardecer, en esta <strong>finca de bodas en Guadalajara<\/strong>.<\/p>\n<p>Adem\u00e1s, divertidas <strong>fotos de grupos<\/strong> durante el cocktail amenizado con m\u00fasica en directo. Los momentos mas locos, durante la cena, a cargo de los amigos de nuestra pareja. Y para terminar, las <strong>fotos del baile<\/strong> y como disfrutaron todos sus invitados de la fiesta, hasta la madrugada.<\/p>\n<p>\u00a0<\/p>\n<h2>Preparativos de Diego en su casa<\/h2>\n<p>Diego se preparo en su casa, <strong>junto a sus padres y su abuela<\/strong>, quien ser\u00e1, una de las personas mas importantes en este d\u00eda. Siempre tratamos con especial cari\u00f1o y atenci\u00f3n a las abuelas y abuelos, y cuidamos mucho, de tomar fotos de como viven ellos el d\u00eda la boda de sus nietos, la relaci\u00f3n con sus hijos y con el resto de invitados, quienes los cuidan con especial cari\u00f1o. Sabemos que son de las personas mas importantes en sus vidas, y por eso merecen un atenci\u00f3n extra. Yo siempre les digo que son \u00abinvitados vips\u00bb y que estamos a su disposici\u00f3n para hacerles todas las fotos que quieran pedirnos.<\/p>\n<p><img loading=\"lazy\" decoding=\"async\" class=\"alignnone size-full wp-image-13512\" src=\"http:\/\/www.daniperezfotografia.es\/wordpress\/wp-content\/uploads\/2020\/05\/fotos-preparativos-novio-boda-finca-matilla-03.jpg\" alt=\"foto de los preparativos del novio en una boda en finca la matilla\" width=\"1100\" height=\"733\" srcset=\"http:\/\/www.daniperezfotografia.es\/wordpress\/wp-content\/uploads\/2020\/05\/fotos-preparativos-novio-boda-finca-matilla-03.jpg 1100w, http:\/\/www.daniperezfotografia.es\/wordpress\/wp-content\/uploads\/2020\/05\/fotos-preparativos-novio-boda-finca-matilla-03-750x500.jpg 750w, http:\/\/www.daniperezfotografia.es\/wordpress\/wp-content\/uploads\/2020\/05\/fotos-preparativos-novio-boda-finca-matilla-03-1024x682.jpg 1024w, http:\/\/www.daniperezfotografia.es\/wordpress\/wp-content\/uploads\/2020\/05\/fotos-preparativos-novio-boda-finca-matilla-03-768x512.jpg 768w\" sizes=\"auto, (max-width: 1100px) 100vw, 1100px\" \/><img loading=\"lazy\" decoding=\"async\" class=\"alignnone size-full wp-image-13513\" src=\"http:\/\/www.daniperezfotografia.es\/wordpress\/wp-content\/uploads\/2020\/05\/fotos-preparativos-novio-boda-finca-matilla-05.jpg\" alt=\"foto de los preparativos del novio en una boda en finca la matilla\" width=\"1100\" height=\"733\" srcset=\"http:\/\/www.daniperezfotografia.es\/wordpress\/wp-content\/uploads\/2020\/05\/fotos-preparativos-novio-boda-finca-matilla-05.jpg 1100w, http:\/\/www.daniperezfotografia.es\/wordpress\/wp-content\/uploads\/2020\/05\/fotos-preparativos-novio-boda-finca-matilla-05-750x500.jpg 750w, http:\/\/www.daniperezfotografia.es\/wordpress\/wp-content\/uploads\/2020\/05\/fotos-preparativos-novio-boda-finca-matilla-05-1024x682.jpg 1024w, http:\/\/www.daniperezfotografia.es\/wordpress\/wp-content\/uploads\/2020\/05\/fotos-preparativos-novio-boda-finca-matilla-05-768x512.jpg 768w\" sizes=\"auto, (max-width: 1100px) 100vw, 1100px\" \/><img loading=\"lazy\" decoding=\"async\" class=\"alignnone size-full wp-image-13514\" src=\"http:\/\/www.daniperezfotografia.es\/wordpress\/wp-content\/uploads\/2020\/05\/fotos-preparativos-novio-boda-finca-matilla-06.jpg\" alt=\"foto de los preparativos del novio en una boda en finca la matilla\" width=\"1100\" height=\"733\" srcset=\"http:\/\/www.daniperezfotografia.es\/wordpress\/wp-content\/uploads\/2020\/05\/fotos-preparativos-novio-boda-finca-matilla-06.jpg 1100w, http:\/\/www.daniperezfotografia.es\/wordpress\/wp-content\/uploads\/2020\/05\/fotos-preparativos-novio-boda-finca-matilla-06-750x500.jpg 750w, http:\/\/www.daniperezfotografia.es\/wordpress\/wp-content\/uploads\/2020\/05\/fotos-preparativos-novio-boda-finca-matilla-06-1024x682.jpg 1024w, http:\/\/www.daniperezfotografia.es\/wordpress\/wp-content\/uploads\/2020\/05\/fotos-preparativos-novio-boda-finca-matilla-06-768x512.jpg 768w\" sizes=\"auto, (max-width: 1100px) 100vw, 1100px\" \/><img loading=\"lazy\" decoding=\"async\" class=\"alignnone size-full wp-image-13515\" src=\"http:\/\/www.daniperezfotografia.es\/wordpress\/wp-content\/uploads\/2020\/05\/fotos-preparativos-novio-boda-finca-matilla-07.jpg\" alt=\"foto de los preparativos del novio en una boda en finca la matilla\" width=\"1100\" height=\"733\" srcset=\"http:\/\/www.daniperezfotografia.es\/wordpress\/wp-content\/uploads\/2020\/05\/fotos-preparativos-novio-boda-finca-matilla-07.jpg 1100w, http:\/\/www.daniperezfotografia.es\/wordpress\/wp-content\/uploads\/2020\/05\/fotos-preparativos-novio-boda-finca-matilla-07-750x500.jpg 750w, http:\/\/www.daniperezfotografia.es\/wordpress\/wp-content\/uploads\/2020\/05\/fotos-preparativos-novio-boda-finca-matilla-07-1024x682.jpg 1024w, http:\/\/www.daniperezfotografia.es\/wordpress\/wp-content\/uploads\/2020\/05\/fotos-preparativos-novio-boda-finca-matilla-07-768x512.jpg 768w\" sizes=\"auto, (max-width: 1100px) 100vw, 1100px\" \/><img loading=\"lazy\" decoding=\"async\" class=\"alignnone size-full wp-image-13516\" src=\"http:\/\/www.daniperezfotografia.es\/wordpress\/wp-content\/uploads\/2020\/05\/fotos-preparativos-novio-boda-finca-matilla-08.jpg\" alt=\"foto de los preparativos del novio en una boda en finca la matilla\" width=\"1100\" height=\"733\" srcset=\"http:\/\/www.daniperezfotografia.es\/wordpress\/wp-content\/uploads\/2020\/05\/fotos-preparativos-novio-boda-finca-matilla-08.jpg 1100w, http:\/\/www.daniperezfotografia.es\/wordpress\/wp-content\/uploads\/2020\/05\/fotos-preparativos-novio-boda-finca-matilla-08-750x500.jpg 750w, http:\/\/www.daniperezfotografia.es\/wordpress\/wp-content\/uploads\/2020\/05\/fotos-preparativos-novio-boda-finca-matilla-08-1024x682.jpg 1024w, http:\/\/www.daniperezfotografia.es\/wordpress\/wp-content\/uploads\/2020\/05\/fotos-preparativos-novio-boda-finca-matilla-08-768x512.jpg 768w\" sizes=\"auto, (max-width: 1100px) 100vw, 1100px\" \/><img loading=\"lazy\" decoding=\"async\" class=\"alignnone size-full wp-image-13517\" src=\"http:\/\/www.daniperezfotografia.es\/wordpress\/wp-content\/uploads\/2020\/05\/fotos-preparativos-novio-boda-finca-matilla-09.jpg\" alt=\"foto de los preparativos del novio en una boda en finca la matilla\" width=\"1100\" height=\"733\" srcset=\"http:\/\/www.daniperezfotografia.es\/wordpress\/wp-content\/uploads\/2020\/05\/fotos-preparativos-novio-boda-finca-matilla-09.jpg 1100w, http:\/\/www.daniperezfotografia.es\/wordpress\/wp-content\/uploads\/2020\/05\/fotos-preparativos-novio-boda-finca-matilla-09-750x500.jpg 750w, http:\/\/www.daniperezfotografia.es\/wordpress\/wp-content\/uploads\/2020\/05\/fotos-preparativos-novio-boda-finca-matilla-09-1024x682.jpg 1024w, http:\/\/www.daniperezfotografia.es\/wordpress\/wp-content\/uploads\/2020\/05\/fotos-preparativos-novio-boda-finca-matilla-09-768x512.jpg 768w\" sizes=\"auto, (max-width: 1100px) 100vw, 1100px\" \/><img loading=\"lazy\" decoding=\"async\" class=\"alignnone size-full wp-image-13518\" src=\"http:\/\/www.daniperezfotografia.es\/wordpress\/wp-content\/uploads\/2020\/05\/fotos-preparativos-novio-boda-finca-matilla-11.jpg\" alt=\"foto de los preparativos del novio en una boda en finca la matilla\" width=\"1100\" height=\"733\" srcset=\"http:\/\/www.daniperezfotografia.es\/wordpress\/wp-content\/uploads\/2020\/05\/fotos-preparativos-novio-boda-finca-matilla-11.jpg 1100w, http:\/\/www.daniperezfotografia.es\/wordpress\/wp-content\/uploads\/2020\/05\/fotos-preparativos-novio-boda-finca-matilla-11-750x500.jpg 750w, http:\/\/www.daniperezfotografia.es\/wordpress\/wp-content\/uploads\/2020\/05\/fotos-preparativos-novio-boda-finca-matilla-11-1024x682.jpg 1024w, http:\/\/www.daniperezfotografia.es\/wordpress\/wp-content\/uploads\/2020\/05\/fotos-preparativos-novio-boda-finca-matilla-11-768x512.jpg 768w\" sizes=\"auto, (max-width: 1100px) 100vw, 1100px\" \/><img loading=\"lazy\" decoding=\"async\" class=\"alignnone size-full wp-image-13519\" src=\"http:\/\/www.daniperezfotografia.es\/wordpress\/wp-content\/uploads\/2020\/05\/fotos-preparativos-novio-boda-finca-matilla-12.jpg\" alt=\"foto de los preparativos del novio en una boda en finca la matilla\" width=\"1100\" height=\"733\" srcset=\"http:\/\/www.daniperezfotografia.es\/wordpress\/wp-content\/uploads\/2020\/05\/fotos-preparativos-novio-boda-finca-matilla-12.jpg 1100w, http:\/\/www.daniperezfotografia.es\/wordpress\/wp-content\/uploads\/2020\/05\/fotos-preparativos-novio-boda-finca-matilla-12-750x500.jpg 750w, http:\/\/www.daniperezfotografia.es\/wordpress\/wp-content\/uploads\/2020\/05\/fotos-preparativos-novio-boda-finca-matilla-12-1024x682.jpg 1024w, http:\/\/www.daniperezfotografia.es\/wordpress\/wp-content\/uploads\/2020\/05\/fotos-preparativos-novio-boda-finca-matilla-12-768x512.jpg 768w\" sizes=\"auto, (max-width: 1100px) 100vw, 1100px\" \/><img loading=\"lazy\" decoding=\"async\" class=\"alignnone size-full wp-image-13520\" src=\"http:\/\/www.daniperezfotografia.es\/wordpress\/wp-content\/uploads\/2020\/05\/fotos-preparativos-novio-boda-finca-matilla-13.jpg\" alt=\"foto de los preparativos del novio en una boda en finca la matilla\" width=\"1100\" height=\"733\" srcset=\"http:\/\/www.daniperezfotografia.es\/wordpress\/wp-content\/uploads\/2020\/05\/fotos-preparativos-novio-boda-finca-matilla-13.jpg 1100w, http:\/\/www.daniperezfotografia.es\/wordpress\/wp-content\/uploads\/2020\/05\/fotos-preparativos-novio-boda-finca-matilla-13-750x500.jpg 750w, http:\/\/www.daniperezfotografia.es\/wordpress\/wp-content\/uploads\/2020\/05\/fotos-preparativos-novio-boda-finca-matilla-13-1024x682.jpg 1024w, http:\/\/www.daniperezfotografia.es\/wordpress\/wp-content\/uploads\/2020\/05\/fotos-preparativos-novio-boda-finca-matilla-13-768x512.jpg 768w\" sizes=\"auto, (max-width: 1100px) 100vw, 1100px\" \/><img loading=\"lazy\" decoding=\"async\" class=\"alignnone size-full wp-image-13521\" src=\"http:\/\/www.daniperezfotografia.es\/wordpress\/wp-content\/uploads\/2020\/05\/fotos-preparativos-novio-boda-finca-matilla-14.jpg\" alt=\"foto de los preparativos del novio en una boda en finca la matilla\" width=\"1100\" height=\"733\" srcset=\"http:\/\/www.daniperezfotografia.es\/wordpress\/wp-content\/uploads\/2020\/05\/fotos-preparativos-novio-boda-finca-matilla-14.jpg 1100w, http:\/\/www.daniperezfotografia.es\/wordpress\/wp-content\/uploads\/2020\/05\/fotos-preparativos-novio-boda-finca-matilla-14-750x500.jpg 750w, http:\/\/www.daniperezfotografia.es\/wordpress\/wp-content\/uploads\/2020\/05\/fotos-preparativos-novio-boda-finca-matilla-14-1024x682.jpg 1024w, http:\/\/www.daniperezfotografia.es\/wordpress\/wp-content\/uploads\/2020\/05\/fotos-preparativos-novio-boda-finca-matilla-14-768x512.jpg 768w\" sizes=\"auto, (max-width: 1100px) 100vw, 1100px\" \/><img loading=\"lazy\" decoding=\"async\" class=\"alignnone size-full wp-image-13522\" src=\"http:\/\/www.daniperezfotografia.es\/wordpress\/wp-content\/uploads\/2020\/05\/fotos-preparativos-novio-boda-finca-matilla-15.jpg\" alt=\"foto de los preparativos del novio en una boda en finca la matilla\" width=\"1100\" height=\"733\" srcset=\"http:\/\/www.daniperezfotografia.es\/wordpress\/wp-content\/uploads\/2020\/05\/fotos-preparativos-novio-boda-finca-matilla-15.jpg 1100w, http:\/\/www.daniperezfotografia.es\/wordpress\/wp-content\/uploads\/2020\/05\/fotos-preparativos-novio-boda-finca-matilla-15-750x500.jpg 750w, http:\/\/www.daniperezfotografia.es\/wordpress\/wp-content\/uploads\/2020\/05\/fotos-preparativos-novio-boda-finca-matilla-15-1024x682.jpg 1024w, http:\/\/www.daniperezfotografia.es\/wordpress\/wp-content\/uploads\/2020\/05\/fotos-preparativos-novio-boda-finca-matilla-15-768x512.jpg 768w\" sizes=\"auto, (max-width: 1100px) 100vw, 1100px\" \/><\/p>\n<h2>Preparativos de Rocio en el Hotel PAX Guadalajara<\/h2>\n<p>Para los preparativos, nos desplazamos a un <strong>hotel en Guadalajara<\/strong>. Rocio eligi\u00f3 el <a href=\"https:\/\/paxhoteles.com\/guadalajara\/\" target=\"_blank\" rel=\"noopener noreferrer\">Hotel PAX Guadalajara<\/a>. Ella, su madre y sus hermanas, se alojaban en dos habitaciones contiguas, lo que nos permiti\u00f3 fotografiar con gran comodidad. Aprovechamos la bonita luz y las posibilidades est\u00e9ticas de las habitaciones, para tomar algunas <strong>foto de detalles<\/strong> y el vestido. Despu\u00e9s nos centrarnos en la fotografia documental, sin intervenir.<\/p>\n<blockquote>\n<p>Las emociones, los abrazos, los besos y las risas, las miradas de complicidad. Esas son las fotograf\u00edas que queremos entregar a nuestras parejas. Los <strong>momentos reales llenos de emociones<\/strong>.<\/p>\n<\/blockquote>\n<p>Para completar alas fotos de preparativos, buscamos un lugar sencillo, con excelente luz para tomar algunas<strong>\u00a0fotos de familia<\/strong> de Rocio con su madre y hermanas. A su padre, le organizamos una primer <strong>encuentro sorpresa<\/strong>, donde ver\u00eda por primera vez a Rocio, vestida de novia. Fue un momento muy emocionante que deseamos recuerden con mucho cari\u00f1o.<\/p>\n<p><img loading=\"lazy\" decoding=\"async\" class=\"alignnone size-full wp-image-13523\" src=\"http:\/\/www.daniperezfotografia.es\/wordpress\/wp-content\/uploads\/2020\/05\/fotos-preparativos-novia-hotel-pax-guadalajara-01.jpg\" alt=\"entrada del hotel pax guadalajara\" width=\"1100\" height=\"734\" srcset=\"http:\/\/www.daniperezfotografia.es\/wordpress\/wp-content\/uploads\/2020\/05\/fotos-preparativos-novia-hotel-pax-guadalajara-01.jpg 1100w, http:\/\/www.daniperezfotografia.es\/wordpress\/wp-content\/uploads\/2020\/05\/fotos-preparativos-novia-hotel-pax-guadalajara-01-750x500.jpg 750w, http:\/\/www.daniperezfotografia.es\/wordpress\/wp-content\/uploads\/2020\/05\/fotos-preparativos-novia-hotel-pax-guadalajara-01-1024x683.jpg 1024w, http:\/\/www.daniperezfotografia.es\/wordpress\/wp-content\/uploads\/2020\/05\/fotos-preparativos-novia-hotel-pax-guadalajara-01-768x512.jpg 768w\" sizes=\"auto, (max-width: 1100px) 100vw, 1100px\" \/><img loading=\"lazy\" decoding=\"async\" class=\"alignnone size-full wp-image-13524\" src=\"http:\/\/www.daniperezfotografia.es\/wordpress\/wp-content\/uploads\/2020\/05\/fotos-preparativos-novia-hotel-pax-guadalajara-02.jpg\" alt=\"fotos de detalle de loz zapatos y ramo y de boda en guadalajara\" width=\"1100\" height=\"734\" srcset=\"http:\/\/www.daniperezfotografia.es\/wordpress\/wp-content\/uploads\/2020\/05\/fotos-preparativos-novia-hotel-pax-guadalajara-02.jpg 1100w, http:\/\/www.daniperezfotografia.es\/wordpress\/wp-content\/uploads\/2020\/05\/fotos-preparativos-novia-hotel-pax-guadalajara-02-750x500.jpg 750w, http:\/\/www.daniperezfotografia.es\/wordpress\/wp-content\/uploads\/2020\/05\/fotos-preparativos-novia-hotel-pax-guadalajara-02-1024x683.jpg 1024w, http:\/\/www.daniperezfotografia.es\/wordpress\/wp-content\/uploads\/2020\/05\/fotos-preparativos-novia-hotel-pax-guadalajara-02-768x512.jpg 768w\" sizes=\"auto, (max-width: 1100px) 100vw, 1100px\" \/><img loading=\"lazy\" decoding=\"async\" class=\"alignnone size-full wp-image-13542\" src=\"http:\/\/www.daniperezfotografia.es\/wordpress\/wp-content\/uploads\/2020\/05\/fotos-preparativos-novia-hotel-pax-guadalajara-27.jpg\" alt=\"fotos preparativos novia hotel pax guadalajara\" width=\"1100\" height=\"734\" srcset=\"http:\/\/www.daniperezfotografia.es\/wordpress\/wp-content\/uploads\/2020\/05\/fotos-preparativos-novia-hotel-pax-guadalajara-27.jpg 1100w, http:\/\/www.daniperezfotografia.es\/wordpress\/wp-content\/uploads\/2020\/05\/fotos-preparativos-novia-hotel-pax-guadalajara-27-750x500.jpg 750w, http:\/\/www.daniperezfotografia.es\/wordpress\/wp-content\/uploads\/2020\/05\/fotos-preparativos-novia-hotel-pax-guadalajara-27-1024x683.jpg 1024w, http:\/\/www.daniperezfotografia.es\/wordpress\/wp-content\/uploads\/2020\/05\/fotos-preparativos-novia-hotel-pax-guadalajara-27-768x512.jpg 768w\" sizes=\"auto, (max-width: 1100px) 100vw, 1100px\" \/><img loading=\"lazy\" decoding=\"async\" class=\"alignnone size-full wp-image-13526\" src=\"http:\/\/www.daniperezfotografia.es\/wordpress\/wp-content\/uploads\/2020\/05\/fotos-preparativos-novia-hotel-pax-guadalajara-04.jpg\" alt=\"fotos preparativos novia hotel pax guadalajara\" width=\"1100\" height=\"734\" srcset=\"http:\/\/www.daniperezfotografia.es\/wordpress\/wp-content\/uploads\/2020\/05\/fotos-preparativos-novia-hotel-pax-guadalajara-04.jpg 1100w, http:\/\/www.daniperezfotografia.es\/wordpress\/wp-content\/uploads\/2020\/05\/fotos-preparativos-novia-hotel-pax-guadalajara-04-750x500.jpg 750w, http:\/\/www.daniperezfotografia.es\/wordpress\/wp-content\/uploads\/2020\/05\/fotos-preparativos-novia-hotel-pax-guadalajara-04-1024x683.jpg 1024w, http:\/\/www.daniperezfotografia.es\/wordpress\/wp-content\/uploads\/2020\/05\/fotos-preparativos-novia-hotel-pax-guadalajara-04-768x512.jpg 768w\" sizes=\"auto, (max-width: 1100px) 100vw, 1100px\" \/><img loading=\"lazy\" decoding=\"async\" class=\"alignnone size-full wp-image-13525\" src=\"http:\/\/www.daniperezfotografia.es\/wordpress\/wp-content\/uploads\/2020\/05\/fotos-preparativos-novia-hotel-pax-guadalajara-03.jpg\" alt=\"foto detalle anillos boda hotel pax guadalajara\" width=\"1100\" height=\"734\" srcset=\"http:\/\/www.daniperezfotografia.es\/wordpress\/wp-content\/uploads\/2020\/05\/fotos-preparativos-novia-hotel-pax-guadalajara-03.jpg 1100w, http:\/\/www.daniperezfotografia.es\/wordpress\/wp-content\/uploads\/2020\/05\/fotos-preparativos-novia-hotel-pax-guadalajara-03-750x500.jpg 750w, http:\/\/www.daniperezfotografia.es\/wordpress\/wp-content\/uploads\/2020\/05\/fotos-preparativos-novia-hotel-pax-guadalajara-03-1024x683.jpg 1024w, http:\/\/www.daniperezfotografia.es\/wordpress\/wp-content\/uploads\/2020\/05\/fotos-preparativos-novia-hotel-pax-guadalajara-03-768x512.jpg 768w\" sizes=\"auto, (max-width: 1100px) 100vw, 1100px\" \/><img loading=\"lazy\" decoding=\"async\" class=\"alignnone size-full wp-image-13527\" src=\"http:\/\/www.daniperezfotografia.es\/wordpress\/wp-content\/uploads\/2020\/05\/fotos-preparativos-novia-hotel-pax-guadalajara-05.jpg\" alt=\"fotos preparativos novia hotel pax guadalajara\" width=\"1100\" height=\"734\" srcset=\"http:\/\/www.daniperezfotografia.es\/wordpress\/wp-content\/uploads\/2020\/05\/fotos-preparativos-novia-hotel-pax-guadalajara-05.jpg 1100w, http:\/\/www.daniperezfotografia.es\/wordpress\/wp-content\/uploads\/2020\/05\/fotos-preparativos-novia-hotel-pax-guadalajara-05-750x500.jpg 750w, http:\/\/www.daniperezfotografia.es\/wordpress\/wp-content\/uploads\/2020\/05\/fotos-preparativos-novia-hotel-pax-guadalajara-05-1024x683.jpg 1024w, http:\/\/www.daniperezfotografia.es\/wordpress\/wp-content\/uploads\/2020\/05\/fotos-preparativos-novia-hotel-pax-guadalajara-05-768x512.jpg 768w\" sizes=\"auto, (max-width: 1100px) 100vw, 1100px\" \/><img loading=\"lazy\" decoding=\"async\" class=\"alignnone size-full wp-image-13528\" src=\"http:\/\/www.daniperezfotografia.es\/wordpress\/wp-content\/uploads\/2020\/05\/fotos-preparativos-novia-hotel-pax-guadalajara-06.jpg\" alt=\"fotos vestido novia hotel pax guadalajara\" width=\"1100\" height=\"734\" srcset=\"http:\/\/www.daniperezfotografia.es\/wordpress\/wp-content\/uploads\/2020\/05\/fotos-preparativos-novia-hotel-pax-guadalajara-06.jpg 1100w, http:\/\/www.daniperezfotografia.es\/wordpress\/wp-content\/uploads\/2020\/05\/fotos-preparativos-novia-hotel-pax-guadalajara-06-750x500.jpg 750w, http:\/\/www.daniperezfotografia.es\/wordpress\/wp-content\/uploads\/2020\/05\/fotos-preparativos-novia-hotel-pax-guadalajara-06-1024x683.jpg 1024w, http:\/\/www.daniperezfotografia.es\/wordpress\/wp-content\/uploads\/2020\/05\/fotos-preparativos-novia-hotel-pax-guadalajara-06-768x512.jpg 768w\" sizes=\"auto, (max-width: 1100px) 100vw, 1100px\" \/><img loading=\"lazy\" decoding=\"async\" class=\"alignnone size-full wp-image-13529\" src=\"http:\/\/www.daniperezfotografia.es\/wordpress\/wp-content\/uploads\/2020\/05\/fotos-preparativos-novia-hotel-pax-guadalajara-07.jpg\" alt=\"fotos preparativos novia hotel pax guadalajara\" width=\"1100\" height=\"734\" srcset=\"http:\/\/www.daniperezfotografia.es\/wordpress\/wp-content\/uploads\/2020\/05\/fotos-preparativos-novia-hotel-pax-guadalajara-07.jpg 1100w, http:\/\/www.daniperezfotografia.es\/wordpress\/wp-content\/uploads\/2020\/05\/fotos-preparativos-novia-hotel-pax-guadalajara-07-750x500.jpg 750w, http:\/\/www.daniperezfotografia.es\/wordpress\/wp-content\/uploads\/2020\/05\/fotos-preparativos-novia-hotel-pax-guadalajara-07-1024x683.jpg 1024w, http:\/\/www.daniperezfotografia.es\/wordpress\/wp-content\/uploads\/2020\/05\/fotos-preparativos-novia-hotel-pax-guadalajara-07-768x512.jpg 768w\" sizes=\"auto, (max-width: 1100px) 100vw, 1100px\" \/><img loading=\"lazy\" decoding=\"async\" class=\"alignnone size-full wp-image-13530\" src=\"http:\/\/www.daniperezfotografia.es\/wordpress\/wp-content\/uploads\/2020\/05\/fotos-preparativos-novia-hotel-pax-guadalajara-09.jpg\" alt=\"fotos preparativos novia hotel pax guadalajara\" width=\"1100\" height=\"734\" srcset=\"http:\/\/www.daniperezfotografia.es\/wordpress\/wp-content\/uploads\/2020\/05\/fotos-preparativos-novia-hotel-pax-guadalajara-09.jpg 1100w, http:\/\/www.daniperezfotografia.es\/wordpress\/wp-content\/uploads\/2020\/05\/fotos-preparativos-novia-hotel-pax-guadalajara-09-750x500.jpg 750w, http:\/\/www.daniperezfotografia.es\/wordpress\/wp-content\/uploads\/2020\/05\/fotos-preparativos-novia-hotel-pax-guadalajara-09-1024x683.jpg 1024w, http:\/\/www.daniperezfotografia.es\/wordpress\/wp-content\/uploads\/2020\/05\/fotos-preparativos-novia-hotel-pax-guadalajara-09-768x512.jpg 768w\" sizes=\"auto, (max-width: 1100px) 100vw, 1100px\" \/><img loading=\"lazy\" decoding=\"async\" class=\"alignnone size-full wp-image-13531\" src=\"http:\/\/www.daniperezfotografia.es\/wordpress\/wp-content\/uploads\/2020\/05\/fotos-preparativos-novia-hotel-pax-guadalajara-11.jpg\" alt=\"fotos preparativos novia hotel pax guadalajara\" width=\"1100\" height=\"734\" srcset=\"http:\/\/www.daniperezfotografia.es\/wordpress\/wp-content\/uploads\/2020\/05\/fotos-preparativos-novia-hotel-pax-guadalajara-11.jpg 1100w, http:\/\/www.daniperezfotografia.es\/wordpress\/wp-content\/uploads\/2020\/05\/fotos-preparativos-novia-hotel-pax-guadalajara-11-750x500.jpg 750w, http:\/\/www.daniperezfotografia.es\/wordpress\/wp-content\/uploads\/2020\/05\/fotos-preparativos-novia-hotel-pax-guadalajara-11-1024x683.jpg 1024w, http:\/\/www.daniperezfotografia.es\/wordpress\/wp-content\/uploads\/2020\/05\/fotos-preparativos-novia-hotel-pax-guadalajara-11-768x512.jpg 768w\" sizes=\"auto, (max-width: 1100px) 100vw, 1100px\" \/><img loading=\"lazy\" decoding=\"async\" class=\"alignnone size-full wp-image-13532\" src=\"http:\/\/www.daniperezfotografia.es\/wordpress\/wp-content\/uploads\/2020\/05\/fotos-preparativos-novia-hotel-pax-guadalajara-13.jpg\" alt=\"fotos preparativos novia hotel pax guadalajara\" width=\"1100\" height=\"734\" srcset=\"http:\/\/www.daniperezfotografia.es\/wordpress\/wp-content\/uploads\/2020\/05\/fotos-preparativos-novia-hotel-pax-guadalajara-13.jpg 1100w, http:\/\/www.daniperezfotografia.es\/wordpress\/wp-content\/uploads\/2020\/05\/fotos-preparativos-novia-hotel-pax-guadalajara-13-750x500.jpg 750w, http:\/\/www.daniperezfotografia.es\/wordpress\/wp-content\/uploads\/2020\/05\/fotos-preparativos-novia-hotel-pax-guadalajara-13-1024x683.jpg 1024w, http:\/\/www.daniperezfotografia.es\/wordpress\/wp-content\/uploads\/2020\/05\/fotos-preparativos-novia-hotel-pax-guadalajara-13-768x512.jpg 768w\" sizes=\"auto, (max-width: 1100px) 100vw, 1100px\" \/><img loading=\"lazy\" decoding=\"async\" class=\"alignnone size-full wp-image-13533\" src=\"http:\/\/www.daniperezfotografia.es\/wordpress\/wp-content\/uploads\/2020\/05\/fotos-preparativos-novia-hotel-pax-guadalajara-14.jpg\" alt=\"fotos preparativos novia hotel pax guadalajara\" width=\"1100\" height=\"734\" srcset=\"http:\/\/www.daniperezfotografia.es\/wordpress\/wp-content\/uploads\/2020\/05\/fotos-preparativos-novia-hotel-pax-guadalajara-14.jpg 1100w, http:\/\/www.daniperezfotografia.es\/wordpress\/wp-content\/uploads\/2020\/05\/fotos-preparativos-novia-hotel-pax-guadalajara-14-750x500.jpg 750w, http:\/\/www.daniperezfotografia.es\/wordpress\/wp-content\/uploads\/2020\/05\/fotos-preparativos-novia-hotel-pax-guadalajara-14-1024x683.jpg 1024w, http:\/\/www.daniperezfotografia.es\/wordpress\/wp-content\/uploads\/2020\/05\/fotos-preparativos-novia-hotel-pax-guadalajara-14-768x512.jpg 768w\" sizes=\"auto, (max-width: 1100px) 100vw, 1100px\" \/><img loading=\"lazy\" decoding=\"async\" class=\"alignnone size-full wp-image-13534\" src=\"http:\/\/www.daniperezfotografia.es\/wordpress\/wp-content\/uploads\/2020\/05\/fotos-preparativos-novia-hotel-pax-guadalajara-15.jpg\" alt=\"fotos preparativos novia hotel pax guadalajara\" width=\"1100\" height=\"734\" srcset=\"http:\/\/www.daniperezfotografia.es\/wordpress\/wp-content\/uploads\/2020\/05\/fotos-preparativos-novia-hotel-pax-guadalajara-15.jpg 1100w, http:\/\/www.daniperezfotografia.es\/wordpress\/wp-content\/uploads\/2020\/05\/fotos-preparativos-novia-hotel-pax-guadalajara-15-750x500.jpg 750w, http:\/\/www.daniperezfotografia.es\/wordpress\/wp-content\/uploads\/2020\/05\/fotos-preparativos-novia-hotel-pax-guadalajara-15-1024x683.jpg 1024w, http:\/\/www.daniperezfotografia.es\/wordpress\/wp-content\/uploads\/2020\/05\/fotos-preparativos-novia-hotel-pax-guadalajara-15-768x512.jpg 768w\" sizes=\"auto, (max-width: 1100px) 100vw, 1100px\" \/><img loading=\"lazy\" decoding=\"async\" class=\"alignnone size-full wp-image-13535\" src=\"http:\/\/www.daniperezfotografia.es\/wordpress\/wp-content\/uploads\/2020\/05\/fotos-preparativos-novia-hotel-pax-guadalajara-17.jpg\" alt=\"fotos preparativos novia hotel pax guadalajara\" width=\"1100\" height=\"734\" srcset=\"http:\/\/www.daniperezfotografia.es\/wordpress\/wp-content\/uploads\/2020\/05\/fotos-preparativos-novia-hotel-pax-guadalajara-17.jpg 1100w, http:\/\/www.daniperezfotografia.es\/wordpress\/wp-content\/uploads\/2020\/05\/fotos-preparativos-novia-hotel-pax-guadalajara-17-750x500.jpg 750w, http:\/\/www.daniperezfotografia.es\/wordpress\/wp-content\/uploads\/2020\/05\/fotos-preparativos-novia-hotel-pax-guadalajara-17-1024x683.jpg 1024w, http:\/\/www.daniperezfotografia.es\/wordpress\/wp-content\/uploads\/2020\/05\/fotos-preparativos-novia-hotel-pax-guadalajara-17-768x512.jpg 768w\" sizes=\"auto, (max-width: 1100px) 100vw, 1100px\" \/><img loading=\"lazy\" decoding=\"async\" class=\"alignnone size-full wp-image-13536\" src=\"http:\/\/www.daniperezfotografia.es\/wordpress\/wp-content\/uploads\/2020\/05\/fotos-preparativos-novia-hotel-pax-guadalajara-18.jpg\" alt=\"fotos preparativos novia hotel pax guadalajara\" width=\"1100\" height=\"734\" srcset=\"http:\/\/www.daniperezfotografia.es\/wordpress\/wp-content\/uploads\/2020\/05\/fotos-preparativos-novia-hotel-pax-guadalajara-18.jpg 1100w, http:\/\/www.daniperezfotografia.es\/wordpress\/wp-content\/uploads\/2020\/05\/fotos-preparativos-novia-hotel-pax-guadalajara-18-750x500.jpg 750w, http:\/\/www.daniperezfotografia.es\/wordpress\/wp-content\/uploads\/2020\/05\/fotos-preparativos-novia-hotel-pax-guadalajara-18-1024x683.jpg 1024w, http:\/\/www.daniperezfotografia.es\/wordpress\/wp-content\/uploads\/2020\/05\/fotos-preparativos-novia-hotel-pax-guadalajara-18-768x512.jpg 768w\" sizes=\"auto, (max-width: 1100px) 100vw, 1100px\" \/><img loading=\"lazy\" decoding=\"async\" class=\"alignnone size-full wp-image-13537\" src=\"http:\/\/www.daniperezfotografia.es\/wordpress\/wp-content\/uploads\/2020\/05\/fotos-preparativos-novia-hotel-pax-guadalajara-20.jpg\" alt=\"fotos preparativos novia hotel pax guadalajara\" width=\"1100\" height=\"734\" srcset=\"http:\/\/www.daniperezfotografia.es\/wordpress\/wp-content\/uploads\/2020\/05\/fotos-preparativos-novia-hotel-pax-guadalajara-20.jpg 1100w, http:\/\/www.daniperezfotografia.es\/wordpress\/wp-content\/uploads\/2020\/05\/fotos-preparativos-novia-hotel-pax-guadalajara-20-750x500.jpg 750w, http:\/\/www.daniperezfotografia.es\/wordpress\/wp-content\/uploads\/2020\/05\/fotos-preparativos-novia-hotel-pax-guadalajara-20-1024x683.jpg 1024w, http:\/\/www.daniperezfotografia.es\/wordpress\/wp-content\/uploads\/2020\/05\/fotos-preparativos-novia-hotel-pax-guadalajara-20-768x512.jpg 768w\" sizes=\"auto, (max-width: 1100px) 100vw, 1100px\" \/><img loading=\"lazy\" decoding=\"async\" class=\"alignnone size-full wp-image-13538\" src=\"http:\/\/www.daniperezfotografia.es\/wordpress\/wp-content\/uploads\/2020\/05\/fotos-preparativos-novia-hotel-pax-guadalajara-22.jpg\" alt=\"fotos preparativos novia hotel pax guadalajara\" width=\"1100\" height=\"734\" srcset=\"http:\/\/www.daniperezfotografia.es\/wordpress\/wp-content\/uploads\/2020\/05\/fotos-preparativos-novia-hotel-pax-guadalajara-22.jpg 1100w, http:\/\/www.daniperezfotografia.es\/wordpress\/wp-content\/uploads\/2020\/05\/fotos-preparativos-novia-hotel-pax-guadalajara-22-750x500.jpg 750w, http:\/\/www.daniperezfotografia.es\/wordpress\/wp-content\/uploads\/2020\/05\/fotos-preparativos-novia-hotel-pax-guadalajara-22-1024x683.jpg 1024w, http:\/\/www.daniperezfotografia.es\/wordpress\/wp-content\/uploads\/2020\/05\/fotos-preparativos-novia-hotel-pax-guadalajara-22-768x512.jpg 768w\" sizes=\"auto, (max-width: 1100px) 100vw, 1100px\" \/><img loading=\"lazy\" decoding=\"async\" class=\"alignnone size-full wp-image-13539\" src=\"http:\/\/www.daniperezfotografia.es\/wordpress\/wp-content\/uploads\/2020\/05\/fotos-preparativos-novia-hotel-pax-guadalajara-24.jpg\" alt=\"fotos preparativos novia hotel pax guadalajara\" width=\"1100\" height=\"734\" srcset=\"http:\/\/www.daniperezfotografia.es\/wordpress\/wp-content\/uploads\/2020\/05\/fotos-preparativos-novia-hotel-pax-guadalajara-24.jpg 1100w, http:\/\/www.daniperezfotografia.es\/wordpress\/wp-content\/uploads\/2020\/05\/fotos-preparativos-novia-hotel-pax-guadalajara-24-750x500.jpg 750w, http:\/\/www.daniperezfotografia.es\/wordpress\/wp-content\/uploads\/2020\/05\/fotos-preparativos-novia-hotel-pax-guadalajara-24-1024x683.jpg 1024w, http:\/\/www.daniperezfotografia.es\/wordpress\/wp-content\/uploads\/2020\/05\/fotos-preparativos-novia-hotel-pax-guadalajara-24-768x512.jpg 768w\" sizes=\"auto, (max-width: 1100px) 100vw, 1100px\" \/><img loading=\"lazy\" decoding=\"async\" class=\"alignnone size-full wp-image-13540\" src=\"http:\/\/www.daniperezfotografia.es\/wordpress\/wp-content\/uploads\/2020\/05\/fotos-preparativos-novia-hotel-pax-guadalajara-25.jpg\" alt=\"fotos preparativos novia hotel pax guadalajara\" width=\"1100\" height=\"734\" srcset=\"http:\/\/www.daniperezfotografia.es\/wordpress\/wp-content\/uploads\/2020\/05\/fotos-preparativos-novia-hotel-pax-guadalajara-25.jpg 1100w, http:\/\/www.daniperezfotografia.es\/wordpress\/wp-content\/uploads\/2020\/05\/fotos-preparativos-novia-hotel-pax-guadalajara-25-750x500.jpg 750w, http:\/\/www.daniperezfotografia.es\/wordpress\/wp-content\/uploads\/2020\/05\/fotos-preparativos-novia-hotel-pax-guadalajara-25-1024x683.jpg 1024w, http:\/\/www.daniperezfotografia.es\/wordpress\/wp-content\/uploads\/2020\/05\/fotos-preparativos-novia-hotel-pax-guadalajara-25-768x512.jpg 768w\" sizes=\"auto, (max-width: 1100px) 100vw, 1100px\" \/><img loading=\"lazy\" decoding=\"async\" class=\"alignnone size-full wp-image-13541\" src=\"http:\/\/www.daniperezfotografia.es\/wordpress\/wp-content\/uploads\/2020\/05\/fotos-preparativos-novia-hotel-pax-guadalajara-26.jpg\" alt=\"fotos preparativos novia hotel pax guadalajara\" width=\"1100\" height=\"734\" srcset=\"http:\/\/www.daniperezfotografia.es\/wordpress\/wp-content\/uploads\/2020\/05\/fotos-preparativos-novia-hotel-pax-guadalajara-26.jpg 1100w, http:\/\/www.daniperezfotografia.es\/wordpress\/wp-content\/uploads\/2020\/05\/fotos-preparativos-novia-hotel-pax-guadalajara-26-750x500.jpg 750w, http:\/\/www.daniperezfotografia.es\/wordpress\/wp-content\/uploads\/2020\/05\/fotos-preparativos-novia-hotel-pax-guadalajara-26-1024x683.jpg 1024w, http:\/\/www.daniperezfotografia.es\/wordpress\/wp-content\/uploads\/2020\/05\/fotos-preparativos-novia-hotel-pax-guadalajara-26-768x512.jpg 768w\" sizes=\"auto, (max-width: 1100px) 100vw, 1100px\" \/><img loading=\"lazy\" decoding=\"async\" class=\"alignnone size-full wp-image-13543\" src=\"http:\/\/www.daniperezfotografia.es\/wordpress\/wp-content\/uploads\/2020\/05\/fotos-preparativos-novia-hotel-pax-guadalajara-28.jpg\" alt=\"foto sorpresa padre novia hotel pax guadalajara\" width=\"1100\" height=\"734\" srcset=\"http:\/\/www.daniperezfotografia.es\/wordpress\/wp-content\/uploads\/2020\/05\/fotos-preparativos-novia-hotel-pax-guadalajara-28.jpg 1100w, http:\/\/www.daniperezfotografia.es\/wordpress\/wp-content\/uploads\/2020\/05\/fotos-preparativos-novia-hotel-pax-guadalajara-28-750x500.jpg 750w, http:\/\/www.daniperezfotografia.es\/wordpress\/wp-content\/uploads\/2020\/05\/fotos-preparativos-novia-hotel-pax-guadalajara-28-1024x683.jpg 1024w, http:\/\/www.daniperezfotografia.es\/wordpress\/wp-content\/uploads\/2020\/05\/fotos-preparativos-novia-hotel-pax-guadalajara-28-768x512.jpg 768w\" sizes=\"auto, (max-width: 1100px) 100vw, 1100px\" \/><img loading=\"lazy\" decoding=\"async\" class=\"alignnone size-full wp-image-13544\" src=\"http:\/\/www.daniperezfotografia.es\/wordpress\/wp-content\/uploads\/2020\/05\/fotos-preparativos-novia-hotel-pax-guadalajara-29.jpg\" alt=\"foto sorpresa padre novia hotel pax guadalajara\" width=\"1100\" height=\"734\" srcset=\"http:\/\/www.daniperezfotografia.es\/wordpress\/wp-content\/uploads\/2020\/05\/fotos-preparativos-novia-hotel-pax-guadalajara-29.jpg 1100w, http:\/\/www.daniperezfotografia.es\/wordpress\/wp-content\/uploads\/2020\/05\/fotos-preparativos-novia-hotel-pax-guadalajara-29-750x500.jpg 750w, http:\/\/www.daniperezfotografia.es\/wordpress\/wp-content\/uploads\/2020\/05\/fotos-preparativos-novia-hotel-pax-guadalajara-29-1024x683.jpg 1024w, http:\/\/www.daniperezfotografia.es\/wordpress\/wp-content\/uploads\/2020\/05\/fotos-preparativos-novia-hotel-pax-guadalajara-29-768x512.jpg 768w\" sizes=\"auto, (max-width: 1100px) 100vw, 1100px\" \/><img loading=\"lazy\" decoding=\"async\" class=\"alignnone size-full wp-image-13545\" src=\"http:\/\/www.daniperezfotografia.es\/wordpress\/wp-content\/uploads\/2020\/05\/fotos-preparativos-novia-hotel-pax-guadalajara-30.jpg\" alt=\"fotos preparativos novia hotel pax guadalajara\" width=\"1100\" height=\"734\" srcset=\"http:\/\/www.daniperezfotografia.es\/wordpress\/wp-content\/uploads\/2020\/05\/fotos-preparativos-novia-hotel-pax-guadalajara-30.jpg 1100w, http:\/\/www.daniperezfotografia.es\/wordpress\/wp-content\/uploads\/2020\/05\/fotos-preparativos-novia-hotel-pax-guadalajara-30-750x500.jpg 750w, http:\/\/www.daniperezfotografia.es\/wordpress\/wp-content\/uploads\/2020\/05\/fotos-preparativos-novia-hotel-pax-guadalajara-30-1024x683.jpg 1024w, http:\/\/www.daniperezfotografia.es\/wordpress\/wp-content\/uploads\/2020\/05\/fotos-preparativos-novia-hotel-pax-guadalajara-30-768x512.jpg 768w\" sizes=\"auto, (max-width: 1100px) 100vw, 1100px\" \/><\/p>\n<h2>Ceremonia de boda en la Parroquia de Santa Maria Micaela de Guadalajara<\/h2>\n<p>Detr\u00e1s del <strong>Colegio de las Adoratrices de Guadalajara<\/strong>, se encuentra la <a href=\"https:\/\/parroquiammicaela.jimdofree.com\/\" target=\"_blank\" rel=\"noopener noreferrer\">Parroquia de Santa Maria Micaela<\/a>, donde Rocio y Diego se dar\u00e1n el s\u00ed quiero. Durante la ceremonia religiosa, se intercalaron <strong>momentos emocionantes<\/strong> y <strong>momentos divertidos<\/strong>, gracias a la naturalidad que siempre aportan los ni\u00f1os. A la salida, una gran ovaci\u00f3n y felicitaciones acompa\u00f1adas de confeti, nos pusieron a la <strong>finca de bodas en Guadalajara<\/strong> donde celebrar\u00edamos el convite de boda.<\/p>\n<p><img loading=\"lazy\" decoding=\"async\" class=\"alignnone size-full wp-image-13546\" src=\"http:\/\/www.daniperezfotografia.es\/wordpress\/wp-content\/uploads\/2020\/05\/fotos-boda-guadalajara-ceremonia-adoratrices-01.jpg\" alt=\"parroquia de santa maria micaela en guadalajara espa\u00f1a\" width=\"1100\" height=\"733\" srcset=\"http:\/\/www.daniperezfotografia.es\/wordpress\/wp-content\/uploads\/2020\/05\/fotos-boda-guadalajara-ceremonia-adoratrices-01.jpg 1100w, http:\/\/www.daniperezfotografia.es\/wordpress\/wp-content\/uploads\/2020\/05\/fotos-boda-guadalajara-ceremonia-adoratrices-01-750x500.jpg 750w, http:\/\/www.daniperezfotografia.es\/wordpress\/wp-content\/uploads\/2020\/05\/fotos-boda-guadalajara-ceremonia-adoratrices-01-1024x682.jpg 1024w, http:\/\/www.daniperezfotografia.es\/wordpress\/wp-content\/uploads\/2020\/05\/fotos-boda-guadalajara-ceremonia-adoratrices-01-768x512.jpg 768w\" sizes=\"auto, (max-width: 1100px) 100vw, 1100px\" \/><img loading=\"lazy\" decoding=\"async\" class=\"alignnone size-full wp-image-13547\" src=\"http:\/\/www.daniperezfotografia.es\/wordpress\/wp-content\/uploads\/2020\/05\/fotos-boda-guadalajara-ceremonia-adoratrices-02.jpg\" alt=\"fotos boda guadalajara parroquia santa maria micaela\" width=\"1100\" height=\"734\" srcset=\"http:\/\/www.daniperezfotografia.es\/wordpress\/wp-content\/uploads\/2020\/05\/fotos-boda-guadalajara-ceremonia-adoratrices-02.jpg 1100w, http:\/\/www.daniperezfotografia.es\/wordpress\/wp-content\/uploads\/2020\/05\/fotos-boda-guadalajara-ceremonia-adoratrices-02-750x500.jpg 750w, http:\/\/www.daniperezfotografia.es\/wordpress\/wp-content\/uploads\/2020\/05\/fotos-boda-guadalajara-ceremonia-adoratrices-02-1024x683.jpg 1024w, http:\/\/www.daniperezfotografia.es\/wordpress\/wp-content\/uploads\/2020\/05\/fotos-boda-guadalajara-ceremonia-adoratrices-02-768x512.jpg 768w\" sizes=\"auto, (max-width: 1100px) 100vw, 1100px\" \/><img loading=\"lazy\" decoding=\"async\" class=\"alignnone size-full wp-image-13548\" src=\"http:\/\/www.daniperezfotografia.es\/wordpress\/wp-content\/uploads\/2020\/05\/fotos-boda-guadalajara-ceremonia-adoratrices-03.jpg\" alt=\"fotos boda guadalajara parroquia santa maria micaela\" width=\"1100\" height=\"734\" srcset=\"http:\/\/www.daniperezfotografia.es\/wordpress\/wp-content\/uploads\/2020\/05\/fotos-boda-guadalajara-ceremonia-adoratrices-03.jpg 1100w, http:\/\/www.daniperezfotografia.es\/wordpress\/wp-content\/uploads\/2020\/05\/fotos-boda-guadalajara-ceremonia-adoratrices-03-750x500.jpg 750w, http:\/\/www.daniperezfotografia.es\/wordpress\/wp-content\/uploads\/2020\/05\/fotos-boda-guadalajara-ceremonia-adoratrices-03-1024x683.jpg 1024w, http:\/\/www.daniperezfotografia.es\/wordpress\/wp-content\/uploads\/2020\/05\/fotos-boda-guadalajara-ceremonia-adoratrices-03-768x512.jpg 768w\" sizes=\"auto, (max-width: 1100px) 100vw, 1100px\" \/><img loading=\"lazy\" decoding=\"async\" class=\"alignnone size-full wp-image-13549\" src=\"http:\/\/www.daniperezfotografia.es\/wordpress\/wp-content\/uploads\/2020\/05\/fotos-boda-guadalajara-ceremonia-adoratrices-04.jpg\" alt=\"fotos boda guadalajara parroquia santa maria micaela\" width=\"1100\" height=\"733\" srcset=\"http:\/\/www.daniperezfotografia.es\/wordpress\/wp-content\/uploads\/2020\/05\/fotos-boda-guadalajara-ceremonia-adoratrices-04.jpg 1100w, http:\/\/www.daniperezfotografia.es\/wordpress\/wp-content\/uploads\/2020\/05\/fotos-boda-guadalajara-ceremonia-adoratrices-04-750x500.jpg 750w, http:\/\/www.daniperezfotografia.es\/wordpress\/wp-content\/uploads\/2020\/05\/fotos-boda-guadalajara-ceremonia-adoratrices-04-1024x682.jpg 1024w, http:\/\/www.daniperezfotografia.es\/wordpress\/wp-content\/uploads\/2020\/05\/fotos-boda-guadalajara-ceremonia-adoratrices-04-768x512.jpg 768w\" sizes=\"auto, (max-width: 1100px) 100vw, 1100px\" \/><img loading=\"lazy\" decoding=\"async\" class=\"alignnone size-full wp-image-13550\" src=\"http:\/\/www.daniperezfotografia.es\/wordpress\/wp-content\/uploads\/2020\/05\/fotos-boda-guadalajara-ceremonia-adoratrices-06.jpg\" alt=\"fotos boda guadalajara parroquia santa maria micaela\" width=\"1100\" height=\"733\" srcset=\"http:\/\/www.daniperezfotografia.es\/wordpress\/wp-content\/uploads\/2020\/05\/fotos-boda-guadalajara-ceremonia-adoratrices-06.jpg 1100w, http:\/\/www.daniperezfotografia.es\/wordpress\/wp-content\/uploads\/2020\/05\/fotos-boda-guadalajara-ceremonia-adoratrices-06-750x500.jpg 750w, http:\/\/www.daniperezfotografia.es\/wordpress\/wp-content\/uploads\/2020\/05\/fotos-boda-guadalajara-ceremonia-adoratrices-06-1024x682.jpg 1024w, http:\/\/www.daniperezfotografia.es\/wordpress\/wp-content\/uploads\/2020\/05\/fotos-boda-guadalajara-ceremonia-adoratrices-06-768x512.jpg 768w\" sizes=\"auto, (max-width: 1100px) 100vw, 1100px\" \/><img loading=\"lazy\" decoding=\"async\" class=\"alignnone size-full wp-image-13551\" src=\"http:\/\/www.daniperezfotografia.es\/wordpress\/wp-content\/uploads\/2020\/05\/fotos-boda-guadalajara-ceremonia-adoratrices-07.jpg\" alt=\"fotos boda guadalajara parroquia santa maria micaela\" width=\"1100\" height=\"734\" srcset=\"http:\/\/www.daniperezfotografia.es\/wordpress\/wp-content\/uploads\/2020\/05\/fotos-boda-guadalajara-ceremonia-adoratrices-07.jpg 1100w, http:\/\/www.daniperezfotografia.es\/wordpress\/wp-content\/uploads\/2020\/05\/fotos-boda-guadalajara-ceremonia-adoratrices-07-750x500.jpg 750w, http:\/\/www.daniperezfotografia.es\/wordpress\/wp-content\/uploads\/2020\/05\/fotos-boda-guadalajara-ceremonia-adoratrices-07-1024x683.jpg 1024w, http:\/\/www.daniperezfotografia.es\/wordpress\/wp-content\/uploads\/2020\/05\/fotos-boda-guadalajara-ceremonia-adoratrices-07-768x512.jpg 768w\" sizes=\"auto, (max-width: 1100px) 100vw, 1100px\" \/><img loading=\"lazy\" decoding=\"async\" class=\"alignnone size-full wp-image-13552\" src=\"http:\/\/www.daniperezfotografia.es\/wordpress\/wp-content\/uploads\/2020\/05\/fotos-boda-guadalajara-ceremonia-adoratrices-08.jpg\" alt=\"fotos boda guadalajara parroquia santa maria micaela\" width=\"1100\" height=\"734\" srcset=\"http:\/\/www.daniperezfotografia.es\/wordpress\/wp-content\/uploads\/2020\/05\/fotos-boda-guadalajara-ceremonia-adoratrices-08.jpg 1100w, http:\/\/www.daniperezfotografia.es\/wordpress\/wp-content\/uploads\/2020\/05\/fotos-boda-guadalajara-ceremonia-adoratrices-08-750x500.jpg 750w, http:\/\/www.daniperezfotografia.es\/wordpress\/wp-content\/uploads\/2020\/05\/fotos-boda-guadalajara-ceremonia-adoratrices-08-1024x683.jpg 1024w, http:\/\/www.daniperezfotografia.es\/wordpress\/wp-content\/uploads\/2020\/05\/fotos-boda-guadalajara-ceremonia-adoratrices-08-768x512.jpg 768w\" sizes=\"auto, (max-width: 1100px) 100vw, 1100px\" \/><img loading=\"lazy\" decoding=\"async\" class=\"alignnone size-full wp-image-13553\" src=\"http:\/\/www.daniperezfotografia.es\/wordpress\/wp-content\/uploads\/2020\/05\/fotos-boda-guadalajara-ceremonia-adoratrices-09.jpg\" alt=\"fotos boda guadalajara parroquia santa maria micaela\" width=\"1100\" height=\"733\" srcset=\"http:\/\/www.daniperezfotografia.es\/wordpress\/wp-content\/uploads\/2020\/05\/fotos-boda-guadalajara-ceremonia-adoratrices-09.jpg 1100w, http:\/\/www.daniperezfotografia.es\/wordpress\/wp-content\/uploads\/2020\/05\/fotos-boda-guadalajara-ceremonia-adoratrices-09-750x500.jpg 750w, http:\/\/www.daniperezfotografia.es\/wordpress\/wp-content\/uploads\/2020\/05\/fotos-boda-guadalajara-ceremonia-adoratrices-09-1024x682.jpg 1024w, http:\/\/www.daniperezfotografia.es\/wordpress\/wp-content\/uploads\/2020\/05\/fotos-boda-guadalajara-ceremonia-adoratrices-09-768x512.jpg 768w\" sizes=\"auto, (max-width: 1100px) 100vw, 1100px\" \/><img loading=\"lazy\" decoding=\"async\" class=\"alignnone size-full wp-image-13554\" src=\"http:\/\/www.daniperezfotografia.es\/wordpress\/wp-content\/uploads\/2020\/05\/fotos-boda-guadalajara-ceremonia-adoratrices-11.jpg\" alt=\"foto boda guadalajara parroquia santa maria micaela\" width=\"1100\" height=\"734\" srcset=\"http:\/\/www.daniperezfotografia.es\/wordpress\/wp-content\/uploads\/2020\/05\/fotos-boda-guadalajara-ceremonia-adoratrices-11.jpg 1100w, http:\/\/www.daniperezfotografia.es\/wordpress\/wp-content\/uploads\/2020\/05\/fotos-boda-guadalajara-ceremonia-adoratrices-11-750x500.jpg 750w, http:\/\/www.daniperezfotografia.es\/wordpress\/wp-content\/uploads\/2020\/05\/fotos-boda-guadalajara-ceremonia-adoratrices-11-1024x683.jpg 1024w, http:\/\/www.daniperezfotografia.es\/wordpress\/wp-content\/uploads\/2020\/05\/fotos-boda-guadalajara-ceremonia-adoratrices-11-768x512.jpg 768w\" sizes=\"auto, (max-width: 1100px) 100vw, 1100px\" \/><img loading=\"lazy\" decoding=\"async\" class=\"alignnone size-full wp-image-13555\" src=\"http:\/\/www.daniperezfotografia.es\/wordpress\/wp-content\/uploads\/2020\/05\/fotos-boda-guadalajara-ceremonia-adoratrices-12.jpg\" alt=\"foto boda guadalajara parroquia santa maria micaela\" width=\"1100\" height=\"734\" srcset=\"http:\/\/www.daniperezfotografia.es\/wordpress\/wp-content\/uploads\/2020\/05\/fotos-boda-guadalajara-ceremonia-adoratrices-12.jpg 1100w, http:\/\/www.daniperezfotografia.es\/wordpress\/wp-content\/uploads\/2020\/05\/fotos-boda-guadalajara-ceremonia-adoratrices-12-750x500.jpg 750w, http:\/\/www.daniperezfotografia.es\/wordpress\/wp-content\/uploads\/2020\/05\/fotos-boda-guadalajara-ceremonia-adoratrices-12-1024x683.jpg 1024w, http:\/\/www.daniperezfotografia.es\/wordpress\/wp-content\/uploads\/2020\/05\/fotos-boda-guadalajara-ceremonia-adoratrices-12-768x512.jpg 768w\" sizes=\"auto, (max-width: 1100px) 100vw, 1100px\" \/><img loading=\"lazy\" decoding=\"async\" class=\"alignnone size-full wp-image-13556\" src=\"http:\/\/www.daniperezfotografia.es\/wordpress\/wp-content\/uploads\/2020\/05\/fotos-boda-guadalajara-ceremonia-adoratrices-13.jpg\" alt=\"foto boda guadalajara parroquia santa maria micaela\" width=\"1100\" height=\"734\" srcset=\"http:\/\/www.daniperezfotografia.es\/wordpress\/wp-content\/uploads\/2020\/05\/fotos-boda-guadalajara-ceremonia-adoratrices-13.jpg 1100w, http:\/\/www.daniperezfotografia.es\/wordpress\/wp-content\/uploads\/2020\/05\/fotos-boda-guadalajara-ceremonia-adoratrices-13-750x500.jpg 750w, http:\/\/www.daniperezfotografia.es\/wordpress\/wp-content\/uploads\/2020\/05\/fotos-boda-guadalajara-ceremonia-adoratrices-13-1024x683.jpg 1024w, http:\/\/www.daniperezfotografia.es\/wordpress\/wp-content\/uploads\/2020\/05\/fotos-boda-guadalajara-ceremonia-adoratrices-13-768x512.jpg 768w\" sizes=\"auto, (max-width: 1100px) 100vw, 1100px\" \/><img loading=\"lazy\" decoding=\"async\" class=\"alignnone size-full wp-image-13557\" src=\"http:\/\/www.daniperezfotografia.es\/wordpress\/wp-content\/uploads\/2020\/05\/fotos-boda-guadalajara-ceremonia-adoratrices-14.jpg\" alt=\"foto boda guadalajara parroquia santa maria micaela\" width=\"1100\" height=\"733\" srcset=\"http:\/\/www.daniperezfotografia.es\/wordpress\/wp-content\/uploads\/2020\/05\/fotos-boda-guadalajara-ceremonia-adoratrices-14.jpg 1100w, http:\/\/www.daniperezfotografia.es\/wordpress\/wp-content\/uploads\/2020\/05\/fotos-boda-guadalajara-ceremonia-adoratrices-14-750x500.jpg 750w, http:\/\/www.daniperezfotografia.es\/wordpress\/wp-content\/uploads\/2020\/05\/fotos-boda-guadalajara-ceremonia-adoratrices-14-1024x682.jpg 1024w, http:\/\/www.daniperezfotografia.es\/wordpress\/wp-content\/uploads\/2020\/05\/fotos-boda-guadalajara-ceremonia-adoratrices-14-768x512.jpg 768w\" sizes=\"auto, (max-width: 1100px) 100vw, 1100px\" \/><img loading=\"lazy\" decoding=\"async\" class=\"alignnone size-full wp-image-13558\" src=\"http:\/\/www.daniperezfotografia.es\/wordpress\/wp-content\/uploads\/2020\/05\/fotos-boda-guadalajara-ceremonia-adoratrices-15.jpg\" alt=\"foto boda guadalajara parroquia santa maria micaela\" width=\"1100\" height=\"734\" srcset=\"http:\/\/www.daniperezfotografia.es\/wordpress\/wp-content\/uploads\/2020\/05\/fotos-boda-guadalajara-ceremonia-adoratrices-15.jpg 1100w, http:\/\/www.daniperezfotografia.es\/wordpress\/wp-content\/uploads\/2020\/05\/fotos-boda-guadalajara-ceremonia-adoratrices-15-750x500.jpg 750w, http:\/\/www.daniperezfotografia.es\/wordpress\/wp-content\/uploads\/2020\/05\/fotos-boda-guadalajara-ceremonia-adoratrices-15-1024x683.jpg 1024w, http:\/\/www.daniperezfotografia.es\/wordpress\/wp-content\/uploads\/2020\/05\/fotos-boda-guadalajara-ceremonia-adoratrices-15-768x512.jpg 768w\" sizes=\"auto, (max-width: 1100px) 100vw, 1100px\" \/><img loading=\"lazy\" decoding=\"async\" class=\"alignnone size-full wp-image-13559\" src=\"http:\/\/www.daniperezfotografia.es\/wordpress\/wp-content\/uploads\/2020\/05\/fotos-boda-guadalajara-ceremonia-adoratrices-16.jpg\" alt=\"foto boda guadalajara parroquia santa maria micaela\" width=\"1100\" height=\"734\" srcset=\"http:\/\/www.daniperezfotografia.es\/wordpress\/wp-content\/uploads\/2020\/05\/fotos-boda-guadalajara-ceremonia-adoratrices-16.jpg 1100w, http:\/\/www.daniperezfotografia.es\/wordpress\/wp-content\/uploads\/2020\/05\/fotos-boda-guadalajara-ceremonia-adoratrices-16-750x500.jpg 750w, http:\/\/www.daniperezfotografia.es\/wordpress\/wp-content\/uploads\/2020\/05\/fotos-boda-guadalajara-ceremonia-adoratrices-16-1024x683.jpg 1024w, http:\/\/www.daniperezfotografia.es\/wordpress\/wp-content\/uploads\/2020\/05\/fotos-boda-guadalajara-ceremonia-adoratrices-16-768x512.jpg 768w\" sizes=\"auto, (max-width: 1100px) 100vw, 1100px\" \/><img loading=\"lazy\" decoding=\"async\" class=\"alignnone size-full wp-image-13560\" src=\"http:\/\/www.daniperezfotografia.es\/wordpress\/wp-content\/uploads\/2020\/05\/fotos-boda-guadalajara-ceremonia-adoratrices-17.jpg\" alt=\"foto boda guadalajara parroquia santa maria micaela\" width=\"1100\" height=\"733\" srcset=\"http:\/\/www.daniperezfotografia.es\/wordpress\/wp-content\/uploads\/2020\/05\/fotos-boda-guadalajara-ceremonia-adoratrices-17.jpg 1100w, http:\/\/www.daniperezfotografia.es\/wordpress\/wp-content\/uploads\/2020\/05\/fotos-boda-guadalajara-ceremonia-adoratrices-17-750x500.jpg 750w, http:\/\/www.daniperezfotografia.es\/wordpress\/wp-content\/uploads\/2020\/05\/fotos-boda-guadalajara-ceremonia-adoratrices-17-1024x682.jpg 1024w, http:\/\/www.daniperezfotografia.es\/wordpress\/wp-content\/uploads\/2020\/05\/fotos-boda-guadalajara-ceremonia-adoratrices-17-768x512.jpg 768w\" sizes=\"auto, (max-width: 1100px) 100vw, 1100px\" \/><img loading=\"lazy\" decoding=\"async\" class=\"alignnone size-full wp-image-13561\" src=\"http:\/\/www.daniperezfotografia.es\/wordpress\/wp-content\/uploads\/2020\/05\/fotos-boda-guadalajara-ceremonia-adoratrices-18.jpg\" alt=\"foto boda guadalajara parroquia santa maria micaela\" width=\"1100\" height=\"734\" srcset=\"http:\/\/www.daniperezfotografia.es\/wordpress\/wp-content\/uploads\/2020\/05\/fotos-boda-guadalajara-ceremonia-adoratrices-18.jpg 1100w, http:\/\/www.daniperezfotografia.es\/wordpress\/wp-content\/uploads\/2020\/05\/fotos-boda-guadalajara-ceremonia-adoratrices-18-750x500.jpg 750w, http:\/\/www.daniperezfotografia.es\/wordpress\/wp-content\/uploads\/2020\/05\/fotos-boda-guadalajara-ceremonia-adoratrices-18-1024x683.jpg 1024w, http:\/\/www.daniperezfotografia.es\/wordpress\/wp-content\/uploads\/2020\/05\/fotos-boda-guadalajara-ceremonia-adoratrices-18-768x512.jpg 768w\" sizes=\"auto, (max-width: 1100px) 100vw, 1100px\" \/><img loading=\"lazy\" decoding=\"async\" class=\"alignnone size-full wp-image-13562\" src=\"http:\/\/www.daniperezfotografia.es\/wordpress\/wp-content\/uploads\/2020\/05\/fotos-boda-guadalajara-ceremonia-adoratrices-20.jpg\" alt=\"foto boda guadalajara parroquia santa maria micaela\" width=\"1100\" height=\"734\" srcset=\"http:\/\/www.daniperezfotografia.es\/wordpress\/wp-content\/uploads\/2020\/05\/fotos-boda-guadalajara-ceremonia-adoratrices-20.jpg 1100w, http:\/\/www.daniperezfotografia.es\/wordpress\/wp-content\/uploads\/2020\/05\/fotos-boda-guadalajara-ceremonia-adoratrices-20-750x500.jpg 750w, http:\/\/www.daniperezfotografia.es\/wordpress\/wp-content\/uploads\/2020\/05\/fotos-boda-guadalajara-ceremonia-adoratrices-20-1024x683.jpg 1024w, http:\/\/www.daniperezfotografia.es\/wordpress\/wp-content\/uploads\/2020\/05\/fotos-boda-guadalajara-ceremonia-adoratrices-20-768x512.jpg 768w\" sizes=\"auto, (max-width: 1100px) 100vw, 1100px\" \/><img loading=\"lazy\" decoding=\"async\" class=\"alignnone size-full wp-image-13563\" src=\"http:\/\/www.daniperezfotografia.es\/wordpress\/wp-content\/uploads\/2020\/05\/fotos-boda-guadalajara-ceremonia-adoratrices-21.jpg\" alt=\"foto boda guadalajara parroquia santa maria micaela\" width=\"1100\" height=\"734\" srcset=\"http:\/\/www.daniperezfotografia.es\/wordpress\/wp-content\/uploads\/2020\/05\/fotos-boda-guadalajara-ceremonia-adoratrices-21.jpg 1100w, http:\/\/www.daniperezfotografia.es\/wordpress\/wp-content\/uploads\/2020\/05\/fotos-boda-guadalajara-ceremonia-adoratrices-21-750x500.jpg 750w, http:\/\/www.daniperezfotografia.es\/wordpress\/wp-content\/uploads\/2020\/05\/fotos-boda-guadalajara-ceremonia-adoratrices-21-1024x683.jpg 1024w, http:\/\/www.daniperezfotografia.es\/wordpress\/wp-content\/uploads\/2020\/05\/fotos-boda-guadalajara-ceremonia-adoratrices-21-768x512.jpg 768w\" sizes=\"auto, (max-width: 1100px) 100vw, 1100px\" \/><img loading=\"lazy\" decoding=\"async\" class=\"alignnone size-full wp-image-13564\" src=\"http:\/\/www.daniperezfotografia.es\/wordpress\/wp-content\/uploads\/2020\/05\/fotos-boda-guadalajara-ceremonia-adoratrices-22.jpg\" alt=\"foto boda guadalajara parroquia santa maria micaela\" width=\"1100\" height=\"733\" srcset=\"http:\/\/www.daniperezfotografia.es\/wordpress\/wp-content\/uploads\/2020\/05\/fotos-boda-guadalajara-ceremonia-adoratrices-22.jpg 1100w, http:\/\/www.daniperezfotografia.es\/wordpress\/wp-content\/uploads\/2020\/05\/fotos-boda-guadalajara-ceremonia-adoratrices-22-750x500.jpg 750w, http:\/\/www.daniperezfotografia.es\/wordpress\/wp-content\/uploads\/2020\/05\/fotos-boda-guadalajara-ceremonia-adoratrices-22-1024x682.jpg 1024w, http:\/\/www.daniperezfotografia.es\/wordpress\/wp-content\/uploads\/2020\/05\/fotos-boda-guadalajara-ceremonia-adoratrices-22-768x512.jpg 768w\" sizes=\"auto, (max-width: 1100px) 100vw, 1100px\" \/><img loading=\"lazy\" decoding=\"async\" class=\"alignnone size-full wp-image-13565\" src=\"http:\/\/www.daniperezfotografia.es\/wordpress\/wp-content\/uploads\/2020\/05\/fotos-boda-guadalajara-ceremonia-adoratrices-24.jpg\" alt=\"foto boda guadalajara parroquia santa maria micaela\" width=\"1100\" height=\"734\" srcset=\"http:\/\/www.daniperezfotografia.es\/wordpress\/wp-content\/uploads\/2020\/05\/fotos-boda-guadalajara-ceremonia-adoratrices-24.jpg 1100w, http:\/\/www.daniperezfotografia.es\/wordpress\/wp-content\/uploads\/2020\/05\/fotos-boda-guadalajara-ceremonia-adoratrices-24-750x500.jpg 750w, http:\/\/www.daniperezfotografia.es\/wordpress\/wp-content\/uploads\/2020\/05\/fotos-boda-guadalajara-ceremonia-adoratrices-24-1024x683.jpg 1024w, http:\/\/www.daniperezfotografia.es\/wordpress\/wp-content\/uploads\/2020\/05\/fotos-boda-guadalajara-ceremonia-adoratrices-24-768x512.jpg 768w\" sizes=\"auto, (max-width: 1100px) 100vw, 1100px\" \/><img loading=\"lazy\" decoding=\"async\" class=\"alignnone size-full wp-image-13566\" src=\"http:\/\/www.daniperezfotografia.es\/wordpress\/wp-content\/uploads\/2020\/05\/fotos-boda-guadalajara-ceremonia-adoratrices-25.jpg\" alt=\"foto boda guadalajara parroquia santa maria micaela\" width=\"1100\" height=\"734\" srcset=\"http:\/\/www.daniperezfotografia.es\/wordpress\/wp-content\/uploads\/2020\/05\/fotos-boda-guadalajara-ceremonia-adoratrices-25.jpg 1100w, http:\/\/www.daniperezfotografia.es\/wordpress\/wp-content\/uploads\/2020\/05\/fotos-boda-guadalajara-ceremonia-adoratrices-25-750x500.jpg 750w, http:\/\/www.daniperezfotografia.es\/wordpress\/wp-content\/uploads\/2020\/05\/fotos-boda-guadalajara-ceremonia-adoratrices-25-1024x683.jpg 1024w, http:\/\/www.daniperezfotografia.es\/wordpress\/wp-content\/uploads\/2020\/05\/fotos-boda-guadalajara-ceremonia-adoratrices-25-768x512.jpg 768w\" sizes=\"auto, (max-width: 1100px) 100vw, 1100px\" \/><img loading=\"lazy\" decoding=\"async\" class=\"alignnone size-full wp-image-13567\" src=\"http:\/\/www.daniperezfotografia.es\/wordpress\/wp-content\/uploads\/2020\/05\/fotos-boda-guadalajara-ceremonia-adoratrices-26.jpg\" alt=\"foto boda guadalajara parroquia santa maria micaela\" width=\"1100\" height=\"734\" srcset=\"http:\/\/www.daniperezfotografia.es\/wordpress\/wp-content\/uploads\/2020\/05\/fotos-boda-guadalajara-ceremonia-adoratrices-26.jpg 1100w, http:\/\/www.daniperezfotografia.es\/wordpress\/wp-content\/uploads\/2020\/05\/fotos-boda-guadalajara-ceremonia-adoratrices-26-750x500.jpg 750w, http:\/\/www.daniperezfotografia.es\/wordpress\/wp-content\/uploads\/2020\/05\/fotos-boda-guadalajara-ceremonia-adoratrices-26-1024x683.jpg 1024w, http:\/\/www.daniperezfotografia.es\/wordpress\/wp-content\/uploads\/2020\/05\/fotos-boda-guadalajara-ceremonia-adoratrices-26-768x512.jpg 768w\" sizes=\"auto, (max-width: 1100px) 100vw, 1100px\" \/><img loading=\"lazy\" decoding=\"async\" class=\"alignnone size-full wp-image-13568\" src=\"http:\/\/www.daniperezfotografia.es\/wordpress\/wp-content\/uploads\/2020\/05\/fotos-boda-guadalajara-ceremonia-adoratrices-27.jpg\" alt=\"foto boda guadalajara parroquia santa maria micaela\" width=\"1100\" height=\"734\" srcset=\"http:\/\/www.daniperezfotografia.es\/wordpress\/wp-content\/uploads\/2020\/05\/fotos-boda-guadalajara-ceremonia-adoratrices-27.jpg 1100w, http:\/\/www.daniperezfotografia.es\/wordpress\/wp-content\/uploads\/2020\/05\/fotos-boda-guadalajara-ceremonia-adoratrices-27-750x500.jpg 750w, http:\/\/www.daniperezfotografia.es\/wordpress\/wp-content\/uploads\/2020\/05\/fotos-boda-guadalajara-ceremonia-adoratrices-27-1024x683.jpg 1024w, http:\/\/www.daniperezfotografia.es\/wordpress\/wp-content\/uploads\/2020\/05\/fotos-boda-guadalajara-ceremonia-adoratrices-27-768x512.jpg 768w\" sizes=\"auto, (max-width: 1100px) 100vw, 1100px\" \/><img loading=\"lazy\" decoding=\"async\" class=\"alignnone size-full wp-image-13569\" src=\"http:\/\/www.daniperezfotografia.es\/wordpress\/wp-content\/uploads\/2020\/05\/fotos-boda-guadalajara-ceremonia-adoratrices-28.jpg\" alt=\"foto boda guadalajara parroquia santa maria micaela\" width=\"1100\" height=\"734\" srcset=\"http:\/\/www.daniperezfotografia.es\/wordpress\/wp-content\/uploads\/2020\/05\/fotos-boda-guadalajara-ceremonia-adoratrices-28.jpg 1100w, http:\/\/www.daniperezfotografia.es\/wordpress\/wp-content\/uploads\/2020\/05\/fotos-boda-guadalajara-ceremonia-adoratrices-28-750x500.jpg 750w, http:\/\/www.daniperezfotografia.es\/wordpress\/wp-content\/uploads\/2020\/05\/fotos-boda-guadalajara-ceremonia-adoratrices-28-1024x683.jpg 1024w, http:\/\/www.daniperezfotografia.es\/wordpress\/wp-content\/uploads\/2020\/05\/fotos-boda-guadalajara-ceremonia-adoratrices-28-768x512.jpg 768w\" sizes=\"auto, (max-width: 1100px) 100vw, 1100px\" \/><img loading=\"lazy\" decoding=\"async\" class=\"alignnone size-full wp-image-13570\" src=\"http:\/\/www.daniperezfotografia.es\/wordpress\/wp-content\/uploads\/2020\/05\/fotos-boda-guadalajara-ceremonia-adoratrices-30.jpg\" alt=\"foto boda guadalajara parroquia santa maria micaela\" width=\"1100\" height=\"734\" srcset=\"http:\/\/www.daniperezfotografia.es\/wordpress\/wp-content\/uploads\/2020\/05\/fotos-boda-guadalajara-ceremonia-adoratrices-30.jpg 1100w, http:\/\/www.daniperezfotografia.es\/wordpress\/wp-content\/uploads\/2020\/05\/fotos-boda-guadalajara-ceremonia-adoratrices-30-750x500.jpg 750w, http:\/\/www.daniperezfotografia.es\/wordpress\/wp-content\/uploads\/2020\/05\/fotos-boda-guadalajara-ceremonia-adoratrices-30-1024x683.jpg 1024w, http:\/\/www.daniperezfotografia.es\/wordpress\/wp-content\/uploads\/2020\/05\/fotos-boda-guadalajara-ceremonia-adoratrices-30-768x512.jpg 768w\" sizes=\"auto, (max-width: 1100px) 100vw, 1100px\" \/><img loading=\"lazy\" decoding=\"async\" class=\"alignnone size-full wp-image-13571\" src=\"http:\/\/www.daniperezfotografia.es\/wordpress\/wp-content\/uploads\/2020\/05\/fotos-boda-guadalajara-ceremonia-adoratrices-31.jpg\" alt=\"foto boda guadalajara parroquia santa maria micaela\" width=\"1100\" height=\"734\" srcset=\"http:\/\/www.daniperezfotografia.es\/wordpress\/wp-content\/uploads\/2020\/05\/fotos-boda-guadalajara-ceremonia-adoratrices-31.jpg 1100w, http:\/\/www.daniperezfotografia.es\/wordpress\/wp-content\/uploads\/2020\/05\/fotos-boda-guadalajara-ceremonia-adoratrices-31-750x500.jpg 750w, http:\/\/www.daniperezfotografia.es\/wordpress\/wp-content\/uploads\/2020\/05\/fotos-boda-guadalajara-ceremonia-adoratrices-31-1024x683.jpg 1024w, http:\/\/www.daniperezfotografia.es\/wordpress\/wp-content\/uploads\/2020\/05\/fotos-boda-guadalajara-ceremonia-adoratrices-31-768x512.jpg 768w\" sizes=\"auto, (max-width: 1100px) 100vw, 1100px\" \/><\/p>\n<h2>Sesion de fotos de novios en la Finca la Matilla<\/h2>\n<p>Nada hay tan bonito, como una <strong>atardecer en primavera<\/strong>. Si ademas, coincide con el momento de hacer la sesi\u00f3n de <strong>fotos de novios<\/strong>, ya tienes todos los ingredientes para hacer un reportaje de boda espectacular. La luz al atardecer, el <strong>entorno natural<\/strong>, los grandes arboles de la finca y nuestra <strong>divertida y romantica pareja,<\/strong> que disfrutaron de unos momentos de intimidad para <strong>disfrutar el uno del otro<\/strong>.<\/p>\n<p><img loading=\"lazy\" decoding=\"async\" class=\"alignnone size-full wp-image-13572\" src=\"http:\/\/www.daniperezfotografia.es\/wordpress\/wp-content\/uploads\/2020\/05\/fotos-de-novios-finca-bodas-guadalajara-la-matilla-01.jpg\" alt=\"fotos novios finca bodas guadalajara la matilla\" width=\"1100\" height=\"734\" srcset=\"http:\/\/www.daniperezfotografia.es\/wordpress\/wp-content\/uploads\/2020\/05\/fotos-de-novios-finca-bodas-guadalajara-la-matilla-01.jpg 1100w, http:\/\/www.daniperezfotografia.es\/wordpress\/wp-content\/uploads\/2020\/05\/fotos-de-novios-finca-bodas-guadalajara-la-matilla-01-750x500.jpg 750w, http:\/\/www.daniperezfotografia.es\/wordpress\/wp-content\/uploads\/2020\/05\/fotos-de-novios-finca-bodas-guadalajara-la-matilla-01-1024x683.jpg 1024w, http:\/\/www.daniperezfotografia.es\/wordpress\/wp-content\/uploads\/2020\/05\/fotos-de-novios-finca-bodas-guadalajara-la-matilla-01-768x512.jpg 768w\" sizes=\"auto, (max-width: 1100px) 100vw, 1100px\" \/><img loading=\"lazy\" decoding=\"async\" class=\"alignnone size-full wp-image-13573\" src=\"http:\/\/www.daniperezfotografia.es\/wordpress\/wp-content\/uploads\/2020\/05\/fotos-de-novios-finca-bodas-guadalajara-la-matilla-02.jpg\" alt=\"fotos novios finca bodas guadalajara la matilla\" width=\"1100\" height=\"734\" srcset=\"http:\/\/www.daniperezfotografia.es\/wordpress\/wp-content\/uploads\/2020\/05\/fotos-de-novios-finca-bodas-guadalajara-la-matilla-02.jpg 1100w, http:\/\/www.daniperezfotografia.es\/wordpress\/wp-content\/uploads\/2020\/05\/fotos-de-novios-finca-bodas-guadalajara-la-matilla-02-750x500.jpg 750w, http:\/\/www.daniperezfotografia.es\/wordpress\/wp-content\/uploads\/2020\/05\/fotos-de-novios-finca-bodas-guadalajara-la-matilla-02-1024x683.jpg 1024w, http:\/\/www.daniperezfotografia.es\/wordpress\/wp-content\/uploads\/2020\/05\/fotos-de-novios-finca-bodas-guadalajara-la-matilla-02-768x512.jpg 768w\" sizes=\"auto, (max-width: 1100px) 100vw, 1100px\" \/><img loading=\"lazy\" decoding=\"async\" class=\"alignnone size-full wp-image-13574\" src=\"http:\/\/www.daniperezfotografia.es\/wordpress\/wp-content\/uploads\/2020\/05\/fotos-de-novios-finca-bodas-guadalajara-la-matilla-03.jpg\" alt=\"fotos novios finca bodas guadalajara la matilla\" width=\"1100\" height=\"734\" srcset=\"http:\/\/www.daniperezfotografia.es\/wordpress\/wp-content\/uploads\/2020\/05\/fotos-de-novios-finca-bodas-guadalajara-la-matilla-03.jpg 1100w, http:\/\/www.daniperezfotografia.es\/wordpress\/wp-content\/uploads\/2020\/05\/fotos-de-novios-finca-bodas-guadalajara-la-matilla-03-750x500.jpg 750w, http:\/\/www.daniperezfotografia.es\/wordpress\/wp-content\/uploads\/2020\/05\/fotos-de-novios-finca-bodas-guadalajara-la-matilla-03-1024x683.jpg 1024w, http:\/\/www.daniperezfotografia.es\/wordpress\/wp-content\/uploads\/2020\/05\/fotos-de-novios-finca-bodas-guadalajara-la-matilla-03-768x512.jpg 768w\" sizes=\"auto, (max-width: 1100px) 100vw, 1100px\" \/><img loading=\"lazy\" decoding=\"async\" class=\"alignnone size-full wp-image-13575\" src=\"http:\/\/www.daniperezfotografia.es\/wordpress\/wp-content\/uploads\/2020\/05\/fotos-de-novios-finca-bodas-guadalajara-la-matilla-05.jpg\" alt=\"fotos novios finca bodas guadalajara la matilla\" width=\"1100\" height=\"734\" srcset=\"http:\/\/www.daniperezfotografia.es\/wordpress\/wp-content\/uploads\/2020\/05\/fotos-de-novios-finca-bodas-guadalajara-la-matilla-05.jpg 1100w, http:\/\/www.daniperezfotografia.es\/wordpress\/wp-content\/uploads\/2020\/05\/fotos-de-novios-finca-bodas-guadalajara-la-matilla-05-750x500.jpg 750w, http:\/\/www.daniperezfotografia.es\/wordpress\/wp-content\/uploads\/2020\/05\/fotos-de-novios-finca-bodas-guadalajara-la-matilla-05-1024x683.jpg 1024w, http:\/\/www.daniperezfotografia.es\/wordpress\/wp-content\/uploads\/2020\/05\/fotos-de-novios-finca-bodas-guadalajara-la-matilla-05-768x512.jpg 768w\" sizes=\"auto, (max-width: 1100px) 100vw, 1100px\" \/><img loading=\"lazy\" decoding=\"async\" class=\"alignnone size-full wp-image-13576\" src=\"http:\/\/www.daniperezfotografia.es\/wordpress\/wp-content\/uploads\/2020\/05\/fotos-de-novios-finca-bodas-guadalajara-la-matilla-06.jpg\" alt=\"fotos novios finca bodas guadalajara la matilla\" width=\"1100\" height=\"734\" srcset=\"http:\/\/www.daniperezfotografia.es\/wordpress\/wp-content\/uploads\/2020\/05\/fotos-de-novios-finca-bodas-guadalajara-la-matilla-06.jpg 1100w, http:\/\/www.daniperezfotografia.es\/wordpress\/wp-content\/uploads\/2020\/05\/fotos-de-novios-finca-bodas-guadalajara-la-matilla-06-750x500.jpg 750w, http:\/\/www.daniperezfotografia.es\/wordpress\/wp-content\/uploads\/2020\/05\/fotos-de-novios-finca-bodas-guadalajara-la-matilla-06-1024x683.jpg 1024w, http:\/\/www.daniperezfotografia.es\/wordpress\/wp-content\/uploads\/2020\/05\/fotos-de-novios-finca-bodas-guadalajara-la-matilla-06-768x512.jpg 768w\" sizes=\"auto, (max-width: 1100px) 100vw, 1100px\" \/><img loading=\"lazy\" decoding=\"async\" class=\"alignnone size-full wp-image-13577\" src=\"http:\/\/www.daniperezfotografia.es\/wordpress\/wp-content\/uploads\/2020\/05\/fotos-de-novios-finca-bodas-guadalajara-la-matilla-10.jpg\" alt=\"fotos novios finca bodas guadalajara la matilla\" width=\"1100\" height=\"734\" srcset=\"http:\/\/www.daniperezfotografia.es\/wordpress\/wp-content\/uploads\/2020\/05\/fotos-de-novios-finca-bodas-guadalajara-la-matilla-10.jpg 1100w, http:\/\/www.daniperezfotografia.es\/wordpress\/wp-content\/uploads\/2020\/05\/fotos-de-novios-finca-bodas-guadalajara-la-matilla-10-750x500.jpg 750w, http:\/\/www.daniperezfotografia.es\/wordpress\/wp-content\/uploads\/2020\/05\/fotos-de-novios-finca-bodas-guadalajara-la-matilla-10-1024x683.jpg 1024w, http:\/\/www.daniperezfotografia.es\/wordpress\/wp-content\/uploads\/2020\/05\/fotos-de-novios-finca-bodas-guadalajara-la-matilla-10-768x512.jpg 768w\" sizes=\"auto, (max-width: 1100px) 100vw, 1100px\" \/><img loading=\"lazy\" decoding=\"async\" class=\"alignnone size-full wp-image-13578\" src=\"http:\/\/www.daniperezfotografia.es\/wordpress\/wp-content\/uploads\/2020\/05\/fotos-de-novios-finca-bodas-guadalajara-la-matilla-11.jpg\" alt=\"fotos novios finca bodas guadalajara la matilla\" width=\"1100\" height=\"734\" srcset=\"http:\/\/www.daniperezfotografia.es\/wordpress\/wp-content\/uploads\/2020\/05\/fotos-de-novios-finca-bodas-guadalajara-la-matilla-11.jpg 1100w, http:\/\/www.daniperezfotografia.es\/wordpress\/wp-content\/uploads\/2020\/05\/fotos-de-novios-finca-bodas-guadalajara-la-matilla-11-750x500.jpg 750w, http:\/\/www.daniperezfotografia.es\/wordpress\/wp-content\/uploads\/2020\/05\/fotos-de-novios-finca-bodas-guadalajara-la-matilla-11-1024x683.jpg 1024w, http:\/\/www.daniperezfotografia.es\/wordpress\/wp-content\/uploads\/2020\/05\/fotos-de-novios-finca-bodas-guadalajara-la-matilla-11-768x512.jpg 768w\" sizes=\"auto, (max-width: 1100px) 100vw, 1100px\" \/><img loading=\"lazy\" decoding=\"async\" class=\"alignnone size-full wp-image-13579\" src=\"http:\/\/www.daniperezfotografia.es\/wordpress\/wp-content\/uploads\/2020\/05\/fotos-de-novios-finca-bodas-guadalajara-la-matilla-16.jpg\" alt=\"fotos novios finca bodas guadalajara la matilla\" width=\"1100\" height=\"734\" srcset=\"http:\/\/www.daniperezfotografia.es\/wordpress\/wp-content\/uploads\/2020\/05\/fotos-de-novios-finca-bodas-guadalajara-la-matilla-16.jpg 1100w, http:\/\/www.daniperezfotografia.es\/wordpress\/wp-content\/uploads\/2020\/05\/fotos-de-novios-finca-bodas-guadalajara-la-matilla-16-750x500.jpg 750w, http:\/\/www.daniperezfotografia.es\/wordpress\/wp-content\/uploads\/2020\/05\/fotos-de-novios-finca-bodas-guadalajara-la-matilla-16-1024x683.jpg 1024w, http:\/\/www.daniperezfotografia.es\/wordpress\/wp-content\/uploads\/2020\/05\/fotos-de-novios-finca-bodas-guadalajara-la-matilla-16-768x512.jpg 768w\" sizes=\"auto, (max-width: 1100px) 100vw, 1100px\" \/><\/p>\n<h2>Cocktail y convite de boda en la Finca la Matilla<\/h2>\n<p>Despu\u00e9s de la sesi\u00f3n de fotos de novios, damos paso al cocktail. La Finca la Matilla, dispone de unos magn\u00edficos <strong>jardines al aire libre<\/strong>, ambientados con <strong>m\u00fasica en directo<\/strong>, donde Rocio y Diego disfrutaron de sus amigos y familiares, entre conversaciones, risas, copas de vino y platos de jam\u00f3n. Antes de entrar al sal\u00f3n, no pod\u00edan faltar las <strong>fotos con amigos<\/strong>, pero nada de fotos aburridas y posadas. Ser uno mas en la fiesta, nos permite la complicidad necesario con los invitado, para poder crear <strong>im\u00e1genes divertidas,<\/strong> dejando volar la imaginaci\u00f3n de los mas gamberros y conseguir as\u00ed, captar <strong>fotos originales.<\/strong><\/p>\n<p><img loading=\"lazy\" decoding=\"async\" class=\"alignnone size-full wp-image-13580\" src=\"http:\/\/www.daniperezfotografia.es\/wordpress\/wp-content\/uploads\/2020\/05\/fotos-boda-cocktail-comvite-finca-matilla-guadalajara-02.jpg\" alt=\"foto boda cocktail finca la matiila guadalajara\" width=\"1100\" height=\"733\" srcset=\"http:\/\/www.daniperezfotografia.es\/wordpress\/wp-content\/uploads\/2020\/05\/fotos-boda-cocktail-comvite-finca-matilla-guadalajara-02.jpg 1100w, http:\/\/www.daniperezfotografia.es\/wordpress\/wp-content\/uploads\/2020\/05\/fotos-boda-cocktail-comvite-finca-matilla-guadalajara-02-750x500.jpg 750w, http:\/\/www.daniperezfotografia.es\/wordpress\/wp-content\/uploads\/2020\/05\/fotos-boda-cocktail-comvite-finca-matilla-guadalajara-02-1024x682.jpg 1024w, http:\/\/www.daniperezfotografia.es\/wordpress\/wp-content\/uploads\/2020\/05\/fotos-boda-cocktail-comvite-finca-matilla-guadalajara-02-768x512.jpg 768w\" sizes=\"auto, (max-width: 1100px) 100vw, 1100px\" \/><img loading=\"lazy\" decoding=\"async\" class=\"alignnone size-full wp-image-13581\" src=\"http:\/\/www.daniperezfotografia.es\/wordpress\/wp-content\/uploads\/2020\/05\/fotos-boda-cocktail-comvite-finca-matilla-guadalajara-04.jpg\" alt=\"foto boda cocktail finca la matiila guadalajara\" width=\"1100\" height=\"734\" srcset=\"http:\/\/www.daniperezfotografia.es\/wordpress\/wp-content\/uploads\/2020\/05\/fotos-boda-cocktail-comvite-finca-matilla-guadalajara-04.jpg 1100w, http:\/\/www.daniperezfotografia.es\/wordpress\/wp-content\/uploads\/2020\/05\/fotos-boda-cocktail-comvite-finca-matilla-guadalajara-04-750x500.jpg 750w, http:\/\/www.daniperezfotografia.es\/wordpress\/wp-content\/uploads\/2020\/05\/fotos-boda-cocktail-comvite-finca-matilla-guadalajara-04-1024x683.jpg 1024w, http:\/\/www.daniperezfotografia.es\/wordpress\/wp-content\/uploads\/2020\/05\/fotos-boda-cocktail-comvite-finca-matilla-guadalajara-04-768x512.jpg 768w\" sizes=\"auto, (max-width: 1100px) 100vw, 1100px\" \/><img loading=\"lazy\" decoding=\"async\" class=\"alignnone size-full wp-image-13582\" src=\"http:\/\/www.daniperezfotografia.es\/wordpress\/wp-content\/uploads\/2020\/05\/fotos-boda-cocktail-comvite-finca-matilla-guadalajara-09.jpg\" alt=\"foto amigos cocktail fotografo bodas gualajara\" width=\"1100\" height=\"734\" srcset=\"http:\/\/www.daniperezfotografia.es\/wordpress\/wp-content\/uploads\/2020\/05\/fotos-boda-cocktail-comvite-finca-matilla-guadalajara-09.jpg 1100w, http:\/\/www.daniperezfotografia.es\/wordpress\/wp-content\/uploads\/2020\/05\/fotos-boda-cocktail-comvite-finca-matilla-guadalajara-09-750x500.jpg 750w, http:\/\/www.daniperezfotografia.es\/wordpress\/wp-content\/uploads\/2020\/05\/fotos-boda-cocktail-comvite-finca-matilla-guadalajara-09-1024x683.jpg 1024w, http:\/\/www.daniperezfotografia.es\/wordpress\/wp-content\/uploads\/2020\/05\/fotos-boda-cocktail-comvite-finca-matilla-guadalajara-09-768x512.jpg 768w\" sizes=\"auto, (max-width: 1100px) 100vw, 1100px\" \/><img loading=\"lazy\" decoding=\"async\" class=\"alignnone size-full wp-image-13583\" src=\"http:\/\/www.daniperezfotografia.es\/wordpress\/wp-content\/uploads\/2020\/05\/fotos-boda-cocktail-comvite-finca-matilla-guadalajara-13.jpg\" alt=\"foto amigos cocktail fotografo bodas gualajara\" width=\"1100\" height=\"734\" srcset=\"http:\/\/www.daniperezfotografia.es\/wordpress\/wp-content\/uploads\/2020\/05\/fotos-boda-cocktail-comvite-finca-matilla-guadalajara-13.jpg 1100w, http:\/\/www.daniperezfotografia.es\/wordpress\/wp-content\/uploads\/2020\/05\/fotos-boda-cocktail-comvite-finca-matilla-guadalajara-13-750x500.jpg 750w, http:\/\/www.daniperezfotografia.es\/wordpress\/wp-content\/uploads\/2020\/05\/fotos-boda-cocktail-comvite-finca-matilla-guadalajara-13-1024x683.jpg 1024w, http:\/\/www.daniperezfotografia.es\/wordpress\/wp-content\/uploads\/2020\/05\/fotos-boda-cocktail-comvite-finca-matilla-guadalajara-13-768x512.jpg 768w\" sizes=\"auto, (max-width: 1100px) 100vw, 1100px\" \/><img loading=\"lazy\" decoding=\"async\" class=\"alignnone size-full wp-image-13584\" src=\"http:\/\/www.daniperezfotografia.es\/wordpress\/wp-content\/uploads\/2020\/05\/fotos-boda-cocktail-comvite-finca-matilla-guadalajara-14.jpg\" alt=\"foto boda cocktail finca la matiila guadalajara\" width=\"1100\" height=\"734\" srcset=\"http:\/\/www.daniperezfotografia.es\/wordpress\/wp-content\/uploads\/2020\/05\/fotos-boda-cocktail-comvite-finca-matilla-guadalajara-14.jpg 1100w, http:\/\/www.daniperezfotografia.es\/wordpress\/wp-content\/uploads\/2020\/05\/fotos-boda-cocktail-comvite-finca-matilla-guadalajara-14-750x500.jpg 750w, http:\/\/www.daniperezfotografia.es\/wordpress\/wp-content\/uploads\/2020\/05\/fotos-boda-cocktail-comvite-finca-matilla-guadalajara-14-1024x683.jpg 1024w, http:\/\/www.daniperezfotografia.es\/wordpress\/wp-content\/uploads\/2020\/05\/fotos-boda-cocktail-comvite-finca-matilla-guadalajara-14-768x512.jpg 768w\" sizes=\"auto, (max-width: 1100px) 100vw, 1100px\" \/><img loading=\"lazy\" decoding=\"async\" class=\"alignnone size-full wp-image-13585\" src=\"http:\/\/www.daniperezfotografia.es\/wordpress\/wp-content\/uploads\/2020\/05\/fotos-boda-cocktail-comvite-finca-matilla-guadalajara-16.jpg\" alt=\"foto boda cocktail finca la matiila guadalajara\" width=\"1100\" height=\"734\" srcset=\"http:\/\/www.daniperezfotografia.es\/wordpress\/wp-content\/uploads\/2020\/05\/fotos-boda-cocktail-comvite-finca-matilla-guadalajara-16.jpg 1100w, http:\/\/www.daniperezfotografia.es\/wordpress\/wp-content\/uploads\/2020\/05\/fotos-boda-cocktail-comvite-finca-matilla-guadalajara-16-750x500.jpg 750w, http:\/\/www.daniperezfotografia.es\/wordpress\/wp-content\/uploads\/2020\/05\/fotos-boda-cocktail-comvite-finca-matilla-guadalajara-16-1024x683.jpg 1024w, http:\/\/www.daniperezfotografia.es\/wordpress\/wp-content\/uploads\/2020\/05\/fotos-boda-cocktail-comvite-finca-matilla-guadalajara-16-768x512.jpg 768w\" sizes=\"auto, (max-width: 1100px) 100vw, 1100px\" \/><\/p>\n<p>Durante el <strong>convite<\/strong>, no dejaron de sucederse los<strong> momentos emotivos<\/strong> y las <strong>situaciones divertidas<\/strong> por igual. Regalos de los novios a familiares, con, abrazos, lagrimas de alegr\u00eda y risas. Los amigos, que cantando y bailando, llenaron la mesa de los novios con <strong>originales regalos<\/strong> y divertidas pruebas que deb\u00eda cumplir nuestra pareja. Sin duda, una cena de lo mas animada, donde la actividad no paro ni un momento.<\/p>\n<p><img loading=\"lazy\" decoding=\"async\" class=\"alignnone size-full wp-image-13587\" src=\"http:\/\/www.daniperezfotografia.es\/wordpress\/wp-content\/uploads\/2020\/05\/fotos-boda-cocktail-comvite-finca-matilla-guadalajara-17.jpg\" alt=\"fotos convite boda finca la matilla guadalajara\" width=\"1100\" height=\"734\" srcset=\"http:\/\/www.daniperezfotografia.es\/wordpress\/wp-content\/uploads\/2020\/05\/fotos-boda-cocktail-comvite-finca-matilla-guadalajara-17.jpg 1100w, http:\/\/www.daniperezfotografia.es\/wordpress\/wp-content\/uploads\/2020\/05\/fotos-boda-cocktail-comvite-finca-matilla-guadalajara-17-750x500.jpg 750w, http:\/\/www.daniperezfotografia.es\/wordpress\/wp-content\/uploads\/2020\/05\/fotos-boda-cocktail-comvite-finca-matilla-guadalajara-17-1024x683.jpg 1024w, http:\/\/www.daniperezfotografia.es\/wordpress\/wp-content\/uploads\/2020\/05\/fotos-boda-cocktail-comvite-finca-matilla-guadalajara-17-768x512.jpg 768w\" sizes=\"auto, (max-width: 1100px) 100vw, 1100px\" \/><img loading=\"lazy\" decoding=\"async\" class=\"alignnone size-full wp-image-13588\" src=\"http:\/\/www.daniperezfotografia.es\/wordpress\/wp-content\/uploads\/2020\/05\/fotos-boda-cocktail-comvite-finca-matilla-guadalajara-19.jpg\" alt=\"fotos convite boda finca la matilla guadalajara\" width=\"1100\" height=\"734\" srcset=\"http:\/\/www.daniperezfotografia.es\/wordpress\/wp-content\/uploads\/2020\/05\/fotos-boda-cocktail-comvite-finca-matilla-guadalajara-19.jpg 1100w, http:\/\/www.daniperezfotografia.es\/wordpress\/wp-content\/uploads\/2020\/05\/fotos-boda-cocktail-comvite-finca-matilla-guadalajara-19-750x500.jpg 750w, http:\/\/www.daniperezfotografia.es\/wordpress\/wp-content\/uploads\/2020\/05\/fotos-boda-cocktail-comvite-finca-matilla-guadalajara-19-1024x683.jpg 1024w, http:\/\/www.daniperezfotografia.es\/wordpress\/wp-content\/uploads\/2020\/05\/fotos-boda-cocktail-comvite-finca-matilla-guadalajara-19-768x512.jpg 768w\" sizes=\"auto, (max-width: 1100px) 100vw, 1100px\" \/><img loading=\"lazy\" decoding=\"async\" class=\"alignnone size-full wp-image-13589\" src=\"http:\/\/www.daniperezfotografia.es\/wordpress\/wp-content\/uploads\/2020\/05\/fotos-boda-cocktail-comvite-finca-matilla-guadalajara-20.jpg\" alt=\"fotos convite boda finca la matilla guadalajara\" width=\"1100\" height=\"733\" srcset=\"http:\/\/www.daniperezfotografia.es\/wordpress\/wp-content\/uploads\/2020\/05\/fotos-boda-cocktail-comvite-finca-matilla-guadalajara-20.jpg 1100w, http:\/\/www.daniperezfotografia.es\/wordpress\/wp-content\/uploads\/2020\/05\/fotos-boda-cocktail-comvite-finca-matilla-guadalajara-20-750x500.jpg 750w, http:\/\/www.daniperezfotografia.es\/wordpress\/wp-content\/uploads\/2020\/05\/fotos-boda-cocktail-comvite-finca-matilla-guadalajara-20-1024x682.jpg 1024w, http:\/\/www.daniperezfotografia.es\/wordpress\/wp-content\/uploads\/2020\/05\/fotos-boda-cocktail-comvite-finca-matilla-guadalajara-20-768x512.jpg 768w\" sizes=\"auto, (max-width: 1100px) 100vw, 1100px\" \/><img loading=\"lazy\" decoding=\"async\" class=\"alignnone size-full wp-image-13590\" src=\"http:\/\/www.daniperezfotografia.es\/wordpress\/wp-content\/uploads\/2020\/05\/fotos-boda-cocktail-comvite-finca-matilla-guadalajara-21.jpg\" alt=\"fotos convite boda finca la matilla guadalajara\" width=\"1100\" height=\"734\" srcset=\"http:\/\/www.daniperezfotografia.es\/wordpress\/wp-content\/uploads\/2020\/05\/fotos-boda-cocktail-comvite-finca-matilla-guadalajara-21.jpg 1100w, http:\/\/www.daniperezfotografia.es\/wordpress\/wp-content\/uploads\/2020\/05\/fotos-boda-cocktail-comvite-finca-matilla-guadalajara-21-750x500.jpg 750w, http:\/\/www.daniperezfotografia.es\/wordpress\/wp-content\/uploads\/2020\/05\/fotos-boda-cocktail-comvite-finca-matilla-guadalajara-21-1024x683.jpg 1024w, http:\/\/www.daniperezfotografia.es\/wordpress\/wp-content\/uploads\/2020\/05\/fotos-boda-cocktail-comvite-finca-matilla-guadalajara-21-768x512.jpg 768w\" sizes=\"auto, (max-width: 1100px) 100vw, 1100px\" \/><img loading=\"lazy\" decoding=\"async\" class=\"alignnone size-full wp-image-13591\" src=\"http:\/\/www.daniperezfotografia.es\/wordpress\/wp-content\/uploads\/2020\/05\/fotos-boda-cocktail-comvite-finca-matilla-guadalajara-22.jpg\" alt=\"fotos convite boda finca la matilla guadalajara\" width=\"1100\" height=\"734\" srcset=\"http:\/\/www.daniperezfotografia.es\/wordpress\/wp-content\/uploads\/2020\/05\/fotos-boda-cocktail-comvite-finca-matilla-guadalajara-22.jpg 1100w, http:\/\/www.daniperezfotografia.es\/wordpress\/wp-content\/uploads\/2020\/05\/fotos-boda-cocktail-comvite-finca-matilla-guadalajara-22-750x500.jpg 750w, http:\/\/www.daniperezfotografia.es\/wordpress\/wp-content\/uploads\/2020\/05\/fotos-boda-cocktail-comvite-finca-matilla-guadalajara-22-1024x683.jpg 1024w, http:\/\/www.daniperezfotografia.es\/wordpress\/wp-content\/uploads\/2020\/05\/fotos-boda-cocktail-comvite-finca-matilla-guadalajara-22-768x512.jpg 768w\" sizes=\"auto, (max-width: 1100px) 100vw, 1100px\" \/><img loading=\"lazy\" decoding=\"async\" class=\"alignnone size-full wp-image-13592\" src=\"http:\/\/www.daniperezfotografia.es\/wordpress\/wp-content\/uploads\/2020\/05\/fotos-boda-cocktail-comvite-finca-matilla-guadalajara-24.jpg\" alt=\"fotos convite boda finca la matilla guadalajara\" width=\"1100\" height=\"734\" srcset=\"http:\/\/www.daniperezfotografia.es\/wordpress\/wp-content\/uploads\/2020\/05\/fotos-boda-cocktail-comvite-finca-matilla-guadalajara-24.jpg 1100w, http:\/\/www.daniperezfotografia.es\/wordpress\/wp-content\/uploads\/2020\/05\/fotos-boda-cocktail-comvite-finca-matilla-guadalajara-24-750x500.jpg 750w, http:\/\/www.daniperezfotografia.es\/wordpress\/wp-content\/uploads\/2020\/05\/fotos-boda-cocktail-comvite-finca-matilla-guadalajara-24-1024x683.jpg 1024w, http:\/\/www.daniperezfotografia.es\/wordpress\/wp-content\/uploads\/2020\/05\/fotos-boda-cocktail-comvite-finca-matilla-guadalajara-24-768x512.jpg 768w\" sizes=\"auto, (max-width: 1100px) 100vw, 1100px\" \/><img loading=\"lazy\" decoding=\"async\" class=\"alignnone size-full wp-image-13593\" src=\"http:\/\/www.daniperezfotografia.es\/wordpress\/wp-content\/uploads\/2020\/05\/fotos-boda-cocktail-comvite-finca-matilla-guadalajara-26.jpg\" alt=\"fotos convite boda finca la matilla guadalajara\" width=\"1100\" height=\"734\" srcset=\"http:\/\/www.daniperezfotografia.es\/wordpress\/wp-content\/uploads\/2020\/05\/fotos-boda-cocktail-comvite-finca-matilla-guadalajara-26.jpg 1100w, http:\/\/www.daniperezfotografia.es\/wordpress\/wp-content\/uploads\/2020\/05\/fotos-boda-cocktail-comvite-finca-matilla-guadalajara-26-750x500.jpg 750w, http:\/\/www.daniperezfotografia.es\/wordpress\/wp-content\/uploads\/2020\/05\/fotos-boda-cocktail-comvite-finca-matilla-guadalajara-26-1024x683.jpg 1024w, http:\/\/www.daniperezfotografia.es\/wordpress\/wp-content\/uploads\/2020\/05\/fotos-boda-cocktail-comvite-finca-matilla-guadalajara-26-768x512.jpg 768w\" sizes=\"auto, (max-width: 1100px) 100vw, 1100px\" \/><img loading=\"lazy\" decoding=\"async\" class=\"alignnone size-full wp-image-13594\" src=\"http:\/\/www.daniperezfotografia.es\/wordpress\/wp-content\/uploads\/2020\/05\/fotos-boda-cocktail-comvite-finca-matilla-guadalajara-27.jpg\" alt=\"fotos convite boda finca la matilla guadalajara\" width=\"1100\" height=\"734\" srcset=\"http:\/\/www.daniperezfotografia.es\/wordpress\/wp-content\/uploads\/2020\/05\/fotos-boda-cocktail-comvite-finca-matilla-guadalajara-27.jpg 1100w, http:\/\/www.daniperezfotografia.es\/wordpress\/wp-content\/uploads\/2020\/05\/fotos-boda-cocktail-comvite-finca-matilla-guadalajara-27-750x500.jpg 750w, http:\/\/www.daniperezfotografia.es\/wordpress\/wp-content\/uploads\/2020\/05\/fotos-boda-cocktail-comvite-finca-matilla-guadalajara-27-1024x683.jpg 1024w, http:\/\/www.daniperezfotografia.es\/wordpress\/wp-content\/uploads\/2020\/05\/fotos-boda-cocktail-comvite-finca-matilla-guadalajara-27-768x512.jpg 768w\" sizes=\"auto, (max-width: 1100px) 100vw, 1100px\" \/><img loading=\"lazy\" decoding=\"async\" class=\"alignnone size-full wp-image-13595\" src=\"http:\/\/www.daniperezfotografia.es\/wordpress\/wp-content\/uploads\/2020\/05\/fotos-boda-cocktail-comvite-finca-matilla-guadalajara-28.jpg\" alt=\"fotos convite boda finca la matilla guadalajara\" width=\"1100\" height=\"733\" srcset=\"http:\/\/www.daniperezfotografia.es\/wordpress\/wp-content\/uploads\/2020\/05\/fotos-boda-cocktail-comvite-finca-matilla-guadalajara-28.jpg 1100w, http:\/\/www.daniperezfotografia.es\/wordpress\/wp-content\/uploads\/2020\/05\/fotos-boda-cocktail-comvite-finca-matilla-guadalajara-28-750x500.jpg 750w, http:\/\/www.daniperezfotografia.es\/wordpress\/wp-content\/uploads\/2020\/05\/fotos-boda-cocktail-comvite-finca-matilla-guadalajara-28-1024x682.jpg 1024w, http:\/\/www.daniperezfotografia.es\/wordpress\/wp-content\/uploads\/2020\/05\/fotos-boda-cocktail-comvite-finca-matilla-guadalajara-28-768x512.jpg 768w\" sizes=\"auto, (max-width: 1100px) 100vw, 1100px\" \/><img loading=\"lazy\" decoding=\"async\" class=\"alignnone size-full wp-image-13596\" src=\"http:\/\/www.daniperezfotografia.es\/wordpress\/wp-content\/uploads\/2020\/05\/fotos-boda-cocktail-comvite-finca-matilla-guadalajara-32.jpg\" alt=\"fotos convite boda finca la matilla guadalajara\" width=\"1100\" height=\"733\" srcset=\"http:\/\/www.daniperezfotografia.es\/wordpress\/wp-content\/uploads\/2020\/05\/fotos-boda-cocktail-comvite-finca-matilla-guadalajara-32.jpg 1100w, http:\/\/www.daniperezfotografia.es\/wordpress\/wp-content\/uploads\/2020\/05\/fotos-boda-cocktail-comvite-finca-matilla-guadalajara-32-750x500.jpg 750w, http:\/\/www.daniperezfotografia.es\/wordpress\/wp-content\/uploads\/2020\/05\/fotos-boda-cocktail-comvite-finca-matilla-guadalajara-32-1024x682.jpg 1024w, http:\/\/www.daniperezfotografia.es\/wordpress\/wp-content\/uploads\/2020\/05\/fotos-boda-cocktail-comvite-finca-matilla-guadalajara-32-768x512.jpg 768w\" sizes=\"auto, (max-width: 1100px) 100vw, 1100px\" \/><img loading=\"lazy\" decoding=\"async\" class=\"alignnone size-full wp-image-13597\" src=\"http:\/\/www.daniperezfotografia.es\/wordpress\/wp-content\/uploads\/2020\/05\/fotos-boda-cocktail-comvite-finca-matilla-guadalajara-33.jpg\" alt=\"fotos convite boda finca la matilla guadalajara\" width=\"1100\" height=\"734\" srcset=\"http:\/\/www.daniperezfotografia.es\/wordpress\/wp-content\/uploads\/2020\/05\/fotos-boda-cocktail-comvite-finca-matilla-guadalajara-33.jpg 1100w, http:\/\/www.daniperezfotografia.es\/wordpress\/wp-content\/uploads\/2020\/05\/fotos-boda-cocktail-comvite-finca-matilla-guadalajara-33-750x500.jpg 750w, http:\/\/www.daniperezfotografia.es\/wordpress\/wp-content\/uploads\/2020\/05\/fotos-boda-cocktail-comvite-finca-matilla-guadalajara-33-1024x683.jpg 1024w, http:\/\/www.daniperezfotografia.es\/wordpress\/wp-content\/uploads\/2020\/05\/fotos-boda-cocktail-comvite-finca-matilla-guadalajara-33-768x512.jpg 768w\" sizes=\"auto, (max-width: 1100px) 100vw, 1100px\" \/><img loading=\"lazy\" decoding=\"async\" class=\"alignnone size-full wp-image-13598\" src=\"http:\/\/www.daniperezfotografia.es\/wordpress\/wp-content\/uploads\/2020\/05\/fotos-boda-cocktail-comvite-finca-matilla-guadalajara-34.jpg\" alt=\"fotos convite boda finca la matilla guadalajara\" width=\"1100\" height=\"734\" srcset=\"http:\/\/www.daniperezfotografia.es\/wordpress\/wp-content\/uploads\/2020\/05\/fotos-boda-cocktail-comvite-finca-matilla-guadalajara-34.jpg 1100w, http:\/\/www.daniperezfotografia.es\/wordpress\/wp-content\/uploads\/2020\/05\/fotos-boda-cocktail-comvite-finca-matilla-guadalajara-34-750x500.jpg 750w, http:\/\/www.daniperezfotografia.es\/wordpress\/wp-content\/uploads\/2020\/05\/fotos-boda-cocktail-comvite-finca-matilla-guadalajara-34-1024x683.jpg 1024w, http:\/\/www.daniperezfotografia.es\/wordpress\/wp-content\/uploads\/2020\/05\/fotos-boda-cocktail-comvite-finca-matilla-guadalajara-34-768x512.jpg 768w\" sizes=\"auto, (max-width: 1100px) 100vw, 1100px\" \/><img loading=\"lazy\" decoding=\"async\" class=\"alignnone size-full wp-image-13599\" src=\"http:\/\/www.daniperezfotografia.es\/wordpress\/wp-content\/uploads\/2020\/05\/fotos-boda-cocktail-comvite-finca-matilla-guadalajara-36.jpg\" alt=\"fotos convite boda finca la matilla guadalajara\" width=\"1100\" height=\"733\" srcset=\"http:\/\/www.daniperezfotografia.es\/wordpress\/wp-content\/uploads\/2020\/05\/fotos-boda-cocktail-comvite-finca-matilla-guadalajara-36.jpg 1100w, http:\/\/www.daniperezfotografia.es\/wordpress\/wp-content\/uploads\/2020\/05\/fotos-boda-cocktail-comvite-finca-matilla-guadalajara-36-750x500.jpg 750w, http:\/\/www.daniperezfotografia.es\/wordpress\/wp-content\/uploads\/2020\/05\/fotos-boda-cocktail-comvite-finca-matilla-guadalajara-36-1024x682.jpg 1024w, http:\/\/www.daniperezfotografia.es\/wordpress\/wp-content\/uploads\/2020\/05\/fotos-boda-cocktail-comvite-finca-matilla-guadalajara-36-768x512.jpg 768w\" sizes=\"auto, (max-width: 1100px) 100vw, 1100px\" \/><\/p>\n<h2>Baile de novios y fiesta<\/h2>\n<p>El vals, nos permiti\u00f3 capturar <strong>romanticas fotos bailando<\/strong> de nuestra pareja, acompa\u00f1ados siempre por las miradas de cari\u00f1o y los aplausos de sus familiares y amigos. Daba comienzo la fiesta. Gin Tonics, pelucas y ganas de divertirse, hicieron de la fiesta de boda de Rocio y Diego el cierre a un precioso dia, que alargaron hasta altas horas de la madrugada.<\/p>\n<p><img loading=\"lazy\" decoding=\"async\" class=\"alignnone size-full wp-image-13601\" src=\"http:\/\/www.daniperezfotografia.es\/wordpress\/wp-content\/uploads\/2020\/05\/fotos-boda-baile-fiesta-finca-matilla-guadalajara-03.jpg\" alt=\"foto baile novios finca la matilla guadalajara\" width=\"1100\" height=\"733\" srcset=\"http:\/\/www.daniperezfotografia.es\/wordpress\/wp-content\/uploads\/2020\/05\/fotos-boda-baile-fiesta-finca-matilla-guadalajara-03.jpg 1100w, http:\/\/www.daniperezfotografia.es\/wordpress\/wp-content\/uploads\/2020\/05\/fotos-boda-baile-fiesta-finca-matilla-guadalajara-03-750x500.jpg 750w, http:\/\/www.daniperezfotografia.es\/wordpress\/wp-content\/uploads\/2020\/05\/fotos-boda-baile-fiesta-finca-matilla-guadalajara-03-1024x682.jpg 1024w, http:\/\/www.daniperezfotografia.es\/wordpress\/wp-content\/uploads\/2020\/05\/fotos-boda-baile-fiesta-finca-matilla-guadalajara-03-768x512.jpg 768w\" sizes=\"auto, (max-width: 1100px) 100vw, 1100px\" \/><img loading=\"lazy\" decoding=\"async\" class=\"alignnone size-full wp-image-13600\" src=\"http:\/\/www.daniperezfotografia.es\/wordpress\/wp-content\/uploads\/2020\/05\/fotos-boda-baile-fiesta-finca-matilla-guadalajara-01.jpg\" alt=\"foto baile novios finca la matilla guadalajara\" width=\"1100\" height=\"734\" srcset=\"http:\/\/www.daniperezfotografia.es\/wordpress\/wp-content\/uploads\/2020\/05\/fotos-boda-baile-fiesta-finca-matilla-guadalajara-01.jpg 1100w, http:\/\/www.daniperezfotografia.es\/wordpress\/wp-content\/uploads\/2020\/05\/fotos-boda-baile-fiesta-finca-matilla-guadalajara-01-750x500.jpg 750w, http:\/\/www.daniperezfotografia.es\/wordpress\/wp-content\/uploads\/2020\/05\/fotos-boda-baile-fiesta-finca-matilla-guadalajara-01-1024x683.jpg 1024w, http:\/\/www.daniperezfotografia.es\/wordpress\/wp-content\/uploads\/2020\/05\/fotos-boda-baile-fiesta-finca-matilla-guadalajara-01-768x512.jpg 768w\" sizes=\"auto, (max-width: 1100px) 100vw, 1100px\" \/><img loading=\"lazy\" decoding=\"async\" class=\"alignnone size-full wp-image-13602\" src=\"http:\/\/www.daniperezfotografia.es\/wordpress\/wp-content\/uploads\/2020\/05\/fotos-boda-baile-fiesta-finca-matilla-guadalajara-05.jpg\" alt=\"foto baile novios finca la matilla guadalajara\" width=\"1100\" height=\"734\" srcset=\"http:\/\/www.daniperezfotografia.es\/wordpress\/wp-content\/uploads\/2020\/05\/fotos-boda-baile-fiesta-finca-matilla-guadalajara-05.jpg 1100w, http:\/\/www.daniperezfotografia.es\/wordpress\/wp-content\/uploads\/2020\/05\/fotos-boda-baile-fiesta-finca-matilla-guadalajara-05-750x500.jpg 750w, http:\/\/www.daniperezfotografia.es\/wordpress\/wp-content\/uploads\/2020\/05\/fotos-boda-baile-fiesta-finca-matilla-guadalajara-05-1024x683.jpg 1024w, http:\/\/www.daniperezfotografia.es\/wordpress\/wp-content\/uploads\/2020\/05\/fotos-boda-baile-fiesta-finca-matilla-guadalajara-05-768x512.jpg 768w\" sizes=\"auto, (max-width: 1100px) 100vw, 1100px\" \/><img loading=\"lazy\" decoding=\"async\" class=\"alignnone size-full wp-image-13604\" src=\"http:\/\/www.daniperezfotografia.es\/wordpress\/wp-content\/uploads\/2020\/05\/fotos-boda-baile-fiesta-finca-matilla-guadalajara-10.jpg\" alt=\"foto fiesta boda finca la matilla guadalajara\" width=\"1100\" height=\"734\" srcset=\"http:\/\/www.daniperezfotografia.es\/wordpress\/wp-content\/uploads\/2020\/05\/fotos-boda-baile-fiesta-finca-matilla-guadalajara-10.jpg 1100w, http:\/\/www.daniperezfotografia.es\/wordpress\/wp-content\/uploads\/2020\/05\/fotos-boda-baile-fiesta-finca-matilla-guadalajara-10-750x500.jpg 750w, http:\/\/www.daniperezfotografia.es\/wordpress\/wp-content\/uploads\/2020\/05\/fotos-boda-baile-fiesta-finca-matilla-guadalajara-10-1024x683.jpg 1024w, http:\/\/www.daniperezfotografia.es\/wordpress\/wp-content\/uploads\/2020\/05\/fotos-boda-baile-fiesta-finca-matilla-guadalajara-10-768x512.jpg 768w\" sizes=\"auto, (max-width: 1100px) 100vw, 1100px\" \/><img loading=\"lazy\" decoding=\"async\" class=\"alignnone size-full wp-image-13605\" src=\"http:\/\/www.daniperezfotografia.es\/wordpress\/wp-content\/uploads\/2020\/05\/fotos-boda-baile-fiesta-finca-matilla-guadalajara-11.jpg\" alt=\"foto fiesta boda finca la matilla guadalajara\" width=\"1100\" height=\"734\" srcset=\"http:\/\/www.daniperezfotografia.es\/wordpress\/wp-content\/uploads\/2020\/05\/fotos-boda-baile-fiesta-finca-matilla-guadalajara-11.jpg 1100w, http:\/\/www.daniperezfotografia.es\/wordpress\/wp-content\/uploads\/2020\/05\/fotos-boda-baile-fiesta-finca-matilla-guadalajara-11-750x500.jpg 750w, http:\/\/www.daniperezfotografia.es\/wordpress\/wp-content\/uploads\/2020\/05\/fotos-boda-baile-fiesta-finca-matilla-guadalajara-11-1024x683.jpg 1024w, http:\/\/www.daniperezfotografia.es\/wordpress\/wp-content\/uploads\/2020\/05\/fotos-boda-baile-fiesta-finca-matilla-guadalajara-11-768x512.jpg 768w\" sizes=\"auto, (max-width: 1100px) 100vw, 1100px\" \/><img loading=\"lazy\" decoding=\"async\" class=\"alignnone size-full wp-image-13606\" src=\"http:\/\/www.daniperezfotografia.es\/wordpress\/wp-content\/uploads\/2020\/05\/fotos-boda-baile-fiesta-finca-matilla-guadalajara-13.jpg\" alt=\"foto fiesta boda finca la matilla guadalajara\" width=\"1100\" height=\"734\" srcset=\"http:\/\/www.daniperezfotografia.es\/wordpress\/wp-content\/uploads\/2020\/05\/fotos-boda-baile-fiesta-finca-matilla-guadalajara-13.jpg 1100w, http:\/\/www.daniperezfotografia.es\/wordpress\/wp-content\/uploads\/2020\/05\/fotos-boda-baile-fiesta-finca-matilla-guadalajara-13-750x500.jpg 750w, http:\/\/www.daniperezfotografia.es\/wordpress\/wp-content\/uploads\/2020\/05\/fotos-boda-baile-fiesta-finca-matilla-guadalajara-13-1024x683.jpg 1024w, http:\/\/www.daniperezfotografia.es\/wordpress\/wp-content\/uploads\/2020\/05\/fotos-boda-baile-fiesta-finca-matilla-guadalajara-13-768x512.jpg 768w\" sizes=\"auto, (max-width: 1100px) 100vw, 1100px\" \/><img loading=\"lazy\" decoding=\"async\" class=\"alignnone size-full wp-image-13613\" src=\"http:\/\/www.daniperezfotografia.es\/wordpress\/wp-content\/uploads\/2020\/05\/fotos-boda-baile-fiesta-finca-matilla-guadalajara-21.jpg\" alt=\"foto fiesta boda finca la matilla guadalajara\" width=\"1100\" height=\"734\" srcset=\"http:\/\/www.daniperezfotografia.es\/wordpress\/wp-content\/uploads\/2020\/05\/fotos-boda-baile-fiesta-finca-matilla-guadalajara-21.jpg 1100w, http:\/\/www.daniperezfotografia.es\/wordpress\/wp-content\/uploads\/2020\/05\/fotos-boda-baile-fiesta-finca-matilla-guadalajara-21-750x500.jpg 750w, http:\/\/www.daniperezfotografia.es\/wordpress\/wp-content\/uploads\/2020\/05\/fotos-boda-baile-fiesta-finca-matilla-guadalajara-21-1024x683.jpg 1024w, http:\/\/www.daniperezfotografia.es\/wordpress\/wp-content\/uploads\/2020\/05\/fotos-boda-baile-fiesta-finca-matilla-guadalajara-21-768x512.jpg 768w\" sizes=\"auto, (max-width: 1100px) 100vw, 1100px\" \/><img loading=\"lazy\" decoding=\"async\" class=\"alignnone size-full wp-image-13607\" src=\"http:\/\/www.daniperezfotografia.es\/wordpress\/wp-content\/uploads\/2020\/05\/fotos-boda-baile-fiesta-finca-matilla-guadalajara-15.jpg\" alt=\"foto fiesta boda finca la matilla guadalajara\" width=\"1100\" height=\"734\" srcset=\"http:\/\/www.daniperezfotografia.es\/wordpress\/wp-content\/uploads\/2020\/05\/fotos-boda-baile-fiesta-finca-matilla-guadalajara-15.jpg 1100w, http:\/\/www.daniperezfotografia.es\/wordpress\/wp-content\/uploads\/2020\/05\/fotos-boda-baile-fiesta-finca-matilla-guadalajara-15-750x500.jpg 750w, http:\/\/www.daniperezfotografia.es\/wordpress\/wp-content\/uploads\/2020\/05\/fotos-boda-baile-fiesta-finca-matilla-guadalajara-15-1024x683.jpg 1024w, http:\/\/www.daniperezfotografia.es\/wordpress\/wp-content\/uploads\/2020\/05\/fotos-boda-baile-fiesta-finca-matilla-guadalajara-15-768x512.jpg 768w\" sizes=\"auto, (max-width: 1100px) 100vw, 1100px\" \/><img loading=\"lazy\" decoding=\"async\" class=\"alignnone size-full wp-image-13614\" src=\"http:\/\/www.daniperezfotografia.es\/wordpress\/wp-content\/uploads\/2020\/05\/fotos-boda-cocktail-comvite-finca-matilla-guadalajara-37.jpg\" alt=\"foto fiesta boda finca la matilla guadalajara\" width=\"1100\" height=\"734\" srcset=\"http:\/\/www.daniperezfotografia.es\/wordpress\/wp-content\/uploads\/2020\/05\/fotos-boda-cocktail-comvite-finca-matilla-guadalajara-37.jpg 1100w, http:\/\/www.daniperezfotografia.es\/wordpress\/wp-content\/uploads\/2020\/05\/fotos-boda-cocktail-comvite-finca-matilla-guadalajara-37-750x500.jpg 750w, http:\/\/www.daniperezfotografia.es\/wordpress\/wp-content\/uploads\/2020\/05\/fotos-boda-cocktail-comvite-finca-matilla-guadalajara-37-1024x683.jpg 1024w, http:\/\/www.daniperezfotografia.es\/wordpress\/wp-content\/uploads\/2020\/05\/fotos-boda-cocktail-comvite-finca-matilla-guadalajara-37-768x512.jpg 768w\" sizes=\"auto, (max-width: 1100px) 100vw, 1100px\" \/><img loading=\"lazy\" decoding=\"async\" class=\"alignnone size-full wp-image-13608\" src=\"http:\/\/www.daniperezfotografia.es\/wordpress\/wp-content\/uploads\/2020\/05\/fotos-boda-baile-fiesta-finca-matilla-guadalajara-16.jpg\" alt=\"foto fiesta boda finca la matilla guadalajara\" width=\"1100\" height=\"734\" srcset=\"http:\/\/www.daniperezfotografia.es\/wordpress\/wp-content\/uploads\/2020\/05\/fotos-boda-baile-fiesta-finca-matilla-guadalajara-16.jpg 1100w, http:\/\/www.daniperezfotografia.es\/wordpress\/wp-content\/uploads\/2020\/05\/fotos-boda-baile-fiesta-finca-matilla-guadalajara-16-750x500.jpg 750w, http:\/\/www.daniperezfotografia.es\/wordpress\/wp-content\/uploads\/2020\/05\/fotos-boda-baile-fiesta-finca-matilla-guadalajara-16-1024x683.jpg 1024w, http:\/\/www.daniperezfotografia.es\/wordpress\/wp-content\/uploads\/2020\/05\/fotos-boda-baile-fiesta-finca-matilla-guadalajara-16-768x512.jpg 768w\" sizes=\"auto, (max-width: 1100px) 100vw, 1100px\" \/><img loading=\"lazy\" decoding=\"async\" class=\"alignnone size-full wp-image-13609\" src=\"http:\/\/www.daniperezfotografia.es\/wordpress\/wp-content\/uploads\/2020\/05\/fotos-boda-baile-fiesta-finca-matilla-guadalajara-17.jpg\" alt=\"foto fiesta boda finca la matilla guadalajara\" width=\"1100\" height=\"734\" srcset=\"http:\/\/www.daniperezfotografia.es\/wordpress\/wp-content\/uploads\/2020\/05\/fotos-boda-baile-fiesta-finca-matilla-guadalajara-17.jpg 1100w, http:\/\/www.daniperezfotografia.es\/wordpress\/wp-content\/uploads\/2020\/05\/fotos-boda-baile-fiesta-finca-matilla-guadalajara-17-750x500.jpg 750w, http:\/\/www.daniperezfotografia.es\/wordpress\/wp-content\/uploads\/2020\/05\/fotos-boda-baile-fiesta-finca-matilla-guadalajara-17-1024x683.jpg 1024w, http:\/\/www.daniperezfotografia.es\/wordpress\/wp-content\/uploads\/2020\/05\/fotos-boda-baile-fiesta-finca-matilla-guadalajara-17-768x512.jpg 768w\" sizes=\"auto, (max-width: 1100px) 100vw, 1100px\" \/><img loading=\"lazy\" decoding=\"async\" class=\"alignnone size-full wp-image-13611\" src=\"http:\/\/www.daniperezfotografia.es\/wordpress\/wp-content\/uploads\/2020\/05\/fotos-boda-baile-fiesta-finca-matilla-guadalajara-19.jpg\" alt=\"foto fiesta boda finca la matilla guadalajara\" width=\"1100\" height=\"734\" srcset=\"http:\/\/www.daniperezfotografia.es\/wordpress\/wp-content\/uploads\/2020\/05\/fotos-boda-baile-fiesta-finca-matilla-guadalajara-19.jpg 1100w, http:\/\/www.daniperezfotografia.es\/wordpress\/wp-content\/uploads\/2020\/05\/fotos-boda-baile-fiesta-finca-matilla-guadalajara-19-750x500.jpg 750w, http:\/\/www.daniperezfotografia.es\/wordpress\/wp-content\/uploads\/2020\/05\/fotos-boda-baile-fiesta-finca-matilla-guadalajara-19-1024x683.jpg 1024w, http:\/\/www.daniperezfotografia.es\/wordpress\/wp-content\/uploads\/2020\/05\/fotos-boda-baile-fiesta-finca-matilla-guadalajara-19-768x512.jpg 768w\" sizes=\"auto, (max-width: 1100px) 100vw, 1100px\" \/><img loading=\"lazy\" decoding=\"async\" class=\"alignnone size-full wp-image-13612\" src=\"http:\/\/www.daniperezfotografia.es\/wordpress\/wp-content\/uploads\/2020\/05\/fotos-boda-baile-fiesta-finca-matilla-guadalajara-20.jpg\" alt=\"foto fiesta boda finca la matilla guadalajara\" width=\"1100\" height=\"734\" srcset=\"http:\/\/www.daniperezfotografia.es\/wordpress\/wp-content\/uploads\/2020\/05\/fotos-boda-baile-fiesta-finca-matilla-guadalajara-20.jpg 1100w, http:\/\/www.daniperezfotografia.es\/wordpress\/wp-content\/uploads\/2020\/05\/fotos-boda-baile-fiesta-finca-matilla-guadalajara-20-750x500.jpg 750w, http:\/\/www.daniperezfotografia.es\/wordpress\/wp-content\/uploads\/2020\/05\/fotos-boda-baile-fiesta-finca-matilla-guadalajara-20-1024x683.jpg 1024w, http:\/\/www.daniperezfotografia.es\/wordpress\/wp-content\/uploads\/2020\/05\/fotos-boda-baile-fiesta-finca-matilla-guadalajara-20-768x512.jpg 768w\" sizes=\"auto, (max-width: 1100px) 100vw, 1100px\" \/><img loading=\"lazy\" decoding=\"async\" class=\"alignnone size-full wp-image-13603\" src=\"http:\/\/www.daniperezfotografia.es\/wordpress\/wp-content\/uploads\/2020\/05\/fotos-boda-baile-fiesta-finca-matilla-guadalajara-07.jpg\" alt=\"foto fiesta boda finca la matilla guadalajara\" width=\"1100\" height=\"734\" srcset=\"http:\/\/www.daniperezfotografia.es\/wordpress\/wp-content\/uploads\/2020\/05\/fotos-boda-baile-fiesta-finca-matilla-guadalajara-07.jpg 1100w, http:\/\/www.daniperezfotografia.es\/wordpress\/wp-content\/uploads\/2020\/05\/fotos-boda-baile-fiesta-finca-matilla-guadalajara-07-750x500.jpg 750w, http:\/\/www.daniperezfotografia.es\/wordpress\/wp-content\/uploads\/2020\/05\/fotos-boda-baile-fiesta-finca-matilla-guadalajara-07-1024x683.jpg 1024w, http:\/\/www.daniperezfotografia.es\/wordpress\/wp-content\/uploads\/2020\/05\/fotos-boda-baile-fiesta-finca-matilla-guadalajara-07-768x512.jpg 768w\" sizes=\"auto, (max-width: 1100px) 100vw, 1100px\" \/><\/p>\n<h2>Fotos especiales<\/h2>\n<p>En un reportaje de boda, tomamos muchas, much\u00edsimas fotos. Siempre buscamos captar momentos naturales, sin intervenir, para que las emociones de la imagen, sean reales. Antes de despedirnos y dar por finalizada la jornada, Diego nos hizo una petici\u00f3n; quer\u00eda una<strong> foto con su abuela<\/strong>. Sabemos que esas im\u00e1genes ser\u00e1n de las mas importantes entre sus fotografias de boda.<\/p>\n<p><img loading=\"lazy\" decoding=\"async\" class=\"size-full wp-image-13615 aligncenter\" src=\"http:\/\/www.daniperezfotografia.es\/wordpress\/wp-content\/uploads\/2020\/05\/fotografia-boda-novios-abuela-finca-matilla-guadalajara-01.jpg\" alt=\"foto boda novios con abuela finca la matilla guadalajara\" width=\"734\" height=\"1100\" srcset=\"http:\/\/www.daniperezfotografia.es\/wordpress\/wp-content\/uploads\/2020\/05\/fotografia-boda-novios-abuela-finca-matilla-guadalajara-01.jpg 734w, http:\/\/www.daniperezfotografia.es\/wordpress\/wp-content\/uploads\/2020\/05\/fotografia-boda-novios-abuela-finca-matilla-guadalajara-01-500x750.jpg 500w, http:\/\/www.daniperezfotografia.es\/wordpress\/wp-content\/uploads\/2020\/05\/fotografia-boda-novios-abuela-finca-matilla-guadalajara-01-683x1024.jpg 683w\" sizes=\"auto, (max-width: 734px) 100vw, 734px\" \/><img loading=\"lazy\" decoding=\"async\" class=\"size-full wp-image-13616 aligncenter\" src=\"http:\/\/www.daniperezfotografia.es\/wordpress\/wp-content\/uploads\/2020\/05\/fotografia-boda-novios-abuela-finca-matilla-guadalajara-03.jpg\" alt=\"foto boda abuela nocio finca la matilla guadalajara\" width=\"733\" height=\"1100\" srcset=\"http:\/\/www.daniperezfotografia.es\/wordpress\/wp-content\/uploads\/2020\/05\/fotografia-boda-novios-abuela-finca-matilla-guadalajara-03.jpg 733w, http:\/\/www.daniperezfotografia.es\/wordpress\/wp-content\/uploads\/2020\/05\/fotografia-boda-novios-abuela-finca-matilla-guadalajara-03-500x750.jpg 500w, http:\/\/www.daniperezfotografia.es\/wordpress\/wp-content\/uploads\/2020\/05\/fotografia-boda-novios-abuela-finca-matilla-guadalajara-03-682x1024.jpg 682w\" sizes=\"auto, (max-width: 733px) 100vw, 733px\" \/><\/p>\n<p><img loading=\"lazy\" decoding=\"async\" class=\"alignnone size-full wp-image-13617\" src=\"http:\/\/www.daniperezfotografia.es\/wordpress\/wp-content\/uploads\/2020\/05\/fotografia-boda-novios-abuela-finca-matilla-guadalajara-04.jpg\" alt=\"foto boda novios y abuela finca la matilla guadalajara\" width=\"1100\" height=\"733\" srcset=\"http:\/\/www.daniperezfotografia.es\/wordpress\/wp-content\/uploads\/2020\/05\/fotografia-boda-novios-abuela-finca-matilla-guadalajara-04.jpg 1100w, http:\/\/www.daniperezfotografia.es\/wordpress\/wp-content\/uploads\/2020\/05\/fotografia-boda-novios-abuela-finca-matilla-guadalajara-04-750x500.jpg 750w, http:\/\/www.daniperezfotografia.es\/wordpress\/wp-content\/uploads\/2020\/05\/fotografia-boda-novios-abuela-finca-matilla-guadalajara-04-1024x682.jpg 1024w, http:\/\/www.daniperezfotografia.es\/wordpress\/wp-content\/uploads\/2020\/05\/fotografia-boda-novios-abuela-finca-matilla-guadalajara-04-768x512.jpg 768w\" sizes=\"auto, (max-width: 1100px) 100vw, 1100px\" \/><\/p>\n<p>Gracias a la\u00a0<b>fotograf\u00eda de bodas<\/b>, que me permite compartir dias tan especiales con gente maravillosa. Y gracias a ti por tu tiempo, espero que este reportaje de <strong>fotos de boda en Guadalajara<\/strong> te haya gustado.<\/p>","protected":false},"excerpt":{"rendered":"<p>En esta publicaci\u00f3n, os presentamos un resumen de las fotos de boda de Roc\u00edo y Diego, celebrada en la Finca la Matilla. Veremos fotograf\u00edas de los preparativos, fotos de la ceremonia religiosa en la Parroquia de Santa Mar\u00eda Micaela y la sesi\u00f3n de fotos de novios al atardecer, en esta finca de bodas en Guadalajara. [&hellip;]<\/p>\n","protected":false},"author":3,"featured_media":13575,"comment_status":"closed","ping_status":"open","sticky":false,"template":"","format":"standard","meta":{"footnotes":""},"categories":[63],"tags":[993,1021],"class_list":["post-13237","post","type-post","status-publish","format-standard","has-post-thumbnail","hentry","category-bodas","tag-finca-la-matilla","tag-parroquia-de-santa-maria-micaela"],"blocksy_meta":{"styles_descriptor":{"styles":{"desktop":"","tablet":"","mobile":""},"google_fonts":[],"version":6}},"yoast_head":"<!-- This site is optimized with the Yoast SEO plugin v27.4 - https:\/\/yoast.com\/product\/yoast-seo-wordpress\/ -->\n<title>Fotos de Boda: Reportaje de Boda en la Finca la Matilla en Guadalajara<\/title>\n<meta name=\"description\" content=\"Un reportaje de boda marcado por el espectacular atadecer, que disfrutamos durante la sesion de fotos de pareja, en esta Boda en la Finca la Matilla\" \/>\n<meta name=\"robots\" content=\"index, follow, max-snippet:-1, max-image-preview:large, max-video-preview:-1\" \/>\n<link rel=\"canonical\" href=\"http:\/\/www.daniperezfotografia.es\/wordpress\/bodas\/boda-finca-matilla\" \/>\n<meta property=\"og:locale\" content=\"es_ES\" \/>\n<meta property=\"og:type\" content=\"article\" \/>\n<meta property=\"og:title\" content=\"Fotos de Boda: Reportaje de Boda en la Finca la Matilla en Guadalajara\" \/>\n<meta property=\"og:description\" content=\"Un reportaje de boda marcado por el espectacular atadecer, que disfrutamos durante la sesion de fotos de pareja, en esta Boda en la Finca la Matilla\" \/>\n<meta property=\"og:url\" content=\"http:\/\/www.daniperezfotografia.es\/wordpress\/bodas\/boda-finca-matilla\" \/>\n<meta property=\"og:site_name\" content=\"Dani Perez Fotografia | Fotografo Profesional en Madrid\" \/>\n<meta property=\"article:publisher\" content=\"https:\/\/www.facebook.com\/daniperezfotografia\" \/>\n<meta property=\"article:published_time\" content=\"2020-05-13T11:03:23+00:00\" \/>\n<meta property=\"article:modified_time\" content=\"2022-08-31T10:44:09+00:00\" \/>\n<meta property=\"og:image\" content=\"http:\/\/www.daniperezfotografia.es\/wordpress\/wp-content\/uploads\/2020\/05\/fotos-de-novios-finca-bodas-guadalajara-la-matilla-05.jpg\" \/>\n\t<meta property=\"og:image:width\" content=\"1100\" \/>\n\t<meta property=\"og:image:height\" content=\"734\" \/>\n\t<meta property=\"og:image:type\" content=\"image\/jpeg\" \/>\n<meta name=\"author\" content=\"Dani\" \/>\n<meta name=\"twitter:card\" content=\"summary_large_image\" \/>\n<meta name=\"twitter:creator\" content=\"@daniperezfoto\" \/>\n<meta name=\"twitter:site\" content=\"@daniperezfoto\" \/>\n<meta name=\"twitter:label1\" content=\"Escrito por\" \/>\n\t<meta name=\"twitter:data1\" content=\"Dani\" \/>\n\t<meta name=\"twitter:label2\" content=\"Tiempo de lectura\" \/>\n\t<meta name=\"twitter:data2\" content=\"25 minutos\" \/>\n<script type=\"application\/ld+json\" class=\"yoast-schema-graph\">{\"@context\":\"https:\\\/\\\/schema.org\",\"@graph\":[{\"@type\":\"Article\",\"@id\":\"http:\\\/\\\/www.daniperezfotografia.es\\\/wordpress\\\/bodas\\\/boda-finca-matilla#article\",\"isPartOf\":{\"@id\":\"http:\\\/\\\/www.daniperezfotografia.es\\\/wordpress\\\/bodas\\\/boda-finca-matilla\"},\"author\":{\"name\":\"Dani\",\"@id\":\"https:\\\/\\\/www.daniperezfotografia.es\\\/wordpress\\\/#\\\/schema\\\/person\\\/fd3c30e4e762998d6859e7cb5e31ed65\"},\"headline\":\"Boda en la Finca la Matilla\",\"datePublished\":\"2020-05-13T11:03:23+00:00\",\"dateModified\":\"2022-08-31T10:44:09+00:00\",\"mainEntityOfPage\":{\"@id\":\"http:\\\/\\\/www.daniperezfotografia.es\\\/wordpress\\\/bodas\\\/boda-finca-matilla\"},\"wordCount\":942,\"publisher\":{\"@id\":\"https:\\\/\\\/www.daniperezfotografia.es\\\/wordpress\\\/#organization\"},\"image\":{\"@id\":\"http:\\\/\\\/www.daniperezfotografia.es\\\/wordpress\\\/bodas\\\/boda-finca-matilla#primaryimage\"},\"thumbnailUrl\":\"http:\\\/\\\/www.daniperezfotografia.es\\\/wordpress\\\/wp-content\\\/uploads\\\/2020\\\/05\\\/fotos-de-novios-finca-bodas-guadalajara-la-matilla-05.jpg\",\"keywords\":[\"Finca la Matilla\",\"Parroquia de Santa Maria Micaela\"],\"articleSection\":[\"Reportajes de Bodas\"],\"inLanguage\":\"es\"},{\"@type\":\"WebPage\",\"@id\":\"http:\\\/\\\/www.daniperezfotografia.es\\\/wordpress\\\/bodas\\\/boda-finca-matilla\",\"url\":\"http:\\\/\\\/www.daniperezfotografia.es\\\/wordpress\\\/bodas\\\/boda-finca-matilla\",\"name\":\"Fotos de Boda: Reportaje de Boda en la Finca la Matilla en Guadalajara\",\"isPartOf\":{\"@id\":\"https:\\\/\\\/www.daniperezfotografia.es\\\/wordpress\\\/#website\"},\"primaryImageOfPage\":{\"@id\":\"http:\\\/\\\/www.daniperezfotografia.es\\\/wordpress\\\/bodas\\\/boda-finca-matilla#primaryimage\"},\"image\":{\"@id\":\"http:\\\/\\\/www.daniperezfotografia.es\\\/wordpress\\\/bodas\\\/boda-finca-matilla#primaryimage\"},\"thumbnailUrl\":\"http:\\\/\\\/www.daniperezfotografia.es\\\/wordpress\\\/wp-content\\\/uploads\\\/2020\\\/05\\\/fotos-de-novios-finca-bodas-guadalajara-la-matilla-05.jpg\",\"datePublished\":\"2020-05-13T11:03:23+00:00\",\"dateModified\":\"2022-08-31T10:44:09+00:00\",\"description\":\"Un reportaje de boda marcado por el espectacular atadecer, que disfrutamos durante la sesion de fotos de pareja, en esta Boda en la Finca la Matilla\",\"breadcrumb\":{\"@id\":\"http:\\\/\\\/www.daniperezfotografia.es\\\/wordpress\\\/bodas\\\/boda-finca-matilla#breadcrumb\"},\"inLanguage\":\"es\",\"potentialAction\":[{\"@type\":\"ReadAction\",\"target\":[\"http:\\\/\\\/www.daniperezfotografia.es\\\/wordpress\\\/bodas\\\/boda-finca-matilla\"]}]},{\"@type\":\"ImageObject\",\"inLanguage\":\"es\",\"@id\":\"http:\\\/\\\/www.daniperezfotografia.es\\\/wordpress\\\/bodas\\\/boda-finca-matilla#primaryimage\",\"url\":\"http:\\\/\\\/www.daniperezfotografia.es\\\/wordpress\\\/wp-content\\\/uploads\\\/2020\\\/05\\\/fotos-de-novios-finca-bodas-guadalajara-la-matilla-05.jpg\",\"contentUrl\":\"http:\\\/\\\/www.daniperezfotografia.es\\\/wordpress\\\/wp-content\\\/uploads\\\/2020\\\/05\\\/fotos-de-novios-finca-bodas-guadalajara-la-matilla-05.jpg\",\"width\":1100,\"height\":734,\"caption\":\"fotos novios finca bodas guadalajara la matilla\"},{\"@type\":\"BreadcrumbList\",\"@id\":\"http:\\\/\\\/www.daniperezfotografia.es\\\/wordpress\\\/bodas\\\/boda-finca-matilla#breadcrumb\",\"itemListElement\":[{\"@type\":\"ListItem\",\"position\":1,\"name\":\"Portada\",\"item\":\"https:\\\/\\\/www.daniperezfotografia.es\\\/wordpress\\\/\"},{\"@type\":\"ListItem\",\"position\":2,\"name\":\"Boda en la Finca la Matilla\"}]},{\"@type\":\"WebSite\",\"@id\":\"https:\\\/\\\/www.daniperezfotografia.es\\\/wordpress\\\/#website\",\"url\":\"https:\\\/\\\/www.daniperezfotografia.es\\\/wordpress\\\/\",\"name\":\"Dani Perez Fotografia | Fotografo Profesional en Madrid\",\"description\":\"Reportajes de bodas, bautizos, comuniones y sesiones de familia para particulares. Eventos, conferencias y retrato corporativo para empresas. Video de conferencias\",\"publisher\":{\"@id\":\"https:\\\/\\\/www.daniperezfotografia.es\\\/wordpress\\\/#organization\"},\"potentialAction\":[{\"@type\":\"SearchAction\",\"target\":{\"@type\":\"EntryPoint\",\"urlTemplate\":\"https:\\\/\\\/www.daniperezfotografia.es\\\/wordpress\\\/?s={search_term_string}\"},\"query-input\":{\"@type\":\"PropertyValueSpecification\",\"valueRequired\":true,\"valueName\":\"search_term_string\"}}],\"inLanguage\":\"es\"},{\"@type\":\"Organization\",\"@id\":\"https:\\\/\\\/www.daniperezfotografia.es\\\/wordpress\\\/#organization\",\"name\":\"Dani Perez Fotografia y Video\",\"url\":\"https:\\\/\\\/www.daniperezfotografia.es\\\/wordpress\\\/\",\"logo\":{\"@type\":\"ImageObject\",\"inLanguage\":\"es\",\"@id\":\"https:\\\/\\\/www.daniperezfotografia.es\\\/wordpress\\\/#\\\/schema\\\/logo\\\/image\\\/\",\"url\":\"\",\"contentUrl\":\"\",\"caption\":\"Dani Perez Fotografia y Video\"},\"image\":{\"@id\":\"https:\\\/\\\/www.daniperezfotografia.es\\\/wordpress\\\/#\\\/schema\\\/logo\\\/image\\\/\"},\"sameAs\":[\"https:\\\/\\\/www.facebook.com\\\/daniperezfotografia\",\"https:\\\/\\\/x.com\\\/daniperezfoto\",\"https:\\\/\\\/instagram.com\\\/daniperezfotografia\\\/\",\"https:\\\/\\\/www.linkedin.com\\\/pub\\\/dani-perez-fotografo\\\/b2\\\/3b0\\\/594\"]},{\"@type\":\"Person\",\"@id\":\"https:\\\/\\\/www.daniperezfotografia.es\\\/wordpress\\\/#\\\/schema\\\/person\\\/fd3c30e4e762998d6859e7cb5e31ed65\",\"name\":\"Dani\"}]}<\/script>\n<!-- \/ Yoast SEO plugin. -->","yoast_head_json":{"title":"Fotos de Boda: Reportaje de Boda en la Finca la Matilla en Guadalajara","description":"Un reportaje de boda marcado por el espectacular atadecer, que disfrutamos durante la sesion de fotos de pareja, en esta Boda en la Finca la Matilla","robots":{"index":"index","follow":"follow","max-snippet":"max-snippet:-1","max-image-preview":"max-image-preview:large","max-video-preview":"max-video-preview:-1"},"canonical":"http:\/\/www.daniperezfotografia.es\/wordpress\/bodas\/boda-finca-matilla","og_locale":"es_ES","og_type":"article","og_title":"Fotos de Boda: Reportaje de Boda en la Finca la Matilla en Guadalajara","og_description":"Un reportaje de boda marcado por el espectacular atadecer, que disfrutamos durante la sesion de fotos de pareja, en esta Boda en la Finca la Matilla","og_url":"http:\/\/www.daniperezfotografia.es\/wordpress\/bodas\/boda-finca-matilla","og_site_name":"Dani Perez Fotografia | Fotografo Profesional en Madrid","article_publisher":"https:\/\/www.facebook.com\/daniperezfotografia","article_published_time":"2020-05-13T11:03:23+00:00","article_modified_time":"2022-08-31T10:44:09+00:00","og_image":[{"width":1100,"height":734,"url":"http:\/\/www.daniperezfotografia.es\/wordpress\/wp-content\/uploads\/2020\/05\/fotos-de-novios-finca-bodas-guadalajara-la-matilla-05.jpg","type":"image\/jpeg"}],"author":"Dani","twitter_card":"summary_large_image","twitter_creator":"@daniperezfoto","twitter_site":"@daniperezfoto","twitter_misc":{"Escrito por":"Dani","Tiempo de lectura":"25 minutos"},"schema":{"@context":"https:\/\/schema.org","@graph":[{"@type":"Article","@id":"http:\/\/www.daniperezfotografia.es\/wordpress\/bodas\/boda-finca-matilla#article","isPartOf":{"@id":"http:\/\/www.daniperezfotografia.es\/wordpress\/bodas\/boda-finca-matilla"},"author":{"name":"Dani","@id":"https:\/\/www.daniperezfotografia.es\/wordpress\/#\/schema\/person\/fd3c30e4e762998d6859e7cb5e31ed65"},"headline":"Boda en la Finca la Matilla","datePublished":"2020-05-13T11:03:23+00:00","dateModified":"2022-08-31T10:44:09+00:00","mainEntityOfPage":{"@id":"http:\/\/www.daniperezfotografia.es\/wordpress\/bodas\/boda-finca-matilla"},"wordCount":942,"publisher":{"@id":"https:\/\/www.daniperezfotografia.es\/wordpress\/#organization"},"image":{"@id":"http:\/\/www.daniperezfotografia.es\/wordpress\/bodas\/boda-finca-matilla#primaryimage"},"thumbnailUrl":"http:\/\/www.daniperezfotografia.es\/wordpress\/wp-content\/uploads\/2020\/05\/fotos-de-novios-finca-bodas-guadalajara-la-matilla-05.jpg","keywords":["Finca la Matilla","Parroquia de Santa Maria Micaela"],"articleSection":["Reportajes de Bodas"],"inLanguage":"es"},{"@type":"WebPage","@id":"http:\/\/www.daniperezfotografia.es\/wordpress\/bodas\/boda-finca-matilla","url":"http:\/\/www.daniperezfotografia.es\/wordpress\/bodas\/boda-finca-matilla","name":"Fotos de Boda: Reportaje de Boda en la Finca la Matilla en Guadalajara","isPartOf":{"@id":"https:\/\/www.daniperezfotografia.es\/wordpress\/#website"},"primaryImageOfPage":{"@id":"http:\/\/www.daniperezfotografia.es\/wordpress\/bodas\/boda-finca-matilla#primaryimage"},"image":{"@id":"http:\/\/www.daniperezfotografia.es\/wordpress\/bodas\/boda-finca-matilla#primaryimage"},"thumbnailUrl":"http:\/\/www.daniperezfotografia.es\/wordpress\/wp-content\/uploads\/2020\/05\/fotos-de-novios-finca-bodas-guadalajara-la-matilla-05.jpg","datePublished":"2020-05-13T11:03:23+00:00","dateModified":"2022-08-31T10:44:09+00:00","description":"Un reportaje de boda marcado por el espectacular atadecer, que disfrutamos durante la sesion de fotos de pareja, en esta Boda en la Finca la Matilla","breadcrumb":{"@id":"http:\/\/www.daniperezfotografia.es\/wordpress\/bodas\/boda-finca-matilla#breadcrumb"},"inLanguage":"es","potentialAction":[{"@type":"ReadAction","target":["http:\/\/www.daniperezfotografia.es\/wordpress\/bodas\/boda-finca-matilla"]}]},{"@type":"ImageObject","inLanguage":"es","@id":"http:\/\/www.daniperezfotografia.es\/wordpress\/bodas\/boda-finca-matilla#primaryimage","url":"http:\/\/www.daniperezfotografia.es\/wordpress\/wp-content\/uploads\/2020\/05\/fotos-de-novios-finca-bodas-guadalajara-la-matilla-05.jpg","contentUrl":"http:\/\/www.daniperezfotografia.es\/wordpress\/wp-content\/uploads\/2020\/05\/fotos-de-novios-finca-bodas-guadalajara-la-matilla-05.jpg","width":1100,"height":734,"caption":"fotos novios finca bodas guadalajara la matilla"},{"@type":"BreadcrumbList","@id":"http:\/\/www.daniperezfotografia.es\/wordpress\/bodas\/boda-finca-matilla#breadcrumb","itemListElement":[{"@type":"ListItem","position":1,"name":"Portada","item":"https:\/\/www.daniperezfotografia.es\/wordpress\/"},{"@type":"ListItem","position":2,"name":"Boda en la Finca la Matilla"}]},{"@type":"WebSite","@id":"https:\/\/www.daniperezfotografia.es\/wordpress\/#website","url":"https:\/\/www.daniperezfotografia.es\/wordpress\/","name":"Dani Perez Fotografia | Fotografo Profesional en Madrid","description":"Reportajes de bodas, bautizos, comuniones y sesiones de familia para particulares. Eventos, conferencias y retrato corporativo para empresas. Video de conferencias","publisher":{"@id":"https:\/\/www.daniperezfotografia.es\/wordpress\/#organization"},"potentialAction":[{"@type":"SearchAction","target":{"@type":"EntryPoint","urlTemplate":"https:\/\/www.daniperezfotografia.es\/wordpress\/?s={search_term_string}"},"query-input":{"@type":"PropertyValueSpecification","valueRequired":true,"valueName":"search_term_string"}}],"inLanguage":"es"},{"@type":"Organization","@id":"https:\/\/www.daniperezfotografia.es\/wordpress\/#organization","name":"Dani Perez Fotografia y Video","url":"https:\/\/www.daniperezfotografia.es\/wordpress\/","logo":{"@type":"ImageObject","inLanguage":"es","@id":"https:\/\/www.daniperezfotografia.es\/wordpress\/#\/schema\/logo\/image\/","url":"","contentUrl":"","caption":"Dani Perez Fotografia y Video"},"image":{"@id":"https:\/\/www.daniperezfotografia.es\/wordpress\/#\/schema\/logo\/image\/"},"sameAs":["https:\/\/www.facebook.com\/daniperezfotografia","https:\/\/x.com\/daniperezfoto","https:\/\/instagram.com\/daniperezfotografia\/","https:\/\/www.linkedin.com\/pub\/dani-perez-fotografo\/b2\/3b0\/594"]},{"@type":"Person","@id":"https:\/\/www.daniperezfotografia.es\/wordpress\/#\/schema\/person\/fd3c30e4e762998d6859e7cb5e31ed65","name":"Dani"}]}},"_links":{"self":[{"href":"http:\/\/www.daniperezfotografia.es\/wordpress\/wp-json\/wp\/v2\/posts\/13237","targetHints":{"allow":["GET"]}}],"collection":[{"href":"http:\/\/www.daniperezfotografia.es\/wordpress\/wp-json\/wp\/v2\/posts"}],"about":[{"href":"http:\/\/www.daniperezfotografia.es\/wordpress\/wp-json\/wp\/v2\/types\/post"}],"author":[{"embeddable":true,"href":"http:\/\/www.daniperezfotografia.es\/wordpress\/wp-json\/wp\/v2\/users\/3"}],"replies":[{"embeddable":true,"href":"http:\/\/www.daniperezfotografia.es\/wordpress\/wp-json\/wp\/v2\/comments?post=13237"}],"version-history":[{"count":2,"href":"http:\/\/www.daniperezfotografia.es\/wordpress\/wp-json\/wp\/v2\/posts\/13237\/revisions"}],"predecessor-version":[{"id":14692,"href":"http:\/\/www.daniperezfotografia.es\/wordpress\/wp-json\/wp\/v2\/posts\/13237\/revisions\/14692"}],"wp:featuredmedia":[{"embeddable":true,"href":"http:\/\/www.daniperezfotografia.es\/wordpress\/wp-json\/wp\/v2\/media\/13575"}],"wp:attachment":[{"href":"http:\/\/www.daniperezfotografia.es\/wordpress\/wp-json\/wp\/v2\/media?parent=13237"}],"wp:term":[{"taxonomy":"category","embeddable":true,"href":"http:\/\/www.daniperezfotografia.es\/wordpress\/wp-json\/wp\/v2\/categories?post=13237"},{"taxonomy":"post_tag","embeddable":true,"href":"http:\/\/www.daniperezfotografia.es\/wordpress\/wp-json\/wp\/v2\/tags?post=13237"}],"curies":[{"name":"wp","href":"https:\/\/api.w.org\/{rel}","templated":true}]}}