{"id":12147,"date":"2017-06-22T20:56:24","date_gmt":"2017-06-22T19:56:24","guid":{"rendered":"http:\/\/www.daniperezfotografia.es\/wordpress\/?p=12147"},"modified":"2020-06-14T17:07:58","modified_gmt":"2020-06-14T16:07:58","slug":"fotografo-bautizos-la-parroquia-san-matias","status":"publish","type":"post","link":"http:\/\/www.daniperezfotografia.es\/wordpress\/fotos-de-bautizo\/fotografo-bautizos-la-parroquia-san-matias","title":{"rendered":"Bautizo en la Parroquia de San Matias"},"content":{"rendered":"<h2>Bautizo en la Parroquia de San Matias.<\/h2>\n<p>En este reportaje de fotos de bautizo, realizamos una cobertura de preparativos, ceremonia y sesi\u00f3n de familia.<\/p>\n<p>Llegamos a casa de la familia de Roque, nuestro peque\u00f1o protagonista de hoy, para hacer la sesi\u00f3n de fotos de los preparativos. Primero una peque\u00f1a <strong>sesi\u00f3n al bebe<\/strong>, el solo, para que teng\u00e1is una bonito recuerdo de esta edad en la que crecen tan r\u00e1pido. Solemos hacer estas fotos en la habitaci\u00f3n de los padres, por ser la mas espaciosa y luminosa. Despu\u00e9s, sin intervenir hacemos <strong>fotos mientras se viste <\/strong>al bebe. Para terminar hacemos las <strong>fotos de familia<\/strong> con todas las personas que est\u00e9n compartiendo los preparativos en casa.<\/p>\n<p><img loading=\"lazy\" decoding=\"async\" class=\"alignnone size-full wp-image-12151\" src=\"http:\/\/www.daniperezfotografia.es\/wordpress\/wp-content\/uploads\/2017\/06\/fotografo-de-bautizos-en-la-parroquia-de-san-matias-01.jpg\" alt=\"\" width=\"1100\" height=\"734\" srcset=\"http:\/\/www.daniperezfotografia.es\/wordpress\/wp-content\/uploads\/2017\/06\/fotografo-de-bautizos-en-la-parroquia-de-san-matias-01.jpg 1100w, http:\/\/www.daniperezfotografia.es\/wordpress\/wp-content\/uploads\/2017\/06\/fotografo-de-bautizos-en-la-parroquia-de-san-matias-01-750x500.jpg 750w, http:\/\/www.daniperezfotografia.es\/wordpress\/wp-content\/uploads\/2017\/06\/fotografo-de-bautizos-en-la-parroquia-de-san-matias-01-768x512.jpg 768w, http:\/\/www.daniperezfotografia.es\/wordpress\/wp-content\/uploads\/2017\/06\/fotografo-de-bautizos-en-la-parroquia-de-san-matias-01-1024x683.jpg 1024w, http:\/\/www.daniperezfotografia.es\/wordpress\/wp-content\/uploads\/2017\/06\/fotografo-de-bautizos-en-la-parroquia-de-san-matias-01-700x467.jpg 700w\" sizes=\"auto, (max-width: 1100px) 100vw, 1100px\" \/><img loading=\"lazy\" decoding=\"async\" class=\"alignnone size-full wp-image-12153\" src=\"http:\/\/www.daniperezfotografia.es\/wordpress\/wp-content\/uploads\/2017\/06\/fotografo-de-bautizos-en-la-parroquia-de-san-matias-05.jpg\" alt=\"fotografo de bautizos en la parroquia de san matias\" width=\"1100\" height=\"734\" srcset=\"http:\/\/www.daniperezfotografia.es\/wordpress\/wp-content\/uploads\/2017\/06\/fotografo-de-bautizos-en-la-parroquia-de-san-matias-05.jpg 1100w, http:\/\/www.daniperezfotografia.es\/wordpress\/wp-content\/uploads\/2017\/06\/fotografo-de-bautizos-en-la-parroquia-de-san-matias-05-750x500.jpg 750w, http:\/\/www.daniperezfotografia.es\/wordpress\/wp-content\/uploads\/2017\/06\/fotografo-de-bautizos-en-la-parroquia-de-san-matias-05-768x512.jpg 768w, http:\/\/www.daniperezfotografia.es\/wordpress\/wp-content\/uploads\/2017\/06\/fotografo-de-bautizos-en-la-parroquia-de-san-matias-05-1024x683.jpg 1024w, http:\/\/www.daniperezfotografia.es\/wordpress\/wp-content\/uploads\/2017\/06\/fotografo-de-bautizos-en-la-parroquia-de-san-matias-05-700x467.jpg 700w\" sizes=\"auto, (max-width: 1100px) 100vw, 1100px\" \/><img loading=\"lazy\" decoding=\"async\" class=\"alignnone size-full wp-image-12154\" src=\"http:\/\/www.daniperezfotografia.es\/wordpress\/wp-content\/uploads\/2017\/06\/fotografo-de-bautizos-en-la-parroquia-de-san-matias-06.jpg\" alt=\"fotografo de bautizos en la parroquia de san matias\" width=\"1100\" height=\"734\" srcset=\"http:\/\/www.daniperezfotografia.es\/wordpress\/wp-content\/uploads\/2017\/06\/fotografo-de-bautizos-en-la-parroquia-de-san-matias-06.jpg 1100w, http:\/\/www.daniperezfotografia.es\/wordpress\/wp-content\/uploads\/2017\/06\/fotografo-de-bautizos-en-la-parroquia-de-san-matias-06-750x500.jpg 750w, http:\/\/www.daniperezfotografia.es\/wordpress\/wp-content\/uploads\/2017\/06\/fotografo-de-bautizos-en-la-parroquia-de-san-matias-06-768x512.jpg 768w, http:\/\/www.daniperezfotografia.es\/wordpress\/wp-content\/uploads\/2017\/06\/fotografo-de-bautizos-en-la-parroquia-de-san-matias-06-1024x683.jpg 1024w, http:\/\/www.daniperezfotografia.es\/wordpress\/wp-content\/uploads\/2017\/06\/fotografo-de-bautizos-en-la-parroquia-de-san-matias-06-700x467.jpg 700w\" sizes=\"auto, (max-width: 1100px) 100vw, 1100px\" \/><img loading=\"lazy\" decoding=\"async\" class=\"alignnone size-full wp-image-12156\" src=\"http:\/\/www.daniperezfotografia.es\/wordpress\/wp-content\/uploads\/2017\/06\/fotografo-de-bautizos-en-la-parroquia-de-san-matias-08.jpg\" alt=\"fotografo de bautizos en la parroquia de san matias\" width=\"1100\" height=\"734\" srcset=\"http:\/\/www.daniperezfotografia.es\/wordpress\/wp-content\/uploads\/2017\/06\/fotografo-de-bautizos-en-la-parroquia-de-san-matias-08.jpg 1100w, http:\/\/www.daniperezfotografia.es\/wordpress\/wp-content\/uploads\/2017\/06\/fotografo-de-bautizos-en-la-parroquia-de-san-matias-08-750x500.jpg 750w, http:\/\/www.daniperezfotografia.es\/wordpress\/wp-content\/uploads\/2017\/06\/fotografo-de-bautizos-en-la-parroquia-de-san-matias-08-768x512.jpg 768w, http:\/\/www.daniperezfotografia.es\/wordpress\/wp-content\/uploads\/2017\/06\/fotografo-de-bautizos-en-la-parroquia-de-san-matias-08-1024x683.jpg 1024w, http:\/\/www.daniperezfotografia.es\/wordpress\/wp-content\/uploads\/2017\/06\/fotografo-de-bautizos-en-la-parroquia-de-san-matias-08-700x467.jpg 700w\" sizes=\"auto, (max-width: 1100px) 100vw, 1100px\" \/><img loading=\"lazy\" decoding=\"async\" class=\"alignnone size-full wp-image-12157\" src=\"http:\/\/www.daniperezfotografia.es\/wordpress\/wp-content\/uploads\/2017\/06\/fotografo-de-bautizos-en-la-parroquia-de-san-matias-09.jpg\" alt=\"fotografo de bautizos en la parroquia de san matias\" width=\"1100\" height=\"734\" srcset=\"http:\/\/www.daniperezfotografia.es\/wordpress\/wp-content\/uploads\/2017\/06\/fotografo-de-bautizos-en-la-parroquia-de-san-matias-09.jpg 1100w, http:\/\/www.daniperezfotografia.es\/wordpress\/wp-content\/uploads\/2017\/06\/fotografo-de-bautizos-en-la-parroquia-de-san-matias-09-750x500.jpg 750w, http:\/\/www.daniperezfotografia.es\/wordpress\/wp-content\/uploads\/2017\/06\/fotografo-de-bautizos-en-la-parroquia-de-san-matias-09-768x512.jpg 768w, http:\/\/www.daniperezfotografia.es\/wordpress\/wp-content\/uploads\/2017\/06\/fotografo-de-bautizos-en-la-parroquia-de-san-matias-09-1024x683.jpg 1024w, http:\/\/www.daniperezfotografia.es\/wordpress\/wp-content\/uploads\/2017\/06\/fotografo-de-bautizos-en-la-parroquia-de-san-matias-09-700x467.jpg 700w\" sizes=\"auto, (max-width: 1100px) 100vw, 1100px\" \/><img loading=\"lazy\" decoding=\"async\" class=\"alignnone size-full wp-image-12158\" src=\"http:\/\/www.daniperezfotografia.es\/wordpress\/wp-content\/uploads\/2017\/06\/fotografo-de-bautizos-en-la-parroquia-de-san-matias-10.jpg\" alt=\"fotografo de bautizos en la parroquia de san matias\" width=\"1100\" height=\"734\" srcset=\"http:\/\/www.daniperezfotografia.es\/wordpress\/wp-content\/uploads\/2017\/06\/fotografo-de-bautizos-en-la-parroquia-de-san-matias-10.jpg 1100w, http:\/\/www.daniperezfotografia.es\/wordpress\/wp-content\/uploads\/2017\/06\/fotografo-de-bautizos-en-la-parroquia-de-san-matias-10-750x500.jpg 750w, http:\/\/www.daniperezfotografia.es\/wordpress\/wp-content\/uploads\/2017\/06\/fotografo-de-bautizos-en-la-parroquia-de-san-matias-10-768x512.jpg 768w, http:\/\/www.daniperezfotografia.es\/wordpress\/wp-content\/uploads\/2017\/06\/fotografo-de-bautizos-en-la-parroquia-de-san-matias-10-1024x683.jpg 1024w, http:\/\/www.daniperezfotografia.es\/wordpress\/wp-content\/uploads\/2017\/06\/fotografo-de-bautizos-en-la-parroquia-de-san-matias-10-700x467.jpg 700w\" sizes=\"auto, (max-width: 1100px) 100vw, 1100px\" \/><img loading=\"lazy\" decoding=\"async\" class=\"alignnone size-full wp-image-12159\" src=\"http:\/\/www.daniperezfotografia.es\/wordpress\/wp-content\/uploads\/2017\/06\/fotografo-de-bautizos-en-la-parroquia-de-san-matias-11.jpg\" alt=\"fotografo de bautizos en hortaleza parroquia san matias\" width=\"1100\" height=\"824\" srcset=\"http:\/\/www.daniperezfotografia.es\/wordpress\/wp-content\/uploads\/2017\/06\/fotografo-de-bautizos-en-la-parroquia-de-san-matias-11.jpg 1100w, http:\/\/www.daniperezfotografia.es\/wordpress\/wp-content\/uploads\/2017\/06\/fotografo-de-bautizos-en-la-parroquia-de-san-matias-11-750x562.jpg 750w, http:\/\/www.daniperezfotografia.es\/wordpress\/wp-content\/uploads\/2017\/06\/fotografo-de-bautizos-en-la-parroquia-de-san-matias-11-768x575.jpg 768w, http:\/\/www.daniperezfotografia.es\/wordpress\/wp-content\/uploads\/2017\/06\/fotografo-de-bautizos-en-la-parroquia-de-san-matias-11-1024x767.jpg 1024w, http:\/\/www.daniperezfotografia.es\/wordpress\/wp-content\/uploads\/2017\/06\/fotografo-de-bautizos-en-la-parroquia-de-san-matias-11-800x600.jpg 800w, http:\/\/www.daniperezfotografia.es\/wordpress\/wp-content\/uploads\/2017\/06\/fotografo-de-bautizos-en-la-parroquia-de-san-matias-11-700x524.jpg 700w\" sizes=\"auto, (max-width: 1100px) 100vw, 1100px\" \/><img loading=\"lazy\" decoding=\"async\" class=\"alignnone size-full wp-image-12161\" src=\"http:\/\/www.daniperezfotografia.es\/wordpress\/wp-content\/uploads\/2017\/06\/fotografo-de-bautizos-en-la-parroquia-de-san-matias-14.jpg\" alt=\"fotografo de bautizos en hortaleza parroquia san matias\" width=\"1100\" height=\"734\" srcset=\"http:\/\/www.daniperezfotografia.es\/wordpress\/wp-content\/uploads\/2017\/06\/fotografo-de-bautizos-en-la-parroquia-de-san-matias-14.jpg 1100w, http:\/\/www.daniperezfotografia.es\/wordpress\/wp-content\/uploads\/2017\/06\/fotografo-de-bautizos-en-la-parroquia-de-san-matias-14-750x500.jpg 750w, http:\/\/www.daniperezfotografia.es\/wordpress\/wp-content\/uploads\/2017\/06\/fotografo-de-bautizos-en-la-parroquia-de-san-matias-14-768x512.jpg 768w, http:\/\/www.daniperezfotografia.es\/wordpress\/wp-content\/uploads\/2017\/06\/fotografo-de-bautizos-en-la-parroquia-de-san-matias-14-1024x683.jpg 1024w, http:\/\/www.daniperezfotografia.es\/wordpress\/wp-content\/uploads\/2017\/06\/fotografo-de-bautizos-en-la-parroquia-de-san-matias-14-700x467.jpg 700w\" sizes=\"auto, (max-width: 1100px) 100vw, 1100px\" \/><img loading=\"lazy\" decoding=\"async\" class=\"alignnone size-full wp-image-12162\" src=\"http:\/\/www.daniperezfotografia.es\/wordpress\/wp-content\/uploads\/2017\/06\/fotografo-de-bautizos-en-la-parroquia-de-san-matias-16.jpg\" alt=\"fotografo de bautizos en hortaleza parroquia san matias\" width=\"1100\" height=\"550\" srcset=\"http:\/\/www.daniperezfotografia.es\/wordpress\/wp-content\/uploads\/2017\/06\/fotografo-de-bautizos-en-la-parroquia-de-san-matias-16.jpg 1100w, http:\/\/www.daniperezfotografia.es\/wordpress\/wp-content\/uploads\/2017\/06\/fotografo-de-bautizos-en-la-parroquia-de-san-matias-16-750x375.jpg 750w, http:\/\/www.daniperezfotografia.es\/wordpress\/wp-content\/uploads\/2017\/06\/fotografo-de-bautizos-en-la-parroquia-de-san-matias-16-768x384.jpg 768w, http:\/\/www.daniperezfotografia.es\/wordpress\/wp-content\/uploads\/2017\/06\/fotografo-de-bautizos-en-la-parroquia-de-san-matias-16-1024x512.jpg 1024w, http:\/\/www.daniperezfotografia.es\/wordpress\/wp-content\/uploads\/2017\/06\/fotografo-de-bautizos-en-la-parroquia-de-san-matias-16-1000x500.jpg 1000w, http:\/\/www.daniperezfotografia.es\/wordpress\/wp-content\/uploads\/2017\/06\/fotografo-de-bautizos-en-la-parroquia-de-san-matias-16-700x350.jpg 700w\" sizes=\"auto, (max-width: 1100px) 100vw, 1100px\" \/><\/p>\n<p>Una vez esta todo preparado, nos vemos a la iglesia. No estaba lejos, de modo que fuimos dando un agradable paseo hasta la <a href=\"https:\/\/www.misas.org\/p\/parroquia-de-san-matias-madrid\" target=\"_blank\" rel=\"noopener noreferrer\">Parroquia de San Matias<\/a>, en el barrio de Hortaleza, donde ademas de hacer las<strong> fotos de los momentos mas representativos de la ceremonia<\/strong>, tomamos fotos naturales y divertidas de todo lo que sucede de forma natural durante el bautizo. Las caras de los familiares al saludar al bebe, los mas peque\u00f1os jugando y haciendo de las suyas, besos, abrazos, risas y <strong>fotos de momentos expontaneos<\/strong> que merece la pena conservar.<\/p>\n<p><img loading=\"lazy\" decoding=\"async\" class=\"alignnone size-full wp-image-12163\" src=\"http:\/\/www.daniperezfotografia.es\/wordpress\/wp-content\/uploads\/2017\/06\/fotografo-de-bautizos-en-la-parroquia-de-san-matias-19.jpg\" alt=\"fotografo de bautizos en hortaleza parroquia san matias\" width=\"1100\" height=\"734\" srcset=\"http:\/\/www.daniperezfotografia.es\/wordpress\/wp-content\/uploads\/2017\/06\/fotografo-de-bautizos-en-la-parroquia-de-san-matias-19.jpg 1100w, http:\/\/www.daniperezfotografia.es\/wordpress\/wp-content\/uploads\/2017\/06\/fotografo-de-bautizos-en-la-parroquia-de-san-matias-19-750x500.jpg 750w, http:\/\/www.daniperezfotografia.es\/wordpress\/wp-content\/uploads\/2017\/06\/fotografo-de-bautizos-en-la-parroquia-de-san-matias-19-768x512.jpg 768w, http:\/\/www.daniperezfotografia.es\/wordpress\/wp-content\/uploads\/2017\/06\/fotografo-de-bautizos-en-la-parroquia-de-san-matias-19-1024x683.jpg 1024w, http:\/\/www.daniperezfotografia.es\/wordpress\/wp-content\/uploads\/2017\/06\/fotografo-de-bautizos-en-la-parroquia-de-san-matias-19-700x467.jpg 700w\" sizes=\"auto, (max-width: 1100px) 100vw, 1100px\" \/><img loading=\"lazy\" decoding=\"async\" class=\"alignnone size-full wp-image-12164\" src=\"http:\/\/www.daniperezfotografia.es\/wordpress\/wp-content\/uploads\/2017\/06\/fotografo-de-bautizos-en-la-parroquia-de-san-matias-20.jpg\" alt=\"fotografo de bautizos en hortaleza parroquia san matias\" width=\"1100\" height=\"861\" srcset=\"http:\/\/www.daniperezfotografia.es\/wordpress\/wp-content\/uploads\/2017\/06\/fotografo-de-bautizos-en-la-parroquia-de-san-matias-20.jpg 1100w, http:\/\/www.daniperezfotografia.es\/wordpress\/wp-content\/uploads\/2017\/06\/fotografo-de-bautizos-en-la-parroquia-de-san-matias-20-750x587.jpg 750w, http:\/\/www.daniperezfotografia.es\/wordpress\/wp-content\/uploads\/2017\/06\/fotografo-de-bautizos-en-la-parroquia-de-san-matias-20-768x601.jpg 768w, http:\/\/www.daniperezfotografia.es\/wordpress\/wp-content\/uploads\/2017\/06\/fotografo-de-bautizos-en-la-parroquia-de-san-matias-20-1024x802.jpg 1024w, http:\/\/www.daniperezfotografia.es\/wordpress\/wp-content\/uploads\/2017\/06\/fotografo-de-bautizos-en-la-parroquia-de-san-matias-20-700x548.jpg 700w\" sizes=\"auto, (max-width: 1100px) 100vw, 1100px\" \/><img loading=\"lazy\" decoding=\"async\" class=\"alignnone size-full wp-image-12165\" src=\"http:\/\/www.daniperezfotografia.es\/wordpress\/wp-content\/uploads\/2017\/06\/fotografo-de-bautizos-en-la-parroquia-de-san-matias-21.jpg\" alt=\"fotografo de bautizos en hortaleza parroquia san matias\" width=\"1100\" height=\"734\" srcset=\"http:\/\/www.daniperezfotografia.es\/wordpress\/wp-content\/uploads\/2017\/06\/fotografo-de-bautizos-en-la-parroquia-de-san-matias-21.jpg 1100w, http:\/\/www.daniperezfotografia.es\/wordpress\/wp-content\/uploads\/2017\/06\/fotografo-de-bautizos-en-la-parroquia-de-san-matias-21-750x500.jpg 750w, http:\/\/www.daniperezfotografia.es\/wordpress\/wp-content\/uploads\/2017\/06\/fotografo-de-bautizos-en-la-parroquia-de-san-matias-21-768x512.jpg 768w, http:\/\/www.daniperezfotografia.es\/wordpress\/wp-content\/uploads\/2017\/06\/fotografo-de-bautizos-en-la-parroquia-de-san-matias-21-1024x683.jpg 1024w, http:\/\/www.daniperezfotografia.es\/wordpress\/wp-content\/uploads\/2017\/06\/fotografo-de-bautizos-en-la-parroquia-de-san-matias-21-700x467.jpg 700w\" sizes=\"auto, (max-width: 1100px) 100vw, 1100px\" \/> <img loading=\"lazy\" decoding=\"async\" class=\"alignnone size-full wp-image-12167\" src=\"http:\/\/www.daniperezfotografia.es\/wordpress\/wp-content\/uploads\/2017\/06\/fotografo-de-bautizos-en-la-parroquia-de-san-matias-23.jpg\" alt=\"fotografo de bautizos en hortaleza parroquia san matias\" width=\"1100\" height=\"734\" srcset=\"http:\/\/www.daniperezfotografia.es\/wordpress\/wp-content\/uploads\/2017\/06\/fotografo-de-bautizos-en-la-parroquia-de-san-matias-23.jpg 1100w, http:\/\/www.daniperezfotografia.es\/wordpress\/wp-content\/uploads\/2017\/06\/fotografo-de-bautizos-en-la-parroquia-de-san-matias-23-750x500.jpg 750w, http:\/\/www.daniperezfotografia.es\/wordpress\/wp-content\/uploads\/2017\/06\/fotografo-de-bautizos-en-la-parroquia-de-san-matias-23-768x512.jpg 768w, http:\/\/www.daniperezfotografia.es\/wordpress\/wp-content\/uploads\/2017\/06\/fotografo-de-bautizos-en-la-parroquia-de-san-matias-23-1024x683.jpg 1024w, http:\/\/www.daniperezfotografia.es\/wordpress\/wp-content\/uploads\/2017\/06\/fotografo-de-bautizos-en-la-parroquia-de-san-matias-23-700x467.jpg 700w\" sizes=\"auto, (max-width: 1100px) 100vw, 1100px\" \/><img loading=\"lazy\" decoding=\"async\" class=\"alignnone size-full wp-image-12166\" src=\"http:\/\/www.daniperezfotografia.es\/wordpress\/wp-content\/uploads\/2017\/06\/fotografo-de-bautizos-en-la-parroquia-de-san-matias-22.jpg\" alt=\"fotografo de bautizos en hortaleza parroquia san matias\" width=\"1100\" height=\"734\" srcset=\"http:\/\/www.daniperezfotografia.es\/wordpress\/wp-content\/uploads\/2017\/06\/fotografo-de-bautizos-en-la-parroquia-de-san-matias-22.jpg 1100w, http:\/\/www.daniperezfotografia.es\/wordpress\/wp-content\/uploads\/2017\/06\/fotografo-de-bautizos-en-la-parroquia-de-san-matias-22-750x500.jpg 750w, http:\/\/www.daniperezfotografia.es\/wordpress\/wp-content\/uploads\/2017\/06\/fotografo-de-bautizos-en-la-parroquia-de-san-matias-22-768x512.jpg 768w, http:\/\/www.daniperezfotografia.es\/wordpress\/wp-content\/uploads\/2017\/06\/fotografo-de-bautizos-en-la-parroquia-de-san-matias-22-1024x683.jpg 1024w, http:\/\/www.daniperezfotografia.es\/wordpress\/wp-content\/uploads\/2017\/06\/fotografo-de-bautizos-en-la-parroquia-de-san-matias-22-700x467.jpg 700w\" sizes=\"auto, (max-width: 1100px) 100vw, 1100px\" \/><img loading=\"lazy\" decoding=\"async\" class=\"alignnone size-full wp-image-12168\" src=\"http:\/\/www.daniperezfotografia.es\/wordpress\/wp-content\/uploads\/2017\/06\/fotografo-de-bautizos-en-la-parroquia-de-san-matias-25.jpg\" alt=\"fotografo de bautizos en hortaleza parroquia san matias\" width=\"1100\" height=\"734\" srcset=\"http:\/\/www.daniperezfotografia.es\/wordpress\/wp-content\/uploads\/2017\/06\/fotografo-de-bautizos-en-la-parroquia-de-san-matias-25.jpg 1100w, http:\/\/www.daniperezfotografia.es\/wordpress\/wp-content\/uploads\/2017\/06\/fotografo-de-bautizos-en-la-parroquia-de-san-matias-25-750x500.jpg 750w, http:\/\/www.daniperezfotografia.es\/wordpress\/wp-content\/uploads\/2017\/06\/fotografo-de-bautizos-en-la-parroquia-de-san-matias-25-768x512.jpg 768w, http:\/\/www.daniperezfotografia.es\/wordpress\/wp-content\/uploads\/2017\/06\/fotografo-de-bautizos-en-la-parroquia-de-san-matias-25-1024x683.jpg 1024w, http:\/\/www.daniperezfotografia.es\/wordpress\/wp-content\/uploads\/2017\/06\/fotografo-de-bautizos-en-la-parroquia-de-san-matias-25-700x467.jpg 700w\" sizes=\"auto, (max-width: 1100px) 100vw, 1100px\" \/><img loading=\"lazy\" decoding=\"async\" class=\"alignnone size-full wp-image-12169\" src=\"http:\/\/www.daniperezfotografia.es\/wordpress\/wp-content\/uploads\/2017\/06\/fotografo-de-bautizos-en-la-parroquia-de-san-matias-26.jpg\" alt=\"fotografo de bautizos en hortaleza parroquia san matias\" width=\"1100\" height=\"734\" srcset=\"http:\/\/www.daniperezfotografia.es\/wordpress\/wp-content\/uploads\/2017\/06\/fotografo-de-bautizos-en-la-parroquia-de-san-matias-26.jpg 1100w, http:\/\/www.daniperezfotografia.es\/wordpress\/wp-content\/uploads\/2017\/06\/fotografo-de-bautizos-en-la-parroquia-de-san-matias-26-750x500.jpg 750w, http:\/\/www.daniperezfotografia.es\/wordpress\/wp-content\/uploads\/2017\/06\/fotografo-de-bautizos-en-la-parroquia-de-san-matias-26-768x512.jpg 768w, http:\/\/www.daniperezfotografia.es\/wordpress\/wp-content\/uploads\/2017\/06\/fotografo-de-bautizos-en-la-parroquia-de-san-matias-26-1024x683.jpg 1024w, http:\/\/www.daniperezfotografia.es\/wordpress\/wp-content\/uploads\/2017\/06\/fotografo-de-bautizos-en-la-parroquia-de-san-matias-26-700x467.jpg 700w\" sizes=\"auto, (max-width: 1100px) 100vw, 1100px\" \/><img loading=\"lazy\" decoding=\"async\" class=\"alignnone size-full wp-image-12170\" src=\"http:\/\/www.daniperezfotografia.es\/wordpress\/wp-content\/uploads\/2017\/06\/fotografo-de-bautizos-en-la-parroquia-de-san-matias-27.jpg\" alt=\"fotografo de bautizos en hortaleza parroquia san matias\" width=\"1100\" height=\"734\" srcset=\"http:\/\/www.daniperezfotografia.es\/wordpress\/wp-content\/uploads\/2017\/06\/fotografo-de-bautizos-en-la-parroquia-de-san-matias-27.jpg 1100w, http:\/\/www.daniperezfotografia.es\/wordpress\/wp-content\/uploads\/2017\/06\/fotografo-de-bautizos-en-la-parroquia-de-san-matias-27-750x500.jpg 750w, http:\/\/www.daniperezfotografia.es\/wordpress\/wp-content\/uploads\/2017\/06\/fotografo-de-bautizos-en-la-parroquia-de-san-matias-27-768x512.jpg 768w, http:\/\/www.daniperezfotografia.es\/wordpress\/wp-content\/uploads\/2017\/06\/fotografo-de-bautizos-en-la-parroquia-de-san-matias-27-1024x683.jpg 1024w, http:\/\/www.daniperezfotografia.es\/wordpress\/wp-content\/uploads\/2017\/06\/fotografo-de-bautizos-en-la-parroquia-de-san-matias-27-700x467.jpg 700w\" sizes=\"auto, (max-width: 1100px) 100vw, 1100px\" \/><img loading=\"lazy\" decoding=\"async\" class=\"alignnone size-full wp-image-12171\" src=\"http:\/\/www.daniperezfotografia.es\/wordpress\/wp-content\/uploads\/2017\/06\/fotografo-de-bautizos-en-la-parroquia-de-san-matias-28.jpg\" alt=\"fotografo de bautizos en hortaleza parroquia san matias\" width=\"1100\" height=\"734\" srcset=\"http:\/\/www.daniperezfotografia.es\/wordpress\/wp-content\/uploads\/2017\/06\/fotografo-de-bautizos-en-la-parroquia-de-san-matias-28.jpg 1100w, http:\/\/www.daniperezfotografia.es\/wordpress\/wp-content\/uploads\/2017\/06\/fotografo-de-bautizos-en-la-parroquia-de-san-matias-28-750x500.jpg 750w, http:\/\/www.daniperezfotografia.es\/wordpress\/wp-content\/uploads\/2017\/06\/fotografo-de-bautizos-en-la-parroquia-de-san-matias-28-768x512.jpg 768w, http:\/\/www.daniperezfotografia.es\/wordpress\/wp-content\/uploads\/2017\/06\/fotografo-de-bautizos-en-la-parroquia-de-san-matias-28-1024x683.jpg 1024w, http:\/\/www.daniperezfotografia.es\/wordpress\/wp-content\/uploads\/2017\/06\/fotografo-de-bautizos-en-la-parroquia-de-san-matias-28-700x467.jpg 700w\" sizes=\"auto, (max-width: 1100px) 100vw, 1100px\" \/><img loading=\"lazy\" decoding=\"async\" class=\"alignnone size-full wp-image-12172\" src=\"http:\/\/www.daniperezfotografia.es\/wordpress\/wp-content\/uploads\/2017\/06\/fotografo-de-bautizos-en-la-parroquia-de-san-matias-29.jpg\" alt=\"fotografo de bautizos en hortaleza parroquia san matias\" width=\"1100\" height=\"734\" srcset=\"http:\/\/www.daniperezfotografia.es\/wordpress\/wp-content\/uploads\/2017\/06\/fotografo-de-bautizos-en-la-parroquia-de-san-matias-29.jpg 1100w, http:\/\/www.daniperezfotografia.es\/wordpress\/wp-content\/uploads\/2017\/06\/fotografo-de-bautizos-en-la-parroquia-de-san-matias-29-750x500.jpg 750w, http:\/\/www.daniperezfotografia.es\/wordpress\/wp-content\/uploads\/2017\/06\/fotografo-de-bautizos-en-la-parroquia-de-san-matias-29-768x512.jpg 768w, http:\/\/www.daniperezfotografia.es\/wordpress\/wp-content\/uploads\/2017\/06\/fotografo-de-bautizos-en-la-parroquia-de-san-matias-29-1024x683.jpg 1024w, http:\/\/www.daniperezfotografia.es\/wordpress\/wp-content\/uploads\/2017\/06\/fotografo-de-bautizos-en-la-parroquia-de-san-matias-29-700x467.jpg 700w\" sizes=\"auto, (max-width: 1100px) 100vw, 1100px\" \/><img loading=\"lazy\" decoding=\"async\" class=\"alignnone size-full wp-image-12173\" src=\"http:\/\/www.daniperezfotografia.es\/wordpress\/wp-content\/uploads\/2017\/06\/fotografo-de-bautizos-en-la-parroquia-de-san-matias-30.jpg\" alt=\"fotografo de bautizos en hortaleza parroquia san matias\" width=\"1100\" height=\"734\" srcset=\"http:\/\/www.daniperezfotografia.es\/wordpress\/wp-content\/uploads\/2017\/06\/fotografo-de-bautizos-en-la-parroquia-de-san-matias-30.jpg 1100w, http:\/\/www.daniperezfotografia.es\/wordpress\/wp-content\/uploads\/2017\/06\/fotografo-de-bautizos-en-la-parroquia-de-san-matias-30-750x500.jpg 750w, http:\/\/www.daniperezfotografia.es\/wordpress\/wp-content\/uploads\/2017\/06\/fotografo-de-bautizos-en-la-parroquia-de-san-matias-30-768x512.jpg 768w, http:\/\/www.daniperezfotografia.es\/wordpress\/wp-content\/uploads\/2017\/06\/fotografo-de-bautizos-en-la-parroquia-de-san-matias-30-1024x683.jpg 1024w, http:\/\/www.daniperezfotografia.es\/wordpress\/wp-content\/uploads\/2017\/06\/fotografo-de-bautizos-en-la-parroquia-de-san-matias-30-700x467.jpg 700w\" sizes=\"auto, (max-width: 1100px) 100vw, 1100px\" \/><img loading=\"lazy\" decoding=\"async\" class=\"alignnone size-full wp-image-12174\" src=\"http:\/\/www.daniperezfotografia.es\/wordpress\/wp-content\/uploads\/2017\/06\/fotografo-de-bautizos-en-la-parroquia-de-san-matias-31.jpg\" alt=\"fotografo de bautizos en hortaleza parroquia san matias\" width=\"1100\" height=\"734\" srcset=\"http:\/\/www.daniperezfotografia.es\/wordpress\/wp-content\/uploads\/2017\/06\/fotografo-de-bautizos-en-la-parroquia-de-san-matias-31.jpg 1100w, http:\/\/www.daniperezfotografia.es\/wordpress\/wp-content\/uploads\/2017\/06\/fotografo-de-bautizos-en-la-parroquia-de-san-matias-31-750x500.jpg 750w, http:\/\/www.daniperezfotografia.es\/wordpress\/wp-content\/uploads\/2017\/06\/fotografo-de-bautizos-en-la-parroquia-de-san-matias-31-768x512.jpg 768w, http:\/\/www.daniperezfotografia.es\/wordpress\/wp-content\/uploads\/2017\/06\/fotografo-de-bautizos-en-la-parroquia-de-san-matias-31-1024x683.jpg 1024w, http:\/\/www.daniperezfotografia.es\/wordpress\/wp-content\/uploads\/2017\/06\/fotografo-de-bautizos-en-la-parroquia-de-san-matias-31-700x467.jpg 700w\" sizes=\"auto, (max-width: 1100px) 100vw, 1100px\" \/><img loading=\"lazy\" decoding=\"async\" class=\"alignnone size-full wp-image-12175\" src=\"http:\/\/www.daniperezfotografia.es\/wordpress\/wp-content\/uploads\/2017\/06\/fotografo-de-bautizos-en-la-parroquia-de-san-matias-32.jpg\" alt=\"fotografo de bautizos en hortaleza parroquia san matias\" width=\"1100\" height=\"734\" srcset=\"http:\/\/www.daniperezfotografia.es\/wordpress\/wp-content\/uploads\/2017\/06\/fotografo-de-bautizos-en-la-parroquia-de-san-matias-32.jpg 1100w, http:\/\/www.daniperezfotografia.es\/wordpress\/wp-content\/uploads\/2017\/06\/fotografo-de-bautizos-en-la-parroquia-de-san-matias-32-750x500.jpg 750w, http:\/\/www.daniperezfotografia.es\/wordpress\/wp-content\/uploads\/2017\/06\/fotografo-de-bautizos-en-la-parroquia-de-san-matias-32-768x512.jpg 768w, http:\/\/www.daniperezfotografia.es\/wordpress\/wp-content\/uploads\/2017\/06\/fotografo-de-bautizos-en-la-parroquia-de-san-matias-32-1024x683.jpg 1024w, http:\/\/www.daniperezfotografia.es\/wordpress\/wp-content\/uploads\/2017\/06\/fotografo-de-bautizos-en-la-parroquia-de-san-matias-32-700x467.jpg 700w\" sizes=\"auto, (max-width: 1100px) 100vw, 1100px\" \/><img loading=\"lazy\" decoding=\"async\" class=\"alignnone size-full wp-image-12176\" src=\"http:\/\/www.daniperezfotografia.es\/wordpress\/wp-content\/uploads\/2017\/06\/fotografo-de-bautizos-en-la-parroquia-de-san-matias-33.jpg\" alt=\"fotografo de bautizos en hortaleza parroquia san matias\" width=\"1100\" height=\"734\" srcset=\"http:\/\/www.daniperezfotografia.es\/wordpress\/wp-content\/uploads\/2017\/06\/fotografo-de-bautizos-en-la-parroquia-de-san-matias-33.jpg 1100w, http:\/\/www.daniperezfotografia.es\/wordpress\/wp-content\/uploads\/2017\/06\/fotografo-de-bautizos-en-la-parroquia-de-san-matias-33-750x500.jpg 750w, http:\/\/www.daniperezfotografia.es\/wordpress\/wp-content\/uploads\/2017\/06\/fotografo-de-bautizos-en-la-parroquia-de-san-matias-33-768x512.jpg 768w, http:\/\/www.daniperezfotografia.es\/wordpress\/wp-content\/uploads\/2017\/06\/fotografo-de-bautizos-en-la-parroquia-de-san-matias-33-1024x683.jpg 1024w, http:\/\/www.daniperezfotografia.es\/wordpress\/wp-content\/uploads\/2017\/06\/fotografo-de-bautizos-en-la-parroquia-de-san-matias-33-700x467.jpg 700w\" sizes=\"auto, (max-width: 1100px) 100vw, 1100px\" \/><img loading=\"lazy\" decoding=\"async\" class=\"alignnone size-full wp-image-12177\" src=\"http:\/\/www.daniperezfotografia.es\/wordpress\/wp-content\/uploads\/2017\/06\/fotografo-de-bautizos-en-la-parroquia-de-san-matias-34.jpg\" alt=\"fotografo de bautizos en hortaleza parroquia san matias\" width=\"1100\" height=\"734\" srcset=\"http:\/\/www.daniperezfotografia.es\/wordpress\/wp-content\/uploads\/2017\/06\/fotografo-de-bautizos-en-la-parroquia-de-san-matias-34.jpg 1100w, http:\/\/www.daniperezfotografia.es\/wordpress\/wp-content\/uploads\/2017\/06\/fotografo-de-bautizos-en-la-parroquia-de-san-matias-34-750x500.jpg 750w, http:\/\/www.daniperezfotografia.es\/wordpress\/wp-content\/uploads\/2017\/06\/fotografo-de-bautizos-en-la-parroquia-de-san-matias-34-768x512.jpg 768w, http:\/\/www.daniperezfotografia.es\/wordpress\/wp-content\/uploads\/2017\/06\/fotografo-de-bautizos-en-la-parroquia-de-san-matias-34-1024x683.jpg 1024w, http:\/\/www.daniperezfotografia.es\/wordpress\/wp-content\/uploads\/2017\/06\/fotografo-de-bautizos-en-la-parroquia-de-san-matias-34-700x467.jpg 700w\" sizes=\"auto, (max-width: 1100px) 100vw, 1100px\" \/><img loading=\"lazy\" decoding=\"async\" class=\"alignnone size-full wp-image-12178\" src=\"http:\/\/www.daniperezfotografia.es\/wordpress\/wp-content\/uploads\/2017\/06\/fotografo-de-bautizos-en-la-parroquia-de-san-matias-35.jpg\" alt=\"fotografo de bautizos en hortaleza parroquia san matias\" width=\"1100\" height=\"734\" srcset=\"http:\/\/www.daniperezfotografia.es\/wordpress\/wp-content\/uploads\/2017\/06\/fotografo-de-bautizos-en-la-parroquia-de-san-matias-35.jpg 1100w, http:\/\/www.daniperezfotografia.es\/wordpress\/wp-content\/uploads\/2017\/06\/fotografo-de-bautizos-en-la-parroquia-de-san-matias-35-750x500.jpg 750w, http:\/\/www.daniperezfotografia.es\/wordpress\/wp-content\/uploads\/2017\/06\/fotografo-de-bautizos-en-la-parroquia-de-san-matias-35-768x512.jpg 768w, http:\/\/www.daniperezfotografia.es\/wordpress\/wp-content\/uploads\/2017\/06\/fotografo-de-bautizos-en-la-parroquia-de-san-matias-35-1024x683.jpg 1024w, http:\/\/www.daniperezfotografia.es\/wordpress\/wp-content\/uploads\/2017\/06\/fotografo-de-bautizos-en-la-parroquia-de-san-matias-35-700x467.jpg 700w\" sizes=\"auto, (max-width: 1100px) 100vw, 1100px\" \/><img loading=\"lazy\" decoding=\"async\" class=\"alignnone size-full wp-image-12179\" src=\"http:\/\/www.daniperezfotografia.es\/wordpress\/wp-content\/uploads\/2017\/06\/fotografo-de-bautizos-en-la-parroquia-de-san-matias-36.jpg\" alt=\"fotografo de bautizos en hortaleza parroquia san matias\" width=\"1100\" height=\"734\" srcset=\"http:\/\/www.daniperezfotografia.es\/wordpress\/wp-content\/uploads\/2017\/06\/fotografo-de-bautizos-en-la-parroquia-de-san-matias-36.jpg 1100w, http:\/\/www.daniperezfotografia.es\/wordpress\/wp-content\/uploads\/2017\/06\/fotografo-de-bautizos-en-la-parroquia-de-san-matias-36-750x500.jpg 750w, http:\/\/www.daniperezfotografia.es\/wordpress\/wp-content\/uploads\/2017\/06\/fotografo-de-bautizos-en-la-parroquia-de-san-matias-36-768x512.jpg 768w, http:\/\/www.daniperezfotografia.es\/wordpress\/wp-content\/uploads\/2017\/06\/fotografo-de-bautizos-en-la-parroquia-de-san-matias-36-1024x683.jpg 1024w, http:\/\/www.daniperezfotografia.es\/wordpress\/wp-content\/uploads\/2017\/06\/fotografo-de-bautizos-en-la-parroquia-de-san-matias-36-700x467.jpg 700w\" sizes=\"auto, (max-width: 1100px) 100vw, 1100px\" \/><\/p>\n<p>Tras la ceremonia, realizamos <strong>fotos con los familiares y amigos<\/strong>. Estas im\u00e1genes tiene gran importancia y debemos cuidarlas al m\u00e1ximo, porque con el tiempo <strong>su valor sera incalculable. <\/strong>Para terminar nos fuimos con Roque y sus papas a un parque cercano, para hacer una sencilla sesi\u00f3n de fotos de familia, solo para ellos.<\/p>\n<p><img loading=\"lazy\" decoding=\"async\" class=\"alignnone size-full wp-image-12180\" src=\"http:\/\/www.daniperezfotografia.es\/wordpress\/wp-content\/uploads\/2017\/06\/fotografo-de-bautizos-en-la-parroquia-de-san-matias-37.jpg\" alt=\"fotografo de bautizos en hortaleza parroquia san matias\" width=\"1468\" height=\"1100\" srcset=\"http:\/\/www.daniperezfotografia.es\/wordpress\/wp-content\/uploads\/2017\/06\/fotografo-de-bautizos-en-la-parroquia-de-san-matias-37.jpg 1468w, http:\/\/www.daniperezfotografia.es\/wordpress\/wp-content\/uploads\/2017\/06\/fotografo-de-bautizos-en-la-parroquia-de-san-matias-37-750x562.jpg 750w, http:\/\/www.daniperezfotografia.es\/wordpress\/wp-content\/uploads\/2017\/06\/fotografo-de-bautizos-en-la-parroquia-de-san-matias-37-768x575.jpg 768w, http:\/\/www.daniperezfotografia.es\/wordpress\/wp-content\/uploads\/2017\/06\/fotografo-de-bautizos-en-la-parroquia-de-san-matias-37-1024x767.jpg 1024w, http:\/\/www.daniperezfotografia.es\/wordpress\/wp-content\/uploads\/2017\/06\/fotografo-de-bautizos-en-la-parroquia-de-san-matias-37-800x600.jpg 800w, http:\/\/www.daniperezfotografia.es\/wordpress\/wp-content\/uploads\/2017\/06\/fotografo-de-bautizos-en-la-parroquia-de-san-matias-37-700x525.jpg 700w, http:\/\/www.daniperezfotografia.es\/wordpress\/wp-content\/uploads\/2017\/06\/fotografo-de-bautizos-en-la-parroquia-de-san-matias-37-1100x824.jpg 1100w\" sizes=\"auto, (max-width: 1468px) 100vw, 1468px\" \/><img loading=\"lazy\" decoding=\"async\" class=\"alignnone size-full wp-image-12181\" src=\"http:\/\/www.daniperezfotografia.es\/wordpress\/wp-content\/uploads\/2017\/06\/fotografo-de-bautizos-en-la-parroquia-de-san-matias-38B.jpg\" alt=\"fotografo de bautizos en hortaleza parroquia san matias\" width=\"1100\" height=\"734\" srcset=\"http:\/\/www.daniperezfotografia.es\/wordpress\/wp-content\/uploads\/2017\/06\/fotografo-de-bautizos-en-la-parroquia-de-san-matias-38B.jpg 1100w, http:\/\/www.daniperezfotografia.es\/wordpress\/wp-content\/uploads\/2017\/06\/fotografo-de-bautizos-en-la-parroquia-de-san-matias-38B-750x500.jpg 750w, http:\/\/www.daniperezfotografia.es\/wordpress\/wp-content\/uploads\/2017\/06\/fotografo-de-bautizos-en-la-parroquia-de-san-matias-38B-768x512.jpg 768w, http:\/\/www.daniperezfotografia.es\/wordpress\/wp-content\/uploads\/2017\/06\/fotografo-de-bautizos-en-la-parroquia-de-san-matias-38B-1024x683.jpg 1024w, http:\/\/www.daniperezfotografia.es\/wordpress\/wp-content\/uploads\/2017\/06\/fotografo-de-bautizos-en-la-parroquia-de-san-matias-38B-700x467.jpg 700w\" sizes=\"auto, (max-width: 1100px) 100vw, 1100px\" \/><img loading=\"lazy\" decoding=\"async\" class=\"alignnone size-full wp-image-12182\" src=\"http:\/\/www.daniperezfotografia.es\/wordpress\/wp-content\/uploads\/2017\/06\/fotografo-de-bautizos-en-la-parroquia-de-san-matias-40.jpg\" alt=\"fotografo de bautizos en hortaleza parroquia san matias\" width=\"1100\" height=\"734\" srcset=\"http:\/\/www.daniperezfotografia.es\/wordpress\/wp-content\/uploads\/2017\/06\/fotografo-de-bautizos-en-la-parroquia-de-san-matias-40.jpg 1100w, http:\/\/www.daniperezfotografia.es\/wordpress\/wp-content\/uploads\/2017\/06\/fotografo-de-bautizos-en-la-parroquia-de-san-matias-40-750x500.jpg 750w, http:\/\/www.daniperezfotografia.es\/wordpress\/wp-content\/uploads\/2017\/06\/fotografo-de-bautizos-en-la-parroquia-de-san-matias-40-768x512.jpg 768w, http:\/\/www.daniperezfotografia.es\/wordpress\/wp-content\/uploads\/2017\/06\/fotografo-de-bautizos-en-la-parroquia-de-san-matias-40-1024x683.jpg 1024w, http:\/\/www.daniperezfotografia.es\/wordpress\/wp-content\/uploads\/2017\/06\/fotografo-de-bautizos-en-la-parroquia-de-san-matias-40-700x467.jpg 700w\" sizes=\"auto, (max-width: 1100px) 100vw, 1100px\" \/><img loading=\"lazy\" decoding=\"async\" class=\"alignnone size-full wp-image-12183\" src=\"http:\/\/www.daniperezfotografia.es\/wordpress\/wp-content\/uploads\/2017\/06\/fotografo-de-bautizos-en-la-parroquia-de-san-matias-41.jpg\" alt=\"fotografo de bautizos en hortaleza parroquia san matias\" width=\"1100\" height=\"734\" srcset=\"http:\/\/www.daniperezfotografia.es\/wordpress\/wp-content\/uploads\/2017\/06\/fotografo-de-bautizos-en-la-parroquia-de-san-matias-41.jpg 1100w, http:\/\/www.daniperezfotografia.es\/wordpress\/wp-content\/uploads\/2017\/06\/fotografo-de-bautizos-en-la-parroquia-de-san-matias-41-750x500.jpg 750w, http:\/\/www.daniperezfotografia.es\/wordpress\/wp-content\/uploads\/2017\/06\/fotografo-de-bautizos-en-la-parroquia-de-san-matias-41-768x512.jpg 768w, http:\/\/www.daniperezfotografia.es\/wordpress\/wp-content\/uploads\/2017\/06\/fotografo-de-bautizos-en-la-parroquia-de-san-matias-41-1024x683.jpg 1024w, http:\/\/www.daniperezfotografia.es\/wordpress\/wp-content\/uploads\/2017\/06\/fotografo-de-bautizos-en-la-parroquia-de-san-matias-41-700x467.jpg 700w\" sizes=\"auto, (max-width: 1100px) 100vw, 1100px\" \/><img loading=\"lazy\" decoding=\"async\" class=\"alignnone size-full wp-image-12184\" src=\"http:\/\/www.daniperezfotografia.es\/wordpress\/wp-content\/uploads\/2017\/06\/fotografo-de-bautizos-en-la-parroquia-de-san-matias-42.jpg\" alt=\"fotografo de bautizos en hortaleza parroquia san matias\" width=\"1100\" height=\"734\" srcset=\"http:\/\/www.daniperezfotografia.es\/wordpress\/wp-content\/uploads\/2017\/06\/fotografo-de-bautizos-en-la-parroquia-de-san-matias-42.jpg 1100w, http:\/\/www.daniperezfotografia.es\/wordpress\/wp-content\/uploads\/2017\/06\/fotografo-de-bautizos-en-la-parroquia-de-san-matias-42-750x500.jpg 750w, http:\/\/www.daniperezfotografia.es\/wordpress\/wp-content\/uploads\/2017\/06\/fotografo-de-bautizos-en-la-parroquia-de-san-matias-42-768x512.jpg 768w, http:\/\/www.daniperezfotografia.es\/wordpress\/wp-content\/uploads\/2017\/06\/fotografo-de-bautizos-en-la-parroquia-de-san-matias-42-1024x683.jpg 1024w, http:\/\/www.daniperezfotografia.es\/wordpress\/wp-content\/uploads\/2017\/06\/fotografo-de-bautizos-en-la-parroquia-de-san-matias-42-700x467.jpg 700w\" sizes=\"auto, (max-width: 1100px) 100vw, 1100px\" \/><img loading=\"lazy\" decoding=\"async\" class=\"alignnone size-full wp-image-12185\" src=\"http:\/\/www.daniperezfotografia.es\/wordpress\/wp-content\/uploads\/2017\/06\/fotografo-de-bautizos-en-la-parroquia-de-san-matias-43.jpg\" alt=\"\" width=\"1100\" height=\"734\" srcset=\"http:\/\/www.daniperezfotografia.es\/wordpress\/wp-content\/uploads\/2017\/06\/fotografo-de-bautizos-en-la-parroquia-de-san-matias-43.jpg 1100w, http:\/\/www.daniperezfotografia.es\/wordpress\/wp-content\/uploads\/2017\/06\/fotografo-de-bautizos-en-la-parroquia-de-san-matias-43-750x500.jpg 750w, http:\/\/www.daniperezfotografia.es\/wordpress\/wp-content\/uploads\/2017\/06\/fotografo-de-bautizos-en-la-parroquia-de-san-matias-43-768x512.jpg 768w, http:\/\/www.daniperezfotografia.es\/wordpress\/wp-content\/uploads\/2017\/06\/fotografo-de-bautizos-en-la-parroquia-de-san-matias-43-1024x683.jpg 1024w, http:\/\/www.daniperezfotografia.es\/wordpress\/wp-content\/uploads\/2017\/06\/fotografo-de-bautizos-en-la-parroquia-de-san-matias-43-700x467.jpg 700w\" sizes=\"auto, (max-width: 1100px) 100vw, 1100px\" \/><\/p>\n","protected":false},"excerpt":{"rendered":"<p>Bautizo en la Parroquia de San Matias. En este reportaje de fotos de bautizo, realizamos una cobertura de preparativos, ceremonia y sesi\u00f3n de familia. Llegamos a casa de la familia de Roque, nuestro peque\u00f1o protagonista de hoy, para hacer la sesi\u00f3n de fotos de los preparativos. Primero una peque\u00f1a sesi\u00f3n al bebe, el solo, para [&hellip;]<\/p>\n","protected":false},"author":3,"featured_media":12152,"comment_status":"closed","ping_status":"open","sticky":false,"template":"","format":"standard","meta":{"footnotes":""},"categories":[668],"tags":[631,864],"class_list":["post-12147","post","type-post","status-publish","format-standard","has-post-thumbnail","hentry","category-fotos-de-bautizo","tag-bautizo","tag-parroquia-de-san-matias"],"blocksy_meta":{"styles_descriptor":{"styles":{"desktop":"","tablet":"","mobile":""},"google_fonts":[],"version":6}},"yoast_head":"<!-- This site is optimized with the Yoast SEO plugin v27.4 - https:\/\/yoast.com\/product\/yoast-seo-wordpress\/ -->\n<title>Las mejores Fotos de Bautizo en la Parroquia de San Matias<\/title>\n<meta name=\"description\" content=\"Reportaje de fotos de bautizo en la Parroquia de San Matias. Fotos de los preparativos en casa de la familia, imagenes de la ceremonia y fotos de familia.\" \/>\n<meta name=\"robots\" content=\"index, follow, max-snippet:-1, max-image-preview:large, max-video-preview:-1\" \/>\n<link rel=\"canonical\" href=\"http:\/\/www.daniperezfotografia.es\/wordpress\/fotos-de-bautizo\/fotografo-bautizos-la-parroquia-san-matias\" \/>\n<meta property=\"og:locale\" content=\"es_ES\" \/>\n<meta property=\"og:type\" content=\"article\" \/>\n<meta property=\"og:title\" content=\"Las mejores Fotos de Bautizo en la Parroquia de San Matias\" \/>\n<meta property=\"og:description\" content=\"Reportaje de fotos de bautizo en la Parroquia de San Matias. Fotos de los preparativos en casa de la familia, imagenes de la ceremonia y fotos de familia.\" \/>\n<meta property=\"og:url\" content=\"http:\/\/www.daniperezfotografia.es\/wordpress\/fotos-de-bautizo\/fotografo-bautizos-la-parroquia-san-matias\" \/>\n<meta property=\"og:site_name\" content=\"Dani Perez Fotografia | Fotografo Profesional en Madrid\" \/>\n<meta property=\"article:publisher\" content=\"https:\/\/www.facebook.com\/daniperezfotografia\" \/>\n<meta property=\"article:published_time\" content=\"2017-06-22T19:56:24+00:00\" \/>\n<meta property=\"article:modified_time\" content=\"2020-06-14T16:07:58+00:00\" \/>\n<meta property=\"og:image\" content=\"http:\/\/www.daniperezfotografia.es\/wordpress\/wp-content\/uploads\/2017\/06\/fotografo-de-bautizos-en-la-parroquia-de-san-matias-02.jpg\" \/>\n\t<meta property=\"og:image:width\" content=\"1100\" \/>\n\t<meta property=\"og:image:height\" content=\"734\" \/>\n\t<meta property=\"og:image:type\" content=\"image\/jpeg\" \/>\n<meta name=\"author\" content=\"Dani\" \/>\n<meta name=\"twitter:card\" content=\"summary_large_image\" \/>\n<meta name=\"twitter:creator\" content=\"@daniperezfoto\" \/>\n<meta name=\"twitter:site\" content=\"@daniperezfoto\" \/>\n<meta name=\"twitter:label1\" content=\"Escrito por\" \/>\n\t<meta name=\"twitter:data1\" content=\"Dani\" \/>\n\t<meta name=\"twitter:label2\" content=\"Tiempo de lectura\" \/>\n\t<meta name=\"twitter:data2\" content=\"1 minuto\" \/>\n<script type=\"application\/ld+json\" class=\"yoast-schema-graph\">{\"@context\":\"https:\\\/\\\/schema.org\",\"@graph\":[{\"@type\":\"Article\",\"@id\":\"http:\\\/\\\/www.daniperezfotografia.es\\\/wordpress\\\/fotos-de-bautizo\\\/fotografo-bautizos-la-parroquia-san-matias#article\",\"isPartOf\":{\"@id\":\"http:\\\/\\\/www.daniperezfotografia.es\\\/wordpress\\\/fotos-de-bautizo\\\/fotografo-bautizos-la-parroquia-san-matias\"},\"author\":{\"name\":\"Dani\",\"@id\":\"https:\\\/\\\/www.daniperezfotografia.es\\\/wordpress\\\/#\\\/schema\\\/person\\\/fd3c30e4e762998d6859e7cb5e31ed65\"},\"headline\":\"Bautizo en la Parroquia de San Matias\",\"datePublished\":\"2017-06-22T19:56:24+00:00\",\"dateModified\":\"2020-06-14T16:07:58+00:00\",\"mainEntityOfPage\":{\"@id\":\"http:\\\/\\\/www.daniperezfotografia.es\\\/wordpress\\\/fotos-de-bautizo\\\/fotografo-bautizos-la-parroquia-san-matias\"},\"wordCount\":281,\"publisher\":{\"@id\":\"https:\\\/\\\/www.daniperezfotografia.es\\\/wordpress\\\/#organization\"},\"image\":{\"@id\":\"http:\\\/\\\/www.daniperezfotografia.es\\\/wordpress\\\/fotos-de-bautizo\\\/fotografo-bautizos-la-parroquia-san-matias#primaryimage\"},\"thumbnailUrl\":\"http:\\\/\\\/www.daniperezfotografia.es\\\/wordpress\\\/wp-content\\\/uploads\\\/2017\\\/06\\\/fotografo-de-bautizos-en-la-parroquia-de-san-matias-02.jpg\",\"keywords\":[\"bautizo\",\"Parroquia de San Matias\"],\"articleSection\":[\"Reportajes de Fotos de Bautizo en Madrid\"],\"inLanguage\":\"es\"},{\"@type\":\"WebPage\",\"@id\":\"http:\\\/\\\/www.daniperezfotografia.es\\\/wordpress\\\/fotos-de-bautizo\\\/fotografo-bautizos-la-parroquia-san-matias\",\"url\":\"http:\\\/\\\/www.daniperezfotografia.es\\\/wordpress\\\/fotos-de-bautizo\\\/fotografo-bautizos-la-parroquia-san-matias\",\"name\":\"Las mejores Fotos de Bautizo en la Parroquia de San Matias\",\"isPartOf\":{\"@id\":\"https:\\\/\\\/www.daniperezfotografia.es\\\/wordpress\\\/#website\"},\"primaryImageOfPage\":{\"@id\":\"http:\\\/\\\/www.daniperezfotografia.es\\\/wordpress\\\/fotos-de-bautizo\\\/fotografo-bautizos-la-parroquia-san-matias#primaryimage\"},\"image\":{\"@id\":\"http:\\\/\\\/www.daniperezfotografia.es\\\/wordpress\\\/fotos-de-bautizo\\\/fotografo-bautizos-la-parroquia-san-matias#primaryimage\"},\"thumbnailUrl\":\"http:\\\/\\\/www.daniperezfotografia.es\\\/wordpress\\\/wp-content\\\/uploads\\\/2017\\\/06\\\/fotografo-de-bautizos-en-la-parroquia-de-san-matias-02.jpg\",\"datePublished\":\"2017-06-22T19:56:24+00:00\",\"dateModified\":\"2020-06-14T16:07:58+00:00\",\"description\":\"Reportaje de fotos de bautizo en la Parroquia de San Matias. Fotos de los preparativos en casa de la familia, imagenes de la ceremonia y fotos de familia.\",\"breadcrumb\":{\"@id\":\"http:\\\/\\\/www.daniperezfotografia.es\\\/wordpress\\\/fotos-de-bautizo\\\/fotografo-bautizos-la-parroquia-san-matias#breadcrumb\"},\"inLanguage\":\"es\",\"potentialAction\":[{\"@type\":\"ReadAction\",\"target\":[\"http:\\\/\\\/www.daniperezfotografia.es\\\/wordpress\\\/fotos-de-bautizo\\\/fotografo-bautizos-la-parroquia-san-matias\"]}]},{\"@type\":\"ImageObject\",\"inLanguage\":\"es\",\"@id\":\"http:\\\/\\\/www.daniperezfotografia.es\\\/wordpress\\\/fotos-de-bautizo\\\/fotografo-bautizos-la-parroquia-san-matias#primaryimage\",\"url\":\"http:\\\/\\\/www.daniperezfotografia.es\\\/wordpress\\\/wp-content\\\/uploads\\\/2017\\\/06\\\/fotografo-de-bautizos-en-la-parroquia-de-san-matias-02.jpg\",\"contentUrl\":\"http:\\\/\\\/www.daniperezfotografia.es\\\/wordpress\\\/wp-content\\\/uploads\\\/2017\\\/06\\\/fotografo-de-bautizos-en-la-parroquia-de-san-matias-02.jpg\",\"width\":1100,\"height\":734,\"caption\":\"fotografo de bautizos en la parroquia de san matias\"},{\"@type\":\"BreadcrumbList\",\"@id\":\"http:\\\/\\\/www.daniperezfotografia.es\\\/wordpress\\\/fotos-de-bautizo\\\/fotografo-bautizos-la-parroquia-san-matias#breadcrumb\",\"itemListElement\":[{\"@type\":\"ListItem\",\"position\":1,\"name\":\"Portada\",\"item\":\"https:\\\/\\\/www.daniperezfotografia.es\\\/wordpress\\\/\"},{\"@type\":\"ListItem\",\"position\":2,\"name\":\"Bautizo en la Parroquia de San Matias\"}]},{\"@type\":\"WebSite\",\"@id\":\"https:\\\/\\\/www.daniperezfotografia.es\\\/wordpress\\\/#website\",\"url\":\"https:\\\/\\\/www.daniperezfotografia.es\\\/wordpress\\\/\",\"name\":\"Dani Perez Fotografia | Fotografo Profesional en Madrid\",\"description\":\"Reportajes de bodas, bautizos, comuniones y sesiones de familia para particulares. Eventos, conferencias y retrato corporativo para empresas. Video de conferencias\",\"publisher\":{\"@id\":\"https:\\\/\\\/www.daniperezfotografia.es\\\/wordpress\\\/#organization\"},\"potentialAction\":[{\"@type\":\"SearchAction\",\"target\":{\"@type\":\"EntryPoint\",\"urlTemplate\":\"https:\\\/\\\/www.daniperezfotografia.es\\\/wordpress\\\/?s={search_term_string}\"},\"query-input\":{\"@type\":\"PropertyValueSpecification\",\"valueRequired\":true,\"valueName\":\"search_term_string\"}}],\"inLanguage\":\"es\"},{\"@type\":\"Organization\",\"@id\":\"https:\\\/\\\/www.daniperezfotografia.es\\\/wordpress\\\/#organization\",\"name\":\"Dani Perez Fotografia y Video\",\"url\":\"https:\\\/\\\/www.daniperezfotografia.es\\\/wordpress\\\/\",\"logo\":{\"@type\":\"ImageObject\",\"inLanguage\":\"es\",\"@id\":\"https:\\\/\\\/www.daniperezfotografia.es\\\/wordpress\\\/#\\\/schema\\\/logo\\\/image\\\/\",\"url\":\"\",\"contentUrl\":\"\",\"caption\":\"Dani Perez Fotografia y Video\"},\"image\":{\"@id\":\"https:\\\/\\\/www.daniperezfotografia.es\\\/wordpress\\\/#\\\/schema\\\/logo\\\/image\\\/\"},\"sameAs\":[\"https:\\\/\\\/www.facebook.com\\\/daniperezfotografia\",\"https:\\\/\\\/x.com\\\/daniperezfoto\",\"https:\\\/\\\/instagram.com\\\/daniperezfotografia\\\/\",\"https:\\\/\\\/www.linkedin.com\\\/pub\\\/dani-perez-fotografo\\\/b2\\\/3b0\\\/594\"]},{\"@type\":\"Person\",\"@id\":\"https:\\\/\\\/www.daniperezfotografia.es\\\/wordpress\\\/#\\\/schema\\\/person\\\/fd3c30e4e762998d6859e7cb5e31ed65\",\"name\":\"Dani\"}]}<\/script>\n<!-- \/ Yoast SEO plugin. -->","yoast_head_json":{"title":"Las mejores Fotos de Bautizo en la Parroquia de San Matias","description":"Reportaje de fotos de bautizo en la Parroquia de San Matias. Fotos de los preparativos en casa de la familia, imagenes de la ceremonia y fotos de familia.","robots":{"index":"index","follow":"follow","max-snippet":"max-snippet:-1","max-image-preview":"max-image-preview:large","max-video-preview":"max-video-preview:-1"},"canonical":"http:\/\/www.daniperezfotografia.es\/wordpress\/fotos-de-bautizo\/fotografo-bautizos-la-parroquia-san-matias","og_locale":"es_ES","og_type":"article","og_title":"Las mejores Fotos de Bautizo en la Parroquia de San Matias","og_description":"Reportaje de fotos de bautizo en la Parroquia de San Matias. Fotos de los preparativos en casa de la familia, imagenes de la ceremonia y fotos de familia.","og_url":"http:\/\/www.daniperezfotografia.es\/wordpress\/fotos-de-bautizo\/fotografo-bautizos-la-parroquia-san-matias","og_site_name":"Dani Perez Fotografia | Fotografo Profesional en Madrid","article_publisher":"https:\/\/www.facebook.com\/daniperezfotografia","article_published_time":"2017-06-22T19:56:24+00:00","article_modified_time":"2020-06-14T16:07:58+00:00","og_image":[{"width":1100,"height":734,"url":"http:\/\/www.daniperezfotografia.es\/wordpress\/wp-content\/uploads\/2017\/06\/fotografo-de-bautizos-en-la-parroquia-de-san-matias-02.jpg","type":"image\/jpeg"}],"author":"Dani","twitter_card":"summary_large_image","twitter_creator":"@daniperezfoto","twitter_site":"@daniperezfoto","twitter_misc":{"Escrito por":"Dani","Tiempo de lectura":"1 minuto"},"schema":{"@context":"https:\/\/schema.org","@graph":[{"@type":"Article","@id":"http:\/\/www.daniperezfotografia.es\/wordpress\/fotos-de-bautizo\/fotografo-bautizos-la-parroquia-san-matias#article","isPartOf":{"@id":"http:\/\/www.daniperezfotografia.es\/wordpress\/fotos-de-bautizo\/fotografo-bautizos-la-parroquia-san-matias"},"author":{"name":"Dani","@id":"https:\/\/www.daniperezfotografia.es\/wordpress\/#\/schema\/person\/fd3c30e4e762998d6859e7cb5e31ed65"},"headline":"Bautizo en la Parroquia de San Matias","datePublished":"2017-06-22T19:56:24+00:00","dateModified":"2020-06-14T16:07:58+00:00","mainEntityOfPage":{"@id":"http:\/\/www.daniperezfotografia.es\/wordpress\/fotos-de-bautizo\/fotografo-bautizos-la-parroquia-san-matias"},"wordCount":281,"publisher":{"@id":"https:\/\/www.daniperezfotografia.es\/wordpress\/#organization"},"image":{"@id":"http:\/\/www.daniperezfotografia.es\/wordpress\/fotos-de-bautizo\/fotografo-bautizos-la-parroquia-san-matias#primaryimage"},"thumbnailUrl":"http:\/\/www.daniperezfotografia.es\/wordpress\/wp-content\/uploads\/2017\/06\/fotografo-de-bautizos-en-la-parroquia-de-san-matias-02.jpg","keywords":["bautizo","Parroquia de San Matias"],"articleSection":["Reportajes de Fotos de Bautizo en Madrid"],"inLanguage":"es"},{"@type":"WebPage","@id":"http:\/\/www.daniperezfotografia.es\/wordpress\/fotos-de-bautizo\/fotografo-bautizos-la-parroquia-san-matias","url":"http:\/\/www.daniperezfotografia.es\/wordpress\/fotos-de-bautizo\/fotografo-bautizos-la-parroquia-san-matias","name":"Las mejores Fotos de Bautizo en la Parroquia de San Matias","isPartOf":{"@id":"https:\/\/www.daniperezfotografia.es\/wordpress\/#website"},"primaryImageOfPage":{"@id":"http:\/\/www.daniperezfotografia.es\/wordpress\/fotos-de-bautizo\/fotografo-bautizos-la-parroquia-san-matias#primaryimage"},"image":{"@id":"http:\/\/www.daniperezfotografia.es\/wordpress\/fotos-de-bautizo\/fotografo-bautizos-la-parroquia-san-matias#primaryimage"},"thumbnailUrl":"http:\/\/www.daniperezfotografia.es\/wordpress\/wp-content\/uploads\/2017\/06\/fotografo-de-bautizos-en-la-parroquia-de-san-matias-02.jpg","datePublished":"2017-06-22T19:56:24+00:00","dateModified":"2020-06-14T16:07:58+00:00","description":"Reportaje de fotos de bautizo en la Parroquia de San Matias. Fotos de los preparativos en casa de la familia, imagenes de la ceremonia y fotos de familia.","breadcrumb":{"@id":"http:\/\/www.daniperezfotografia.es\/wordpress\/fotos-de-bautizo\/fotografo-bautizos-la-parroquia-san-matias#breadcrumb"},"inLanguage":"es","potentialAction":[{"@type":"ReadAction","target":["http:\/\/www.daniperezfotografia.es\/wordpress\/fotos-de-bautizo\/fotografo-bautizos-la-parroquia-san-matias"]}]},{"@type":"ImageObject","inLanguage":"es","@id":"http:\/\/www.daniperezfotografia.es\/wordpress\/fotos-de-bautizo\/fotografo-bautizos-la-parroquia-san-matias#primaryimage","url":"http:\/\/www.daniperezfotografia.es\/wordpress\/wp-content\/uploads\/2017\/06\/fotografo-de-bautizos-en-la-parroquia-de-san-matias-02.jpg","contentUrl":"http:\/\/www.daniperezfotografia.es\/wordpress\/wp-content\/uploads\/2017\/06\/fotografo-de-bautizos-en-la-parroquia-de-san-matias-02.jpg","width":1100,"height":734,"caption":"fotografo de bautizos en la parroquia de san matias"},{"@type":"BreadcrumbList","@id":"http:\/\/www.daniperezfotografia.es\/wordpress\/fotos-de-bautizo\/fotografo-bautizos-la-parroquia-san-matias#breadcrumb","itemListElement":[{"@type":"ListItem","position":1,"name":"Portada","item":"https:\/\/www.daniperezfotografia.es\/wordpress\/"},{"@type":"ListItem","position":2,"name":"Bautizo en la Parroquia de San Matias"}]},{"@type":"WebSite","@id":"https:\/\/www.daniperezfotografia.es\/wordpress\/#website","url":"https:\/\/www.daniperezfotografia.es\/wordpress\/","name":"Dani Perez Fotografia | Fotografo Profesional en Madrid","description":"Reportajes de bodas, bautizos, comuniones y sesiones de familia para particulares. Eventos, conferencias y retrato corporativo para empresas. Video de conferencias","publisher":{"@id":"https:\/\/www.daniperezfotografia.es\/wordpress\/#organization"},"potentialAction":[{"@type":"SearchAction","target":{"@type":"EntryPoint","urlTemplate":"https:\/\/www.daniperezfotografia.es\/wordpress\/?s={search_term_string}"},"query-input":{"@type":"PropertyValueSpecification","valueRequired":true,"valueName":"search_term_string"}}],"inLanguage":"es"},{"@type":"Organization","@id":"https:\/\/www.daniperezfotografia.es\/wordpress\/#organization","name":"Dani Perez Fotografia y Video","url":"https:\/\/www.daniperezfotografia.es\/wordpress\/","logo":{"@type":"ImageObject","inLanguage":"es","@id":"https:\/\/www.daniperezfotografia.es\/wordpress\/#\/schema\/logo\/image\/","url":"","contentUrl":"","caption":"Dani Perez Fotografia y Video"},"image":{"@id":"https:\/\/www.daniperezfotografia.es\/wordpress\/#\/schema\/logo\/image\/"},"sameAs":["https:\/\/www.facebook.com\/daniperezfotografia","https:\/\/x.com\/daniperezfoto","https:\/\/instagram.com\/daniperezfotografia\/","https:\/\/www.linkedin.com\/pub\/dani-perez-fotografo\/b2\/3b0\/594"]},{"@type":"Person","@id":"https:\/\/www.daniperezfotografia.es\/wordpress\/#\/schema\/person\/fd3c30e4e762998d6859e7cb5e31ed65","name":"Dani"}]}},"_links":{"self":[{"href":"http:\/\/www.daniperezfotografia.es\/wordpress\/wp-json\/wp\/v2\/posts\/12147","targetHints":{"allow":["GET"]}}],"collection":[{"href":"http:\/\/www.daniperezfotografia.es\/wordpress\/wp-json\/wp\/v2\/posts"}],"about":[{"href":"http:\/\/www.daniperezfotografia.es\/wordpress\/wp-json\/wp\/v2\/types\/post"}],"author":[{"embeddable":true,"href":"http:\/\/www.daniperezfotografia.es\/wordpress\/wp-json\/wp\/v2\/users\/3"}],"replies":[{"embeddable":true,"href":"http:\/\/www.daniperezfotografia.es\/wordpress\/wp-json\/wp\/v2\/comments?post=12147"}],"version-history":[{"count":3,"href":"http:\/\/www.daniperezfotografia.es\/wordpress\/wp-json\/wp\/v2\/posts\/12147\/revisions"}],"predecessor-version":[{"id":14267,"href":"http:\/\/www.daniperezfotografia.es\/wordpress\/wp-json\/wp\/v2\/posts\/12147\/revisions\/14267"}],"wp:featuredmedia":[{"embeddable":true,"href":"http:\/\/www.daniperezfotografia.es\/wordpress\/wp-json\/wp\/v2\/media\/12152"}],"wp:attachment":[{"href":"http:\/\/www.daniperezfotografia.es\/wordpress\/wp-json\/wp\/v2\/media?parent=12147"}],"wp:term":[{"taxonomy":"category","embeddable":true,"href":"http:\/\/www.daniperezfotografia.es\/wordpress\/wp-json\/wp\/v2\/categories?post=12147"},{"taxonomy":"post_tag","embeddable":true,"href":"http:\/\/www.daniperezfotografia.es\/wordpress\/wp-json\/wp\/v2\/tags?post=12147"}],"curies":[{"name":"wp","href":"https:\/\/api.w.org\/{rel}","templated":true}]}}