{"id":10300,"date":"2015-12-15T19:38:53","date_gmt":"2015-12-15T18:38:53","guid":{"rendered":"http:\/\/www.daniperezfotografia.es\/wordpress\/?p=10300"},"modified":"2017-02-15T16:57:37","modified_gmt":"2017-02-15T15:57:37","slug":"fotografo-de-bautizos-en-vallecas","status":"publish","type":"post","link":"http:\/\/www.daniperezfotografia.es\/wordpress\/fotos-de-bautizo\/fotografo-de-bautizos-en-vallecas","title":{"rendered":"Fotografo de bautizos en Vallecas"},"content":{"rendered":"<p style=\"text-align: center;\">\n<p style=\"text-align: center;\"><img loading=\"lazy\" decoding=\"async\" class=\"aligncenter size-full wp-image-10302\" src=\"http:\/\/www.daniperezfotografia.es\/wordpress\/wp-content\/uploads\/2015\/12\/15-10300-post\/fotografo-de-bautizos-en-vallecas-001.jpg\" alt=\"sesion de fotos de preparativos de bautizo\" width=\"900\" height=\"599\" srcset=\"http:\/\/www.daniperezfotografia.es\/wordpress\/wp-content\/uploads\/2015\/12\/15-10300-post\/fotografo-de-bautizos-en-vallecas-001.jpg 900w, http:\/\/www.daniperezfotografia.es\/wordpress\/wp-content\/uploads\/2015\/12\/15-10300-post\/fotografo-de-bautizos-en-vallecas-001-750x499.jpg 750w, http:\/\/www.daniperezfotografia.es\/wordpress\/wp-content\/uploads\/2015\/12\/15-10300-post\/fotografo-de-bautizos-en-vallecas-001-273x182.jpg 273w, http:\/\/www.daniperezfotografia.es\/wordpress\/wp-content\/uploads\/2015\/12\/15-10300-post\/fotografo-de-bautizos-en-vallecas-001-546x364.jpg 546w\" sizes=\"auto, (max-width: 900px) 100vw, 900px\" \/><img loading=\"lazy\" decoding=\"async\" class=\"aligncenter size-full wp-image-10303\" src=\"http:\/\/www.daniperezfotografia.es\/wordpress\/wp-content\/uploads\/2015\/12\/15-10300-post\/fotografo-de-bautizos-en-vallecas-002.jpg\" alt=\"sesion de fotos de preparativos de bautizo\" width=\"900\" height=\"599\" srcset=\"http:\/\/www.daniperezfotografia.es\/wordpress\/wp-content\/uploads\/2015\/12\/15-10300-post\/fotografo-de-bautizos-en-vallecas-002.jpg 900w, http:\/\/www.daniperezfotografia.es\/wordpress\/wp-content\/uploads\/2015\/12\/15-10300-post\/fotografo-de-bautizos-en-vallecas-002-750x499.jpg 750w\" sizes=\"auto, (max-width: 900px) 100vw, 900px\" \/><img loading=\"lazy\" decoding=\"async\" class=\"aligncenter size-full wp-image-10304\" src=\"http:\/\/www.daniperezfotografia.es\/wordpress\/wp-content\/uploads\/2015\/12\/15-10300-post\/fotografo-de-bautizos-en-vallecas-003.jpg\" alt=\"sesion de fotos de preparativos de bautizo\" width=\"900\" height=\"599\" srcset=\"http:\/\/www.daniperezfotografia.es\/wordpress\/wp-content\/uploads\/2015\/12\/15-10300-post\/fotografo-de-bautizos-en-vallecas-003.jpg 900w, http:\/\/www.daniperezfotografia.es\/wordpress\/wp-content\/uploads\/2015\/12\/15-10300-post\/fotografo-de-bautizos-en-vallecas-003-750x499.jpg 750w\" sizes=\"auto, (max-width: 900px) 100vw, 900px\" \/><img loading=\"lazy\" decoding=\"async\" class=\"aligncenter size-full wp-image-10305\" src=\"http:\/\/www.daniperezfotografia.es\/wordpress\/wp-content\/uploads\/2015\/12\/15-10300-post\/fotografo-de-bautizos-en-vallecas-004.jpg\" alt=\"fotografo de bautizos en vallecas\" width=\"900\" height=\"599\" srcset=\"http:\/\/www.daniperezfotografia.es\/wordpress\/wp-content\/uploads\/2015\/12\/15-10300-post\/fotografo-de-bautizos-en-vallecas-004.jpg 900w, http:\/\/www.daniperezfotografia.es\/wordpress\/wp-content\/uploads\/2015\/12\/15-10300-post\/fotografo-de-bautizos-en-vallecas-004-750x499.jpg 750w\" sizes=\"auto, (max-width: 900px) 100vw, 900px\" \/><img loading=\"lazy\" decoding=\"async\" class=\"aligncenter size-full wp-image-10306\" src=\"http:\/\/www.daniperezfotografia.es\/wordpress\/wp-content\/uploads\/2015\/12\/15-10300-post\/fotografo-de-bautizos-en-vallecas-005.jpg\" alt=\"sesion de fotos de preparativos de bautizo\" width=\"900\" height=\"599\" srcset=\"http:\/\/www.daniperezfotografia.es\/wordpress\/wp-content\/uploads\/2015\/12\/15-10300-post\/fotografo-de-bautizos-en-vallecas-005.jpg 900w, http:\/\/www.daniperezfotografia.es\/wordpress\/wp-content\/uploads\/2015\/12\/15-10300-post\/fotografo-de-bautizos-en-vallecas-005-750x499.jpg 750w\" sizes=\"auto, (max-width: 900px) 100vw, 900px\" \/><img loading=\"lazy\" decoding=\"async\" class=\"aligncenter size-full wp-image-10307\" src=\"http:\/\/www.daniperezfotografia.es\/wordpress\/wp-content\/uploads\/2015\/12\/15-10300-post\/fotografo-de-bautizos-en-vallecas-006.jpg\" alt=\"fotografo de bautizos en vallecas\" width=\"900\" height=\"599\" srcset=\"http:\/\/www.daniperezfotografia.es\/wordpress\/wp-content\/uploads\/2015\/12\/15-10300-post\/fotografo-de-bautizos-en-vallecas-006.jpg 900w, http:\/\/www.daniperezfotografia.es\/wordpress\/wp-content\/uploads\/2015\/12\/15-10300-post\/fotografo-de-bautizos-en-vallecas-006-750x499.jpg 750w, http:\/\/www.daniperezfotografia.es\/wordpress\/wp-content\/uploads\/2015\/12\/15-10300-post\/fotografo-de-bautizos-en-vallecas-006-273x182.jpg 273w, http:\/\/www.daniperezfotografia.es\/wordpress\/wp-content\/uploads\/2015\/12\/15-10300-post\/fotografo-de-bautizos-en-vallecas-006-546x364.jpg 546w, http:\/\/www.daniperezfotografia.es\/wordpress\/wp-content\/uploads\/2015\/12\/15-10300-post\/fotografo-de-bautizos-en-vallecas-006-736x490.jpg 736w\" sizes=\"auto, (max-width: 900px) 100vw, 900px\" \/><img loading=\"lazy\" decoding=\"async\" class=\"aligncenter size-full wp-image-10310\" src=\"http:\/\/www.daniperezfotografia.es\/wordpress\/wp-content\/uploads\/2015\/12\/15-10300-post\/fotografo-de-bautizos-en-vallecas-009.jpg\" alt=\"sesion de fotos de preparativos de bautizo\" width=\"900\" height=\"599\" srcset=\"http:\/\/www.daniperezfotografia.es\/wordpress\/wp-content\/uploads\/2015\/12\/15-10300-post\/fotografo-de-bautizos-en-vallecas-009.jpg 900w, http:\/\/www.daniperezfotografia.es\/wordpress\/wp-content\/uploads\/2015\/12\/15-10300-post\/fotografo-de-bautizos-en-vallecas-009-750x499.jpg 750w\" sizes=\"auto, (max-width: 900px) 100vw, 900px\" \/><img loading=\"lazy\" decoding=\"async\" class=\"aligncenter size-full wp-image-10311\" src=\"http:\/\/www.daniperezfotografia.es\/wordpress\/wp-content\/uploads\/2015\/12\/15-10300-post\/fotografo-de-bautizos-en-vallecas-010.jpg\" alt=\"sesion de fotos de preparativos de bautizo\" width=\"900\" height=\"599\" srcset=\"http:\/\/www.daniperezfotografia.es\/wordpress\/wp-content\/uploads\/2015\/12\/15-10300-post\/fotografo-de-bautizos-en-vallecas-010.jpg 900w, http:\/\/www.daniperezfotografia.es\/wordpress\/wp-content\/uploads\/2015\/12\/15-10300-post\/fotografo-de-bautizos-en-vallecas-010-750x499.jpg 750w\" sizes=\"auto, (max-width: 900px) 100vw, 900px\" \/><\/p>\n<p style=\"text-align: center;\">Para la ceremonia del bautismo, los papas de Lucia,<br \/>\neligieron la Residencia Infantil \u00abIsabel de Castilla\u00bb<\/p>\n<p style=\"text-align: center;\">Un lugar oculto tras unas puertas sencillas, que dan paso<br \/>\na un patio interior rodeado de vegetaci\u00f3n y que nos dirige a una peque\u00f1a<br \/>\ncapilla, ideal para los bautizos mas \u00edntimos\u00a0con los familiares mas cercanos.<\/p>\n<p><img loading=\"lazy\" decoding=\"async\" class=\"aligncenter size-full wp-image-10338\" src=\"http:\/\/www.daniperezfotografia.es\/wordpress\/wp-content\/uploads\/2015\/12\/22-10300-post\/ceremonia-de-bautizo-en-vallecas-100.jpg\" alt=\"ceremonia de bautizo en vallecas\" width=\"900\" height=\"599\" srcset=\"http:\/\/www.daniperezfotografia.es\/wordpress\/wp-content\/uploads\/2015\/12\/22-10300-post\/ceremonia-de-bautizo-en-vallecas-100.jpg 900w, http:\/\/www.daniperezfotografia.es\/wordpress\/wp-content\/uploads\/2015\/12\/22-10300-post\/ceremonia-de-bautizo-en-vallecas-100-750x499.jpg 750w\" sizes=\"auto, (max-width: 900px) 100vw, 900px\" \/><img loading=\"lazy\" decoding=\"async\" class=\"aligncenter size-full wp-image-10317\" src=\"http:\/\/www.daniperezfotografia.es\/wordpress\/wp-content\/uploads\/2015\/12\/15-10300-post\/fotografo-de-bautizos-en-vallecas-016.jpg\" alt=\"bautizo en la residencia infantil isabel de castilla\" width=\"900\" height=\"599\" srcset=\"http:\/\/www.daniperezfotografia.es\/wordpress\/wp-content\/uploads\/2015\/12\/15-10300-post\/fotografo-de-bautizos-en-vallecas-016.jpg 900w, http:\/\/www.daniperezfotografia.es\/wordpress\/wp-content\/uploads\/2015\/12\/15-10300-post\/fotografo-de-bautizos-en-vallecas-016-750x499.jpg 750w\" sizes=\"auto, (max-width: 900px) 100vw, 900px\" \/><\/p>\n<p style=\"text-align: center;\"><img loading=\"lazy\" decoding=\"async\" class=\"aligncenter size-full wp-image-10323\" src=\"http:\/\/www.daniperezfotografia.es\/wordpress\/wp-content\/uploads\/2015\/12\/15-10300-post\/fotografo-de-bautizos-en-vallecas-022.jpg\" alt=\"fotografo de bautizos en vallecas\" width=\"900\" height=\"599\" srcset=\"http:\/\/www.daniperezfotografia.es\/wordpress\/wp-content\/uploads\/2015\/12\/15-10300-post\/fotografo-de-bautizos-en-vallecas-022.jpg 900w, http:\/\/www.daniperezfotografia.es\/wordpress\/wp-content\/uploads\/2015\/12\/15-10300-post\/fotografo-de-bautizos-en-vallecas-022-750x499.jpg 750w\" sizes=\"auto, (max-width: 900px) 100vw, 900px\" \/><img loading=\"lazy\" decoding=\"async\" class=\"aligncenter size-full wp-image-10324\" src=\"http:\/\/www.daniperezfotografia.es\/wordpress\/wp-content\/uploads\/2015\/12\/15-10300-post\/fotografo-de-bautizos-en-vallecas-023.jpg\" alt=\"fotografo de bautizos en vallecas\" width=\"900\" height=\"599\" srcset=\"http:\/\/www.daniperezfotografia.es\/wordpress\/wp-content\/uploads\/2015\/12\/15-10300-post\/fotografo-de-bautizos-en-vallecas-023.jpg 900w, http:\/\/www.daniperezfotografia.es\/wordpress\/wp-content\/uploads\/2015\/12\/15-10300-post\/fotografo-de-bautizos-en-vallecas-023-750x499.jpg 750w\" sizes=\"auto, (max-width: 900px) 100vw, 900px\" \/><img loading=\"lazy\" decoding=\"async\" class=\"aligncenter size-full wp-image-10325\" src=\"http:\/\/www.daniperezfotografia.es\/wordpress\/wp-content\/uploads\/2015\/12\/15-10300-post\/fotografo-de-bautizos-en-vallecas-024.jpg\" alt=\"fotografo de bautizos en vallecas\" width=\"900\" height=\"599\" srcset=\"http:\/\/www.daniperezfotografia.es\/wordpress\/wp-content\/uploads\/2015\/12\/15-10300-post\/fotografo-de-bautizos-en-vallecas-024.jpg 900w, http:\/\/www.daniperezfotografia.es\/wordpress\/wp-content\/uploads\/2015\/12\/15-10300-post\/fotografo-de-bautizos-en-vallecas-024-750x499.jpg 750w\" sizes=\"auto, (max-width: 900px) 100vw, 900px\" \/><\/p>\n","protected":false},"excerpt":{"rendered":"<p>Para la ceremonia del bautismo, los papas de Lucia, eligieron la Residencia Infantil \u00abIsabel de Castilla\u00bb Un lugar oculto tras unas puertas sencillas, que dan paso a un patio interior rodeado de vegetaci\u00f3n y que nos dirige a una peque\u00f1a capilla, ideal para los bautizos mas \u00edntimos\u00a0con los familiares mas cercanos.<\/p>\n","protected":false},"author":1,"featured_media":11218,"comment_status":"open","ping_status":"open","sticky":false,"template":"","format":"standard","meta":{"footnotes":""},"categories":[668],"tags":[631,768],"class_list":["post-10300","post","type-post","status-publish","format-standard","has-post-thumbnail","hentry","category-fotos-de-bautizo","tag-bautizo","tag-residencia-infantil-isabel-de-castilla"],"blocksy_meta":{"styles_descriptor":{"styles":{"desktop":"","tablet":"","mobile":""},"google_fonts":[],"version":6}},"yoast_head":"<!-- This site is optimized with the Yoast SEO plugin v27.4 - https:\/\/yoast.com\/product\/yoast-seo-wordpress\/ -->\n<title>Fotografo de bautizos en Vallecas<\/title>\n<meta name=\"description\" content=\"Fotografo de bautizos en Vallecas. Reportaje de fotos de bautizo de Lucia, sesion de fotos de preparativos y ceremonia en la Residencia Isabel de Castilla.\" \/>\n<meta name=\"robots\" content=\"noindex, nofollow\" \/>\n<meta property=\"og:locale\" content=\"es_ES\" \/>\n<meta property=\"og:type\" content=\"article\" \/>\n<meta property=\"og:title\" content=\"Fotografo de bautizos en Vallecas\" \/>\n<meta property=\"og:description\" content=\"Fotografo de bautizos en Vallecas. Reportaje de fotos de bautizo de Lucia, sesion de fotos de preparativos y ceremonia en la Residencia Isabel de Castilla.\" \/>\n<meta property=\"og:url\" content=\"http:\/\/www.daniperezfotografia.es\/wordpress\/fotos-de-bautizo\/fotografo-de-bautizos-en-vallecas\" \/>\n<meta property=\"og:site_name\" content=\"Dani Perez Fotografia | Fotografo Profesional en Madrid\" \/>\n<meta property=\"article:publisher\" content=\"https:\/\/www.facebook.com\/daniperezfotografia\" \/>\n<meta property=\"article:author\" content=\"https:\/\/www.facebook.com\/daniperezfotografia\" \/>\n<meta property=\"article:published_time\" content=\"2015-12-15T18:38:53+00:00\" \/>\n<meta property=\"article:modified_time\" content=\"2017-02-15T15:57:37+00:00\" \/>\n<meta property=\"og:image\" content=\"http:\/\/www.daniperezfotografia.es\/wordpress\/wp-content\/uploads\/2015\/12\/lucia-bautizo-residencia-isabel-castilla-vallecas-1100.jpg\" \/>\n\t<meta property=\"og:image:width\" content=\"1100\" \/>\n\t<meta property=\"og:image:height\" content=\"732\" \/>\n\t<meta property=\"og:image:type\" content=\"image\/jpeg\" \/>\n<meta name=\"author\" content=\"Dani\" \/>\n<meta name=\"twitter:card\" content=\"summary_large_image\" \/>\n<meta name=\"twitter:creator\" content=\"@daniperezfoto\" \/>\n<meta name=\"twitter:site\" content=\"@daniperezfoto\" \/>\n<meta name=\"twitter:label1\" content=\"Escrito por\" \/>\n\t<meta name=\"twitter:data1\" content=\"Dani\" \/>\n<script type=\"application\/ld+json\" class=\"yoast-schema-graph\">{\"@context\":\"https:\\\/\\\/schema.org\",\"@graph\":[{\"@type\":\"Article\",\"@id\":\"http:\\\/\\\/www.daniperezfotografia.es\\\/wordpress\\\/fotos-de-bautizo\\\/fotografo-de-bautizos-en-vallecas#article\",\"isPartOf\":{\"@id\":\"http:\\\/\\\/www.daniperezfotografia.es\\\/wordpress\\\/fotos-de-bautizo\\\/fotografo-de-bautizos-en-vallecas\"},\"author\":{\"name\":\"Dani\",\"@id\":\"https:\\\/\\\/www.daniperezfotografia.es\\\/wordpress\\\/#\\\/schema\\\/person\\\/e182c086037e8185dcc7e99e2c589a63\"},\"headline\":\"Fotografo de bautizos en Vallecas\",\"datePublished\":\"2015-12-15T18:38:53+00:00\",\"dateModified\":\"2017-02-15T15:57:37+00:00\",\"mainEntityOfPage\":{\"@id\":\"http:\\\/\\\/www.daniperezfotografia.es\\\/wordpress\\\/fotos-de-bautizo\\\/fotografo-de-bautizos-en-vallecas\"},\"wordCount\":59,\"commentCount\":1,\"publisher\":{\"@id\":\"https:\\\/\\\/www.daniperezfotografia.es\\\/wordpress\\\/#organization\"},\"image\":{\"@id\":\"http:\\\/\\\/www.daniperezfotografia.es\\\/wordpress\\\/fotos-de-bautizo\\\/fotografo-de-bautizos-en-vallecas#primaryimage\"},\"thumbnailUrl\":\"http:\\\/\\\/www.daniperezfotografia.es\\\/wordpress\\\/wp-content\\\/uploads\\\/2015\\\/12\\\/lucia-bautizo-residencia-isabel-castilla-vallecas-1100.jpg\",\"keywords\":[\"bautizo\",\"Residencia Infantil Isabel de Castilla\"],\"articleSection\":[\"Reportajes de Fotos de Bautizo en Madrid\"],\"inLanguage\":\"es\",\"potentialAction\":[{\"@type\":\"CommentAction\",\"name\":\"Comment\",\"target\":[\"http:\\\/\\\/www.daniperezfotografia.es\\\/wordpress\\\/fotos-de-bautizo\\\/fotografo-de-bautizos-en-vallecas#respond\"]}]},{\"@type\":\"WebPage\",\"@id\":\"http:\\\/\\\/www.daniperezfotografia.es\\\/wordpress\\\/fotos-de-bautizo\\\/fotografo-de-bautizos-en-vallecas\",\"url\":\"http:\\\/\\\/www.daniperezfotografia.es\\\/wordpress\\\/fotos-de-bautizo\\\/fotografo-de-bautizos-en-vallecas\",\"name\":\"Fotografo de bautizos en Vallecas\",\"isPartOf\":{\"@id\":\"https:\\\/\\\/www.daniperezfotografia.es\\\/wordpress\\\/#website\"},\"primaryImageOfPage\":{\"@id\":\"http:\\\/\\\/www.daniperezfotografia.es\\\/wordpress\\\/fotos-de-bautizo\\\/fotografo-de-bautizos-en-vallecas#primaryimage\"},\"image\":{\"@id\":\"http:\\\/\\\/www.daniperezfotografia.es\\\/wordpress\\\/fotos-de-bautizo\\\/fotografo-de-bautizos-en-vallecas#primaryimage\"},\"thumbnailUrl\":\"http:\\\/\\\/www.daniperezfotografia.es\\\/wordpress\\\/wp-content\\\/uploads\\\/2015\\\/12\\\/lucia-bautizo-residencia-isabel-castilla-vallecas-1100.jpg\",\"datePublished\":\"2015-12-15T18:38:53+00:00\",\"dateModified\":\"2017-02-15T15:57:37+00:00\",\"description\":\"Fotografo de bautizos en Vallecas. Reportaje de fotos de bautizo de Lucia, sesion de fotos de preparativos y ceremonia en la Residencia Isabel de Castilla.\",\"breadcrumb\":{\"@id\":\"http:\\\/\\\/www.daniperezfotografia.es\\\/wordpress\\\/fotos-de-bautizo\\\/fotografo-de-bautizos-en-vallecas#breadcrumb\"},\"inLanguage\":\"es\",\"potentialAction\":[{\"@type\":\"ReadAction\",\"target\":[\"http:\\\/\\\/www.daniperezfotografia.es\\\/wordpress\\\/fotos-de-bautizo\\\/fotografo-de-bautizos-en-vallecas\"]}]},{\"@type\":\"ImageObject\",\"inLanguage\":\"es\",\"@id\":\"http:\\\/\\\/www.daniperezfotografia.es\\\/wordpress\\\/fotos-de-bautizo\\\/fotografo-de-bautizos-en-vallecas#primaryimage\",\"url\":\"http:\\\/\\\/www.daniperezfotografia.es\\\/wordpress\\\/wp-content\\\/uploads\\\/2015\\\/12\\\/lucia-bautizo-residencia-isabel-castilla-vallecas-1100.jpg\",\"contentUrl\":\"http:\\\/\\\/www.daniperezfotografia.es\\\/wordpress\\\/wp-content\\\/uploads\\\/2015\\\/12\\\/lucia-bautizo-residencia-isabel-castilla-vallecas-1100.jpg\",\"width\":1100,\"height\":732,\"caption\":\"bautizo residencia isabel de castilla en vallecas\"},{\"@type\":\"BreadcrumbList\",\"@id\":\"http:\\\/\\\/www.daniperezfotografia.es\\\/wordpress\\\/fotos-de-bautizo\\\/fotografo-de-bautizos-en-vallecas#breadcrumb\",\"itemListElement\":[{\"@type\":\"ListItem\",\"position\":1,\"name\":\"Portada\",\"item\":\"https:\\\/\\\/www.daniperezfotografia.es\\\/wordpress\\\/\"},{\"@type\":\"ListItem\",\"position\":2,\"name\":\"Fotografo de bautizos en Vallecas\"}]},{\"@type\":\"WebSite\",\"@id\":\"https:\\\/\\\/www.daniperezfotografia.es\\\/wordpress\\\/#website\",\"url\":\"https:\\\/\\\/www.daniperezfotografia.es\\\/wordpress\\\/\",\"name\":\"Dani Perez Fotografia | Fotografo Profesional en Madrid\",\"description\":\"Reportajes de bodas, bautizos, comuniones y sesiones de familia para particulares. Eventos, conferencias y retrato corporativo para empresas. Video de conferencias\",\"publisher\":{\"@id\":\"https:\\\/\\\/www.daniperezfotografia.es\\\/wordpress\\\/#organization\"},\"potentialAction\":[{\"@type\":\"SearchAction\",\"target\":{\"@type\":\"EntryPoint\",\"urlTemplate\":\"https:\\\/\\\/www.daniperezfotografia.es\\\/wordpress\\\/?s={search_term_string}\"},\"query-input\":{\"@type\":\"PropertyValueSpecification\",\"valueRequired\":true,\"valueName\":\"search_term_string\"}}],\"inLanguage\":\"es\"},{\"@type\":\"Organization\",\"@id\":\"https:\\\/\\\/www.daniperezfotografia.es\\\/wordpress\\\/#organization\",\"name\":\"Dani Perez Fotografia y Video\",\"url\":\"https:\\\/\\\/www.daniperezfotografia.es\\\/wordpress\\\/\",\"logo\":{\"@type\":\"ImageObject\",\"inLanguage\":\"es\",\"@id\":\"https:\\\/\\\/www.daniperezfotografia.es\\\/wordpress\\\/#\\\/schema\\\/logo\\\/image\\\/\",\"url\":\"\",\"contentUrl\":\"\",\"caption\":\"Dani Perez Fotografia y Video\"},\"image\":{\"@id\":\"https:\\\/\\\/www.daniperezfotografia.es\\\/wordpress\\\/#\\\/schema\\\/logo\\\/image\\\/\"},\"sameAs\":[\"https:\\\/\\\/www.facebook.com\\\/daniperezfotografia\",\"https:\\\/\\\/x.com\\\/daniperezfoto\",\"https:\\\/\\\/instagram.com\\\/daniperezfotografia\\\/\",\"https:\\\/\\\/www.linkedin.com\\\/pub\\\/dani-perez-fotografo\\\/b2\\\/3b0\\\/594\"]},{\"@type\":\"Person\",\"@id\":\"https:\\\/\\\/www.daniperezfotografia.es\\\/wordpress\\\/#\\\/schema\\\/person\\\/e182c086037e8185dcc7e99e2c589a63\",\"name\":\"Dani\",\"sameAs\":[\"http:\\\/\\\/www.daniperezfotografia.es\",\"https:\\\/\\\/www.facebook.com\\\/daniperezfotografia\",\"https:\\\/\\\/x.com\\\/daniperezfoto\"]}]}<\/script>\n<!-- \/ Yoast SEO plugin. -->","yoast_head_json":{"title":"Fotografo de bautizos en Vallecas","description":"Fotografo de bautizos en Vallecas. Reportaje de fotos de bautizo de Lucia, sesion de fotos de preparativos y ceremonia en la Residencia Isabel de Castilla.","robots":{"index":"noindex","follow":"nofollow"},"og_locale":"es_ES","og_type":"article","og_title":"Fotografo de bautizos en Vallecas","og_description":"Fotografo de bautizos en Vallecas. Reportaje de fotos de bautizo de Lucia, sesion de fotos de preparativos y ceremonia en la Residencia Isabel de Castilla.","og_url":"http:\/\/www.daniperezfotografia.es\/wordpress\/fotos-de-bautizo\/fotografo-de-bautizos-en-vallecas","og_site_name":"Dani Perez Fotografia | Fotografo Profesional en Madrid","article_publisher":"https:\/\/www.facebook.com\/daniperezfotografia","article_author":"https:\/\/www.facebook.com\/daniperezfotografia","article_published_time":"2015-12-15T18:38:53+00:00","article_modified_time":"2017-02-15T15:57:37+00:00","og_image":[{"width":1100,"height":732,"url":"http:\/\/www.daniperezfotografia.es\/wordpress\/wp-content\/uploads\/2015\/12\/lucia-bautizo-residencia-isabel-castilla-vallecas-1100.jpg","type":"image\/jpeg"}],"author":"Dani","twitter_card":"summary_large_image","twitter_creator":"@daniperezfoto","twitter_site":"@daniperezfoto","twitter_misc":{"Escrito por":"Dani"},"schema":{"@context":"https:\/\/schema.org","@graph":[{"@type":"Article","@id":"http:\/\/www.daniperezfotografia.es\/wordpress\/fotos-de-bautizo\/fotografo-de-bautizos-en-vallecas#article","isPartOf":{"@id":"http:\/\/www.daniperezfotografia.es\/wordpress\/fotos-de-bautizo\/fotografo-de-bautizos-en-vallecas"},"author":{"name":"Dani","@id":"https:\/\/www.daniperezfotografia.es\/wordpress\/#\/schema\/person\/e182c086037e8185dcc7e99e2c589a63"},"headline":"Fotografo de bautizos en Vallecas","datePublished":"2015-12-15T18:38:53+00:00","dateModified":"2017-02-15T15:57:37+00:00","mainEntityOfPage":{"@id":"http:\/\/www.daniperezfotografia.es\/wordpress\/fotos-de-bautizo\/fotografo-de-bautizos-en-vallecas"},"wordCount":59,"commentCount":1,"publisher":{"@id":"https:\/\/www.daniperezfotografia.es\/wordpress\/#organization"},"image":{"@id":"http:\/\/www.daniperezfotografia.es\/wordpress\/fotos-de-bautizo\/fotografo-de-bautizos-en-vallecas#primaryimage"},"thumbnailUrl":"http:\/\/www.daniperezfotografia.es\/wordpress\/wp-content\/uploads\/2015\/12\/lucia-bautizo-residencia-isabel-castilla-vallecas-1100.jpg","keywords":["bautizo","Residencia Infantil Isabel de Castilla"],"articleSection":["Reportajes de Fotos de Bautizo en Madrid"],"inLanguage":"es","potentialAction":[{"@type":"CommentAction","name":"Comment","target":["http:\/\/www.daniperezfotografia.es\/wordpress\/fotos-de-bautizo\/fotografo-de-bautizos-en-vallecas#respond"]}]},{"@type":"WebPage","@id":"http:\/\/www.daniperezfotografia.es\/wordpress\/fotos-de-bautizo\/fotografo-de-bautizos-en-vallecas","url":"http:\/\/www.daniperezfotografia.es\/wordpress\/fotos-de-bautizo\/fotografo-de-bautizos-en-vallecas","name":"Fotografo de bautizos en Vallecas","isPartOf":{"@id":"https:\/\/www.daniperezfotografia.es\/wordpress\/#website"},"primaryImageOfPage":{"@id":"http:\/\/www.daniperezfotografia.es\/wordpress\/fotos-de-bautizo\/fotografo-de-bautizos-en-vallecas#primaryimage"},"image":{"@id":"http:\/\/www.daniperezfotografia.es\/wordpress\/fotos-de-bautizo\/fotografo-de-bautizos-en-vallecas#primaryimage"},"thumbnailUrl":"http:\/\/www.daniperezfotografia.es\/wordpress\/wp-content\/uploads\/2015\/12\/lucia-bautizo-residencia-isabel-castilla-vallecas-1100.jpg","datePublished":"2015-12-15T18:38:53+00:00","dateModified":"2017-02-15T15:57:37+00:00","description":"Fotografo de bautizos en Vallecas. Reportaje de fotos de bautizo de Lucia, sesion de fotos de preparativos y ceremonia en la Residencia Isabel de Castilla.","breadcrumb":{"@id":"http:\/\/www.daniperezfotografia.es\/wordpress\/fotos-de-bautizo\/fotografo-de-bautizos-en-vallecas#breadcrumb"},"inLanguage":"es","potentialAction":[{"@type":"ReadAction","target":["http:\/\/www.daniperezfotografia.es\/wordpress\/fotos-de-bautizo\/fotografo-de-bautizos-en-vallecas"]}]},{"@type":"ImageObject","inLanguage":"es","@id":"http:\/\/www.daniperezfotografia.es\/wordpress\/fotos-de-bautizo\/fotografo-de-bautizos-en-vallecas#primaryimage","url":"http:\/\/www.daniperezfotografia.es\/wordpress\/wp-content\/uploads\/2015\/12\/lucia-bautizo-residencia-isabel-castilla-vallecas-1100.jpg","contentUrl":"http:\/\/www.daniperezfotografia.es\/wordpress\/wp-content\/uploads\/2015\/12\/lucia-bautizo-residencia-isabel-castilla-vallecas-1100.jpg","width":1100,"height":732,"caption":"bautizo residencia isabel de castilla en vallecas"},{"@type":"BreadcrumbList","@id":"http:\/\/www.daniperezfotografia.es\/wordpress\/fotos-de-bautizo\/fotografo-de-bautizos-en-vallecas#breadcrumb","itemListElement":[{"@type":"ListItem","position":1,"name":"Portada","item":"https:\/\/www.daniperezfotografia.es\/wordpress\/"},{"@type":"ListItem","position":2,"name":"Fotografo de bautizos en Vallecas"}]},{"@type":"WebSite","@id":"https:\/\/www.daniperezfotografia.es\/wordpress\/#website","url":"https:\/\/www.daniperezfotografia.es\/wordpress\/","name":"Dani Perez Fotografia | Fotografo Profesional en Madrid","description":"Reportajes de bodas, bautizos, comuniones y sesiones de familia para particulares. Eventos, conferencias y retrato corporativo para empresas. Video de conferencias","publisher":{"@id":"https:\/\/www.daniperezfotografia.es\/wordpress\/#organization"},"potentialAction":[{"@type":"SearchAction","target":{"@type":"EntryPoint","urlTemplate":"https:\/\/www.daniperezfotografia.es\/wordpress\/?s={search_term_string}"},"query-input":{"@type":"PropertyValueSpecification","valueRequired":true,"valueName":"search_term_string"}}],"inLanguage":"es"},{"@type":"Organization","@id":"https:\/\/www.daniperezfotografia.es\/wordpress\/#organization","name":"Dani Perez Fotografia y Video","url":"https:\/\/www.daniperezfotografia.es\/wordpress\/","logo":{"@type":"ImageObject","inLanguage":"es","@id":"https:\/\/www.daniperezfotografia.es\/wordpress\/#\/schema\/logo\/image\/","url":"","contentUrl":"","caption":"Dani Perez Fotografia y Video"},"image":{"@id":"https:\/\/www.daniperezfotografia.es\/wordpress\/#\/schema\/logo\/image\/"},"sameAs":["https:\/\/www.facebook.com\/daniperezfotografia","https:\/\/x.com\/daniperezfoto","https:\/\/instagram.com\/daniperezfotografia\/","https:\/\/www.linkedin.com\/pub\/dani-perez-fotografo\/b2\/3b0\/594"]},{"@type":"Person","@id":"https:\/\/www.daniperezfotografia.es\/wordpress\/#\/schema\/person\/e182c086037e8185dcc7e99e2c589a63","name":"Dani","sameAs":["http:\/\/www.daniperezfotografia.es","https:\/\/www.facebook.com\/daniperezfotografia","https:\/\/x.com\/daniperezfoto"]}]}},"_links":{"self":[{"href":"http:\/\/www.daniperezfotografia.es\/wordpress\/wp-json\/wp\/v2\/posts\/10300","targetHints":{"allow":["GET"]}}],"collection":[{"href":"http:\/\/www.daniperezfotografia.es\/wordpress\/wp-json\/wp\/v2\/posts"}],"about":[{"href":"http:\/\/www.daniperezfotografia.es\/wordpress\/wp-json\/wp\/v2\/types\/post"}],"author":[{"embeddable":true,"href":"http:\/\/www.daniperezfotografia.es\/wordpress\/wp-json\/wp\/v2\/users\/1"}],"replies":[{"embeddable":true,"href":"http:\/\/www.daniperezfotografia.es\/wordpress\/wp-json\/wp\/v2\/comments?post=10300"}],"version-history":[{"count":3,"href":"http:\/\/www.daniperezfotografia.es\/wordpress\/wp-json\/wp\/v2\/posts\/10300\/revisions"}],"predecessor-version":[{"id":11460,"href":"http:\/\/www.daniperezfotografia.es\/wordpress\/wp-json\/wp\/v2\/posts\/10300\/revisions\/11460"}],"wp:featuredmedia":[{"embeddable":true,"href":"http:\/\/www.daniperezfotografia.es\/wordpress\/wp-json\/wp\/v2\/media\/11218"}],"wp:attachment":[{"href":"http:\/\/www.daniperezfotografia.es\/wordpress\/wp-json\/wp\/v2\/media?parent=10300"}],"wp:term":[{"taxonomy":"category","embeddable":true,"href":"http:\/\/www.daniperezfotografia.es\/wordpress\/wp-json\/wp\/v2\/categories?post=10300"},{"taxonomy":"post_tag","embeddable":true,"href":"http:\/\/www.daniperezfotografia.es\/wordpress\/wp-json\/wp\/v2\/tags?post=10300"}],"curies":[{"name":"wp","href":"https:\/\/api.w.org\/{rel}","templated":true}]}}