{"id":10225,"date":"2015-12-09T19:51:37","date_gmt":"2015-12-09T18:51:37","guid":{"rendered":"http:\/\/www.daniperezfotografia.es\/wordpress\/?p=10225"},"modified":"2020-05-18T14:41:14","modified_gmt":"2020-05-18T13:41:14","slug":"album-de-fotos-de-bautizo-para-los-abuelos","status":"publish","type":"post","link":"http:\/\/www.daniperezfotografia.es\/wordpress\/albumes-fotos\/album-de-fotos-de-bautizo-para-los-abuelos","title":{"rendered":"Album de fotos para los abuelos"},"content":{"rendered":"<p>\u00bfQuieres hacer <strong>un regalo a los abuelos<\/strong> y no se te ocurre nada? Que te parece regalarles un<strong> album de fotos de bautizo<\/strong> de sus nietos.<\/p>\n<p><img loading=\"lazy\" decoding=\"async\" class=\"aligncenter size-full wp-image-10226\" src=\"http:\/\/www.daniperezfotografia.es\/wordpress\/wp-content\/uploads\/2015\/12\/08-10225-post\/album-de-fotos-de-bautizo-para-los-abuelos-005.jpg\" alt=\"album de fotos de bautizo para los abuelos\" width=\"900\" height=\"599\" srcset=\"http:\/\/www.daniperezfotografia.es\/wordpress\/wp-content\/uploads\/2015\/12\/08-10225-post\/album-de-fotos-de-bautizo-para-los-abuelos-005.jpg 900w, http:\/\/www.daniperezfotografia.es\/wordpress\/wp-content\/uploads\/2015\/12\/08-10225-post\/album-de-fotos-de-bautizo-para-los-abuelos-005-750x499.jpg 750w\" sizes=\"auto, (max-width: 900px) 100vw, 900px\" \/><\/p>\n<p>&nbsp;<\/p>\n<p style=\"text-align: left;\">Para la familia de Martina y Carlota, nuestras peque\u00f1as protagonistas de hoy, dise\u00f1amos 3 \u00e1lbumes de fotos de bautizo, para conservar los mejores momentos del d\u00eda. Sin duda el <strong>\u00e1lbum de fotos de bautizo<\/strong>\u00a0fue\u00a0el mejor regalo para ellos.<\/p>\n<p style=\"text-align: left;\">El album principal, para los padres, es de 20x30cm, con las tapas personalizadas utilizando sus dos im\u00e1genes favoritas. Una imagen de los bebes como portada y otra de la familia al completo para la contraportada. Las hojas del \u00e1lbum son de acabado mate con textura, que da una toque de calidez al \u00e1lbum.<\/p>\n<p style=\"text-align: left;\">Sin duda, despu\u00e9s del d\u00eda del bautizo, la mejor forma de conservar el recuerdo de un d\u00eda tan especial, es de la forma tradicional, con vuestro album de fotos de bautizo.<\/p>\n<p><img loading=\"lazy\" decoding=\"async\" class=\"aligncenter size-full wp-image-10227\" src=\"http:\/\/www.daniperezfotografia.es\/wordpress\/wp-content\/uploads\/2015\/12\/08-10225-post\/album-de-fotos-de-bautizo-para-los-abuelos-006.jpg\" alt=\"album de fotos de bautizo para los abuelos\" width=\"900\" height=\"599\" srcset=\"http:\/\/www.daniperezfotografia.es\/wordpress\/wp-content\/uploads\/2015\/12\/08-10225-post\/album-de-fotos-de-bautizo-para-los-abuelos-006.jpg 900w, http:\/\/www.daniperezfotografia.es\/wordpress\/wp-content\/uploads\/2015\/12\/08-10225-post\/album-de-fotos-de-bautizo-para-los-abuelos-006-750x499.jpg 750w\" sizes=\"auto, (max-width: 900px) 100vw, 900px\" \/><img loading=\"lazy\" decoding=\"async\" class=\"aligncenter size-full wp-image-10228\" src=\"http:\/\/www.daniperezfotografia.es\/wordpress\/wp-content\/uploads\/2015\/12\/08-10225-post\/album-de-fotos-de-bautizo-para-los-abuelos-007.jpg\" alt=\"album de fotos de bautizo para los abuelos\" width=\"900\" height=\"599\" srcset=\"http:\/\/www.daniperezfotografia.es\/wordpress\/wp-content\/uploads\/2015\/12\/08-10225-post\/album-de-fotos-de-bautizo-para-los-abuelos-007.jpg 900w, http:\/\/www.daniperezfotografia.es\/wordpress\/wp-content\/uploads\/2015\/12\/08-10225-post\/album-de-fotos-de-bautizo-para-los-abuelos-007-750x499.jpg 750w\" sizes=\"auto, (max-width: 900px) 100vw, 900px\" \/><img loading=\"lazy\" decoding=\"async\" class=\"aligncenter size-full wp-image-10229\" src=\"http:\/\/www.daniperezfotografia.es\/wordpress\/wp-content\/uploads\/2015\/12\/08-10225-post\/album-de-fotos-de-bautizo-para-los-abuelos-009.jpg\" alt=\"album de fotos de bautizo para los abuelos\" width=\"900\" height=\"599\" srcset=\"http:\/\/www.daniperezfotografia.es\/wordpress\/wp-content\/uploads\/2015\/12\/08-10225-post\/album-de-fotos-de-bautizo-para-los-abuelos-009.jpg 900w, http:\/\/www.daniperezfotografia.es\/wordpress\/wp-content\/uploads\/2015\/12\/08-10225-post\/album-de-fotos-de-bautizo-para-los-abuelos-009-750x499.jpg 750w\" sizes=\"auto, (max-width: 900px) 100vw, 900px\" \/><img loading=\"lazy\" decoding=\"async\" class=\"aligncenter size-full wp-image-10230\" src=\"http:\/\/www.daniperezfotografia.es\/wordpress\/wp-content\/uploads\/2015\/12\/08-10225-post\/album-de-fotos-de-bautizo-para-los-abuelos-010.jpg\" alt=\"album de fotos de bautizo para los abuelos\" width=\"900\" height=\"599\" srcset=\"http:\/\/www.daniperezfotografia.es\/wordpress\/wp-content\/uploads\/2015\/12\/08-10225-post\/album-de-fotos-de-bautizo-para-los-abuelos-010.jpg 900w, http:\/\/www.daniperezfotografia.es\/wordpress\/wp-content\/uploads\/2015\/12\/08-10225-post\/album-de-fotos-de-bautizo-para-los-abuelos-010-750x499.jpg 750w\" sizes=\"auto, (max-width: 900px) 100vw, 900px\" \/><\/p>\n<p style=\"text-align: left;\">Los albumes de fotos de los abuelo son de 15x20cm con tapa dura, tambi\u00e9n personalizadas, en este caso, con una fotograf\u00eda de la sesi\u00f3n de preparativos en su casa, a modo de portada y contraportada. En el interior del album, hojas semir\u00edgidas que dan m\u00e1s cuerpo a los \u00e1lbumes de menor tama\u00f1o, con\u00a0las imagenes elegidas por los papas, para hacerlos personalizarlos a cada pareja de abuelo.<\/p>\n<p>&nbsp;<\/p>\n<p><img loading=\"lazy\" decoding=\"async\" class=\"aligncenter size-full wp-image-10231\" src=\"http:\/\/www.daniperezfotografia.es\/wordpress\/wp-content\/uploads\/2015\/12\/08-10225-post\/album-de-fotos-de-bautizo-para-los-abuelos-003.jpg\" alt=\"album de fotos de bautizo para los abuelos\" width=\"900\" height=\"599\" srcset=\"http:\/\/www.daniperezfotografia.es\/wordpress\/wp-content\/uploads\/2015\/12\/08-10225-post\/album-de-fotos-de-bautizo-para-los-abuelos-003.jpg 900w, http:\/\/www.daniperezfotografia.es\/wordpress\/wp-content\/uploads\/2015\/12\/08-10225-post\/album-de-fotos-de-bautizo-para-los-abuelos-003-750x499.jpg 750w\" sizes=\"auto, (max-width: 900px) 100vw, 900px\" \/><img loading=\"lazy\" decoding=\"async\" class=\"aligncenter size-full wp-image-10232\" src=\"http:\/\/www.daniperezfotografia.es\/wordpress\/wp-content\/uploads\/2015\/12\/08-10225-post\/album-de-fotos-de-bautizo-para-los-abuelos-016.jpg\" alt=\"album de fotos de bautizo para los abuelos\" width=\"900\" height=\"599\" srcset=\"http:\/\/www.daniperezfotografia.es\/wordpress\/wp-content\/uploads\/2015\/12\/08-10225-post\/album-de-fotos-de-bautizo-para-los-abuelos-016.jpg 900w, http:\/\/www.daniperezfotografia.es\/wordpress\/wp-content\/uploads\/2015\/12\/08-10225-post\/album-de-fotos-de-bautizo-para-los-abuelos-016-750x499.jpg 750w\" sizes=\"auto, (max-width: 900px) 100vw, 900px\" \/><img loading=\"lazy\" decoding=\"async\" class=\"aligncenter size-full wp-image-10233\" src=\"http:\/\/www.daniperezfotografia.es\/wordpress\/wp-content\/uploads\/2015\/12\/08-10225-post\/album-de-fotos-de-bautizo-para-los-abuelos-018.jpg\" alt=\"album de fotos de bautizo para los abuelos\" width=\"900\" height=\"599\" srcset=\"http:\/\/www.daniperezfotografia.es\/wordpress\/wp-content\/uploads\/2015\/12\/08-10225-post\/album-de-fotos-de-bautizo-para-los-abuelos-018.jpg 900w, http:\/\/www.daniperezfotografia.es\/wordpress\/wp-content\/uploads\/2015\/12\/08-10225-post\/album-de-fotos-de-bautizo-para-los-abuelos-018-750x499.jpg 750w\" sizes=\"auto, (max-width: 900px) 100vw, 900px\" \/><img loading=\"lazy\" decoding=\"async\" class=\"aligncenter size-full wp-image-10234\" src=\"http:\/\/www.daniperezfotografia.es\/wordpress\/wp-content\/uploads\/2015\/12\/08-10225-post\/album-de-fotos-de-bautizo-para-los-abuelos-021.jpg\" alt=\"album de fotos de bautizo para los abuelos\" width=\"900\" height=\"599\" srcset=\"http:\/\/www.daniperezfotografia.es\/wordpress\/wp-content\/uploads\/2015\/12\/08-10225-post\/album-de-fotos-de-bautizo-para-los-abuelos-021.jpg 900w, http:\/\/www.daniperezfotografia.es\/wordpress\/wp-content\/uploads\/2015\/12\/08-10225-post\/album-de-fotos-de-bautizo-para-los-abuelos-021-750x499.jpg 750w, http:\/\/www.daniperezfotografia.es\/wordpress\/wp-content\/uploads\/2015\/12\/08-10225-post\/album-de-fotos-de-bautizo-para-los-abuelos-021-273x182.jpg 273w, http:\/\/www.daniperezfotografia.es\/wordpress\/wp-content\/uploads\/2015\/12\/08-10225-post\/album-de-fotos-de-bautizo-para-los-abuelos-021-546x364.jpg 546w, http:\/\/www.daniperezfotografia.es\/wordpress\/wp-content\/uploads\/2015\/12\/08-10225-post\/album-de-fotos-de-bautizo-para-los-abuelos-021-736x490.jpg 736w\" sizes=\"auto, (max-width: 900px) 100vw, 900px\" \/><img loading=\"lazy\" decoding=\"async\" class=\"aligncenter size-full wp-image-10235\" src=\"http:\/\/www.daniperezfotografia.es\/wordpress\/wp-content\/uploads\/2015\/12\/08-10225-post\/album-de-fotos-de-bautizo-para-los-abuelos-024.jpg\" alt=\"album de fotos de bautizo para los abuelos\" width=\"900\" height=\"599\" srcset=\"http:\/\/www.daniperezfotografia.es\/wordpress\/wp-content\/uploads\/2015\/12\/08-10225-post\/album-de-fotos-de-bautizo-para-los-abuelos-024.jpg 900w, http:\/\/www.daniperezfotografia.es\/wordpress\/wp-content\/uploads\/2015\/12\/08-10225-post\/album-de-fotos-de-bautizo-para-los-abuelos-024-750x499.jpg 750w, http:\/\/www.daniperezfotografia.es\/wordpress\/wp-content\/uploads\/2015\/12\/08-10225-post\/album-de-fotos-de-bautizo-para-los-abuelos-024-273x182.jpg 273w, http:\/\/www.daniperezfotografia.es\/wordpress\/wp-content\/uploads\/2015\/12\/08-10225-post\/album-de-fotos-de-bautizo-para-los-abuelos-024-546x364.jpg 546w, http:\/\/www.daniperezfotografia.es\/wordpress\/wp-content\/uploads\/2015\/12\/08-10225-post\/album-de-fotos-de-bautizo-para-los-abuelos-024-736x490.jpg 736w\" sizes=\"auto, (max-width: 900px) 100vw, 900px\" \/><\/p>\n<p>&nbsp;<\/p>\n<p style=\"text-align: left;\">Muchas gracias por visitar esta publicaci\u00f3n de nuestra secci\u00f3n de fotos de bautizo. Si os ha gustado, os invito a visitar el siguiente enlace, que contiene el <a href=\"http:\/\/www.daniperezfotografia.es\/wordpress\/fotos-de-bautizo\/fotografo-bautizos-pozuelo\">Reportaje de fotos de bautizo en Pozuelo<\/a> en la <a href=\"http:\/\/www.archimadrid.es\/pnscarmen\/\" target=\"_blank\" rel=\"noopener noreferrer\">Parroquia de Nuestra Se\u00f1ora del Carmen<\/a><\/p>\n<p>&nbsp;<\/p>\n<p style=\"text-align: center;\"><a href=\"http:\/\/www.daniperezfotografia.es\/wordpress\/fotos-de-bautizo\/fotografo-bautizos-pozuelo\" target=\"_blank\" rel=\"noopener noreferrer\"><img loading=\"lazy\" decoding=\"async\" class=\"alignnone size-full wp-image-10447\" src=\"http:\/\/www.daniperezfotografia.es\/wordpress\/wp-content\/uploads\/2016\/03\/02-10096-post\/fotografo-pozuelo-reportaje-fotos-bautizo-0017.jpg\" alt=\"fotografo pozuelo reportaje fotos bautizo\" width=\"900\" height=\"599\" srcset=\"http:\/\/www.daniperezfotografia.es\/wordpress\/wp-content\/uploads\/2016\/03\/02-10096-post\/fotografo-pozuelo-reportaje-fotos-bautizo-0017.jpg 900w, http:\/\/www.daniperezfotografia.es\/wordpress\/wp-content\/uploads\/2016\/03\/02-10096-post\/fotografo-pozuelo-reportaje-fotos-bautizo-0017-750x499.jpg 750w, http:\/\/www.daniperezfotografia.es\/wordpress\/wp-content\/uploads\/2016\/03\/02-10096-post\/fotografo-pozuelo-reportaje-fotos-bautizo-0017-768x511.jpg 768w\" sizes=\"auto, (max-width: 900px) 100vw, 900px\" \/><\/a><\/p>\n<p style=\"text-align: left;\">\u00bfOs gustar\u00eda ver mas \u00e1lbumes de fotos de bautizos? Os invito a visitar los siguientes enlaces:<br \/>\n<a href=\"http:\/\/www.daniperezfotografia.es\/wordpress\/fotos-de-bautizo\/album-fotos-bautizo-las-tablas\">Album de fotos de bautizo en las Tablas<br \/>\n<\/a><a href=\"http:\/\/www.daniperezfotografia.es\/wordpress\/fotos-de-bautizo\/album-de-bautizo-en-jungla-magica\">Album de fotos de bautizo en Jungla M\u00e1gica<\/a><\/p>\n<p style=\"text-align: center;\">\n","protected":false},"excerpt":{"rendered":"<p>\u00bfQuieres hacer un regalo a los abuelos y no se te ocurre nada? Que te parece regalarles un album de fotos de bautizo de sus nietos. &nbsp; Para la familia de Martina y Carlota, nuestras peque\u00f1as protagonistas de hoy, dise\u00f1amos 3 \u00e1lbumes de fotos de bautizo, para conservar los mejores momentos del d\u00eda. Sin duda [&hellip;]<\/p>\n","protected":false},"author":1,"featured_media":11381,"comment_status":"open","ping_status":"open","sticky":false,"template":"","format":"standard","meta":{"footnotes":""},"categories":[463],"tags":[960,868,631,971],"class_list":["post-10225","post","type-post","status-publish","format-standard","has-post-thumbnail","hentry","category-albumes-fotos","tag-album","tag-album-de-bautizo","tag-bautizo","tag-lite-collection"],"blocksy_meta":{"styles_descriptor":{"styles":{"desktop":"","tablet":"","mobile":""},"google_fonts":[],"version":6}},"yoast_head":"<!-- This site is optimized with the Yoast SEO plugin v27.4 - https:\/\/yoast.com\/product\/yoast-seo-wordpress\/ -->\n<title>Ideas para regalar un Album de fotos de bautizo a los abuelos<\/title>\n<meta name=\"description\" content=\"Para ellos, que tanto nos ayudan con nuestros peque\u00f1os, no hay mejor regalo que un album de fotos de bautizo para los abuelos, con las fotos de sus nietos.\" \/>\n<meta name=\"robots\" content=\"index, follow, max-snippet:-1, max-image-preview:large, max-video-preview:-1\" \/>\n<link rel=\"canonical\" href=\"https:\/\/www.daniperezfotografia.es\/wordpress\/albumes-fotos\/album-de-fotos-de-bautizo-para-los-abuelos\" \/>\n<meta property=\"og:locale\" content=\"es_ES\" \/>\n<meta property=\"og:type\" content=\"article\" \/>\n<meta property=\"og:title\" content=\"Ideas para regalar un Album de fotos de bautizo a los abuelos\" \/>\n<meta property=\"og:description\" content=\"Para ellos, que tanto nos ayudan con nuestros peque\u00f1os, no hay mejor regalo que un album de fotos de bautizo para los abuelos, con las fotos de sus nietos.\" \/>\n<meta property=\"og:url\" content=\"https:\/\/www.daniperezfotografia.es\/wordpress\/albumes-fotos\/album-de-fotos-de-bautizo-para-los-abuelos\" \/>\n<meta property=\"og:site_name\" content=\"Dani Perez Fotografia | Fotografo Profesional en Madrid\" \/>\n<meta property=\"article:publisher\" content=\"https:\/\/www.facebook.com\/daniperezfotografia\" \/>\n<meta property=\"article:author\" content=\"https:\/\/www.facebook.com\/daniperezfotografia\" \/>\n<meta property=\"article:published_time\" content=\"2015-12-09T18:51:37+00:00\" \/>\n<meta property=\"article:modified_time\" content=\"2020-05-18T13:41:14+00:00\" \/>\n<meta property=\"og:image\" content=\"https:\/\/www.daniperezfotografia.es\/wordpress\/wp-content\/uploads\/2015\/12\/album-bautizo-gemelas-coffe-table-1100.jpg\" \/>\n\t<meta property=\"og:image:width\" content=\"1100\" \/>\n\t<meta property=\"og:image:height\" content=\"732\" \/>\n\t<meta property=\"og:image:type\" content=\"image\/jpeg\" \/>\n<meta name=\"author\" content=\"Dani\" \/>\n<meta name=\"twitter:card\" content=\"summary_large_image\" \/>\n<meta name=\"twitter:creator\" content=\"@daniperezfoto\" \/>\n<meta name=\"twitter:site\" content=\"@daniperezfoto\" \/>\n<meta name=\"twitter:label1\" content=\"Escrito por\" \/>\n\t<meta name=\"twitter:data1\" content=\"Dani\" \/>\n\t<meta name=\"twitter:label2\" content=\"Tiempo de lectura\" \/>\n\t<meta name=\"twitter:data2\" content=\"2 minutos\" \/>\n<script type=\"application\/ld+json\" class=\"yoast-schema-graph\">{\"@context\":\"https:\\\/\\\/schema.org\",\"@graph\":[{\"@type\":\"Article\",\"@id\":\"https:\\\/\\\/www.daniperezfotografia.es\\\/wordpress\\\/albumes-fotos\\\/album-de-fotos-de-bautizo-para-los-abuelos#article\",\"isPartOf\":{\"@id\":\"https:\\\/\\\/www.daniperezfotografia.es\\\/wordpress\\\/albumes-fotos\\\/album-de-fotos-de-bautizo-para-los-abuelos\"},\"author\":{\"name\":\"Dani\",\"@id\":\"https:\\\/\\\/www.daniperezfotografia.es\\\/wordpress\\\/#\\\/schema\\\/person\\\/e182c086037e8185dcc7e99e2c589a63\"},\"headline\":\"Album de fotos para los abuelos\",\"datePublished\":\"2015-12-09T18:51:37+00:00\",\"dateModified\":\"2020-05-18T13:41:14+00:00\",\"mainEntityOfPage\":{\"@id\":\"https:\\\/\\\/www.daniperezfotografia.es\\\/wordpress\\\/albumes-fotos\\\/album-de-fotos-de-bautizo-para-los-abuelos\"},\"wordCount\":320,\"commentCount\":1,\"publisher\":{\"@id\":\"https:\\\/\\\/www.daniperezfotografia.es\\\/wordpress\\\/#organization\"},\"image\":{\"@id\":\"https:\\\/\\\/www.daniperezfotografia.es\\\/wordpress\\\/albumes-fotos\\\/album-de-fotos-de-bautizo-para-los-abuelos#primaryimage\"},\"thumbnailUrl\":\"http:\\\/\\\/www.daniperezfotografia.es\\\/wordpress\\\/wp-content\\\/uploads\\\/2015\\\/12\\\/album-bautizo-gemelas-coffe-table-1100.jpg\",\"keywords\":[\"Album\",\"Album de bautizo\",\"bautizo\",\"Lite Collection\"],\"articleSection\":[\"Albumes de fotos para tus recuerdos\"],\"inLanguage\":\"es\",\"potentialAction\":[{\"@type\":\"CommentAction\",\"name\":\"Comment\",\"target\":[\"https:\\\/\\\/www.daniperezfotografia.es\\\/wordpress\\\/albumes-fotos\\\/album-de-fotos-de-bautizo-para-los-abuelos#respond\"]}]},{\"@type\":\"WebPage\",\"@id\":\"https:\\\/\\\/www.daniperezfotografia.es\\\/wordpress\\\/albumes-fotos\\\/album-de-fotos-de-bautizo-para-los-abuelos\",\"url\":\"https:\\\/\\\/www.daniperezfotografia.es\\\/wordpress\\\/albumes-fotos\\\/album-de-fotos-de-bautizo-para-los-abuelos\",\"name\":\"Ideas para regalar un Album de fotos de bautizo a los abuelos\",\"isPartOf\":{\"@id\":\"https:\\\/\\\/www.daniperezfotografia.es\\\/wordpress\\\/#website\"},\"primaryImageOfPage\":{\"@id\":\"https:\\\/\\\/www.daniperezfotografia.es\\\/wordpress\\\/albumes-fotos\\\/album-de-fotos-de-bautizo-para-los-abuelos#primaryimage\"},\"image\":{\"@id\":\"https:\\\/\\\/www.daniperezfotografia.es\\\/wordpress\\\/albumes-fotos\\\/album-de-fotos-de-bautizo-para-los-abuelos#primaryimage\"},\"thumbnailUrl\":\"http:\\\/\\\/www.daniperezfotografia.es\\\/wordpress\\\/wp-content\\\/uploads\\\/2015\\\/12\\\/album-bautizo-gemelas-coffe-table-1100.jpg\",\"datePublished\":\"2015-12-09T18:51:37+00:00\",\"dateModified\":\"2020-05-18T13:41:14+00:00\",\"description\":\"Para ellos, que tanto nos ayudan con nuestros peque\u00f1os, no hay mejor regalo que un album de fotos de bautizo para los abuelos, con las fotos de sus nietos.\",\"breadcrumb\":{\"@id\":\"https:\\\/\\\/www.daniperezfotografia.es\\\/wordpress\\\/albumes-fotos\\\/album-de-fotos-de-bautizo-para-los-abuelos#breadcrumb\"},\"inLanguage\":\"es\",\"potentialAction\":[{\"@type\":\"ReadAction\",\"target\":[\"https:\\\/\\\/www.daniperezfotografia.es\\\/wordpress\\\/albumes-fotos\\\/album-de-fotos-de-bautizo-para-los-abuelos\"]}]},{\"@type\":\"ImageObject\",\"inLanguage\":\"es\",\"@id\":\"https:\\\/\\\/www.daniperezfotografia.es\\\/wordpress\\\/albumes-fotos\\\/album-de-fotos-de-bautizo-para-los-abuelos#primaryimage\",\"url\":\"http:\\\/\\\/www.daniperezfotografia.es\\\/wordpress\\\/wp-content\\\/uploads\\\/2015\\\/12\\\/album-bautizo-gemelas-coffe-table-1100.jpg\",\"contentUrl\":\"http:\\\/\\\/www.daniperezfotografia.es\\\/wordpress\\\/wp-content\\\/uploads\\\/2015\\\/12\\\/album-bautizo-gemelas-coffe-table-1100.jpg\",\"width\":1100,\"height\":732,\"caption\":\"album de fotos lite collection\"},{\"@type\":\"BreadcrumbList\",\"@id\":\"https:\\\/\\\/www.daniperezfotografia.es\\\/wordpress\\\/albumes-fotos\\\/album-de-fotos-de-bautizo-para-los-abuelos#breadcrumb\",\"itemListElement\":[{\"@type\":\"ListItem\",\"position\":1,\"name\":\"Portada\",\"item\":\"https:\\\/\\\/www.daniperezfotografia.es\\\/wordpress\\\/\"},{\"@type\":\"ListItem\",\"position\":2,\"name\":\"Album de fotos para los abuelos\"}]},{\"@type\":\"WebSite\",\"@id\":\"https:\\\/\\\/www.daniperezfotografia.es\\\/wordpress\\\/#website\",\"url\":\"https:\\\/\\\/www.daniperezfotografia.es\\\/wordpress\\\/\",\"name\":\"Dani Perez Fotografia | Fotografo Profesional en Madrid\",\"description\":\"Reportajes de bodas, bautizos, comuniones y sesiones de familia para particulares. Eventos, conferencias y retrato corporativo para empresas. Video de conferencias\",\"publisher\":{\"@id\":\"https:\\\/\\\/www.daniperezfotografia.es\\\/wordpress\\\/#organization\"},\"potentialAction\":[{\"@type\":\"SearchAction\",\"target\":{\"@type\":\"EntryPoint\",\"urlTemplate\":\"https:\\\/\\\/www.daniperezfotografia.es\\\/wordpress\\\/?s={search_term_string}\"},\"query-input\":{\"@type\":\"PropertyValueSpecification\",\"valueRequired\":true,\"valueName\":\"search_term_string\"}}],\"inLanguage\":\"es\"},{\"@type\":\"Organization\",\"@id\":\"https:\\\/\\\/www.daniperezfotografia.es\\\/wordpress\\\/#organization\",\"name\":\"Dani Perez Fotografia y Video\",\"url\":\"https:\\\/\\\/www.daniperezfotografia.es\\\/wordpress\\\/\",\"logo\":{\"@type\":\"ImageObject\",\"inLanguage\":\"es\",\"@id\":\"https:\\\/\\\/www.daniperezfotografia.es\\\/wordpress\\\/#\\\/schema\\\/logo\\\/image\\\/\",\"url\":\"\",\"contentUrl\":\"\",\"caption\":\"Dani Perez Fotografia y Video\"},\"image\":{\"@id\":\"https:\\\/\\\/www.daniperezfotografia.es\\\/wordpress\\\/#\\\/schema\\\/logo\\\/image\\\/\"},\"sameAs\":[\"https:\\\/\\\/www.facebook.com\\\/daniperezfotografia\",\"https:\\\/\\\/x.com\\\/daniperezfoto\",\"https:\\\/\\\/instagram.com\\\/daniperezfotografia\\\/\",\"https:\\\/\\\/www.linkedin.com\\\/pub\\\/dani-perez-fotografo\\\/b2\\\/3b0\\\/594\"]},{\"@type\":\"Person\",\"@id\":\"https:\\\/\\\/www.daniperezfotografia.es\\\/wordpress\\\/#\\\/schema\\\/person\\\/e182c086037e8185dcc7e99e2c589a63\",\"name\":\"Dani\",\"sameAs\":[\"http:\\\/\\\/www.daniperezfotografia.es\",\"https:\\\/\\\/www.facebook.com\\\/daniperezfotografia\",\"https:\\\/\\\/x.com\\\/daniperezfoto\"]}]}<\/script>\n<!-- \/ Yoast SEO plugin. -->","yoast_head_json":{"title":"Ideas para regalar un Album de fotos de bautizo a los abuelos","description":"Para ellos, que tanto nos ayudan con nuestros peque\u00f1os, no hay mejor regalo que un album de fotos de bautizo para los abuelos, con las fotos de sus nietos.","robots":{"index":"index","follow":"follow","max-snippet":"max-snippet:-1","max-image-preview":"max-image-preview:large","max-video-preview":"max-video-preview:-1"},"canonical":"https:\/\/www.daniperezfotografia.es\/wordpress\/albumes-fotos\/album-de-fotos-de-bautizo-para-los-abuelos","og_locale":"es_ES","og_type":"article","og_title":"Ideas para regalar un Album de fotos de bautizo a los abuelos","og_description":"Para ellos, que tanto nos ayudan con nuestros peque\u00f1os, no hay mejor regalo que un album de fotos de bautizo para los abuelos, con las fotos de sus nietos.","og_url":"https:\/\/www.daniperezfotografia.es\/wordpress\/albumes-fotos\/album-de-fotos-de-bautizo-para-los-abuelos","og_site_name":"Dani Perez Fotografia | Fotografo Profesional en Madrid","article_publisher":"https:\/\/www.facebook.com\/daniperezfotografia","article_author":"https:\/\/www.facebook.com\/daniperezfotografia","article_published_time":"2015-12-09T18:51:37+00:00","article_modified_time":"2020-05-18T13:41:14+00:00","og_image":[{"width":1100,"height":732,"url":"https:\/\/www.daniperezfotografia.es\/wordpress\/wp-content\/uploads\/2015\/12\/album-bautizo-gemelas-coffe-table-1100.jpg","type":"image\/jpeg"}],"author":"Dani","twitter_card":"summary_large_image","twitter_creator":"@daniperezfoto","twitter_site":"@daniperezfoto","twitter_misc":{"Escrito por":"Dani","Tiempo de lectura":"2 minutos"},"schema":{"@context":"https:\/\/schema.org","@graph":[{"@type":"Article","@id":"https:\/\/www.daniperezfotografia.es\/wordpress\/albumes-fotos\/album-de-fotos-de-bautizo-para-los-abuelos#article","isPartOf":{"@id":"https:\/\/www.daniperezfotografia.es\/wordpress\/albumes-fotos\/album-de-fotos-de-bautizo-para-los-abuelos"},"author":{"name":"Dani","@id":"https:\/\/www.daniperezfotografia.es\/wordpress\/#\/schema\/person\/e182c086037e8185dcc7e99e2c589a63"},"headline":"Album de fotos para los abuelos","datePublished":"2015-12-09T18:51:37+00:00","dateModified":"2020-05-18T13:41:14+00:00","mainEntityOfPage":{"@id":"https:\/\/www.daniperezfotografia.es\/wordpress\/albumes-fotos\/album-de-fotos-de-bautizo-para-los-abuelos"},"wordCount":320,"commentCount":1,"publisher":{"@id":"https:\/\/www.daniperezfotografia.es\/wordpress\/#organization"},"image":{"@id":"https:\/\/www.daniperezfotografia.es\/wordpress\/albumes-fotos\/album-de-fotos-de-bautizo-para-los-abuelos#primaryimage"},"thumbnailUrl":"http:\/\/www.daniperezfotografia.es\/wordpress\/wp-content\/uploads\/2015\/12\/album-bautizo-gemelas-coffe-table-1100.jpg","keywords":["Album","Album de bautizo","bautizo","Lite Collection"],"articleSection":["Albumes de fotos para tus recuerdos"],"inLanguage":"es","potentialAction":[{"@type":"CommentAction","name":"Comment","target":["https:\/\/www.daniperezfotografia.es\/wordpress\/albumes-fotos\/album-de-fotos-de-bautizo-para-los-abuelos#respond"]}]},{"@type":"WebPage","@id":"https:\/\/www.daniperezfotografia.es\/wordpress\/albumes-fotos\/album-de-fotos-de-bautizo-para-los-abuelos","url":"https:\/\/www.daniperezfotografia.es\/wordpress\/albumes-fotos\/album-de-fotos-de-bautizo-para-los-abuelos","name":"Ideas para regalar un Album de fotos de bautizo a los abuelos","isPartOf":{"@id":"https:\/\/www.daniperezfotografia.es\/wordpress\/#website"},"primaryImageOfPage":{"@id":"https:\/\/www.daniperezfotografia.es\/wordpress\/albumes-fotos\/album-de-fotos-de-bautizo-para-los-abuelos#primaryimage"},"image":{"@id":"https:\/\/www.daniperezfotografia.es\/wordpress\/albumes-fotos\/album-de-fotos-de-bautizo-para-los-abuelos#primaryimage"},"thumbnailUrl":"http:\/\/www.daniperezfotografia.es\/wordpress\/wp-content\/uploads\/2015\/12\/album-bautizo-gemelas-coffe-table-1100.jpg","datePublished":"2015-12-09T18:51:37+00:00","dateModified":"2020-05-18T13:41:14+00:00","description":"Para ellos, que tanto nos ayudan con nuestros peque\u00f1os, no hay mejor regalo que un album de fotos de bautizo para los abuelos, con las fotos de sus nietos.","breadcrumb":{"@id":"https:\/\/www.daniperezfotografia.es\/wordpress\/albumes-fotos\/album-de-fotos-de-bautizo-para-los-abuelos#breadcrumb"},"inLanguage":"es","potentialAction":[{"@type":"ReadAction","target":["https:\/\/www.daniperezfotografia.es\/wordpress\/albumes-fotos\/album-de-fotos-de-bautizo-para-los-abuelos"]}]},{"@type":"ImageObject","inLanguage":"es","@id":"https:\/\/www.daniperezfotografia.es\/wordpress\/albumes-fotos\/album-de-fotos-de-bautizo-para-los-abuelos#primaryimage","url":"http:\/\/www.daniperezfotografia.es\/wordpress\/wp-content\/uploads\/2015\/12\/album-bautizo-gemelas-coffe-table-1100.jpg","contentUrl":"http:\/\/www.daniperezfotografia.es\/wordpress\/wp-content\/uploads\/2015\/12\/album-bautizo-gemelas-coffe-table-1100.jpg","width":1100,"height":732,"caption":"album de fotos lite collection"},{"@type":"BreadcrumbList","@id":"https:\/\/www.daniperezfotografia.es\/wordpress\/albumes-fotos\/album-de-fotos-de-bautizo-para-los-abuelos#breadcrumb","itemListElement":[{"@type":"ListItem","position":1,"name":"Portada","item":"https:\/\/www.daniperezfotografia.es\/wordpress\/"},{"@type":"ListItem","position":2,"name":"Album de fotos para los abuelos"}]},{"@type":"WebSite","@id":"https:\/\/www.daniperezfotografia.es\/wordpress\/#website","url":"https:\/\/www.daniperezfotografia.es\/wordpress\/","name":"Dani Perez Fotografia | Fotografo Profesional en Madrid","description":"Reportajes de bodas, bautizos, comuniones y sesiones de familia para particulares. Eventos, conferencias y retrato corporativo para empresas. Video de conferencias","publisher":{"@id":"https:\/\/www.daniperezfotografia.es\/wordpress\/#organization"},"potentialAction":[{"@type":"SearchAction","target":{"@type":"EntryPoint","urlTemplate":"https:\/\/www.daniperezfotografia.es\/wordpress\/?s={search_term_string}"},"query-input":{"@type":"PropertyValueSpecification","valueRequired":true,"valueName":"search_term_string"}}],"inLanguage":"es"},{"@type":"Organization","@id":"https:\/\/www.daniperezfotografia.es\/wordpress\/#organization","name":"Dani Perez Fotografia y Video","url":"https:\/\/www.daniperezfotografia.es\/wordpress\/","logo":{"@type":"ImageObject","inLanguage":"es","@id":"https:\/\/www.daniperezfotografia.es\/wordpress\/#\/schema\/logo\/image\/","url":"","contentUrl":"","caption":"Dani Perez Fotografia y Video"},"image":{"@id":"https:\/\/www.daniperezfotografia.es\/wordpress\/#\/schema\/logo\/image\/"},"sameAs":["https:\/\/www.facebook.com\/daniperezfotografia","https:\/\/x.com\/daniperezfoto","https:\/\/instagram.com\/daniperezfotografia\/","https:\/\/www.linkedin.com\/pub\/dani-perez-fotografo\/b2\/3b0\/594"]},{"@type":"Person","@id":"https:\/\/www.daniperezfotografia.es\/wordpress\/#\/schema\/person\/e182c086037e8185dcc7e99e2c589a63","name":"Dani","sameAs":["http:\/\/www.daniperezfotografia.es","https:\/\/www.facebook.com\/daniperezfotografia","https:\/\/x.com\/daniperezfoto"]}]}},"_links":{"self":[{"href":"http:\/\/www.daniperezfotografia.es\/wordpress\/wp-json\/wp\/v2\/posts\/10225","targetHints":{"allow":["GET"]}}],"collection":[{"href":"http:\/\/www.daniperezfotografia.es\/wordpress\/wp-json\/wp\/v2\/posts"}],"about":[{"href":"http:\/\/www.daniperezfotografia.es\/wordpress\/wp-json\/wp\/v2\/types\/post"}],"author":[{"embeddable":true,"href":"http:\/\/www.daniperezfotografia.es\/wordpress\/wp-json\/wp\/v2\/users\/1"}],"replies":[{"embeddable":true,"href":"http:\/\/www.daniperezfotografia.es\/wordpress\/wp-json\/wp\/v2\/comments?post=10225"}],"version-history":[{"count":3,"href":"http:\/\/www.daniperezfotografia.es\/wordpress\/wp-json\/wp\/v2\/posts\/10225\/revisions"}],"predecessor-version":[{"id":13406,"href":"http:\/\/www.daniperezfotografia.es\/wordpress\/wp-json\/wp\/v2\/posts\/10225\/revisions\/13406"}],"wp:featuredmedia":[{"embeddable":true,"href":"http:\/\/www.daniperezfotografia.es\/wordpress\/wp-json\/wp\/v2\/media\/11381"}],"wp:attachment":[{"href":"http:\/\/www.daniperezfotografia.es\/wordpress\/wp-json\/wp\/v2\/media?parent=10225"}],"wp:term":[{"taxonomy":"category","embeddable":true,"href":"http:\/\/www.daniperezfotografia.es\/wordpress\/wp-json\/wp\/v2\/categories?post=10225"},{"taxonomy":"post_tag","embeddable":true,"href":"http:\/\/www.daniperezfotografia.es\/wordpress\/wp-json\/wp\/v2\/tags?post=10225"}],"curies":[{"name":"wp","href":"https:\/\/api.w.org\/{rel}","templated":true}]}}